{"id":9464,"date":"2023-10-11T10:50:51","date_gmt":"2023-10-11T08:50:51","guid":{"rendered":"https:\/\/www.acotv.org\/?p=9464"},"modified":"2023-10-11T10:50:57","modified_gmt":"2023-10-11T08:50:57","slug":"reserva-ya-tu-talonario-2","status":"publish","type":"post","link":"https:\/\/www.acotv.org\/es\/reserva-ya-tu-talonario-2\/","title":{"rendered":"\u00a1Reserva ya tu talonario!"},"content":{"rendered":"\n<p class=\"wp-block-paragraph\">\u00a1Nos acercamos a los \u00faltimos meses del a\u00f1o y la Asociaci\u00f3n inicia la acci\u00f3n anual para recoger donativos que ser\u00e1n destinados a iniciativas solidarias y proyectos de investigaci\u00f3n optom\u00e9trica para mejorar la salud visual de las personas!<\/p>\n\n\n\n<p class=\"wp-block-paragraph\">Ya hemos recibido las participaciones para la Loter\u00eda de Catalu\u00f1a, La Grossa de Fin de A\u00f1o 2023.<\/p>\n\n\n\n<p class=\"wp-block-paragraph\">Para aquellos que participen por primera vez, le explicamos que, desde 2015, la Asociaci\u00f3n se organiza para recaudar donativos mediante la distribuci\u00f3n de boletos de la Loter\u00eda de La Grossa de Fin de A\u00f1o.<\/p>\n\n\n\n<h2 class=\"wp-block-heading\"><mark style=\"background-color:rgba(0, 0, 0, 0)\" class=\"has-inline-color has-vivid-cyan-blue-color\"><strong>\u00bfC\u00f3mo lo hacemos?<\/strong><\/mark><\/h2>\n\n\n\n<p class=\"wp-block-paragraph\"><strong>\u00a1Sumamos todos los donativos!<\/strong><br>Disponemos de 45 talonarios con 25 boletos cada uno, lo que suma un total de 1.125 boletos por repartir entre todos. Cada participaci\u00f3n tiene un precio de 5 \u20ac, que incluye 4 \u20ac de loter\u00eda y 1 \u20ac de donativo. En cada boleto, encontrar\u00e1s 10 n\u00fameros con terminaciones diferentes para garantizar un reintegro. Jugamos a todos estos n\u00fameros para que todos tengan las mismas oportunidades.<\/p>\n\n\n\n<p class=\"wp-block-paragraph\"><strong><mark style=\"background-color:rgba(0, 0, 0, 0)\" class=\"has-inline-color has-luminous-vivid-orange-color\">10570 &#8211; 17281 &#8211; 21742 &#8211; 21839 &#8211; 26133 &#8211; 34904 &#8211; 58105 &#8211; 66986 &#8211; 70147 &#8211; 75008<\/mark><\/strong><\/p>\n\n\n\n<h2 class=\"wp-block-heading\"><strong><mark style=\"background-color:rgba(0, 0, 0, 0)\" class=\"has-inline-color has-vivid-cyan-blue-color\">\u00bfC\u00f3mo puedes colaborar?<\/mark><\/strong><\/h2>\n\n\n\n<p class=\"wp-block-paragraph\">Si s\u00f3lo quieres algunos boletos, comun\u00edcanos cu\u00e1ntos a trav\u00e9s al e-mail <strong><mark style=\"background-color:rgba(0, 0, 0, 0)\" class=\"has-inline-color has-vivid-cyan-blue-color\">socis@acotv.org <\/mark><\/strong>o al WhatsApp <strong>601 601 381<\/strong>, y te proporcionaremos todos los detalles para tu participaci\u00f3n.<br>Estos d\u00edas, habilitaremos diferentes puntos de recogida cerca de tu delegaci\u00f3n para que puedas recoger los boletos y distribuirlos entre amigos, familiares, pacientes y colaboradores.<\/p>\n\n\n\n<p class=\"wp-block-paragraph\">Si tienes dificultades para ir a buscarlas, puedes realizar la <strong>reserva online <\/strong>del talonario asignado a tu zona y gestionarlo directamente a trav\u00e9s del WhatsApp de la Asociaci\u00f3n sin necesidad de desplazarte<\/p>\n\n\n\n<h2 class=\"wp-block-heading\"><span><mark style=\"background-color: rgba(0, 0, 0, 0);\" class=\"has-inline-color has-vivid-cyan-blue-color\"><b>\u00bfC\u00f3mo puedes conseguir un talonario?<\/b><\/mark><\/span><\/h2>\n\n\n\n<p class=\"wp-block-paragraph\">Animamos especialmente a aquellos que tienen puntos abiertos al p\u00fablico en sus centros de trabajo y pueden llegar a m\u00e1s gente a tomar un talonario completo con 25 participaciones.<br>Esto no implica ning\u00fan compromiso previo y no es necesario avanzar ning\u00fan importe. Tendr\u00e1 tiempo hasta las \u00faltimas semanas de diciembre para repartir la suerte. Cuando llegue la fecha de validaci\u00f3n, nos pondremos en contacto con vosotros para indicaros los pasos a seguir para ingresar s\u00f3lo el importe de los n\u00fameros vendidos; el resto ser\u00e1n sencillamente anulados.<\/p>\n","protected":false},"excerpt":{"rendered":"<p>\u00a1Nos acercamos a los \u00faltimos meses del a\u00f1o y la Asociaci\u00f3n inicia la acci\u00f3n anual para recoger donativos que ser\u00e1n destinados a iniciativas solidarias y proyectos de investigaci\u00f3n optom\u00e9trica para mejorar la salud visual de las personas!<\/p>\n","protected":false},"author":2,"featured_media":9358,"comment_status":"open","ping_status":"open","sticky":false,"template":"","format":"standard","meta":{"ocean_front_end_style_editor":"no","ocean_post_layout":"","ocean_both_sidebars_style":"","ocean_both_sidebars_content_width":0,"ocean_both_sidebars_sidebars_width":0,"ocean_sidebar":"","ocean_second_sidebar":"","ocean_disable_margins":"enable","ocean_add_body_class":"","ocean_shortcode_before_top_bar":"","ocean_shortcode_after_top_bar":"","ocean_shortcode_before_header":"","ocean_shortcode_after_header":"","ocean_has_shortcode":"","ocean_shortcode_after_title":"","ocean_shortcode_before_footer_widgets":"","ocean_shortcode_after_footer_widgets":"","ocean_shortcode_before_footer_bottom":"","ocean_shortcode_after_footer_bottom":"","ocean_display_top_bar":"default","ocean_display_header":"default","ocean_header_style":"","ocean_center_header_left_menu":"","ocean_custom_header_template":"","ocean_custom_logo":0,"ocean_custom_retina_logo":0,"ocean_custom_logo_max_width":0,"ocean_custom_logo_tablet_max_width":0,"ocean_custom_logo_mobile_max_width":0,"ocean_custom_logo_max_height":0,"ocean_custom_logo_tablet_max_height":0,"ocean_custom_logo_mobile_max_height":0,"ocean_header_custom_menu":"","ocean_menu_typo_font_family":"","ocean_menu_typo_font_subset":"","ocean_menu_typo_font_size":0,"ocean_menu_typo_font_size_tablet":0,"ocean_menu_typo_font_size_mobile":0,"ocean_menu_typo_font_size_unit":"px","ocean_menu_typo_font_weight":"","ocean_menu_typo_font_weight_tablet":"","ocean_menu_typo_font_weight_mobile":"","ocean_menu_typo_transform":"","ocean_menu_typo_transform_tablet":"","ocean_menu_typo_transform_mobile":"","ocean_menu_typo_line_height":0,"ocean_menu_typo_line_height_tablet":0,"ocean_menu_typo_line_height_mobile":0,"ocean_menu_typo_line_height_unit":"","ocean_menu_typo_spacing":0,"ocean_menu_typo_spacing_tablet":0,"ocean_menu_typo_spacing_mobile":0,"ocean_menu_typo_spacing_unit":"","ocean_menu_link_color":"","ocean_menu_link_color_hover":"","ocean_menu_link_color_active":"","ocean_menu_link_background":"","ocean_menu_link_hover_background":"","ocean_menu_link_active_background":"","ocean_menu_social_links_bg":"","ocean_menu_social_hover_links_bg":"","ocean_menu_social_links_color":"","ocean_menu_social_hover_links_color":"","ocean_disable_title":"default","ocean_disable_heading":"default","ocean_post_title":"","ocean_post_subheading":"","ocean_post_title_style":"","ocean_post_title_background_color":"","ocean_post_title_background":0,"ocean_post_title_bg_image_position":"","ocean_post_title_bg_image_attachment":"","ocean_post_title_bg_image_repeat":"","ocean_post_title_bg_image_size":"","ocean_post_title_height":0,"ocean_post_title_bg_overlay":0.5,"ocean_post_title_bg_overlay_color":"","ocean_disable_breadcrumbs":"default","ocean_breadcrumbs_color":"","ocean_breadcrumbs_separator_color":"","ocean_breadcrumbs_links_color":"","ocean_breadcrumbs_links_hover_color":"","ocean_display_footer_widgets":"default","ocean_display_footer_bottom":"default","ocean_custom_footer_template":"","ocean_post_oembed":"","ocean_post_self_hosted_media":"","ocean_post_video_embed":"","ocean_link_format":"","ocean_link_format_target":"self","ocean_quote_format":"","ocean_quote_format_link":"post","ocean_gallery_link_images":"on","ocean_gallery_id":[],"footnotes":""},"categories":[8],"tags":[113,182],"class_list":["post-9464","post","type-post","status-publish","format-standard","has-post-thumbnail","hentry","category-noticias","tag-asociacion","tag-colaboraciones","entry","has-media"],"yoast_head":"<!-- This site is optimized with the Yoast SEO plugin v28.4 - https:\/\/yoast.com\/product\/yoast-seo-wordpress\/ -->\n<title>\u00a1Reserva ya tu talonario! - Asociaci\u00f3n Catalana de Optometr\u00eda y Terapia Visual<\/title>\n<meta name=\"robots\" content=\"index, follow, max-snippet:-1, max-image-preview:large, max-video-preview:-1\" \/>\n<link rel=\"canonical\" href=\"https:\/\/www.acotv.org\/es\/reserva-ya-tu-talonario-2\/\" \/>\n<meta property=\"og:locale\" content=\"es_ES\" \/>\n<meta property=\"og:type\" content=\"article\" \/>\n<meta property=\"og:title\" content=\"\u00a1Reserva ya tu talonario! - Asociaci\u00f3n Catalana de Optometr\u00eda y Terapia Visual\" \/>\n<meta property=\"og:description\" content=\"\u00a1Nos acercamos a los \u00faltimos meses del a\u00f1o y la Asociaci\u00f3n inicia la acci\u00f3n anual para recoger donativos que ser\u00e1n destinados a iniciativas solidarias y proyectos de investigaci\u00f3n optom\u00e9trica para mejorar la salud visual de las personas!\" \/>\n<meta property=\"og:url\" content=\"https:\/\/www.acotv.org\/es\/reserva-ya-tu-talonario-2\/\" \/>\n<meta property=\"og:site_name\" content=\"Asociaci\u00f3n Catalana de Optometr\u00eda y Terapia Visual\" \/>\n<meta property=\"article:published_time\" content=\"2023-10-11T08:50:51+00:00\" \/>\n<meta property=\"article:modified_time\" content=\"2023-10-11T08:50:57+00:00\" \/>\n<meta property=\"og:image\" content=\"https:\/\/www.acotv.org\/wp-content\/uploads\/Imagen-Grossa23_700.jpg\" \/>\n\t<meta property=\"og:image:width\" content=\"700\" \/>\n\t<meta property=\"og:image:height\" content=\"406\" \/>\n\t<meta property=\"og:image:type\" content=\"image\/jpeg\" \/>\n<meta name=\"author\" content=\"ACOTV\" \/>\n<meta name=\"twitter:card\" content=\"summary_large_image\" \/>\n<meta name=\"twitter:label1\" content=\"Escrito por\" \/>\n\t<meta name=\"twitter:data1\" content=\"ACOTV\" \/>\n\t<meta name=\"twitter:label2\" content=\"Tiempo de lectura\" \/>\n\t<meta name=\"twitter:data2\" content=\"2 minutos\" \/>\n<script type=\"application\/ld+json\" class=\"yoast-schema-graph\">{\"@context\":\"https:\\\/\\\/schema.org\",\"@graph\":[{\"@type\":\"Article\",\"@id\":\"https:\\\/\\\/www.acotv.org\\\/es\\\/reserva-ya-tu-talonario-2\\\/#article\",\"isPartOf\":{\"@id\":\"https:\\\/\\\/www.acotv.org\\\/es\\\/reserva-ya-tu-talonario-2\\\/\"},\"author\":{\"name\":\"ACOTV\",\"@id\":\"https:\\\/\\\/www.acotv.org\\\/ca\\\/#\\\/schema\\\/person\\\/0de470fec1dbf9785a7343042d765744\"},\"headline\":\"\u00a1Reserva ya tu talonario!\",\"datePublished\":\"2023-10-11T08:50:51+00:00\",\"dateModified\":\"2023-10-11T08:50:57+00:00\",\"mainEntityOfPage\":{\"@id\":\"https:\\\/\\\/www.acotv.org\\\/es\\\/reserva-ya-tu-talonario-2\\\/\"},\"wordCount\":375,\"commentCount\":0,\"image\":{\"@id\":\"https:\\\/\\\/www.acotv.org\\\/es\\\/reserva-ya-tu-talonario-2\\\/#primaryimage\"},\"thumbnailUrl\":\"https:\\\/\\\/www.acotv.org\\\/wp-content\\\/uploads\\\/Imagen-Grossa23_700.jpg\",\"keywords\":[\"#Asociaci\u00f3n\",\"Colaboraciones\"],\"articleSection\":[\"Noticias\"],\"inLanguage\":\"es\",\"potentialAction\":[{\"@type\":\"CommentAction\",\"name\":\"Comment\",\"target\":[\"https:\\\/\\\/www.acotv.org\\\/es\\\/reserva-ya-tu-talonario-2\\\/#respond\"]}]},{\"@type\":\"WebPage\",\"@id\":\"https:\\\/\\\/www.acotv.org\\\/es\\\/reserva-ya-tu-talonario-2\\\/\",\"url\":\"https:\\\/\\\/www.acotv.org\\\/es\\\/reserva-ya-tu-talonario-2\\\/\",\"name\":\"\u00a1Reserva ya tu talonario! - Asociaci\u00f3n Catalana de Optometr\u00eda y Terapia Visual\",\"isPartOf\":{\"@id\":\"https:\\\/\\\/www.acotv.org\\\/ca\\\/#website\"},\"primaryImageOfPage\":{\"@id\":\"https:\\\/\\\/www.acotv.org\\\/es\\\/reserva-ya-tu-talonario-2\\\/#primaryimage\"},\"image\":{\"@id\":\"https:\\\/\\\/www.acotv.org\\\/es\\\/reserva-ya-tu-talonario-2\\\/#primaryimage\"},\"thumbnailUrl\":\"https:\\\/\\\/www.acotv.org\\\/wp-content\\\/uploads\\\/Imagen-Grossa23_700.jpg\",\"datePublished\":\"2023-10-11T08:50:51+00:00\",\"dateModified\":\"2023-10-11T08:50:57+00:00\",\"author\":{\"@id\":\"https:\\\/\\\/www.acotv.org\\\/ca\\\/#\\\/schema\\\/person\\\/0de470fec1dbf9785a7343042d765744\"},\"breadcrumb\":{\"@id\":\"https:\\\/\\\/www.acotv.org\\\/es\\\/reserva-ya-tu-talonario-2\\\/#breadcrumb\"},\"inLanguage\":\"es\",\"potentialAction\":[{\"@type\":\"ReadAction\",\"target\":[\"https:\\\/\\\/www.acotv.org\\\/es\\\/reserva-ya-tu-talonario-2\\\/\"]}]},{\"@type\":\"ImageObject\",\"inLanguage\":\"es\",\"@id\":\"https:\\\/\\\/www.acotv.org\\\/es\\\/reserva-ya-tu-talonario-2\\\/#primaryimage\",\"url\":\"https:\\\/\\\/www.acotv.org\\\/wp-content\\\/uploads\\\/Imagen-Grossa23_700.jpg\",\"contentUrl\":\"https:\\\/\\\/www.acotv.org\\\/wp-content\\\/uploads\\\/Imagen-Grossa23_700.jpg\",\"width\":700,\"height\":406},{\"@type\":\"BreadcrumbList\",\"@id\":\"https:\\\/\\\/www.acotv.org\\\/es\\\/reserva-ya-tu-talonario-2\\\/#breadcrumb\",\"itemListElement\":[{\"@type\":\"ListItem\",\"position\":1,\"name\":\"Portada\",\"item\":\"https:\\\/\\\/www.acotv.org\\\/es\\\/\"},{\"@type\":\"ListItem\",\"position\":2,\"name\":\"\u00a1Reserva ya tu talonario!\"}]},{\"@type\":\"WebSite\",\"@id\":\"https:\\\/\\\/www.acotv.org\\\/ca\\\/#website\",\"url\":\"https:\\\/\\\/www.acotv.org\\\/ca\\\/\",\"name\":\"Asociaci\u00f3n Catalana de Optometr\u00eda y Terapia Visual\",\"description\":\"\",\"potentialAction\":[{\"@type\":\"SearchAction\",\"target\":{\"@type\":\"EntryPoint\",\"urlTemplate\":\"https:\\\/\\\/www.acotv.org\\\/ca\\\/?s={search_term_string}\"},\"query-input\":{\"@type\":\"PropertyValueSpecification\",\"valueRequired\":true,\"valueName\":\"search_term_string\"}}],\"inLanguage\":\"es\"},{\"@type\":\"Person\",\"@id\":\"https:\\\/\\\/www.acotv.org\\\/ca\\\/#\\\/schema\\\/person\\\/0de470fec1dbf9785a7343042d765744\",\"name\":\"ACOTV\",\"image\":{\"@type\":\"ImageObject\",\"inLanguage\":\"es\",\"@id\":\"https:\\\/\\\/www.acotv.org\\\/wp-content\\\/uploads\\\/Logo-petit-150x150.jpg\",\"url\":\"https:\\\/\\\/www.acotv.org\\\/wp-content\\\/uploads\\\/Logo-petit-150x150.jpg\",\"contentUrl\":\"https:\\\/\\\/www.acotv.org\\\/wp-content\\\/uploads\\\/Logo-petit-150x150.jpg\",\"caption\":\"ACOTV\"},\"url\":\"https:\\\/\\\/www.acotv.org\\\/es\\\/author\\\/acotv\\\/\"}]}<\/script>\n<!-- \/ Yoast SEO plugin. -->","yoast_head_json":{"title":"\u00a1Reserva ya tu talonario! - Asociaci\u00f3n Catalana de Optometr\u00eda y Terapia Visual","robots":{"index":"index","follow":"follow","max-snippet":"max-snippet:-1","max-image-preview":"max-image-preview:large","max-video-preview":"max-video-preview:-1"},"canonical":"https:\/\/www.acotv.org\/es\/reserva-ya-tu-talonario-2\/","og_locale":"es_ES","og_type":"article","og_title":"\u00a1Reserva ya tu talonario! - Asociaci\u00f3n Catalana de Optometr\u00eda y Terapia Visual","og_description":"\u00a1Nos acercamos a los \u00faltimos meses del a\u00f1o y la Asociaci\u00f3n inicia la acci\u00f3n anual para recoger donativos que ser\u00e1n destinados a iniciativas solidarias y proyectos de investigaci\u00f3n optom\u00e9trica para mejorar la salud visual de las personas!","og_url":"https:\/\/www.acotv.org\/es\/reserva-ya-tu-talonario-2\/","og_site_name":"Asociaci\u00f3n Catalana de Optometr\u00eda y Terapia Visual","article_published_time":"2023-10-11T08:50:51+00:00","article_modified_time":"2023-10-11T08:50:57+00:00","og_image":[{"width":700,"height":406,"url":"https:\/\/www.acotv.org\/wp-content\/uploads\/Imagen-Grossa23_700.jpg","type":"image\/jpeg"}],"author":"ACOTV","twitter_card":"summary_large_image","twitter_misc":{"Escrito por":"ACOTV","Tiempo de lectura":"2 minutos"},"schema":{"@context":"https:\/\/schema.org","@graph":[{"@type":"Article","@id":"https:\/\/www.acotv.org\/es\/reserva-ya-tu-talonario-2\/#article","isPartOf":{"@id":"https:\/\/www.acotv.org\/es\/reserva-ya-tu-talonario-2\/"},"author":{"name":"ACOTV","@id":"https:\/\/www.acotv.org\/ca\/#\/schema\/person\/0de470fec1dbf9785a7343042d765744"},"headline":"\u00a1Reserva ya tu talonario!","datePublished":"2023-10-11T08:50:51+00:00","dateModified":"2023-10-11T08:50:57+00:00","mainEntityOfPage":{"@id":"https:\/\/www.acotv.org\/es\/reserva-ya-tu-talonario-2\/"},"wordCount":375,"commentCount":0,"image":{"@id":"https:\/\/www.acotv.org\/es\/reserva-ya-tu-talonario-2\/#primaryimage"},"thumbnailUrl":"https:\/\/www.acotv.org\/wp-content\/uploads\/Imagen-Grossa23_700.jpg","keywords":["#Asociaci\u00f3n","Colaboraciones"],"articleSection":["Noticias"],"inLanguage":"es","potentialAction":[{"@type":"CommentAction","name":"Comment","target":["https:\/\/www.acotv.org\/es\/reserva-ya-tu-talonario-2\/#respond"]}]},{"@type":"WebPage","@id":"https:\/\/www.acotv.org\/es\/reserva-ya-tu-talonario-2\/","url":"https:\/\/www.acotv.org\/es\/reserva-ya-tu-talonario-2\/","name":"\u00a1Reserva ya tu talonario! - Asociaci\u00f3n Catalana de Optometr\u00eda y Terapia Visual","isPartOf":{"@id":"https:\/\/www.acotv.org\/ca\/#website"},"primaryImageOfPage":{"@id":"https:\/\/www.acotv.org\/es\/reserva-ya-tu-talonario-2\/#primaryimage"},"image":{"@id":"https:\/\/www.acotv.org\/es\/reserva-ya-tu-talonario-2\/#primaryimage"},"thumbnailUrl":"https:\/\/www.acotv.org\/wp-content\/uploads\/Imagen-Grossa23_700.jpg","datePublished":"2023-10-11T08:50:51+00:00","dateModified":"2023-10-11T08:50:57+00:00","author":{"@id":"https:\/\/www.acotv.org\/ca\/#\/schema\/person\/0de470fec1dbf9785a7343042d765744"},"breadcrumb":{"@id":"https:\/\/www.acotv.org\/es\/reserva-ya-tu-talonario-2\/#breadcrumb"},"inLanguage":"es","potentialAction":[{"@type":"ReadAction","target":["https:\/\/www.acotv.org\/es\/reserva-ya-tu-talonario-2\/"]}]},{"@type":"ImageObject","inLanguage":"es","@id":"https:\/\/www.acotv.org\/es\/reserva-ya-tu-talonario-2\/#primaryimage","url":"https:\/\/www.acotv.org\/wp-content\/uploads\/Imagen-Grossa23_700.jpg","contentUrl":"https:\/\/www.acotv.org\/wp-content\/uploads\/Imagen-Grossa23_700.jpg","width":700,"height":406},{"@type":"BreadcrumbList","@id":"https:\/\/www.acotv.org\/es\/reserva-ya-tu-talonario-2\/#breadcrumb","itemListElement":[{"@type":"ListItem","position":1,"name":"Portada","item":"https:\/\/www.acotv.org\/es\/"},{"@type":"ListItem","position":2,"name":"\u00a1Reserva ya tu talonario!"}]},{"@type":"WebSite","@id":"https:\/\/www.acotv.org\/ca\/#website","url":"https:\/\/www.acotv.org\/ca\/","name":"Asociaci\u00f3n Catalana de Optometr\u00eda y Terapia Visual","description":"","potentialAction":[{"@type":"SearchAction","target":{"@type":"EntryPoint","urlTemplate":"https:\/\/www.acotv.org\/ca\/?s={search_term_string}"},"query-input":{"@type":"PropertyValueSpecification","valueRequired":true,"valueName":"search_term_string"}}],"inLanguage":"es"},{"@type":"Person","@id":"https:\/\/www.acotv.org\/ca\/#\/schema\/person\/0de470fec1dbf9785a7343042d765744","name":"ACOTV","image":{"@type":"ImageObject","inLanguage":"es","@id":"https:\/\/www.acotv.org\/wp-content\/uploads\/Logo-petit-150x150.jpg","url":"https:\/\/www.acotv.org\/wp-content\/uploads\/Logo-petit-150x150.jpg","contentUrl":"https:\/\/www.acotv.org\/wp-content\/uploads\/Logo-petit-150x150.jpg","caption":"ACOTV"},"url":"https:\/\/www.acotv.org\/es\/author\/acotv\/"}]}},"_links":{"self":[{"href":"https:\/\/www.acotv.org\/es\/wp-json\/wp\/v2\/posts\/9464","targetHints":{"allow":["GET"]}}],"collection":[{"href":"https:\/\/www.acotv.org\/es\/wp-json\/wp\/v2\/posts"}],"about":[{"href":"https:\/\/www.acotv.org\/es\/wp-json\/wp\/v2\/types\/post"}],"author":[{"embeddable":true,"href":"https:\/\/www.acotv.org\/es\/wp-json\/wp\/v2\/users\/2"}],"replies":[{"embeddable":true,"href":"https:\/\/www.acotv.org\/es\/wp-json\/wp\/v2\/comments?post=9464"}],"version-history":[{"count":1,"href":"https:\/\/www.acotv.org\/es\/wp-json\/wp\/v2\/posts\/9464\/revisions"}],"predecessor-version":[{"id":9466,"href":"https:\/\/www.acotv.org\/es\/wp-json\/wp\/v2\/posts\/9464\/revisions\/9466"}],"wp:featuredmedia":[{"embeddable":true,"href":"https:\/\/www.acotv.org\/es\/wp-json\/wp\/v2\/media\/9358"}],"wp:attachment":[{"href":"https:\/\/www.acotv.org\/es\/wp-json\/wp\/v2\/media?parent=9464"}],"wp:term":[{"taxonomy":"category","embeddable":true,"href":"https:\/\/www.acotv.org\/es\/wp-json\/wp\/v2\/categories?post=9464"},{"taxonomy":"post_tag","embeddable":true,"href":"https:\/\/www.acotv.org\/es\/wp-json\/wp\/v2\/tags?post=9464"}],"curies":[{"name":"wp","href":"https:\/\/api.w.org\/{rel}","templated":true}]}}