{"id":9350,"date":"2023-10-02T17:41:41","date_gmt":"2023-10-02T15:41:41","guid":{"rendered":"https:\/\/www.acotv.org\/reiniciem-els-seminaris-mensuals\/"},"modified":"2024-01-03T13:17:44","modified_gmt":"2024-01-03T12:17:44","slug":"reiniciamos-los-seminarios-mensuales","status":"publish","type":"post","link":"https:\/\/www.acotv.org\/es\/reiniciamos-los-seminarios-mensuales\/","title":{"rendered":"Reiniciamos los seminarios mensuales"},"content":{"rendered":"\n<p class=\"wp-block-paragraph\">Tras la pausa veraniega, vuelven los seminarios ReVisiOn.<\/p>\n\n\n\n<p class=\"wp-block-paragraph\">A trav\u00e9s de estos seminarios tenemos la oportunidad de refrescar nuestros procedimientos y compartir peque\u00f1as dosis de experiencia con nuestros compa\u00f1eros de profesi\u00f3n.<\/p>\n\n\n\n<p class=\"wp-block-paragraph\">En la sesi\u00f3n n\u00famero 27, titulada <strong>\u00abLa relaci\u00f3n entre la estabilidad de la fijaci\u00f3n y los par\u00e1metros estructurales de la retina en ni\u00f1os con ambliop\u00eda anisometr\u00f3pica, estr\u00e1bica y mixta\u00bb<\/strong>, se abord\u00f3 la investigaci\u00f3n realizada por el optometrista Raquel Mompart durante su trabajo de fin de grado y la posterior publicaci\u00f3n del art\u00edculo cient\u00edfico <strong><a href=\"https:\/\/www.acotv.org\/ca\/la-relacio-entre-lestabilitat-de-la-fixacio-i-els-parametres-estructurals-de-la-retina-en-infants-amb-ambliopia-anisometropica-estrabistica-i-mixta\/\">\u00abThe Relationship between Fixation Stability and Retinal Structural Parameters in Children with Anisometropic, Strabismic and Mixed Amblyopia\u00bb. <\/a><br><\/strong><br>En esta sesi\u00f3n, Raquel nos explic\u00f3 c\u00f3mo se lleva a cabo el estudio de la estabilidad de la fijaci\u00f3n mediante la microperimetr\u00eda en pacientes con ambliop\u00eda, y destac\u00f3 la correlaci\u00f3n con el \u00e1rea foveal avascular. Adem\u00e1s, cabe se\u00f1alar que esta investigaci\u00f3n es pionera, ya que representa el primer estudio que ha examinado la citada correlaci\u00f3n en la literatura cient\u00edfica.<\/p>\n\n\n\n<p class=\"wp-block-paragraph\">De nuevo, la sesi\u00f3n mensual nos proporcion\u00f3 un profundo conocimiento sobre temas optom\u00e9tricos de inter\u00e9s. No olvides que, si te has perdido cualquiera de estos seminarios, puedes acceder a las grabaciones a trav\u00e9s del campus formativo, donde encontrar\u00e1s m\u00e1s de 10 horas de conocimiento optom\u00e9trico a tu disposici\u00f3n.<\/p>\n","protected":false},"excerpt":{"rendered":"<p>A trav\u00e9s de estos seminarios tenemos la oportunidad de refrescar nuestros procedimientos y compartir peque\u00f1as dosis de experiencia con nuestros compa\u00f1eros de profesi\u00f3n.<\/p>\n","protected":false},"author":2,"featured_media":9443,"comment_status":"open","ping_status":"open","sticky":false,"template":"","format":"standard","meta":{"ocean_front_end_style_editor":"no","ocean_post_layout":"","ocean_both_sidebars_style":"","ocean_both_sidebars_content_width":0,"ocean_both_sidebars_sidebars_width":0,"ocean_sidebar":"","ocean_second_sidebar":"","ocean_disable_margins":"enable","ocean_add_body_class":"","ocean_shortcode_before_top_bar":"","ocean_shortcode_after_top_bar":"","ocean_shortcode_before_header":"","ocean_shortcode_after_header":"","ocean_has_shortcode":"","ocean_shortcode_after_title":"","ocean_shortcode_before_footer_widgets":"","ocean_shortcode_after_footer_widgets":"","ocean_shortcode_before_footer_bottom":"","ocean_shortcode_after_footer_bottom":"","ocean_display_top_bar":"default","ocean_display_header":"default","ocean_header_style":"","ocean_center_header_left_menu":"","ocean_custom_header_template":"","ocean_custom_logo":0,"ocean_custom_retina_logo":0,"ocean_custom_logo_max_width":0,"ocean_custom_logo_tablet_max_width":0,"ocean_custom_logo_mobile_max_width":0,"ocean_custom_logo_max_height":0,"ocean_custom_logo_tablet_max_height":0,"ocean_custom_logo_mobile_max_height":0,"ocean_header_custom_menu":"","ocean_menu_typo_font_family":"","ocean_menu_typo_font_subset":"","ocean_menu_typo_font_size":0,"ocean_menu_typo_font_size_tablet":0,"ocean_menu_typo_font_size_mobile":0,"ocean_menu_typo_font_size_unit":"px","ocean_menu_typo_font_weight":"","ocean_menu_typo_font_weight_tablet":"","ocean_menu_typo_font_weight_mobile":"","ocean_menu_typo_transform":"","ocean_menu_typo_transform_tablet":"","ocean_menu_typo_transform_mobile":"","ocean_menu_typo_line_height":0,"ocean_menu_typo_line_height_tablet":0,"ocean_menu_typo_line_height_mobile":0,"ocean_menu_typo_line_height_unit":"","ocean_menu_typo_spacing":0,"ocean_menu_typo_spacing_tablet":0,"ocean_menu_typo_spacing_mobile":0,"ocean_menu_typo_spacing_unit":"","ocean_menu_link_color":"","ocean_menu_link_color_hover":"","ocean_menu_link_color_active":"","ocean_menu_link_background":"","ocean_menu_link_hover_background":"","ocean_menu_link_active_background":"","ocean_menu_social_links_bg":"","ocean_menu_social_hover_links_bg":"","ocean_menu_social_links_color":"","ocean_menu_social_hover_links_color":"","ocean_disable_title":"default","ocean_disable_heading":"default","ocean_post_title":"","ocean_post_subheading":"","ocean_post_title_style":"","ocean_post_title_background_color":"","ocean_post_title_background":0,"ocean_post_title_bg_image_position":"","ocean_post_title_bg_image_attachment":"","ocean_post_title_bg_image_repeat":"","ocean_post_title_bg_image_size":"","ocean_post_title_height":0,"ocean_post_title_bg_overlay":0.5,"ocean_post_title_bg_overlay_color":"","ocean_disable_breadcrumbs":"default","ocean_breadcrumbs_color":"","ocean_breadcrumbs_separator_color":"","ocean_breadcrumbs_links_color":"","ocean_breadcrumbs_links_hover_color":"","ocean_display_footer_widgets":"default","ocean_display_footer_bottom":"default","ocean_custom_footer_template":"","ocean_post_oembed":"","ocean_post_self_hosted_media":"","ocean_post_video_embed":"","ocean_link_format":"","ocean_link_format_target":"self","ocean_quote_format":"","ocean_quote_format_link":"post","ocean_gallery_link_images":"on","ocean_gallery_id":[],"footnotes":""},"categories":[25],"tags":[140,282,146,66,178,67,283],"class_list":["post-9350","post","type-post","status-publish","format-standard","has-post-thumbnail","hentry","category-noticies","tag-recerca-estudis","tag-ambliopia","tag-investigacion","tag-optometria-ca","tag-revision-2","tag-terapiavisual-ca","tag-tfg","entry","has-media"],"yoast_head":"<!-- This site is optimized with the Yoast SEO plugin v28.4 - https:\/\/yoast.com\/product\/yoast-seo-wordpress\/ -->\n<title>Reiniciamos los seminarios mensuales - Asociaci\u00f3n Catalana de Optometr\u00eda y Terapia Visual<\/title>\n<meta name=\"robots\" content=\"index, follow, max-snippet:-1, max-image-preview:large, max-video-preview:-1\" \/>\n<link rel=\"canonical\" href=\"https:\/\/www.acotv.org\/es\/reiniciamos-los-seminarios-mensuales\/\" \/>\n<meta property=\"og:locale\" content=\"es_ES\" \/>\n<meta property=\"og:type\" content=\"article\" \/>\n<meta property=\"og:title\" content=\"Reiniciamos los seminarios mensuales - Asociaci\u00f3n Catalana de Optometr\u00eda y Terapia Visual\" \/>\n<meta property=\"og:description\" content=\"A trav\u00e9s de estos seminarios tenemos la oportunidad de refrescar nuestros procedimientos y compartir peque\u00f1as dosis de experiencia con nuestros compa\u00f1eros de profesi\u00f3n.\" \/>\n<meta property=\"og:url\" content=\"https:\/\/www.acotv.org\/es\/reiniciamos-los-seminarios-mensuales\/\" \/>\n<meta property=\"og:site_name\" content=\"Asociaci\u00f3n Catalana de Optometr\u00eda y Terapia Visual\" \/>\n<meta property=\"article:published_time\" content=\"2023-10-02T15:41:41+00:00\" \/>\n<meta property=\"article:modified_time\" content=\"2024-01-03T12:17:44+00:00\" \/>\n<meta property=\"og:image\" content=\"https:\/\/www.acotv.org\/wp-content\/uploads\/ReVisiOn_Seminari27_R.Mompart_Cast.jpg\" \/>\n\t<meta property=\"og:image:width\" content=\"1080\" \/>\n\t<meta property=\"og:image:height\" content=\"1080\" \/>\n\t<meta property=\"og:image:type\" content=\"image\/jpeg\" \/>\n<meta name=\"author\" content=\"ACOTV\" \/>\n<meta name=\"twitter:card\" content=\"summary_large_image\" \/>\n<meta name=\"twitter:label1\" content=\"Escrito por\" \/>\n\t<meta name=\"twitter:data1\" content=\"ACOTV\" \/>\n\t<meta name=\"twitter:label2\" content=\"Tiempo de lectura\" \/>\n\t<meta name=\"twitter:data2\" content=\"1 minuto\" \/>\n<script type=\"application\/ld+json\" class=\"yoast-schema-graph\">{\"@context\":\"https:\\\/\\\/schema.org\",\"@graph\":[{\"@type\":\"Article\",\"@id\":\"https:\\\/\\\/www.acotv.org\\\/es\\\/reiniciamos-los-seminarios-mensuales\\\/#article\",\"isPartOf\":{\"@id\":\"https:\\\/\\\/www.acotv.org\\\/es\\\/reiniciamos-los-seminarios-mensuales\\\/\"},\"author\":{\"name\":\"ACOTV\",\"@id\":\"https:\\\/\\\/www.acotv.org\\\/ca\\\/#\\\/schema\\\/person\\\/0de470fec1dbf9785a7343042d765744\"},\"headline\":\"Reiniciamos los seminarios mensuales\",\"datePublished\":\"2023-10-02T15:41:41+00:00\",\"dateModified\":\"2024-01-03T12:17:44+00:00\",\"mainEntityOfPage\":{\"@id\":\"https:\\\/\\\/www.acotv.org\\\/es\\\/reiniciamos-los-seminarios-mensuales\\\/\"},\"wordCount\":246,\"commentCount\":0,\"image\":{\"@id\":\"https:\\\/\\\/www.acotv.org\\\/es\\\/reiniciamos-los-seminarios-mensuales\\\/#primaryimage\"},\"thumbnailUrl\":\"https:\\\/\\\/www.acotv.org\\\/wp-content\\\/uploads\\\/ReVisiOn_Seminari27_R.Mompart_Cast.jpg\",\"keywords\":[\"#recerca #estudis\",\"ambliopia\",\"Investigaci\u00f3n\",\"Optometria\",\"ReVisiOn\",\"TerapiaVisual\",\"TFG\"],\"articleSection\":[\"Not\u00edcies\"],\"inLanguage\":\"es\",\"potentialAction\":[{\"@type\":\"CommentAction\",\"name\":\"Comment\",\"target\":[\"https:\\\/\\\/www.acotv.org\\\/es\\\/reiniciamos-los-seminarios-mensuales\\\/#respond\"]}]},{\"@type\":\"WebPage\",\"@id\":\"https:\\\/\\\/www.acotv.org\\\/es\\\/reiniciamos-los-seminarios-mensuales\\\/\",\"url\":\"https:\\\/\\\/www.acotv.org\\\/es\\\/reiniciamos-los-seminarios-mensuales\\\/\",\"name\":\"Reiniciamos los seminarios mensuales - Asociaci\u00f3n Catalana de Optometr\u00eda y Terapia Visual\",\"isPartOf\":{\"@id\":\"https:\\\/\\\/www.acotv.org\\\/ca\\\/#website\"},\"primaryImageOfPage\":{\"@id\":\"https:\\\/\\\/www.acotv.org\\\/es\\\/reiniciamos-los-seminarios-mensuales\\\/#primaryimage\"},\"image\":{\"@id\":\"https:\\\/\\\/www.acotv.org\\\/es\\\/reiniciamos-los-seminarios-mensuales\\\/#primaryimage\"},\"thumbnailUrl\":\"https:\\\/\\\/www.acotv.org\\\/wp-content\\\/uploads\\\/ReVisiOn_Seminari27_R.Mompart_Cast.jpg\",\"datePublished\":\"2023-10-02T15:41:41+00:00\",\"dateModified\":\"2024-01-03T12:17:44+00:00\",\"author\":{\"@id\":\"https:\\\/\\\/www.acotv.org\\\/ca\\\/#\\\/schema\\\/person\\\/0de470fec1dbf9785a7343042d765744\"},\"breadcrumb\":{\"@id\":\"https:\\\/\\\/www.acotv.org\\\/es\\\/reiniciamos-los-seminarios-mensuales\\\/#breadcrumb\"},\"inLanguage\":\"es\",\"potentialAction\":[{\"@type\":\"ReadAction\",\"target\":[\"https:\\\/\\\/www.acotv.org\\\/es\\\/reiniciamos-los-seminarios-mensuales\\\/\"]}]},{\"@type\":\"ImageObject\",\"inLanguage\":\"es\",\"@id\":\"https:\\\/\\\/www.acotv.org\\\/es\\\/reiniciamos-los-seminarios-mensuales\\\/#primaryimage\",\"url\":\"https:\\\/\\\/www.acotv.org\\\/wp-content\\\/uploads\\\/ReVisiOn_Seminari27_R.Mompart_Cast.jpg\",\"contentUrl\":\"https:\\\/\\\/www.acotv.org\\\/wp-content\\\/uploads\\\/ReVisiOn_Seminari27_R.Mompart_Cast.jpg\",\"width\":1080,\"height\":1080},{\"@type\":\"BreadcrumbList\",\"@id\":\"https:\\\/\\\/www.acotv.org\\\/es\\\/reiniciamos-los-seminarios-mensuales\\\/#breadcrumb\",\"itemListElement\":[{\"@type\":\"ListItem\",\"position\":1,\"name\":\"Portada\",\"item\":\"https:\\\/\\\/www.acotv.org\\\/es\\\/\"},{\"@type\":\"ListItem\",\"position\":2,\"name\":\"Reiniciamos los seminarios mensuales\"}]},{\"@type\":\"WebSite\",\"@id\":\"https:\\\/\\\/www.acotv.org\\\/ca\\\/#website\",\"url\":\"https:\\\/\\\/www.acotv.org\\\/ca\\\/\",\"name\":\"Asociaci\u00f3n Catalana de Optometr\u00eda y Terapia Visual\",\"description\":\"\",\"potentialAction\":[{\"@type\":\"SearchAction\",\"target\":{\"@type\":\"EntryPoint\",\"urlTemplate\":\"https:\\\/\\\/www.acotv.org\\\/ca\\\/?s={search_term_string}\"},\"query-input\":{\"@type\":\"PropertyValueSpecification\",\"valueRequired\":true,\"valueName\":\"search_term_string\"}}],\"inLanguage\":\"es\"},{\"@type\":\"Person\",\"@id\":\"https:\\\/\\\/www.acotv.org\\\/ca\\\/#\\\/schema\\\/person\\\/0de470fec1dbf9785a7343042d765744\",\"name\":\"ACOTV\",\"image\":{\"@type\":\"ImageObject\",\"inLanguage\":\"es\",\"@id\":\"https:\\\/\\\/www.acotv.org\\\/wp-content\\\/uploads\\\/Logo-petit-150x150.jpg\",\"url\":\"https:\\\/\\\/www.acotv.org\\\/wp-content\\\/uploads\\\/Logo-petit-150x150.jpg\",\"contentUrl\":\"https:\\\/\\\/www.acotv.org\\\/wp-content\\\/uploads\\\/Logo-petit-150x150.jpg\",\"caption\":\"ACOTV\"},\"url\":\"https:\\\/\\\/www.acotv.org\\\/es\\\/author\\\/acotv\\\/\"}]}<\/script>\n<!-- \/ Yoast SEO plugin. -->","yoast_head_json":{"title":"Reiniciamos los seminarios mensuales - Asociaci\u00f3n Catalana de Optometr\u00eda y Terapia Visual","robots":{"index":"index","follow":"follow","max-snippet":"max-snippet:-1","max-image-preview":"max-image-preview:large","max-video-preview":"max-video-preview:-1"},"canonical":"https:\/\/www.acotv.org\/es\/reiniciamos-los-seminarios-mensuales\/","og_locale":"es_ES","og_type":"article","og_title":"Reiniciamos los seminarios mensuales - Asociaci\u00f3n Catalana de Optometr\u00eda y Terapia Visual","og_description":"A trav\u00e9s de estos seminarios tenemos la oportunidad de refrescar nuestros procedimientos y compartir peque\u00f1as dosis de experiencia con nuestros compa\u00f1eros de profesi\u00f3n.","og_url":"https:\/\/www.acotv.org\/es\/reiniciamos-los-seminarios-mensuales\/","og_site_name":"Asociaci\u00f3n Catalana de Optometr\u00eda y Terapia Visual","article_published_time":"2023-10-02T15:41:41+00:00","article_modified_time":"2024-01-03T12:17:44+00:00","og_image":[{"width":1080,"height":1080,"url":"https:\/\/www.acotv.org\/wp-content\/uploads\/ReVisiOn_Seminari27_R.Mompart_Cast.jpg","type":"image\/jpeg"}],"author":"ACOTV","twitter_card":"summary_large_image","twitter_misc":{"Escrito por":"ACOTV","Tiempo de lectura":"1 minuto"},"schema":{"@context":"https:\/\/schema.org","@graph":[{"@type":"Article","@id":"https:\/\/www.acotv.org\/es\/reiniciamos-los-seminarios-mensuales\/#article","isPartOf":{"@id":"https:\/\/www.acotv.org\/es\/reiniciamos-los-seminarios-mensuales\/"},"author":{"name":"ACOTV","@id":"https:\/\/www.acotv.org\/ca\/#\/schema\/person\/0de470fec1dbf9785a7343042d765744"},"headline":"Reiniciamos los seminarios mensuales","datePublished":"2023-10-02T15:41:41+00:00","dateModified":"2024-01-03T12:17:44+00:00","mainEntityOfPage":{"@id":"https:\/\/www.acotv.org\/es\/reiniciamos-los-seminarios-mensuales\/"},"wordCount":246,"commentCount":0,"image":{"@id":"https:\/\/www.acotv.org\/es\/reiniciamos-los-seminarios-mensuales\/#primaryimage"},"thumbnailUrl":"https:\/\/www.acotv.org\/wp-content\/uploads\/ReVisiOn_Seminari27_R.Mompart_Cast.jpg","keywords":["#recerca #estudis","ambliopia","Investigaci\u00f3n","Optometria","ReVisiOn","TerapiaVisual","TFG"],"articleSection":["Not\u00edcies"],"inLanguage":"es","potentialAction":[{"@type":"CommentAction","name":"Comment","target":["https:\/\/www.acotv.org\/es\/reiniciamos-los-seminarios-mensuales\/#respond"]}]},{"@type":"WebPage","@id":"https:\/\/www.acotv.org\/es\/reiniciamos-los-seminarios-mensuales\/","url":"https:\/\/www.acotv.org\/es\/reiniciamos-los-seminarios-mensuales\/","name":"Reiniciamos los seminarios mensuales - Asociaci\u00f3n Catalana de Optometr\u00eda y Terapia Visual","isPartOf":{"@id":"https:\/\/www.acotv.org\/ca\/#website"},"primaryImageOfPage":{"@id":"https:\/\/www.acotv.org\/es\/reiniciamos-los-seminarios-mensuales\/#primaryimage"},"image":{"@id":"https:\/\/www.acotv.org\/es\/reiniciamos-los-seminarios-mensuales\/#primaryimage"},"thumbnailUrl":"https:\/\/www.acotv.org\/wp-content\/uploads\/ReVisiOn_Seminari27_R.Mompart_Cast.jpg","datePublished":"2023-10-02T15:41:41+00:00","dateModified":"2024-01-03T12:17:44+00:00","author":{"@id":"https:\/\/www.acotv.org\/ca\/#\/schema\/person\/0de470fec1dbf9785a7343042d765744"},"breadcrumb":{"@id":"https:\/\/www.acotv.org\/es\/reiniciamos-los-seminarios-mensuales\/#breadcrumb"},"inLanguage":"es","potentialAction":[{"@type":"ReadAction","target":["https:\/\/www.acotv.org\/es\/reiniciamos-los-seminarios-mensuales\/"]}]},{"@type":"ImageObject","inLanguage":"es","@id":"https:\/\/www.acotv.org\/es\/reiniciamos-los-seminarios-mensuales\/#primaryimage","url":"https:\/\/www.acotv.org\/wp-content\/uploads\/ReVisiOn_Seminari27_R.Mompart_Cast.jpg","contentUrl":"https:\/\/www.acotv.org\/wp-content\/uploads\/ReVisiOn_Seminari27_R.Mompart_Cast.jpg","width":1080,"height":1080},{"@type":"BreadcrumbList","@id":"https:\/\/www.acotv.org\/es\/reiniciamos-los-seminarios-mensuales\/#breadcrumb","itemListElement":[{"@type":"ListItem","position":1,"name":"Portada","item":"https:\/\/www.acotv.org\/es\/"},{"@type":"ListItem","position":2,"name":"Reiniciamos los seminarios mensuales"}]},{"@type":"WebSite","@id":"https:\/\/www.acotv.org\/ca\/#website","url":"https:\/\/www.acotv.org\/ca\/","name":"Asociaci\u00f3n Catalana de Optometr\u00eda y Terapia Visual","description":"","potentialAction":[{"@type":"SearchAction","target":{"@type":"EntryPoint","urlTemplate":"https:\/\/www.acotv.org\/ca\/?s={search_term_string}"},"query-input":{"@type":"PropertyValueSpecification","valueRequired":true,"valueName":"search_term_string"}}],"inLanguage":"es"},{"@type":"Person","@id":"https:\/\/www.acotv.org\/ca\/#\/schema\/person\/0de470fec1dbf9785a7343042d765744","name":"ACOTV","image":{"@type":"ImageObject","inLanguage":"es","@id":"https:\/\/www.acotv.org\/wp-content\/uploads\/Logo-petit-150x150.jpg","url":"https:\/\/www.acotv.org\/wp-content\/uploads\/Logo-petit-150x150.jpg","contentUrl":"https:\/\/www.acotv.org\/wp-content\/uploads\/Logo-petit-150x150.jpg","caption":"ACOTV"},"url":"https:\/\/www.acotv.org\/es\/author\/acotv\/"}]}},"_links":{"self":[{"href":"https:\/\/www.acotv.org\/es\/wp-json\/wp\/v2\/posts\/9350","targetHints":{"allow":["GET"]}}],"collection":[{"href":"https:\/\/www.acotv.org\/es\/wp-json\/wp\/v2\/posts"}],"about":[{"href":"https:\/\/www.acotv.org\/es\/wp-json\/wp\/v2\/types\/post"}],"author":[{"embeddable":true,"href":"https:\/\/www.acotv.org\/es\/wp-json\/wp\/v2\/users\/2"}],"replies":[{"embeddable":true,"href":"https:\/\/www.acotv.org\/es\/wp-json\/wp\/v2\/comments?post=9350"}],"version-history":[{"count":2,"href":"https:\/\/www.acotv.org\/es\/wp-json\/wp\/v2\/posts\/9350\/revisions"}],"predecessor-version":[{"id":9446,"href":"https:\/\/www.acotv.org\/es\/wp-json\/wp\/v2\/posts\/9350\/revisions\/9446"}],"wp:featuredmedia":[{"embeddable":true,"href":"https:\/\/www.acotv.org\/es\/wp-json\/wp\/v2\/media\/9443"}],"wp:attachment":[{"href":"https:\/\/www.acotv.org\/es\/wp-json\/wp\/v2\/media?parent=9350"}],"wp:term":[{"taxonomy":"category","embeddable":true,"href":"https:\/\/www.acotv.org\/es\/wp-json\/wp\/v2\/categories?post=9350"},{"taxonomy":"post_tag","embeddable":true,"href":"https:\/\/www.acotv.org\/es\/wp-json\/wp\/v2\/tags?post=9350"}],"curies":[{"name":"wp","href":"https:\/\/api.w.org\/{rel}","templated":true}]}}