{"id":9324,"date":"2023-10-09T16:21:53","date_gmt":"2023-10-09T14:21:53","guid":{"rendered":"https:\/\/www.acotv.org\/les-trobades-semestrals-de-la-junta-acotv\/"},"modified":"2023-10-11T11:18:25","modified_gmt":"2023-10-11T09:18:25","slug":"les-trobades-semestrals-de-la-junta-acotv","status":"publish","type":"post","link":"https:\/\/www.acotv.org\/es\/les-trobades-semestrals-de-la-junta-acotv\/","title":{"rendered":"Los encuentros semestrales de la Junta ACOTV"},"content":{"rendered":"\n<p class=\"wp-block-paragraph\"><mark style=\"background-color:rgba(0, 0, 0, 0)\" class=\"has-inline-color has-vivid-cyan-blue-color\"><strong>Fomentar la Comunicaci\u00f3n y la Planificaci\u00f3n Estrat\u00e9gica<\/strong><\/mark><\/p>\n\n\n\n<p class=\"wp-block-paragraph\">El 16 de julio de 2023, el equipo directivo de la Junta ACOTV celebr\u00f3 con \u00e9xito su primera reuni\u00f3n semestral del a\u00f1o. Estos encuentros bi-anuales son cruciales para la gesti\u00f3n y comunicaci\u00f3n interna de nuestra entidad. No s\u00f3lo ofrecen una valiosa oportunidad para el equipo directivo para interactuar, sino tambi\u00e9n para evaluar el progreso realizado hasta el momento y planificar estrategias futuras.<\/p>\n\n\n\n<p class=\"wp-block-paragraph\">El uso de las tecnolog\u00edas actuales y el despliegue eficaz de las diferentes \u00e1reas de la entidad han permitido que nuestro grupo interaccione constantemente para asegurar el buen desarrollo de las mismas. Adem\u00e1s de las reuniones peri\u00f3dicas online, tambi\u00e9n celebramos un par de jornadas de trabajo presencial al a\u00f1o, que favorecen la cohesi\u00f3n del equipo y la comprensi\u00f3n mutua.<\/p>\n\n\n\n<p class=\"wp-block-paragraph\">Estos encuentros no s\u00f3lo son un espacio para debatir, evaluar y planificar de forma conjunta, sino que tambi\u00e9n mantienen la proximidad y la complicidad de todo el equipo. Ser parte de la Junta de ACOTV implica m\u00e1s que la simple toma de decisiones y su ejecuci\u00f3n; se desarrolla un fuerte v\u00ednculo con los compa\u00f1eros de profesi\u00f3n a lo largo del tiempo.<\/p>\n\n\n\n<p class=\"wp-block-paragraph\">Durante la \u00faltima reuni\u00f3n de la Junta, seguimos la l\u00ednea general establecida, haciendo un exhaustivo repaso de las actividades realizadas hasta ahora y planificando las que tenemos previstas para el futuro inmediato. Sin embargo, queremos destacar especialmente el espacio dedicado a la discusi\u00f3n sobre el pr\u00f3ximo relevo de la Junta Directiva, que est\u00e1 previsto para el pr\u00f3ximo mes de noviembre.<\/p>\n\n\n\n<p class=\"wp-block-paragraph\">Ya han pasado tres a\u00f1os desde el inicio de este mandato actual, y los miembros de la Junta deben empezar a prepararse para la renovaci\u00f3n y actualizaci\u00f3n de los cargos que se producir\u00e1n en breve.<\/p>\n\n\n\n<p class=\"wp-block-paragraph\">Con estos encuentros semestrales, aspiramos a seguir fomentando una gesti\u00f3n efectiva y una comunicaci\u00f3n transparente dentro de la Junta de ACOTV, asegurando as\u00ed nuestro compromiso con el continuo \u00e9xito de la entidad y el bienestar de nuestros miembros.<\/p>\n","protected":false},"excerpt":{"rendered":"<p>El 16 de julio de 2023, el equipo directivo de la Junta ACOTV celebr\u00f3 con \u00e9xito su primera reuni\u00f3n semestral del a\u00f1o. Estos encuentros bi-anuales son cruciales para la gesti\u00f3n y comunicaci\u00f3n interna de nuestra entidad<\/p>\n","protected":false},"author":2,"featured_media":9322,"comment_status":"open","ping_status":"open","sticky":false,"template":"","format":"standard","meta":{"ocean_front_end_style_editor":"no","ocean_post_layout":"","ocean_both_sidebars_style":"","ocean_both_sidebars_content_width":0,"ocean_both_sidebars_sidebars_width":0,"ocean_sidebar":"0","ocean_second_sidebar":"0","ocean_disable_margins":"enable","ocean_add_body_class":"","ocean_shortcode_before_top_bar":"","ocean_shortcode_after_top_bar":"","ocean_shortcode_before_header":"","ocean_shortcode_after_header":"","ocean_has_shortcode":"","ocean_shortcode_after_title":"","ocean_shortcode_before_footer_widgets":"","ocean_shortcode_after_footer_widgets":"","ocean_shortcode_before_footer_bottom":"","ocean_shortcode_after_footer_bottom":"","ocean_display_top_bar":"default","ocean_display_header":"default","ocean_header_style":"","ocean_center_header_left_menu":"0","ocean_custom_header_template":"0","ocean_custom_logo":0,"ocean_custom_retina_logo":0,"ocean_custom_logo_max_width":0,"ocean_custom_logo_tablet_max_width":0,"ocean_custom_logo_mobile_max_width":0,"ocean_custom_logo_max_height":0,"ocean_custom_logo_tablet_max_height":0,"ocean_custom_logo_mobile_max_height":0,"ocean_header_custom_menu":"0","ocean_menu_typo_font_family":"0","ocean_menu_typo_font_subset":"","ocean_menu_typo_font_size":0,"ocean_menu_typo_font_size_tablet":0,"ocean_menu_typo_font_size_mobile":0,"ocean_menu_typo_font_size_unit":"px","ocean_menu_typo_font_weight":"","ocean_menu_typo_font_weight_tablet":"","ocean_menu_typo_font_weight_mobile":"","ocean_menu_typo_transform":"","ocean_menu_typo_transform_tablet":"","ocean_menu_typo_transform_mobile":"","ocean_menu_typo_line_height":0,"ocean_menu_typo_line_height_tablet":0,"ocean_menu_typo_line_height_mobile":0,"ocean_menu_typo_line_height_unit":"","ocean_menu_typo_spacing":0,"ocean_menu_typo_spacing_tablet":0,"ocean_menu_typo_spacing_mobile":0,"ocean_menu_typo_spacing_unit":"","ocean_menu_link_color":"","ocean_menu_link_color_hover":"","ocean_menu_link_color_active":"","ocean_menu_link_background":"","ocean_menu_link_hover_background":"","ocean_menu_link_active_background":"","ocean_menu_social_links_bg":"","ocean_menu_social_hover_links_bg":"","ocean_menu_social_links_color":"","ocean_menu_social_hover_links_color":"","ocean_disable_title":"default","ocean_disable_heading":"default","ocean_post_title":"","ocean_post_subheading":"","ocean_post_title_style":"","ocean_post_title_background_color":"","ocean_post_title_background":0,"ocean_post_title_bg_image_position":"","ocean_post_title_bg_image_attachment":"","ocean_post_title_bg_image_repeat":"","ocean_post_title_bg_image_size":"","ocean_post_title_height":0,"ocean_post_title_bg_overlay":0.5,"ocean_post_title_bg_overlay_color":"","ocean_disable_breadcrumbs":"default","ocean_breadcrumbs_color":"","ocean_breadcrumbs_separator_color":"","ocean_breadcrumbs_links_color":"","ocean_breadcrumbs_links_hover_color":"","ocean_display_footer_widgets":"default","ocean_display_footer_bottom":"default","ocean_custom_footer_template":"0","ocean_post_oembed":"","ocean_post_self_hosted_media":"","ocean_post_video_embed":"","ocean_link_format":"","ocean_link_format_target":"self","ocean_quote_format":"","ocean_quote_format_link":"post","ocean_gallery_link_images":"off","ocean_gallery_id":[],"footnotes":""},"categories":[8],"tags":[113,114,56],"class_list":["post-9324","post","type-post","status-publish","format-standard","has-post-thumbnail","hentry","category-noticias","tag-asociacion","tag-juntasdirectivas","tag-trabajoengrupo","entry","has-media"],"yoast_head":"<!-- This site is optimized with the Yoast SEO plugin v28.4 - https:\/\/yoast.com\/product\/yoast-seo-wordpress\/ -->\n<title>Los encuentros semestrales de la Junta ACOTV - Asociaci\u00f3n Catalana de Optometr\u00eda y Terapia Visual<\/title>\n<meta name=\"robots\" content=\"index, follow, max-snippet:-1, max-image-preview:large, max-video-preview:-1\" \/>\n<link rel=\"canonical\" href=\"https:\/\/www.acotv.org\/es\/les-trobades-semestrals-de-la-junta-acotv\/\" \/>\n<meta property=\"og:locale\" content=\"es_ES\" \/>\n<meta property=\"og:type\" content=\"article\" \/>\n<meta property=\"og:title\" content=\"Los encuentros semestrales de la Junta ACOTV - Asociaci\u00f3n Catalana de Optometr\u00eda y Terapia Visual\" \/>\n<meta property=\"og:description\" content=\"El 16 de julio de 2023, el equipo directivo de la Junta ACOTV celebr\u00f3 con \u00e9xito su primera reuni\u00f3n semestral del a\u00f1o. Estos encuentros bi-anuales son cruciales para la gesti\u00f3n y comunicaci\u00f3n interna de nuestra entidad\" \/>\n<meta property=\"og:url\" content=\"https:\/\/www.acotv.org\/es\/les-trobades-semestrals-de-la-junta-acotv\/\" \/>\n<meta property=\"og:site_name\" content=\"Asociaci\u00f3n Catalana de Optometr\u00eda y Terapia Visual\" \/>\n<meta property=\"article:published_time\" content=\"2023-10-09T14:21:53+00:00\" \/>\n<meta property=\"article:modified_time\" content=\"2023-10-11T09:18:25+00:00\" \/>\n<meta property=\"og:image\" content=\"https:\/\/www.acotv.org\/wp-content\/uploads\/JuntaDirectiva_juliol23.jpg\" \/>\n\t<meta property=\"og:image:width\" content=\"1024\" \/>\n\t<meta property=\"og:image:height\" content=\"768\" \/>\n\t<meta property=\"og:image:type\" content=\"image\/jpeg\" \/>\n<meta name=\"author\" content=\"ACOTV\" \/>\n<meta name=\"twitter:card\" content=\"summary_large_image\" \/>\n<meta name=\"twitter:label1\" content=\"Escrito por\" \/>\n\t<meta name=\"twitter:data1\" content=\"ACOTV\" \/>\n\t<meta name=\"twitter:label2\" content=\"Tiempo de lectura\" \/>\n\t<meta name=\"twitter:data2\" content=\"2 minutos\" \/>\n<script type=\"application\/ld+json\" class=\"yoast-schema-graph\">{\"@context\":\"https:\\\/\\\/schema.org\",\"@graph\":[{\"@type\":\"Article\",\"@id\":\"https:\\\/\\\/www.acotv.org\\\/es\\\/les-trobades-semestrals-de-la-junta-acotv\\\/#article\",\"isPartOf\":{\"@id\":\"https:\\\/\\\/www.acotv.org\\\/es\\\/les-trobades-semestrals-de-la-junta-acotv\\\/\"},\"author\":{\"name\":\"ACOTV\",\"@id\":\"https:\\\/\\\/www.acotv.org\\\/ca\\\/#\\\/schema\\\/person\\\/0de470fec1dbf9785a7343042d765744\"},\"headline\":\"Los encuentros semestrales de la Junta ACOTV\",\"datePublished\":\"2023-10-09T14:21:53+00:00\",\"dateModified\":\"2023-10-11T09:18:25+00:00\",\"mainEntityOfPage\":{\"@id\":\"https:\\\/\\\/www.acotv.org\\\/es\\\/les-trobades-semestrals-de-la-junta-acotv\\\/\"},\"wordCount\":361,\"commentCount\":0,\"image\":{\"@id\":\"https:\\\/\\\/www.acotv.org\\\/es\\\/les-trobades-semestrals-de-la-junta-acotv\\\/#primaryimage\"},\"thumbnailUrl\":\"https:\\\/\\\/www.acotv.org\\\/wp-content\\\/uploads\\\/JuntaDirectiva_juliol23.jpg\",\"keywords\":[\"#Asociaci\u00f3n\",\"#JuntasDirectivas\",\"trabajoengrupo\"],\"articleSection\":[\"Noticias\"],\"inLanguage\":\"es\",\"potentialAction\":[{\"@type\":\"CommentAction\",\"name\":\"Comment\",\"target\":[\"https:\\\/\\\/www.acotv.org\\\/es\\\/les-trobades-semestrals-de-la-junta-acotv\\\/#respond\"]}]},{\"@type\":\"WebPage\",\"@id\":\"https:\\\/\\\/www.acotv.org\\\/es\\\/les-trobades-semestrals-de-la-junta-acotv\\\/\",\"url\":\"https:\\\/\\\/www.acotv.org\\\/es\\\/les-trobades-semestrals-de-la-junta-acotv\\\/\",\"name\":\"Los encuentros semestrales de la Junta ACOTV - Asociaci\u00f3n Catalana de Optometr\u00eda y Terapia Visual\",\"isPartOf\":{\"@id\":\"https:\\\/\\\/www.acotv.org\\\/ca\\\/#website\"},\"primaryImageOfPage\":{\"@id\":\"https:\\\/\\\/www.acotv.org\\\/es\\\/les-trobades-semestrals-de-la-junta-acotv\\\/#primaryimage\"},\"image\":{\"@id\":\"https:\\\/\\\/www.acotv.org\\\/es\\\/les-trobades-semestrals-de-la-junta-acotv\\\/#primaryimage\"},\"thumbnailUrl\":\"https:\\\/\\\/www.acotv.org\\\/wp-content\\\/uploads\\\/JuntaDirectiva_juliol23.jpg\",\"datePublished\":\"2023-10-09T14:21:53+00:00\",\"dateModified\":\"2023-10-11T09:18:25+00:00\",\"author\":{\"@id\":\"https:\\\/\\\/www.acotv.org\\\/ca\\\/#\\\/schema\\\/person\\\/0de470fec1dbf9785a7343042d765744\"},\"breadcrumb\":{\"@id\":\"https:\\\/\\\/www.acotv.org\\\/es\\\/les-trobades-semestrals-de-la-junta-acotv\\\/#breadcrumb\"},\"inLanguage\":\"es\",\"potentialAction\":[{\"@type\":\"ReadAction\",\"target\":[\"https:\\\/\\\/www.acotv.org\\\/es\\\/les-trobades-semestrals-de-la-junta-acotv\\\/\"]}]},{\"@type\":\"ImageObject\",\"inLanguage\":\"es\",\"@id\":\"https:\\\/\\\/www.acotv.org\\\/es\\\/les-trobades-semestrals-de-la-junta-acotv\\\/#primaryimage\",\"url\":\"https:\\\/\\\/www.acotv.org\\\/wp-content\\\/uploads\\\/JuntaDirectiva_juliol23.jpg\",\"contentUrl\":\"https:\\\/\\\/www.acotv.org\\\/wp-content\\\/uploads\\\/JuntaDirectiva_juliol23.jpg\",\"width\":1024,\"height\":768},{\"@type\":\"BreadcrumbList\",\"@id\":\"https:\\\/\\\/www.acotv.org\\\/es\\\/les-trobades-semestrals-de-la-junta-acotv\\\/#breadcrumb\",\"itemListElement\":[{\"@type\":\"ListItem\",\"position\":1,\"name\":\"Portada\",\"item\":\"https:\\\/\\\/www.acotv.org\\\/es\\\/\"},{\"@type\":\"ListItem\",\"position\":2,\"name\":\"Los encuentros semestrales de la Junta ACOTV\"}]},{\"@type\":\"WebSite\",\"@id\":\"https:\\\/\\\/www.acotv.org\\\/ca\\\/#website\",\"url\":\"https:\\\/\\\/www.acotv.org\\\/ca\\\/\",\"name\":\"Asociaci\u00f3n Catalana de Optometr\u00eda y Terapia Visual\",\"description\":\"\",\"potentialAction\":[{\"@type\":\"SearchAction\",\"target\":{\"@type\":\"EntryPoint\",\"urlTemplate\":\"https:\\\/\\\/www.acotv.org\\\/ca\\\/?s={search_term_string}\"},\"query-input\":{\"@type\":\"PropertyValueSpecification\",\"valueRequired\":true,\"valueName\":\"search_term_string\"}}],\"inLanguage\":\"es\"},{\"@type\":\"Person\",\"@id\":\"https:\\\/\\\/www.acotv.org\\\/ca\\\/#\\\/schema\\\/person\\\/0de470fec1dbf9785a7343042d765744\",\"name\":\"ACOTV\",\"image\":{\"@type\":\"ImageObject\",\"inLanguage\":\"es\",\"@id\":\"https:\\\/\\\/www.acotv.org\\\/wp-content\\\/uploads\\\/Logo-petit-150x150.jpg\",\"url\":\"https:\\\/\\\/www.acotv.org\\\/wp-content\\\/uploads\\\/Logo-petit-150x150.jpg\",\"contentUrl\":\"https:\\\/\\\/www.acotv.org\\\/wp-content\\\/uploads\\\/Logo-petit-150x150.jpg\",\"caption\":\"ACOTV\"},\"url\":\"https:\\\/\\\/www.acotv.org\\\/es\\\/author\\\/acotv\\\/\"}]}<\/script>\n<!-- \/ Yoast SEO plugin. -->","yoast_head_json":{"title":"Los encuentros semestrales de la Junta ACOTV - Asociaci\u00f3n Catalana de Optometr\u00eda y Terapia Visual","robots":{"index":"index","follow":"follow","max-snippet":"max-snippet:-1","max-image-preview":"max-image-preview:large","max-video-preview":"max-video-preview:-1"},"canonical":"https:\/\/www.acotv.org\/es\/les-trobades-semestrals-de-la-junta-acotv\/","og_locale":"es_ES","og_type":"article","og_title":"Los encuentros semestrales de la Junta ACOTV - Asociaci\u00f3n Catalana de Optometr\u00eda y Terapia Visual","og_description":"El 16 de julio de 2023, el equipo directivo de la Junta ACOTV celebr\u00f3 con \u00e9xito su primera reuni\u00f3n semestral del a\u00f1o. Estos encuentros bi-anuales son cruciales para la gesti\u00f3n y comunicaci\u00f3n interna de nuestra entidad","og_url":"https:\/\/www.acotv.org\/es\/les-trobades-semestrals-de-la-junta-acotv\/","og_site_name":"Asociaci\u00f3n Catalana de Optometr\u00eda y Terapia Visual","article_published_time":"2023-10-09T14:21:53+00:00","article_modified_time":"2023-10-11T09:18:25+00:00","og_image":[{"width":1024,"height":768,"url":"https:\/\/www.acotv.org\/wp-content\/uploads\/JuntaDirectiva_juliol23.jpg","type":"image\/jpeg"}],"author":"ACOTV","twitter_card":"summary_large_image","twitter_misc":{"Escrito por":"ACOTV","Tiempo de lectura":"2 minutos"},"schema":{"@context":"https:\/\/schema.org","@graph":[{"@type":"Article","@id":"https:\/\/www.acotv.org\/es\/les-trobades-semestrals-de-la-junta-acotv\/#article","isPartOf":{"@id":"https:\/\/www.acotv.org\/es\/les-trobades-semestrals-de-la-junta-acotv\/"},"author":{"name":"ACOTV","@id":"https:\/\/www.acotv.org\/ca\/#\/schema\/person\/0de470fec1dbf9785a7343042d765744"},"headline":"Los encuentros semestrales de la Junta ACOTV","datePublished":"2023-10-09T14:21:53+00:00","dateModified":"2023-10-11T09:18:25+00:00","mainEntityOfPage":{"@id":"https:\/\/www.acotv.org\/es\/les-trobades-semestrals-de-la-junta-acotv\/"},"wordCount":361,"commentCount":0,"image":{"@id":"https:\/\/www.acotv.org\/es\/les-trobades-semestrals-de-la-junta-acotv\/#primaryimage"},"thumbnailUrl":"https:\/\/www.acotv.org\/wp-content\/uploads\/JuntaDirectiva_juliol23.jpg","keywords":["#Asociaci\u00f3n","#JuntasDirectivas","trabajoengrupo"],"articleSection":["Noticias"],"inLanguage":"es","potentialAction":[{"@type":"CommentAction","name":"Comment","target":["https:\/\/www.acotv.org\/es\/les-trobades-semestrals-de-la-junta-acotv\/#respond"]}]},{"@type":"WebPage","@id":"https:\/\/www.acotv.org\/es\/les-trobades-semestrals-de-la-junta-acotv\/","url":"https:\/\/www.acotv.org\/es\/les-trobades-semestrals-de-la-junta-acotv\/","name":"Los encuentros semestrales de la Junta ACOTV - Asociaci\u00f3n Catalana de Optometr\u00eda y Terapia Visual","isPartOf":{"@id":"https:\/\/www.acotv.org\/ca\/#website"},"primaryImageOfPage":{"@id":"https:\/\/www.acotv.org\/es\/les-trobades-semestrals-de-la-junta-acotv\/#primaryimage"},"image":{"@id":"https:\/\/www.acotv.org\/es\/les-trobades-semestrals-de-la-junta-acotv\/#primaryimage"},"thumbnailUrl":"https:\/\/www.acotv.org\/wp-content\/uploads\/JuntaDirectiva_juliol23.jpg","datePublished":"2023-10-09T14:21:53+00:00","dateModified":"2023-10-11T09:18:25+00:00","author":{"@id":"https:\/\/www.acotv.org\/ca\/#\/schema\/person\/0de470fec1dbf9785a7343042d765744"},"breadcrumb":{"@id":"https:\/\/www.acotv.org\/es\/les-trobades-semestrals-de-la-junta-acotv\/#breadcrumb"},"inLanguage":"es","potentialAction":[{"@type":"ReadAction","target":["https:\/\/www.acotv.org\/es\/les-trobades-semestrals-de-la-junta-acotv\/"]}]},{"@type":"ImageObject","inLanguage":"es","@id":"https:\/\/www.acotv.org\/es\/les-trobades-semestrals-de-la-junta-acotv\/#primaryimage","url":"https:\/\/www.acotv.org\/wp-content\/uploads\/JuntaDirectiva_juliol23.jpg","contentUrl":"https:\/\/www.acotv.org\/wp-content\/uploads\/JuntaDirectiva_juliol23.jpg","width":1024,"height":768},{"@type":"BreadcrumbList","@id":"https:\/\/www.acotv.org\/es\/les-trobades-semestrals-de-la-junta-acotv\/#breadcrumb","itemListElement":[{"@type":"ListItem","position":1,"name":"Portada","item":"https:\/\/www.acotv.org\/es\/"},{"@type":"ListItem","position":2,"name":"Los encuentros semestrales de la Junta ACOTV"}]},{"@type":"WebSite","@id":"https:\/\/www.acotv.org\/ca\/#website","url":"https:\/\/www.acotv.org\/ca\/","name":"Asociaci\u00f3n Catalana de Optometr\u00eda y Terapia Visual","description":"","potentialAction":[{"@type":"SearchAction","target":{"@type":"EntryPoint","urlTemplate":"https:\/\/www.acotv.org\/ca\/?s={search_term_string}"},"query-input":{"@type":"PropertyValueSpecification","valueRequired":true,"valueName":"search_term_string"}}],"inLanguage":"es"},{"@type":"Person","@id":"https:\/\/www.acotv.org\/ca\/#\/schema\/person\/0de470fec1dbf9785a7343042d765744","name":"ACOTV","image":{"@type":"ImageObject","inLanguage":"es","@id":"https:\/\/www.acotv.org\/wp-content\/uploads\/Logo-petit-150x150.jpg","url":"https:\/\/www.acotv.org\/wp-content\/uploads\/Logo-petit-150x150.jpg","contentUrl":"https:\/\/www.acotv.org\/wp-content\/uploads\/Logo-petit-150x150.jpg","caption":"ACOTV"},"url":"https:\/\/www.acotv.org\/es\/author\/acotv\/"}]}},"_links":{"self":[{"href":"https:\/\/www.acotv.org\/es\/wp-json\/wp\/v2\/posts\/9324","targetHints":{"allow":["GET"]}}],"collection":[{"href":"https:\/\/www.acotv.org\/es\/wp-json\/wp\/v2\/posts"}],"about":[{"href":"https:\/\/www.acotv.org\/es\/wp-json\/wp\/v2\/types\/post"}],"author":[{"embeddable":true,"href":"https:\/\/www.acotv.org\/es\/wp-json\/wp\/v2\/users\/2"}],"replies":[{"embeddable":true,"href":"https:\/\/www.acotv.org\/es\/wp-json\/wp\/v2\/comments?post=9324"}],"version-history":[{"count":2,"href":"https:\/\/www.acotv.org\/es\/wp-json\/wp\/v2\/posts\/9324\/revisions"}],"predecessor-version":[{"id":9441,"href":"https:\/\/www.acotv.org\/es\/wp-json\/wp\/v2\/posts\/9324\/revisions\/9441"}],"wp:featuredmedia":[{"embeddable":true,"href":"https:\/\/www.acotv.org\/es\/wp-json\/wp\/v2\/media\/9322"}],"wp:attachment":[{"href":"https:\/\/www.acotv.org\/es\/wp-json\/wp\/v2\/media?parent=9324"}],"wp:term":[{"taxonomy":"category","embeddable":true,"href":"https:\/\/www.acotv.org\/es\/wp-json\/wp\/v2\/categories?post=9324"},{"taxonomy":"post_tag","embeddable":true,"href":"https:\/\/www.acotv.org\/es\/wp-json\/wp\/v2\/tags?post=9324"}],"curies":[{"name":"wp","href":"https:\/\/api.w.org\/{rel}","templated":true}]}}