{"id":8969,"date":"2023-06-30T18:36:11","date_gmt":"2023-06-30T16:36:11","guid":{"rendered":"https:\/\/www.acotv.org\/seguim-difonem-la-recerca\/"},"modified":"2023-07-03T13:35:18","modified_gmt":"2023-07-03T11:35:18","slug":"seguim-difonem-la-recerca","status":"publish","type":"post","link":"https:\/\/www.acotv.org\/es\/seguim-difonem-la-recerca\/","title":{"rendered":"Seguimos difundiendo la investigaci\u00f3n"},"content":{"rendered":"\n<p class=\"wp-block-paragraph\">El pasado domingo 25 de junio, el coordinador del \u00c1rea de investigaci\u00f3n de ACOTV, <mark style=\"background-color:rgba(0, 0, 0, 0)\" class=\"has-inline-color has-vivid-cyan-blue-color\"><strong>Bernat Sunyer<\/strong>,<\/mark> particip\u00f3 en la conferencia virtual organizada por el Australian College of Syntonics, desde la que pudo compartir una vez m\u00e1s los resultados obtenidos en las \u00faltimas investigaciones realizadas en el \u00e1mbito de la fototerapia por nuestro grupo.<\/p>\n\n\n\n<p class=\"wp-block-paragraph\">Concretamente se compartieron los resultados del estudio \u00abConectividad funcional de las redes cerebrales con tres longitudes de onda monocrom\u00e1tica :<sup> <\/sup>estudio piloto utilizando im\u00e1genes de resonancia magn\u00e9tica funcional\u00bb.<br><br>La investigaci\u00f3n creciente indica que la exposici\u00f3n a la luz puede tener un impacto positivo en m\u00faltiples problemas relacionados con la salud. En la pr\u00e1ctica optom\u00e9trica, el uso de la luz se ha utilizado durante d\u00e9cadas en el tratamiento de disfunciones visuales. Pese al uso extendido de la fotoestimulaci\u00f3n optom\u00e9trica, la evidencia cient\u00edfica es escasa y el alcance y ubicaci\u00f3n de los cambios en las \u00e1reas del cerebro causados por exposici\u00f3n a la luz monocrom\u00e1tica siguen siendo en gran parte desconocidos.<\/p>\n\n\n\n<p class=\"wp-block-paragraph\">Con la presentaci\u00f3n de los resultados de este estudio piloto, se ha intentado proporcionar informaci\u00f3n sobre c\u00f3mo las diferentes longitudes monocrom\u00e1ticas de onda pueden afectar a las regiones cerebrales no visuales.<\/p>\n\n\n\n<p class=\"wp-block-paragraph\">La presentaci\u00f3n se llev\u00f3 a cabo online por parte de la coordinaci\u00f3n del \u00c1rea de Investigaci\u00f3n, aunque no hubiera estado nada mal visitar Sidney!<\/p>\n\n\n\n<p class=\"wp-block-paragraph\"><\/p>\n","protected":false},"excerpt":{"rendered":"<p>El pasado domingo 25 de junio, el coordinador del \u00c1rea de investigaci\u00f3n de ACOTV, Bernat Sunyer, particip\u00f3 en la conferencia virtual organizada por el Australian College of Syntonics.<\/p>\n","protected":false},"author":2,"featured_media":8892,"comment_status":"open","ping_status":"open","sticky":false,"template":"","format":"standard","meta":{"ocean_front_end_style_editor":"no","ocean_post_layout":"","ocean_both_sidebars_style":"","ocean_both_sidebars_content_width":0,"ocean_both_sidebars_sidebars_width":0,"ocean_sidebar":"0","ocean_second_sidebar":"0","ocean_disable_margins":"enable","ocean_add_body_class":"","ocean_shortcode_before_top_bar":"","ocean_shortcode_after_top_bar":"","ocean_shortcode_before_header":"","ocean_shortcode_after_header":"","ocean_has_shortcode":"","ocean_shortcode_after_title":"","ocean_shortcode_before_footer_widgets":"","ocean_shortcode_after_footer_widgets":"","ocean_shortcode_before_footer_bottom":"","ocean_shortcode_after_footer_bottom":"","ocean_display_top_bar":"default","ocean_display_header":"default","ocean_header_style":"","ocean_center_header_left_menu":"0","ocean_custom_header_template":"0","ocean_custom_logo":0,"ocean_custom_retina_logo":0,"ocean_custom_logo_max_width":0,"ocean_custom_logo_tablet_max_width":0,"ocean_custom_logo_mobile_max_width":0,"ocean_custom_logo_max_height":0,"ocean_custom_logo_tablet_max_height":0,"ocean_custom_logo_mobile_max_height":0,"ocean_header_custom_menu":"0","ocean_menu_typo_font_family":"0","ocean_menu_typo_font_subset":"","ocean_menu_typo_font_size":0,"ocean_menu_typo_font_size_tablet":0,"ocean_menu_typo_font_size_mobile":0,"ocean_menu_typo_font_size_unit":"px","ocean_menu_typo_font_weight":"","ocean_menu_typo_font_weight_tablet":"","ocean_menu_typo_font_weight_mobile":"","ocean_menu_typo_transform":"","ocean_menu_typo_transform_tablet":"","ocean_menu_typo_transform_mobile":"","ocean_menu_typo_line_height":0,"ocean_menu_typo_line_height_tablet":0,"ocean_menu_typo_line_height_mobile":0,"ocean_menu_typo_line_height_unit":"","ocean_menu_typo_spacing":0,"ocean_menu_typo_spacing_tablet":0,"ocean_menu_typo_spacing_mobile":0,"ocean_menu_typo_spacing_unit":"","ocean_menu_link_color":"","ocean_menu_link_color_hover":"","ocean_menu_link_color_active":"","ocean_menu_link_background":"","ocean_menu_link_hover_background":"","ocean_menu_link_active_background":"","ocean_menu_social_links_bg":"","ocean_menu_social_hover_links_bg":"","ocean_menu_social_links_color":"","ocean_menu_social_hover_links_color":"","ocean_disable_title":"default","ocean_disable_heading":"default","ocean_post_title":"","ocean_post_subheading":"","ocean_post_title_style":"","ocean_post_title_background_color":"","ocean_post_title_background":0,"ocean_post_title_bg_image_position":"","ocean_post_title_bg_image_attachment":"","ocean_post_title_bg_image_repeat":"","ocean_post_title_bg_image_size":"","ocean_post_title_height":0,"ocean_post_title_bg_overlay":0.5,"ocean_post_title_bg_overlay_color":"","ocean_disable_breadcrumbs":"default","ocean_breadcrumbs_color":"","ocean_breadcrumbs_separator_color":"","ocean_breadcrumbs_links_color":"","ocean_breadcrumbs_links_hover_color":"","ocean_display_footer_widgets":"default","ocean_display_footer_bottom":"default","ocean_custom_footer_template":"0","ocean_post_oembed":"","ocean_post_self_hosted_media":"","ocean_post_video_embed":"","ocean_link_format":"","ocean_link_format_target":"self","ocean_quote_format":"","ocean_quote_format_link":"post","ocean_gallery_link_images":"off","ocean_gallery_id":[],"footnotes":""},"categories":[8],"tags":[108,60,144,61,56],"class_list":["post-8969","post","type-post","status-publish","format-standard","has-post-thumbnail","hentry","category-noticias","tag-femacotv-2","tag-optometria","tag-recerca-es","tag-terapiavisual","tag-trabajoengrupo","entry","has-media"],"yoast_head":"<!-- This site is optimized with the Yoast SEO plugin v28.4 - https:\/\/yoast.com\/product\/yoast-seo-wordpress\/ -->\n<title>Seguimos difundiendo la investigaci\u00f3n - Asociaci\u00f3n Catalana de Optometr\u00eda y Terapia Visual<\/title>\n<meta name=\"robots\" content=\"index, follow, max-snippet:-1, max-image-preview:large, max-video-preview:-1\" \/>\n<link rel=\"canonical\" href=\"https:\/\/www.acotv.org\/es\/seguim-difonem-la-recerca\/\" \/>\n<meta property=\"og:locale\" content=\"es_ES\" \/>\n<meta property=\"og:type\" content=\"article\" \/>\n<meta property=\"og:title\" content=\"Seguimos difundiendo la investigaci\u00f3n - Asociaci\u00f3n Catalana de Optometr\u00eda y Terapia Visual\" \/>\n<meta property=\"og:description\" content=\"El pasado domingo 25 de junio, el coordinador del \u00c1rea de investigaci\u00f3n de ACOTV, Bernat Sunyer, particip\u00f3 en la conferencia virtual organizada por el Australian College of Syntonics.\" \/>\n<meta property=\"og:url\" content=\"https:\/\/www.acotv.org\/es\/seguim-difonem-la-recerca\/\" \/>\n<meta property=\"og:site_name\" content=\"Asociaci\u00f3n Catalana de Optometr\u00eda y Terapia Visual\" \/>\n<meta property=\"article:published_time\" content=\"2023-06-30T16:36:11+00:00\" \/>\n<meta property=\"article:modified_time\" content=\"2023-07-03T11:35:18+00:00\" \/>\n<meta property=\"og:image\" content=\"https:\/\/www.acotv.org\/wp-content\/uploads\/A.Recerca_2nT1.jpg\" \/>\n\t<meta property=\"og:image:width\" content=\"1581\" \/>\n\t<meta property=\"og:image:height\" content=\"873\" \/>\n\t<meta property=\"og:image:type\" content=\"image\/jpeg\" \/>\n<meta name=\"author\" content=\"ACOTV\" \/>\n<meta name=\"twitter:card\" content=\"summary_large_image\" \/>\n<meta name=\"twitter:label1\" content=\"Escrito por\" \/>\n\t<meta name=\"twitter:data1\" content=\"ACOTV\" \/>\n\t<meta name=\"twitter:label2\" content=\"Tiempo de lectura\" \/>\n\t<meta name=\"twitter:data2\" content=\"1 minuto\" \/>\n<script type=\"application\/ld+json\" class=\"yoast-schema-graph\">{\"@context\":\"https:\\\/\\\/schema.org\",\"@graph\":[{\"@type\":\"Article\",\"@id\":\"https:\\\/\\\/www.acotv.org\\\/es\\\/seguim-difonem-la-recerca\\\/#article\",\"isPartOf\":{\"@id\":\"https:\\\/\\\/www.acotv.org\\\/es\\\/seguim-difonem-la-recerca\\\/\"},\"author\":{\"name\":\"ACOTV\",\"@id\":\"https:\\\/\\\/www.acotv.org\\\/ca\\\/#\\\/schema\\\/person\\\/0de470fec1dbf9785a7343042d765744\"},\"headline\":\"Seguimos difundiendo la investigaci\u00f3n\",\"datePublished\":\"2023-06-30T16:36:11+00:00\",\"dateModified\":\"2023-07-03T11:35:18+00:00\",\"mainEntityOfPage\":{\"@id\":\"https:\\\/\\\/www.acotv.org\\\/es\\\/seguim-difonem-la-recerca\\\/\"},\"wordCount\":244,\"commentCount\":0,\"image\":{\"@id\":\"https:\\\/\\\/www.acotv.org\\\/es\\\/seguim-difonem-la-recerca\\\/#primaryimage\"},\"thumbnailUrl\":\"https:\\\/\\\/www.acotv.org\\\/wp-content\\\/uploads\\\/A.Recerca_2nT1.jpg\",\"keywords\":[\"#femAcotv\",\"Optometria\",\"recerca\",\"TerapiaVisual\",\"trabajoengrupo\"],\"articleSection\":[\"Noticias\"],\"inLanguage\":\"es\",\"potentialAction\":[{\"@type\":\"CommentAction\",\"name\":\"Comment\",\"target\":[\"https:\\\/\\\/www.acotv.org\\\/es\\\/seguim-difonem-la-recerca\\\/#respond\"]}]},{\"@type\":\"WebPage\",\"@id\":\"https:\\\/\\\/www.acotv.org\\\/es\\\/seguim-difonem-la-recerca\\\/\",\"url\":\"https:\\\/\\\/www.acotv.org\\\/es\\\/seguim-difonem-la-recerca\\\/\",\"name\":\"Seguimos difundiendo la investigaci\u00f3n - Asociaci\u00f3n Catalana de Optometr\u00eda y Terapia Visual\",\"isPartOf\":{\"@id\":\"https:\\\/\\\/www.acotv.org\\\/ca\\\/#website\"},\"primaryImageOfPage\":{\"@id\":\"https:\\\/\\\/www.acotv.org\\\/es\\\/seguim-difonem-la-recerca\\\/#primaryimage\"},\"image\":{\"@id\":\"https:\\\/\\\/www.acotv.org\\\/es\\\/seguim-difonem-la-recerca\\\/#primaryimage\"},\"thumbnailUrl\":\"https:\\\/\\\/www.acotv.org\\\/wp-content\\\/uploads\\\/A.Recerca_2nT1.jpg\",\"datePublished\":\"2023-06-30T16:36:11+00:00\",\"dateModified\":\"2023-07-03T11:35:18+00:00\",\"author\":{\"@id\":\"https:\\\/\\\/www.acotv.org\\\/ca\\\/#\\\/schema\\\/person\\\/0de470fec1dbf9785a7343042d765744\"},\"breadcrumb\":{\"@id\":\"https:\\\/\\\/www.acotv.org\\\/es\\\/seguim-difonem-la-recerca\\\/#breadcrumb\"},\"inLanguage\":\"es\",\"potentialAction\":[{\"@type\":\"ReadAction\",\"target\":[\"https:\\\/\\\/www.acotv.org\\\/es\\\/seguim-difonem-la-recerca\\\/\"]}]},{\"@type\":\"ImageObject\",\"inLanguage\":\"es\",\"@id\":\"https:\\\/\\\/www.acotv.org\\\/es\\\/seguim-difonem-la-recerca\\\/#primaryimage\",\"url\":\"https:\\\/\\\/www.acotv.org\\\/wp-content\\\/uploads\\\/A.Recerca_2nT1.jpg\",\"contentUrl\":\"https:\\\/\\\/www.acotv.org\\\/wp-content\\\/uploads\\\/A.Recerca_2nT1.jpg\",\"width\":1581,\"height\":873},{\"@type\":\"BreadcrumbList\",\"@id\":\"https:\\\/\\\/www.acotv.org\\\/es\\\/seguim-difonem-la-recerca\\\/#breadcrumb\",\"itemListElement\":[{\"@type\":\"ListItem\",\"position\":1,\"name\":\"Portada\",\"item\":\"https:\\\/\\\/www.acotv.org\\\/es\\\/\"},{\"@type\":\"ListItem\",\"position\":2,\"name\":\"Seguimos difundiendo la investigaci\u00f3n\"}]},{\"@type\":\"WebSite\",\"@id\":\"https:\\\/\\\/www.acotv.org\\\/ca\\\/#website\",\"url\":\"https:\\\/\\\/www.acotv.org\\\/ca\\\/\",\"name\":\"Asociaci\u00f3n Catalana de Optometr\u00eda y Terapia Visual\",\"description\":\"\",\"potentialAction\":[{\"@type\":\"SearchAction\",\"target\":{\"@type\":\"EntryPoint\",\"urlTemplate\":\"https:\\\/\\\/www.acotv.org\\\/ca\\\/?s={search_term_string}\"},\"query-input\":{\"@type\":\"PropertyValueSpecification\",\"valueRequired\":true,\"valueName\":\"search_term_string\"}}],\"inLanguage\":\"es\"},{\"@type\":\"Person\",\"@id\":\"https:\\\/\\\/www.acotv.org\\\/ca\\\/#\\\/schema\\\/person\\\/0de470fec1dbf9785a7343042d765744\",\"name\":\"ACOTV\",\"image\":{\"@type\":\"ImageObject\",\"inLanguage\":\"es\",\"@id\":\"https:\\\/\\\/www.acotv.org\\\/wp-content\\\/uploads\\\/Logo-petit-150x150.jpg\",\"url\":\"https:\\\/\\\/www.acotv.org\\\/wp-content\\\/uploads\\\/Logo-petit-150x150.jpg\",\"contentUrl\":\"https:\\\/\\\/www.acotv.org\\\/wp-content\\\/uploads\\\/Logo-petit-150x150.jpg\",\"caption\":\"ACOTV\"},\"url\":\"https:\\\/\\\/www.acotv.org\\\/es\\\/author\\\/acotv\\\/\"}]}<\/script>\n<!-- \/ Yoast SEO plugin. -->","yoast_head_json":{"title":"Seguimos difundiendo la investigaci\u00f3n - Asociaci\u00f3n Catalana de Optometr\u00eda y Terapia Visual","robots":{"index":"index","follow":"follow","max-snippet":"max-snippet:-1","max-image-preview":"max-image-preview:large","max-video-preview":"max-video-preview:-1"},"canonical":"https:\/\/www.acotv.org\/es\/seguim-difonem-la-recerca\/","og_locale":"es_ES","og_type":"article","og_title":"Seguimos difundiendo la investigaci\u00f3n - Asociaci\u00f3n Catalana de Optometr\u00eda y Terapia Visual","og_description":"El pasado domingo 25 de junio, el coordinador del \u00c1rea de investigaci\u00f3n de ACOTV, Bernat Sunyer, particip\u00f3 en la conferencia virtual organizada por el Australian College of Syntonics.","og_url":"https:\/\/www.acotv.org\/es\/seguim-difonem-la-recerca\/","og_site_name":"Asociaci\u00f3n Catalana de Optometr\u00eda y Terapia Visual","article_published_time":"2023-06-30T16:36:11+00:00","article_modified_time":"2023-07-03T11:35:18+00:00","og_image":[{"width":1581,"height":873,"url":"https:\/\/www.acotv.org\/wp-content\/uploads\/A.Recerca_2nT1.jpg","type":"image\/jpeg"}],"author":"ACOTV","twitter_card":"summary_large_image","twitter_misc":{"Escrito por":"ACOTV","Tiempo de lectura":"1 minuto"},"schema":{"@context":"https:\/\/schema.org","@graph":[{"@type":"Article","@id":"https:\/\/www.acotv.org\/es\/seguim-difonem-la-recerca\/#article","isPartOf":{"@id":"https:\/\/www.acotv.org\/es\/seguim-difonem-la-recerca\/"},"author":{"name":"ACOTV","@id":"https:\/\/www.acotv.org\/ca\/#\/schema\/person\/0de470fec1dbf9785a7343042d765744"},"headline":"Seguimos difundiendo la investigaci\u00f3n","datePublished":"2023-06-30T16:36:11+00:00","dateModified":"2023-07-03T11:35:18+00:00","mainEntityOfPage":{"@id":"https:\/\/www.acotv.org\/es\/seguim-difonem-la-recerca\/"},"wordCount":244,"commentCount":0,"image":{"@id":"https:\/\/www.acotv.org\/es\/seguim-difonem-la-recerca\/#primaryimage"},"thumbnailUrl":"https:\/\/www.acotv.org\/wp-content\/uploads\/A.Recerca_2nT1.jpg","keywords":["#femAcotv","Optometria","recerca","TerapiaVisual","trabajoengrupo"],"articleSection":["Noticias"],"inLanguage":"es","potentialAction":[{"@type":"CommentAction","name":"Comment","target":["https:\/\/www.acotv.org\/es\/seguim-difonem-la-recerca\/#respond"]}]},{"@type":"WebPage","@id":"https:\/\/www.acotv.org\/es\/seguim-difonem-la-recerca\/","url":"https:\/\/www.acotv.org\/es\/seguim-difonem-la-recerca\/","name":"Seguimos difundiendo la investigaci\u00f3n - Asociaci\u00f3n Catalana de Optometr\u00eda y Terapia Visual","isPartOf":{"@id":"https:\/\/www.acotv.org\/ca\/#website"},"primaryImageOfPage":{"@id":"https:\/\/www.acotv.org\/es\/seguim-difonem-la-recerca\/#primaryimage"},"image":{"@id":"https:\/\/www.acotv.org\/es\/seguim-difonem-la-recerca\/#primaryimage"},"thumbnailUrl":"https:\/\/www.acotv.org\/wp-content\/uploads\/A.Recerca_2nT1.jpg","datePublished":"2023-06-30T16:36:11+00:00","dateModified":"2023-07-03T11:35:18+00:00","author":{"@id":"https:\/\/www.acotv.org\/ca\/#\/schema\/person\/0de470fec1dbf9785a7343042d765744"},"breadcrumb":{"@id":"https:\/\/www.acotv.org\/es\/seguim-difonem-la-recerca\/#breadcrumb"},"inLanguage":"es","potentialAction":[{"@type":"ReadAction","target":["https:\/\/www.acotv.org\/es\/seguim-difonem-la-recerca\/"]}]},{"@type":"ImageObject","inLanguage":"es","@id":"https:\/\/www.acotv.org\/es\/seguim-difonem-la-recerca\/#primaryimage","url":"https:\/\/www.acotv.org\/wp-content\/uploads\/A.Recerca_2nT1.jpg","contentUrl":"https:\/\/www.acotv.org\/wp-content\/uploads\/A.Recerca_2nT1.jpg","width":1581,"height":873},{"@type":"BreadcrumbList","@id":"https:\/\/www.acotv.org\/es\/seguim-difonem-la-recerca\/#breadcrumb","itemListElement":[{"@type":"ListItem","position":1,"name":"Portada","item":"https:\/\/www.acotv.org\/es\/"},{"@type":"ListItem","position":2,"name":"Seguimos difundiendo la investigaci\u00f3n"}]},{"@type":"WebSite","@id":"https:\/\/www.acotv.org\/ca\/#website","url":"https:\/\/www.acotv.org\/ca\/","name":"Asociaci\u00f3n Catalana de Optometr\u00eda y Terapia Visual","description":"","potentialAction":[{"@type":"SearchAction","target":{"@type":"EntryPoint","urlTemplate":"https:\/\/www.acotv.org\/ca\/?s={search_term_string}"},"query-input":{"@type":"PropertyValueSpecification","valueRequired":true,"valueName":"search_term_string"}}],"inLanguage":"es"},{"@type":"Person","@id":"https:\/\/www.acotv.org\/ca\/#\/schema\/person\/0de470fec1dbf9785a7343042d765744","name":"ACOTV","image":{"@type":"ImageObject","inLanguage":"es","@id":"https:\/\/www.acotv.org\/wp-content\/uploads\/Logo-petit-150x150.jpg","url":"https:\/\/www.acotv.org\/wp-content\/uploads\/Logo-petit-150x150.jpg","contentUrl":"https:\/\/www.acotv.org\/wp-content\/uploads\/Logo-petit-150x150.jpg","caption":"ACOTV"},"url":"https:\/\/www.acotv.org\/es\/author\/acotv\/"}]}},"_links":{"self":[{"href":"https:\/\/www.acotv.org\/es\/wp-json\/wp\/v2\/posts\/8969","targetHints":{"allow":["GET"]}}],"collection":[{"href":"https:\/\/www.acotv.org\/es\/wp-json\/wp\/v2\/posts"}],"about":[{"href":"https:\/\/www.acotv.org\/es\/wp-json\/wp\/v2\/types\/post"}],"author":[{"embeddable":true,"href":"https:\/\/www.acotv.org\/es\/wp-json\/wp\/v2\/users\/2"}],"replies":[{"embeddable":true,"href":"https:\/\/www.acotv.org\/es\/wp-json\/wp\/v2\/comments?post=8969"}],"version-history":[{"count":3,"href":"https:\/\/www.acotv.org\/es\/wp-json\/wp\/v2\/posts\/8969\/revisions"}],"predecessor-version":[{"id":8982,"href":"https:\/\/www.acotv.org\/es\/wp-json\/wp\/v2\/posts\/8969\/revisions\/8982"}],"wp:featuredmedia":[{"embeddable":true,"href":"https:\/\/www.acotv.org\/es\/wp-json\/wp\/v2\/media\/8892"}],"wp:attachment":[{"href":"https:\/\/www.acotv.org\/es\/wp-json\/wp\/v2\/media?parent=8969"}],"wp:term":[{"taxonomy":"category","embeddable":true,"href":"https:\/\/www.acotv.org\/es\/wp-json\/wp\/v2\/categories?post=8969"},{"taxonomy":"post_tag","embeddable":true,"href":"https:\/\/www.acotv.org\/es\/wp-json\/wp\/v2\/tags?post=8969"}],"curies":[{"name":"wp","href":"https:\/\/api.w.org\/{rel}","templated":true}]}}