{"id":8831,"date":"2023-06-27T16:54:00","date_gmt":"2023-06-27T14:54:00","guid":{"rendered":"https:\/\/www.acotv.org\/celebrada-lassemblea-general-2023\/"},"modified":"2023-07-03T13:08:39","modified_gmt":"2023-07-03T11:08:39","slug":"celebrada-lasamblea-general-2023","status":"publish","type":"post","link":"https:\/\/www.acotv.org\/es\/celebrada-lasamblea-general-2023\/","title":{"rendered":"Celebrada la Asamblea General 2023"},"content":{"rendered":"\n<p class=\"wp-block-paragraph\">El 16 de mayo 2023, aprovechando la franja horaria del mediod\u00eda, se llev\u00f3 a cabo el encuentro anual de la Asociaci\u00f3n online para facilitar la m\u00e1xima participaci\u00f3n en el grupo.<\/p>\n\n\n\n<p class=\"wp-block-paragraph\">Como ya es habitual, unos d\u00edas previos a la celebraci\u00f3n de las asambleas anuales de la ACOTV se hizo llegar a las personas convocadas el resumen detallado de las actividades cumplidas por la ACOTV durante el \u00faltimo ejercicio, que se recogen en el documento de la <strong>Memoria de actividades 2022.<\/strong> Una vez validada, la Memoria fue aprobada por la Asamblea General junto con los presupuestos de 2023.<\/p>\n\n\n\n<p class=\"wp-block-paragraph\">La asamblea se estructur\u00f3 en dos grandes bloques indicados como puntos en el orden del d\u00eda de la convocatoria. Un primer punto m\u00e1s estructural en el que se present\u00f3 y analiz\u00f3 la parte m\u00e1s t\u00e9cnica de la gesti\u00f3n econ\u00f3mica de 2022 y las previsiones para 2023, y un segundo m\u00e1s centrado en el debate y la resoluci\u00f3n para hacer una valoraci\u00f3n de los logros alcanzados y retos que se afrontan actualmente como grupo.&nbsp;<\/p>\n\n\n\n<p class=\"wp-block-paragraph\">La presidenta de la ACOTV, Ana Garc\u00eda, fue la encargada de abrir la sesi\u00f3n y dar paso a las intervenciones de diferentes miembros de la entidad que presentaron las informaciones. La suma de aportaciones a trav\u00e9s de distintas voces e intervenciones fue algo destacable durante la sesi\u00f3n, dado que propici\u00f3 una actividad din\u00e1mica a trav\u00e9s de la cual un gran n\u00famero de los actores implicados en el funcionamiento del engranaje de la asociaci\u00f3n tuvieron la oportunidad de exponer las acciones realizadas y comentarlas con sus compa\u00f1eros.<\/p>\n\n\n\n<p class=\"wp-block-paragraph\">Mediante un r\u00e1pido resumen de la actividad llevada a cabo por las diferentes delegaciones a trav\u00e9s del ReUniOn, la portavoz y delegada de cada zona expuso las conclusiones obtenidas en los encuentros y posibles ideas a trabajar conjuntamente.<br>El proyecto acciones en las escuelas, que desde hace unos meses est\u00e1 elaborando\u00a0 un grupo de trabajo de la entidad, fue tambi\u00e9n explicado por las miembros que forman parte del mismo y que compartieron as\u00ed su evoluci\u00f3n y futura previsi\u00f3n.<\/p>\n\n\n\n<p class=\"wp-block-paragraph\">Las \u00e1reas de formaci\u00f3n, con un espacio para la menci\u00f3n a la buena evoluci\u00f3n del M\u00e1ster de Optometr\u00eda y Terapia Visual que suma ediciones, junto con el \u00e1rea de investigaci\u00f3n y la actividad ReVisiOn, tambi\u00e9n tuvieron su turno a trav\u00e9s de sus portavoces para comentar los hechos m\u00e1s destacables.<\/p>\n\n\n\n<p class=\"wp-block-paragraph\">De esta forma, con una propuesta que pretend\u00eda optimizar el tiempo dedicado al acto y convertir la asamblea en una actividad \u00e1gil y din\u00e1mica, un a\u00f1o m\u00e1s la ACOTV ha logrado una buena participaci\u00f3n en su encuentro anual. <\/p>\n\n\n\n<p class=\"wp-block-paragraph\">Si quieres saber m\u00e1s te acercamos la <mark style=\"background-color:rgba(0, 0, 0, 0)\" class=\"has-inline-color has-vivid-cyan-blue-color\"><strong>Memoria de Actividades 2022 de la ACOTV<\/strong><\/mark>.<\/p>\n\n\n\n<div style=\"position: relative; padding-top: 150%;\"><iframe src=\"https:\/\/iframe.mediadelivery.net\/embed\/134692\/176ed4b5-efe5-423f-80b9-fbc70c58ba76?autoplay=true\" loading=\"lazy\" style=\"border: none; position: absolute; top: 0; height: 100%; width: 100%;\" allow=\"accelerometer; gyroscope; autoplay; encrypted-media; picture-in-picture;\" allowfullscreen=\"true\"><\/iframe><\/div>\n\n\n\n<p class=\"wp-block-paragraph\"><\/p>\n","protected":false},"excerpt":{"rendered":"<p>El 16 de mayo 2023, aprovechando la franja horaria del mediod\u00eda, se llev\u00f3 a cabo el encuentro anual de la Asociaci\u00f3n online para facilitar la m\u00e1xima participaci\u00f3n en el grupo.<\/p>\n","protected":false},"author":2,"featured_media":8829,"comment_status":"open","ping_status":"open","sticky":false,"template":"","format":"standard","meta":{"ocean_front_end_style_editor":"no","ocean_post_layout":"","ocean_both_sidebars_style":"","ocean_both_sidebars_content_width":0,"ocean_both_sidebars_sidebars_width":0,"ocean_sidebar":"0","ocean_second_sidebar":"0","ocean_disable_margins":"enable","ocean_add_body_class":"","ocean_shortcode_before_top_bar":"","ocean_shortcode_after_top_bar":"","ocean_shortcode_before_header":"","ocean_shortcode_after_header":"","ocean_has_shortcode":"","ocean_shortcode_after_title":"","ocean_shortcode_before_footer_widgets":"","ocean_shortcode_after_footer_widgets":"","ocean_shortcode_before_footer_bottom":"","ocean_shortcode_after_footer_bottom":"","ocean_display_top_bar":"default","ocean_display_header":"default","ocean_header_style":"","ocean_center_header_left_menu":"0","ocean_custom_header_template":"0","ocean_custom_logo":0,"ocean_custom_retina_logo":0,"ocean_custom_logo_max_width":0,"ocean_custom_logo_tablet_max_width":0,"ocean_custom_logo_mobile_max_width":0,"ocean_custom_logo_max_height":0,"ocean_custom_logo_tablet_max_height":0,"ocean_custom_logo_mobile_max_height":0,"ocean_header_custom_menu":"0","ocean_menu_typo_font_family":"0","ocean_menu_typo_font_subset":"","ocean_menu_typo_font_size":0,"ocean_menu_typo_font_size_tablet":0,"ocean_menu_typo_font_size_mobile":0,"ocean_menu_typo_font_size_unit":"px","ocean_menu_typo_font_weight":"","ocean_menu_typo_font_weight_tablet":"","ocean_menu_typo_font_weight_mobile":"","ocean_menu_typo_transform":"","ocean_menu_typo_transform_tablet":"","ocean_menu_typo_transform_mobile":"","ocean_menu_typo_line_height":0,"ocean_menu_typo_line_height_tablet":0,"ocean_menu_typo_line_height_mobile":0,"ocean_menu_typo_line_height_unit":"","ocean_menu_typo_spacing":0,"ocean_menu_typo_spacing_tablet":0,"ocean_menu_typo_spacing_mobile":0,"ocean_menu_typo_spacing_unit":"","ocean_menu_link_color":"","ocean_menu_link_color_hover":"","ocean_menu_link_color_active":"","ocean_menu_link_background":"","ocean_menu_link_hover_background":"","ocean_menu_link_active_background":"","ocean_menu_social_links_bg":"","ocean_menu_social_hover_links_bg":"","ocean_menu_social_links_color":"","ocean_menu_social_hover_links_color":"","ocean_disable_title":"default","ocean_disable_heading":"default","ocean_post_title":"","ocean_post_subheading":"","ocean_post_title_style":"","ocean_post_title_background_color":"","ocean_post_title_background":0,"ocean_post_title_bg_image_position":"","ocean_post_title_bg_image_attachment":"","ocean_post_title_bg_image_repeat":"","ocean_post_title_bg_image_size":"","ocean_post_title_height":0,"ocean_post_title_bg_overlay":0.5,"ocean_post_title_bg_overlay_color":"","ocean_disable_breadcrumbs":"default","ocean_breadcrumbs_color":"","ocean_breadcrumbs_separator_color":"","ocean_breadcrumbs_links_color":"","ocean_breadcrumbs_links_hover_color":"","ocean_display_footer_widgets":"default","ocean_display_footer_bottom":"default","ocean_custom_footer_template":"0","ocean_post_oembed":"","ocean_post_self_hosted_media":"","ocean_post_video_embed":"","ocean_link_format":"","ocean_link_format_target":"self","ocean_quote_format":"","ocean_quote_format_link":"post","ocean_gallery_link_images":"off","ocean_gallery_id":[],"footnotes":""},"categories":[8],"tags":[113,108,228,99,56],"class_list":["post-8831","post","type-post","status-publish","format-standard","has-post-thumbnail","hentry","category-noticias","tag-asociacion","tag-femacotv-2","tag-asambleas","tag-socios-2","tag-trabajoengrupo","entry","has-media"],"yoast_head":"<!-- This site is optimized with the Yoast SEO plugin v28.4 - https:\/\/yoast.com\/product\/yoast-seo-wordpress\/ -->\n<title>Celebrada la Asamblea General 2023 - Asociaci\u00f3n Catalana de Optometr\u00eda y Terapia Visual<\/title>\n<meta name=\"robots\" content=\"index, follow, max-snippet:-1, max-image-preview:large, max-video-preview:-1\" \/>\n<link rel=\"canonical\" href=\"https:\/\/www.acotv.org\/es\/celebrada-lasamblea-general-2023\/\" \/>\n<meta property=\"og:locale\" content=\"es_ES\" \/>\n<meta property=\"og:type\" content=\"article\" \/>\n<meta property=\"og:title\" content=\"Celebrada la Asamblea General 2023 - Asociaci\u00f3n Catalana de Optometr\u00eda y Terapia Visual\" \/>\n<meta property=\"og:description\" content=\"El 16 de mayo 2023, aprovechando la franja horaria del mediod\u00eda, se llev\u00f3 a cabo el encuentro anual de la Asociaci\u00f3n online para facilitar la m\u00e1xima participaci\u00f3n en el grupo.\" \/>\n<meta property=\"og:url\" content=\"https:\/\/www.acotv.org\/es\/celebrada-lasamblea-general-2023\/\" \/>\n<meta property=\"og:site_name\" content=\"Asociaci\u00f3n Catalana de Optometr\u00eda y Terapia Visual\" \/>\n<meta property=\"article:published_time\" content=\"2023-06-27T14:54:00+00:00\" \/>\n<meta property=\"article:modified_time\" content=\"2023-07-03T11:08:39+00:00\" \/>\n<meta property=\"og:image\" content=\"https:\/\/www.acotv.org\/wp-content\/uploads\/2023-05-16-1.jpg\" \/>\n\t<meta property=\"og:image:width\" content=\"1262\" \/>\n\t<meta property=\"og:image:height\" content=\"907\" \/>\n\t<meta property=\"og:image:type\" content=\"image\/jpeg\" \/>\n<meta name=\"author\" content=\"ACOTV\" \/>\n<meta name=\"twitter:card\" content=\"summary_large_image\" \/>\n<meta name=\"twitter:label1\" content=\"Escrito por\" \/>\n\t<meta name=\"twitter:data1\" content=\"ACOTV\" \/>\n\t<meta name=\"twitter:label2\" content=\"Tiempo de lectura\" \/>\n\t<meta name=\"twitter:data2\" content=\"2 minutos\" \/>\n<script type=\"application\/ld+json\" class=\"yoast-schema-graph\">{\"@context\":\"https:\\\/\\\/schema.org\",\"@graph\":[{\"@type\":\"Article\",\"@id\":\"https:\\\/\\\/www.acotv.org\\\/es\\\/celebrada-lasamblea-general-2023\\\/#article\",\"isPartOf\":{\"@id\":\"https:\\\/\\\/www.acotv.org\\\/es\\\/celebrada-lasamblea-general-2023\\\/\"},\"author\":{\"name\":\"ACOTV\",\"@id\":\"https:\\\/\\\/www.acotv.org\\\/ca\\\/#\\\/schema\\\/person\\\/0de470fec1dbf9785a7343042d765744\"},\"headline\":\"Celebrada la Asamblea General 2023\",\"datePublished\":\"2023-06-27T14:54:00+00:00\",\"dateModified\":\"2023-07-03T11:08:39+00:00\",\"mainEntityOfPage\":{\"@id\":\"https:\\\/\\\/www.acotv.org\\\/es\\\/celebrada-lasamblea-general-2023\\\/\"},\"wordCount\":477,\"commentCount\":0,\"image\":{\"@id\":\"https:\\\/\\\/www.acotv.org\\\/es\\\/celebrada-lasamblea-general-2023\\\/#primaryimage\"},\"thumbnailUrl\":\"https:\\\/\\\/www.acotv.org\\\/wp-content\\\/uploads\\\/2023-05-16-1.jpg\",\"keywords\":[\"#Asociaci\u00f3n\",\"#femAcotv\",\"Asambleas\",\"socios\",\"trabajoengrupo\"],\"articleSection\":[\"Noticias\"],\"inLanguage\":\"es\",\"potentialAction\":[{\"@type\":\"CommentAction\",\"name\":\"Comment\",\"target\":[\"https:\\\/\\\/www.acotv.org\\\/es\\\/celebrada-lasamblea-general-2023\\\/#respond\"]}]},{\"@type\":\"WebPage\",\"@id\":\"https:\\\/\\\/www.acotv.org\\\/es\\\/celebrada-lasamblea-general-2023\\\/\",\"url\":\"https:\\\/\\\/www.acotv.org\\\/es\\\/celebrada-lasamblea-general-2023\\\/\",\"name\":\"Celebrada la Asamblea General 2023 - Asociaci\u00f3n Catalana de Optometr\u00eda y Terapia Visual\",\"isPartOf\":{\"@id\":\"https:\\\/\\\/www.acotv.org\\\/ca\\\/#website\"},\"primaryImageOfPage\":{\"@id\":\"https:\\\/\\\/www.acotv.org\\\/es\\\/celebrada-lasamblea-general-2023\\\/#primaryimage\"},\"image\":{\"@id\":\"https:\\\/\\\/www.acotv.org\\\/es\\\/celebrada-lasamblea-general-2023\\\/#primaryimage\"},\"thumbnailUrl\":\"https:\\\/\\\/www.acotv.org\\\/wp-content\\\/uploads\\\/2023-05-16-1.jpg\",\"datePublished\":\"2023-06-27T14:54:00+00:00\",\"dateModified\":\"2023-07-03T11:08:39+00:00\",\"author\":{\"@id\":\"https:\\\/\\\/www.acotv.org\\\/ca\\\/#\\\/schema\\\/person\\\/0de470fec1dbf9785a7343042d765744\"},\"breadcrumb\":{\"@id\":\"https:\\\/\\\/www.acotv.org\\\/es\\\/celebrada-lasamblea-general-2023\\\/#breadcrumb\"},\"inLanguage\":\"es\",\"potentialAction\":[{\"@type\":\"ReadAction\",\"target\":[\"https:\\\/\\\/www.acotv.org\\\/es\\\/celebrada-lasamblea-general-2023\\\/\"]}]},{\"@type\":\"ImageObject\",\"inLanguage\":\"es\",\"@id\":\"https:\\\/\\\/www.acotv.org\\\/es\\\/celebrada-lasamblea-general-2023\\\/#primaryimage\",\"url\":\"https:\\\/\\\/www.acotv.org\\\/wp-content\\\/uploads\\\/2023-05-16-1.jpg\",\"contentUrl\":\"https:\\\/\\\/www.acotv.org\\\/wp-content\\\/uploads\\\/2023-05-16-1.jpg\",\"width\":1262,\"height\":907},{\"@type\":\"BreadcrumbList\",\"@id\":\"https:\\\/\\\/www.acotv.org\\\/es\\\/celebrada-lasamblea-general-2023\\\/#breadcrumb\",\"itemListElement\":[{\"@type\":\"ListItem\",\"position\":1,\"name\":\"Portada\",\"item\":\"https:\\\/\\\/www.acotv.org\\\/es\\\/\"},{\"@type\":\"ListItem\",\"position\":2,\"name\":\"Celebrada la Asamblea General 2023\"}]},{\"@type\":\"WebSite\",\"@id\":\"https:\\\/\\\/www.acotv.org\\\/ca\\\/#website\",\"url\":\"https:\\\/\\\/www.acotv.org\\\/ca\\\/\",\"name\":\"Asociaci\u00f3n Catalana de Optometr\u00eda y Terapia Visual\",\"description\":\"\",\"potentialAction\":[{\"@type\":\"SearchAction\",\"target\":{\"@type\":\"EntryPoint\",\"urlTemplate\":\"https:\\\/\\\/www.acotv.org\\\/ca\\\/?s={search_term_string}\"},\"query-input\":{\"@type\":\"PropertyValueSpecification\",\"valueRequired\":true,\"valueName\":\"search_term_string\"}}],\"inLanguage\":\"es\"},{\"@type\":\"Person\",\"@id\":\"https:\\\/\\\/www.acotv.org\\\/ca\\\/#\\\/schema\\\/person\\\/0de470fec1dbf9785a7343042d765744\",\"name\":\"ACOTV\",\"image\":{\"@type\":\"ImageObject\",\"inLanguage\":\"es\",\"@id\":\"https:\\\/\\\/www.acotv.org\\\/wp-content\\\/uploads\\\/Logo-petit-150x150.jpg\",\"url\":\"https:\\\/\\\/www.acotv.org\\\/wp-content\\\/uploads\\\/Logo-petit-150x150.jpg\",\"contentUrl\":\"https:\\\/\\\/www.acotv.org\\\/wp-content\\\/uploads\\\/Logo-petit-150x150.jpg\",\"caption\":\"ACOTV\"},\"url\":\"https:\\\/\\\/www.acotv.org\\\/es\\\/author\\\/acotv\\\/\"}]}<\/script>\n<!-- \/ Yoast SEO plugin. -->","yoast_head_json":{"title":"Celebrada la Asamblea General 2023 - Asociaci\u00f3n Catalana de Optometr\u00eda y Terapia Visual","robots":{"index":"index","follow":"follow","max-snippet":"max-snippet:-1","max-image-preview":"max-image-preview:large","max-video-preview":"max-video-preview:-1"},"canonical":"https:\/\/www.acotv.org\/es\/celebrada-lasamblea-general-2023\/","og_locale":"es_ES","og_type":"article","og_title":"Celebrada la Asamblea General 2023 - Asociaci\u00f3n Catalana de Optometr\u00eda y Terapia Visual","og_description":"El 16 de mayo 2023, aprovechando la franja horaria del mediod\u00eda, se llev\u00f3 a cabo el encuentro anual de la Asociaci\u00f3n online para facilitar la m\u00e1xima participaci\u00f3n en el grupo.","og_url":"https:\/\/www.acotv.org\/es\/celebrada-lasamblea-general-2023\/","og_site_name":"Asociaci\u00f3n Catalana de Optometr\u00eda y Terapia Visual","article_published_time":"2023-06-27T14:54:00+00:00","article_modified_time":"2023-07-03T11:08:39+00:00","og_image":[{"width":1262,"height":907,"url":"https:\/\/www.acotv.org\/wp-content\/uploads\/2023-05-16-1.jpg","type":"image\/jpeg"}],"author":"ACOTV","twitter_card":"summary_large_image","twitter_misc":{"Escrito por":"ACOTV","Tiempo de lectura":"2 minutos"},"schema":{"@context":"https:\/\/schema.org","@graph":[{"@type":"Article","@id":"https:\/\/www.acotv.org\/es\/celebrada-lasamblea-general-2023\/#article","isPartOf":{"@id":"https:\/\/www.acotv.org\/es\/celebrada-lasamblea-general-2023\/"},"author":{"name":"ACOTV","@id":"https:\/\/www.acotv.org\/ca\/#\/schema\/person\/0de470fec1dbf9785a7343042d765744"},"headline":"Celebrada la Asamblea General 2023","datePublished":"2023-06-27T14:54:00+00:00","dateModified":"2023-07-03T11:08:39+00:00","mainEntityOfPage":{"@id":"https:\/\/www.acotv.org\/es\/celebrada-lasamblea-general-2023\/"},"wordCount":477,"commentCount":0,"image":{"@id":"https:\/\/www.acotv.org\/es\/celebrada-lasamblea-general-2023\/#primaryimage"},"thumbnailUrl":"https:\/\/www.acotv.org\/wp-content\/uploads\/2023-05-16-1.jpg","keywords":["#Asociaci\u00f3n","#femAcotv","Asambleas","socios","trabajoengrupo"],"articleSection":["Noticias"],"inLanguage":"es","potentialAction":[{"@type":"CommentAction","name":"Comment","target":["https:\/\/www.acotv.org\/es\/celebrada-lasamblea-general-2023\/#respond"]}]},{"@type":"WebPage","@id":"https:\/\/www.acotv.org\/es\/celebrada-lasamblea-general-2023\/","url":"https:\/\/www.acotv.org\/es\/celebrada-lasamblea-general-2023\/","name":"Celebrada la Asamblea General 2023 - Asociaci\u00f3n Catalana de Optometr\u00eda y Terapia Visual","isPartOf":{"@id":"https:\/\/www.acotv.org\/ca\/#website"},"primaryImageOfPage":{"@id":"https:\/\/www.acotv.org\/es\/celebrada-lasamblea-general-2023\/#primaryimage"},"image":{"@id":"https:\/\/www.acotv.org\/es\/celebrada-lasamblea-general-2023\/#primaryimage"},"thumbnailUrl":"https:\/\/www.acotv.org\/wp-content\/uploads\/2023-05-16-1.jpg","datePublished":"2023-06-27T14:54:00+00:00","dateModified":"2023-07-03T11:08:39+00:00","author":{"@id":"https:\/\/www.acotv.org\/ca\/#\/schema\/person\/0de470fec1dbf9785a7343042d765744"},"breadcrumb":{"@id":"https:\/\/www.acotv.org\/es\/celebrada-lasamblea-general-2023\/#breadcrumb"},"inLanguage":"es","potentialAction":[{"@type":"ReadAction","target":["https:\/\/www.acotv.org\/es\/celebrada-lasamblea-general-2023\/"]}]},{"@type":"ImageObject","inLanguage":"es","@id":"https:\/\/www.acotv.org\/es\/celebrada-lasamblea-general-2023\/#primaryimage","url":"https:\/\/www.acotv.org\/wp-content\/uploads\/2023-05-16-1.jpg","contentUrl":"https:\/\/www.acotv.org\/wp-content\/uploads\/2023-05-16-1.jpg","width":1262,"height":907},{"@type":"BreadcrumbList","@id":"https:\/\/www.acotv.org\/es\/celebrada-lasamblea-general-2023\/#breadcrumb","itemListElement":[{"@type":"ListItem","position":1,"name":"Portada","item":"https:\/\/www.acotv.org\/es\/"},{"@type":"ListItem","position":2,"name":"Celebrada la Asamblea General 2023"}]},{"@type":"WebSite","@id":"https:\/\/www.acotv.org\/ca\/#website","url":"https:\/\/www.acotv.org\/ca\/","name":"Asociaci\u00f3n Catalana de Optometr\u00eda y Terapia Visual","description":"","potentialAction":[{"@type":"SearchAction","target":{"@type":"EntryPoint","urlTemplate":"https:\/\/www.acotv.org\/ca\/?s={search_term_string}"},"query-input":{"@type":"PropertyValueSpecification","valueRequired":true,"valueName":"search_term_string"}}],"inLanguage":"es"},{"@type":"Person","@id":"https:\/\/www.acotv.org\/ca\/#\/schema\/person\/0de470fec1dbf9785a7343042d765744","name":"ACOTV","image":{"@type":"ImageObject","inLanguage":"es","@id":"https:\/\/www.acotv.org\/wp-content\/uploads\/Logo-petit-150x150.jpg","url":"https:\/\/www.acotv.org\/wp-content\/uploads\/Logo-petit-150x150.jpg","contentUrl":"https:\/\/www.acotv.org\/wp-content\/uploads\/Logo-petit-150x150.jpg","caption":"ACOTV"},"url":"https:\/\/www.acotv.org\/es\/author\/acotv\/"}]}},"_links":{"self":[{"href":"https:\/\/www.acotv.org\/es\/wp-json\/wp\/v2\/posts\/8831","targetHints":{"allow":["GET"]}}],"collection":[{"href":"https:\/\/www.acotv.org\/es\/wp-json\/wp\/v2\/posts"}],"about":[{"href":"https:\/\/www.acotv.org\/es\/wp-json\/wp\/v2\/types\/post"}],"author":[{"embeddable":true,"href":"https:\/\/www.acotv.org\/es\/wp-json\/wp\/v2\/users\/2"}],"replies":[{"embeddable":true,"href":"https:\/\/www.acotv.org\/es\/wp-json\/wp\/v2\/comments?post=8831"}],"version-history":[{"count":4,"href":"https:\/\/www.acotv.org\/es\/wp-json\/wp\/v2\/posts\/8831\/revisions"}],"predecessor-version":[{"id":8977,"href":"https:\/\/www.acotv.org\/es\/wp-json\/wp\/v2\/posts\/8831\/revisions\/8977"}],"wp:featuredmedia":[{"embeddable":true,"href":"https:\/\/www.acotv.org\/es\/wp-json\/wp\/v2\/media\/8829"}],"wp:attachment":[{"href":"https:\/\/www.acotv.org\/es\/wp-json\/wp\/v2\/media?parent=8831"}],"wp:term":[{"taxonomy":"category","embeddable":true,"href":"https:\/\/www.acotv.org\/es\/wp-json\/wp\/v2\/categories?post=8831"},{"taxonomy":"post_tag","embeddable":true,"href":"https:\/\/www.acotv.org\/es\/wp-json\/wp\/v2\/tags?post=8831"}],"curies":[{"name":"wp","href":"https:\/\/api.w.org\/{rel}","templated":true}]}}