{"id":7738,"date":"2022-12-20T13:43:00","date_gmt":"2022-12-20T12:43:00","guid":{"rendered":"https:\/\/www.acotv.org\/la-formacio-de-lultim-trimestre-del-2022\/"},"modified":"2022-12-29T20:19:00","modified_gmt":"2022-12-29T19:19:00","slug":"la-formacion-del-ultimo-trimestre-del-2022","status":"publish","type":"post","link":"https:\/\/www.acotv.org\/es\/la-formacion-del-ultimo-trimestre-del-2022\/","title":{"rendered":"La formaci\u00f3n del \u00faltimo trimestre del 2022"},"content":{"rendered":"\n<p class=\"wp-block-paragraph\">En estos \u00faltimos meses la oferta formativa de la ACOTV ha sido variada con dos nuevas actividades pensadas para los distintos intereses optom\u00e9tricos.<\/p>\n\n\n\n<p class=\"wp-block-paragraph\">Desde el 15 de noviembre hasta el 15 de diciembre estuvo abierto a trav\u00e9s del Campus formativo de la ACOTV el curso <mark style=\"background-color:rgba(0, 0, 0, 0)\" class=\"has-inline-color has-black-color\"><strong>Diagn\u00f3stico y tratamiento en las alteraciones del procesamiento visual<\/strong><\/mark>. Una actividad de once horas lectivas en Terapia Visual que se ofreci\u00f3 en modalidad en l\u00ednia para facilitar al optometrista que se acerca por primera vez al \u00e1mbito de la optometr\u00eda especializada en Terapia Visual o a todos los profesionales que desean reciclarse poder hacerlo progresivamente.<\/p>\n\n\n\n<p class=\"wp-block-paragraph\">La formaci\u00f3n, guiada por el optometrista<strong><mark style=\"background-color:rgba(0, 0, 0, 0)\" class=\"has-inline-color has-vivid-cyan-blue-color\"> Marcel Bartumeus,<\/mark><\/strong> todo un referente dentro de ACOTV en este formato formativo, estaba dise\u00f1ada para que los profesionales, a su ritmo, durante las horas lectivas de contenidos de esta actividad pudieran acceder desde la plataforma de formaci\u00f3n en l\u00ednia a los v\u00eddeos y materiales did\u00e1cticos de cada apartado del curso.<\/p>\n\n\n\n<p class=\"wp-block-paragraph\">Hab\u00eda una parte te\u00f3rica, una pr\u00e1ctica y una \u00faltima hora para la presentaci\u00f3n de casos cl\u00ednicos y la resoluci\u00f3n de dudas que se llev\u00f3 a cabo en grupo y en directo a trav\u00e9s de videoconferencia con el profesor el pasado 15 de diciembre de 2022 .Los v\u00eddeos de la parte pr\u00e1ctica han sido dise\u00f1ados de forma comprensible para facilitar la observaci\u00f3n del procedimiento y la ejecuci\u00f3n de cada t\u00e9cnica terap\u00e9utica.<\/p>\n\n\n\n<p class=\"wp-block-paragraph\">Tambi\u00e9n desde el inicio, los participantes dispon\u00edan de un canal de comunicaci\u00f3n activo para potenciar el di\u00e1logo entre alumnos y docente a trav\u00e9s del cual se han ido resolviendo distintas consultas realizadas por los participantes.<\/p>\n\n\n\n<p class=\"wp-block-paragraph\">Por otra parte, a petici\u00f3n del grupo que realiz\u00f3 el curso de julio con la <strong><mark style=\"background-color:rgba(0, 0, 0, 0)\" class=\"has-inline-color has-vivid-cyan-blue-color\">Dra. Pilar Plou,<\/mark><\/strong> el pasado 28 de noviembre por la ma\u00f1ana de 9 a 14 h y tambi\u00e9n en l\u00ednia se ofreci\u00f3 un seminario con la misma ponente sobre<strong><mark style=\"background-color:rgba(0, 0, 0, 0)\" class=\"has-inline-color has-black-color\"> lesiones corticales y neuritis \u00f3pticas <\/mark><\/strong>con el objetivo de tener un mayor conocimiento y una mejor respuesta ante los accidentes cerebrovasculares para dar la soluci\u00f3n m\u00e1s efectiva posible.<\/p>\n\n\n\n<p class=\"wp-block-paragraph\">Con estas dos actividades cerr\u00e1bamos el calendario de cursos 2022 en el que se han incluido un total de 5 actividades en las que han participado unos 100 optometristas que han podido complementar su formaci\u00f3n profesional con nuevos conocimientos optom\u00e9tricos.<\/p>\n","protected":false},"excerpt":{"rendered":"<p>En estos \u00faltimos meses la oferta formativa de la ACOTV ha sido variada con dos nuevas actividades pensadas para los distintos intereses optom\u00e9tricos.<\/p>\n","protected":false},"author":2,"featured_media":7715,"comment_status":"open","ping_status":"open","sticky":false,"template":"","format":"standard","meta":{"ocean_front_end_style_editor":"no","ocean_post_layout":"","ocean_both_sidebars_style":"","ocean_both_sidebars_content_width":0,"ocean_both_sidebars_sidebars_width":0,"ocean_sidebar":"0","ocean_second_sidebar":"0","ocean_disable_margins":"enable","ocean_add_body_class":"","ocean_shortcode_before_top_bar":"","ocean_shortcode_after_top_bar":"","ocean_shortcode_before_header":"","ocean_shortcode_after_header":"","ocean_has_shortcode":"","ocean_shortcode_after_title":"","ocean_shortcode_before_footer_widgets":"","ocean_shortcode_after_footer_widgets":"","ocean_shortcode_before_footer_bottom":"","ocean_shortcode_after_footer_bottom":"","ocean_display_top_bar":"default","ocean_display_header":"default","ocean_header_style":"","ocean_center_header_left_menu":"0","ocean_custom_header_template":"0","ocean_custom_logo":0,"ocean_custom_retina_logo":0,"ocean_custom_logo_max_width":0,"ocean_custom_logo_tablet_max_width":0,"ocean_custom_logo_mobile_max_width":0,"ocean_custom_logo_max_height":0,"ocean_custom_logo_tablet_max_height":0,"ocean_custom_logo_mobile_max_height":0,"ocean_header_custom_menu":"0","ocean_menu_typo_font_family":"0","ocean_menu_typo_font_subset":"","ocean_menu_typo_font_size":0,"ocean_menu_typo_font_size_tablet":0,"ocean_menu_typo_font_size_mobile":0,"ocean_menu_typo_font_size_unit":"px","ocean_menu_typo_font_weight":"","ocean_menu_typo_font_weight_tablet":"","ocean_menu_typo_font_weight_mobile":"","ocean_menu_typo_transform":"","ocean_menu_typo_transform_tablet":"","ocean_menu_typo_transform_mobile":"","ocean_menu_typo_line_height":0,"ocean_menu_typo_line_height_tablet":0,"ocean_menu_typo_line_height_mobile":0,"ocean_menu_typo_line_height_unit":"","ocean_menu_typo_spacing":0,"ocean_menu_typo_spacing_tablet":0,"ocean_menu_typo_spacing_mobile":0,"ocean_menu_typo_spacing_unit":"","ocean_menu_link_color":"","ocean_menu_link_color_hover":"","ocean_menu_link_color_active":"","ocean_menu_link_background":"","ocean_menu_link_hover_background":"","ocean_menu_link_active_background":"","ocean_menu_social_links_bg":"","ocean_menu_social_hover_links_bg":"","ocean_menu_social_links_color":"","ocean_menu_social_hover_links_color":"","ocean_disable_title":"default","ocean_disable_heading":"default","ocean_post_title":"","ocean_post_subheading":"","ocean_post_title_style":"","ocean_post_title_background_color":"","ocean_post_title_background":0,"ocean_post_title_bg_image_position":"","ocean_post_title_bg_image_attachment":"","ocean_post_title_bg_image_repeat":"","ocean_post_title_bg_image_size":"","ocean_post_title_height":0,"ocean_post_title_bg_overlay":0.5,"ocean_post_title_bg_overlay_color":"","ocean_disable_breadcrumbs":"default","ocean_breadcrumbs_color":"","ocean_breadcrumbs_separator_color":"","ocean_breadcrumbs_links_color":"","ocean_breadcrumbs_links_hover_color":"","ocean_display_footer_widgets":"default","ocean_display_footer_bottom":"default","ocean_custom_footer_template":"0","ocean_post_oembed":"","ocean_post_self_hosted_media":"","ocean_post_video_embed":"","ocean_link_format":"","ocean_link_format_target":"self","ocean_quote_format":"","ocean_quote_format_link":"post","ocean_gallery_link_images":"off","ocean_gallery_id":[],"footnotes":""},"categories":[8],"tags":[120,60,61],"class_list":["post-7738","post","type-post","status-publish","format-standard","has-post-thumbnail","hentry","category-noticias","tag-formacion","tag-optometria","tag-terapiavisual","entry","has-media"],"yoast_head":"<!-- This site is optimized with the Yoast SEO plugin v28.4 - https:\/\/yoast.com\/product\/yoast-seo-wordpress\/ -->\n<title>La formaci\u00f3n del \u00faltimo trimestre del 2022 - Asociaci\u00f3n Catalana de Optometr\u00eda y Terapia Visual<\/title>\n<meta name=\"robots\" content=\"index, follow, max-snippet:-1, max-image-preview:large, max-video-preview:-1\" \/>\n<link rel=\"canonical\" href=\"https:\/\/www.acotv.org\/es\/la-formacion-del-ultimo-trimestre-del-2022\/\" \/>\n<meta property=\"og:locale\" content=\"es_ES\" \/>\n<meta property=\"og:type\" content=\"article\" \/>\n<meta property=\"og:title\" content=\"La formaci\u00f3n del \u00faltimo trimestre del 2022 - Asociaci\u00f3n Catalana de Optometr\u00eda y Terapia Visual\" \/>\n<meta property=\"og:description\" content=\"En estos \u00faltimos meses la oferta formativa de la ACOTV ha sido variada con dos nuevas actividades pensadas para los distintos intereses optom\u00e9tricos.\" \/>\n<meta property=\"og:url\" content=\"https:\/\/www.acotv.org\/es\/la-formacion-del-ultimo-trimestre-del-2022\/\" \/>\n<meta property=\"og:site_name\" content=\"Asociaci\u00f3n Catalana de Optometr\u00eda y Terapia Visual\" \/>\n<meta property=\"article:published_time\" content=\"2022-12-20T12:43:00+00:00\" \/>\n<meta property=\"article:modified_time\" content=\"2022-12-29T19:19:00+00:00\" \/>\n<meta property=\"og:image\" content=\"https:\/\/www.acotv.org\/wp-content\/uploads\/never-stop-learning-3653430_1280.jpg\" \/>\n\t<meta property=\"og:image:width\" content=\"1280\" \/>\n\t<meta property=\"og:image:height\" content=\"724\" \/>\n\t<meta property=\"og:image:type\" content=\"image\/jpeg\" \/>\n<meta name=\"author\" content=\"ACOTV\" \/>\n<meta name=\"twitter:card\" content=\"summary_large_image\" \/>\n<meta name=\"twitter:label1\" content=\"Escrito por\" \/>\n\t<meta name=\"twitter:data1\" content=\"ACOTV\" \/>\n\t<meta name=\"twitter:label2\" content=\"Tiempo de lectura\" \/>\n\t<meta name=\"twitter:data2\" content=\"2 minutos\" \/>\n<script type=\"application\/ld+json\" class=\"yoast-schema-graph\">{\"@context\":\"https:\\\/\\\/schema.org\",\"@graph\":[{\"@type\":\"Article\",\"@id\":\"https:\\\/\\\/www.acotv.org\\\/es\\\/la-formacion-del-ultimo-trimestre-del-2022\\\/#article\",\"isPartOf\":{\"@id\":\"https:\\\/\\\/www.acotv.org\\\/es\\\/la-formacion-del-ultimo-trimestre-del-2022\\\/\"},\"author\":{\"name\":\"ACOTV\",\"@id\":\"https:\\\/\\\/www.acotv.org\\\/ca\\\/#\\\/schema\\\/person\\\/0de470fec1dbf9785a7343042d765744\"},\"headline\":\"La formaci\u00f3n del \u00faltimo trimestre del 2022\",\"datePublished\":\"2022-12-20T12:43:00+00:00\",\"dateModified\":\"2022-12-29T19:19:00+00:00\",\"mainEntityOfPage\":{\"@id\":\"https:\\\/\\\/www.acotv.org\\\/es\\\/la-formacion-del-ultimo-trimestre-del-2022\\\/\"},\"wordCount\":409,\"commentCount\":0,\"image\":{\"@id\":\"https:\\\/\\\/www.acotv.org\\\/es\\\/la-formacion-del-ultimo-trimestre-del-2022\\\/#primaryimage\"},\"thumbnailUrl\":\"https:\\\/\\\/www.acotv.org\\\/wp-content\\\/uploads\\\/never-stop-learning-3653430_1280.jpg\",\"keywords\":[\"#Formaci\u00f3n\",\"Optometria\",\"TerapiaVisual\"],\"articleSection\":[\"Noticias\"],\"inLanguage\":\"es\",\"potentialAction\":[{\"@type\":\"CommentAction\",\"name\":\"Comment\",\"target\":[\"https:\\\/\\\/www.acotv.org\\\/es\\\/la-formacion-del-ultimo-trimestre-del-2022\\\/#respond\"]}]},{\"@type\":\"WebPage\",\"@id\":\"https:\\\/\\\/www.acotv.org\\\/es\\\/la-formacion-del-ultimo-trimestre-del-2022\\\/\",\"url\":\"https:\\\/\\\/www.acotv.org\\\/es\\\/la-formacion-del-ultimo-trimestre-del-2022\\\/\",\"name\":\"La formaci\u00f3n del \u00faltimo trimestre del 2022 - Asociaci\u00f3n Catalana de Optometr\u00eda y Terapia Visual\",\"isPartOf\":{\"@id\":\"https:\\\/\\\/www.acotv.org\\\/ca\\\/#website\"},\"primaryImageOfPage\":{\"@id\":\"https:\\\/\\\/www.acotv.org\\\/es\\\/la-formacion-del-ultimo-trimestre-del-2022\\\/#primaryimage\"},\"image\":{\"@id\":\"https:\\\/\\\/www.acotv.org\\\/es\\\/la-formacion-del-ultimo-trimestre-del-2022\\\/#primaryimage\"},\"thumbnailUrl\":\"https:\\\/\\\/www.acotv.org\\\/wp-content\\\/uploads\\\/never-stop-learning-3653430_1280.jpg\",\"datePublished\":\"2022-12-20T12:43:00+00:00\",\"dateModified\":\"2022-12-29T19:19:00+00:00\",\"author\":{\"@id\":\"https:\\\/\\\/www.acotv.org\\\/ca\\\/#\\\/schema\\\/person\\\/0de470fec1dbf9785a7343042d765744\"},\"breadcrumb\":{\"@id\":\"https:\\\/\\\/www.acotv.org\\\/es\\\/la-formacion-del-ultimo-trimestre-del-2022\\\/#breadcrumb\"},\"inLanguage\":\"es\",\"potentialAction\":[{\"@type\":\"ReadAction\",\"target\":[\"https:\\\/\\\/www.acotv.org\\\/es\\\/la-formacion-del-ultimo-trimestre-del-2022\\\/\"]}]},{\"@type\":\"ImageObject\",\"inLanguage\":\"es\",\"@id\":\"https:\\\/\\\/www.acotv.org\\\/es\\\/la-formacion-del-ultimo-trimestre-del-2022\\\/#primaryimage\",\"url\":\"https:\\\/\\\/www.acotv.org\\\/wp-content\\\/uploads\\\/never-stop-learning-3653430_1280.jpg\",\"contentUrl\":\"https:\\\/\\\/www.acotv.org\\\/wp-content\\\/uploads\\\/never-stop-learning-3653430_1280.jpg\",\"width\":1280,\"height\":724},{\"@type\":\"BreadcrumbList\",\"@id\":\"https:\\\/\\\/www.acotv.org\\\/es\\\/la-formacion-del-ultimo-trimestre-del-2022\\\/#breadcrumb\",\"itemListElement\":[{\"@type\":\"ListItem\",\"position\":1,\"name\":\"Portada\",\"item\":\"https:\\\/\\\/www.acotv.org\\\/es\\\/\"},{\"@type\":\"ListItem\",\"position\":2,\"name\":\"La formaci\u00f3n del \u00faltimo trimestre del 2022\"}]},{\"@type\":\"WebSite\",\"@id\":\"https:\\\/\\\/www.acotv.org\\\/ca\\\/#website\",\"url\":\"https:\\\/\\\/www.acotv.org\\\/ca\\\/\",\"name\":\"Asociaci\u00f3n Catalana de Optometr\u00eda y Terapia Visual\",\"description\":\"\",\"potentialAction\":[{\"@type\":\"SearchAction\",\"target\":{\"@type\":\"EntryPoint\",\"urlTemplate\":\"https:\\\/\\\/www.acotv.org\\\/ca\\\/?s={search_term_string}\"},\"query-input\":{\"@type\":\"PropertyValueSpecification\",\"valueRequired\":true,\"valueName\":\"search_term_string\"}}],\"inLanguage\":\"es\"},{\"@type\":\"Person\",\"@id\":\"https:\\\/\\\/www.acotv.org\\\/ca\\\/#\\\/schema\\\/person\\\/0de470fec1dbf9785a7343042d765744\",\"name\":\"ACOTV\",\"image\":{\"@type\":\"ImageObject\",\"inLanguage\":\"es\",\"@id\":\"https:\\\/\\\/www.acotv.org\\\/wp-content\\\/uploads\\\/Logo-petit-150x150.jpg\",\"url\":\"https:\\\/\\\/www.acotv.org\\\/wp-content\\\/uploads\\\/Logo-petit-150x150.jpg\",\"contentUrl\":\"https:\\\/\\\/www.acotv.org\\\/wp-content\\\/uploads\\\/Logo-petit-150x150.jpg\",\"caption\":\"ACOTV\"},\"url\":\"https:\\\/\\\/www.acotv.org\\\/es\\\/author\\\/acotv\\\/\"}]}<\/script>\n<!-- \/ Yoast SEO plugin. -->","yoast_head_json":{"title":"La formaci\u00f3n del \u00faltimo trimestre del 2022 - Asociaci\u00f3n Catalana de Optometr\u00eda y Terapia Visual","robots":{"index":"index","follow":"follow","max-snippet":"max-snippet:-1","max-image-preview":"max-image-preview:large","max-video-preview":"max-video-preview:-1"},"canonical":"https:\/\/www.acotv.org\/es\/la-formacion-del-ultimo-trimestre-del-2022\/","og_locale":"es_ES","og_type":"article","og_title":"La formaci\u00f3n del \u00faltimo trimestre del 2022 - Asociaci\u00f3n Catalana de Optometr\u00eda y Terapia Visual","og_description":"En estos \u00faltimos meses la oferta formativa de la ACOTV ha sido variada con dos nuevas actividades pensadas para los distintos intereses optom\u00e9tricos.","og_url":"https:\/\/www.acotv.org\/es\/la-formacion-del-ultimo-trimestre-del-2022\/","og_site_name":"Asociaci\u00f3n Catalana de Optometr\u00eda y Terapia Visual","article_published_time":"2022-12-20T12:43:00+00:00","article_modified_time":"2022-12-29T19:19:00+00:00","og_image":[{"width":1280,"height":724,"url":"https:\/\/www.acotv.org\/wp-content\/uploads\/never-stop-learning-3653430_1280.jpg","type":"image\/jpeg"}],"author":"ACOTV","twitter_card":"summary_large_image","twitter_misc":{"Escrito por":"ACOTV","Tiempo de lectura":"2 minutos"},"schema":{"@context":"https:\/\/schema.org","@graph":[{"@type":"Article","@id":"https:\/\/www.acotv.org\/es\/la-formacion-del-ultimo-trimestre-del-2022\/#article","isPartOf":{"@id":"https:\/\/www.acotv.org\/es\/la-formacion-del-ultimo-trimestre-del-2022\/"},"author":{"name":"ACOTV","@id":"https:\/\/www.acotv.org\/ca\/#\/schema\/person\/0de470fec1dbf9785a7343042d765744"},"headline":"La formaci\u00f3n del \u00faltimo trimestre del 2022","datePublished":"2022-12-20T12:43:00+00:00","dateModified":"2022-12-29T19:19:00+00:00","mainEntityOfPage":{"@id":"https:\/\/www.acotv.org\/es\/la-formacion-del-ultimo-trimestre-del-2022\/"},"wordCount":409,"commentCount":0,"image":{"@id":"https:\/\/www.acotv.org\/es\/la-formacion-del-ultimo-trimestre-del-2022\/#primaryimage"},"thumbnailUrl":"https:\/\/www.acotv.org\/wp-content\/uploads\/never-stop-learning-3653430_1280.jpg","keywords":["#Formaci\u00f3n","Optometria","TerapiaVisual"],"articleSection":["Noticias"],"inLanguage":"es","potentialAction":[{"@type":"CommentAction","name":"Comment","target":["https:\/\/www.acotv.org\/es\/la-formacion-del-ultimo-trimestre-del-2022\/#respond"]}]},{"@type":"WebPage","@id":"https:\/\/www.acotv.org\/es\/la-formacion-del-ultimo-trimestre-del-2022\/","url":"https:\/\/www.acotv.org\/es\/la-formacion-del-ultimo-trimestre-del-2022\/","name":"La formaci\u00f3n del \u00faltimo trimestre del 2022 - Asociaci\u00f3n Catalana de Optometr\u00eda y Terapia Visual","isPartOf":{"@id":"https:\/\/www.acotv.org\/ca\/#website"},"primaryImageOfPage":{"@id":"https:\/\/www.acotv.org\/es\/la-formacion-del-ultimo-trimestre-del-2022\/#primaryimage"},"image":{"@id":"https:\/\/www.acotv.org\/es\/la-formacion-del-ultimo-trimestre-del-2022\/#primaryimage"},"thumbnailUrl":"https:\/\/www.acotv.org\/wp-content\/uploads\/never-stop-learning-3653430_1280.jpg","datePublished":"2022-12-20T12:43:00+00:00","dateModified":"2022-12-29T19:19:00+00:00","author":{"@id":"https:\/\/www.acotv.org\/ca\/#\/schema\/person\/0de470fec1dbf9785a7343042d765744"},"breadcrumb":{"@id":"https:\/\/www.acotv.org\/es\/la-formacion-del-ultimo-trimestre-del-2022\/#breadcrumb"},"inLanguage":"es","potentialAction":[{"@type":"ReadAction","target":["https:\/\/www.acotv.org\/es\/la-formacion-del-ultimo-trimestre-del-2022\/"]}]},{"@type":"ImageObject","inLanguage":"es","@id":"https:\/\/www.acotv.org\/es\/la-formacion-del-ultimo-trimestre-del-2022\/#primaryimage","url":"https:\/\/www.acotv.org\/wp-content\/uploads\/never-stop-learning-3653430_1280.jpg","contentUrl":"https:\/\/www.acotv.org\/wp-content\/uploads\/never-stop-learning-3653430_1280.jpg","width":1280,"height":724},{"@type":"BreadcrumbList","@id":"https:\/\/www.acotv.org\/es\/la-formacion-del-ultimo-trimestre-del-2022\/#breadcrumb","itemListElement":[{"@type":"ListItem","position":1,"name":"Portada","item":"https:\/\/www.acotv.org\/es\/"},{"@type":"ListItem","position":2,"name":"La formaci\u00f3n del \u00faltimo trimestre del 2022"}]},{"@type":"WebSite","@id":"https:\/\/www.acotv.org\/ca\/#website","url":"https:\/\/www.acotv.org\/ca\/","name":"Asociaci\u00f3n Catalana de Optometr\u00eda y Terapia Visual","description":"","potentialAction":[{"@type":"SearchAction","target":{"@type":"EntryPoint","urlTemplate":"https:\/\/www.acotv.org\/ca\/?s={search_term_string}"},"query-input":{"@type":"PropertyValueSpecification","valueRequired":true,"valueName":"search_term_string"}}],"inLanguage":"es"},{"@type":"Person","@id":"https:\/\/www.acotv.org\/ca\/#\/schema\/person\/0de470fec1dbf9785a7343042d765744","name":"ACOTV","image":{"@type":"ImageObject","inLanguage":"es","@id":"https:\/\/www.acotv.org\/wp-content\/uploads\/Logo-petit-150x150.jpg","url":"https:\/\/www.acotv.org\/wp-content\/uploads\/Logo-petit-150x150.jpg","contentUrl":"https:\/\/www.acotv.org\/wp-content\/uploads\/Logo-petit-150x150.jpg","caption":"ACOTV"},"url":"https:\/\/www.acotv.org\/es\/author\/acotv\/"}]}},"_links":{"self":[{"href":"https:\/\/www.acotv.org\/es\/wp-json\/wp\/v2\/posts\/7738","targetHints":{"allow":["GET"]}}],"collection":[{"href":"https:\/\/www.acotv.org\/es\/wp-json\/wp\/v2\/posts"}],"about":[{"href":"https:\/\/www.acotv.org\/es\/wp-json\/wp\/v2\/types\/post"}],"author":[{"embeddable":true,"href":"https:\/\/www.acotv.org\/es\/wp-json\/wp\/v2\/users\/2"}],"replies":[{"embeddable":true,"href":"https:\/\/www.acotv.org\/es\/wp-json\/wp\/v2\/comments?post=7738"}],"version-history":[{"count":2,"href":"https:\/\/www.acotv.org\/es\/wp-json\/wp\/v2\/posts\/7738\/revisions"}],"predecessor-version":[{"id":7750,"href":"https:\/\/www.acotv.org\/es\/wp-json\/wp\/v2\/posts\/7738\/revisions\/7750"}],"wp:featuredmedia":[{"embeddable":true,"href":"https:\/\/www.acotv.org\/es\/wp-json\/wp\/v2\/media\/7715"}],"wp:attachment":[{"href":"https:\/\/www.acotv.org\/es\/wp-json\/wp\/v2\/media?parent=7738"}],"wp:term":[{"taxonomy":"category","embeddable":true,"href":"https:\/\/www.acotv.org\/es\/wp-json\/wp\/v2\/categories?post=7738"},{"taxonomy":"post_tag","embeddable":true,"href":"https:\/\/www.acotv.org\/es\/wp-json\/wp\/v2\/tags?post=7738"}],"curies":[{"name":"wp","href":"https:\/\/api.w.org\/{rel}","templated":true}]}}