{"id":7737,"date":"2022-12-21T21:30:00","date_gmt":"2022-12-21T20:30:00","guid":{"rendered":"https:\/\/www.acotv.org\/premi-internacional-optometrista-de-lany\/"},"modified":"2022-12-29T20:27:15","modified_gmt":"2022-12-29T19:27:15","slug":"premio-internacional-optometrista-del-ano","status":"publish","type":"post","link":"https:\/\/www.acotv.org\/es\/premio-internacional-optometrista-del-ano\/","title":{"rendered":"Premio Internacional al Optometrista del A\u00f1o\u00a0"},"content":{"rendered":"\n<p class=\"wp-block-paragraph\"><strong><mark style=\"background-color:rgba(0, 0, 0, 0)\" class=\"has-inline-color has-black-color\">El PIOA de este 2022 <\/mark><\/strong>ha sido otorgado a Janet L. Leasher, Profesora del College of Optometry de la Nueva Southeastern University, en Estados Unidos, y experta en salud visual en el mundo.<\/p>\n\n\n\n<p class=\"wp-block-paragraph\">\u00a0El Premio al Optometrista del A\u00f1o de la Facultad de \u00d3ptica y Optometr\u00eda de Terrassa (FOOT) de la UPC se entreg\u00f3 el pasado 15 de diciembre, coincidiendo con el acto de graduaci\u00f3n del curso 2021-2022 de la facultad .<\/p>\n\n\n\n<p class=\"wp-block-paragraph\">El Premio Internacional al Optometrista del A\u00f1o es un galard\u00f3n en el que colabora la ACOTV, dentro del marco del Patronato de la FOOT desde 2015, conjuntamente con el Colegio de \u00d3pticos Optometristas de Catalu\u00f1a y la Facultad de \u00d3ptica y Optometr\u00eda de Terrassa.<\/p>\n\n\n\n<p class=\"wp-block-paragraph\"><br>Encontrar\u00e9is m\u00e1s informaci\u00f3n sobre el PIOA 2022<a href=\"https:\/\/foot.upc.edu\/ca\/noticies\/la-foot-de-la-upc-distingeix-la-professora-janet-l-leasher-amb-el-premi-internacional-a-l2019optometrista-de-l2019any\" target=\"_blank\" rel=\"noreferrer noopener\"> <\/a><a href=\"https:\/\/foot.upc.edu\/es\/noticias\/la-foot-de-la-upc-distingue-a-la-profesora-janet-l-leasher-con-el-premio-internacional-al-optometrista-del-ano\" target=\"_blank\" rel=\"noreferrer noopener\">a la web de la FOOT<\/a><\/p>\n\n\n\n<p class=\"wp-block-paragraph\">Pod\u00e9is tambien\u00a0<a href=\"https:\/\/youtube.com\/watch?v=0ajOBwnNmSc&amp;si=EnSIkaIECMiOmarE\" target=\"_blank\" rel=\"noreferrer noopener\"> ver el v\u00eddeo aqu\u00ed<\/a><\/p>\n\n\n\n<p class=\"wp-block-paragraph\"><a href=\"https:\/\/youtube.com\/watch?v=0ajOBwnNmSc&amp;si=EnSIkaIECMiOmarE\" target=\"_blank\" rel=\"noreferrer noopener\"> <\/a><\/p>\n","protected":false},"excerpt":{"rendered":"<p>El PIOA de este 2022 ha sido otorgado a Janet L. Leasher, Profesora del College of Optometry de la Nueva Southeastern University, en Estados Unidos, y experta en salud visual en el mundo.<\/p>\n","protected":false},"author":2,"featured_media":7602,"comment_status":"open","ping_status":"open","sticky":false,"template":"","format":"standard","meta":{"ocean_front_end_style_editor":"no","ocean_post_layout":"","ocean_both_sidebars_style":"","ocean_both_sidebars_content_width":0,"ocean_both_sidebars_sidebars_width":0,"ocean_sidebar":"0","ocean_second_sidebar":"0","ocean_disable_margins":"enable","ocean_add_body_class":"","ocean_shortcode_before_top_bar":"","ocean_shortcode_after_top_bar":"","ocean_shortcode_before_header":"","ocean_shortcode_after_header":"","ocean_has_shortcode":"","ocean_shortcode_after_title":"","ocean_shortcode_before_footer_widgets":"","ocean_shortcode_after_footer_widgets":"","ocean_shortcode_before_footer_bottom":"","ocean_shortcode_after_footer_bottom":"","ocean_display_top_bar":"default","ocean_display_header":"default","ocean_header_style":"","ocean_center_header_left_menu":"0","ocean_custom_header_template":"0","ocean_custom_logo":0,"ocean_custom_retina_logo":0,"ocean_custom_logo_max_width":0,"ocean_custom_logo_tablet_max_width":0,"ocean_custom_logo_mobile_max_width":0,"ocean_custom_logo_max_height":0,"ocean_custom_logo_tablet_max_height":0,"ocean_custom_logo_mobile_max_height":0,"ocean_header_custom_menu":"0","ocean_menu_typo_font_family":"0","ocean_menu_typo_font_subset":"","ocean_menu_typo_font_size":0,"ocean_menu_typo_font_size_tablet":0,"ocean_menu_typo_font_size_mobile":0,"ocean_menu_typo_font_size_unit":"px","ocean_menu_typo_font_weight":"","ocean_menu_typo_font_weight_tablet":"","ocean_menu_typo_font_weight_mobile":"","ocean_menu_typo_transform":"","ocean_menu_typo_transform_tablet":"","ocean_menu_typo_transform_mobile":"","ocean_menu_typo_line_height":0,"ocean_menu_typo_line_height_tablet":0,"ocean_menu_typo_line_height_mobile":0,"ocean_menu_typo_line_height_unit":"","ocean_menu_typo_spacing":0,"ocean_menu_typo_spacing_tablet":0,"ocean_menu_typo_spacing_mobile":0,"ocean_menu_typo_spacing_unit":"","ocean_menu_link_color":"","ocean_menu_link_color_hover":"","ocean_menu_link_color_active":"","ocean_menu_link_background":"","ocean_menu_link_hover_background":"","ocean_menu_link_active_background":"","ocean_menu_social_links_bg":"","ocean_menu_social_hover_links_bg":"","ocean_menu_social_links_color":"","ocean_menu_social_hover_links_color":"","ocean_disable_title":"default","ocean_disable_heading":"default","ocean_post_title":"","ocean_post_subheading":"","ocean_post_title_style":"","ocean_post_title_background_color":"","ocean_post_title_background":0,"ocean_post_title_bg_image_position":"","ocean_post_title_bg_image_attachment":"","ocean_post_title_bg_image_repeat":"","ocean_post_title_bg_image_size":"","ocean_post_title_height":0,"ocean_post_title_bg_overlay":0.5,"ocean_post_title_bg_overlay_color":"","ocean_disable_breadcrumbs":"default","ocean_breadcrumbs_color":"","ocean_breadcrumbs_separator_color":"","ocean_breadcrumbs_links_color":"","ocean_breadcrumbs_links_hover_color":"","ocean_display_footer_widgets":"default","ocean_display_footer_bottom":"default","ocean_custom_footer_template":"0","ocean_post_oembed":"","ocean_post_self_hosted_media":"","ocean_post_video_embed":"","ocean_link_format":"","ocean_link_format_target":"self","ocean_quote_format":"","ocean_quote_format_link":"post","ocean_gallery_link_images":"off","ocean_gallery_id":[],"footnotes":""},"categories":[8],"tags":[182,148,60,273],"class_list":["post-7737","post","type-post","status-publish","format-standard","has-post-thumbnail","hentry","category-noticias","tag-colaboraciones","tag-foot-2-es","tag-optometria","tag-pioa-2-es","entry","has-media"],"yoast_head":"<!-- This site is optimized with the Yoast SEO plugin v28.4 - https:\/\/yoast.com\/product\/yoast-seo-wordpress\/ -->\n<title>Premio Internacional al Optometrista del A\u00f1o\u00a0 - Asociaci\u00f3n Catalana de Optometr\u00eda y Terapia Visual<\/title>\n<meta name=\"robots\" content=\"index, follow, max-snippet:-1, max-image-preview:large, max-video-preview:-1\" \/>\n<link rel=\"canonical\" href=\"https:\/\/www.acotv.org\/es\/premio-internacional-optometrista-del-ano\/\" \/>\n<meta property=\"og:locale\" content=\"es_ES\" \/>\n<meta property=\"og:type\" content=\"article\" \/>\n<meta property=\"og:title\" content=\"Premio Internacional al Optometrista del A\u00f1o\u00a0 - Asociaci\u00f3n Catalana de Optometr\u00eda y Terapia Visual\" \/>\n<meta property=\"og:description\" content=\"El PIOA de este 2022 ha sido otorgado a Janet L. Leasher, Profesora del College of Optometry de la Nueva Southeastern University, en Estados Unidos, y experta en salud visual en el mundo.\" \/>\n<meta property=\"og:url\" content=\"https:\/\/www.acotv.org\/es\/premio-internacional-optometrista-del-ano\/\" \/>\n<meta property=\"og:site_name\" content=\"Asociaci\u00f3n Catalana de Optometr\u00eda y Terapia Visual\" \/>\n<meta property=\"article:published_time\" content=\"2022-12-21T20:30:00+00:00\" \/>\n<meta property=\"article:modified_time\" content=\"2022-12-29T19:27:15+00:00\" \/>\n<meta property=\"og:image\" content=\"https:\/\/www.acotv.org\/wp-content\/uploads\/PIOA_2022.png\" \/>\n\t<meta property=\"og:image:width\" content=\"1920\" \/>\n\t<meta property=\"og:image:height\" content=\"1080\" \/>\n\t<meta property=\"og:image:type\" content=\"image\/png\" \/>\n<meta name=\"author\" content=\"ACOTV\" \/>\n<meta name=\"twitter:card\" content=\"summary_large_image\" \/>\n<meta name=\"twitter:label1\" content=\"Escrito por\" \/>\n\t<meta name=\"twitter:data1\" content=\"ACOTV\" \/>\n\t<meta name=\"twitter:label2\" content=\"Tiempo de lectura\" \/>\n\t<meta name=\"twitter:data2\" content=\"1 minuto\" \/>\n<script type=\"application\/ld+json\" class=\"yoast-schema-graph\">{\"@context\":\"https:\\\/\\\/schema.org\",\"@graph\":[{\"@type\":\"Article\",\"@id\":\"https:\\\/\\\/www.acotv.org\\\/es\\\/premio-internacional-optometrista-del-ano\\\/#article\",\"isPartOf\":{\"@id\":\"https:\\\/\\\/www.acotv.org\\\/es\\\/premio-internacional-optometrista-del-ano\\\/\"},\"author\":{\"name\":\"ACOTV\",\"@id\":\"https:\\\/\\\/www.acotv.org\\\/ca\\\/#\\\/schema\\\/person\\\/0de470fec1dbf9785a7343042d765744\"},\"headline\":\"Premio Internacional al Optometrista del A\u00f1o\u00a0\",\"datePublished\":\"2022-12-21T20:30:00+00:00\",\"dateModified\":\"2022-12-29T19:27:15+00:00\",\"mainEntityOfPage\":{\"@id\":\"https:\\\/\\\/www.acotv.org\\\/es\\\/premio-internacional-optometrista-del-ano\\\/\"},\"wordCount\":149,\"commentCount\":0,\"image\":{\"@id\":\"https:\\\/\\\/www.acotv.org\\\/es\\\/premio-internacional-optometrista-del-ano\\\/#primaryimage\"},\"thumbnailUrl\":\"https:\\\/\\\/www.acotv.org\\\/wp-content\\\/uploads\\\/PIOA_2022.png\",\"keywords\":[\"Colaboraciones\",\"FOOT\",\"Optometria\",\"PIOA\"],\"articleSection\":[\"Noticias\"],\"inLanguage\":\"es\",\"potentialAction\":[{\"@type\":\"CommentAction\",\"name\":\"Comment\",\"target\":[\"https:\\\/\\\/www.acotv.org\\\/es\\\/premio-internacional-optometrista-del-ano\\\/#respond\"]}]},{\"@type\":\"WebPage\",\"@id\":\"https:\\\/\\\/www.acotv.org\\\/es\\\/premio-internacional-optometrista-del-ano\\\/\",\"url\":\"https:\\\/\\\/www.acotv.org\\\/es\\\/premio-internacional-optometrista-del-ano\\\/\",\"name\":\"Premio Internacional al Optometrista del A\u00f1o\u00a0 - Asociaci\u00f3n Catalana de Optometr\u00eda y Terapia Visual\",\"isPartOf\":{\"@id\":\"https:\\\/\\\/www.acotv.org\\\/ca\\\/#website\"},\"primaryImageOfPage\":{\"@id\":\"https:\\\/\\\/www.acotv.org\\\/es\\\/premio-internacional-optometrista-del-ano\\\/#primaryimage\"},\"image\":{\"@id\":\"https:\\\/\\\/www.acotv.org\\\/es\\\/premio-internacional-optometrista-del-ano\\\/#primaryimage\"},\"thumbnailUrl\":\"https:\\\/\\\/www.acotv.org\\\/wp-content\\\/uploads\\\/PIOA_2022.png\",\"datePublished\":\"2022-12-21T20:30:00+00:00\",\"dateModified\":\"2022-12-29T19:27:15+00:00\",\"author\":{\"@id\":\"https:\\\/\\\/www.acotv.org\\\/ca\\\/#\\\/schema\\\/person\\\/0de470fec1dbf9785a7343042d765744\"},\"breadcrumb\":{\"@id\":\"https:\\\/\\\/www.acotv.org\\\/es\\\/premio-internacional-optometrista-del-ano\\\/#breadcrumb\"},\"inLanguage\":\"es\",\"potentialAction\":[{\"@type\":\"ReadAction\",\"target\":[\"https:\\\/\\\/www.acotv.org\\\/es\\\/premio-internacional-optometrista-del-ano\\\/\"]}]},{\"@type\":\"ImageObject\",\"inLanguage\":\"es\",\"@id\":\"https:\\\/\\\/www.acotv.org\\\/es\\\/premio-internacional-optometrista-del-ano\\\/#primaryimage\",\"url\":\"https:\\\/\\\/www.acotv.org\\\/wp-content\\\/uploads\\\/PIOA_2022.png\",\"contentUrl\":\"https:\\\/\\\/www.acotv.org\\\/wp-content\\\/uploads\\\/PIOA_2022.png\",\"width\":1920,\"height\":1080},{\"@type\":\"BreadcrumbList\",\"@id\":\"https:\\\/\\\/www.acotv.org\\\/es\\\/premio-internacional-optometrista-del-ano\\\/#breadcrumb\",\"itemListElement\":[{\"@type\":\"ListItem\",\"position\":1,\"name\":\"Portada\",\"item\":\"https:\\\/\\\/www.acotv.org\\\/es\\\/\"},{\"@type\":\"ListItem\",\"position\":2,\"name\":\"Premio Internacional al Optometrista del A\u00f1o\u00a0\"}]},{\"@type\":\"WebSite\",\"@id\":\"https:\\\/\\\/www.acotv.org\\\/ca\\\/#website\",\"url\":\"https:\\\/\\\/www.acotv.org\\\/ca\\\/\",\"name\":\"Asociaci\u00f3n Catalana de Optometr\u00eda y Terapia Visual\",\"description\":\"\",\"potentialAction\":[{\"@type\":\"SearchAction\",\"target\":{\"@type\":\"EntryPoint\",\"urlTemplate\":\"https:\\\/\\\/www.acotv.org\\\/ca\\\/?s={search_term_string}\"},\"query-input\":{\"@type\":\"PropertyValueSpecification\",\"valueRequired\":true,\"valueName\":\"search_term_string\"}}],\"inLanguage\":\"es\"},{\"@type\":\"Person\",\"@id\":\"https:\\\/\\\/www.acotv.org\\\/ca\\\/#\\\/schema\\\/person\\\/0de470fec1dbf9785a7343042d765744\",\"name\":\"ACOTV\",\"image\":{\"@type\":\"ImageObject\",\"inLanguage\":\"es\",\"@id\":\"https:\\\/\\\/www.acotv.org\\\/wp-content\\\/uploads\\\/Logo-petit-150x150.jpg\",\"url\":\"https:\\\/\\\/www.acotv.org\\\/wp-content\\\/uploads\\\/Logo-petit-150x150.jpg\",\"contentUrl\":\"https:\\\/\\\/www.acotv.org\\\/wp-content\\\/uploads\\\/Logo-petit-150x150.jpg\",\"caption\":\"ACOTV\"},\"url\":\"https:\\\/\\\/www.acotv.org\\\/es\\\/author\\\/acotv\\\/\"}]}<\/script>\n<!-- \/ Yoast SEO plugin. -->","yoast_head_json":{"title":"Premio Internacional al Optometrista del A\u00f1o\u00a0 - Asociaci\u00f3n Catalana de Optometr\u00eda y Terapia Visual","robots":{"index":"index","follow":"follow","max-snippet":"max-snippet:-1","max-image-preview":"max-image-preview:large","max-video-preview":"max-video-preview:-1"},"canonical":"https:\/\/www.acotv.org\/es\/premio-internacional-optometrista-del-ano\/","og_locale":"es_ES","og_type":"article","og_title":"Premio Internacional al Optometrista del A\u00f1o\u00a0 - Asociaci\u00f3n Catalana de Optometr\u00eda y Terapia Visual","og_description":"El PIOA de este 2022 ha sido otorgado a Janet L. Leasher, Profesora del College of Optometry de la Nueva Southeastern University, en Estados Unidos, y experta en salud visual en el mundo.","og_url":"https:\/\/www.acotv.org\/es\/premio-internacional-optometrista-del-ano\/","og_site_name":"Asociaci\u00f3n Catalana de Optometr\u00eda y Terapia Visual","article_published_time":"2022-12-21T20:30:00+00:00","article_modified_time":"2022-12-29T19:27:15+00:00","og_image":[{"width":1920,"height":1080,"url":"https:\/\/www.acotv.org\/wp-content\/uploads\/PIOA_2022.png","type":"image\/png"}],"author":"ACOTV","twitter_card":"summary_large_image","twitter_misc":{"Escrito por":"ACOTV","Tiempo de lectura":"1 minuto"},"schema":{"@context":"https:\/\/schema.org","@graph":[{"@type":"Article","@id":"https:\/\/www.acotv.org\/es\/premio-internacional-optometrista-del-ano\/#article","isPartOf":{"@id":"https:\/\/www.acotv.org\/es\/premio-internacional-optometrista-del-ano\/"},"author":{"name":"ACOTV","@id":"https:\/\/www.acotv.org\/ca\/#\/schema\/person\/0de470fec1dbf9785a7343042d765744"},"headline":"Premio Internacional al Optometrista del A\u00f1o\u00a0","datePublished":"2022-12-21T20:30:00+00:00","dateModified":"2022-12-29T19:27:15+00:00","mainEntityOfPage":{"@id":"https:\/\/www.acotv.org\/es\/premio-internacional-optometrista-del-ano\/"},"wordCount":149,"commentCount":0,"image":{"@id":"https:\/\/www.acotv.org\/es\/premio-internacional-optometrista-del-ano\/#primaryimage"},"thumbnailUrl":"https:\/\/www.acotv.org\/wp-content\/uploads\/PIOA_2022.png","keywords":["Colaboraciones","FOOT","Optometria","PIOA"],"articleSection":["Noticias"],"inLanguage":"es","potentialAction":[{"@type":"CommentAction","name":"Comment","target":["https:\/\/www.acotv.org\/es\/premio-internacional-optometrista-del-ano\/#respond"]}]},{"@type":"WebPage","@id":"https:\/\/www.acotv.org\/es\/premio-internacional-optometrista-del-ano\/","url":"https:\/\/www.acotv.org\/es\/premio-internacional-optometrista-del-ano\/","name":"Premio Internacional al Optometrista del A\u00f1o\u00a0 - Asociaci\u00f3n Catalana de Optometr\u00eda y Terapia Visual","isPartOf":{"@id":"https:\/\/www.acotv.org\/ca\/#website"},"primaryImageOfPage":{"@id":"https:\/\/www.acotv.org\/es\/premio-internacional-optometrista-del-ano\/#primaryimage"},"image":{"@id":"https:\/\/www.acotv.org\/es\/premio-internacional-optometrista-del-ano\/#primaryimage"},"thumbnailUrl":"https:\/\/www.acotv.org\/wp-content\/uploads\/PIOA_2022.png","datePublished":"2022-12-21T20:30:00+00:00","dateModified":"2022-12-29T19:27:15+00:00","author":{"@id":"https:\/\/www.acotv.org\/ca\/#\/schema\/person\/0de470fec1dbf9785a7343042d765744"},"breadcrumb":{"@id":"https:\/\/www.acotv.org\/es\/premio-internacional-optometrista-del-ano\/#breadcrumb"},"inLanguage":"es","potentialAction":[{"@type":"ReadAction","target":["https:\/\/www.acotv.org\/es\/premio-internacional-optometrista-del-ano\/"]}]},{"@type":"ImageObject","inLanguage":"es","@id":"https:\/\/www.acotv.org\/es\/premio-internacional-optometrista-del-ano\/#primaryimage","url":"https:\/\/www.acotv.org\/wp-content\/uploads\/PIOA_2022.png","contentUrl":"https:\/\/www.acotv.org\/wp-content\/uploads\/PIOA_2022.png","width":1920,"height":1080},{"@type":"BreadcrumbList","@id":"https:\/\/www.acotv.org\/es\/premio-internacional-optometrista-del-ano\/#breadcrumb","itemListElement":[{"@type":"ListItem","position":1,"name":"Portada","item":"https:\/\/www.acotv.org\/es\/"},{"@type":"ListItem","position":2,"name":"Premio Internacional al Optometrista del A\u00f1o\u00a0"}]},{"@type":"WebSite","@id":"https:\/\/www.acotv.org\/ca\/#website","url":"https:\/\/www.acotv.org\/ca\/","name":"Asociaci\u00f3n Catalana de Optometr\u00eda y Terapia Visual","description":"","potentialAction":[{"@type":"SearchAction","target":{"@type":"EntryPoint","urlTemplate":"https:\/\/www.acotv.org\/ca\/?s={search_term_string}"},"query-input":{"@type":"PropertyValueSpecification","valueRequired":true,"valueName":"search_term_string"}}],"inLanguage":"es"},{"@type":"Person","@id":"https:\/\/www.acotv.org\/ca\/#\/schema\/person\/0de470fec1dbf9785a7343042d765744","name":"ACOTV","image":{"@type":"ImageObject","inLanguage":"es","@id":"https:\/\/www.acotv.org\/wp-content\/uploads\/Logo-petit-150x150.jpg","url":"https:\/\/www.acotv.org\/wp-content\/uploads\/Logo-petit-150x150.jpg","contentUrl":"https:\/\/www.acotv.org\/wp-content\/uploads\/Logo-petit-150x150.jpg","caption":"ACOTV"},"url":"https:\/\/www.acotv.org\/es\/author\/acotv\/"}]}},"_links":{"self":[{"href":"https:\/\/www.acotv.org\/es\/wp-json\/wp\/v2\/posts\/7737","targetHints":{"allow":["GET"]}}],"collection":[{"href":"https:\/\/www.acotv.org\/es\/wp-json\/wp\/v2\/posts"}],"about":[{"href":"https:\/\/www.acotv.org\/es\/wp-json\/wp\/v2\/types\/post"}],"author":[{"embeddable":true,"href":"https:\/\/www.acotv.org\/es\/wp-json\/wp\/v2\/users\/2"}],"replies":[{"embeddable":true,"href":"https:\/\/www.acotv.org\/es\/wp-json\/wp\/v2\/comments?post=7737"}],"version-history":[{"count":1,"href":"https:\/\/www.acotv.org\/es\/wp-json\/wp\/v2\/posts\/7737\/revisions"}],"predecessor-version":[{"id":7752,"href":"https:\/\/www.acotv.org\/es\/wp-json\/wp\/v2\/posts\/7737\/revisions\/7752"}],"wp:featuredmedia":[{"embeddable":true,"href":"https:\/\/www.acotv.org\/es\/wp-json\/wp\/v2\/media\/7602"}],"wp:attachment":[{"href":"https:\/\/www.acotv.org\/es\/wp-json\/wp\/v2\/media?parent=7737"}],"wp:term":[{"taxonomy":"category","embeddable":true,"href":"https:\/\/www.acotv.org\/es\/wp-json\/wp\/v2\/categories?post=7737"},{"taxonomy":"post_tag","embeddable":true,"href":"https:\/\/www.acotv.org\/es\/wp-json\/wp\/v2\/tags?post=7737"}],"curies":[{"name":"wp","href":"https:\/\/api.w.org\/{rel}","templated":true}]}}