{"id":7717,"date":"2022-12-22T12:03:00","date_gmt":"2022-12-22T11:03:00","guid":{"rendered":"https:\/\/www.acotv.org\/apostem-per-la-recerca-optometrica\/"},"modified":"2022-12-29T21:23:08","modified_gmt":"2022-12-29T20:23:08","slug":"apostamos-por-la-investigacion-optometrica","status":"publish","type":"post","link":"https:\/\/www.acotv.org\/es\/apostamos-por-la-investigacion-optometrica\/","title":{"rendered":"Apostamos por la Investigaci\u00f3n Optom\u00e9trica"},"content":{"rendered":"\n<p class=\"wp-block-paragraph\">Una de las \u00c1reas que se est\u00e1 impulsando con fuerza desde hace unos a\u00f1os en la ACOTV es el <mark style=\"background-color:rgba(0, 0, 0, 0)\" class=\"has-inline-color has-black-color\"><strong>\u00c1rea de Investigaci\u00f3n<\/strong><\/mark> dada la constante necesidad de nuestro colectivo de desarrollar estudios de investigaci\u00f3n que puedan avalar la evidencia cient\u00edfica del \u00e1mbito optom\u00e9trico en relaci\u00f3n con la Terapia Visual.<\/p>\n\n\n\n<p class=\"wp-block-paragraph\">Se han llevado a cabo algunos primeros estudios introductorios por parte del grupo de trabajo para dar paso a lo que ha sido uno de los <mark style=\"background-color:rgba(0, 0, 0, 0)\" class=\"has-inline-color has-black-color\"><strong>buenos resultados de este 2022<\/strong><\/mark> el estudio realizado sobre<strong><mark style=\"background-color:rgba(0, 0, 0, 0)\" class=\"has-inline-color has-black-color\"> la influencia de diferentes longitudes de onda monocrom\u00e1ticas en el \u00e1mbito cerebral <\/mark><\/strong>que dio pie a la publicaci\u00f3n el pasado mes de octubre en la revista cient\u00edfica <em>Scientific Reports,<\/em> del grupo editorial Nature (<em>Springer Nature<\/em>) del art\u00edculo<a href=\"https:\/\/www.nature.com\/articles\/s41598-022-20668-9\" target=\"_blank\" rel=\"noreferrer noopener\"><mark style=\"background-color:rgba(0, 0, 0, 0)\" class=\"has-inline-color has-black-color\"><strong> \u00abConectivdad funcional de redes cerebrales con rasgos longitudinales de ondas monocrom\u00e1icas\u00bb<\/strong><\/mark>.<\/a><\/p>\n\n\n\n<p class=\"wp-block-paragraph\">Este estudio debido a su amplio abanico de recursos invertidos para llevarse a cabo, necesit\u00f3 una inversi\u00f3n superior a la habitual para poder desplegar las pruebas, an\u00e1lisis de datos, publicaci\u00f3n cient\u00edfica de los resultados obtenidos, etc. y gracias a la <strong><mark style=\"background-color:rgba(0, 0, 0, 0)\" class=\"has-inline-color has-black-color\">financiaci\u00f3n del COOOC <\/mark><\/strong>se pudo hacer posible.<\/p>\n\n\n\n<p class=\"wp-block-paragraph\">El grupo que forma el \u00c1rea de Investigaci\u00f3n de la ACOTV contin\u00faa activo y proactivo con nuevas propuestas lo que celebramos y deseamos que se traduzca en pr\u00f3ximas buenas noticias para todos gracias a los nuevos descubrimientos dentro del \u00e1mbito optom\u00e9trico.<\/p>\n\n\n\n<p class=\"wp-block-paragraph\">Como muestra de nuestro m\u00e1s sincero agradecimiento a este grupo queremos hacerlos visibles y tambi\u00e9n les hemos pedido que nos expliquen<\/p>\n\n\n\n<p class=\"has-medium-font-size wp-block-paragraph\"><mark style=\"background-color:rgba(0, 0, 0, 0)\" class=\"has-inline-color has-black-color\"><strong> <\/strong><\/mark><strong><mark style=\"background-color:rgba(0, 0, 0, 0)\" class=\"has-inline-color has-vivid-cyan-blue-color\">\u00bfPor qu\u00e9 quisieron formar parte de este \u00e1rea? <\/mark><\/strong><\/p>\n\n\n\n<div class=\"wp-block-group alignfull\"><div class=\"wp-block-group__inner-container is-layout-flow wp-block-group-is-layout-flow\">\n<div class=\"wp-block-media-text alignwide is-stacked-on-mobile\" style=\"grid-template-columns:25% auto\"><figure class=\"wp-block-media-text__media\"><img decoding=\"async\" width=\"200\" height=\"200\" src=\"https:\/\/www.acotv.org\/wp-content\/uploads\/FotoBernatSunyer-2.jpeg\" alt=\"\" class=\"wp-image-7671 size-full\" srcset=\"https:\/\/www.acotv.org\/wp-content\/uploads\/FotoBernatSunyer-2.jpeg 200w, https:\/\/www.acotv.org\/wp-content\/uploads\/FotoBernatSunyer-2-150x150.jpeg 150w\" sizes=\"(max-width: 200px) 100vw, 200px\" \/><\/figure><div class=\"wp-block-media-text__content\">\n<blockquote class=\"wp-block-quote has-text-align-left has-medium-font-size is-layout-flow wp-block-quote-is-layout-flow\"><p>La investigaci\u00f3n es muy importante tanto para dar validez a nuestro trabajo como optometristas especializados en terapia visual, como para aportar conocimiento y hacer crecer la profesi\u00f3n. Estos son objetivos compartidos con la ACOTV, as\u00ed que formar parte del \u00c1rea de Investigaci\u00f3n de la ACOTV es la mejor manera para contribuir a ello.<\/p><cite><strong><mark style=\"background-color:rgba(0, 0, 0, 0)\" class=\"has-inline-color has-vivid-cyan-blue-color\">Bernat Sunyer<\/mark><\/strong><br><strong>Coordinador del \u00c1rea de Investigaci\u00f3n de la ACOTV<\/strong><\/cite><\/blockquote>\n\n\n\n<p class=\"wp-block-paragraph\"><\/p>\n<\/div><\/div>\n\n\n\n<div class=\"wp-block-media-text alignwide is-stacked-on-mobile\" style=\"grid-template-columns:25% auto\"><figure class=\"wp-block-media-text__media\"><img fetchpriority=\"high\" decoding=\"async\" width=\"700\" height=\"466\" src=\"https:\/\/www.acotv.org\/wp-content\/uploads\/foto.jpg\" alt=\"\" class=\"wp-image-7674 size-full\" srcset=\"https:\/\/www.acotv.org\/wp-content\/uploads\/foto.jpg 700w, https:\/\/www.acotv.org\/wp-content\/uploads\/foto-300x200.jpg 300w\" sizes=\"(max-width: 700px) 100vw, 700px\" \/><\/figure><div class=\"wp-block-media-text__content\">\n<blockquote class=\"wp-block-quote has-medium-font-size is-layout-flow wp-block-quote-is-layout-flow\"><p>Me interesa la investigaci\u00f3n porque nos ayuda a conocer mejor lo que aplicamos o descubrir nuevos tratamientos que dar\u00e1n mayor calidad de vida a nuestros pacientes.<\/p><cite><strong><mark style=\"background-color:rgba(0, 0, 0, 0)\" class=\"has-inline-color has-vivid-cyan-blue-color\">S\u00edlvia Arteche<\/mark><\/strong><br><strong>Miembro del \u00c1rea de Investigaci\u00f3n de la ACOTV<\/strong><\/cite><\/blockquote>\n<\/div><\/div>\n\n\n\n<div class=\"wp-block-media-text alignwide is-stacked-on-mobile\" style=\"grid-template-columns:25% auto\"><figure class=\"wp-block-media-text__media\"><img decoding=\"async\" width=\"789\" height=\"674\" src=\"https:\/\/www.acotv.org\/wp-content\/uploads\/Imatge-personal-bis-2.jpg\" alt=\"\" class=\"wp-image-7677 size-full\" srcset=\"https:\/\/www.acotv.org\/wp-content\/uploads\/Imatge-personal-bis-2.jpg 789w, https:\/\/www.acotv.org\/wp-content\/uploads\/Imatge-personal-bis-2-300x256.jpg 300w, https:\/\/www.acotv.org\/wp-content\/uploads\/Imatge-personal-bis-2-768x656.jpg 768w\" sizes=\"(max-width: 789px) 100vw, 789px\" \/><\/figure><div class=\"wp-block-media-text__content\">\n<blockquote class=\"wp-block-quote has-medium-font-size is-layout-flow wp-block-quote-is-layout-flow\"><p>Mi inter\u00e9s por la investigaci\u00f3n vino por la necesidad de aportar mi granito de arena y ayudar a dotar de evidencia cient\u00edfica a una de las especialidades que ejercemos como optometristas, la terapia visual y sobre la que tanta controversia se ha creado en los \u00faltimos a\u00f1os.<br><br>La experiencia cl\u00ednica nos ha demostrado la eficacia de diversas t\u00e9cnicas usadas en terapia visual, pero a las que les falta el rigor cient\u00edfico necesario para poder ganar el respeto y aceptaci\u00f3n tanto dentro como fuera de nuestra profesi\u00f3n.<\/p><cite><strong><mark style=\"background-color:rgba(0, 0, 0, 0)\" class=\"has-inline-color has-vivid-cyan-blue-color\">Gemma Viera<\/mark><\/strong><br><strong>Miembro del \u00c1rea de Investigaci\u00f3n de la ACOTV<\/strong><\/cite><\/blockquote>\n<\/div><\/div>\n\n\n\n<div class=\"wp-block-media-text alignwide is-stacked-on-mobile\" style=\"grid-template-columns:25% auto\"><figure class=\"wp-block-media-text__media\"><img loading=\"lazy\" decoding=\"async\" width=\"169\" height=\"205\" src=\"https:\/\/www.acotv.org\/wp-content\/uploads\/A.-Mestre_4T.jpg\" alt=\"\" class=\"wp-image-7680 size-full\"\/><\/figure><div class=\"wp-block-media-text__content\">\n<blockquote class=\"wp-block-quote has-medium-font-size is-layout-flow wp-block-quote-is-layout-flow\"><p>Desde el inicio de la carrera profesional he valorado mucho la divulgaci\u00f3n, la formaci\u00f3n continuada y la investigaci\u00f3n en la optometr\u00eda, para aportar conocimiento y evidencia cient\u00edfica a la labor que realizamos a diario todos los especialistas en terapia visual. Por este motivo quise formar parte del \u00c1rea de Investigaci\u00f3n de la ACOTV, para poder aportar mi granito de arena en la investigaci\u00f3n.<\/p><cite><mark style=\"background-color:rgba(0, 0, 0, 0)\" class=\"has-inline-color has-vivid-cyan-blue-color\"><strong>Anna Mestre<\/strong><\/mark><br><strong>Miembro del \u00c1rea de Investigaci\u00f3n de la ACOTV<\/strong><\/cite><\/blockquote>\n<\/div><\/div>\n\n\n\n<div class=\"wp-block-media-text alignwide is-stacked-on-mobile\" style=\"grid-template-columns:25% auto\"><figure class=\"wp-block-media-text__media\"><img loading=\"lazy\" decoding=\"async\" width=\"1024\" height=\"1024\" src=\"https:\/\/www.acotv.org\/wp-content\/uploads\/M.Bartumeus_4T-1024x1024.jpg\" alt=\"\" class=\"wp-image-7683 size-full\" srcset=\"https:\/\/www.acotv.org\/wp-content\/uploads\/M.Bartumeus_4T-1024x1024.jpg 1024w, https:\/\/www.acotv.org\/wp-content\/uploads\/M.Bartumeus_4T-300x300.jpg 300w, https:\/\/www.acotv.org\/wp-content\/uploads\/M.Bartumeus_4T-150x150.jpg 150w, https:\/\/www.acotv.org\/wp-content\/uploads\/M.Bartumeus_4T-768x768.jpg 768w, https:\/\/www.acotv.org\/wp-content\/uploads\/M.Bartumeus_4T-1536x1536.jpg 1536w, https:\/\/www.acotv.org\/wp-content\/uploads\/M.Bartumeus_4T-600x600.jpg 600w, https:\/\/www.acotv.org\/wp-content\/uploads\/M.Bartumeus_4T.jpg 1600w\" sizes=\"(max-width: 1024px) 100vw, 1024px\" \/><\/figure><div class=\"wp-block-media-text__content\">\n<blockquote class=\"wp-block-quote has-medium-font-size is-layout-flow wp-block-quote-is-layout-flow\"><p>Desde hace unos meses formo parte del \u00c1rea de Investigaci\u00f3n, \u00e1rea que considero de gran importancia para investigar y probar muchas de las pr\u00e1cticas que hasta ahora no tienen el consenso y el aval de la comunidad cient\u00edfica, pero que en el \u00e1mbito cl\u00ednico ya est\u00e1n dando muy buenos resultados.<\/p><cite><strong><mark style=\"background-color:rgba(0, 0, 0, 0)\" class=\"has-inline-color has-vivid-cyan-blue-color\">Marcel Bartumeus<\/mark><\/strong><br><strong>Miembro del \u00c1rea de Investigaci\u00f3n de la ACOTV<\/strong><\/cite><\/blockquote>\n\n\n\n<p class=\"wp-block-paragraph\"><\/p>\n<\/div><\/div>\n\n\n\n<div class=\"wp-block-media-text alignwide is-stacked-on-mobile\" style=\"grid-template-columns:25% auto\"><figure class=\"wp-block-media-text__media\"><img loading=\"lazy\" decoding=\"async\" width=\"283\" height=\"368\" src=\"https:\/\/www.acotv.org\/wp-content\/uploads\/WhatsApp-Image-2022-12-29-at-15.55.56.jpeg\" alt=\"\" class=\"wp-image-7721 size-full\" srcset=\"https:\/\/www.acotv.org\/wp-content\/uploads\/WhatsApp-Image-2022-12-29-at-15.55.56.jpeg 283w, https:\/\/www.acotv.org\/wp-content\/uploads\/WhatsApp-Image-2022-12-29-at-15.55.56-231x300.jpeg 231w\" sizes=\"(max-width: 283px) 100vw, 283px\" \/><\/figure><div class=\"wp-block-media-text__content\">\n<blockquote class=\"wp-block-quote has-medium-font-size is-layout-flow wp-block-quote-is-layout-flow\"><p>Llevo 6 a\u00f1os trabajando en una consulta optom\u00e9trica haciendo terapia visual. Recientemente, me he a\u00f1adido al grupo del \u00c0rea de Investigaci\u00f3n de la ACOTV para poder aportar un peque\u00f1o grano de arena a la comunidad cient\u00edfica y para poder seguir aprendiendo sobre nuestra profesi\u00f3n.<\/p><cite><strong><mark style=\"background-color:rgba(0, 0, 0, 0)\" class=\"has-inline-color has-vivid-cyan-blue-color\">Cristina Ib\u00e1\u00f1ez<\/mark><\/strong><br><strong>Miembro del \u00c1rea de Investigaci\u00f3n de la ACOTV<\/strong><\/cite><\/blockquote>\n<\/div><\/div>\n\n\n\n<div class=\"wp-block-media-text alignwide is-stacked-on-mobile\" style=\"grid-template-columns:24% auto\"><figure class=\"wp-block-media-text__media\"><img loading=\"lazy\" decoding=\"async\" width=\"446\" height=\"471\" src=\"https:\/\/www.acotv.org\/wp-content\/uploads\/WhatsApp-Image-2022-12-29-at-13.03.40.jpeg\" alt=\"\" class=\"wp-image-7696 size-full\" srcset=\"https:\/\/www.acotv.org\/wp-content\/uploads\/WhatsApp-Image-2022-12-29-at-13.03.40.jpeg 446w, https:\/\/www.acotv.org\/wp-content\/uploads\/WhatsApp-Image-2022-12-29-at-13.03.40-284x300.jpeg 284w\" sizes=\"(max-width: 446px) 100vw, 446px\" \/><\/figure><div class=\"wp-block-media-text__content\">\n<blockquote class=\"wp-block-quote has-medium-font-size is-layout-flow wp-block-quote-is-layout-flow\"><p>El \u00c1rea de Investigaci\u00f3n de la ACOTV nos permite avanzar para crear investigaciones en terapia visual con un equipo de gente voluntaria y con experiencia cl\u00ednica. Esta sinergia es importante para trabajar sumando en ese campo de la optometr\u00eda tan interesante.<\/p><cite><mark style=\"background-color:rgba(0, 0, 0, 0)\" class=\"has-inline-color has-vivid-cyan-blue-color\"><strong>Marc Argil\u00e9s<\/strong><\/mark><br><strong>Miembro del \u00c1rea de Investigaci\u00f3n de la ACOTV<\/strong><\/cite><\/blockquote>\n<\/div><\/div>\n<\/div><\/div>\n\n\n\n<p class=\"wp-block-paragraph\"><\/p>\n","protected":false},"excerpt":{"rendered":"<p>Una de las \u00c1reas que se est\u00e1 impulsando con fuerza desde hace unos a\u00f1os en la ACOTV es el \u00c1rea de Investigaci\u00f3n <\/p>\n","protected":false},"author":2,"featured_media":7761,"comment_status":"open","ping_status":"open","sticky":false,"template":"","format":"standard","meta":{"ocean_front_end_style_editor":"no","ocean_post_layout":"","ocean_both_sidebars_style":"","ocean_both_sidebars_content_width":0,"ocean_both_sidebars_sidebars_width":0,"ocean_sidebar":"0","ocean_second_sidebar":"0","ocean_disable_margins":"enable","ocean_add_body_class":"","ocean_shortcode_before_top_bar":"","ocean_shortcode_after_top_bar":"","ocean_shortcode_before_header":"","ocean_shortcode_after_header":"","ocean_has_shortcode":"","ocean_shortcode_after_title":"","ocean_shortcode_before_footer_widgets":"","ocean_shortcode_after_footer_widgets":"","ocean_shortcode_before_footer_bottom":"","ocean_shortcode_after_footer_bottom":"","ocean_display_top_bar":"default","ocean_display_header":"default","ocean_header_style":"","ocean_center_header_left_menu":"0","ocean_custom_header_template":"0","ocean_custom_logo":0,"ocean_custom_retina_logo":0,"ocean_custom_logo_max_width":0,"ocean_custom_logo_tablet_max_width":0,"ocean_custom_logo_mobile_max_width":0,"ocean_custom_logo_max_height":0,"ocean_custom_logo_tablet_max_height":0,"ocean_custom_logo_mobile_max_height":0,"ocean_header_custom_menu":"0","ocean_menu_typo_font_family":"0","ocean_menu_typo_font_subset":"","ocean_menu_typo_font_size":0,"ocean_menu_typo_font_size_tablet":0,"ocean_menu_typo_font_size_mobile":0,"ocean_menu_typo_font_size_unit":"px","ocean_menu_typo_font_weight":"","ocean_menu_typo_font_weight_tablet":"","ocean_menu_typo_font_weight_mobile":"","ocean_menu_typo_transform":"","ocean_menu_typo_transform_tablet":"","ocean_menu_typo_transform_mobile":"","ocean_menu_typo_line_height":0,"ocean_menu_typo_line_height_tablet":0,"ocean_menu_typo_line_height_mobile":0,"ocean_menu_typo_line_height_unit":"","ocean_menu_typo_spacing":0,"ocean_menu_typo_spacing_tablet":0,"ocean_menu_typo_spacing_mobile":0,"ocean_menu_typo_spacing_unit":"","ocean_menu_link_color":"","ocean_menu_link_color_hover":"","ocean_menu_link_color_active":"","ocean_menu_link_background":"","ocean_menu_link_hover_background":"","ocean_menu_link_active_background":"","ocean_menu_social_links_bg":"","ocean_menu_social_hover_links_bg":"","ocean_menu_social_links_color":"","ocean_menu_social_hover_links_color":"","ocean_disable_title":"default","ocean_disable_heading":"default","ocean_post_title":"","ocean_post_subheading":"","ocean_post_title_style":"","ocean_post_title_background_color":"","ocean_post_title_background":0,"ocean_post_title_bg_image_position":"","ocean_post_title_bg_image_attachment":"","ocean_post_title_bg_image_repeat":"","ocean_post_title_bg_image_size":"","ocean_post_title_height":0,"ocean_post_title_bg_overlay":0.5,"ocean_post_title_bg_overlay_color":"","ocean_disable_breadcrumbs":"default","ocean_breadcrumbs_color":"","ocean_breadcrumbs_separator_color":"","ocean_breadcrumbs_links_color":"","ocean_breadcrumbs_links_hover_color":"","ocean_display_footer_widgets":"default","ocean_display_footer_bottom":"default","ocean_custom_footer_template":"0","ocean_post_oembed":"","ocean_post_self_hosted_media":"","ocean_post_video_embed":"","ocean_link_format":"","ocean_link_format_target":"self","ocean_quote_format":"","ocean_quote_format_link":"post","ocean_gallery_link_images":"off","ocean_gallery_id":[],"footnotes":""},"categories":[8],"tags":[146,60,56],"class_list":["post-7717","post","type-post","status-publish","format-standard","has-post-thumbnail","hentry","category-noticias","tag-investigacion","tag-optometria","tag-trabajoengrupo","entry","has-media"],"yoast_head":"<!-- This site is optimized with the Yoast SEO plugin v28.4 - https:\/\/yoast.com\/product\/yoast-seo-wordpress\/ -->\n<title>Apostamos por la Investigaci\u00f3n Optom\u00e9trica - Asociaci\u00f3n Catalana de Optometr\u00eda y Terapia Visual<\/title>\n<meta name=\"robots\" content=\"index, follow, max-snippet:-1, max-image-preview:large, max-video-preview:-1\" \/>\n<link rel=\"canonical\" href=\"https:\/\/www.acotv.org\/es\/apostamos-por-la-investigacion-optometrica\/\" \/>\n<meta property=\"og:locale\" content=\"es_ES\" \/>\n<meta property=\"og:type\" content=\"article\" \/>\n<meta property=\"og:title\" content=\"Apostamos por la Investigaci\u00f3n Optom\u00e9trica - Asociaci\u00f3n Catalana de Optometr\u00eda y Terapia Visual\" \/>\n<meta property=\"og:description\" content=\"Una de las \u00c1reas que se est\u00e1 impulsando con fuerza desde hace unos a\u00f1os en la ACOTV es el \u00c1rea de Investigaci\u00f3n\" \/>\n<meta property=\"og:url\" content=\"https:\/\/www.acotv.org\/es\/apostamos-por-la-investigacion-optometrica\/\" \/>\n<meta property=\"og:site_name\" content=\"Asociaci\u00f3n Catalana de Optometr\u00eda y Terapia Visual\" \/>\n<meta property=\"article:published_time\" content=\"2022-12-22T11:03:00+00:00\" \/>\n<meta property=\"article:modified_time\" content=\"2022-12-29T20:23:08+00:00\" \/>\n<meta property=\"og:image\" content=\"https:\/\/www.acotv.org\/wp-content\/uploads\/AR_cast.jpeg\" \/>\n\t<meta property=\"og:image:width\" content=\"1080\" \/>\n\t<meta property=\"og:image:height\" content=\"1080\" \/>\n\t<meta property=\"og:image:type\" content=\"image\/jpeg\" \/>\n<meta name=\"author\" content=\"ACOTV\" \/>\n<meta name=\"twitter:card\" content=\"summary_large_image\" \/>\n<meta name=\"twitter:label1\" content=\"Escrito por\" \/>\n\t<meta name=\"twitter:data1\" content=\"ACOTV\" \/>\n\t<meta name=\"twitter:label2\" content=\"Tiempo de lectura\" \/>\n\t<meta name=\"twitter:data2\" content=\"5 minutos\" \/>\n<script type=\"application\/ld+json\" class=\"yoast-schema-graph\">{\"@context\":\"https:\\\/\\\/schema.org\",\"@graph\":[{\"@type\":\"Article\",\"@id\":\"https:\\\/\\\/www.acotv.org\\\/es\\\/apostamos-por-la-investigacion-optometrica\\\/#article\",\"isPartOf\":{\"@id\":\"https:\\\/\\\/www.acotv.org\\\/es\\\/apostamos-por-la-investigacion-optometrica\\\/\"},\"author\":{\"name\":\"ACOTV\",\"@id\":\"https:\\\/\\\/www.acotv.org\\\/ca\\\/#\\\/schema\\\/person\\\/0de470fec1dbf9785a7343042d765744\"},\"headline\":\"Apostamos por la Investigaci\u00f3n Optom\u00e9trica\",\"datePublished\":\"2022-12-22T11:03:00+00:00\",\"dateModified\":\"2022-12-29T20:23:08+00:00\",\"mainEntityOfPage\":{\"@id\":\"https:\\\/\\\/www.acotv.org\\\/es\\\/apostamos-por-la-investigacion-optometrica\\\/\"},\"wordCount\":755,\"commentCount\":0,\"image\":{\"@id\":\"https:\\\/\\\/www.acotv.org\\\/es\\\/apostamos-por-la-investigacion-optometrica\\\/#primaryimage\"},\"thumbnailUrl\":\"https:\\\/\\\/www.acotv.org\\\/wp-content\\\/uploads\\\/AR_cast.jpeg\",\"keywords\":[\"Investigaci\u00f3n\",\"Optometria\",\"trabajoengrupo\"],\"articleSection\":[\"Noticias\"],\"inLanguage\":\"es\",\"potentialAction\":[{\"@type\":\"CommentAction\",\"name\":\"Comment\",\"target\":[\"https:\\\/\\\/www.acotv.org\\\/es\\\/apostamos-por-la-investigacion-optometrica\\\/#respond\"]}]},{\"@type\":\"WebPage\",\"@id\":\"https:\\\/\\\/www.acotv.org\\\/es\\\/apostamos-por-la-investigacion-optometrica\\\/\",\"url\":\"https:\\\/\\\/www.acotv.org\\\/es\\\/apostamos-por-la-investigacion-optometrica\\\/\",\"name\":\"Apostamos por la Investigaci\u00f3n Optom\u00e9trica - Asociaci\u00f3n Catalana de Optometr\u00eda y Terapia Visual\",\"isPartOf\":{\"@id\":\"https:\\\/\\\/www.acotv.org\\\/ca\\\/#website\"},\"primaryImageOfPage\":{\"@id\":\"https:\\\/\\\/www.acotv.org\\\/es\\\/apostamos-por-la-investigacion-optometrica\\\/#primaryimage\"},\"image\":{\"@id\":\"https:\\\/\\\/www.acotv.org\\\/es\\\/apostamos-por-la-investigacion-optometrica\\\/#primaryimage\"},\"thumbnailUrl\":\"https:\\\/\\\/www.acotv.org\\\/wp-content\\\/uploads\\\/AR_cast.jpeg\",\"datePublished\":\"2022-12-22T11:03:00+00:00\",\"dateModified\":\"2022-12-29T20:23:08+00:00\",\"author\":{\"@id\":\"https:\\\/\\\/www.acotv.org\\\/ca\\\/#\\\/schema\\\/person\\\/0de470fec1dbf9785a7343042d765744\"},\"breadcrumb\":{\"@id\":\"https:\\\/\\\/www.acotv.org\\\/es\\\/apostamos-por-la-investigacion-optometrica\\\/#breadcrumb\"},\"inLanguage\":\"es\",\"potentialAction\":[{\"@type\":\"ReadAction\",\"target\":[\"https:\\\/\\\/www.acotv.org\\\/es\\\/apostamos-por-la-investigacion-optometrica\\\/\"]}]},{\"@type\":\"ImageObject\",\"inLanguage\":\"es\",\"@id\":\"https:\\\/\\\/www.acotv.org\\\/es\\\/apostamos-por-la-investigacion-optometrica\\\/#primaryimage\",\"url\":\"https:\\\/\\\/www.acotv.org\\\/wp-content\\\/uploads\\\/AR_cast.jpeg\",\"contentUrl\":\"https:\\\/\\\/www.acotv.org\\\/wp-content\\\/uploads\\\/AR_cast.jpeg\",\"width\":1080,\"height\":1080},{\"@type\":\"BreadcrumbList\",\"@id\":\"https:\\\/\\\/www.acotv.org\\\/es\\\/apostamos-por-la-investigacion-optometrica\\\/#breadcrumb\",\"itemListElement\":[{\"@type\":\"ListItem\",\"position\":1,\"name\":\"Portada\",\"item\":\"https:\\\/\\\/www.acotv.org\\\/es\\\/\"},{\"@type\":\"ListItem\",\"position\":2,\"name\":\"Apostamos por la Investigaci\u00f3n Optom\u00e9trica\"}]},{\"@type\":\"WebSite\",\"@id\":\"https:\\\/\\\/www.acotv.org\\\/ca\\\/#website\",\"url\":\"https:\\\/\\\/www.acotv.org\\\/ca\\\/\",\"name\":\"Asociaci\u00f3n Catalana de Optometr\u00eda y Terapia Visual\",\"description\":\"\",\"potentialAction\":[{\"@type\":\"SearchAction\",\"target\":{\"@type\":\"EntryPoint\",\"urlTemplate\":\"https:\\\/\\\/www.acotv.org\\\/ca\\\/?s={search_term_string}\"},\"query-input\":{\"@type\":\"PropertyValueSpecification\",\"valueRequired\":true,\"valueName\":\"search_term_string\"}}],\"inLanguage\":\"es\"},{\"@type\":\"Person\",\"@id\":\"https:\\\/\\\/www.acotv.org\\\/ca\\\/#\\\/schema\\\/person\\\/0de470fec1dbf9785a7343042d765744\",\"name\":\"ACOTV\",\"image\":{\"@type\":\"ImageObject\",\"inLanguage\":\"es\",\"@id\":\"https:\\\/\\\/www.acotv.org\\\/wp-content\\\/uploads\\\/Logo-petit-150x150.jpg\",\"url\":\"https:\\\/\\\/www.acotv.org\\\/wp-content\\\/uploads\\\/Logo-petit-150x150.jpg\",\"contentUrl\":\"https:\\\/\\\/www.acotv.org\\\/wp-content\\\/uploads\\\/Logo-petit-150x150.jpg\",\"caption\":\"ACOTV\"},\"url\":\"https:\\\/\\\/www.acotv.org\\\/es\\\/author\\\/acotv\\\/\"}]}<\/script>\n<!-- \/ Yoast SEO plugin. -->","yoast_head_json":{"title":"Apostamos por la Investigaci\u00f3n Optom\u00e9trica - Asociaci\u00f3n Catalana de Optometr\u00eda y Terapia Visual","robots":{"index":"index","follow":"follow","max-snippet":"max-snippet:-1","max-image-preview":"max-image-preview:large","max-video-preview":"max-video-preview:-1"},"canonical":"https:\/\/www.acotv.org\/es\/apostamos-por-la-investigacion-optometrica\/","og_locale":"es_ES","og_type":"article","og_title":"Apostamos por la Investigaci\u00f3n Optom\u00e9trica - Asociaci\u00f3n Catalana de Optometr\u00eda y Terapia Visual","og_description":"Una de las \u00c1reas que se est\u00e1 impulsando con fuerza desde hace unos a\u00f1os en la ACOTV es el \u00c1rea de Investigaci\u00f3n","og_url":"https:\/\/www.acotv.org\/es\/apostamos-por-la-investigacion-optometrica\/","og_site_name":"Asociaci\u00f3n Catalana de Optometr\u00eda y Terapia Visual","article_published_time":"2022-12-22T11:03:00+00:00","article_modified_time":"2022-12-29T20:23:08+00:00","og_image":[{"width":1080,"height":1080,"url":"https:\/\/www.acotv.org\/wp-content\/uploads\/AR_cast.jpeg","type":"image\/jpeg"}],"author":"ACOTV","twitter_card":"summary_large_image","twitter_misc":{"Escrito por":"ACOTV","Tiempo de lectura":"5 minutos"},"schema":{"@context":"https:\/\/schema.org","@graph":[{"@type":"Article","@id":"https:\/\/www.acotv.org\/es\/apostamos-por-la-investigacion-optometrica\/#article","isPartOf":{"@id":"https:\/\/www.acotv.org\/es\/apostamos-por-la-investigacion-optometrica\/"},"author":{"name":"ACOTV","@id":"https:\/\/www.acotv.org\/ca\/#\/schema\/person\/0de470fec1dbf9785a7343042d765744"},"headline":"Apostamos por la Investigaci\u00f3n Optom\u00e9trica","datePublished":"2022-12-22T11:03:00+00:00","dateModified":"2022-12-29T20:23:08+00:00","mainEntityOfPage":{"@id":"https:\/\/www.acotv.org\/es\/apostamos-por-la-investigacion-optometrica\/"},"wordCount":755,"commentCount":0,"image":{"@id":"https:\/\/www.acotv.org\/es\/apostamos-por-la-investigacion-optometrica\/#primaryimage"},"thumbnailUrl":"https:\/\/www.acotv.org\/wp-content\/uploads\/AR_cast.jpeg","keywords":["Investigaci\u00f3n","Optometria","trabajoengrupo"],"articleSection":["Noticias"],"inLanguage":"es","potentialAction":[{"@type":"CommentAction","name":"Comment","target":["https:\/\/www.acotv.org\/es\/apostamos-por-la-investigacion-optometrica\/#respond"]}]},{"@type":"WebPage","@id":"https:\/\/www.acotv.org\/es\/apostamos-por-la-investigacion-optometrica\/","url":"https:\/\/www.acotv.org\/es\/apostamos-por-la-investigacion-optometrica\/","name":"Apostamos por la Investigaci\u00f3n Optom\u00e9trica - Asociaci\u00f3n Catalana de Optometr\u00eda y Terapia Visual","isPartOf":{"@id":"https:\/\/www.acotv.org\/ca\/#website"},"primaryImageOfPage":{"@id":"https:\/\/www.acotv.org\/es\/apostamos-por-la-investigacion-optometrica\/#primaryimage"},"image":{"@id":"https:\/\/www.acotv.org\/es\/apostamos-por-la-investigacion-optometrica\/#primaryimage"},"thumbnailUrl":"https:\/\/www.acotv.org\/wp-content\/uploads\/AR_cast.jpeg","datePublished":"2022-12-22T11:03:00+00:00","dateModified":"2022-12-29T20:23:08+00:00","author":{"@id":"https:\/\/www.acotv.org\/ca\/#\/schema\/person\/0de470fec1dbf9785a7343042d765744"},"breadcrumb":{"@id":"https:\/\/www.acotv.org\/es\/apostamos-por-la-investigacion-optometrica\/#breadcrumb"},"inLanguage":"es","potentialAction":[{"@type":"ReadAction","target":["https:\/\/www.acotv.org\/es\/apostamos-por-la-investigacion-optometrica\/"]}]},{"@type":"ImageObject","inLanguage":"es","@id":"https:\/\/www.acotv.org\/es\/apostamos-por-la-investigacion-optometrica\/#primaryimage","url":"https:\/\/www.acotv.org\/wp-content\/uploads\/AR_cast.jpeg","contentUrl":"https:\/\/www.acotv.org\/wp-content\/uploads\/AR_cast.jpeg","width":1080,"height":1080},{"@type":"BreadcrumbList","@id":"https:\/\/www.acotv.org\/es\/apostamos-por-la-investigacion-optometrica\/#breadcrumb","itemListElement":[{"@type":"ListItem","position":1,"name":"Portada","item":"https:\/\/www.acotv.org\/es\/"},{"@type":"ListItem","position":2,"name":"Apostamos por la Investigaci\u00f3n Optom\u00e9trica"}]},{"@type":"WebSite","@id":"https:\/\/www.acotv.org\/ca\/#website","url":"https:\/\/www.acotv.org\/ca\/","name":"Asociaci\u00f3n Catalana de Optometr\u00eda y Terapia Visual","description":"","potentialAction":[{"@type":"SearchAction","target":{"@type":"EntryPoint","urlTemplate":"https:\/\/www.acotv.org\/ca\/?s={search_term_string}"},"query-input":{"@type":"PropertyValueSpecification","valueRequired":true,"valueName":"search_term_string"}}],"inLanguage":"es"},{"@type":"Person","@id":"https:\/\/www.acotv.org\/ca\/#\/schema\/person\/0de470fec1dbf9785a7343042d765744","name":"ACOTV","image":{"@type":"ImageObject","inLanguage":"es","@id":"https:\/\/www.acotv.org\/wp-content\/uploads\/Logo-petit-150x150.jpg","url":"https:\/\/www.acotv.org\/wp-content\/uploads\/Logo-petit-150x150.jpg","contentUrl":"https:\/\/www.acotv.org\/wp-content\/uploads\/Logo-petit-150x150.jpg","caption":"ACOTV"},"url":"https:\/\/www.acotv.org\/es\/author\/acotv\/"}]}},"_links":{"self":[{"href":"https:\/\/www.acotv.org\/es\/wp-json\/wp\/v2\/posts\/7717","targetHints":{"allow":["GET"]}}],"collection":[{"href":"https:\/\/www.acotv.org\/es\/wp-json\/wp\/v2\/posts"}],"about":[{"href":"https:\/\/www.acotv.org\/es\/wp-json\/wp\/v2\/types\/post"}],"author":[{"embeddable":true,"href":"https:\/\/www.acotv.org\/es\/wp-json\/wp\/v2\/users\/2"}],"replies":[{"embeddable":true,"href":"https:\/\/www.acotv.org\/es\/wp-json\/wp\/v2\/comments?post=7717"}],"version-history":[{"count":4,"href":"https:\/\/www.acotv.org\/es\/wp-json\/wp\/v2\/posts\/7717\/revisions"}],"predecessor-version":[{"id":7754,"href":"https:\/\/www.acotv.org\/es\/wp-json\/wp\/v2\/posts\/7717\/revisions\/7754"}],"wp:featuredmedia":[{"embeddable":true,"href":"https:\/\/www.acotv.org\/es\/wp-json\/wp\/v2\/media\/7761"}],"wp:attachment":[{"href":"https:\/\/www.acotv.org\/es\/wp-json\/wp\/v2\/media?parent=7717"}],"wp:term":[{"taxonomy":"category","embeddable":true,"href":"https:\/\/www.acotv.org\/es\/wp-json\/wp\/v2\/categories?post=7717"},{"taxonomy":"post_tag","embeddable":true,"href":"https:\/\/www.acotv.org\/es\/wp-json\/wp\/v2\/tags?post=7717"}],"curies":[{"name":"wp","href":"https:\/\/api.w.org\/{rel}","templated":true}]}}