{"id":6566,"date":"2019-03-25T08:22:00","date_gmt":"2019-03-25T07:22:00","guid":{"rendered":"https:\/\/www.acotv.org\/trobada-anual-de-socis\/"},"modified":"2022-10-28T08:30:24","modified_gmt":"2022-10-28T06:30:24","slug":"trobada-anual-de-socis","status":"publish","type":"post","link":"https:\/\/www.acotv.org\/es\/trobada-anual-de-socis\/","title":{"rendered":"Trobada anual de socis"},"content":{"rendered":"\n<h2 class=\"wp-block-heading\"><strong><mark style=\"background-color:rgba(0, 0, 0, 0)\" class=\"has-inline-color has-vivid-cyan-blue-color\">Una trobada amb celebraci\u00f3<\/mark><\/strong><\/h2>\n\n\n\n<p class=\"wp-block-paragraph\">El passat, diumenge 10 de mar\u00e7, va tenir lloc l&#8217;<strong>Assemblea General de l&#8217;ACOTV&nbsp;2019<\/strong>&nbsp;en la qual es va celebrar el 18\u00e8 aniversari de l&#8217;Associaci\u00f3.<\/p>\n\n\n\n<p class=\"wp-block-paragraph\">Durant la trobada anual de socis de l&#8217;ACOTV&nbsp;i coincidint amb<strong>&nbsp;l&#8217;Assemblea General<\/strong>&nbsp;de l&#8217;entitat, realitzada aquest any a Barcelona, l&#8217;associaci\u00f3 va aprofitar per celebrar els seus 18 anys de traject\u00f2ria.<\/p>\n\n\n\n<blockquote class=\"wp-block-quote is-layout-flow wp-block-quote-is-layout-flow\"><p><strong>Arribar a la majoria d&#8217;edat \u00e9s sin\u00f2nim d&#8217;entrar en l&#8217;edat adulta, fet que permet una mirada enrere des de l&#8217;expertesa i l&#8217;experi\u00e8ncia per&nbsp;fer valdre&nbsp;tot el cam\u00ed recorregut fins ara.<\/strong><\/p><\/blockquote>\n\n\n\n<p class=\"wp-block-paragraph\">D&#8217;aquesta manera els socis de l&#8217;ACOTV&nbsp;van voler commemorar l&#8217;ocasi\u00f3 destacant tots els esfor\u00e7os comuns que des de l&#8217;entitat s&#8217;han portat a terme durant aquests \u00faltims 18 anys.<br>Amb un petit acte simb\u00f2lic en el qual es va compartir un dels tants bons moments entre companys que l&#8217;associaci\u00f3 ha viscut, el diumenge 10 de mar\u00e7, s&#8217;aprofitava aix\u00ed la trobada anual de socis per recordar a cadascuna de les persones que han fet possible les diferents fites assolides per l&#8217;ACOTV.<\/p>\n\n\n\n<p class=\"wp-block-paragraph\"><strong><mark style=\"background-color:rgba(0, 0, 0, 0)\" class=\"has-inline-color has-vivid-cyan-blue-color\">Presentaci\u00f3 pr\u00e8via dels principals projectes de l&#8217;any i Assemblea General<\/mark><\/strong><\/p>\n\n\n\n<p class=\"wp-block-paragraph\">La jornada s&#8217;iniciava amb dues presentacions pr\u00e8vies per a tots els assistents dels quals han estat els dos projectes destacats en els \u00faltims mesos 2018; el treball iniciat per l&#8217;\u00c0rea de Recerca que comen\u00e7a a donar els seus primers fruits, els quals van ser presentats en detall als socis, i la presentaci\u00f3 del M\u00e0ster d&#8217;Optometria i Ter\u00e0pia Visual el programa de formaci\u00f3 avan\u00e7ada que l&#8217;ACOTV\u00a0impulsa amb la Facultat d&#8217;\u00d2ptica i Optometria de Terrassa (FOOT) avalat per la Fundaci\u00f3 Polit\u00e8cnica de Catalunya i que obrir\u00e0 la seva primera convocat\u00f2ria aquest 2019-2020.<br>L&#8217;Assemblea es va iniciar en l&#8217;hora convocat\u00f2ria prevista desenvolupant el detall dels punts anunciats en l&#8217;ordre del dia establerta.<br>S&#8217;obria aix\u00ed la reuni\u00f3 amb la presentaci\u00f3 d&#8217;un abans i un despr\u00e9s del Pla Estrat\u00e8gic\u00a0ACOTV, espai que tenia l&#8217;objectiu de poder visualitzar els canvis aconseguits a conseq\u00fc\u00e8ncia de la implementaci\u00f3 del pla estrat\u00e8gic (PE) aix\u00ed com refor\u00e7ar la import\u00e0ncia d&#8217;haver-lo dut a terme.<br>A trav\u00e9s del suport d&#8217;una presentaci\u00f3 elaborada per l&#8217;ocasi\u00f3 es van mostrar exemples de l&#8217;evoluci\u00f3 que ha viscut l&#8217;associaci\u00f3 aquests \u00faltims anys, visualitzant diverses imatges que simbolitzen l&#8217;abans i el despr\u00e9s de diverses accions que engloba el PE i comentant els objectius assolits i tamb\u00e9 tots els que cal continuar treballant, revisant, actualitzant o millorant segons les actuals necessitats del context.<\/p>\n\n\n\n<figure class=\"wp-block-gallery has-nested-images columns-default is-cropped wp-block-gallery-1 is-layout-flex wp-block-gallery-is-layout-flex\">\n<figure class=\"wp-block-image size-large\"><img fetchpriority=\"high\" decoding=\"async\" width=\"700\" height=\"525\" data-id=\"6546\" src=\"https:\/\/www.acotv.org\/wp-content\/uploads\/AW250319_1.jpg\" alt=\"\" class=\"wp-image-6546\" srcset=\"https:\/\/www.acotv.org\/wp-content\/uploads\/AW250319_1.jpg 700w, https:\/\/www.acotv.org\/wp-content\/uploads\/AW250319_1-300x225.jpg 300w\" sizes=\"(max-width: 700px) 100vw, 700px\" \/><\/figure>\n\n\n\n<figure class=\"wp-block-image size-large\"><img decoding=\"async\" width=\"700\" height=\"525\" data-id=\"6549\" src=\"https:\/\/www.acotv.org\/wp-content\/uploads\/AW250319_2.jpg\" alt=\"\" class=\"wp-image-6549\" srcset=\"https:\/\/www.acotv.org\/wp-content\/uploads\/AW250319_2.jpg 700w, https:\/\/www.acotv.org\/wp-content\/uploads\/AW250319_2-300x225.jpg 300w\" sizes=\"(max-width: 700px) 100vw, 700px\" \/><\/figure>\n\n\n\n<figure class=\"wp-block-image size-large\"><img decoding=\"async\" width=\"700\" height=\"525\" data-id=\"6552\" src=\"https:\/\/www.acotv.org\/wp-content\/uploads\/AW250319_3.jpg\" alt=\"\" class=\"wp-image-6552\" srcset=\"https:\/\/www.acotv.org\/wp-content\/uploads\/AW250319_3.jpg 700w, https:\/\/www.acotv.org\/wp-content\/uploads\/AW250319_3-300x225.jpg 300w\" sizes=\"(max-width: 700px) 100vw, 700px\" \/><\/figure>\n<\/figure>\n\n\n\n<p class=\"wp-block-paragraph\"><strong>Fem mem\u00f2ria del passat apostant pel futur<\/strong><\/p>\n\n\n\n<p class=\"wp-block-paragraph\">Seguidament els socis vam participar en el\u00a0Kahoot Associatiu,\u00a0una activitat de grup en la qual tots els assistents a l&#8217;assemblea van poder interactuar a trav\u00e9s de l&#8217;App\u00a0Kahhot\u00a0d&#8217;una forma din\u00e0mica a trav\u00e9s d&#8217;un concurs compost de diferents preguntes relacionades amb l&#8217;associaci\u00f3 que vam permetre con\u00e8ixer quin \u00e9s l&#8217;estat de la mem\u00f2ria hist\u00f2rica dels socis respecte a l&#8217;ACOTV\u00a0coincidint amb la celebraci\u00f3 durant aquest 2019 dels 18 anys de l&#8217;entitat.<br>Es va fer un rep\u00e0s per esdeveniments passats des del qual els socis vam poder recordar detalls com quin va ser l&#8217;any de la fundaci\u00f3 de l&#8217;ACOTV, qui el seu primer president\/a, identificar quin c\u00e0rrec desenvolupen o tenen ara alguns dels socis, aix\u00ed com repassar diferents aspectes del funcionament\u00a0 i les activitats generals de l&#8217;entitat. Un espai participatiu que va contribuir a seguir refor\u00e7ant la interacci\u00f3 del grup.<br>En finalitzar l&#8217;activitat es va procedir a realitzar una pausa on s&#8217;aprofita per fer l&#8217;acte de celebraci\u00f3 dels 18 Anys\u00a0ACOTV. Per continuar despr\u00e9s amb la resta d&#8217;assumptes a tractar per l&#8217;Assemblea entre els quals s&#8217;engloben l&#8217;aprovaci\u00f3 de la mem\u00f2ria 2018 i els pressupostos per aquest nou any 2019. Tamb\u00e9 va haver l&#8217;oportunitat d&#8217;abordar l&#8217;Acci\u00f3 Social i Solid\u00e0ria que enguany l&#8217;ACOTV\u00a0est\u00e0 realitzant i la seva proposta de futur aix\u00ed com compartir la informaci\u00f3 general dels pr\u00f2xims projectes de l&#8217;associaci\u00f3.<\/p>\n\n\n\n<figure class=\"wp-block-gallery has-nested-images columns-default is-cropped wp-block-gallery-2 is-layout-flex wp-block-gallery-is-layout-flex\">\n<figure class=\"wp-block-image size-large\"><img loading=\"lazy\" decoding=\"async\" width=\"694\" height=\"530\" data-id=\"6555\" src=\"https:\/\/www.acotv.org\/wp-content\/uploads\/AW250319_4.jpg\" alt=\"\" class=\"wp-image-6555\" srcset=\"https:\/\/www.acotv.org\/wp-content\/uploads\/AW250319_4.jpg 694w, https:\/\/www.acotv.org\/wp-content\/uploads\/AW250319_4-300x229.jpg 300w\" sizes=\"(max-width: 694px) 100vw, 694px\" \/><\/figure>\n\n\n\n<figure class=\"wp-block-image size-large\"><img loading=\"lazy\" decoding=\"async\" width=\"700\" height=\"540\" data-id=\"6558\" src=\"https:\/\/www.acotv.org\/wp-content\/uploads\/AW250319_5.jpg\" alt=\"\" class=\"wp-image-6558\" srcset=\"https:\/\/www.acotv.org\/wp-content\/uploads\/AW250319_5.jpg 700w, https:\/\/www.acotv.org\/wp-content\/uploads\/AW250319_5-300x231.jpg 300w\" sizes=\"(max-width: 700px) 100vw, 700px\" \/><\/figure>\n\n\n\n<figure class=\"wp-block-image size-large\"><img loading=\"lazy\" decoding=\"async\" width=\"700\" height=\"525\" data-id=\"6561\" src=\"https:\/\/www.acotv.org\/wp-content\/uploads\/AW250319_6.jpg\" alt=\"\" class=\"wp-image-6561\" srcset=\"https:\/\/www.acotv.org\/wp-content\/uploads\/AW250319_6.jpg 700w, https:\/\/www.acotv.org\/wp-content\/uploads\/AW250319_6-300x225.jpg 300w\" sizes=\"(max-width: 700px) 100vw, 700px\" \/><\/figure>\n<\/figure>\n\n\n\n<p class=\"wp-block-paragraph\">La jornada va finalitzar amb el torn obert de paraules que permet al soci obrir el debat amb relaci\u00f3 a diferents aspectes d&#8217;inter\u00e8s que es van recollint per tal de valorar les possibles accions per part de l&#8217;entitat, suggeriments de millora, etc.\u00a0Un any m\u00e9s la celebraci\u00f3 de l&#8217;Assemblea anual va ser molt satisfact\u00f2ria i va permetre posar en evid\u00e8ncia el bon estat que l&#8217;associaci\u00f3 mant\u00e9 aix\u00ed com l&#8217;empenta del grup per continuar fent cr\u00e9ixer el projecte com\u00fa.<\/p>\n","protected":false},"excerpt":{"rendered":"<p>El passat, diumenge 10 de mar\u00e7, va tenir lloc l&#8217;Assemblea General de l&#8217;ACOTV\u00a02019\u00a0en la qual es va celebrar el 18\u00e8 aniversari de l&#8217;Associaci\u00f3.<\/p>\n","protected":false},"author":2,"featured_media":6545,"comment_status":"open","ping_status":"open","sticky":false,"template":"","format":"standard","meta":{"ocean_front_end_style_editor":"no","ocean_post_layout":"","ocean_both_sidebars_style":"","ocean_both_sidebars_content_width":0,"ocean_both_sidebars_sidebars_width":0,"ocean_sidebar":"0","ocean_second_sidebar":"0","ocean_disable_margins":"enable","ocean_add_body_class":"","ocean_shortcode_before_top_bar":"","ocean_shortcode_after_top_bar":"","ocean_shortcode_before_header":"","ocean_shortcode_after_header":"","ocean_has_shortcode":"","ocean_shortcode_after_title":"","ocean_shortcode_before_footer_widgets":"","ocean_shortcode_after_footer_widgets":"","ocean_shortcode_before_footer_bottom":"","ocean_shortcode_after_footer_bottom":"","ocean_display_top_bar":"default","ocean_display_header":"default","ocean_header_style":"","ocean_center_header_left_menu":"0","ocean_custom_header_template":"0","ocean_custom_logo":0,"ocean_custom_retina_logo":0,"ocean_custom_logo_max_width":0,"ocean_custom_logo_tablet_max_width":0,"ocean_custom_logo_mobile_max_width":0,"ocean_custom_logo_max_height":0,"ocean_custom_logo_tablet_max_height":0,"ocean_custom_logo_mobile_max_height":0,"ocean_header_custom_menu":"0","ocean_menu_typo_font_family":"0","ocean_menu_typo_font_subset":"","ocean_menu_typo_font_size":0,"ocean_menu_typo_font_size_tablet":0,"ocean_menu_typo_font_size_mobile":0,"ocean_menu_typo_font_size_unit":"px","ocean_menu_typo_font_weight":"","ocean_menu_typo_font_weight_tablet":"","ocean_menu_typo_font_weight_mobile":"","ocean_menu_typo_transform":"","ocean_menu_typo_transform_tablet":"","ocean_menu_typo_transform_mobile":"","ocean_menu_typo_line_height":0,"ocean_menu_typo_line_height_tablet":0,"ocean_menu_typo_line_height_mobile":0,"ocean_menu_typo_line_height_unit":"","ocean_menu_typo_spacing":0,"ocean_menu_typo_spacing_tablet":0,"ocean_menu_typo_spacing_mobile":0,"ocean_menu_typo_spacing_unit":"","ocean_menu_link_color":"","ocean_menu_link_color_hover":"","ocean_menu_link_color_active":"","ocean_menu_link_background":"","ocean_menu_link_hover_background":"","ocean_menu_link_active_background":"","ocean_menu_social_links_bg":"","ocean_menu_social_hover_links_bg":"","ocean_menu_social_links_color":"","ocean_menu_social_hover_links_color":"","ocean_disable_title":"default","ocean_disable_heading":"default","ocean_post_title":"","ocean_post_subheading":"","ocean_post_title_style":"","ocean_post_title_background_color":"","ocean_post_title_background":0,"ocean_post_title_bg_image_position":"","ocean_post_title_bg_image_attachment":"","ocean_post_title_bg_image_repeat":"","ocean_post_title_bg_image_size":"","ocean_post_title_height":0,"ocean_post_title_bg_overlay":0.5,"ocean_post_title_bg_overlay_color":"","ocean_disable_breadcrumbs":"default","ocean_breadcrumbs_color":"","ocean_breadcrumbs_separator_color":"","ocean_breadcrumbs_links_color":"","ocean_breadcrumbs_links_hover_color":"","ocean_display_footer_widgets":"default","ocean_display_footer_bottom":"default","ocean_custom_footer_template":"0","ocean_post_oembed":"","ocean_post_self_hosted_media":"","ocean_post_video_embed":"","ocean_link_format":"","ocean_link_format_target":"self","ocean_quote_format":"","ocean_quote_format_link":"post","ocean_gallery_link_images":"off","ocean_gallery_id":[],"footnotes":""},"categories":[8],"tags":[107,108],"class_list":["post-6566","post","type-post","status-publish","format-standard","has-post-thumbnail","hentry","category-noticias","tag-associacio-2","tag-femacotv-2","entry","has-media"],"yoast_head":"<!-- This site is optimized with the Yoast SEO plugin v28.4 - https:\/\/yoast.com\/product\/yoast-seo-wordpress\/ -->\n<title>Trobada anual de socis - Asociaci\u00f3n Catalana de Optometr\u00eda y Terapia Visual<\/title>\n<meta name=\"robots\" content=\"index, follow, max-snippet:-1, max-image-preview:large, max-video-preview:-1\" \/>\n<link rel=\"canonical\" href=\"https:\/\/www.acotv.org\/es\/trobada-anual-de-socis\/\" \/>\n<meta property=\"og:locale\" content=\"es_ES\" \/>\n<meta property=\"og:type\" content=\"article\" \/>\n<meta property=\"og:title\" content=\"Trobada anual de socis - Asociaci\u00f3n Catalana de Optometr\u00eda y Terapia Visual\" \/>\n<meta property=\"og:description\" content=\"El passat, diumenge 10 de mar\u00e7, va tenir lloc l&#039;Assemblea General de l&#039;ACOTV\u00a02019\u00a0en la qual es va celebrar el 18\u00e8 aniversari de l&#039;Associaci\u00f3.\" \/>\n<meta property=\"og:url\" content=\"https:\/\/www.acotv.org\/es\/trobada-anual-de-socis\/\" \/>\n<meta property=\"og:site_name\" content=\"Asociaci\u00f3n Catalana de Optometr\u00eda y Terapia Visual\" \/>\n<meta property=\"article:published_time\" content=\"2019-03-25T07:22:00+00:00\" \/>\n<meta property=\"article:modified_time\" content=\"2022-10-28T06:30:24+00:00\" \/>\n<meta property=\"og:image\" content=\"https:\/\/www.acotv.org\/wp-content\/uploads\/AW250319.jpg\" \/>\n\t<meta property=\"og:image:width\" content=\"700\" \/>\n\t<meta property=\"og:image:height\" content=\"504\" \/>\n\t<meta property=\"og:image:type\" content=\"image\/jpeg\" \/>\n<meta name=\"author\" content=\"ACOTV\" \/>\n<meta name=\"twitter:card\" content=\"summary_large_image\" \/>\n<meta name=\"twitter:label1\" content=\"Escrito por\" \/>\n\t<meta name=\"twitter:data1\" content=\"ACOTV\" \/>\n\t<meta name=\"twitter:label2\" content=\"Tiempo de lectura\" \/>\n\t<meta name=\"twitter:data2\" content=\"5 minutos\" \/>\n<script type=\"application\/ld+json\" class=\"yoast-schema-graph\">{\"@context\":\"https:\\\/\\\/schema.org\",\"@graph\":[{\"@type\":\"Article\",\"@id\":\"https:\\\/\\\/www.acotv.org\\\/es\\\/trobada-anual-de-socis\\\/#article\",\"isPartOf\":{\"@id\":\"https:\\\/\\\/www.acotv.org\\\/es\\\/trobada-anual-de-socis\\\/\"},\"author\":{\"name\":\"ACOTV\",\"@id\":\"https:\\\/\\\/www.acotv.org\\\/ca\\\/#\\\/schema\\\/person\\\/0de470fec1dbf9785a7343042d765744\"},\"headline\":\"Trobada anual de socis\",\"datePublished\":\"2019-03-25T07:22:00+00:00\",\"dateModified\":\"2022-10-28T06:30:24+00:00\",\"mainEntityOfPage\":{\"@id\":\"https:\\\/\\\/www.acotv.org\\\/es\\\/trobada-anual-de-socis\\\/\"},\"wordCount\":807,\"commentCount\":0,\"image\":{\"@id\":\"https:\\\/\\\/www.acotv.org\\\/es\\\/trobada-anual-de-socis\\\/#primaryimage\"},\"thumbnailUrl\":\"https:\\\/\\\/www.acotv.org\\\/wp-content\\\/uploads\\\/AW250319.jpg\",\"keywords\":[\"#Associaci\u00f3\",\"#femAcotv\"],\"articleSection\":[\"Noticias\"],\"inLanguage\":\"es\",\"potentialAction\":[{\"@type\":\"CommentAction\",\"name\":\"Comment\",\"target\":[\"https:\\\/\\\/www.acotv.org\\\/es\\\/trobada-anual-de-socis\\\/#respond\"]}]},{\"@type\":\"WebPage\",\"@id\":\"https:\\\/\\\/www.acotv.org\\\/es\\\/trobada-anual-de-socis\\\/\",\"url\":\"https:\\\/\\\/www.acotv.org\\\/es\\\/trobada-anual-de-socis\\\/\",\"name\":\"Trobada anual de socis - Asociaci\u00f3n Catalana de Optometr\u00eda y Terapia Visual\",\"isPartOf\":{\"@id\":\"https:\\\/\\\/www.acotv.org\\\/ca\\\/#website\"},\"primaryImageOfPage\":{\"@id\":\"https:\\\/\\\/www.acotv.org\\\/es\\\/trobada-anual-de-socis\\\/#primaryimage\"},\"image\":{\"@id\":\"https:\\\/\\\/www.acotv.org\\\/es\\\/trobada-anual-de-socis\\\/#primaryimage\"},\"thumbnailUrl\":\"https:\\\/\\\/www.acotv.org\\\/wp-content\\\/uploads\\\/AW250319.jpg\",\"datePublished\":\"2019-03-25T07:22:00+00:00\",\"dateModified\":\"2022-10-28T06:30:24+00:00\",\"author\":{\"@id\":\"https:\\\/\\\/www.acotv.org\\\/ca\\\/#\\\/schema\\\/person\\\/0de470fec1dbf9785a7343042d765744\"},\"breadcrumb\":{\"@id\":\"https:\\\/\\\/www.acotv.org\\\/es\\\/trobada-anual-de-socis\\\/#breadcrumb\"},\"inLanguage\":\"es\",\"potentialAction\":[{\"@type\":\"ReadAction\",\"target\":[\"https:\\\/\\\/www.acotv.org\\\/es\\\/trobada-anual-de-socis\\\/\"]}]},{\"@type\":\"ImageObject\",\"inLanguage\":\"es\",\"@id\":\"https:\\\/\\\/www.acotv.org\\\/es\\\/trobada-anual-de-socis\\\/#primaryimage\",\"url\":\"https:\\\/\\\/www.acotv.org\\\/wp-content\\\/uploads\\\/AW250319.jpg\",\"contentUrl\":\"https:\\\/\\\/www.acotv.org\\\/wp-content\\\/uploads\\\/AW250319.jpg\",\"width\":700,\"height\":504},{\"@type\":\"BreadcrumbList\",\"@id\":\"https:\\\/\\\/www.acotv.org\\\/es\\\/trobada-anual-de-socis\\\/#breadcrumb\",\"itemListElement\":[{\"@type\":\"ListItem\",\"position\":1,\"name\":\"Portada\",\"item\":\"https:\\\/\\\/www.acotv.org\\\/es\\\/\"},{\"@type\":\"ListItem\",\"position\":2,\"name\":\"Trobada anual de socis\"}]},{\"@type\":\"WebSite\",\"@id\":\"https:\\\/\\\/www.acotv.org\\\/ca\\\/#website\",\"url\":\"https:\\\/\\\/www.acotv.org\\\/ca\\\/\",\"name\":\"Asociaci\u00f3n Catalana de Optometr\u00eda y Terapia Visual\",\"description\":\"\",\"potentialAction\":[{\"@type\":\"SearchAction\",\"target\":{\"@type\":\"EntryPoint\",\"urlTemplate\":\"https:\\\/\\\/www.acotv.org\\\/ca\\\/?s={search_term_string}\"},\"query-input\":{\"@type\":\"PropertyValueSpecification\",\"valueRequired\":true,\"valueName\":\"search_term_string\"}}],\"inLanguage\":\"es\"},{\"@type\":\"Person\",\"@id\":\"https:\\\/\\\/www.acotv.org\\\/ca\\\/#\\\/schema\\\/person\\\/0de470fec1dbf9785a7343042d765744\",\"name\":\"ACOTV\",\"image\":{\"@type\":\"ImageObject\",\"inLanguage\":\"es\",\"@id\":\"https:\\\/\\\/www.acotv.org\\\/wp-content\\\/uploads\\\/Logo-petit-150x150.jpg\",\"url\":\"https:\\\/\\\/www.acotv.org\\\/wp-content\\\/uploads\\\/Logo-petit-150x150.jpg\",\"contentUrl\":\"https:\\\/\\\/www.acotv.org\\\/wp-content\\\/uploads\\\/Logo-petit-150x150.jpg\",\"caption\":\"ACOTV\"},\"url\":\"https:\\\/\\\/www.acotv.org\\\/es\\\/author\\\/acotv\\\/\"}]}<\/script>\n<!-- \/ Yoast SEO plugin. -->","yoast_head_json":{"title":"Trobada anual de socis - Asociaci\u00f3n Catalana de Optometr\u00eda y Terapia Visual","robots":{"index":"index","follow":"follow","max-snippet":"max-snippet:-1","max-image-preview":"max-image-preview:large","max-video-preview":"max-video-preview:-1"},"canonical":"https:\/\/www.acotv.org\/es\/trobada-anual-de-socis\/","og_locale":"es_ES","og_type":"article","og_title":"Trobada anual de socis - Asociaci\u00f3n Catalana de Optometr\u00eda y Terapia Visual","og_description":"El passat, diumenge 10 de mar\u00e7, va tenir lloc l'Assemblea General de l'ACOTV\u00a02019\u00a0en la qual es va celebrar el 18\u00e8 aniversari de l'Associaci\u00f3.","og_url":"https:\/\/www.acotv.org\/es\/trobada-anual-de-socis\/","og_site_name":"Asociaci\u00f3n Catalana de Optometr\u00eda y Terapia Visual","article_published_time":"2019-03-25T07:22:00+00:00","article_modified_time":"2022-10-28T06:30:24+00:00","og_image":[{"width":700,"height":504,"url":"https:\/\/www.acotv.org\/wp-content\/uploads\/AW250319.jpg","type":"image\/jpeg"}],"author":"ACOTV","twitter_card":"summary_large_image","twitter_misc":{"Escrito por":"ACOTV","Tiempo de lectura":"5 minutos"},"schema":{"@context":"https:\/\/schema.org","@graph":[{"@type":"Article","@id":"https:\/\/www.acotv.org\/es\/trobada-anual-de-socis\/#article","isPartOf":{"@id":"https:\/\/www.acotv.org\/es\/trobada-anual-de-socis\/"},"author":{"name":"ACOTV","@id":"https:\/\/www.acotv.org\/ca\/#\/schema\/person\/0de470fec1dbf9785a7343042d765744"},"headline":"Trobada anual de socis","datePublished":"2019-03-25T07:22:00+00:00","dateModified":"2022-10-28T06:30:24+00:00","mainEntityOfPage":{"@id":"https:\/\/www.acotv.org\/es\/trobada-anual-de-socis\/"},"wordCount":807,"commentCount":0,"image":{"@id":"https:\/\/www.acotv.org\/es\/trobada-anual-de-socis\/#primaryimage"},"thumbnailUrl":"https:\/\/www.acotv.org\/wp-content\/uploads\/AW250319.jpg","keywords":["#Associaci\u00f3","#femAcotv"],"articleSection":["Noticias"],"inLanguage":"es","potentialAction":[{"@type":"CommentAction","name":"Comment","target":["https:\/\/www.acotv.org\/es\/trobada-anual-de-socis\/#respond"]}]},{"@type":"WebPage","@id":"https:\/\/www.acotv.org\/es\/trobada-anual-de-socis\/","url":"https:\/\/www.acotv.org\/es\/trobada-anual-de-socis\/","name":"Trobada anual de socis - Asociaci\u00f3n Catalana de Optometr\u00eda y Terapia Visual","isPartOf":{"@id":"https:\/\/www.acotv.org\/ca\/#website"},"primaryImageOfPage":{"@id":"https:\/\/www.acotv.org\/es\/trobada-anual-de-socis\/#primaryimage"},"image":{"@id":"https:\/\/www.acotv.org\/es\/trobada-anual-de-socis\/#primaryimage"},"thumbnailUrl":"https:\/\/www.acotv.org\/wp-content\/uploads\/AW250319.jpg","datePublished":"2019-03-25T07:22:00+00:00","dateModified":"2022-10-28T06:30:24+00:00","author":{"@id":"https:\/\/www.acotv.org\/ca\/#\/schema\/person\/0de470fec1dbf9785a7343042d765744"},"breadcrumb":{"@id":"https:\/\/www.acotv.org\/es\/trobada-anual-de-socis\/#breadcrumb"},"inLanguage":"es","potentialAction":[{"@type":"ReadAction","target":["https:\/\/www.acotv.org\/es\/trobada-anual-de-socis\/"]}]},{"@type":"ImageObject","inLanguage":"es","@id":"https:\/\/www.acotv.org\/es\/trobada-anual-de-socis\/#primaryimage","url":"https:\/\/www.acotv.org\/wp-content\/uploads\/AW250319.jpg","contentUrl":"https:\/\/www.acotv.org\/wp-content\/uploads\/AW250319.jpg","width":700,"height":504},{"@type":"BreadcrumbList","@id":"https:\/\/www.acotv.org\/es\/trobada-anual-de-socis\/#breadcrumb","itemListElement":[{"@type":"ListItem","position":1,"name":"Portada","item":"https:\/\/www.acotv.org\/es\/"},{"@type":"ListItem","position":2,"name":"Trobada anual de socis"}]},{"@type":"WebSite","@id":"https:\/\/www.acotv.org\/ca\/#website","url":"https:\/\/www.acotv.org\/ca\/","name":"Asociaci\u00f3n Catalana de Optometr\u00eda y Terapia Visual","description":"","potentialAction":[{"@type":"SearchAction","target":{"@type":"EntryPoint","urlTemplate":"https:\/\/www.acotv.org\/ca\/?s={search_term_string}"},"query-input":{"@type":"PropertyValueSpecification","valueRequired":true,"valueName":"search_term_string"}}],"inLanguage":"es"},{"@type":"Person","@id":"https:\/\/www.acotv.org\/ca\/#\/schema\/person\/0de470fec1dbf9785a7343042d765744","name":"ACOTV","image":{"@type":"ImageObject","inLanguage":"es","@id":"https:\/\/www.acotv.org\/wp-content\/uploads\/Logo-petit-150x150.jpg","url":"https:\/\/www.acotv.org\/wp-content\/uploads\/Logo-petit-150x150.jpg","contentUrl":"https:\/\/www.acotv.org\/wp-content\/uploads\/Logo-petit-150x150.jpg","caption":"ACOTV"},"url":"https:\/\/www.acotv.org\/es\/author\/acotv\/"}]}},"_links":{"self":[{"href":"https:\/\/www.acotv.org\/es\/wp-json\/wp\/v2\/posts\/6566","targetHints":{"allow":["GET"]}}],"collection":[{"href":"https:\/\/www.acotv.org\/es\/wp-json\/wp\/v2\/posts"}],"about":[{"href":"https:\/\/www.acotv.org\/es\/wp-json\/wp\/v2\/types\/post"}],"author":[{"embeddable":true,"href":"https:\/\/www.acotv.org\/es\/wp-json\/wp\/v2\/users\/2"}],"replies":[{"embeddable":true,"href":"https:\/\/www.acotv.org\/es\/wp-json\/wp\/v2\/comments?post=6566"}],"version-history":[{"count":1,"href":"https:\/\/www.acotv.org\/es\/wp-json\/wp\/v2\/posts\/6566\/revisions"}],"predecessor-version":[{"id":6568,"href":"https:\/\/www.acotv.org\/es\/wp-json\/wp\/v2\/posts\/6566\/revisions\/6568"}],"wp:featuredmedia":[{"embeddable":true,"href":"https:\/\/www.acotv.org\/es\/wp-json\/wp\/v2\/media\/6545"}],"wp:attachment":[{"href":"https:\/\/www.acotv.org\/es\/wp-json\/wp\/v2\/media?parent=6566"}],"wp:term":[{"taxonomy":"category","embeddable":true,"href":"https:\/\/www.acotv.org\/es\/wp-json\/wp\/v2\/categories?post=6566"},{"taxonomy":"post_tag","embeddable":true,"href":"https:\/\/www.acotv.org\/es\/wp-json\/wp\/v2\/tags?post=6566"}],"curies":[{"name":"wp","href":"https:\/\/api.w.org\/{rel}","templated":true}]}}