{"id":6468,"date":"2019-09-26T07:14:00","date_gmt":"2019-09-26T05:14:00","guid":{"rendered":"https:\/\/www.acotv.org\/trobada-de-treball-junta-acotv\/"},"modified":"2022-10-28T07:15:18","modified_gmt":"2022-10-28T05:15:18","slug":"trobada-de-treball-junta-acotv","status":"publish","type":"post","link":"https:\/\/www.acotv.org\/es\/trobada-de-treball-junta-acotv\/","title":{"rendered":"Trobada de treball Junta ACOTV"},"content":{"rendered":"\n<h2 class=\"wp-block-heading\"><strong><mark style=\"background-color:rgba(0, 0, 0, 0)\" class=\"has-inline-color has-vivid-cyan-blue-color\">Reuni\u00f3 Junta Directiva juliol 2019<\/mark><\/strong><\/h2>\n\n\n\n<p class=\"wp-block-paragraph\">El passat mes de Juliol, la&nbsp;<strong>Junta Directiva de l\u2019ACOTV<\/strong>&nbsp;va fer la&nbsp;<strong>trobada semestral<\/strong>&nbsp;en la qual es van repassar els assumptes generals de l\u2019Associaci\u00f3.<\/p>\n\n\n\n<p class=\"wp-block-paragraph\">A la trobada va assistir l\u2019actual Junta al complet i tamb\u00e9 alguns col\u00b7laboradors per tal de poder avaluar amb detall &nbsp;l\u2019estat de les diferents \u00e0rees de l\u2019entitat.<\/p>\n\n\n\n<figure class=\"wp-block-image size-full\"><img fetchpriority=\"high\" decoding=\"async\" width=\"1024\" height=\"530\" src=\"https:\/\/www.acotv.org\/wp-content\/uploads\/AW260919_1.jpg\" alt=\"\" class=\"wp-image-6464\" srcset=\"https:\/\/www.acotv.org\/wp-content\/uploads\/AW260919_1.jpg 1024w, https:\/\/www.acotv.org\/wp-content\/uploads\/AW260919_1-300x155.jpg 300w, https:\/\/www.acotv.org\/wp-content\/uploads\/AW260919_1-768x398.jpg 768w\" sizes=\"(max-width: 1024px) 100vw, 1024px\" \/><\/figure>\n\n\n\n<p class=\"wp-block-paragraph\"><br>Durant la jornada cada membre directiu, com ja \u00e9s habitual en aquest model de jornades de treball peri\u00f2diques, va anar compartint amb la resta del grup els resultats dels \u00faltims esdeveniments i activitats realitzades per l\u2019Associaci\u00f3, aix\u00ed com proposant accions concretes per a dur a terme durant l\u2019\u00faltim semestre de l\u2019any totes elles valorades i consensuades per l\u2019equip de treball amb la finalitat d\u2019actuar dins del marc de planificat des de l\u2019entitat.<\/p>\n\n\n\n<p class=\"wp-block-paragraph\">Entre els assumptes debatuts cal destacar les accions principals desenvolupades durant el primer semestre del 2019 com han estat el disseny i elaboraci\u00f3 del m\u00e0ster en Optometria i Ter\u00e0pia Visual( impulsat per a l\u2019associaci\u00f3 conjuntament amb la Facultat d\u2019\u00d2ptica i Optometria de Terrassa i el suport de la Fundaci\u00f3 Polit\u00e8cnica de Catalunya) que es podr\u00e0 dur a terme a partir del pr\u00f2xim mes d\u2019octubre 2019 cobrim aix\u00ed una de les demandes del col\u00b7lectiu, oferir una formaci\u00f3 avan\u00e7ada de qualitat dins de l\u2019\u00e0mbit de l\u2019optometria i la Ter\u00e0pia Visual que permetr\u00e0 als professionals de la visi\u00f3 l\u2019acc\u00e9s a una formaci\u00f3 continuada que preserva l\u2019excel\u00b7l\u00e8ncia de la professi\u00f3.<br>Tamb\u00e9 es van debatre altres activitats que l\u2019ACOTV t\u00e9 previstes, com els estudis que treballen des de l\u2019\u00e0rea de recerca i la planificaci\u00f3 del que ser\u00e0 el calendari formatiu pel pr\u00f2xim 2020.<\/p>\n\n\n\n<p class=\"wp-block-paragraph\">Amb un rep\u00e0s general a l\u2019estat de comptes del primer semestre de l\u2019entitat i comentant els assumptes de funcionament de car\u00e0cter general el grup va tancar una altra jornada positiva afavorint&nbsp; la&nbsp;<strong>cooperaci\u00f3 entre companys de professi\u00f3.<\/strong><\/p>\n","protected":false},"excerpt":{"rendered":"<p>El passat mes de Juliol, la\u00a0Junta Directiva de l\u2019ACOTV\u00a0va fer la\u00a0trobada semestral\u00a0en la qual es van repassar els assumptes generals de l\u2019Associaci\u00f3.<\/p>\n","protected":false},"author":2,"featured_media":6463,"comment_status":"open","ping_status":"open","sticky":false,"template":"","format":"standard","meta":{"ocean_front_end_style_editor":"no","ocean_post_layout":"","ocean_both_sidebars_style":"","ocean_both_sidebars_content_width":0,"ocean_both_sidebars_sidebars_width":0,"ocean_sidebar":"0","ocean_second_sidebar":"0","ocean_disable_margins":"enable","ocean_add_body_class":"","ocean_shortcode_before_top_bar":"","ocean_shortcode_after_top_bar":"","ocean_shortcode_before_header":"","ocean_shortcode_after_header":"","ocean_has_shortcode":"","ocean_shortcode_after_title":"","ocean_shortcode_before_footer_widgets":"","ocean_shortcode_after_footer_widgets":"","ocean_shortcode_before_footer_bottom":"","ocean_shortcode_after_footer_bottom":"","ocean_display_top_bar":"default","ocean_display_header":"default","ocean_header_style":"","ocean_center_header_left_menu":"0","ocean_custom_header_template":"0","ocean_custom_logo":0,"ocean_custom_retina_logo":0,"ocean_custom_logo_max_width":0,"ocean_custom_logo_tablet_max_width":0,"ocean_custom_logo_mobile_max_width":0,"ocean_custom_logo_max_height":0,"ocean_custom_logo_tablet_max_height":0,"ocean_custom_logo_mobile_max_height":0,"ocean_header_custom_menu":"0","ocean_menu_typo_font_family":"0","ocean_menu_typo_font_subset":"","ocean_menu_typo_font_size":0,"ocean_menu_typo_font_size_tablet":0,"ocean_menu_typo_font_size_mobile":0,"ocean_menu_typo_font_size_unit":"px","ocean_menu_typo_font_weight":"","ocean_menu_typo_font_weight_tablet":"","ocean_menu_typo_font_weight_mobile":"","ocean_menu_typo_transform":"","ocean_menu_typo_transform_tablet":"","ocean_menu_typo_transform_mobile":"","ocean_menu_typo_line_height":0,"ocean_menu_typo_line_height_tablet":0,"ocean_menu_typo_line_height_mobile":0,"ocean_menu_typo_line_height_unit":"","ocean_menu_typo_spacing":0,"ocean_menu_typo_spacing_tablet":0,"ocean_menu_typo_spacing_mobile":0,"ocean_menu_typo_spacing_unit":"","ocean_menu_link_color":"","ocean_menu_link_color_hover":"","ocean_menu_link_color_active":"","ocean_menu_link_background":"","ocean_menu_link_hover_background":"","ocean_menu_link_active_background":"","ocean_menu_social_links_bg":"","ocean_menu_social_hover_links_bg":"","ocean_menu_social_links_color":"","ocean_menu_social_hover_links_color":"","ocean_disable_title":"default","ocean_disable_heading":"default","ocean_post_title":"","ocean_post_subheading":"","ocean_post_title_style":"","ocean_post_title_background_color":"","ocean_post_title_background":0,"ocean_post_title_bg_image_position":"","ocean_post_title_bg_image_attachment":"","ocean_post_title_bg_image_repeat":"","ocean_post_title_bg_image_size":"","ocean_post_title_height":0,"ocean_post_title_bg_overlay":0.5,"ocean_post_title_bg_overlay_color":"","ocean_disable_breadcrumbs":"default","ocean_breadcrumbs_color":"","ocean_breadcrumbs_separator_color":"","ocean_breadcrumbs_links_color":"","ocean_breadcrumbs_links_hover_color":"","ocean_display_footer_widgets":"default","ocean_display_footer_bottom":"default","ocean_custom_footer_template":"0","ocean_post_oembed":"","ocean_post_self_hosted_media":"","ocean_post_video_embed":"","ocean_link_format":"","ocean_link_format_target":"self","ocean_quote_format":"","ocean_quote_format_link":"post","ocean_gallery_link_images":"off","ocean_gallery_id":[],"footnotes":""},"categories":[8],"tags":[111,152,209,56],"class_list":["post-6468","post","type-post","status-publish","format-standard","has-post-thumbnail","hentry","category-noticias","tag-juntesdirectives-2","tag-associacio-3-es","tag-projectes-es","tag-trabajoengrupo","entry","has-media"],"yoast_head":"<!-- This site is optimized with the Yoast SEO plugin v28.4 - https:\/\/yoast.com\/product\/yoast-seo-wordpress\/ -->\n<title>Trobada de treball Junta ACOTV - Asociaci\u00f3n Catalana de Optometr\u00eda y Terapia Visual<\/title>\n<meta name=\"robots\" content=\"index, follow, max-snippet:-1, max-image-preview:large, max-video-preview:-1\" \/>\n<link rel=\"canonical\" href=\"https:\/\/www.acotv.org\/es\/trobada-de-treball-junta-acotv\/\" \/>\n<meta property=\"og:locale\" content=\"es_ES\" \/>\n<meta property=\"og:type\" content=\"article\" \/>\n<meta property=\"og:title\" content=\"Trobada de treball Junta ACOTV - Asociaci\u00f3n Catalana de Optometr\u00eda y Terapia Visual\" \/>\n<meta property=\"og:description\" content=\"El passat mes de Juliol, la\u00a0Junta Directiva de l\u2019ACOTV\u00a0va fer la\u00a0trobada semestral\u00a0en la qual es van repassar els assumptes generals de l\u2019Associaci\u00f3.\" \/>\n<meta property=\"og:url\" content=\"https:\/\/www.acotv.org\/es\/trobada-de-treball-junta-acotv\/\" \/>\n<meta property=\"og:site_name\" content=\"Asociaci\u00f3n Catalana de Optometr\u00eda y Terapia Visual\" \/>\n<meta property=\"article:published_time\" content=\"2019-09-26T05:14:00+00:00\" \/>\n<meta property=\"article:modified_time\" content=\"2022-10-28T05:15:18+00:00\" \/>\n<meta property=\"og:image\" content=\"https:\/\/www.acotv.org\/wp-content\/uploads\/AW260919.jpg\" \/>\n\t<meta property=\"og:image:width\" content=\"700\" \/>\n\t<meta property=\"og:image:height\" content=\"636\" \/>\n\t<meta property=\"og:image:type\" content=\"image\/jpeg\" \/>\n<meta name=\"author\" content=\"ACOTV\" \/>\n<meta name=\"twitter:card\" content=\"summary_large_image\" \/>\n<meta name=\"twitter:label1\" content=\"Escrito por\" \/>\n\t<meta name=\"twitter:data1\" content=\"ACOTV\" \/>\n\t<meta name=\"twitter:label2\" content=\"Tiempo de lectura\" \/>\n\t<meta name=\"twitter:data2\" content=\"2 minutos\" \/>\n<script type=\"application\/ld+json\" class=\"yoast-schema-graph\">{\"@context\":\"https:\\\/\\\/schema.org\",\"@graph\":[{\"@type\":\"Article\",\"@id\":\"https:\\\/\\\/www.acotv.org\\\/es\\\/trobada-de-treball-junta-acotv\\\/#article\",\"isPartOf\":{\"@id\":\"https:\\\/\\\/www.acotv.org\\\/es\\\/trobada-de-treball-junta-acotv\\\/\"},\"author\":{\"name\":\"ACOTV\",\"@id\":\"https:\\\/\\\/www.acotv.org\\\/ca\\\/#\\\/schema\\\/person\\\/0de470fec1dbf9785a7343042d765744\"},\"headline\":\"Trobada de treball Junta ACOTV\",\"datePublished\":\"2019-09-26T05:14:00+00:00\",\"dateModified\":\"2022-10-28T05:15:18+00:00\",\"mainEntityOfPage\":{\"@id\":\"https:\\\/\\\/www.acotv.org\\\/es\\\/trobada-de-treball-junta-acotv\\\/\"},\"wordCount\":350,\"commentCount\":0,\"image\":{\"@id\":\"https:\\\/\\\/www.acotv.org\\\/es\\\/trobada-de-treball-junta-acotv\\\/#primaryimage\"},\"thumbnailUrl\":\"https:\\\/\\\/www.acotv.org\\\/wp-content\\\/uploads\\\/AW260919.jpg\",\"keywords\":[\"#JuntesDirectives\",\"associaci\u00f3\",\"Projectes\",\"trabajoengrupo\"],\"articleSection\":[\"Noticias\"],\"inLanguage\":\"es\",\"potentialAction\":[{\"@type\":\"CommentAction\",\"name\":\"Comment\",\"target\":[\"https:\\\/\\\/www.acotv.org\\\/es\\\/trobada-de-treball-junta-acotv\\\/#respond\"]}]},{\"@type\":\"WebPage\",\"@id\":\"https:\\\/\\\/www.acotv.org\\\/es\\\/trobada-de-treball-junta-acotv\\\/\",\"url\":\"https:\\\/\\\/www.acotv.org\\\/es\\\/trobada-de-treball-junta-acotv\\\/\",\"name\":\"Trobada de treball Junta ACOTV - Asociaci\u00f3n Catalana de Optometr\u00eda y Terapia Visual\",\"isPartOf\":{\"@id\":\"https:\\\/\\\/www.acotv.org\\\/ca\\\/#website\"},\"primaryImageOfPage\":{\"@id\":\"https:\\\/\\\/www.acotv.org\\\/es\\\/trobada-de-treball-junta-acotv\\\/#primaryimage\"},\"image\":{\"@id\":\"https:\\\/\\\/www.acotv.org\\\/es\\\/trobada-de-treball-junta-acotv\\\/#primaryimage\"},\"thumbnailUrl\":\"https:\\\/\\\/www.acotv.org\\\/wp-content\\\/uploads\\\/AW260919.jpg\",\"datePublished\":\"2019-09-26T05:14:00+00:00\",\"dateModified\":\"2022-10-28T05:15:18+00:00\",\"author\":{\"@id\":\"https:\\\/\\\/www.acotv.org\\\/ca\\\/#\\\/schema\\\/person\\\/0de470fec1dbf9785a7343042d765744\"},\"breadcrumb\":{\"@id\":\"https:\\\/\\\/www.acotv.org\\\/es\\\/trobada-de-treball-junta-acotv\\\/#breadcrumb\"},\"inLanguage\":\"es\",\"potentialAction\":[{\"@type\":\"ReadAction\",\"target\":[\"https:\\\/\\\/www.acotv.org\\\/es\\\/trobada-de-treball-junta-acotv\\\/\"]}]},{\"@type\":\"ImageObject\",\"inLanguage\":\"es\",\"@id\":\"https:\\\/\\\/www.acotv.org\\\/es\\\/trobada-de-treball-junta-acotv\\\/#primaryimage\",\"url\":\"https:\\\/\\\/www.acotv.org\\\/wp-content\\\/uploads\\\/AW260919.jpg\",\"contentUrl\":\"https:\\\/\\\/www.acotv.org\\\/wp-content\\\/uploads\\\/AW260919.jpg\",\"width\":700,\"height\":636},{\"@type\":\"BreadcrumbList\",\"@id\":\"https:\\\/\\\/www.acotv.org\\\/es\\\/trobada-de-treball-junta-acotv\\\/#breadcrumb\",\"itemListElement\":[{\"@type\":\"ListItem\",\"position\":1,\"name\":\"Portada\",\"item\":\"https:\\\/\\\/www.acotv.org\\\/es\\\/\"},{\"@type\":\"ListItem\",\"position\":2,\"name\":\"Trobada de treball Junta ACOTV\"}]},{\"@type\":\"WebSite\",\"@id\":\"https:\\\/\\\/www.acotv.org\\\/ca\\\/#website\",\"url\":\"https:\\\/\\\/www.acotv.org\\\/ca\\\/\",\"name\":\"Asociaci\u00f3n Catalana de Optometr\u00eda y Terapia Visual\",\"description\":\"\",\"potentialAction\":[{\"@type\":\"SearchAction\",\"target\":{\"@type\":\"EntryPoint\",\"urlTemplate\":\"https:\\\/\\\/www.acotv.org\\\/ca\\\/?s={search_term_string}\"},\"query-input\":{\"@type\":\"PropertyValueSpecification\",\"valueRequired\":true,\"valueName\":\"search_term_string\"}}],\"inLanguage\":\"es\"},{\"@type\":\"Person\",\"@id\":\"https:\\\/\\\/www.acotv.org\\\/ca\\\/#\\\/schema\\\/person\\\/0de470fec1dbf9785a7343042d765744\",\"name\":\"ACOTV\",\"image\":{\"@type\":\"ImageObject\",\"inLanguage\":\"es\",\"@id\":\"https:\\\/\\\/www.acotv.org\\\/wp-content\\\/uploads\\\/Logo-petit-150x150.jpg\",\"url\":\"https:\\\/\\\/www.acotv.org\\\/wp-content\\\/uploads\\\/Logo-petit-150x150.jpg\",\"contentUrl\":\"https:\\\/\\\/www.acotv.org\\\/wp-content\\\/uploads\\\/Logo-petit-150x150.jpg\",\"caption\":\"ACOTV\"},\"url\":\"https:\\\/\\\/www.acotv.org\\\/es\\\/author\\\/acotv\\\/\"}]}<\/script>\n<!-- \/ Yoast SEO plugin. -->","yoast_head_json":{"title":"Trobada de treball Junta ACOTV - Asociaci\u00f3n Catalana de Optometr\u00eda y Terapia Visual","robots":{"index":"index","follow":"follow","max-snippet":"max-snippet:-1","max-image-preview":"max-image-preview:large","max-video-preview":"max-video-preview:-1"},"canonical":"https:\/\/www.acotv.org\/es\/trobada-de-treball-junta-acotv\/","og_locale":"es_ES","og_type":"article","og_title":"Trobada de treball Junta ACOTV - Asociaci\u00f3n Catalana de Optometr\u00eda y Terapia Visual","og_description":"El passat mes de Juliol, la\u00a0Junta Directiva de l\u2019ACOTV\u00a0va fer la\u00a0trobada semestral\u00a0en la qual es van repassar els assumptes generals de l\u2019Associaci\u00f3.","og_url":"https:\/\/www.acotv.org\/es\/trobada-de-treball-junta-acotv\/","og_site_name":"Asociaci\u00f3n Catalana de Optometr\u00eda y Terapia Visual","article_published_time":"2019-09-26T05:14:00+00:00","article_modified_time":"2022-10-28T05:15:18+00:00","og_image":[{"width":700,"height":636,"url":"https:\/\/www.acotv.org\/wp-content\/uploads\/AW260919.jpg","type":"image\/jpeg"}],"author":"ACOTV","twitter_card":"summary_large_image","twitter_misc":{"Escrito por":"ACOTV","Tiempo de lectura":"2 minutos"},"schema":{"@context":"https:\/\/schema.org","@graph":[{"@type":"Article","@id":"https:\/\/www.acotv.org\/es\/trobada-de-treball-junta-acotv\/#article","isPartOf":{"@id":"https:\/\/www.acotv.org\/es\/trobada-de-treball-junta-acotv\/"},"author":{"name":"ACOTV","@id":"https:\/\/www.acotv.org\/ca\/#\/schema\/person\/0de470fec1dbf9785a7343042d765744"},"headline":"Trobada de treball Junta ACOTV","datePublished":"2019-09-26T05:14:00+00:00","dateModified":"2022-10-28T05:15:18+00:00","mainEntityOfPage":{"@id":"https:\/\/www.acotv.org\/es\/trobada-de-treball-junta-acotv\/"},"wordCount":350,"commentCount":0,"image":{"@id":"https:\/\/www.acotv.org\/es\/trobada-de-treball-junta-acotv\/#primaryimage"},"thumbnailUrl":"https:\/\/www.acotv.org\/wp-content\/uploads\/AW260919.jpg","keywords":["#JuntesDirectives","associaci\u00f3","Projectes","trabajoengrupo"],"articleSection":["Noticias"],"inLanguage":"es","potentialAction":[{"@type":"CommentAction","name":"Comment","target":["https:\/\/www.acotv.org\/es\/trobada-de-treball-junta-acotv\/#respond"]}]},{"@type":"WebPage","@id":"https:\/\/www.acotv.org\/es\/trobada-de-treball-junta-acotv\/","url":"https:\/\/www.acotv.org\/es\/trobada-de-treball-junta-acotv\/","name":"Trobada de treball Junta ACOTV - Asociaci\u00f3n Catalana de Optometr\u00eda y Terapia Visual","isPartOf":{"@id":"https:\/\/www.acotv.org\/ca\/#website"},"primaryImageOfPage":{"@id":"https:\/\/www.acotv.org\/es\/trobada-de-treball-junta-acotv\/#primaryimage"},"image":{"@id":"https:\/\/www.acotv.org\/es\/trobada-de-treball-junta-acotv\/#primaryimage"},"thumbnailUrl":"https:\/\/www.acotv.org\/wp-content\/uploads\/AW260919.jpg","datePublished":"2019-09-26T05:14:00+00:00","dateModified":"2022-10-28T05:15:18+00:00","author":{"@id":"https:\/\/www.acotv.org\/ca\/#\/schema\/person\/0de470fec1dbf9785a7343042d765744"},"breadcrumb":{"@id":"https:\/\/www.acotv.org\/es\/trobada-de-treball-junta-acotv\/#breadcrumb"},"inLanguage":"es","potentialAction":[{"@type":"ReadAction","target":["https:\/\/www.acotv.org\/es\/trobada-de-treball-junta-acotv\/"]}]},{"@type":"ImageObject","inLanguage":"es","@id":"https:\/\/www.acotv.org\/es\/trobada-de-treball-junta-acotv\/#primaryimage","url":"https:\/\/www.acotv.org\/wp-content\/uploads\/AW260919.jpg","contentUrl":"https:\/\/www.acotv.org\/wp-content\/uploads\/AW260919.jpg","width":700,"height":636},{"@type":"BreadcrumbList","@id":"https:\/\/www.acotv.org\/es\/trobada-de-treball-junta-acotv\/#breadcrumb","itemListElement":[{"@type":"ListItem","position":1,"name":"Portada","item":"https:\/\/www.acotv.org\/es\/"},{"@type":"ListItem","position":2,"name":"Trobada de treball Junta ACOTV"}]},{"@type":"WebSite","@id":"https:\/\/www.acotv.org\/ca\/#website","url":"https:\/\/www.acotv.org\/ca\/","name":"Asociaci\u00f3n Catalana de Optometr\u00eda y Terapia Visual","description":"","potentialAction":[{"@type":"SearchAction","target":{"@type":"EntryPoint","urlTemplate":"https:\/\/www.acotv.org\/ca\/?s={search_term_string}"},"query-input":{"@type":"PropertyValueSpecification","valueRequired":true,"valueName":"search_term_string"}}],"inLanguage":"es"},{"@type":"Person","@id":"https:\/\/www.acotv.org\/ca\/#\/schema\/person\/0de470fec1dbf9785a7343042d765744","name":"ACOTV","image":{"@type":"ImageObject","inLanguage":"es","@id":"https:\/\/www.acotv.org\/wp-content\/uploads\/Logo-petit-150x150.jpg","url":"https:\/\/www.acotv.org\/wp-content\/uploads\/Logo-petit-150x150.jpg","contentUrl":"https:\/\/www.acotv.org\/wp-content\/uploads\/Logo-petit-150x150.jpg","caption":"ACOTV"},"url":"https:\/\/www.acotv.org\/es\/author\/acotv\/"}]}},"_links":{"self":[{"href":"https:\/\/www.acotv.org\/es\/wp-json\/wp\/v2\/posts\/6468","targetHints":{"allow":["GET"]}}],"collection":[{"href":"https:\/\/www.acotv.org\/es\/wp-json\/wp\/v2\/posts"}],"about":[{"href":"https:\/\/www.acotv.org\/es\/wp-json\/wp\/v2\/types\/post"}],"author":[{"embeddable":true,"href":"https:\/\/www.acotv.org\/es\/wp-json\/wp\/v2\/users\/2"}],"replies":[{"embeddable":true,"href":"https:\/\/www.acotv.org\/es\/wp-json\/wp\/v2\/comments?post=6468"}],"version-history":[{"count":1,"href":"https:\/\/www.acotv.org\/es\/wp-json\/wp\/v2\/posts\/6468\/revisions"}],"predecessor-version":[{"id":6470,"href":"https:\/\/www.acotv.org\/es\/wp-json\/wp\/v2\/posts\/6468\/revisions\/6470"}],"wp:featuredmedia":[{"embeddable":true,"href":"https:\/\/www.acotv.org\/es\/wp-json\/wp\/v2\/media\/6463"}],"wp:attachment":[{"href":"https:\/\/www.acotv.org\/es\/wp-json\/wp\/v2\/media?parent=6468"}],"wp:term":[{"taxonomy":"category","embeddable":true,"href":"https:\/\/www.acotv.org\/es\/wp-json\/wp\/v2\/categories?post=6468"},{"taxonomy":"post_tag","embeddable":true,"href":"https:\/\/www.acotv.org\/es\/wp-json\/wp\/v2\/tags?post=6468"}],"curies":[{"name":"wp","href":"https:\/\/api.w.org\/{rel}","templated":true}]}}