{"id":6452,"date":"2019-12-19T06:47:00","date_gmt":"2019-12-19T05:47:00","guid":{"rendered":"https:\/\/www.acotv.org\/el-curs-del-4t-trimestre-del-2019\/"},"modified":"2022-10-28T07:00:49","modified_gmt":"2022-10-28T05:00:49","slug":"el-curs-del-4t-trimestre-del-2019","status":"publish","type":"post","link":"https:\/\/www.acotv.org\/es\/el-curs-del-4t-trimestre-del-2019\/","title":{"rendered":"El curs del 4t Trimestre del 2019"},"content":{"rendered":"\n<blockquote class=\"wp-block-quote is-layout-flow wp-block-quote-is-layout-flow\"><p>Entendre les difer\u00e8ncies entre les proves cl\u00e0ssiques ser\u00e0 important per a millorar les nostres mesures en la pr\u00e0ctica professional.<br><strong>&nbsp;P. Tacconella<\/strong><\/p><\/blockquote>\n\n\n\n<p class=\"wp-block-paragraph\"><strong><mark style=\"background-color:rgba(0, 0, 0, 0)\" class=\"has-inline-color has-vivid-cyan-blue-color\">Un ponent amb reconeguda traject\u00f2ria<\/mark><\/strong><\/p>\n\n\n\n<p class=\"wp-block-paragraph\">El ponent del curs de Dificultats Visuo cognitives, l&#8217;optometrista Paolo Tacconella, aborda&nbsp;<strong>com millorar l\u2019efic\u00e0cia i l\u2019efici\u00e8ncia en les mesures de binocularitat<\/strong>&nbsp;durant el curs del 4t Trimestre 2019 que es va dur a terme el passat 30 de Novembre i 1 de Desembre a les instal\u00b7lacions de la Facultat d\u2019\u00d2ptica i Optometria de Terrassa organitzat per l\u2019ACOTV.<\/p>\n\n\n\n<p class=\"wp-block-paragraph\"><strong>Tacconella<\/strong>&nbsp;\u00e9s un reconegut optometrista itali\u00e0 que des de finals dels anys 80 est\u00e0 implicat en optometria del desenvolupament i entrenament visual. Actualment treballa majorit\u00e0riament en les dificultats visuo-cognitives de nens amb problemes d&#8217;aprenentatge i adults amb disfuncions de la integraci\u00f3 de l&#8217;equilibri (cinetosi visual).<\/p>\n\n\n\n<p class=\"wp-block-paragraph\"><strong><mark style=\"background-color:rgba(0, 0, 0, 0)\" class=\"has-inline-color has-vivid-cyan-blue-color\">Durant l\u2019activitat formativa<\/mark><\/strong><\/p>\n\n\n\n<p class=\"wp-block-paragraph\">L\u2019activitat formativa va abordar la q\u00fcesti\u00f3 amb relaci\u00f3 a com algunes de les proves utilitzades en&nbsp;<strong>optometria<\/strong>&nbsp;poden ser considerades com tests del rendiment habitual i algunes altres com a tests de rendiment m\u00e0xim. Comprendre les difer\u00e8ncies entre uns i altres facilita assignar la import\u00e0ncia adequada als tests que utilitzem en el dia a dia de la&nbsp;<strong>pr\u00e0ctica cl\u00ednica optom\u00e8trica.<\/strong><\/p>\n\n\n\n<p class=\"wp-block-paragraph\">El programa formatiu va permetre als optometristes aprendre millor a desenvolupar aspectes com determinar la magnitud de la supressi\u00f3 central durant l\u2019avaluaci\u00f3 de la visi\u00f3 binocular, con\u00e8ixer que els tests de \u201cflexibilitat\u201d s\u00f3n en realitat de funci\u00f3 relativa i tamb\u00e9 a diferenciar entre l\u2019avaluaci\u00f3 de rendiment habitual i l\u2019avaluaci\u00f3 de rendiment m\u00e0xim en optometria.<\/p>\n\n\n\n<p class=\"wp-block-paragraph\"> <img fetchpriority=\"high\" decoding=\"async\" width=\"320\" height=\"240\" class=\"wp-image-6444\" style=\"width: 320px;\" src=\"https:\/\/www.acotv.org\/wp-content\/uploads\/CursTacconela_1.jpeg\" alt=\"\" srcset=\"https:\/\/www.acotv.org\/wp-content\/uploads\/CursTacconela_1.jpeg 1024w, https:\/\/www.acotv.org\/wp-content\/uploads\/CursTacconela_1-300x225.jpeg 300w, https:\/\/www.acotv.org\/wp-content\/uploads\/CursTacconela_1-768x576.jpeg 768w\" sizes=\"(max-width: 320px) 100vw, 320px\" \/> <img decoding=\"async\" width=\"320\" height=\"240\" class=\"wp-image-6441\" style=\"width: 320px;\" src=\"https:\/\/www.acotv.org\/wp-content\/uploads\/CursTacconela_2.jpeg\" alt=\"\" srcset=\"https:\/\/www.acotv.org\/wp-content\/uploads\/CursTacconela_2.jpeg 2048w, https:\/\/www.acotv.org\/wp-content\/uploads\/CursTacconela_2-300x225.jpeg 300w, https:\/\/www.acotv.org\/wp-content\/uploads\/CursTacconela_2-1024x768.jpeg 1024w, https:\/\/www.acotv.org\/wp-content\/uploads\/CursTacconela_2-768x576.jpeg 768w, https:\/\/www.acotv.org\/wp-content\/uploads\/CursTacconela_2-1536x1152.jpeg 1536w\" sizes=\"(max-width: 320px) 100vw, 320px\" \/><\/p>\n\n\n\n<p class=\"wp-block-paragraph\">Segons&nbsp;<strong>Tacconella<\/strong>&nbsp;\u00e9s possible millorar l\u2019efic\u00e0cia i l\u2019efici\u00e8ncia de les mesures optom\u00e8triques binoculars modificant les caracter\u00edstiques psico-f\u00edsiques dels optotips que es fan servir en els procediments de diagn\u00f2stic. Quan s\u2019avalua en l\u2019\u00e0mbit binocular, \u00e9s important tenir en compte la pres\u00e8ncia de supressions centrals.<\/p>\n","protected":false},"excerpt":{"rendered":"<p>El ponent del curs de Dificultats Visuo cognitives, l&#8217;optometrista Paolo Tacconella, aborda\u00a0com millorar l\u2019efic\u00e0cia i l\u2019efici\u00e8ncia en les mesures de binocularitat\u00a0durant el curs del 4t Trimestre 2019<\/p>\n","protected":false},"author":2,"featured_media":6449,"comment_status":"open","ping_status":"open","sticky":false,"template":"","format":"standard","meta":{"ocean_front_end_style_editor":"no","ocean_post_layout":"","ocean_both_sidebars_style":"","ocean_both_sidebars_content_width":0,"ocean_both_sidebars_sidebars_width":0,"ocean_sidebar":"0","ocean_second_sidebar":"0","ocean_disable_margins":"enable","ocean_add_body_class":"","ocean_shortcode_before_top_bar":"","ocean_shortcode_after_top_bar":"","ocean_shortcode_before_header":"","ocean_shortcode_after_header":"","ocean_has_shortcode":"","ocean_shortcode_after_title":"","ocean_shortcode_before_footer_widgets":"","ocean_shortcode_after_footer_widgets":"","ocean_shortcode_before_footer_bottom":"","ocean_shortcode_after_footer_bottom":"","ocean_display_top_bar":"default","ocean_display_header":"default","ocean_header_style":"","ocean_center_header_left_menu":"0","ocean_custom_header_template":"0","ocean_custom_logo":0,"ocean_custom_retina_logo":0,"ocean_custom_logo_max_width":0,"ocean_custom_logo_tablet_max_width":0,"ocean_custom_logo_mobile_max_width":0,"ocean_custom_logo_max_height":0,"ocean_custom_logo_tablet_max_height":0,"ocean_custom_logo_mobile_max_height":0,"ocean_header_custom_menu":"0","ocean_menu_typo_font_family":"0","ocean_menu_typo_font_subset":"","ocean_menu_typo_font_size":0,"ocean_menu_typo_font_size_tablet":0,"ocean_menu_typo_font_size_mobile":0,"ocean_menu_typo_font_size_unit":"px","ocean_menu_typo_font_weight":"","ocean_menu_typo_font_weight_tablet":"","ocean_menu_typo_font_weight_mobile":"","ocean_menu_typo_transform":"","ocean_menu_typo_transform_tablet":"","ocean_menu_typo_transform_mobile":"","ocean_menu_typo_line_height":0,"ocean_menu_typo_line_height_tablet":0,"ocean_menu_typo_line_height_mobile":0,"ocean_menu_typo_line_height_unit":"","ocean_menu_typo_spacing":0,"ocean_menu_typo_spacing_tablet":0,"ocean_menu_typo_spacing_mobile":0,"ocean_menu_typo_spacing_unit":"","ocean_menu_link_color":"","ocean_menu_link_color_hover":"","ocean_menu_link_color_active":"","ocean_menu_link_background":"","ocean_menu_link_hover_background":"","ocean_menu_link_active_background":"","ocean_menu_social_links_bg":"","ocean_menu_social_hover_links_bg":"","ocean_menu_social_links_color":"","ocean_menu_social_hover_links_color":"","ocean_disable_title":"default","ocean_disable_heading":"default","ocean_post_title":"","ocean_post_subheading":"","ocean_post_title_style":"","ocean_post_title_background_color":"","ocean_post_title_background":0,"ocean_post_title_bg_image_position":"","ocean_post_title_bg_image_attachment":"","ocean_post_title_bg_image_repeat":"","ocean_post_title_bg_image_size":"","ocean_post_title_height":0,"ocean_post_title_bg_overlay":0.5,"ocean_post_title_bg_overlay_color":"","ocean_disable_breadcrumbs":"default","ocean_breadcrumbs_color":"","ocean_breadcrumbs_separator_color":"","ocean_breadcrumbs_links_color":"","ocean_breadcrumbs_links_hover_color":"","ocean_display_footer_widgets":"default","ocean_display_footer_bottom":"default","ocean_custom_footer_template":"0","ocean_post_oembed":"","ocean_post_self_hosted_media":"","ocean_post_video_embed":"","ocean_link_format":"","ocean_link_format_target":"self","ocean_quote_format":"","ocean_quote_format_link":"post","ocean_gallery_link_images":"off","ocean_gallery_id":[],"footnotes":""},"categories":[8],"tags":[199,60,61],"class_list":["post-6452","post","type-post","status-publish","format-standard","has-post-thumbnail","hentry","category-noticias","tag-formacio-2-es","tag-optometria","tag-terapiavisual","entry","has-media"],"yoast_head":"<!-- This site is optimized with the Yoast SEO plugin v28.4 - https:\/\/yoast.com\/product\/yoast-seo-wordpress\/ -->\n<title>El curs del 4t Trimestre del 2019 - Asociaci\u00f3n Catalana de Optometr\u00eda y Terapia Visual<\/title>\n<meta name=\"robots\" content=\"index, follow, max-snippet:-1, max-image-preview:large, max-video-preview:-1\" \/>\n<link rel=\"canonical\" href=\"https:\/\/www.acotv.org\/es\/el-curs-del-4t-trimestre-del-2019\/\" \/>\n<meta property=\"og:locale\" content=\"es_ES\" \/>\n<meta property=\"og:type\" content=\"article\" \/>\n<meta property=\"og:title\" content=\"El curs del 4t Trimestre del 2019 - Asociaci\u00f3n Catalana de Optometr\u00eda y Terapia Visual\" \/>\n<meta property=\"og:description\" content=\"El ponent del curs de Dificultats Visuo cognitives, l&#039;optometrista Paolo Tacconella, aborda\u00a0com millorar l\u2019efic\u00e0cia i l\u2019efici\u00e8ncia en les mesures de binocularitat\u00a0durant el curs del 4t Trimestre 2019\" \/>\n<meta property=\"og:url\" content=\"https:\/\/www.acotv.org\/es\/el-curs-del-4t-trimestre-del-2019\/\" \/>\n<meta property=\"og:site_name\" content=\"Asociaci\u00f3n Catalana de Optometr\u00eda y Terapia Visual\" \/>\n<meta property=\"article:published_time\" content=\"2019-12-19T05:47:00+00:00\" \/>\n<meta property=\"article:modified_time\" content=\"2022-10-28T05:00:49+00:00\" \/>\n<meta property=\"og:image\" content=\"https:\/\/www.acotv.org\/wp-content\/uploads\/AW191219.jpg\" \/>\n\t<meta property=\"og:image:width\" content=\"700\" \/>\n\t<meta property=\"og:image:height\" content=\"525\" \/>\n\t<meta property=\"og:image:type\" content=\"image\/jpeg\" \/>\n<meta name=\"author\" content=\"ACOTV\" \/>\n<meta name=\"twitter:card\" content=\"summary_large_image\" \/>\n<meta name=\"twitter:label1\" content=\"Escrito por\" \/>\n\t<meta name=\"twitter:data1\" content=\"ACOTV\" \/>\n\t<meta name=\"twitter:label2\" content=\"Tiempo de lectura\" \/>\n\t<meta name=\"twitter:data2\" content=\"2 minutos\" \/>\n<script type=\"application\/ld+json\" class=\"yoast-schema-graph\">{\"@context\":\"https:\\\/\\\/schema.org\",\"@graph\":[{\"@type\":\"Article\",\"@id\":\"https:\\\/\\\/www.acotv.org\\\/es\\\/el-curs-del-4t-trimestre-del-2019\\\/#article\",\"isPartOf\":{\"@id\":\"https:\\\/\\\/www.acotv.org\\\/es\\\/el-curs-del-4t-trimestre-del-2019\\\/\"},\"author\":{\"name\":\"ACOTV\",\"@id\":\"https:\\\/\\\/www.acotv.org\\\/ca\\\/#\\\/schema\\\/person\\\/0de470fec1dbf9785a7343042d765744\"},\"headline\":\"El curs del 4t Trimestre del 2019\",\"datePublished\":\"2019-12-19T05:47:00+00:00\",\"dateModified\":\"2022-10-28T05:00:49+00:00\",\"mainEntityOfPage\":{\"@id\":\"https:\\\/\\\/www.acotv.org\\\/es\\\/el-curs-del-4t-trimestre-del-2019\\\/\"},\"wordCount\":341,\"commentCount\":0,\"image\":{\"@id\":\"https:\\\/\\\/www.acotv.org\\\/es\\\/el-curs-del-4t-trimestre-del-2019\\\/#primaryimage\"},\"thumbnailUrl\":\"https:\\\/\\\/www.acotv.org\\\/wp-content\\\/uploads\\\/AW191219.jpg\",\"keywords\":[\"Formaci\u00f3\",\"Optometria\",\"TerapiaVisual\"],\"articleSection\":[\"Noticias\"],\"inLanguage\":\"es\",\"potentialAction\":[{\"@type\":\"CommentAction\",\"name\":\"Comment\",\"target\":[\"https:\\\/\\\/www.acotv.org\\\/es\\\/el-curs-del-4t-trimestre-del-2019\\\/#respond\"]}]},{\"@type\":\"WebPage\",\"@id\":\"https:\\\/\\\/www.acotv.org\\\/es\\\/el-curs-del-4t-trimestre-del-2019\\\/\",\"url\":\"https:\\\/\\\/www.acotv.org\\\/es\\\/el-curs-del-4t-trimestre-del-2019\\\/\",\"name\":\"El curs del 4t Trimestre del 2019 - Asociaci\u00f3n Catalana de Optometr\u00eda y Terapia Visual\",\"isPartOf\":{\"@id\":\"https:\\\/\\\/www.acotv.org\\\/ca\\\/#website\"},\"primaryImageOfPage\":{\"@id\":\"https:\\\/\\\/www.acotv.org\\\/es\\\/el-curs-del-4t-trimestre-del-2019\\\/#primaryimage\"},\"image\":{\"@id\":\"https:\\\/\\\/www.acotv.org\\\/es\\\/el-curs-del-4t-trimestre-del-2019\\\/#primaryimage\"},\"thumbnailUrl\":\"https:\\\/\\\/www.acotv.org\\\/wp-content\\\/uploads\\\/AW191219.jpg\",\"datePublished\":\"2019-12-19T05:47:00+00:00\",\"dateModified\":\"2022-10-28T05:00:49+00:00\",\"author\":{\"@id\":\"https:\\\/\\\/www.acotv.org\\\/ca\\\/#\\\/schema\\\/person\\\/0de470fec1dbf9785a7343042d765744\"},\"breadcrumb\":{\"@id\":\"https:\\\/\\\/www.acotv.org\\\/es\\\/el-curs-del-4t-trimestre-del-2019\\\/#breadcrumb\"},\"inLanguage\":\"es\",\"potentialAction\":[{\"@type\":\"ReadAction\",\"target\":[\"https:\\\/\\\/www.acotv.org\\\/es\\\/el-curs-del-4t-trimestre-del-2019\\\/\"]}]},{\"@type\":\"ImageObject\",\"inLanguage\":\"es\",\"@id\":\"https:\\\/\\\/www.acotv.org\\\/es\\\/el-curs-del-4t-trimestre-del-2019\\\/#primaryimage\",\"url\":\"https:\\\/\\\/www.acotv.org\\\/wp-content\\\/uploads\\\/AW191219.jpg\",\"contentUrl\":\"https:\\\/\\\/www.acotv.org\\\/wp-content\\\/uploads\\\/AW191219.jpg\",\"width\":700,\"height\":525},{\"@type\":\"BreadcrumbList\",\"@id\":\"https:\\\/\\\/www.acotv.org\\\/es\\\/el-curs-del-4t-trimestre-del-2019\\\/#breadcrumb\",\"itemListElement\":[{\"@type\":\"ListItem\",\"position\":1,\"name\":\"Portada\",\"item\":\"https:\\\/\\\/www.acotv.org\\\/es\\\/\"},{\"@type\":\"ListItem\",\"position\":2,\"name\":\"El curs del 4t Trimestre del 2019\"}]},{\"@type\":\"WebSite\",\"@id\":\"https:\\\/\\\/www.acotv.org\\\/ca\\\/#website\",\"url\":\"https:\\\/\\\/www.acotv.org\\\/ca\\\/\",\"name\":\"Asociaci\u00f3n Catalana de Optometr\u00eda y Terapia Visual\",\"description\":\"\",\"potentialAction\":[{\"@type\":\"SearchAction\",\"target\":{\"@type\":\"EntryPoint\",\"urlTemplate\":\"https:\\\/\\\/www.acotv.org\\\/ca\\\/?s={search_term_string}\"},\"query-input\":{\"@type\":\"PropertyValueSpecification\",\"valueRequired\":true,\"valueName\":\"search_term_string\"}}],\"inLanguage\":\"es\"},{\"@type\":\"Person\",\"@id\":\"https:\\\/\\\/www.acotv.org\\\/ca\\\/#\\\/schema\\\/person\\\/0de470fec1dbf9785a7343042d765744\",\"name\":\"ACOTV\",\"image\":{\"@type\":\"ImageObject\",\"inLanguage\":\"es\",\"@id\":\"https:\\\/\\\/www.acotv.org\\\/wp-content\\\/uploads\\\/Logo-petit-150x150.jpg\",\"url\":\"https:\\\/\\\/www.acotv.org\\\/wp-content\\\/uploads\\\/Logo-petit-150x150.jpg\",\"contentUrl\":\"https:\\\/\\\/www.acotv.org\\\/wp-content\\\/uploads\\\/Logo-petit-150x150.jpg\",\"caption\":\"ACOTV\"},\"url\":\"https:\\\/\\\/www.acotv.org\\\/es\\\/author\\\/acotv\\\/\"}]}<\/script>\n<!-- \/ Yoast SEO plugin. -->","yoast_head_json":{"title":"El curs del 4t Trimestre del 2019 - Asociaci\u00f3n Catalana de Optometr\u00eda y Terapia Visual","robots":{"index":"index","follow":"follow","max-snippet":"max-snippet:-1","max-image-preview":"max-image-preview:large","max-video-preview":"max-video-preview:-1"},"canonical":"https:\/\/www.acotv.org\/es\/el-curs-del-4t-trimestre-del-2019\/","og_locale":"es_ES","og_type":"article","og_title":"El curs del 4t Trimestre del 2019 - Asociaci\u00f3n Catalana de Optometr\u00eda y Terapia Visual","og_description":"El ponent del curs de Dificultats Visuo cognitives, l'optometrista Paolo Tacconella, aborda\u00a0com millorar l\u2019efic\u00e0cia i l\u2019efici\u00e8ncia en les mesures de binocularitat\u00a0durant el curs del 4t Trimestre 2019","og_url":"https:\/\/www.acotv.org\/es\/el-curs-del-4t-trimestre-del-2019\/","og_site_name":"Asociaci\u00f3n Catalana de Optometr\u00eda y Terapia Visual","article_published_time":"2019-12-19T05:47:00+00:00","article_modified_time":"2022-10-28T05:00:49+00:00","og_image":[{"width":700,"height":525,"url":"https:\/\/www.acotv.org\/wp-content\/uploads\/AW191219.jpg","type":"image\/jpeg"}],"author":"ACOTV","twitter_card":"summary_large_image","twitter_misc":{"Escrito por":"ACOTV","Tiempo de lectura":"2 minutos"},"schema":{"@context":"https:\/\/schema.org","@graph":[{"@type":"Article","@id":"https:\/\/www.acotv.org\/es\/el-curs-del-4t-trimestre-del-2019\/#article","isPartOf":{"@id":"https:\/\/www.acotv.org\/es\/el-curs-del-4t-trimestre-del-2019\/"},"author":{"name":"ACOTV","@id":"https:\/\/www.acotv.org\/ca\/#\/schema\/person\/0de470fec1dbf9785a7343042d765744"},"headline":"El curs del 4t Trimestre del 2019","datePublished":"2019-12-19T05:47:00+00:00","dateModified":"2022-10-28T05:00:49+00:00","mainEntityOfPage":{"@id":"https:\/\/www.acotv.org\/es\/el-curs-del-4t-trimestre-del-2019\/"},"wordCount":341,"commentCount":0,"image":{"@id":"https:\/\/www.acotv.org\/es\/el-curs-del-4t-trimestre-del-2019\/#primaryimage"},"thumbnailUrl":"https:\/\/www.acotv.org\/wp-content\/uploads\/AW191219.jpg","keywords":["Formaci\u00f3","Optometria","TerapiaVisual"],"articleSection":["Noticias"],"inLanguage":"es","potentialAction":[{"@type":"CommentAction","name":"Comment","target":["https:\/\/www.acotv.org\/es\/el-curs-del-4t-trimestre-del-2019\/#respond"]}]},{"@type":"WebPage","@id":"https:\/\/www.acotv.org\/es\/el-curs-del-4t-trimestre-del-2019\/","url":"https:\/\/www.acotv.org\/es\/el-curs-del-4t-trimestre-del-2019\/","name":"El curs del 4t Trimestre del 2019 - Asociaci\u00f3n Catalana de Optometr\u00eda y Terapia Visual","isPartOf":{"@id":"https:\/\/www.acotv.org\/ca\/#website"},"primaryImageOfPage":{"@id":"https:\/\/www.acotv.org\/es\/el-curs-del-4t-trimestre-del-2019\/#primaryimage"},"image":{"@id":"https:\/\/www.acotv.org\/es\/el-curs-del-4t-trimestre-del-2019\/#primaryimage"},"thumbnailUrl":"https:\/\/www.acotv.org\/wp-content\/uploads\/AW191219.jpg","datePublished":"2019-12-19T05:47:00+00:00","dateModified":"2022-10-28T05:00:49+00:00","author":{"@id":"https:\/\/www.acotv.org\/ca\/#\/schema\/person\/0de470fec1dbf9785a7343042d765744"},"breadcrumb":{"@id":"https:\/\/www.acotv.org\/es\/el-curs-del-4t-trimestre-del-2019\/#breadcrumb"},"inLanguage":"es","potentialAction":[{"@type":"ReadAction","target":["https:\/\/www.acotv.org\/es\/el-curs-del-4t-trimestre-del-2019\/"]}]},{"@type":"ImageObject","inLanguage":"es","@id":"https:\/\/www.acotv.org\/es\/el-curs-del-4t-trimestre-del-2019\/#primaryimage","url":"https:\/\/www.acotv.org\/wp-content\/uploads\/AW191219.jpg","contentUrl":"https:\/\/www.acotv.org\/wp-content\/uploads\/AW191219.jpg","width":700,"height":525},{"@type":"BreadcrumbList","@id":"https:\/\/www.acotv.org\/es\/el-curs-del-4t-trimestre-del-2019\/#breadcrumb","itemListElement":[{"@type":"ListItem","position":1,"name":"Portada","item":"https:\/\/www.acotv.org\/es\/"},{"@type":"ListItem","position":2,"name":"El curs del 4t Trimestre del 2019"}]},{"@type":"WebSite","@id":"https:\/\/www.acotv.org\/ca\/#website","url":"https:\/\/www.acotv.org\/ca\/","name":"Asociaci\u00f3n Catalana de Optometr\u00eda y Terapia Visual","description":"","potentialAction":[{"@type":"SearchAction","target":{"@type":"EntryPoint","urlTemplate":"https:\/\/www.acotv.org\/ca\/?s={search_term_string}"},"query-input":{"@type":"PropertyValueSpecification","valueRequired":true,"valueName":"search_term_string"}}],"inLanguage":"es"},{"@type":"Person","@id":"https:\/\/www.acotv.org\/ca\/#\/schema\/person\/0de470fec1dbf9785a7343042d765744","name":"ACOTV","image":{"@type":"ImageObject","inLanguage":"es","@id":"https:\/\/www.acotv.org\/wp-content\/uploads\/Logo-petit-150x150.jpg","url":"https:\/\/www.acotv.org\/wp-content\/uploads\/Logo-petit-150x150.jpg","contentUrl":"https:\/\/www.acotv.org\/wp-content\/uploads\/Logo-petit-150x150.jpg","caption":"ACOTV"},"url":"https:\/\/www.acotv.org\/es\/author\/acotv\/"}]}},"_links":{"self":[{"href":"https:\/\/www.acotv.org\/es\/wp-json\/wp\/v2\/posts\/6452","targetHints":{"allow":["GET"]}}],"collection":[{"href":"https:\/\/www.acotv.org\/es\/wp-json\/wp\/v2\/posts"}],"about":[{"href":"https:\/\/www.acotv.org\/es\/wp-json\/wp\/v2\/types\/post"}],"author":[{"embeddable":true,"href":"https:\/\/www.acotv.org\/es\/wp-json\/wp\/v2\/users\/2"}],"replies":[{"embeddable":true,"href":"https:\/\/www.acotv.org\/es\/wp-json\/wp\/v2\/comments?post=6452"}],"version-history":[{"count":1,"href":"https:\/\/www.acotv.org\/es\/wp-json\/wp\/v2\/posts\/6452\/revisions"}],"predecessor-version":[{"id":6454,"href":"https:\/\/www.acotv.org\/es\/wp-json\/wp\/v2\/posts\/6452\/revisions\/6454"}],"wp:featuredmedia":[{"embeddable":true,"href":"https:\/\/www.acotv.org\/es\/wp-json\/wp\/v2\/media\/6449"}],"wp:attachment":[{"href":"https:\/\/www.acotv.org\/es\/wp-json\/wp\/v2\/media?parent=6452"}],"wp:term":[{"taxonomy":"category","embeddable":true,"href":"https:\/\/www.acotv.org\/es\/wp-json\/wp\/v2\/categories?post=6452"},{"taxonomy":"post_tag","embeddable":true,"href":"https:\/\/www.acotv.org\/es\/wp-json\/wp\/v2\/tags?post=6452"}],"curies":[{"name":"wp","href":"https:\/\/api.w.org\/{rel}","templated":true}]}}