{"id":5985,"date":"2022-09-28T12:38:00","date_gmt":"2022-09-28T10:38:00","guid":{"rendered":"https:\/\/www.acotv.org\/ja-pots-consultar-el-calendari-dels-proxims-seminaris-revision\/"},"modified":"2022-10-05T11:46:51","modified_gmt":"2022-10-05T09:46:51","slug":"ja-pots-consultar-el-calendari-dels-proxims-seminaris-revision","status":"publish","type":"post","link":"https:\/\/www.acotv.org\/es\/ja-pots-consultar-el-calendari-dels-proxims-seminaris-revision\/","title":{"rendered":"Ya puedes consultar el calendario de los pr\u00f3ximos seminarios  ReVisiOn"},"content":{"rendered":"\n<p class=\"wp-block-paragraph\">El pasado mes de septiembre retomamos la actividad mensual del ReVisiOn con el seminario\u00a0 Visi\u00f3n y Escuela: Di\u00e1logo necesario compartiendo sinergias con otros profesionales.<\/p>\n\n\n\n<p class=\"wp-block-paragraph\">El martes 27 de septiembre, en el horario habitual, de 15 a 16 h, pudimos compartir una nueva sesi\u00f3n del ReVisiOn por gentileza en esta ocasi\u00f3n del optometrista Silvia Fandos y la pedagoga Esperan\u00e7a Benaiges.<\/p>\n\n\n\n<p class=\"wp-block-paragraph\">Esperanza y Silvia, poniendo en com\u00fan sus experiencias profesionales dentro del \u00e1mbito escolar y de la optometr\u00eda, compart\u00edan con nosotros en este seminario la importancia de trabajar juntos para lograr una buena detecci\u00f3n en el entorno escolar ante los signos de alerta de posibles dificultades visuales, \u00a1destacando la importancia de establecer una relaci\u00f3n fluida y favorable entre la visi\u00f3n y la escuela!<\/p>\n\n\n\n<p class=\"wp-block-paragraph\">Con esta sesi\u00f3n de septiembre retomamos de nuevo el calendario 2022 despu\u00e9s del descanso estival. Durante los pr\u00f3ximos meses podremos seguir compartiendo conocimientos y experiencias con compa\u00f1eros y compa\u00f1eras optometristas y con otros profesionales sobre temas muy interesantes.<\/p>\n\n\n\n<p class=\"wp-block-paragraph\">Toma nota de los pr\u00f3ximos seminarios y reserva ya tu agenda:<\/p>\n\n\n\n<ul class=\"wp-block-list\"><li><strong>Flors Vi\u00f1uela, <\/strong>el pr\u00f3ximo 25 de octubre, nos hablar\u00e1 de la <mark style=\"background-color:rgba(0, 0, 0, 0)\" class=\"has-inline-color has-black-color\"><strong>retinoscopia din\u00e1mica para la evaluaci\u00f3n de la acomodaci\u00f3n y la correcci\u00f3n bifocal en ni\u00f1os con un desarrollo at\u00edpico.<\/strong><\/mark><\/li><li><strong>Ana Garc\u00eda,<\/strong> el 22 de noviembre, nos har\u00e1 <strong><mark style=\"background-color:rgba(0, 0, 0, 0)\" class=\"has-inline-color has-black-color\">una aproximaci\u00f3n optom\u00e9trica en pacientes TEA.<\/mark><\/strong><\/li><li>Y finalizaremos en 2022 con la participaci\u00f3n de un nuevo invitado, el oste\u00f3pata <strong>Xavi Daniel,<\/strong> que nos presentar\u00e1<strong> una mirada osteop\u00e1tica<\/strong>.<\/li><\/ul>\n\n\n\n<p class=\"wp-block-paragraph\">\u00a1Con todos ellos completaremos el calendario de este 2022 y ya estamos trabajando para compartir contigo pronto las novedades del pr\u00f3ximo a\u00f1o!<\/p>\n","protected":false},"excerpt":{"rendered":"<p>El pasado mes de septiembre retomamos la actividad mensual del ReVisiOn con el seminario\u00a0 Visi\u00f3n y Escuela: Di\u00e1logo necesario compartiendo sinergias con otros profesionales.<\/p>\n","protected":false},"author":2,"featured_media":5782,"comment_status":"open","ping_status":"open","sticky":false,"template":"","format":"standard","meta":{"ocean_front_end_style_editor":"no","ocean_post_layout":"","ocean_both_sidebars_style":"","ocean_both_sidebars_content_width":0,"ocean_both_sidebars_sidebars_width":0,"ocean_sidebar":"0","ocean_second_sidebar":"0","ocean_disable_margins":"enable","ocean_add_body_class":"","ocean_shortcode_before_top_bar":"","ocean_shortcode_after_top_bar":"","ocean_shortcode_before_header":"","ocean_shortcode_after_header":"","ocean_has_shortcode":"","ocean_shortcode_after_title":"","ocean_shortcode_before_footer_widgets":"","ocean_shortcode_after_footer_widgets":"","ocean_shortcode_before_footer_bottom":"","ocean_shortcode_after_footer_bottom":"","ocean_display_top_bar":"default","ocean_display_header":"default","ocean_header_style":"","ocean_center_header_left_menu":"0","ocean_custom_header_template":"0","ocean_custom_logo":0,"ocean_custom_retina_logo":0,"ocean_custom_logo_max_width":0,"ocean_custom_logo_tablet_max_width":0,"ocean_custom_logo_mobile_max_width":0,"ocean_custom_logo_max_height":0,"ocean_custom_logo_tablet_max_height":0,"ocean_custom_logo_mobile_max_height":0,"ocean_header_custom_menu":"0","ocean_menu_typo_font_family":"0","ocean_menu_typo_font_subset":"","ocean_menu_typo_font_size":0,"ocean_menu_typo_font_size_tablet":0,"ocean_menu_typo_font_size_mobile":0,"ocean_menu_typo_font_size_unit":"px","ocean_menu_typo_font_weight":"","ocean_menu_typo_font_weight_tablet":"","ocean_menu_typo_font_weight_mobile":"","ocean_menu_typo_transform":"","ocean_menu_typo_transform_tablet":"","ocean_menu_typo_transform_mobile":"","ocean_menu_typo_line_height":0,"ocean_menu_typo_line_height_tablet":0,"ocean_menu_typo_line_height_mobile":0,"ocean_menu_typo_line_height_unit":"","ocean_menu_typo_spacing":0,"ocean_menu_typo_spacing_tablet":0,"ocean_menu_typo_spacing_mobile":0,"ocean_menu_typo_spacing_unit":"","ocean_menu_link_color":"","ocean_menu_link_color_hover":"","ocean_menu_link_color_active":"","ocean_menu_link_background":"","ocean_menu_link_hover_background":"","ocean_menu_link_active_background":"","ocean_menu_social_links_bg":"","ocean_menu_social_hover_links_bg":"","ocean_menu_social_links_color":"","ocean_menu_social_hover_links_color":"","ocean_disable_title":"default","ocean_disable_heading":"default","ocean_post_title":"","ocean_post_subheading":"","ocean_post_title_style":"","ocean_post_title_background_color":"","ocean_post_title_background":0,"ocean_post_title_bg_image_position":"","ocean_post_title_bg_image_attachment":"","ocean_post_title_bg_image_repeat":"","ocean_post_title_bg_image_size":"","ocean_post_title_height":0,"ocean_post_title_bg_overlay":0.5,"ocean_post_title_bg_overlay_color":"","ocean_disable_breadcrumbs":"default","ocean_breadcrumbs_color":"","ocean_breadcrumbs_separator_color":"","ocean_breadcrumbs_links_color":"","ocean_breadcrumbs_links_hover_color":"","ocean_display_footer_widgets":"default","ocean_display_footer_bottom":"default","ocean_custom_footer_template":"0","ocean_post_oembed":"","ocean_post_self_hosted_media":"","ocean_post_video_embed":"","ocean_link_format":"","ocean_link_format_target":"self","ocean_quote_format":"","ocean_quote_format_link":"post","ocean_gallery_link_images":"off","ocean_gallery_id":[],"footnotes":""},"categories":[8],"tags":[60,57,181,61],"class_list":["post-5985","post","type-post","status-publish","format-standard","has-post-thumbnail","hentry","category-noticias","tag-optometria","tag-problemasdeaprendizaje","tag-revision-2-es","tag-terapiavisual","entry","has-media"],"yoast_head":"<!-- This site is optimized with the Yoast SEO plugin v28.4 - https:\/\/yoast.com\/product\/yoast-seo-wordpress\/ -->\n<title>Ya puedes consultar el calendario de los pr\u00f3ximos seminarios ReVisiOn - Asociaci\u00f3n Catalana de Optometr\u00eda y Terapia Visual<\/title>\n<meta name=\"robots\" content=\"index, follow, max-snippet:-1, max-image-preview:large, max-video-preview:-1\" \/>\n<link rel=\"canonical\" href=\"https:\/\/www.acotv.org\/es\/ja-pots-consultar-el-calendari-dels-proxims-seminaris-revision\/\" \/>\n<meta property=\"og:locale\" content=\"es_ES\" \/>\n<meta property=\"og:type\" content=\"article\" \/>\n<meta property=\"og:title\" content=\"Ya puedes consultar el calendario de los pr\u00f3ximos seminarios ReVisiOn - Asociaci\u00f3n Catalana de Optometr\u00eda y Terapia Visual\" \/>\n<meta property=\"og:description\" content=\"El pasado mes de septiembre retomamos la actividad mensual del ReVisiOn con el seminario\u00a0 Visi\u00f3n y Escuela: Di\u00e1logo necesario compartiendo sinergias con otros profesionales.\" \/>\n<meta property=\"og:url\" content=\"https:\/\/www.acotv.org\/es\/ja-pots-consultar-el-calendari-dels-proxims-seminaris-revision\/\" \/>\n<meta property=\"og:site_name\" content=\"Asociaci\u00f3n Catalana de Optometr\u00eda y Terapia Visual\" \/>\n<meta property=\"article:published_time\" content=\"2022-09-28T10:38:00+00:00\" \/>\n<meta property=\"article:modified_time\" content=\"2022-10-05T09:46:51+00:00\" \/>\n<meta property=\"og:image\" content=\"https:\/\/www.acotv.org\/wp-content\/uploads\/RevisionNews4T.jpg\" \/>\n\t<meta property=\"og:image:width\" content=\"1080\" \/>\n\t<meta property=\"og:image:height\" content=\"1080\" \/>\n\t<meta property=\"og:image:type\" content=\"image\/jpeg\" \/>\n<meta name=\"author\" content=\"ACOTV\" \/>\n<meta name=\"twitter:card\" content=\"summary_large_image\" \/>\n<meta name=\"twitter:label1\" content=\"Escrito por\" \/>\n\t<meta name=\"twitter:data1\" content=\"ACOTV\" \/>\n\t<meta name=\"twitter:label2\" content=\"Tiempo de lectura\" \/>\n\t<meta name=\"twitter:data2\" content=\"2 minutos\" \/>\n<script type=\"application\/ld+json\" class=\"yoast-schema-graph\">{\"@context\":\"https:\\\/\\\/schema.org\",\"@graph\":[{\"@type\":\"Article\",\"@id\":\"https:\\\/\\\/www.acotv.org\\\/es\\\/ja-pots-consultar-el-calendari-dels-proxims-seminaris-revision\\\/#article\",\"isPartOf\":{\"@id\":\"https:\\\/\\\/www.acotv.org\\\/es\\\/ja-pots-consultar-el-calendari-dels-proxims-seminaris-revision\\\/\"},\"author\":{\"name\":\"ACOTV\",\"@id\":\"https:\\\/\\\/www.acotv.org\\\/ca\\\/#\\\/schema\\\/person\\\/0de470fec1dbf9785a7343042d765744\"},\"headline\":\"Ya puedes consultar el calendario de los pr\u00f3ximos seminarios ReVisiOn\",\"datePublished\":\"2022-09-28T10:38:00+00:00\",\"dateModified\":\"2022-10-05T09:46:51+00:00\",\"mainEntityOfPage\":{\"@id\":\"https:\\\/\\\/www.acotv.org\\\/es\\\/ja-pots-consultar-el-calendari-dels-proxims-seminaris-revision\\\/\"},\"wordCount\":292,\"commentCount\":0,\"image\":{\"@id\":\"https:\\\/\\\/www.acotv.org\\\/es\\\/ja-pots-consultar-el-calendari-dels-proxims-seminaris-revision\\\/#primaryimage\"},\"thumbnailUrl\":\"https:\\\/\\\/www.acotv.org\\\/wp-content\\\/uploads\\\/RevisionNews4T.jpg\",\"keywords\":[\"Optometria\",\"problemasdeaprendizaje\",\"ReVisiOn\",\"TerapiaVisual\"],\"articleSection\":[\"Noticias\"],\"inLanguage\":\"es\",\"potentialAction\":[{\"@type\":\"CommentAction\",\"name\":\"Comment\",\"target\":[\"https:\\\/\\\/www.acotv.org\\\/es\\\/ja-pots-consultar-el-calendari-dels-proxims-seminaris-revision\\\/#respond\"]}]},{\"@type\":\"WebPage\",\"@id\":\"https:\\\/\\\/www.acotv.org\\\/es\\\/ja-pots-consultar-el-calendari-dels-proxims-seminaris-revision\\\/\",\"url\":\"https:\\\/\\\/www.acotv.org\\\/es\\\/ja-pots-consultar-el-calendari-dels-proxims-seminaris-revision\\\/\",\"name\":\"Ya puedes consultar el calendario de los pr\u00f3ximos seminarios ReVisiOn - Asociaci\u00f3n Catalana de Optometr\u00eda y Terapia Visual\",\"isPartOf\":{\"@id\":\"https:\\\/\\\/www.acotv.org\\\/ca\\\/#website\"},\"primaryImageOfPage\":{\"@id\":\"https:\\\/\\\/www.acotv.org\\\/es\\\/ja-pots-consultar-el-calendari-dels-proxims-seminaris-revision\\\/#primaryimage\"},\"image\":{\"@id\":\"https:\\\/\\\/www.acotv.org\\\/es\\\/ja-pots-consultar-el-calendari-dels-proxims-seminaris-revision\\\/#primaryimage\"},\"thumbnailUrl\":\"https:\\\/\\\/www.acotv.org\\\/wp-content\\\/uploads\\\/RevisionNews4T.jpg\",\"datePublished\":\"2022-09-28T10:38:00+00:00\",\"dateModified\":\"2022-10-05T09:46:51+00:00\",\"author\":{\"@id\":\"https:\\\/\\\/www.acotv.org\\\/ca\\\/#\\\/schema\\\/person\\\/0de470fec1dbf9785a7343042d765744\"},\"breadcrumb\":{\"@id\":\"https:\\\/\\\/www.acotv.org\\\/es\\\/ja-pots-consultar-el-calendari-dels-proxims-seminaris-revision\\\/#breadcrumb\"},\"inLanguage\":\"es\",\"potentialAction\":[{\"@type\":\"ReadAction\",\"target\":[\"https:\\\/\\\/www.acotv.org\\\/es\\\/ja-pots-consultar-el-calendari-dels-proxims-seminaris-revision\\\/\"]}]},{\"@type\":\"ImageObject\",\"inLanguage\":\"es\",\"@id\":\"https:\\\/\\\/www.acotv.org\\\/es\\\/ja-pots-consultar-el-calendari-dels-proxims-seminaris-revision\\\/#primaryimage\",\"url\":\"https:\\\/\\\/www.acotv.org\\\/wp-content\\\/uploads\\\/RevisionNews4T.jpg\",\"contentUrl\":\"https:\\\/\\\/www.acotv.org\\\/wp-content\\\/uploads\\\/RevisionNews4T.jpg\",\"width\":1080,\"height\":1080},{\"@type\":\"BreadcrumbList\",\"@id\":\"https:\\\/\\\/www.acotv.org\\\/es\\\/ja-pots-consultar-el-calendari-dels-proxims-seminaris-revision\\\/#breadcrumb\",\"itemListElement\":[{\"@type\":\"ListItem\",\"position\":1,\"name\":\"Portada\",\"item\":\"https:\\\/\\\/www.acotv.org\\\/es\\\/\"},{\"@type\":\"ListItem\",\"position\":2,\"name\":\"Ya puedes consultar el calendario de los pr\u00f3ximos seminarios ReVisiOn\"}]},{\"@type\":\"WebSite\",\"@id\":\"https:\\\/\\\/www.acotv.org\\\/ca\\\/#website\",\"url\":\"https:\\\/\\\/www.acotv.org\\\/ca\\\/\",\"name\":\"Asociaci\u00f3n Catalana de Optometr\u00eda y Terapia Visual\",\"description\":\"\",\"potentialAction\":[{\"@type\":\"SearchAction\",\"target\":{\"@type\":\"EntryPoint\",\"urlTemplate\":\"https:\\\/\\\/www.acotv.org\\\/ca\\\/?s={search_term_string}\"},\"query-input\":{\"@type\":\"PropertyValueSpecification\",\"valueRequired\":true,\"valueName\":\"search_term_string\"}}],\"inLanguage\":\"es\"},{\"@type\":\"Person\",\"@id\":\"https:\\\/\\\/www.acotv.org\\\/ca\\\/#\\\/schema\\\/person\\\/0de470fec1dbf9785a7343042d765744\",\"name\":\"ACOTV\",\"image\":{\"@type\":\"ImageObject\",\"inLanguage\":\"es\",\"@id\":\"https:\\\/\\\/www.acotv.org\\\/wp-content\\\/uploads\\\/Logo-petit-150x150.jpg\",\"url\":\"https:\\\/\\\/www.acotv.org\\\/wp-content\\\/uploads\\\/Logo-petit-150x150.jpg\",\"contentUrl\":\"https:\\\/\\\/www.acotv.org\\\/wp-content\\\/uploads\\\/Logo-petit-150x150.jpg\",\"caption\":\"ACOTV\"},\"url\":\"https:\\\/\\\/www.acotv.org\\\/es\\\/author\\\/acotv\\\/\"}]}<\/script>\n<!-- \/ Yoast SEO plugin. -->","yoast_head_json":{"title":"Ya puedes consultar el calendario de los pr\u00f3ximos seminarios ReVisiOn - Asociaci\u00f3n Catalana de Optometr\u00eda y Terapia Visual","robots":{"index":"index","follow":"follow","max-snippet":"max-snippet:-1","max-image-preview":"max-image-preview:large","max-video-preview":"max-video-preview:-1"},"canonical":"https:\/\/www.acotv.org\/es\/ja-pots-consultar-el-calendari-dels-proxims-seminaris-revision\/","og_locale":"es_ES","og_type":"article","og_title":"Ya puedes consultar el calendario de los pr\u00f3ximos seminarios ReVisiOn - Asociaci\u00f3n Catalana de Optometr\u00eda y Terapia Visual","og_description":"El pasado mes de septiembre retomamos la actividad mensual del ReVisiOn con el seminario\u00a0 Visi\u00f3n y Escuela: Di\u00e1logo necesario compartiendo sinergias con otros profesionales.","og_url":"https:\/\/www.acotv.org\/es\/ja-pots-consultar-el-calendari-dels-proxims-seminaris-revision\/","og_site_name":"Asociaci\u00f3n Catalana de Optometr\u00eda y Terapia Visual","article_published_time":"2022-09-28T10:38:00+00:00","article_modified_time":"2022-10-05T09:46:51+00:00","og_image":[{"width":1080,"height":1080,"url":"https:\/\/www.acotv.org\/wp-content\/uploads\/RevisionNews4T.jpg","type":"image\/jpeg"}],"author":"ACOTV","twitter_card":"summary_large_image","twitter_misc":{"Escrito por":"ACOTV","Tiempo de lectura":"2 minutos"},"schema":{"@context":"https:\/\/schema.org","@graph":[{"@type":"Article","@id":"https:\/\/www.acotv.org\/es\/ja-pots-consultar-el-calendari-dels-proxims-seminaris-revision\/#article","isPartOf":{"@id":"https:\/\/www.acotv.org\/es\/ja-pots-consultar-el-calendari-dels-proxims-seminaris-revision\/"},"author":{"name":"ACOTV","@id":"https:\/\/www.acotv.org\/ca\/#\/schema\/person\/0de470fec1dbf9785a7343042d765744"},"headline":"Ya puedes consultar el calendario de los pr\u00f3ximos seminarios ReVisiOn","datePublished":"2022-09-28T10:38:00+00:00","dateModified":"2022-10-05T09:46:51+00:00","mainEntityOfPage":{"@id":"https:\/\/www.acotv.org\/es\/ja-pots-consultar-el-calendari-dels-proxims-seminaris-revision\/"},"wordCount":292,"commentCount":0,"image":{"@id":"https:\/\/www.acotv.org\/es\/ja-pots-consultar-el-calendari-dels-proxims-seminaris-revision\/#primaryimage"},"thumbnailUrl":"https:\/\/www.acotv.org\/wp-content\/uploads\/RevisionNews4T.jpg","keywords":["Optometria","problemasdeaprendizaje","ReVisiOn","TerapiaVisual"],"articleSection":["Noticias"],"inLanguage":"es","potentialAction":[{"@type":"CommentAction","name":"Comment","target":["https:\/\/www.acotv.org\/es\/ja-pots-consultar-el-calendari-dels-proxims-seminaris-revision\/#respond"]}]},{"@type":"WebPage","@id":"https:\/\/www.acotv.org\/es\/ja-pots-consultar-el-calendari-dels-proxims-seminaris-revision\/","url":"https:\/\/www.acotv.org\/es\/ja-pots-consultar-el-calendari-dels-proxims-seminaris-revision\/","name":"Ya puedes consultar el calendario de los pr\u00f3ximos seminarios ReVisiOn - Asociaci\u00f3n Catalana de Optometr\u00eda y Terapia Visual","isPartOf":{"@id":"https:\/\/www.acotv.org\/ca\/#website"},"primaryImageOfPage":{"@id":"https:\/\/www.acotv.org\/es\/ja-pots-consultar-el-calendari-dels-proxims-seminaris-revision\/#primaryimage"},"image":{"@id":"https:\/\/www.acotv.org\/es\/ja-pots-consultar-el-calendari-dels-proxims-seminaris-revision\/#primaryimage"},"thumbnailUrl":"https:\/\/www.acotv.org\/wp-content\/uploads\/RevisionNews4T.jpg","datePublished":"2022-09-28T10:38:00+00:00","dateModified":"2022-10-05T09:46:51+00:00","author":{"@id":"https:\/\/www.acotv.org\/ca\/#\/schema\/person\/0de470fec1dbf9785a7343042d765744"},"breadcrumb":{"@id":"https:\/\/www.acotv.org\/es\/ja-pots-consultar-el-calendari-dels-proxims-seminaris-revision\/#breadcrumb"},"inLanguage":"es","potentialAction":[{"@type":"ReadAction","target":["https:\/\/www.acotv.org\/es\/ja-pots-consultar-el-calendari-dels-proxims-seminaris-revision\/"]}]},{"@type":"ImageObject","inLanguage":"es","@id":"https:\/\/www.acotv.org\/es\/ja-pots-consultar-el-calendari-dels-proxims-seminaris-revision\/#primaryimage","url":"https:\/\/www.acotv.org\/wp-content\/uploads\/RevisionNews4T.jpg","contentUrl":"https:\/\/www.acotv.org\/wp-content\/uploads\/RevisionNews4T.jpg","width":1080,"height":1080},{"@type":"BreadcrumbList","@id":"https:\/\/www.acotv.org\/es\/ja-pots-consultar-el-calendari-dels-proxims-seminaris-revision\/#breadcrumb","itemListElement":[{"@type":"ListItem","position":1,"name":"Portada","item":"https:\/\/www.acotv.org\/es\/"},{"@type":"ListItem","position":2,"name":"Ya puedes consultar el calendario de los pr\u00f3ximos seminarios ReVisiOn"}]},{"@type":"WebSite","@id":"https:\/\/www.acotv.org\/ca\/#website","url":"https:\/\/www.acotv.org\/ca\/","name":"Asociaci\u00f3n Catalana de Optometr\u00eda y Terapia Visual","description":"","potentialAction":[{"@type":"SearchAction","target":{"@type":"EntryPoint","urlTemplate":"https:\/\/www.acotv.org\/ca\/?s={search_term_string}"},"query-input":{"@type":"PropertyValueSpecification","valueRequired":true,"valueName":"search_term_string"}}],"inLanguage":"es"},{"@type":"Person","@id":"https:\/\/www.acotv.org\/ca\/#\/schema\/person\/0de470fec1dbf9785a7343042d765744","name":"ACOTV","image":{"@type":"ImageObject","inLanguage":"es","@id":"https:\/\/www.acotv.org\/wp-content\/uploads\/Logo-petit-150x150.jpg","url":"https:\/\/www.acotv.org\/wp-content\/uploads\/Logo-petit-150x150.jpg","contentUrl":"https:\/\/www.acotv.org\/wp-content\/uploads\/Logo-petit-150x150.jpg","caption":"ACOTV"},"url":"https:\/\/www.acotv.org\/es\/author\/acotv\/"}]}},"_links":{"self":[{"href":"https:\/\/www.acotv.org\/es\/wp-json\/wp\/v2\/posts\/5985","targetHints":{"allow":["GET"]}}],"collection":[{"href":"https:\/\/www.acotv.org\/es\/wp-json\/wp\/v2\/posts"}],"about":[{"href":"https:\/\/www.acotv.org\/es\/wp-json\/wp\/v2\/types\/post"}],"author":[{"embeddable":true,"href":"https:\/\/www.acotv.org\/es\/wp-json\/wp\/v2\/users\/2"}],"replies":[{"embeddable":true,"href":"https:\/\/www.acotv.org\/es\/wp-json\/wp\/v2\/comments?post=5985"}],"version-history":[{"count":2,"href":"https:\/\/www.acotv.org\/es\/wp-json\/wp\/v2\/posts\/5985\/revisions"}],"predecessor-version":[{"id":6020,"href":"https:\/\/www.acotv.org\/es\/wp-json\/wp\/v2\/posts\/5985\/revisions\/6020"}],"wp:featuredmedia":[{"embeddable":true,"href":"https:\/\/www.acotv.org\/es\/wp-json\/wp\/v2\/media\/5782"}],"wp:attachment":[{"href":"https:\/\/www.acotv.org\/es\/wp-json\/wp\/v2\/media?parent=5985"}],"wp:term":[{"taxonomy":"category","embeddable":true,"href":"https:\/\/www.acotv.org\/es\/wp-json\/wp\/v2\/categories?post=5985"},{"taxonomy":"post_tag","embeddable":true,"href":"https:\/\/www.acotv.org\/es\/wp-json\/wp\/v2\/tags?post=5985"}],"curies":[{"name":"wp","href":"https:\/\/api.w.org\/{rel}","templated":true}]}}