{"id":5980,"date":"2022-09-30T12:51:00","date_gmt":"2022-09-30T10:51:00","guid":{"rendered":"https:\/\/www.acotv.org\/reactivem-les-dinamiques-collaboratives-amb-el-cuv\/"},"modified":"2022-10-05T11:19:19","modified_gmt":"2022-10-05T09:19:19","slug":"reactivem-les-dinamiques-collaboratives-amb-el-cuv","status":"publish","type":"post","link":"https:\/\/www.acotv.org\/es\/reactivem-les-dinamiques-collaboratives-amb-el-cuv\/","title":{"rendered":"Reactivamos las din\u00e1micas colaborativas con el CUV"},"content":{"rendered":"\n<p class=\"wp-block-paragraph\">El inicio del nuevo curso pone en marcha la red de acciones que se llevan a cabo desde el \u00e1mbito social del Centro Universitario de la Visi\u00f3n.<\/p>\n\n\n\n<p class=\"wp-block-paragraph\">El pasado 23 de septiembre Ana Garc\u00eda y Yolanda Vierb\u00fccher, presidenta y vicepresidenta de la ACOTV, aprovecharon su estancia en Terrassa para saludar a los compa\u00f1eros del Centro Universitario de la Visi\u00f3n y repasar juntos los asuntos en los que ambas organizaciones colaboran.<\/p>\n\n\n\n<p class=\"wp-block-paragraph\">La ACOTV, desde hace ya algunos a\u00f1os, hace aportaciones al proyecto<a href=\"https:\/\/miradessolidaries.upc.edu\/\"> Mirades Solid\u00e0ries <\/a>del CUV, un programa que aglutina toda la acci\u00f3n social del CUV y que proporciona soluciones adaptadas a la condici\u00f3n visual del paciente con pocos recursos econ\u00f3micos, como gafas, terapia visual, baja visi\u00f3n y lentillas especiales, en un entorno de aprendizaje y servicio.<br><br>Durante el encuentro con la directora del CUV, N\u00faria Tom\u00e0s, se pusieron sobre la mesa las diferentes acciones que se est\u00e1n realizando para cubrir las necesidades relacionadas con el \u00e1mbito de la Terapia Visual y c\u00f3mo \u00e9stas se abordan actualmente desde el centro universitario . El objetivo com\u00fan es continuar reforzando las colaboraciones para apoyar los casos de ni\u00f1os a los que se detecta una condici\u00f3n visual que requiere un tratamiento de terapia visual<\/p>\n","protected":false},"excerpt":{"rendered":"<p>El inicio del nuevo curso pone en marcha la red de acciones que se llevan a cabo desde el \u00e1mbito social del Centro Universitario de la Visi\u00f3n.<\/p>\n","protected":false},"author":2,"featured_media":5789,"comment_status":"open","ping_status":"open","sticky":false,"template":"","format":"standard","meta":{"ocean_front_end_style_editor":"no","ocean_post_layout":"","ocean_both_sidebars_style":"","ocean_both_sidebars_content_width":0,"ocean_both_sidebars_sidebars_width":0,"ocean_sidebar":"0","ocean_second_sidebar":"0","ocean_disable_margins":"enable","ocean_add_body_class":"","ocean_shortcode_before_top_bar":"","ocean_shortcode_after_top_bar":"","ocean_shortcode_before_header":"","ocean_shortcode_after_header":"","ocean_has_shortcode":"","ocean_shortcode_after_title":"","ocean_shortcode_before_footer_widgets":"","ocean_shortcode_after_footer_widgets":"","ocean_shortcode_before_footer_bottom":"","ocean_shortcode_after_footer_bottom":"","ocean_display_top_bar":"default","ocean_display_header":"default","ocean_header_style":"","ocean_center_header_left_menu":"0","ocean_custom_header_template":"0","ocean_custom_logo":0,"ocean_custom_retina_logo":0,"ocean_custom_logo_max_width":0,"ocean_custom_logo_tablet_max_width":0,"ocean_custom_logo_mobile_max_width":0,"ocean_custom_logo_max_height":0,"ocean_custom_logo_tablet_max_height":0,"ocean_custom_logo_mobile_max_height":0,"ocean_header_custom_menu":"0","ocean_menu_typo_font_family":"0","ocean_menu_typo_font_subset":"","ocean_menu_typo_font_size":0,"ocean_menu_typo_font_size_tablet":0,"ocean_menu_typo_font_size_mobile":0,"ocean_menu_typo_font_size_unit":"px","ocean_menu_typo_font_weight":"","ocean_menu_typo_font_weight_tablet":"","ocean_menu_typo_font_weight_mobile":"","ocean_menu_typo_transform":"","ocean_menu_typo_transform_tablet":"","ocean_menu_typo_transform_mobile":"","ocean_menu_typo_line_height":0,"ocean_menu_typo_line_height_tablet":0,"ocean_menu_typo_line_height_mobile":0,"ocean_menu_typo_line_height_unit":"","ocean_menu_typo_spacing":0,"ocean_menu_typo_spacing_tablet":0,"ocean_menu_typo_spacing_mobile":0,"ocean_menu_typo_spacing_unit":"","ocean_menu_link_color":"","ocean_menu_link_color_hover":"","ocean_menu_link_color_active":"","ocean_menu_link_background":"","ocean_menu_link_hover_background":"","ocean_menu_link_active_background":"","ocean_menu_social_links_bg":"","ocean_menu_social_hover_links_bg":"","ocean_menu_social_links_color":"","ocean_menu_social_hover_links_color":"","ocean_disable_title":"default","ocean_disable_heading":"default","ocean_post_title":"","ocean_post_subheading":"","ocean_post_title_style":"","ocean_post_title_background_color":"","ocean_post_title_background":0,"ocean_post_title_bg_image_position":"","ocean_post_title_bg_image_attachment":"","ocean_post_title_bg_image_repeat":"","ocean_post_title_bg_image_size":"","ocean_post_title_height":0,"ocean_post_title_bg_overlay":0.5,"ocean_post_title_bg_overlay_color":"","ocean_disable_breadcrumbs":"default","ocean_breadcrumbs_color":"","ocean_breadcrumbs_separator_color":"","ocean_breadcrumbs_links_color":"","ocean_breadcrumbs_links_hover_color":"","ocean_display_footer_widgets":"default","ocean_display_footer_bottom":"default","ocean_custom_footer_template":"0","ocean_post_oembed":"","ocean_post_self_hosted_media":"","ocean_post_video_embed":"","ocean_link_format":"","ocean_link_format_target":"self","ocean_quote_format":"","ocean_quote_format_link":"post","ocean_gallery_link_images":"off","ocean_gallery_id":[],"footnotes":""},"categories":[8],"tags":[119,108,53,220,60],"class_list":["post-5980","post","type-post","status-publish","format-standard","has-post-thumbnail","hentry","category-noticias","tag-acciosocial-2","tag-femacotv-2","tag-saludvisual","tag-accionsocial","tag-optometria","entry","has-media"],"yoast_head":"<!-- This site is optimized with the Yoast SEO plugin v28.4 - https:\/\/yoast.com\/product\/yoast-seo-wordpress\/ -->\n<title>Reactivamos las din\u00e1micas colaborativas con el CUV - Asociaci\u00f3n Catalana de Optometr\u00eda y Terapia Visual<\/title>\n<meta name=\"robots\" content=\"index, follow, max-snippet:-1, max-image-preview:large, max-video-preview:-1\" \/>\n<link rel=\"canonical\" href=\"https:\/\/www.acotv.org\/es\/reactivem-les-dinamiques-collaboratives-amb-el-cuv\/\" \/>\n<meta property=\"og:locale\" content=\"es_ES\" \/>\n<meta property=\"og:type\" content=\"article\" \/>\n<meta property=\"og:title\" content=\"Reactivamos las din\u00e1micas colaborativas con el CUV - Asociaci\u00f3n Catalana de Optometr\u00eda y Terapia Visual\" \/>\n<meta property=\"og:description\" content=\"El inicio del nuevo curso pone en marcha la red de acciones que se llevan a cabo desde el \u00e1mbito social del Centro Universitario de la Visi\u00f3n.\" \/>\n<meta property=\"og:url\" content=\"https:\/\/www.acotv.org\/es\/reactivem-les-dinamiques-collaboratives-amb-el-cuv\/\" \/>\n<meta property=\"og:site_name\" content=\"Asociaci\u00f3n Catalana de Optometr\u00eda y Terapia Visual\" \/>\n<meta property=\"article:published_time\" content=\"2022-09-30T10:51:00+00:00\" \/>\n<meta property=\"article:modified_time\" content=\"2022-10-05T09:19:19+00:00\" \/>\n<meta property=\"og:image\" content=\"https:\/\/www.acotv.org\/wp-content\/uploads\/WhatsApp-Image-2022-09-23-at-15.28.21-1.jpeg\" \/>\n\t<meta property=\"og:image:width\" content=\"2048\" \/>\n\t<meta property=\"og:image:height\" content=\"1536\" \/>\n\t<meta property=\"og:image:type\" content=\"image\/jpeg\" \/>\n<meta name=\"author\" content=\"ACOTV\" \/>\n<meta name=\"twitter:card\" content=\"summary_large_image\" \/>\n<meta name=\"twitter:label1\" content=\"Escrito por\" \/>\n\t<meta name=\"twitter:data1\" content=\"ACOTV\" \/>\n\t<meta name=\"twitter:label2\" content=\"Tiempo de lectura\" \/>\n\t<meta name=\"twitter:data2\" content=\"1 minuto\" \/>\n<script type=\"application\/ld+json\" class=\"yoast-schema-graph\">{\"@context\":\"https:\\\/\\\/schema.org\",\"@graph\":[{\"@type\":\"Article\",\"@id\":\"https:\\\/\\\/www.acotv.org\\\/es\\\/reactivem-les-dinamiques-collaboratives-amb-el-cuv\\\/#article\",\"isPartOf\":{\"@id\":\"https:\\\/\\\/www.acotv.org\\\/es\\\/reactivem-les-dinamiques-collaboratives-amb-el-cuv\\\/\"},\"author\":{\"name\":\"ACOTV\",\"@id\":\"https:\\\/\\\/www.acotv.org\\\/ca\\\/#\\\/schema\\\/person\\\/0de470fec1dbf9785a7343042d765744\"},\"headline\":\"Reactivamos las din\u00e1micas colaborativas con el CUV\",\"datePublished\":\"2022-09-30T10:51:00+00:00\",\"dateModified\":\"2022-10-05T09:19:19+00:00\",\"mainEntityOfPage\":{\"@id\":\"https:\\\/\\\/www.acotv.org\\\/es\\\/reactivem-les-dinamiques-collaboratives-amb-el-cuv\\\/\"},\"wordCount\":224,\"commentCount\":0,\"image\":{\"@id\":\"https:\\\/\\\/www.acotv.org\\\/es\\\/reactivem-les-dinamiques-collaboratives-amb-el-cuv\\\/#primaryimage\"},\"thumbnailUrl\":\"https:\\\/\\\/www.acotv.org\\\/wp-content\\\/uploads\\\/WhatsApp-Image-2022-09-23-at-15.28.21-1.jpeg\",\"keywords\":[\"#AccioSocial\",\"#femAcotv\",\"#saludvisual\",\"AccionSocial\",\"Optometria\"],\"articleSection\":[\"Noticias\"],\"inLanguage\":\"es\",\"potentialAction\":[{\"@type\":\"CommentAction\",\"name\":\"Comment\",\"target\":[\"https:\\\/\\\/www.acotv.org\\\/es\\\/reactivem-les-dinamiques-collaboratives-amb-el-cuv\\\/#respond\"]}]},{\"@type\":\"WebPage\",\"@id\":\"https:\\\/\\\/www.acotv.org\\\/es\\\/reactivem-les-dinamiques-collaboratives-amb-el-cuv\\\/\",\"url\":\"https:\\\/\\\/www.acotv.org\\\/es\\\/reactivem-les-dinamiques-collaboratives-amb-el-cuv\\\/\",\"name\":\"Reactivamos las din\u00e1micas colaborativas con el CUV - Asociaci\u00f3n Catalana de Optometr\u00eda y Terapia Visual\",\"isPartOf\":{\"@id\":\"https:\\\/\\\/www.acotv.org\\\/ca\\\/#website\"},\"primaryImageOfPage\":{\"@id\":\"https:\\\/\\\/www.acotv.org\\\/es\\\/reactivem-les-dinamiques-collaboratives-amb-el-cuv\\\/#primaryimage\"},\"image\":{\"@id\":\"https:\\\/\\\/www.acotv.org\\\/es\\\/reactivem-les-dinamiques-collaboratives-amb-el-cuv\\\/#primaryimage\"},\"thumbnailUrl\":\"https:\\\/\\\/www.acotv.org\\\/wp-content\\\/uploads\\\/WhatsApp-Image-2022-09-23-at-15.28.21-1.jpeg\",\"datePublished\":\"2022-09-30T10:51:00+00:00\",\"dateModified\":\"2022-10-05T09:19:19+00:00\",\"author\":{\"@id\":\"https:\\\/\\\/www.acotv.org\\\/ca\\\/#\\\/schema\\\/person\\\/0de470fec1dbf9785a7343042d765744\"},\"breadcrumb\":{\"@id\":\"https:\\\/\\\/www.acotv.org\\\/es\\\/reactivem-les-dinamiques-collaboratives-amb-el-cuv\\\/#breadcrumb\"},\"inLanguage\":\"es\",\"potentialAction\":[{\"@type\":\"ReadAction\",\"target\":[\"https:\\\/\\\/www.acotv.org\\\/es\\\/reactivem-les-dinamiques-collaboratives-amb-el-cuv\\\/\"]}]},{\"@type\":\"ImageObject\",\"inLanguage\":\"es\",\"@id\":\"https:\\\/\\\/www.acotv.org\\\/es\\\/reactivem-les-dinamiques-collaboratives-amb-el-cuv\\\/#primaryimage\",\"url\":\"https:\\\/\\\/www.acotv.org\\\/wp-content\\\/uploads\\\/WhatsApp-Image-2022-09-23-at-15.28.21-1.jpeg\",\"contentUrl\":\"https:\\\/\\\/www.acotv.org\\\/wp-content\\\/uploads\\\/WhatsApp-Image-2022-09-23-at-15.28.21-1.jpeg\",\"width\":2048,\"height\":1536},{\"@type\":\"BreadcrumbList\",\"@id\":\"https:\\\/\\\/www.acotv.org\\\/es\\\/reactivem-les-dinamiques-collaboratives-amb-el-cuv\\\/#breadcrumb\",\"itemListElement\":[{\"@type\":\"ListItem\",\"position\":1,\"name\":\"Portada\",\"item\":\"https:\\\/\\\/www.acotv.org\\\/es\\\/\"},{\"@type\":\"ListItem\",\"position\":2,\"name\":\"Reactivamos las din\u00e1micas colaborativas con el CUV\"}]},{\"@type\":\"WebSite\",\"@id\":\"https:\\\/\\\/www.acotv.org\\\/ca\\\/#website\",\"url\":\"https:\\\/\\\/www.acotv.org\\\/ca\\\/\",\"name\":\"Asociaci\u00f3n Catalana de Optometr\u00eda y Terapia Visual\",\"description\":\"\",\"potentialAction\":[{\"@type\":\"SearchAction\",\"target\":{\"@type\":\"EntryPoint\",\"urlTemplate\":\"https:\\\/\\\/www.acotv.org\\\/ca\\\/?s={search_term_string}\"},\"query-input\":{\"@type\":\"PropertyValueSpecification\",\"valueRequired\":true,\"valueName\":\"search_term_string\"}}],\"inLanguage\":\"es\"},{\"@type\":\"Person\",\"@id\":\"https:\\\/\\\/www.acotv.org\\\/ca\\\/#\\\/schema\\\/person\\\/0de470fec1dbf9785a7343042d765744\",\"name\":\"ACOTV\",\"image\":{\"@type\":\"ImageObject\",\"inLanguage\":\"es\",\"@id\":\"https:\\\/\\\/www.acotv.org\\\/wp-content\\\/uploads\\\/Logo-petit-150x150.jpg\",\"url\":\"https:\\\/\\\/www.acotv.org\\\/wp-content\\\/uploads\\\/Logo-petit-150x150.jpg\",\"contentUrl\":\"https:\\\/\\\/www.acotv.org\\\/wp-content\\\/uploads\\\/Logo-petit-150x150.jpg\",\"caption\":\"ACOTV\"},\"url\":\"https:\\\/\\\/www.acotv.org\\\/es\\\/author\\\/acotv\\\/\"}]}<\/script>\n<!-- \/ Yoast SEO plugin. -->","yoast_head_json":{"title":"Reactivamos las din\u00e1micas colaborativas con el CUV - Asociaci\u00f3n Catalana de Optometr\u00eda y Terapia Visual","robots":{"index":"index","follow":"follow","max-snippet":"max-snippet:-1","max-image-preview":"max-image-preview:large","max-video-preview":"max-video-preview:-1"},"canonical":"https:\/\/www.acotv.org\/es\/reactivem-les-dinamiques-collaboratives-amb-el-cuv\/","og_locale":"es_ES","og_type":"article","og_title":"Reactivamos las din\u00e1micas colaborativas con el CUV - Asociaci\u00f3n Catalana de Optometr\u00eda y Terapia Visual","og_description":"El inicio del nuevo curso pone en marcha la red de acciones que se llevan a cabo desde el \u00e1mbito social del Centro Universitario de la Visi\u00f3n.","og_url":"https:\/\/www.acotv.org\/es\/reactivem-les-dinamiques-collaboratives-amb-el-cuv\/","og_site_name":"Asociaci\u00f3n Catalana de Optometr\u00eda y Terapia Visual","article_published_time":"2022-09-30T10:51:00+00:00","article_modified_time":"2022-10-05T09:19:19+00:00","og_image":[{"width":2048,"height":1536,"url":"https:\/\/www.acotv.org\/wp-content\/uploads\/WhatsApp-Image-2022-09-23-at-15.28.21-1.jpeg","type":"image\/jpeg"}],"author":"ACOTV","twitter_card":"summary_large_image","twitter_misc":{"Escrito por":"ACOTV","Tiempo de lectura":"1 minuto"},"schema":{"@context":"https:\/\/schema.org","@graph":[{"@type":"Article","@id":"https:\/\/www.acotv.org\/es\/reactivem-les-dinamiques-collaboratives-amb-el-cuv\/#article","isPartOf":{"@id":"https:\/\/www.acotv.org\/es\/reactivem-les-dinamiques-collaboratives-amb-el-cuv\/"},"author":{"name":"ACOTV","@id":"https:\/\/www.acotv.org\/ca\/#\/schema\/person\/0de470fec1dbf9785a7343042d765744"},"headline":"Reactivamos las din\u00e1micas colaborativas con el CUV","datePublished":"2022-09-30T10:51:00+00:00","dateModified":"2022-10-05T09:19:19+00:00","mainEntityOfPage":{"@id":"https:\/\/www.acotv.org\/es\/reactivem-les-dinamiques-collaboratives-amb-el-cuv\/"},"wordCount":224,"commentCount":0,"image":{"@id":"https:\/\/www.acotv.org\/es\/reactivem-les-dinamiques-collaboratives-amb-el-cuv\/#primaryimage"},"thumbnailUrl":"https:\/\/www.acotv.org\/wp-content\/uploads\/WhatsApp-Image-2022-09-23-at-15.28.21-1.jpeg","keywords":["#AccioSocial","#femAcotv","#saludvisual","AccionSocial","Optometria"],"articleSection":["Noticias"],"inLanguage":"es","potentialAction":[{"@type":"CommentAction","name":"Comment","target":["https:\/\/www.acotv.org\/es\/reactivem-les-dinamiques-collaboratives-amb-el-cuv\/#respond"]}]},{"@type":"WebPage","@id":"https:\/\/www.acotv.org\/es\/reactivem-les-dinamiques-collaboratives-amb-el-cuv\/","url":"https:\/\/www.acotv.org\/es\/reactivem-les-dinamiques-collaboratives-amb-el-cuv\/","name":"Reactivamos las din\u00e1micas colaborativas con el CUV - Asociaci\u00f3n Catalana de Optometr\u00eda y Terapia Visual","isPartOf":{"@id":"https:\/\/www.acotv.org\/ca\/#website"},"primaryImageOfPage":{"@id":"https:\/\/www.acotv.org\/es\/reactivem-les-dinamiques-collaboratives-amb-el-cuv\/#primaryimage"},"image":{"@id":"https:\/\/www.acotv.org\/es\/reactivem-les-dinamiques-collaboratives-amb-el-cuv\/#primaryimage"},"thumbnailUrl":"https:\/\/www.acotv.org\/wp-content\/uploads\/WhatsApp-Image-2022-09-23-at-15.28.21-1.jpeg","datePublished":"2022-09-30T10:51:00+00:00","dateModified":"2022-10-05T09:19:19+00:00","author":{"@id":"https:\/\/www.acotv.org\/ca\/#\/schema\/person\/0de470fec1dbf9785a7343042d765744"},"breadcrumb":{"@id":"https:\/\/www.acotv.org\/es\/reactivem-les-dinamiques-collaboratives-amb-el-cuv\/#breadcrumb"},"inLanguage":"es","potentialAction":[{"@type":"ReadAction","target":["https:\/\/www.acotv.org\/es\/reactivem-les-dinamiques-collaboratives-amb-el-cuv\/"]}]},{"@type":"ImageObject","inLanguage":"es","@id":"https:\/\/www.acotv.org\/es\/reactivem-les-dinamiques-collaboratives-amb-el-cuv\/#primaryimage","url":"https:\/\/www.acotv.org\/wp-content\/uploads\/WhatsApp-Image-2022-09-23-at-15.28.21-1.jpeg","contentUrl":"https:\/\/www.acotv.org\/wp-content\/uploads\/WhatsApp-Image-2022-09-23-at-15.28.21-1.jpeg","width":2048,"height":1536},{"@type":"BreadcrumbList","@id":"https:\/\/www.acotv.org\/es\/reactivem-les-dinamiques-collaboratives-amb-el-cuv\/#breadcrumb","itemListElement":[{"@type":"ListItem","position":1,"name":"Portada","item":"https:\/\/www.acotv.org\/es\/"},{"@type":"ListItem","position":2,"name":"Reactivamos las din\u00e1micas colaborativas con el CUV"}]},{"@type":"WebSite","@id":"https:\/\/www.acotv.org\/ca\/#website","url":"https:\/\/www.acotv.org\/ca\/","name":"Asociaci\u00f3n Catalana de Optometr\u00eda y Terapia Visual","description":"","potentialAction":[{"@type":"SearchAction","target":{"@type":"EntryPoint","urlTemplate":"https:\/\/www.acotv.org\/ca\/?s={search_term_string}"},"query-input":{"@type":"PropertyValueSpecification","valueRequired":true,"valueName":"search_term_string"}}],"inLanguage":"es"},{"@type":"Person","@id":"https:\/\/www.acotv.org\/ca\/#\/schema\/person\/0de470fec1dbf9785a7343042d765744","name":"ACOTV","image":{"@type":"ImageObject","inLanguage":"es","@id":"https:\/\/www.acotv.org\/wp-content\/uploads\/Logo-petit-150x150.jpg","url":"https:\/\/www.acotv.org\/wp-content\/uploads\/Logo-petit-150x150.jpg","contentUrl":"https:\/\/www.acotv.org\/wp-content\/uploads\/Logo-petit-150x150.jpg","caption":"ACOTV"},"url":"https:\/\/www.acotv.org\/es\/author\/acotv\/"}]}},"_links":{"self":[{"href":"https:\/\/www.acotv.org\/es\/wp-json\/wp\/v2\/posts\/5980","targetHints":{"allow":["GET"]}}],"collection":[{"href":"https:\/\/www.acotv.org\/es\/wp-json\/wp\/v2\/posts"}],"about":[{"href":"https:\/\/www.acotv.org\/es\/wp-json\/wp\/v2\/types\/post"}],"author":[{"embeddable":true,"href":"https:\/\/www.acotv.org\/es\/wp-json\/wp\/v2\/users\/2"}],"replies":[{"embeddable":true,"href":"https:\/\/www.acotv.org\/es\/wp-json\/wp\/v2\/comments?post=5980"}],"version-history":[{"count":2,"href":"https:\/\/www.acotv.org\/es\/wp-json\/wp\/v2\/posts\/5980\/revisions"}],"predecessor-version":[{"id":5993,"href":"https:\/\/www.acotv.org\/es\/wp-json\/wp\/v2\/posts\/5980\/revisions\/5993"}],"wp:featuredmedia":[{"embeddable":true,"href":"https:\/\/www.acotv.org\/es\/wp-json\/wp\/v2\/media\/5789"}],"wp:attachment":[{"href":"https:\/\/www.acotv.org\/es\/wp-json\/wp\/v2\/media?parent=5980"}],"wp:term":[{"taxonomy":"category","embeddable":true,"href":"https:\/\/www.acotv.org\/es\/wp-json\/wp\/v2\/categories?post=5980"},{"taxonomy":"post_tag","embeddable":true,"href":"https:\/\/www.acotv.org\/es\/wp-json\/wp\/v2\/tags?post=5980"}],"curies":[{"name":"wp","href":"https:\/\/api.w.org\/{rel}","templated":true}]}}