{"id":5978,"date":"2022-09-30T13:23:00","date_gmt":"2022-09-30T11:23:00","guid":{"rendered":"https:\/\/www.acotv.org\/primers-contactes-amb-el-nou-equip-directiu-de-la-foot\/"},"modified":"2022-10-05T11:16:09","modified_gmt":"2022-10-05T09:16:09","slug":"primers-contactes-amb-el-nou-equip-directiu-de-la-foot","status":"publish","type":"post","link":"https:\/\/www.acotv.org\/es\/primers-contactes-amb-el-nou-equip-directiu-de-la-foot\/","title":{"rendered":"Primeros contactos con el nuevo equipo directivo de la FOOT"},"content":{"rendered":"\n<p class=\"wp-block-paragraph\">El viernes 23 de septiembre las directivas de la Facultad de \u00d3ptica y Optometr\u00eda y de la ACOTV se reunieron en Terrassa para evaluar las acciones conjuntas y proyectar nuevas.<\/p>\n\n\n\n<p class=\"wp-block-paragraph\">Tras el relevo del cargo de decano de la FOOT, el pasado mes de mayo, la semana pasada la presidenta y la vicepresidenta de ACOTV establecieron los primeros contactos directos con el nuevo equipo directivo de la FOOT reuni\u00e9ndose con la nueva decana , Aurora Torrents, y con el vicedecano, Joan Carles Ondategui, para consensuar y compartir todo lo relacionado con el \u00e1mbito de actuaci\u00f3n com\u00fan entre la Asociaci\u00f3n y la Facultad.<\/p>\n\n\n\n<p class=\"wp-block-paragraph\">Desde siempre, las relaciones de nuestra entidad con la Facultad han sido muy favorables. Muestra de ello es la cesi\u00f3n habitual de los espacios de la FOOT para las diferentes actividades de ACOTV y la complicidad en el dise\u00f1o de programas formativos avanzados, como el M\u00e1ster de Optometr\u00eda y Terapia Visual UPC School, que ambas organizaciones impulsaron conjuntamente en 2019 y que este a\u00f1o ya alcanza su 4\u00aa edici\u00f3n.<\/p>\n\n\n\n<p class=\"wp-block-paragraph\">Poder compartir conocimientos y estrategias con los profesionales del \u00e1mbito universitario es para ACOTV una buena manera de generar valor a\u00f1adido al colectivo de \u00f3pticos y optometristas. Impulsar programas formativos en nuevas t\u00e9cnicas de diagn\u00f3stico avanzado en problemas visuales y potenciar la investigaci\u00f3n cient\u00edfica a partir de una base te\u00f3rica y pr\u00e1ctica tratadas a partir de la evidencia cient\u00edfica disponible es algo que refuerza la estrecha colaboraci\u00f3n entre la FOOT y la ACOTV.<\/p>\n","protected":false},"excerpt":{"rendered":"<p>El viernes 23 de septiembre las directivas de la Facultad de \u00d3ptica y Optometr\u00eda y de la ACOTV se reunieron en Terrassa para evaluar las acciones conjuntas y proyectar nuevas.<\/p>\n","protected":false},"author":2,"featured_media":5794,"comment_status":"open","ping_status":"open","sticky":false,"template":"","format":"standard","meta":{"ocean_front_end_style_editor":"no","ocean_post_layout":"","ocean_both_sidebars_style":"","ocean_both_sidebars_content_width":0,"ocean_both_sidebars_sidebars_width":0,"ocean_sidebar":"0","ocean_second_sidebar":"0","ocean_disable_margins":"enable","ocean_add_body_class":"","ocean_shortcode_before_top_bar":"","ocean_shortcode_after_top_bar":"","ocean_shortcode_before_header":"","ocean_shortcode_after_header":"","ocean_has_shortcode":"","ocean_shortcode_after_title":"","ocean_shortcode_before_footer_widgets":"","ocean_shortcode_after_footer_widgets":"","ocean_shortcode_before_footer_bottom":"","ocean_shortcode_after_footer_bottom":"","ocean_display_top_bar":"default","ocean_display_header":"default","ocean_header_style":"","ocean_center_header_left_menu":"0","ocean_custom_header_template":"0","ocean_custom_logo":0,"ocean_custom_retina_logo":0,"ocean_custom_logo_max_width":0,"ocean_custom_logo_tablet_max_width":0,"ocean_custom_logo_mobile_max_width":0,"ocean_custom_logo_max_height":0,"ocean_custom_logo_tablet_max_height":0,"ocean_custom_logo_mobile_max_height":0,"ocean_header_custom_menu":"0","ocean_menu_typo_font_family":"0","ocean_menu_typo_font_subset":"","ocean_menu_typo_font_size":0,"ocean_menu_typo_font_size_tablet":0,"ocean_menu_typo_font_size_mobile":0,"ocean_menu_typo_font_size_unit":"px","ocean_menu_typo_font_weight":"","ocean_menu_typo_font_weight_tablet":"","ocean_menu_typo_font_weight_mobile":"","ocean_menu_typo_transform":"","ocean_menu_typo_transform_tablet":"","ocean_menu_typo_transform_mobile":"","ocean_menu_typo_line_height":0,"ocean_menu_typo_line_height_tablet":0,"ocean_menu_typo_line_height_mobile":0,"ocean_menu_typo_line_height_unit":"","ocean_menu_typo_spacing":0,"ocean_menu_typo_spacing_tablet":0,"ocean_menu_typo_spacing_mobile":0,"ocean_menu_typo_spacing_unit":"","ocean_menu_link_color":"","ocean_menu_link_color_hover":"","ocean_menu_link_color_active":"","ocean_menu_link_background":"","ocean_menu_link_hover_background":"","ocean_menu_link_active_background":"","ocean_menu_social_links_bg":"","ocean_menu_social_hover_links_bg":"","ocean_menu_social_links_color":"","ocean_menu_social_hover_links_color":"","ocean_disable_title":"default","ocean_disable_heading":"default","ocean_post_title":"","ocean_post_subheading":"","ocean_post_title_style":"","ocean_post_title_background_color":"","ocean_post_title_background":0,"ocean_post_title_bg_image_position":"","ocean_post_title_bg_image_attachment":"","ocean_post_title_bg_image_repeat":"","ocean_post_title_bg_image_size":"","ocean_post_title_height":0,"ocean_post_title_bg_overlay":0.5,"ocean_post_title_bg_overlay_color":"","ocean_disable_breadcrumbs":"default","ocean_breadcrumbs_color":"","ocean_breadcrumbs_separator_color":"","ocean_breadcrumbs_links_color":"","ocean_breadcrumbs_links_hover_color":"","ocean_display_footer_widgets":"default","ocean_display_footer_bottom":"default","ocean_custom_footer_template":"0","ocean_post_oembed":"","ocean_post_self_hosted_media":"","ocean_post_video_embed":"","ocean_link_format":"","ocean_link_format_target":"self","ocean_quote_format":"","ocean_quote_format_link":"post","ocean_gallery_link_images":"off","ocean_gallery_id":[],"footnotes":""},"categories":[8],"tags":[148,60,227],"class_list":["post-5978","post","type-post","status-publish","format-standard","has-post-thumbnail","hentry","category-noticias","tag-foot-2-es","tag-optometria","tag-sinergias","entry","has-media"],"yoast_head":"<!-- This site is optimized with the Yoast SEO plugin v28.4 - https:\/\/yoast.com\/product\/yoast-seo-wordpress\/ -->\n<title>Primeros contactos con el nuevo equipo directivo de la FOOT - Asociaci\u00f3n Catalana de Optometr\u00eda y Terapia Visual<\/title>\n<meta name=\"robots\" content=\"index, follow, max-snippet:-1, max-image-preview:large, max-video-preview:-1\" \/>\n<link rel=\"canonical\" href=\"https:\/\/www.acotv.org\/es\/primers-contactes-amb-el-nou-equip-directiu-de-la-foot\/\" \/>\n<meta property=\"og:locale\" content=\"es_ES\" \/>\n<meta property=\"og:type\" content=\"article\" \/>\n<meta property=\"og:title\" content=\"Primeros contactos con el nuevo equipo directivo de la FOOT - Asociaci\u00f3n Catalana de Optometr\u00eda y Terapia Visual\" \/>\n<meta property=\"og:description\" content=\"El viernes 23 de septiembre las directivas de la Facultad de \u00d3ptica y Optometr\u00eda y de la ACOTV se reunieron en Terrassa para evaluar las acciones conjuntas y proyectar nuevas.\" \/>\n<meta property=\"og:url\" content=\"https:\/\/www.acotv.org\/es\/primers-contactes-amb-el-nou-equip-directiu-de-la-foot\/\" \/>\n<meta property=\"og:site_name\" content=\"Asociaci\u00f3n Catalana de Optometr\u00eda y Terapia Visual\" \/>\n<meta property=\"article:published_time\" content=\"2022-09-30T11:23:00+00:00\" \/>\n<meta property=\"article:modified_time\" content=\"2022-10-05T09:16:09+00:00\" \/>\n<meta property=\"og:image\" content=\"https:\/\/www.acotv.org\/wp-content\/uploads\/FOOT-0922.jpg\" \/>\n\t<meta property=\"og:image:width\" content=\"700\" \/>\n\t<meta property=\"og:image:height\" content=\"589\" \/>\n\t<meta property=\"og:image:type\" content=\"image\/jpeg\" \/>\n<meta name=\"author\" content=\"ACOTV\" \/>\n<meta name=\"twitter:card\" content=\"summary_large_image\" \/>\n<meta name=\"twitter:label1\" content=\"Escrito por\" \/>\n\t<meta name=\"twitter:data1\" content=\"ACOTV\" \/>\n\t<meta name=\"twitter:label2\" content=\"Tiempo de lectura\" \/>\n\t<meta name=\"twitter:data2\" content=\"2 minutos\" \/>\n<script type=\"application\/ld+json\" class=\"yoast-schema-graph\">{\"@context\":\"https:\\\/\\\/schema.org\",\"@graph\":[{\"@type\":\"Article\",\"@id\":\"https:\\\/\\\/www.acotv.org\\\/es\\\/primers-contactes-amb-el-nou-equip-directiu-de-la-foot\\\/#article\",\"isPartOf\":{\"@id\":\"https:\\\/\\\/www.acotv.org\\\/es\\\/primers-contactes-amb-el-nou-equip-directiu-de-la-foot\\\/\"},\"author\":{\"name\":\"ACOTV\",\"@id\":\"https:\\\/\\\/www.acotv.org\\\/ca\\\/#\\\/schema\\\/person\\\/0de470fec1dbf9785a7343042d765744\"},\"headline\":\"Primeros contactos con el nuevo equipo directivo de la FOOT\",\"datePublished\":\"2022-09-30T11:23:00+00:00\",\"dateModified\":\"2022-10-05T09:16:09+00:00\",\"mainEntityOfPage\":{\"@id\":\"https:\\\/\\\/www.acotv.org\\\/es\\\/primers-contactes-amb-el-nou-equip-directiu-de-la-foot\\\/\"},\"wordCount\":270,\"commentCount\":0,\"image\":{\"@id\":\"https:\\\/\\\/www.acotv.org\\\/es\\\/primers-contactes-amb-el-nou-equip-directiu-de-la-foot\\\/#primaryimage\"},\"thumbnailUrl\":\"https:\\\/\\\/www.acotv.org\\\/wp-content\\\/uploads\\\/FOOT-0922.jpg\",\"keywords\":[\"FOOT\",\"Optometria\",\"Sinergias\"],\"articleSection\":[\"Noticias\"],\"inLanguage\":\"es\",\"potentialAction\":[{\"@type\":\"CommentAction\",\"name\":\"Comment\",\"target\":[\"https:\\\/\\\/www.acotv.org\\\/es\\\/primers-contactes-amb-el-nou-equip-directiu-de-la-foot\\\/#respond\"]}]},{\"@type\":\"WebPage\",\"@id\":\"https:\\\/\\\/www.acotv.org\\\/es\\\/primers-contactes-amb-el-nou-equip-directiu-de-la-foot\\\/\",\"url\":\"https:\\\/\\\/www.acotv.org\\\/es\\\/primers-contactes-amb-el-nou-equip-directiu-de-la-foot\\\/\",\"name\":\"Primeros contactos con el nuevo equipo directivo de la FOOT - Asociaci\u00f3n Catalana de Optometr\u00eda y Terapia Visual\",\"isPartOf\":{\"@id\":\"https:\\\/\\\/www.acotv.org\\\/ca\\\/#website\"},\"primaryImageOfPage\":{\"@id\":\"https:\\\/\\\/www.acotv.org\\\/es\\\/primers-contactes-amb-el-nou-equip-directiu-de-la-foot\\\/#primaryimage\"},\"image\":{\"@id\":\"https:\\\/\\\/www.acotv.org\\\/es\\\/primers-contactes-amb-el-nou-equip-directiu-de-la-foot\\\/#primaryimage\"},\"thumbnailUrl\":\"https:\\\/\\\/www.acotv.org\\\/wp-content\\\/uploads\\\/FOOT-0922.jpg\",\"datePublished\":\"2022-09-30T11:23:00+00:00\",\"dateModified\":\"2022-10-05T09:16:09+00:00\",\"author\":{\"@id\":\"https:\\\/\\\/www.acotv.org\\\/ca\\\/#\\\/schema\\\/person\\\/0de470fec1dbf9785a7343042d765744\"},\"breadcrumb\":{\"@id\":\"https:\\\/\\\/www.acotv.org\\\/es\\\/primers-contactes-amb-el-nou-equip-directiu-de-la-foot\\\/#breadcrumb\"},\"inLanguage\":\"es\",\"potentialAction\":[{\"@type\":\"ReadAction\",\"target\":[\"https:\\\/\\\/www.acotv.org\\\/es\\\/primers-contactes-amb-el-nou-equip-directiu-de-la-foot\\\/\"]}]},{\"@type\":\"ImageObject\",\"inLanguage\":\"es\",\"@id\":\"https:\\\/\\\/www.acotv.org\\\/es\\\/primers-contactes-amb-el-nou-equip-directiu-de-la-foot\\\/#primaryimage\",\"url\":\"https:\\\/\\\/www.acotv.org\\\/wp-content\\\/uploads\\\/FOOT-0922.jpg\",\"contentUrl\":\"https:\\\/\\\/www.acotv.org\\\/wp-content\\\/uploads\\\/FOOT-0922.jpg\",\"width\":700,\"height\":589},{\"@type\":\"BreadcrumbList\",\"@id\":\"https:\\\/\\\/www.acotv.org\\\/es\\\/primers-contactes-amb-el-nou-equip-directiu-de-la-foot\\\/#breadcrumb\",\"itemListElement\":[{\"@type\":\"ListItem\",\"position\":1,\"name\":\"Portada\",\"item\":\"https:\\\/\\\/www.acotv.org\\\/es\\\/\"},{\"@type\":\"ListItem\",\"position\":2,\"name\":\"Primeros contactos con el nuevo equipo directivo de la FOOT\"}]},{\"@type\":\"WebSite\",\"@id\":\"https:\\\/\\\/www.acotv.org\\\/ca\\\/#website\",\"url\":\"https:\\\/\\\/www.acotv.org\\\/ca\\\/\",\"name\":\"Asociaci\u00f3n Catalana de Optometr\u00eda y Terapia Visual\",\"description\":\"\",\"potentialAction\":[{\"@type\":\"SearchAction\",\"target\":{\"@type\":\"EntryPoint\",\"urlTemplate\":\"https:\\\/\\\/www.acotv.org\\\/ca\\\/?s={search_term_string}\"},\"query-input\":{\"@type\":\"PropertyValueSpecification\",\"valueRequired\":true,\"valueName\":\"search_term_string\"}}],\"inLanguage\":\"es\"},{\"@type\":\"Person\",\"@id\":\"https:\\\/\\\/www.acotv.org\\\/ca\\\/#\\\/schema\\\/person\\\/0de470fec1dbf9785a7343042d765744\",\"name\":\"ACOTV\",\"image\":{\"@type\":\"ImageObject\",\"inLanguage\":\"es\",\"@id\":\"https:\\\/\\\/www.acotv.org\\\/wp-content\\\/uploads\\\/Logo-petit-150x150.jpg\",\"url\":\"https:\\\/\\\/www.acotv.org\\\/wp-content\\\/uploads\\\/Logo-petit-150x150.jpg\",\"contentUrl\":\"https:\\\/\\\/www.acotv.org\\\/wp-content\\\/uploads\\\/Logo-petit-150x150.jpg\",\"caption\":\"ACOTV\"},\"url\":\"https:\\\/\\\/www.acotv.org\\\/es\\\/author\\\/acotv\\\/\"}]}<\/script>\n<!-- \/ Yoast SEO plugin. -->","yoast_head_json":{"title":"Primeros contactos con el nuevo equipo directivo de la FOOT - Asociaci\u00f3n Catalana de Optometr\u00eda y Terapia Visual","robots":{"index":"index","follow":"follow","max-snippet":"max-snippet:-1","max-image-preview":"max-image-preview:large","max-video-preview":"max-video-preview:-1"},"canonical":"https:\/\/www.acotv.org\/es\/primers-contactes-amb-el-nou-equip-directiu-de-la-foot\/","og_locale":"es_ES","og_type":"article","og_title":"Primeros contactos con el nuevo equipo directivo de la FOOT - Asociaci\u00f3n Catalana de Optometr\u00eda y Terapia Visual","og_description":"El viernes 23 de septiembre las directivas de la Facultad de \u00d3ptica y Optometr\u00eda y de la ACOTV se reunieron en Terrassa para evaluar las acciones conjuntas y proyectar nuevas.","og_url":"https:\/\/www.acotv.org\/es\/primers-contactes-amb-el-nou-equip-directiu-de-la-foot\/","og_site_name":"Asociaci\u00f3n Catalana de Optometr\u00eda y Terapia Visual","article_published_time":"2022-09-30T11:23:00+00:00","article_modified_time":"2022-10-05T09:16:09+00:00","og_image":[{"width":700,"height":589,"url":"https:\/\/www.acotv.org\/wp-content\/uploads\/FOOT-0922.jpg","type":"image\/jpeg"}],"author":"ACOTV","twitter_card":"summary_large_image","twitter_misc":{"Escrito por":"ACOTV","Tiempo de lectura":"2 minutos"},"schema":{"@context":"https:\/\/schema.org","@graph":[{"@type":"Article","@id":"https:\/\/www.acotv.org\/es\/primers-contactes-amb-el-nou-equip-directiu-de-la-foot\/#article","isPartOf":{"@id":"https:\/\/www.acotv.org\/es\/primers-contactes-amb-el-nou-equip-directiu-de-la-foot\/"},"author":{"name":"ACOTV","@id":"https:\/\/www.acotv.org\/ca\/#\/schema\/person\/0de470fec1dbf9785a7343042d765744"},"headline":"Primeros contactos con el nuevo equipo directivo de la FOOT","datePublished":"2022-09-30T11:23:00+00:00","dateModified":"2022-10-05T09:16:09+00:00","mainEntityOfPage":{"@id":"https:\/\/www.acotv.org\/es\/primers-contactes-amb-el-nou-equip-directiu-de-la-foot\/"},"wordCount":270,"commentCount":0,"image":{"@id":"https:\/\/www.acotv.org\/es\/primers-contactes-amb-el-nou-equip-directiu-de-la-foot\/#primaryimage"},"thumbnailUrl":"https:\/\/www.acotv.org\/wp-content\/uploads\/FOOT-0922.jpg","keywords":["FOOT","Optometria","Sinergias"],"articleSection":["Noticias"],"inLanguage":"es","potentialAction":[{"@type":"CommentAction","name":"Comment","target":["https:\/\/www.acotv.org\/es\/primers-contactes-amb-el-nou-equip-directiu-de-la-foot\/#respond"]}]},{"@type":"WebPage","@id":"https:\/\/www.acotv.org\/es\/primers-contactes-amb-el-nou-equip-directiu-de-la-foot\/","url":"https:\/\/www.acotv.org\/es\/primers-contactes-amb-el-nou-equip-directiu-de-la-foot\/","name":"Primeros contactos con el nuevo equipo directivo de la FOOT - Asociaci\u00f3n Catalana de Optometr\u00eda y Terapia Visual","isPartOf":{"@id":"https:\/\/www.acotv.org\/ca\/#website"},"primaryImageOfPage":{"@id":"https:\/\/www.acotv.org\/es\/primers-contactes-amb-el-nou-equip-directiu-de-la-foot\/#primaryimage"},"image":{"@id":"https:\/\/www.acotv.org\/es\/primers-contactes-amb-el-nou-equip-directiu-de-la-foot\/#primaryimage"},"thumbnailUrl":"https:\/\/www.acotv.org\/wp-content\/uploads\/FOOT-0922.jpg","datePublished":"2022-09-30T11:23:00+00:00","dateModified":"2022-10-05T09:16:09+00:00","author":{"@id":"https:\/\/www.acotv.org\/ca\/#\/schema\/person\/0de470fec1dbf9785a7343042d765744"},"breadcrumb":{"@id":"https:\/\/www.acotv.org\/es\/primers-contactes-amb-el-nou-equip-directiu-de-la-foot\/#breadcrumb"},"inLanguage":"es","potentialAction":[{"@type":"ReadAction","target":["https:\/\/www.acotv.org\/es\/primers-contactes-amb-el-nou-equip-directiu-de-la-foot\/"]}]},{"@type":"ImageObject","inLanguage":"es","@id":"https:\/\/www.acotv.org\/es\/primers-contactes-amb-el-nou-equip-directiu-de-la-foot\/#primaryimage","url":"https:\/\/www.acotv.org\/wp-content\/uploads\/FOOT-0922.jpg","contentUrl":"https:\/\/www.acotv.org\/wp-content\/uploads\/FOOT-0922.jpg","width":700,"height":589},{"@type":"BreadcrumbList","@id":"https:\/\/www.acotv.org\/es\/primers-contactes-amb-el-nou-equip-directiu-de-la-foot\/#breadcrumb","itemListElement":[{"@type":"ListItem","position":1,"name":"Portada","item":"https:\/\/www.acotv.org\/es\/"},{"@type":"ListItem","position":2,"name":"Primeros contactos con el nuevo equipo directivo de la FOOT"}]},{"@type":"WebSite","@id":"https:\/\/www.acotv.org\/ca\/#website","url":"https:\/\/www.acotv.org\/ca\/","name":"Asociaci\u00f3n Catalana de Optometr\u00eda y Terapia Visual","description":"","potentialAction":[{"@type":"SearchAction","target":{"@type":"EntryPoint","urlTemplate":"https:\/\/www.acotv.org\/ca\/?s={search_term_string}"},"query-input":{"@type":"PropertyValueSpecification","valueRequired":true,"valueName":"search_term_string"}}],"inLanguage":"es"},{"@type":"Person","@id":"https:\/\/www.acotv.org\/ca\/#\/schema\/person\/0de470fec1dbf9785a7343042d765744","name":"ACOTV","image":{"@type":"ImageObject","inLanguage":"es","@id":"https:\/\/www.acotv.org\/wp-content\/uploads\/Logo-petit-150x150.jpg","url":"https:\/\/www.acotv.org\/wp-content\/uploads\/Logo-petit-150x150.jpg","contentUrl":"https:\/\/www.acotv.org\/wp-content\/uploads\/Logo-petit-150x150.jpg","caption":"ACOTV"},"url":"https:\/\/www.acotv.org\/es\/author\/acotv\/"}]}},"_links":{"self":[{"href":"https:\/\/www.acotv.org\/es\/wp-json\/wp\/v2\/posts\/5978","targetHints":{"allow":["GET"]}}],"collection":[{"href":"https:\/\/www.acotv.org\/es\/wp-json\/wp\/v2\/posts"}],"about":[{"href":"https:\/\/www.acotv.org\/es\/wp-json\/wp\/v2\/types\/post"}],"author":[{"embeddable":true,"href":"https:\/\/www.acotv.org\/es\/wp-json\/wp\/v2\/users\/2"}],"replies":[{"embeddable":true,"href":"https:\/\/www.acotv.org\/es\/wp-json\/wp\/v2\/comments?post=5978"}],"version-history":[{"count":2,"href":"https:\/\/www.acotv.org\/es\/wp-json\/wp\/v2\/posts\/5978\/revisions"}],"predecessor-version":[{"id":5991,"href":"https:\/\/www.acotv.org\/es\/wp-json\/wp\/v2\/posts\/5978\/revisions\/5991"}],"wp:featuredmedia":[{"embeddable":true,"href":"https:\/\/www.acotv.org\/es\/wp-json\/wp\/v2\/media\/5794"}],"wp:attachment":[{"href":"https:\/\/www.acotv.org\/es\/wp-json\/wp\/v2\/media?parent=5978"}],"wp:term":[{"taxonomy":"category","embeddable":true,"href":"https:\/\/www.acotv.org\/es\/wp-json\/wp\/v2\/categories?post=5978"},{"taxonomy":"post_tag","embeddable":true,"href":"https:\/\/www.acotv.org\/es\/wp-json\/wp\/v2\/tags?post=5978"}],"curies":[{"name":"wp","href":"https:\/\/api.w.org\/{rel}","templated":true}]}}