{"id":5976,"date":"2022-10-03T10:33:00","date_gmt":"2022-10-03T08:33:00","guid":{"rendered":"https:\/\/www.acotv.org\/trobada-amb-la-nova-presidencia-del-coooc\/"},"modified":"2022-10-05T16:12:34","modified_gmt":"2022-10-05T14:12:34","slug":"trobada-amb-la-nova-presidencia-del-coooc","status":"publish","type":"post","link":"https:\/\/www.acotv.org\/es\/trobada-amb-la-nova-presidencia-del-coooc\/","title":{"rendered":"Encuentro con la nueva presidencia del COOOC"},"content":{"rendered":"\n<p class=\"wp-block-paragraph\">El pasado jueves 15 de septiembre, la presidenta y vicepresidenta de la ACOTV se reunieron con el actual presidente del COOOC para compartir las inquietudes del colectivo y seguir acercando posiciones en beneficio de la profesi\u00f3n.<\/p>\n\n\n\n<p class=\"wp-block-paragraph\">El encuentro con el m\u00e1ximo representante del Colegio fue muy cordial y sirvi\u00f3 para acercar ambas partes al an\u00e1lisis del actual contexto profesional. Se habl\u00f3 de c\u00f3mo nos encontramos ante un cambio de tendencias sociales en las que es necesario concienciar sobre c\u00f3mo la optometr\u00eda puede ayudar desde diversos aspectos del sistema visual.<\/p>\n\n\n\n<p class=\"wp-block-paragraph\">La investigaci\u00f3n y publicaciones que promueven los beneficios de la rehabilitaci\u00f3n visual basada en la evidencia cient\u00edfica desempe\u00f1aron tambi\u00e9n un papel relevante durante la conversaci\u00f3n mantenida entre los representantes. Son cada vez m\u00e1s los profesionales que incorporan los servicios de Terapia Visual dentro de sus centros de trabajo, lo que implica desarrollar nuevas estrategias conjuntas que puedan garantizar una pr\u00e1ctica cl\u00ednica de calidad como respuesta a las actuales demandas de la sociedad.<\/p>\n\n\n\n<p class=\"wp-block-paragraph\">Las representantes de la ACOTV expresaron su predisposici\u00f3n al presidente del Colegio de colaborar en todo lo necesario para hacer llegar a todos los optometristas que se decantan por ofrecer la terapia visual dentro del \u00e1mbito optom\u00e9trico, y ayudar as\u00ed a posicionar con firmeza la figura del optometrista, preservando el buen uso de la pr\u00e1ctica cl\u00ednica.<\/p>\n","protected":false},"excerpt":{"rendered":"<p>El pasado jueves 15 de septiembre, la presidenta y vicepresidenta de ACOTV se reunieron con el actual presidente del COOOC para compartir las inquietudes del colectivo y seguir acercando posiciones en beneficio de la profesi\u00f3n.<\/p>\n","protected":false},"author":2,"featured_media":5799,"comment_status":"open","ping_status":"open","sticky":false,"template":"","format":"standard","meta":{"ocean_front_end_style_editor":"no","ocean_post_layout":"","ocean_both_sidebars_style":"","ocean_both_sidebars_content_width":0,"ocean_both_sidebars_sidebars_width":0,"ocean_sidebar":"0","ocean_second_sidebar":"0","ocean_disable_margins":"enable","ocean_add_body_class":"","ocean_shortcode_before_top_bar":"","ocean_shortcode_after_top_bar":"","ocean_shortcode_before_header":"","ocean_shortcode_after_header":"","ocean_has_shortcode":"","ocean_shortcode_after_title":"","ocean_shortcode_before_footer_widgets":"","ocean_shortcode_after_footer_widgets":"","ocean_shortcode_before_footer_bottom":"","ocean_shortcode_after_footer_bottom":"","ocean_display_top_bar":"default","ocean_display_header":"default","ocean_header_style":"","ocean_center_header_left_menu":"0","ocean_custom_header_template":"0","ocean_custom_logo":0,"ocean_custom_retina_logo":0,"ocean_custom_logo_max_width":0,"ocean_custom_logo_tablet_max_width":0,"ocean_custom_logo_mobile_max_width":0,"ocean_custom_logo_max_height":0,"ocean_custom_logo_tablet_max_height":0,"ocean_custom_logo_mobile_max_height":0,"ocean_header_custom_menu":"0","ocean_menu_typo_font_family":"0","ocean_menu_typo_font_subset":"","ocean_menu_typo_font_size":0,"ocean_menu_typo_font_size_tablet":0,"ocean_menu_typo_font_size_mobile":0,"ocean_menu_typo_font_size_unit":"px","ocean_menu_typo_font_weight":"","ocean_menu_typo_font_weight_tablet":"","ocean_menu_typo_font_weight_mobile":"","ocean_menu_typo_transform":"","ocean_menu_typo_transform_tablet":"","ocean_menu_typo_transform_mobile":"","ocean_menu_typo_line_height":0,"ocean_menu_typo_line_height_tablet":0,"ocean_menu_typo_line_height_mobile":0,"ocean_menu_typo_line_height_unit":"","ocean_menu_typo_spacing":0,"ocean_menu_typo_spacing_tablet":0,"ocean_menu_typo_spacing_mobile":0,"ocean_menu_typo_spacing_unit":"","ocean_menu_link_color":"","ocean_menu_link_color_hover":"","ocean_menu_link_color_active":"","ocean_menu_link_background":"","ocean_menu_link_hover_background":"","ocean_menu_link_active_background":"","ocean_menu_social_links_bg":"","ocean_menu_social_hover_links_bg":"","ocean_menu_social_links_color":"","ocean_menu_social_hover_links_color":"","ocean_disable_title":"default","ocean_disable_heading":"default","ocean_post_title":"","ocean_post_subheading":"","ocean_post_title_style":"","ocean_post_title_background_color":"","ocean_post_title_background":0,"ocean_post_title_bg_image_position":"","ocean_post_title_bg_image_attachment":"","ocean_post_title_bg_image_repeat":"","ocean_post_title_bg_image_size":"","ocean_post_title_height":0,"ocean_post_title_bg_overlay":0.5,"ocean_post_title_bg_overlay_color":"","ocean_disable_breadcrumbs":"default","ocean_breadcrumbs_color":"","ocean_breadcrumbs_separator_color":"","ocean_breadcrumbs_links_color":"","ocean_breadcrumbs_links_hover_color":"","ocean_display_footer_widgets":"default","ocean_display_footer_bottom":"default","ocean_custom_footer_template":"0","ocean_post_oembed":"","ocean_post_self_hosted_media":"","ocean_post_video_embed":"","ocean_link_format":"","ocean_link_format_target":"self","ocean_quote_format":"","ocean_quote_format_link":"post","ocean_gallery_link_images":"off","ocean_gallery_id":[],"footnotes":""},"categories":[8],"tags":[243,60,227,244,61],"class_list":["post-5976","post","type-post","status-publish","format-standard","has-post-thumbnail","hentry","category-noticias","tag-coooc-es","tag-optometria","tag-sinergias","tag-sinergies-es","tag-terapiavisual","entry","has-media"],"yoast_head":"<!-- This site is optimized with the Yoast SEO plugin v28.4 - https:\/\/yoast.com\/product\/yoast-seo-wordpress\/ -->\n<title>Encuentro con la nueva presidencia del COOOC - Asociaci\u00f3n Catalana de Optometr\u00eda y Terapia Visual<\/title>\n<meta name=\"robots\" content=\"index, follow, max-snippet:-1, max-image-preview:large, max-video-preview:-1\" \/>\n<link rel=\"canonical\" href=\"https:\/\/www.acotv.org\/es\/trobada-amb-la-nova-presidencia-del-coooc\/\" \/>\n<meta property=\"og:locale\" content=\"es_ES\" \/>\n<meta property=\"og:type\" content=\"article\" \/>\n<meta property=\"og:title\" content=\"Encuentro con la nueva presidencia del COOOC - Asociaci\u00f3n Catalana de Optometr\u00eda y Terapia Visual\" \/>\n<meta property=\"og:description\" content=\"El pasado jueves 15 de septiembre, la presidenta y vicepresidenta de ACOTV se reunieron con el actual presidente del COOOC para compartir las inquietudes del colectivo y seguir acercando posiciones en beneficio de la profesi\u00f3n.\" \/>\n<meta property=\"og:url\" content=\"https:\/\/www.acotv.org\/es\/trobada-amb-la-nova-presidencia-del-coooc\/\" \/>\n<meta property=\"og:site_name\" content=\"Asociaci\u00f3n Catalana de Optometr\u00eda y Terapia Visual\" \/>\n<meta property=\"article:published_time\" content=\"2022-10-03T08:33:00+00:00\" \/>\n<meta property=\"article:modified_time\" content=\"2022-10-05T14:12:34+00:00\" \/>\n<meta property=\"og:image\" content=\"https:\/\/www.acotv.org\/wp-content\/uploads\/teamwork-3213924_1280_3T.jpg\" \/>\n\t<meta property=\"og:image:width\" content=\"1280\" \/>\n\t<meta property=\"og:image:height\" content=\"807\" \/>\n\t<meta property=\"og:image:type\" content=\"image\/jpeg\" \/>\n<meta name=\"author\" content=\"ACOTV\" \/>\n<meta name=\"twitter:card\" content=\"summary_large_image\" \/>\n<meta name=\"twitter:label1\" content=\"Escrito por\" \/>\n\t<meta name=\"twitter:data1\" content=\"ACOTV\" \/>\n\t<meta name=\"twitter:label2\" content=\"Tiempo de lectura\" \/>\n\t<meta name=\"twitter:data2\" content=\"1 minuto\" \/>\n<script type=\"application\/ld+json\" class=\"yoast-schema-graph\">{\"@context\":\"https:\\\/\\\/schema.org\",\"@graph\":[{\"@type\":\"Article\",\"@id\":\"https:\\\/\\\/www.acotv.org\\\/es\\\/trobada-amb-la-nova-presidencia-del-coooc\\\/#article\",\"isPartOf\":{\"@id\":\"https:\\\/\\\/www.acotv.org\\\/es\\\/trobada-amb-la-nova-presidencia-del-coooc\\\/\"},\"author\":{\"name\":\"ACOTV\",\"@id\":\"https:\\\/\\\/www.acotv.org\\\/ca\\\/#\\\/schema\\\/person\\\/0de470fec1dbf9785a7343042d765744\"},\"headline\":\"Encuentro con la nueva presidencia del COOOC\",\"datePublished\":\"2022-10-03T08:33:00+00:00\",\"dateModified\":\"2022-10-05T14:12:34+00:00\",\"mainEntityOfPage\":{\"@id\":\"https:\\\/\\\/www.acotv.org\\\/es\\\/trobada-amb-la-nova-presidencia-del-coooc\\\/\"},\"wordCount\":242,\"commentCount\":0,\"image\":{\"@id\":\"https:\\\/\\\/www.acotv.org\\\/es\\\/trobada-amb-la-nova-presidencia-del-coooc\\\/#primaryimage\"},\"thumbnailUrl\":\"https:\\\/\\\/www.acotv.org\\\/wp-content\\\/uploads\\\/teamwork-3213924_1280_3T.jpg\",\"keywords\":[\"COOOC\",\"Optometria\",\"Sinergias\",\"Sinergies\",\"TerapiaVisual\"],\"articleSection\":[\"Noticias\"],\"inLanguage\":\"es\",\"potentialAction\":[{\"@type\":\"CommentAction\",\"name\":\"Comment\",\"target\":[\"https:\\\/\\\/www.acotv.org\\\/es\\\/trobada-amb-la-nova-presidencia-del-coooc\\\/#respond\"]}]},{\"@type\":\"WebPage\",\"@id\":\"https:\\\/\\\/www.acotv.org\\\/es\\\/trobada-amb-la-nova-presidencia-del-coooc\\\/\",\"url\":\"https:\\\/\\\/www.acotv.org\\\/es\\\/trobada-amb-la-nova-presidencia-del-coooc\\\/\",\"name\":\"Encuentro con la nueva presidencia del COOOC - Asociaci\u00f3n Catalana de Optometr\u00eda y Terapia Visual\",\"isPartOf\":{\"@id\":\"https:\\\/\\\/www.acotv.org\\\/ca\\\/#website\"},\"primaryImageOfPage\":{\"@id\":\"https:\\\/\\\/www.acotv.org\\\/es\\\/trobada-amb-la-nova-presidencia-del-coooc\\\/#primaryimage\"},\"image\":{\"@id\":\"https:\\\/\\\/www.acotv.org\\\/es\\\/trobada-amb-la-nova-presidencia-del-coooc\\\/#primaryimage\"},\"thumbnailUrl\":\"https:\\\/\\\/www.acotv.org\\\/wp-content\\\/uploads\\\/teamwork-3213924_1280_3T.jpg\",\"datePublished\":\"2022-10-03T08:33:00+00:00\",\"dateModified\":\"2022-10-05T14:12:34+00:00\",\"author\":{\"@id\":\"https:\\\/\\\/www.acotv.org\\\/ca\\\/#\\\/schema\\\/person\\\/0de470fec1dbf9785a7343042d765744\"},\"breadcrumb\":{\"@id\":\"https:\\\/\\\/www.acotv.org\\\/es\\\/trobada-amb-la-nova-presidencia-del-coooc\\\/#breadcrumb\"},\"inLanguage\":\"es\",\"potentialAction\":[{\"@type\":\"ReadAction\",\"target\":[\"https:\\\/\\\/www.acotv.org\\\/es\\\/trobada-amb-la-nova-presidencia-del-coooc\\\/\"]}]},{\"@type\":\"ImageObject\",\"inLanguage\":\"es\",\"@id\":\"https:\\\/\\\/www.acotv.org\\\/es\\\/trobada-amb-la-nova-presidencia-del-coooc\\\/#primaryimage\",\"url\":\"https:\\\/\\\/www.acotv.org\\\/wp-content\\\/uploads\\\/teamwork-3213924_1280_3T.jpg\",\"contentUrl\":\"https:\\\/\\\/www.acotv.org\\\/wp-content\\\/uploads\\\/teamwork-3213924_1280_3T.jpg\",\"width\":1280,\"height\":807},{\"@type\":\"BreadcrumbList\",\"@id\":\"https:\\\/\\\/www.acotv.org\\\/es\\\/trobada-amb-la-nova-presidencia-del-coooc\\\/#breadcrumb\",\"itemListElement\":[{\"@type\":\"ListItem\",\"position\":1,\"name\":\"Portada\",\"item\":\"https:\\\/\\\/www.acotv.org\\\/es\\\/\"},{\"@type\":\"ListItem\",\"position\":2,\"name\":\"Encuentro con la nueva presidencia del COOOC\"}]},{\"@type\":\"WebSite\",\"@id\":\"https:\\\/\\\/www.acotv.org\\\/ca\\\/#website\",\"url\":\"https:\\\/\\\/www.acotv.org\\\/ca\\\/\",\"name\":\"Asociaci\u00f3n Catalana de Optometr\u00eda y Terapia Visual\",\"description\":\"\",\"potentialAction\":[{\"@type\":\"SearchAction\",\"target\":{\"@type\":\"EntryPoint\",\"urlTemplate\":\"https:\\\/\\\/www.acotv.org\\\/ca\\\/?s={search_term_string}\"},\"query-input\":{\"@type\":\"PropertyValueSpecification\",\"valueRequired\":true,\"valueName\":\"search_term_string\"}}],\"inLanguage\":\"es\"},{\"@type\":\"Person\",\"@id\":\"https:\\\/\\\/www.acotv.org\\\/ca\\\/#\\\/schema\\\/person\\\/0de470fec1dbf9785a7343042d765744\",\"name\":\"ACOTV\",\"image\":{\"@type\":\"ImageObject\",\"inLanguage\":\"es\",\"@id\":\"https:\\\/\\\/www.acotv.org\\\/wp-content\\\/uploads\\\/Logo-petit-150x150.jpg\",\"url\":\"https:\\\/\\\/www.acotv.org\\\/wp-content\\\/uploads\\\/Logo-petit-150x150.jpg\",\"contentUrl\":\"https:\\\/\\\/www.acotv.org\\\/wp-content\\\/uploads\\\/Logo-petit-150x150.jpg\",\"caption\":\"ACOTV\"},\"url\":\"https:\\\/\\\/www.acotv.org\\\/es\\\/author\\\/acotv\\\/\"}]}<\/script>\n<!-- \/ Yoast SEO plugin. -->","yoast_head_json":{"title":"Encuentro con la nueva presidencia del COOOC - Asociaci\u00f3n Catalana de Optometr\u00eda y Terapia Visual","robots":{"index":"index","follow":"follow","max-snippet":"max-snippet:-1","max-image-preview":"max-image-preview:large","max-video-preview":"max-video-preview:-1"},"canonical":"https:\/\/www.acotv.org\/es\/trobada-amb-la-nova-presidencia-del-coooc\/","og_locale":"es_ES","og_type":"article","og_title":"Encuentro con la nueva presidencia del COOOC - Asociaci\u00f3n Catalana de Optometr\u00eda y Terapia Visual","og_description":"El pasado jueves 15 de septiembre, la presidenta y vicepresidenta de ACOTV se reunieron con el actual presidente del COOOC para compartir las inquietudes del colectivo y seguir acercando posiciones en beneficio de la profesi\u00f3n.","og_url":"https:\/\/www.acotv.org\/es\/trobada-amb-la-nova-presidencia-del-coooc\/","og_site_name":"Asociaci\u00f3n Catalana de Optometr\u00eda y Terapia Visual","article_published_time":"2022-10-03T08:33:00+00:00","article_modified_time":"2022-10-05T14:12:34+00:00","og_image":[{"width":1280,"height":807,"url":"https:\/\/www.acotv.org\/wp-content\/uploads\/teamwork-3213924_1280_3T.jpg","type":"image\/jpeg"}],"author":"ACOTV","twitter_card":"summary_large_image","twitter_misc":{"Escrito por":"ACOTV","Tiempo de lectura":"1 minuto"},"schema":{"@context":"https:\/\/schema.org","@graph":[{"@type":"Article","@id":"https:\/\/www.acotv.org\/es\/trobada-amb-la-nova-presidencia-del-coooc\/#article","isPartOf":{"@id":"https:\/\/www.acotv.org\/es\/trobada-amb-la-nova-presidencia-del-coooc\/"},"author":{"name":"ACOTV","@id":"https:\/\/www.acotv.org\/ca\/#\/schema\/person\/0de470fec1dbf9785a7343042d765744"},"headline":"Encuentro con la nueva presidencia del COOOC","datePublished":"2022-10-03T08:33:00+00:00","dateModified":"2022-10-05T14:12:34+00:00","mainEntityOfPage":{"@id":"https:\/\/www.acotv.org\/es\/trobada-amb-la-nova-presidencia-del-coooc\/"},"wordCount":242,"commentCount":0,"image":{"@id":"https:\/\/www.acotv.org\/es\/trobada-amb-la-nova-presidencia-del-coooc\/#primaryimage"},"thumbnailUrl":"https:\/\/www.acotv.org\/wp-content\/uploads\/teamwork-3213924_1280_3T.jpg","keywords":["COOOC","Optometria","Sinergias","Sinergies","TerapiaVisual"],"articleSection":["Noticias"],"inLanguage":"es","potentialAction":[{"@type":"CommentAction","name":"Comment","target":["https:\/\/www.acotv.org\/es\/trobada-amb-la-nova-presidencia-del-coooc\/#respond"]}]},{"@type":"WebPage","@id":"https:\/\/www.acotv.org\/es\/trobada-amb-la-nova-presidencia-del-coooc\/","url":"https:\/\/www.acotv.org\/es\/trobada-amb-la-nova-presidencia-del-coooc\/","name":"Encuentro con la nueva presidencia del COOOC - Asociaci\u00f3n Catalana de Optometr\u00eda y Terapia Visual","isPartOf":{"@id":"https:\/\/www.acotv.org\/ca\/#website"},"primaryImageOfPage":{"@id":"https:\/\/www.acotv.org\/es\/trobada-amb-la-nova-presidencia-del-coooc\/#primaryimage"},"image":{"@id":"https:\/\/www.acotv.org\/es\/trobada-amb-la-nova-presidencia-del-coooc\/#primaryimage"},"thumbnailUrl":"https:\/\/www.acotv.org\/wp-content\/uploads\/teamwork-3213924_1280_3T.jpg","datePublished":"2022-10-03T08:33:00+00:00","dateModified":"2022-10-05T14:12:34+00:00","author":{"@id":"https:\/\/www.acotv.org\/ca\/#\/schema\/person\/0de470fec1dbf9785a7343042d765744"},"breadcrumb":{"@id":"https:\/\/www.acotv.org\/es\/trobada-amb-la-nova-presidencia-del-coooc\/#breadcrumb"},"inLanguage":"es","potentialAction":[{"@type":"ReadAction","target":["https:\/\/www.acotv.org\/es\/trobada-amb-la-nova-presidencia-del-coooc\/"]}]},{"@type":"ImageObject","inLanguage":"es","@id":"https:\/\/www.acotv.org\/es\/trobada-amb-la-nova-presidencia-del-coooc\/#primaryimage","url":"https:\/\/www.acotv.org\/wp-content\/uploads\/teamwork-3213924_1280_3T.jpg","contentUrl":"https:\/\/www.acotv.org\/wp-content\/uploads\/teamwork-3213924_1280_3T.jpg","width":1280,"height":807},{"@type":"BreadcrumbList","@id":"https:\/\/www.acotv.org\/es\/trobada-amb-la-nova-presidencia-del-coooc\/#breadcrumb","itemListElement":[{"@type":"ListItem","position":1,"name":"Portada","item":"https:\/\/www.acotv.org\/es\/"},{"@type":"ListItem","position":2,"name":"Encuentro con la nueva presidencia del COOOC"}]},{"@type":"WebSite","@id":"https:\/\/www.acotv.org\/ca\/#website","url":"https:\/\/www.acotv.org\/ca\/","name":"Asociaci\u00f3n Catalana de Optometr\u00eda y Terapia Visual","description":"","potentialAction":[{"@type":"SearchAction","target":{"@type":"EntryPoint","urlTemplate":"https:\/\/www.acotv.org\/ca\/?s={search_term_string}"},"query-input":{"@type":"PropertyValueSpecification","valueRequired":true,"valueName":"search_term_string"}}],"inLanguage":"es"},{"@type":"Person","@id":"https:\/\/www.acotv.org\/ca\/#\/schema\/person\/0de470fec1dbf9785a7343042d765744","name":"ACOTV","image":{"@type":"ImageObject","inLanguage":"es","@id":"https:\/\/www.acotv.org\/wp-content\/uploads\/Logo-petit-150x150.jpg","url":"https:\/\/www.acotv.org\/wp-content\/uploads\/Logo-petit-150x150.jpg","contentUrl":"https:\/\/www.acotv.org\/wp-content\/uploads\/Logo-petit-150x150.jpg","caption":"ACOTV"},"url":"https:\/\/www.acotv.org\/es\/author\/acotv\/"}]}},"_links":{"self":[{"href":"https:\/\/www.acotv.org\/es\/wp-json\/wp\/v2\/posts\/5976","targetHints":{"allow":["GET"]}}],"collection":[{"href":"https:\/\/www.acotv.org\/es\/wp-json\/wp\/v2\/posts"}],"about":[{"href":"https:\/\/www.acotv.org\/es\/wp-json\/wp\/v2\/types\/post"}],"author":[{"embeddable":true,"href":"https:\/\/www.acotv.org\/es\/wp-json\/wp\/v2\/users\/2"}],"replies":[{"embeddable":true,"href":"https:\/\/www.acotv.org\/es\/wp-json\/wp\/v2\/comments?post=5976"}],"version-history":[{"count":3,"href":"https:\/\/www.acotv.org\/es\/wp-json\/wp\/v2\/posts\/5976\/revisions"}],"predecessor-version":[{"id":6042,"href":"https:\/\/www.acotv.org\/es\/wp-json\/wp\/v2\/posts\/5976\/revisions\/6042"}],"wp:featuredmedia":[{"embeddable":true,"href":"https:\/\/www.acotv.org\/es\/wp-json\/wp\/v2\/media\/5799"}],"wp:attachment":[{"href":"https:\/\/www.acotv.org\/es\/wp-json\/wp\/v2\/media?parent=5976"}],"wp:term":[{"taxonomy":"category","embeddable":true,"href":"https:\/\/www.acotv.org\/es\/wp-json\/wp\/v2\/categories?post=5976"},{"taxonomy":"post_tag","embeddable":true,"href":"https:\/\/www.acotv.org\/es\/wp-json\/wp\/v2\/tags?post=5976"}],"curies":[{"name":"wp","href":"https:\/\/api.w.org\/{rel}","templated":true}]}}