{"id":5660,"date":"2020-03-27T17:47:00","date_gmt":"2020-03-27T16:47:00","guid":{"rendered":"https:\/\/www.acotv.org\/gracies-per-confiar-amb-nosaltres\/"},"modified":"2022-09-06T18:10:46","modified_gmt":"2022-09-06T16:10:46","slug":"gracies-per-confiar-amb-nosaltres","status":"publish","type":"post","link":"https:\/\/www.acotv.org\/es\/gracies-per-confiar-amb-nosaltres\/","title":{"rendered":"\u00a1Gracias por confiar en nosotros!"},"content":{"rendered":"\n<p class=\"wp-block-paragraph\"><strong><mark style=\"background-color:rgba(0, 0, 0, 0)\" class=\"has-inline-color has-vivid-cyan-blue-color\">Cuando yo me quedo en casa y t\u00fa tambi\u00e9n<\/mark><\/strong><\/p>\n\n\n\n<p class=\"wp-block-paragraph\">Un peque\u00f1o homenaje a nuestros<strong>&nbsp;grandes h\u00e9roes<\/strong>, todos los ni\u00f1os y ni\u00f1as que estos d\u00edas desde casa nos acompa\u00f1an y nos regalan su sonrisa.<\/p>\n\n\n\n<p class=\"wp-block-paragraph\">Los optometristas que trabajamos con ni\u00f1os sabemos lo complicado que es para ellos no poder disfrutar estos d\u00edas de sus juegos al aire libre y de la compa\u00f1\u00eda de los amigos y compa\u00f1eros de escuela &#8230;, pero desde aqu\u00ed&nbsp;<strong>les queremos felicitar<\/strong>&nbsp;por lo bien que lo estan haciendo durante este confinamiento y todo lo que nos est\u00e1n ense\u00f1ando con su comportamiento.<\/p>\n\n\n\n<div class=\"wp-block-image\"><figure class=\"aligncenter size-large is-resized\"><img fetchpriority=\"high\" decoding=\"async\" src=\"https:\/\/www.acotv.org\/wp-content\/uploads\/sigrid-1024x576.png\" alt=\"\" class=\"wp-image-5650\" width=\"688\" height=\"386\" srcset=\"https:\/\/www.acotv.org\/wp-content\/uploads\/sigrid-1024x576.png 1024w, https:\/\/www.acotv.org\/wp-content\/uploads\/sigrid-300x169.png 300w, https:\/\/www.acotv.org\/wp-content\/uploads\/sigrid-768x432.png 768w, https:\/\/www.acotv.org\/wp-content\/uploads\/sigrid-1536x864.png 1536w, https:\/\/www.acotv.org\/wp-content\/uploads\/sigrid-800x450.png 800w, https:\/\/www.acotv.org\/wp-content\/uploads\/sigrid.png 1600w\" sizes=\"(max-width: 688px) 100vw, 688px\" \/><figcaption>Sigrid<\/figcaption><\/figure><\/div>\n\n\n\n<p class=\"wp-block-paragraph\">Son muchos los profesionales de la Visi\u00f3n que contin\u00faan estos d\u00edas, desde casa, el seguimiento de las rutinas optom\u00e9tricas con sus pacientes para dar respuesta y facilitar la continuidad de los tratamientos; es nuestro compromiso ayudar como hasta ahora en que todo vaya bien. Se hace extra\u00f1o no compartir espacios y no poder estar cerca, pero ahora toca quedarse en casa y reinventarse, y \u00bf por qu\u00e9 no lo deber\u00edamos hacer tambi\u00e9n nosotros?<\/p>\n\n\n\n<p class=\"wp-block-paragraph\">En nombre de todos los optometristas especializados en Terapia Visual&nbsp;<strong>os damos las gracias<\/strong>&nbsp;a los ni\u00f1os y las ni\u00f1as, y los no tan ni\u00f1os, por seguir a nuestro lado confiando en nosotros los momentos dif\u00edciles. Estamos seguros de que pronto nos reencontraremos en las consultas para reanudar los tratamientos presenciales,&nbsp;<strong>porque todo habr\u00e1 ido bien.<\/strong><\/p>\n\n\n\n<p class=\"wp-block-paragraph\"><strong>No os olvidamos y os admiramos. \u00a1GRACIAS!<\/strong><\/p>\n\n\n\n<figure class=\"wp-block-image size-large\"><img decoding=\"async\" width=\"1024\" height=\"204\" src=\"https:\/\/www.acotv.org\/wp-content\/uploads\/Marc-1024x204.png\" alt=\"\" class=\"wp-image-5653\" srcset=\"https:\/\/www.acotv.org\/wp-content\/uploads\/Marc-1024x204.png 1024w, https:\/\/www.acotv.org\/wp-content\/uploads\/Marc-300x60.png 300w, https:\/\/www.acotv.org\/wp-content\/uploads\/Marc-768x153.png 768w, https:\/\/www.acotv.org\/wp-content\/uploads\/Marc.png 1490w\" sizes=\"(max-width: 1024px) 100vw, 1024px\" \/><figcaption>Marc<\/figcaption><\/figure>\n\n\n\n<p class=\"wp-block-paragraph\">Muchas gracias a<strong>\u00a0Joana, Sigrid y Marc\u00a0<\/strong>por enviarnos estos dibjujos tan chulos que nos hab\u00e9is hecho\u00a0<strong>desde casa<\/strong>\u00a0!!!!<\/p>\n","protected":false},"excerpt":{"rendered":"<p>Un peque\u00f1o homenaje a nuestros\u00a0grandes h\u00e9roes, todos los ni\u00f1os y ni\u00f1as que estos d\u00edas desde casa nos acompa\u00f1an y nos regalan su sonrisa.<\/p>\n","protected":false},"author":2,"featured_media":5658,"comment_status":"open","ping_status":"open","sticky":false,"template":"","format":"standard","meta":{"ocean_front_end_style_editor":"no","ocean_post_layout":"","ocean_both_sidebars_style":"","ocean_both_sidebars_content_width":0,"ocean_both_sidebars_sidebars_width":0,"ocean_sidebar":"0","ocean_second_sidebar":"0","ocean_disable_margins":"enable","ocean_add_body_class":"","ocean_shortcode_before_top_bar":"","ocean_shortcode_after_top_bar":"","ocean_shortcode_before_header":"","ocean_shortcode_after_header":"","ocean_has_shortcode":"","ocean_shortcode_after_title":"","ocean_shortcode_before_footer_widgets":"","ocean_shortcode_after_footer_widgets":"","ocean_shortcode_before_footer_bottom":"","ocean_shortcode_after_footer_bottom":"","ocean_display_top_bar":"default","ocean_display_header":"default","ocean_header_style":"","ocean_center_header_left_menu":"0","ocean_custom_header_template":"0","ocean_custom_logo":0,"ocean_custom_retina_logo":0,"ocean_custom_logo_max_width":0,"ocean_custom_logo_tablet_max_width":0,"ocean_custom_logo_mobile_max_width":0,"ocean_custom_logo_max_height":0,"ocean_custom_logo_tablet_max_height":0,"ocean_custom_logo_mobile_max_height":0,"ocean_header_custom_menu":"0","ocean_menu_typo_font_family":"0","ocean_menu_typo_font_subset":"","ocean_menu_typo_font_size":0,"ocean_menu_typo_font_size_tablet":0,"ocean_menu_typo_font_size_mobile":0,"ocean_menu_typo_font_size_unit":"px","ocean_menu_typo_font_weight":"","ocean_menu_typo_font_weight_tablet":"","ocean_menu_typo_font_weight_mobile":"","ocean_menu_typo_transform":"","ocean_menu_typo_transform_tablet":"","ocean_menu_typo_transform_mobile":"","ocean_menu_typo_line_height":0,"ocean_menu_typo_line_height_tablet":0,"ocean_menu_typo_line_height_mobile":0,"ocean_menu_typo_line_height_unit":"","ocean_menu_typo_spacing":0,"ocean_menu_typo_spacing_tablet":0,"ocean_menu_typo_spacing_mobile":0,"ocean_menu_typo_spacing_unit":"","ocean_menu_link_color":"","ocean_menu_link_color_hover":"","ocean_menu_link_color_active":"","ocean_menu_link_background":"","ocean_menu_link_hover_background":"","ocean_menu_link_active_background":"","ocean_menu_social_links_bg":"","ocean_menu_social_hover_links_bg":"","ocean_menu_social_links_color":"","ocean_menu_social_hover_links_color":"","ocean_disable_title":"default","ocean_disable_heading":"default","ocean_post_title":"","ocean_post_subheading":"","ocean_post_title_style":"","ocean_post_title_background_color":"","ocean_post_title_background":0,"ocean_post_title_bg_image_position":"","ocean_post_title_bg_image_attachment":"","ocean_post_title_bg_image_repeat":"","ocean_post_title_bg_image_size":"","ocean_post_title_height":0,"ocean_post_title_bg_overlay":0.5,"ocean_post_title_bg_overlay_color":"","ocean_disable_breadcrumbs":"default","ocean_breadcrumbs_color":"","ocean_breadcrumbs_separator_color":"","ocean_breadcrumbs_links_color":"","ocean_breadcrumbs_links_hover_color":"","ocean_display_footer_widgets":"default","ocean_display_footer_bottom":"default","ocean_custom_footer_template":"0","ocean_post_oembed":"","ocean_post_self_hosted_media":"","ocean_post_video_embed":"","ocean_link_format":"","ocean_link_format_target":"self","ocean_quote_format":"","ocean_quote_format_link":"post","ocean_gallery_link_images":"off","ocean_gallery_id":[],"footnotes":""},"categories":[8],"tags":[194],"class_list":["post-5660","post","type-post","status-publish","format-standard","has-post-thumbnail","hentry","category-noticias","tag-profesionales","entry","has-media"],"yoast_head":"<!-- This site is optimized with the Yoast SEO plugin v28.4 - https:\/\/yoast.com\/product\/yoast-seo-wordpress\/ -->\n<title>\u00a1Gracias por confiar en nosotros! - Asociaci\u00f3n Catalana de Optometr\u00eda y Terapia Visual<\/title>\n<meta name=\"robots\" content=\"index, follow, max-snippet:-1, max-image-preview:large, max-video-preview:-1\" \/>\n<link rel=\"canonical\" href=\"https:\/\/www.acotv.org\/es\/gracies-per-confiar-amb-nosaltres\/\" \/>\n<meta property=\"og:locale\" content=\"es_ES\" \/>\n<meta property=\"og:type\" content=\"article\" \/>\n<meta property=\"og:title\" content=\"\u00a1Gracias por confiar en nosotros! - Asociaci\u00f3n Catalana de Optometr\u00eda y Terapia Visual\" \/>\n<meta property=\"og:description\" content=\"Un peque\u00f1o homenaje a nuestros\u00a0grandes h\u00e9roes, todos los ni\u00f1os y ni\u00f1as que estos d\u00edas desde casa nos acompa\u00f1an y nos regalan su sonrisa.\" \/>\n<meta property=\"og:url\" content=\"https:\/\/www.acotv.org\/es\/gracies-per-confiar-amb-nosaltres\/\" \/>\n<meta property=\"og:site_name\" content=\"Asociaci\u00f3n Catalana de Optometr\u00eda y Terapia Visual\" \/>\n<meta property=\"article:published_time\" content=\"2020-03-27T16:47:00+00:00\" \/>\n<meta property=\"article:modified_time\" content=\"2022-09-06T16:10:46+00:00\" \/>\n<meta property=\"og:image\" content=\"https:\/\/www.acotv.org\/wp-content\/uploads\/Joana270320.jpg\" \/>\n\t<meta property=\"og:image:width\" content=\"700\" \/>\n\t<meta property=\"og:image:height\" content=\"662\" \/>\n\t<meta property=\"og:image:type\" content=\"image\/jpeg\" \/>\n<meta name=\"author\" content=\"ACOTV\" \/>\n<meta name=\"twitter:card\" content=\"summary_large_image\" \/>\n<meta name=\"twitter:label1\" content=\"Escrito por\" \/>\n\t<meta name=\"twitter:data1\" content=\"ACOTV\" \/>\n\t<meta name=\"twitter:label2\" content=\"Tiempo de lectura\" \/>\n\t<meta name=\"twitter:data2\" content=\"2 minutos\" \/>\n<script type=\"application\/ld+json\" class=\"yoast-schema-graph\">{\"@context\":\"https:\\\/\\\/schema.org\",\"@graph\":[{\"@type\":\"Article\",\"@id\":\"https:\\\/\\\/www.acotv.org\\\/es\\\/gracies-per-confiar-amb-nosaltres\\\/#article\",\"isPartOf\":{\"@id\":\"https:\\\/\\\/www.acotv.org\\\/es\\\/gracies-per-confiar-amb-nosaltres\\\/\"},\"author\":{\"name\":\"ACOTV\",\"@id\":\"https:\\\/\\\/www.acotv.org\\\/ca\\\/#\\\/schema\\\/person\\\/0de470fec1dbf9785a7343042d765744\"},\"headline\":\"\u00a1Gracias por confiar en nosotros!\",\"datePublished\":\"2020-03-27T16:47:00+00:00\",\"dateModified\":\"2022-09-06T16:10:46+00:00\",\"mainEntityOfPage\":{\"@id\":\"https:\\\/\\\/www.acotv.org\\\/es\\\/gracies-per-confiar-amb-nosaltres\\\/\"},\"wordCount\":286,\"commentCount\":0,\"image\":{\"@id\":\"https:\\\/\\\/www.acotv.org\\\/es\\\/gracies-per-confiar-amb-nosaltres\\\/#primaryimage\"},\"thumbnailUrl\":\"https:\\\/\\\/www.acotv.org\\\/wp-content\\\/uploads\\\/Joana270320.jpg\",\"keywords\":[\"Profesionales\"],\"articleSection\":[\"Noticias\"],\"inLanguage\":\"es\",\"potentialAction\":[{\"@type\":\"CommentAction\",\"name\":\"Comment\",\"target\":[\"https:\\\/\\\/www.acotv.org\\\/es\\\/gracies-per-confiar-amb-nosaltres\\\/#respond\"]}]},{\"@type\":\"WebPage\",\"@id\":\"https:\\\/\\\/www.acotv.org\\\/es\\\/gracies-per-confiar-amb-nosaltres\\\/\",\"url\":\"https:\\\/\\\/www.acotv.org\\\/es\\\/gracies-per-confiar-amb-nosaltres\\\/\",\"name\":\"\u00a1Gracias por confiar en nosotros! - Asociaci\u00f3n Catalana de Optometr\u00eda y Terapia Visual\",\"isPartOf\":{\"@id\":\"https:\\\/\\\/www.acotv.org\\\/ca\\\/#website\"},\"primaryImageOfPage\":{\"@id\":\"https:\\\/\\\/www.acotv.org\\\/es\\\/gracies-per-confiar-amb-nosaltres\\\/#primaryimage\"},\"image\":{\"@id\":\"https:\\\/\\\/www.acotv.org\\\/es\\\/gracies-per-confiar-amb-nosaltres\\\/#primaryimage\"},\"thumbnailUrl\":\"https:\\\/\\\/www.acotv.org\\\/wp-content\\\/uploads\\\/Joana270320.jpg\",\"datePublished\":\"2020-03-27T16:47:00+00:00\",\"dateModified\":\"2022-09-06T16:10:46+00:00\",\"author\":{\"@id\":\"https:\\\/\\\/www.acotv.org\\\/ca\\\/#\\\/schema\\\/person\\\/0de470fec1dbf9785a7343042d765744\"},\"breadcrumb\":{\"@id\":\"https:\\\/\\\/www.acotv.org\\\/es\\\/gracies-per-confiar-amb-nosaltres\\\/#breadcrumb\"},\"inLanguage\":\"es\",\"potentialAction\":[{\"@type\":\"ReadAction\",\"target\":[\"https:\\\/\\\/www.acotv.org\\\/es\\\/gracies-per-confiar-amb-nosaltres\\\/\"]}]},{\"@type\":\"ImageObject\",\"inLanguage\":\"es\",\"@id\":\"https:\\\/\\\/www.acotv.org\\\/es\\\/gracies-per-confiar-amb-nosaltres\\\/#primaryimage\",\"url\":\"https:\\\/\\\/www.acotv.org\\\/wp-content\\\/uploads\\\/Joana270320.jpg\",\"contentUrl\":\"https:\\\/\\\/www.acotv.org\\\/wp-content\\\/uploads\\\/Joana270320.jpg\",\"width\":700,\"height\":662},{\"@type\":\"BreadcrumbList\",\"@id\":\"https:\\\/\\\/www.acotv.org\\\/es\\\/gracies-per-confiar-amb-nosaltres\\\/#breadcrumb\",\"itemListElement\":[{\"@type\":\"ListItem\",\"position\":1,\"name\":\"Portada\",\"item\":\"https:\\\/\\\/www.acotv.org\\\/es\\\/\"},{\"@type\":\"ListItem\",\"position\":2,\"name\":\"\u00a1Gracias por confiar en nosotros!\"}]},{\"@type\":\"WebSite\",\"@id\":\"https:\\\/\\\/www.acotv.org\\\/ca\\\/#website\",\"url\":\"https:\\\/\\\/www.acotv.org\\\/ca\\\/\",\"name\":\"Asociaci\u00f3n Catalana de Optometr\u00eda y Terapia Visual\",\"description\":\"\",\"potentialAction\":[{\"@type\":\"SearchAction\",\"target\":{\"@type\":\"EntryPoint\",\"urlTemplate\":\"https:\\\/\\\/www.acotv.org\\\/ca\\\/?s={search_term_string}\"},\"query-input\":{\"@type\":\"PropertyValueSpecification\",\"valueRequired\":true,\"valueName\":\"search_term_string\"}}],\"inLanguage\":\"es\"},{\"@type\":\"Person\",\"@id\":\"https:\\\/\\\/www.acotv.org\\\/ca\\\/#\\\/schema\\\/person\\\/0de470fec1dbf9785a7343042d765744\",\"name\":\"ACOTV\",\"image\":{\"@type\":\"ImageObject\",\"inLanguage\":\"es\",\"@id\":\"https:\\\/\\\/www.acotv.org\\\/wp-content\\\/uploads\\\/Logo-petit-150x150.jpg\",\"url\":\"https:\\\/\\\/www.acotv.org\\\/wp-content\\\/uploads\\\/Logo-petit-150x150.jpg\",\"contentUrl\":\"https:\\\/\\\/www.acotv.org\\\/wp-content\\\/uploads\\\/Logo-petit-150x150.jpg\",\"caption\":\"ACOTV\"},\"url\":\"https:\\\/\\\/www.acotv.org\\\/es\\\/author\\\/acotv\\\/\"}]}<\/script>\n<!-- \/ Yoast SEO plugin. -->","yoast_head_json":{"title":"\u00a1Gracias por confiar en nosotros! - Asociaci\u00f3n Catalana de Optometr\u00eda y Terapia Visual","robots":{"index":"index","follow":"follow","max-snippet":"max-snippet:-1","max-image-preview":"max-image-preview:large","max-video-preview":"max-video-preview:-1"},"canonical":"https:\/\/www.acotv.org\/es\/gracies-per-confiar-amb-nosaltres\/","og_locale":"es_ES","og_type":"article","og_title":"\u00a1Gracias por confiar en nosotros! - Asociaci\u00f3n Catalana de Optometr\u00eda y Terapia Visual","og_description":"Un peque\u00f1o homenaje a nuestros\u00a0grandes h\u00e9roes, todos los ni\u00f1os y ni\u00f1as que estos d\u00edas desde casa nos acompa\u00f1an y nos regalan su sonrisa.","og_url":"https:\/\/www.acotv.org\/es\/gracies-per-confiar-amb-nosaltres\/","og_site_name":"Asociaci\u00f3n Catalana de Optometr\u00eda y Terapia Visual","article_published_time":"2020-03-27T16:47:00+00:00","article_modified_time":"2022-09-06T16:10:46+00:00","og_image":[{"width":700,"height":662,"url":"https:\/\/www.acotv.org\/wp-content\/uploads\/Joana270320.jpg","type":"image\/jpeg"}],"author":"ACOTV","twitter_card":"summary_large_image","twitter_misc":{"Escrito por":"ACOTV","Tiempo de lectura":"2 minutos"},"schema":{"@context":"https:\/\/schema.org","@graph":[{"@type":"Article","@id":"https:\/\/www.acotv.org\/es\/gracies-per-confiar-amb-nosaltres\/#article","isPartOf":{"@id":"https:\/\/www.acotv.org\/es\/gracies-per-confiar-amb-nosaltres\/"},"author":{"name":"ACOTV","@id":"https:\/\/www.acotv.org\/ca\/#\/schema\/person\/0de470fec1dbf9785a7343042d765744"},"headline":"\u00a1Gracias por confiar en nosotros!","datePublished":"2020-03-27T16:47:00+00:00","dateModified":"2022-09-06T16:10:46+00:00","mainEntityOfPage":{"@id":"https:\/\/www.acotv.org\/es\/gracies-per-confiar-amb-nosaltres\/"},"wordCount":286,"commentCount":0,"image":{"@id":"https:\/\/www.acotv.org\/es\/gracies-per-confiar-amb-nosaltres\/#primaryimage"},"thumbnailUrl":"https:\/\/www.acotv.org\/wp-content\/uploads\/Joana270320.jpg","keywords":["Profesionales"],"articleSection":["Noticias"],"inLanguage":"es","potentialAction":[{"@type":"CommentAction","name":"Comment","target":["https:\/\/www.acotv.org\/es\/gracies-per-confiar-amb-nosaltres\/#respond"]}]},{"@type":"WebPage","@id":"https:\/\/www.acotv.org\/es\/gracies-per-confiar-amb-nosaltres\/","url":"https:\/\/www.acotv.org\/es\/gracies-per-confiar-amb-nosaltres\/","name":"\u00a1Gracias por confiar en nosotros! - Asociaci\u00f3n Catalana de Optometr\u00eda y Terapia Visual","isPartOf":{"@id":"https:\/\/www.acotv.org\/ca\/#website"},"primaryImageOfPage":{"@id":"https:\/\/www.acotv.org\/es\/gracies-per-confiar-amb-nosaltres\/#primaryimage"},"image":{"@id":"https:\/\/www.acotv.org\/es\/gracies-per-confiar-amb-nosaltres\/#primaryimage"},"thumbnailUrl":"https:\/\/www.acotv.org\/wp-content\/uploads\/Joana270320.jpg","datePublished":"2020-03-27T16:47:00+00:00","dateModified":"2022-09-06T16:10:46+00:00","author":{"@id":"https:\/\/www.acotv.org\/ca\/#\/schema\/person\/0de470fec1dbf9785a7343042d765744"},"breadcrumb":{"@id":"https:\/\/www.acotv.org\/es\/gracies-per-confiar-amb-nosaltres\/#breadcrumb"},"inLanguage":"es","potentialAction":[{"@type":"ReadAction","target":["https:\/\/www.acotv.org\/es\/gracies-per-confiar-amb-nosaltres\/"]}]},{"@type":"ImageObject","inLanguage":"es","@id":"https:\/\/www.acotv.org\/es\/gracies-per-confiar-amb-nosaltres\/#primaryimage","url":"https:\/\/www.acotv.org\/wp-content\/uploads\/Joana270320.jpg","contentUrl":"https:\/\/www.acotv.org\/wp-content\/uploads\/Joana270320.jpg","width":700,"height":662},{"@type":"BreadcrumbList","@id":"https:\/\/www.acotv.org\/es\/gracies-per-confiar-amb-nosaltres\/#breadcrumb","itemListElement":[{"@type":"ListItem","position":1,"name":"Portada","item":"https:\/\/www.acotv.org\/es\/"},{"@type":"ListItem","position":2,"name":"\u00a1Gracias por confiar en nosotros!"}]},{"@type":"WebSite","@id":"https:\/\/www.acotv.org\/ca\/#website","url":"https:\/\/www.acotv.org\/ca\/","name":"Asociaci\u00f3n Catalana de Optometr\u00eda y Terapia Visual","description":"","potentialAction":[{"@type":"SearchAction","target":{"@type":"EntryPoint","urlTemplate":"https:\/\/www.acotv.org\/ca\/?s={search_term_string}"},"query-input":{"@type":"PropertyValueSpecification","valueRequired":true,"valueName":"search_term_string"}}],"inLanguage":"es"},{"@type":"Person","@id":"https:\/\/www.acotv.org\/ca\/#\/schema\/person\/0de470fec1dbf9785a7343042d765744","name":"ACOTV","image":{"@type":"ImageObject","inLanguage":"es","@id":"https:\/\/www.acotv.org\/wp-content\/uploads\/Logo-petit-150x150.jpg","url":"https:\/\/www.acotv.org\/wp-content\/uploads\/Logo-petit-150x150.jpg","contentUrl":"https:\/\/www.acotv.org\/wp-content\/uploads\/Logo-petit-150x150.jpg","caption":"ACOTV"},"url":"https:\/\/www.acotv.org\/es\/author\/acotv\/"}]}},"_links":{"self":[{"href":"https:\/\/www.acotv.org\/es\/wp-json\/wp\/v2\/posts\/5660","targetHints":{"allow":["GET"]}}],"collection":[{"href":"https:\/\/www.acotv.org\/es\/wp-json\/wp\/v2\/posts"}],"about":[{"href":"https:\/\/www.acotv.org\/es\/wp-json\/wp\/v2\/types\/post"}],"author":[{"embeddable":true,"href":"https:\/\/www.acotv.org\/es\/wp-json\/wp\/v2\/users\/2"}],"replies":[{"embeddable":true,"href":"https:\/\/www.acotv.org\/es\/wp-json\/wp\/v2\/comments?post=5660"}],"version-history":[{"count":2,"href":"https:\/\/www.acotv.org\/es\/wp-json\/wp\/v2\/posts\/5660\/revisions"}],"predecessor-version":[{"id":5690,"href":"https:\/\/www.acotv.org\/es\/wp-json\/wp\/v2\/posts\/5660\/revisions\/5690"}],"wp:featuredmedia":[{"embeddable":true,"href":"https:\/\/www.acotv.org\/es\/wp-json\/wp\/v2\/media\/5658"}],"wp:attachment":[{"href":"https:\/\/www.acotv.org\/es\/wp-json\/wp\/v2\/media?parent=5660"}],"wp:term":[{"taxonomy":"category","embeddable":true,"href":"https:\/\/www.acotv.org\/es\/wp-json\/wp\/v2\/categories?post=5660"},{"taxonomy":"post_tag","embeddable":true,"href":"https:\/\/www.acotv.org\/es\/wp-json\/wp\/v2\/tags?post=5660"}],"curies":[{"name":"wp","href":"https:\/\/api.w.org\/{rel}","templated":true}]}}