{"id":5550,"date":"2020-06-25T10:38:00","date_gmt":"2020-06-25T08:38:00","guid":{"rendered":"https:\/\/www.acotv.org\/lacotv-als-mitjans-de-comunicacio\/"},"modified":"2022-09-06T11:10:29","modified_gmt":"2022-09-06T09:10:29","slug":"lacotv-als-mitjans-de-comunicacio","status":"publish","type":"post","link":"https:\/\/www.acotv.org\/es\/lacotv-als-mitjans-de-comunicacio\/","title":{"rendered":"La ACOTV en los medios de comunicaci\u00f3n"},"content":{"rendered":"\n<p class=\"wp-block-paragraph\"><strong><mark style=\"background-color:rgba(0, 0, 0, 0)\" class=\"has-inline-color has-vivid-cyan-blue-color\">Aumentan los problemas de visi\u00f3n durante el confinamiento<\/mark><\/strong><\/p>\n\n\n\n<p class=\"wp-block-paragraph\">El confinamiento deja a muchos ni\u00f1os y adultos con problemas de visi\u00f3n debido al aumento del tiempo de uso de los dispositivos digitales.<\/p>\n\n\n\n<p class=\"wp-block-paragraph\"><strong>Difusi\u00f3n en los medios<\/strong><\/p>\n\n\n\n<p class=\"wp-block-paragraph\">Hace unas semanas desde RTVE Catalu\u00f1a nos pidieron si pod\u00edan visitar uno de los centros optom\u00e9tricos de la ACOTV para ver c\u00f3mo trabajan los optometristas durante la reanudaci\u00f3n la actividad post Covid-19 y hacernos algunas preguntas. La optometrista Yolanda Vierb\u00fccher, miembro de la ACOTV y delegada por Barcelona, \u200b\u200brecib\u00eda as\u00ed, en nombre de la Asociaci\u00f3n a un equipo de reporteros de El Informativo de TVE Catalu\u00f1a que se interesaba sobre el posible aumento de los problemas de visi\u00f3n durante el confinamiento.<\/p>\n\n\n\n<p class=\"wp-block-paragraph\"><strong>Demasiadas horas entre pantallas<\/strong><\/p>\n\n\n\n<p class=\"wp-block-paragraph\">Debido al aumento del tiempo que ni\u00f1os y adultos han pasado expuestos de forma intensa en las pantallas, y en algunos casos en espacios reducidos sin luz natural o cerrados que no permiten el desarrollo adecuado de la visi\u00f3n de lejos, los optometristas nos comparten que se han doblado las consultas relacionadas con problemas de visi\u00f3n.<\/p>\n\n\n\n<p class=\"wp-block-paragraph\">Se constata una vez m\u00e1s que el uso abusivo de las pantallas provoca molestias que podr\u00edan corresponder al S\u00edndrome Visual Inform\u00e1tico (VSI) y que se manifiesta con la fatiga visual, sequedad de ojos, picor, visi\u00f3n borrosa, enrojecimiento de los ojos o visi\u00f3n doble. El uso desmedido de las nuevas tecnolog\u00edas implica someter la visi\u00f3n a una fuente de luz no natural y esto hace que pasados \u200b\u200bestos d\u00edas de sobreexposici\u00f3n se est\u00e9n detectando m\u00e1s problemas de graduaci\u00f3n visual que hab\u00edan pasado inadvertidos, como la miop\u00eda, hipermetrop\u00eda, astigmatismo o vista cansada.<\/p>\n\n\n\n<p class=\"wp-block-paragraph\">Es importante tener cuidado de la Salud Visual y visitar al optometrista para descartar posibles anomal\u00edas en nuestra visi\u00f3n.<\/p>\n\n\n\n<p class=\"wp-block-paragraph\"><a href=\"https:\/\/twitter.com\/i\/status\/1276135577558102019\" target=\"_blank\" rel=\"noreferrer noopener\">Ver el reportaje del Informatiuvo TVE Catalunya<\/a><\/p>\n\n\n\n<p class=\"wp-block-paragraph\">&nbsp;Es constata una vegada m\u00e9s que l&#8217;\u00fas abusiu de les pantalles provoca mol\u00e8sties que podrien correspondre a la S\u00edndrome Visual Inform\u00e0tic (VSI) i que es manifesta amb la fatiga visual, sequedat d&#8217;ulls, picor, visi\u00f3 borrosa, envermelliment dels ulls o visi\u00f3 doble.&nbsp;L&#8217;\u00fas desmesurat de les noves tecnologies implica sotmetre la visi\u00f3 a una font de llum no natural i aix\u00f2 fa que passats aquests dies de sobreexposici\u00f3 s&#8217;estiguin detectant m\u00e9s problemes de graduaci\u00f3 visual que havien passat inadvertits, com la miopia, hipermetropia, astigmatisme o vista cansada.<\/p>\n\n\n\n<p class=\"wp-block-paragraph\">\u00c9s important tenir cura de la Salut Visual i visitar a l&#8217;optometrista per descartar possibles anomalies en la nostra visi\u00f3.<\/p>\n\n\n\n<p class=\"wp-block-paragraph\"><\/p>\n","protected":false},"excerpt":{"rendered":"<p>El confinamiento deja a muchos ni\u00f1os y adultos con problemas de visi\u00f3n debido al aumento del tiempo de uso de los dispositivos digitales.<\/p>\n","protected":false},"author":2,"featured_media":5533,"comment_status":"open","ping_status":"open","sticky":false,"template":"","format":"standard","meta":{"ocean_front_end_style_editor":"no","ocean_post_layout":"","ocean_both_sidebars_style":"","ocean_both_sidebars_content_width":0,"ocean_both_sidebars_sidebars_width":0,"ocean_sidebar":"0","ocean_second_sidebar":"0","ocean_disable_margins":"enable","ocean_add_body_class":"","ocean_shortcode_before_top_bar":"","ocean_shortcode_after_top_bar":"","ocean_shortcode_before_header":"","ocean_shortcode_after_header":"","ocean_has_shortcode":"","ocean_shortcode_after_title":"","ocean_shortcode_before_footer_widgets":"","ocean_shortcode_after_footer_widgets":"","ocean_shortcode_before_footer_bottom":"","ocean_shortcode_after_footer_bottom":"","ocean_display_top_bar":"default","ocean_display_header":"default","ocean_header_style":"","ocean_center_header_left_menu":"0","ocean_custom_header_template":"0","ocean_custom_logo":0,"ocean_custom_retina_logo":0,"ocean_custom_logo_max_width":0,"ocean_custom_logo_tablet_max_width":0,"ocean_custom_logo_mobile_max_width":0,"ocean_custom_logo_max_height":0,"ocean_custom_logo_tablet_max_height":0,"ocean_custom_logo_mobile_max_height":0,"ocean_header_custom_menu":"0","ocean_menu_typo_font_family":"0","ocean_menu_typo_font_subset":"","ocean_menu_typo_font_size":0,"ocean_menu_typo_font_size_tablet":0,"ocean_menu_typo_font_size_mobile":0,"ocean_menu_typo_font_size_unit":"px","ocean_menu_typo_font_weight":"","ocean_menu_typo_font_weight_tablet":"","ocean_menu_typo_font_weight_mobile":"","ocean_menu_typo_transform":"","ocean_menu_typo_transform_tablet":"","ocean_menu_typo_transform_mobile":"","ocean_menu_typo_line_height":0,"ocean_menu_typo_line_height_tablet":0,"ocean_menu_typo_line_height_mobile":0,"ocean_menu_typo_line_height_unit":"","ocean_menu_typo_spacing":0,"ocean_menu_typo_spacing_tablet":0,"ocean_menu_typo_spacing_mobile":0,"ocean_menu_typo_spacing_unit":"","ocean_menu_link_color":"","ocean_menu_link_color_hover":"","ocean_menu_link_color_active":"","ocean_menu_link_background":"","ocean_menu_link_hover_background":"","ocean_menu_link_active_background":"","ocean_menu_social_links_bg":"","ocean_menu_social_hover_links_bg":"","ocean_menu_social_links_color":"","ocean_menu_social_hover_links_color":"","ocean_disable_title":"default","ocean_disable_heading":"default","ocean_post_title":"","ocean_post_subheading":"","ocean_post_title_style":"","ocean_post_title_background_color":"","ocean_post_title_background":0,"ocean_post_title_bg_image_position":"","ocean_post_title_bg_image_attachment":"","ocean_post_title_bg_image_repeat":"","ocean_post_title_bg_image_size":"","ocean_post_title_height":0,"ocean_post_title_bg_overlay":0.5,"ocean_post_title_bg_overlay_color":"","ocean_disable_breadcrumbs":"default","ocean_breadcrumbs_color":"","ocean_breadcrumbs_separator_color":"","ocean_breadcrumbs_links_color":"","ocean_breadcrumbs_links_hover_color":"","ocean_display_footer_widgets":"default","ocean_display_footer_bottom":"default","ocean_custom_footer_template":"0","ocean_post_oembed":"","ocean_post_self_hosted_media":"","ocean_post_video_embed":"","ocean_link_format":"","ocean_link_format_target":"self","ocean_quote_format":"","ocean_quote_format_link":"post","ocean_gallery_link_images":"off","ocean_gallery_id":[],"footnotes":""},"categories":[8],"tags":[53,234],"class_list":["post-5550","post","type-post","status-publish","format-standard","has-post-thumbnail","hentry","category-noticias","tag-saludvisual","tag-pantallas","entry","has-media"],"yoast_head":"<!-- This site is optimized with the Yoast SEO plugin v28.4 - https:\/\/yoast.com\/product\/yoast-seo-wordpress\/ -->\n<title>La ACOTV en los medios de comunicaci\u00f3n - Asociaci\u00f3n Catalana de Optometr\u00eda y Terapia Visual<\/title>\n<meta name=\"robots\" content=\"index, follow, max-snippet:-1, max-image-preview:large, max-video-preview:-1\" \/>\n<link rel=\"canonical\" href=\"https:\/\/www.acotv.org\/es\/lacotv-als-mitjans-de-comunicacio\/\" \/>\n<meta property=\"og:locale\" content=\"es_ES\" \/>\n<meta property=\"og:type\" content=\"article\" \/>\n<meta property=\"og:title\" content=\"La ACOTV en los medios de comunicaci\u00f3n - Asociaci\u00f3n Catalana de Optometr\u00eda y Terapia Visual\" \/>\n<meta property=\"og:description\" content=\"El confinamiento deja a muchos ni\u00f1os y adultos con problemas de visi\u00f3n debido al aumento del tiempo de uso de los dispositivos digitales.\" \/>\n<meta property=\"og:url\" content=\"https:\/\/www.acotv.org\/es\/lacotv-als-mitjans-de-comunicacio\/\" \/>\n<meta property=\"og:site_name\" content=\"Asociaci\u00f3n Catalana de Optometr\u00eda y Terapia Visual\" \/>\n<meta property=\"article:published_time\" content=\"2020-06-25T08:38:00+00:00\" \/>\n<meta property=\"article:modified_time\" content=\"2022-09-06T09:10:29+00:00\" \/>\n<meta property=\"og:image\" content=\"https:\/\/www.acotv.org\/wp-content\/uploads\/FotoRTVE250620.jpg\" \/>\n\t<meta property=\"og:image:width\" content=\"700\" \/>\n\t<meta property=\"og:image:height\" content=\"384\" \/>\n\t<meta property=\"og:image:type\" content=\"image\/jpeg\" \/>\n<meta name=\"author\" content=\"ACOTV\" \/>\n<meta name=\"twitter:card\" content=\"summary_large_image\" \/>\n<meta name=\"twitter:label1\" content=\"Escrito por\" \/>\n\t<meta name=\"twitter:data1\" content=\"ACOTV\" \/>\n\t<meta name=\"twitter:label2\" content=\"Tiempo de lectura\" \/>\n\t<meta name=\"twitter:data2\" content=\"2 minutos\" \/>\n<script type=\"application\/ld+json\" class=\"yoast-schema-graph\">{\"@context\":\"https:\\\/\\\/schema.org\",\"@graph\":[{\"@type\":\"Article\",\"@id\":\"https:\\\/\\\/www.acotv.org\\\/es\\\/lacotv-als-mitjans-de-comunicacio\\\/#article\",\"isPartOf\":{\"@id\":\"https:\\\/\\\/www.acotv.org\\\/es\\\/lacotv-als-mitjans-de-comunicacio\\\/\"},\"author\":{\"name\":\"ACOTV\",\"@id\":\"https:\\\/\\\/www.acotv.org\\\/ca\\\/#\\\/schema\\\/person\\\/0de470fec1dbf9785a7343042d765744\"},\"headline\":\"La ACOTV en los medios de comunicaci\u00f3n\",\"datePublished\":\"2020-06-25T08:38:00+00:00\",\"dateModified\":\"2022-09-06T09:10:29+00:00\",\"mainEntityOfPage\":{\"@id\":\"https:\\\/\\\/www.acotv.org\\\/es\\\/lacotv-als-mitjans-de-comunicacio\\\/\"},\"wordCount\":453,\"commentCount\":0,\"image\":{\"@id\":\"https:\\\/\\\/www.acotv.org\\\/es\\\/lacotv-als-mitjans-de-comunicacio\\\/#primaryimage\"},\"thumbnailUrl\":\"https:\\\/\\\/www.acotv.org\\\/wp-content\\\/uploads\\\/FotoRTVE250620.jpg\",\"keywords\":[\"#saludvisual\",\"pantallas\"],\"articleSection\":[\"Noticias\"],\"inLanguage\":\"es\",\"potentialAction\":[{\"@type\":\"CommentAction\",\"name\":\"Comment\",\"target\":[\"https:\\\/\\\/www.acotv.org\\\/es\\\/lacotv-als-mitjans-de-comunicacio\\\/#respond\"]}]},{\"@type\":\"WebPage\",\"@id\":\"https:\\\/\\\/www.acotv.org\\\/es\\\/lacotv-als-mitjans-de-comunicacio\\\/\",\"url\":\"https:\\\/\\\/www.acotv.org\\\/es\\\/lacotv-als-mitjans-de-comunicacio\\\/\",\"name\":\"La ACOTV en los medios de comunicaci\u00f3n - Asociaci\u00f3n Catalana de Optometr\u00eda y Terapia Visual\",\"isPartOf\":{\"@id\":\"https:\\\/\\\/www.acotv.org\\\/ca\\\/#website\"},\"primaryImageOfPage\":{\"@id\":\"https:\\\/\\\/www.acotv.org\\\/es\\\/lacotv-als-mitjans-de-comunicacio\\\/#primaryimage\"},\"image\":{\"@id\":\"https:\\\/\\\/www.acotv.org\\\/es\\\/lacotv-als-mitjans-de-comunicacio\\\/#primaryimage\"},\"thumbnailUrl\":\"https:\\\/\\\/www.acotv.org\\\/wp-content\\\/uploads\\\/FotoRTVE250620.jpg\",\"datePublished\":\"2020-06-25T08:38:00+00:00\",\"dateModified\":\"2022-09-06T09:10:29+00:00\",\"author\":{\"@id\":\"https:\\\/\\\/www.acotv.org\\\/ca\\\/#\\\/schema\\\/person\\\/0de470fec1dbf9785a7343042d765744\"},\"breadcrumb\":{\"@id\":\"https:\\\/\\\/www.acotv.org\\\/es\\\/lacotv-als-mitjans-de-comunicacio\\\/#breadcrumb\"},\"inLanguage\":\"es\",\"potentialAction\":[{\"@type\":\"ReadAction\",\"target\":[\"https:\\\/\\\/www.acotv.org\\\/es\\\/lacotv-als-mitjans-de-comunicacio\\\/\"]}]},{\"@type\":\"ImageObject\",\"inLanguage\":\"es\",\"@id\":\"https:\\\/\\\/www.acotv.org\\\/es\\\/lacotv-als-mitjans-de-comunicacio\\\/#primaryimage\",\"url\":\"https:\\\/\\\/www.acotv.org\\\/wp-content\\\/uploads\\\/FotoRTVE250620.jpg\",\"contentUrl\":\"https:\\\/\\\/www.acotv.org\\\/wp-content\\\/uploads\\\/FotoRTVE250620.jpg\",\"width\":700,\"height\":384},{\"@type\":\"BreadcrumbList\",\"@id\":\"https:\\\/\\\/www.acotv.org\\\/es\\\/lacotv-als-mitjans-de-comunicacio\\\/#breadcrumb\",\"itemListElement\":[{\"@type\":\"ListItem\",\"position\":1,\"name\":\"Portada\",\"item\":\"https:\\\/\\\/www.acotv.org\\\/es\\\/\"},{\"@type\":\"ListItem\",\"position\":2,\"name\":\"La ACOTV en los medios de comunicaci\u00f3n\"}]},{\"@type\":\"WebSite\",\"@id\":\"https:\\\/\\\/www.acotv.org\\\/ca\\\/#website\",\"url\":\"https:\\\/\\\/www.acotv.org\\\/ca\\\/\",\"name\":\"Asociaci\u00f3n Catalana de Optometr\u00eda y Terapia Visual\",\"description\":\"\",\"potentialAction\":[{\"@type\":\"SearchAction\",\"target\":{\"@type\":\"EntryPoint\",\"urlTemplate\":\"https:\\\/\\\/www.acotv.org\\\/ca\\\/?s={search_term_string}\"},\"query-input\":{\"@type\":\"PropertyValueSpecification\",\"valueRequired\":true,\"valueName\":\"search_term_string\"}}],\"inLanguage\":\"es\"},{\"@type\":\"Person\",\"@id\":\"https:\\\/\\\/www.acotv.org\\\/ca\\\/#\\\/schema\\\/person\\\/0de470fec1dbf9785a7343042d765744\",\"name\":\"ACOTV\",\"image\":{\"@type\":\"ImageObject\",\"inLanguage\":\"es\",\"@id\":\"https:\\\/\\\/www.acotv.org\\\/wp-content\\\/uploads\\\/Logo-petit-150x150.jpg\",\"url\":\"https:\\\/\\\/www.acotv.org\\\/wp-content\\\/uploads\\\/Logo-petit-150x150.jpg\",\"contentUrl\":\"https:\\\/\\\/www.acotv.org\\\/wp-content\\\/uploads\\\/Logo-petit-150x150.jpg\",\"caption\":\"ACOTV\"},\"url\":\"https:\\\/\\\/www.acotv.org\\\/es\\\/author\\\/acotv\\\/\"}]}<\/script>\n<!-- \/ Yoast SEO plugin. -->","yoast_head_json":{"title":"La ACOTV en los medios de comunicaci\u00f3n - Asociaci\u00f3n Catalana de Optometr\u00eda y Terapia Visual","robots":{"index":"index","follow":"follow","max-snippet":"max-snippet:-1","max-image-preview":"max-image-preview:large","max-video-preview":"max-video-preview:-1"},"canonical":"https:\/\/www.acotv.org\/es\/lacotv-als-mitjans-de-comunicacio\/","og_locale":"es_ES","og_type":"article","og_title":"La ACOTV en los medios de comunicaci\u00f3n - Asociaci\u00f3n Catalana de Optometr\u00eda y Terapia Visual","og_description":"El confinamiento deja a muchos ni\u00f1os y adultos con problemas de visi\u00f3n debido al aumento del tiempo de uso de los dispositivos digitales.","og_url":"https:\/\/www.acotv.org\/es\/lacotv-als-mitjans-de-comunicacio\/","og_site_name":"Asociaci\u00f3n Catalana de Optometr\u00eda y Terapia Visual","article_published_time":"2020-06-25T08:38:00+00:00","article_modified_time":"2022-09-06T09:10:29+00:00","og_image":[{"width":700,"height":384,"url":"https:\/\/www.acotv.org\/wp-content\/uploads\/FotoRTVE250620.jpg","type":"image\/jpeg"}],"author":"ACOTV","twitter_card":"summary_large_image","twitter_misc":{"Escrito por":"ACOTV","Tiempo de lectura":"2 minutos"},"schema":{"@context":"https:\/\/schema.org","@graph":[{"@type":"Article","@id":"https:\/\/www.acotv.org\/es\/lacotv-als-mitjans-de-comunicacio\/#article","isPartOf":{"@id":"https:\/\/www.acotv.org\/es\/lacotv-als-mitjans-de-comunicacio\/"},"author":{"name":"ACOTV","@id":"https:\/\/www.acotv.org\/ca\/#\/schema\/person\/0de470fec1dbf9785a7343042d765744"},"headline":"La ACOTV en los medios de comunicaci\u00f3n","datePublished":"2020-06-25T08:38:00+00:00","dateModified":"2022-09-06T09:10:29+00:00","mainEntityOfPage":{"@id":"https:\/\/www.acotv.org\/es\/lacotv-als-mitjans-de-comunicacio\/"},"wordCount":453,"commentCount":0,"image":{"@id":"https:\/\/www.acotv.org\/es\/lacotv-als-mitjans-de-comunicacio\/#primaryimage"},"thumbnailUrl":"https:\/\/www.acotv.org\/wp-content\/uploads\/FotoRTVE250620.jpg","keywords":["#saludvisual","pantallas"],"articleSection":["Noticias"],"inLanguage":"es","potentialAction":[{"@type":"CommentAction","name":"Comment","target":["https:\/\/www.acotv.org\/es\/lacotv-als-mitjans-de-comunicacio\/#respond"]}]},{"@type":"WebPage","@id":"https:\/\/www.acotv.org\/es\/lacotv-als-mitjans-de-comunicacio\/","url":"https:\/\/www.acotv.org\/es\/lacotv-als-mitjans-de-comunicacio\/","name":"La ACOTV en los medios de comunicaci\u00f3n - Asociaci\u00f3n Catalana de Optometr\u00eda y Terapia Visual","isPartOf":{"@id":"https:\/\/www.acotv.org\/ca\/#website"},"primaryImageOfPage":{"@id":"https:\/\/www.acotv.org\/es\/lacotv-als-mitjans-de-comunicacio\/#primaryimage"},"image":{"@id":"https:\/\/www.acotv.org\/es\/lacotv-als-mitjans-de-comunicacio\/#primaryimage"},"thumbnailUrl":"https:\/\/www.acotv.org\/wp-content\/uploads\/FotoRTVE250620.jpg","datePublished":"2020-06-25T08:38:00+00:00","dateModified":"2022-09-06T09:10:29+00:00","author":{"@id":"https:\/\/www.acotv.org\/ca\/#\/schema\/person\/0de470fec1dbf9785a7343042d765744"},"breadcrumb":{"@id":"https:\/\/www.acotv.org\/es\/lacotv-als-mitjans-de-comunicacio\/#breadcrumb"},"inLanguage":"es","potentialAction":[{"@type":"ReadAction","target":["https:\/\/www.acotv.org\/es\/lacotv-als-mitjans-de-comunicacio\/"]}]},{"@type":"ImageObject","inLanguage":"es","@id":"https:\/\/www.acotv.org\/es\/lacotv-als-mitjans-de-comunicacio\/#primaryimage","url":"https:\/\/www.acotv.org\/wp-content\/uploads\/FotoRTVE250620.jpg","contentUrl":"https:\/\/www.acotv.org\/wp-content\/uploads\/FotoRTVE250620.jpg","width":700,"height":384},{"@type":"BreadcrumbList","@id":"https:\/\/www.acotv.org\/es\/lacotv-als-mitjans-de-comunicacio\/#breadcrumb","itemListElement":[{"@type":"ListItem","position":1,"name":"Portada","item":"https:\/\/www.acotv.org\/es\/"},{"@type":"ListItem","position":2,"name":"La ACOTV en los medios de comunicaci\u00f3n"}]},{"@type":"WebSite","@id":"https:\/\/www.acotv.org\/ca\/#website","url":"https:\/\/www.acotv.org\/ca\/","name":"Asociaci\u00f3n Catalana de Optometr\u00eda y Terapia Visual","description":"","potentialAction":[{"@type":"SearchAction","target":{"@type":"EntryPoint","urlTemplate":"https:\/\/www.acotv.org\/ca\/?s={search_term_string}"},"query-input":{"@type":"PropertyValueSpecification","valueRequired":true,"valueName":"search_term_string"}}],"inLanguage":"es"},{"@type":"Person","@id":"https:\/\/www.acotv.org\/ca\/#\/schema\/person\/0de470fec1dbf9785a7343042d765744","name":"ACOTV","image":{"@type":"ImageObject","inLanguage":"es","@id":"https:\/\/www.acotv.org\/wp-content\/uploads\/Logo-petit-150x150.jpg","url":"https:\/\/www.acotv.org\/wp-content\/uploads\/Logo-petit-150x150.jpg","contentUrl":"https:\/\/www.acotv.org\/wp-content\/uploads\/Logo-petit-150x150.jpg","caption":"ACOTV"},"url":"https:\/\/www.acotv.org\/es\/author\/acotv\/"}]}},"_links":{"self":[{"href":"https:\/\/www.acotv.org\/es\/wp-json\/wp\/v2\/posts\/5550","targetHints":{"allow":["GET"]}}],"collection":[{"href":"https:\/\/www.acotv.org\/es\/wp-json\/wp\/v2\/posts"}],"about":[{"href":"https:\/\/www.acotv.org\/es\/wp-json\/wp\/v2\/types\/post"}],"author":[{"embeddable":true,"href":"https:\/\/www.acotv.org\/es\/wp-json\/wp\/v2\/users\/2"}],"replies":[{"embeddable":true,"href":"https:\/\/www.acotv.org\/es\/wp-json\/wp\/v2\/comments?post=5550"}],"version-history":[{"count":4,"href":"https:\/\/www.acotv.org\/es\/wp-json\/wp\/v2\/posts\/5550\/revisions"}],"predecessor-version":[{"id":5556,"href":"https:\/\/www.acotv.org\/es\/wp-json\/wp\/v2\/posts\/5550\/revisions\/5556"}],"wp:featuredmedia":[{"embeddable":true,"href":"https:\/\/www.acotv.org\/es\/wp-json\/wp\/v2\/media\/5533"}],"wp:attachment":[{"href":"https:\/\/www.acotv.org\/es\/wp-json\/wp\/v2\/media?parent=5550"}],"wp:term":[{"taxonomy":"category","embeddable":true,"href":"https:\/\/www.acotv.org\/es\/wp-json\/wp\/v2\/categories?post=5550"},{"taxonomy":"post_tag","embeddable":true,"href":"https:\/\/www.acotv.org\/es\/wp-json\/wp\/v2\/tags?post=5550"}],"curies":[{"name":"wp","href":"https:\/\/api.w.org\/{rel}","templated":true}]}}