{"id":5540,"date":"2020-06-19T10:43:00","date_gmt":"2020-06-19T08:43:00","guid":{"rendered":"https:\/\/www.acotv.org\/orientacio-professional\/"},"modified":"2022-09-06T11:11:49","modified_gmt":"2022-09-06T09:11:49","slug":"orientacio-professional","status":"publish","type":"post","link":"https:\/\/www.acotv.org\/es\/orientacio-professional\/","title":{"rendered":"Orientaci\u00f3n profesional"},"content":{"rendered":"\n<p class=\"wp-block-paragraph\"><strong><mark style=\"background-color:rgba(0, 0, 0, 0)\" class=\"has-inline-color has-vivid-cyan-blue-color\">Charla anual para alumnes de la FOOT<\/mark><\/strong><\/p>\n\n\n\n<p class=\"wp-block-paragraph\">Un a\u00f1o m\u00e1s la Facultad de \u00d3ptica y Optometr\u00eda de Terrassa (FOOT) presenta a los estudiantes de \u00faltimos cursos del grado las diferentes salidas profesionales en el \u00e1mbito de la optometr\u00eda.<\/p>\n\n\n\n<p class=\"wp-block-paragraph\"><strong>El \u00edndice de ocupaci\u00f3n de los graduados en \u00d3ptica y Optometr\u00eda es casi del 100%<\/strong><\/p>\n\n\n\n<p class=\"wp-block-paragraph\">Al terminar los estudios de grado, los titulados tienen los conocimientos y competencias necesarias para incorporarse al mercado laboral, que los acoge sin grandes dificultades al tratarse de una profesi\u00f3n actualmente con una demanda alta de profesionales.<\/p>\n\n\n\n<p class=\"wp-block-paragraph\">Los estudiantes de los \u00faltimos cursos se interesan por los diferentes \u00e1mbitos de especializaci\u00f3n para enfocar su carrera profesional. Sin embargo no siempre es f\u00e1cil elegir la especializaci\u00f3n, que es una decisi\u00f3n que tiende a definirse seg\u00fan las preferencias o las expectativas del futuro optometrista, y este tipo de charlas orientativas ocupan un papel importante en la orientaci\u00f3n de los estudiantes.<\/p>\n\n\n\n<p class=\"wp-block-paragraph\"><strong>Transmitir la pasi\u00f3n por lo que haces<\/strong><\/p>\n\n\n\n<p class=\"wp-block-paragraph\">Lal optometrista Montserrat Rif\u00e0 fue la encargada, el pasado 27 de mayo, de ofrecer la charla de este a\u00f1o sobre la Terapia Visual, una presentaci\u00f3n en l\u00ednea en la que transmiti\u00f3 de forma cercana la satisfacci\u00f3n de dedicarse a esta especializaci\u00f3n e hizo valer el buen trabajo que hacen el conjunto de optometristas especializados en terapia visual. La parte final de la presentaci\u00f3n se destin\u00f3 a presentar la ACOTV y&nbsp;<a href=\"http:\/\/www.siodec.org\/\">SIODEC&nbsp;<\/a>como las asociaciones referentes de la especialidad, y se compartieron sus actividades principales.<\/p>\n","protected":false},"excerpt":{"rendered":"<p>Un a\u00f1o m\u00e1s la Facultad de \u00d3ptica y Optometr\u00eda de Terrassa (FOOT) presenta a los estudiantes de \u00faltimos cursos del grado las diferentes salidas profesionales en el \u00e1mbito de la optometr\u00eda.<\/p>\n","protected":false},"author":2,"featured_media":5538,"comment_status":"open","ping_status":"open","sticky":false,"template":"","format":"standard","meta":{"ocean_front_end_style_editor":"no","ocean_post_layout":"","ocean_both_sidebars_style":"","ocean_both_sidebars_content_width":0,"ocean_both_sidebars_sidebars_width":0,"ocean_sidebar":"0","ocean_second_sidebar":"0","ocean_disable_margins":"enable","ocean_add_body_class":"","ocean_shortcode_before_top_bar":"","ocean_shortcode_after_top_bar":"","ocean_shortcode_before_header":"","ocean_shortcode_after_header":"","ocean_has_shortcode":"","ocean_shortcode_after_title":"","ocean_shortcode_before_footer_widgets":"","ocean_shortcode_after_footer_widgets":"","ocean_shortcode_before_footer_bottom":"","ocean_shortcode_after_footer_bottom":"","ocean_display_top_bar":"default","ocean_display_header":"default","ocean_header_style":"","ocean_center_header_left_menu":"0","ocean_custom_header_template":"0","ocean_custom_logo":0,"ocean_custom_retina_logo":0,"ocean_custom_logo_max_width":0,"ocean_custom_logo_tablet_max_width":0,"ocean_custom_logo_mobile_max_width":0,"ocean_custom_logo_max_height":0,"ocean_custom_logo_tablet_max_height":0,"ocean_custom_logo_mobile_max_height":0,"ocean_header_custom_menu":"0","ocean_menu_typo_font_family":"0","ocean_menu_typo_font_subset":"","ocean_menu_typo_font_size":0,"ocean_menu_typo_font_size_tablet":0,"ocean_menu_typo_font_size_mobile":0,"ocean_menu_typo_font_size_unit":"px","ocean_menu_typo_font_weight":"","ocean_menu_typo_font_weight_tablet":"","ocean_menu_typo_font_weight_mobile":"","ocean_menu_typo_transform":"","ocean_menu_typo_transform_tablet":"","ocean_menu_typo_transform_mobile":"","ocean_menu_typo_line_height":0,"ocean_menu_typo_line_height_tablet":0,"ocean_menu_typo_line_height_mobile":0,"ocean_menu_typo_line_height_unit":"","ocean_menu_typo_spacing":0,"ocean_menu_typo_spacing_tablet":0,"ocean_menu_typo_spacing_mobile":0,"ocean_menu_typo_spacing_unit":"","ocean_menu_link_color":"","ocean_menu_link_color_hover":"","ocean_menu_link_color_active":"","ocean_menu_link_background":"","ocean_menu_link_hover_background":"","ocean_menu_link_active_background":"","ocean_menu_social_links_bg":"","ocean_menu_social_hover_links_bg":"","ocean_menu_social_links_color":"","ocean_menu_social_hover_links_color":"","ocean_disable_title":"default","ocean_disable_heading":"default","ocean_post_title":"","ocean_post_subheading":"","ocean_post_title_style":"","ocean_post_title_background_color":"","ocean_post_title_background":0,"ocean_post_title_bg_image_position":"","ocean_post_title_bg_image_attachment":"","ocean_post_title_bg_image_repeat":"","ocean_post_title_bg_image_size":"","ocean_post_title_height":0,"ocean_post_title_bg_overlay":0.5,"ocean_post_title_bg_overlay_color":"","ocean_disable_breadcrumbs":"default","ocean_breadcrumbs_color":"","ocean_breadcrumbs_separator_color":"","ocean_breadcrumbs_links_color":"","ocean_breadcrumbs_links_hover_color":"","ocean_display_footer_widgets":"default","ocean_display_footer_bottom":"default","ocean_custom_footer_template":"0","ocean_post_oembed":"","ocean_post_self_hosted_media":"","ocean_post_video_embed":"","ocean_link_format":"","ocean_link_format_target":"self","ocean_quote_format":"","ocean_quote_format_link":"post","ocean_gallery_link_images":"off","ocean_gallery_id":[],"footnotes":""},"categories":[8],"tags":[60,194,61,195],"class_list":["post-5540","post","type-post","status-publish","format-standard","has-post-thumbnail","hentry","category-noticias","tag-optometria","tag-profesionales","tag-terapiavisual","tag-vision","entry","has-media"],"yoast_head":"<!-- This site is optimized with the Yoast SEO plugin v28.4 - https:\/\/yoast.com\/product\/yoast-seo-wordpress\/ -->\n<title>Orientaci\u00f3n profesional - Asociaci\u00f3n Catalana de Optometr\u00eda y Terapia Visual<\/title>\n<meta name=\"robots\" content=\"index, follow, max-snippet:-1, max-image-preview:large, max-video-preview:-1\" \/>\n<link rel=\"canonical\" href=\"https:\/\/www.acotv.org\/es\/orientacio-professional\/\" \/>\n<meta property=\"og:locale\" content=\"es_ES\" \/>\n<meta property=\"og:type\" content=\"article\" \/>\n<meta property=\"og:title\" content=\"Orientaci\u00f3n profesional - Asociaci\u00f3n Catalana de Optometr\u00eda y Terapia Visual\" \/>\n<meta property=\"og:description\" content=\"Un a\u00f1o m\u00e1s la Facultad de \u00d3ptica y Optometr\u00eda de Terrassa (FOOT) presenta a los estudiantes de \u00faltimos cursos del grado las diferentes salidas profesionales en el \u00e1mbito de la optometr\u00eda.\" \/>\n<meta property=\"og:url\" content=\"https:\/\/www.acotv.org\/es\/orientacio-professional\/\" \/>\n<meta property=\"og:site_name\" content=\"Asociaci\u00f3n Catalana de Optometr\u00eda y Terapia Visual\" \/>\n<meta property=\"article:published_time\" content=\"2020-06-19T08:43:00+00:00\" \/>\n<meta property=\"article:modified_time\" content=\"2022-09-06T09:11:49+00:00\" \/>\n<meta property=\"og:image\" content=\"https:\/\/www.acotv.org\/wp-content\/uploads\/OrientacioProf190620.jpg\" \/>\n\t<meta property=\"og:image:width\" content=\"700\" \/>\n\t<meta property=\"og:image:height\" content=\"329\" \/>\n\t<meta property=\"og:image:type\" content=\"image\/jpeg\" \/>\n<meta name=\"author\" content=\"ACOTV\" \/>\n<meta name=\"twitter:card\" content=\"summary_large_image\" \/>\n<meta name=\"twitter:label1\" content=\"Escrito por\" \/>\n\t<meta name=\"twitter:data1\" content=\"ACOTV\" \/>\n\t<meta name=\"twitter:label2\" content=\"Tiempo de lectura\" \/>\n\t<meta name=\"twitter:data2\" content=\"2 minutos\" \/>\n<script type=\"application\/ld+json\" class=\"yoast-schema-graph\">{\"@context\":\"https:\\\/\\\/schema.org\",\"@graph\":[{\"@type\":\"Article\",\"@id\":\"https:\\\/\\\/www.acotv.org\\\/es\\\/orientacio-professional\\\/#article\",\"isPartOf\":{\"@id\":\"https:\\\/\\\/www.acotv.org\\\/es\\\/orientacio-professional\\\/\"},\"author\":{\"name\":\"ACOTV\",\"@id\":\"https:\\\/\\\/www.acotv.org\\\/ca\\\/#\\\/schema\\\/person\\\/0de470fec1dbf9785a7343042d765744\"},\"headline\":\"Orientaci\u00f3n profesional\",\"datePublished\":\"2020-06-19T08:43:00+00:00\",\"dateModified\":\"2022-09-06T09:11:49+00:00\",\"mainEntityOfPage\":{\"@id\":\"https:\\\/\\\/www.acotv.org\\\/es\\\/orientacio-professional\\\/\"},\"wordCount\":265,\"commentCount\":0,\"image\":{\"@id\":\"https:\\\/\\\/www.acotv.org\\\/es\\\/orientacio-professional\\\/#primaryimage\"},\"thumbnailUrl\":\"https:\\\/\\\/www.acotv.org\\\/wp-content\\\/uploads\\\/OrientacioProf190620.jpg\",\"keywords\":[\"Optometria\",\"Profesionales\",\"TerapiaVisual\",\"Visi\u00f3n\"],\"articleSection\":[\"Noticias\"],\"inLanguage\":\"es\",\"potentialAction\":[{\"@type\":\"CommentAction\",\"name\":\"Comment\",\"target\":[\"https:\\\/\\\/www.acotv.org\\\/es\\\/orientacio-professional\\\/#respond\"]}]},{\"@type\":\"WebPage\",\"@id\":\"https:\\\/\\\/www.acotv.org\\\/es\\\/orientacio-professional\\\/\",\"url\":\"https:\\\/\\\/www.acotv.org\\\/es\\\/orientacio-professional\\\/\",\"name\":\"Orientaci\u00f3n profesional - Asociaci\u00f3n Catalana de Optometr\u00eda y Terapia Visual\",\"isPartOf\":{\"@id\":\"https:\\\/\\\/www.acotv.org\\\/ca\\\/#website\"},\"primaryImageOfPage\":{\"@id\":\"https:\\\/\\\/www.acotv.org\\\/es\\\/orientacio-professional\\\/#primaryimage\"},\"image\":{\"@id\":\"https:\\\/\\\/www.acotv.org\\\/es\\\/orientacio-professional\\\/#primaryimage\"},\"thumbnailUrl\":\"https:\\\/\\\/www.acotv.org\\\/wp-content\\\/uploads\\\/OrientacioProf190620.jpg\",\"datePublished\":\"2020-06-19T08:43:00+00:00\",\"dateModified\":\"2022-09-06T09:11:49+00:00\",\"author\":{\"@id\":\"https:\\\/\\\/www.acotv.org\\\/ca\\\/#\\\/schema\\\/person\\\/0de470fec1dbf9785a7343042d765744\"},\"breadcrumb\":{\"@id\":\"https:\\\/\\\/www.acotv.org\\\/es\\\/orientacio-professional\\\/#breadcrumb\"},\"inLanguage\":\"es\",\"potentialAction\":[{\"@type\":\"ReadAction\",\"target\":[\"https:\\\/\\\/www.acotv.org\\\/es\\\/orientacio-professional\\\/\"]}]},{\"@type\":\"ImageObject\",\"inLanguage\":\"es\",\"@id\":\"https:\\\/\\\/www.acotv.org\\\/es\\\/orientacio-professional\\\/#primaryimage\",\"url\":\"https:\\\/\\\/www.acotv.org\\\/wp-content\\\/uploads\\\/OrientacioProf190620.jpg\",\"contentUrl\":\"https:\\\/\\\/www.acotv.org\\\/wp-content\\\/uploads\\\/OrientacioProf190620.jpg\",\"width\":700,\"height\":329},{\"@type\":\"BreadcrumbList\",\"@id\":\"https:\\\/\\\/www.acotv.org\\\/es\\\/orientacio-professional\\\/#breadcrumb\",\"itemListElement\":[{\"@type\":\"ListItem\",\"position\":1,\"name\":\"Portada\",\"item\":\"https:\\\/\\\/www.acotv.org\\\/es\\\/\"},{\"@type\":\"ListItem\",\"position\":2,\"name\":\"Orientaci\u00f3n profesional\"}]},{\"@type\":\"WebSite\",\"@id\":\"https:\\\/\\\/www.acotv.org\\\/ca\\\/#website\",\"url\":\"https:\\\/\\\/www.acotv.org\\\/ca\\\/\",\"name\":\"Asociaci\u00f3n Catalana de Optometr\u00eda y Terapia Visual\",\"description\":\"\",\"potentialAction\":[{\"@type\":\"SearchAction\",\"target\":{\"@type\":\"EntryPoint\",\"urlTemplate\":\"https:\\\/\\\/www.acotv.org\\\/ca\\\/?s={search_term_string}\"},\"query-input\":{\"@type\":\"PropertyValueSpecification\",\"valueRequired\":true,\"valueName\":\"search_term_string\"}}],\"inLanguage\":\"es\"},{\"@type\":\"Person\",\"@id\":\"https:\\\/\\\/www.acotv.org\\\/ca\\\/#\\\/schema\\\/person\\\/0de470fec1dbf9785a7343042d765744\",\"name\":\"ACOTV\",\"image\":{\"@type\":\"ImageObject\",\"inLanguage\":\"es\",\"@id\":\"https:\\\/\\\/www.acotv.org\\\/wp-content\\\/uploads\\\/Logo-petit-150x150.jpg\",\"url\":\"https:\\\/\\\/www.acotv.org\\\/wp-content\\\/uploads\\\/Logo-petit-150x150.jpg\",\"contentUrl\":\"https:\\\/\\\/www.acotv.org\\\/wp-content\\\/uploads\\\/Logo-petit-150x150.jpg\",\"caption\":\"ACOTV\"},\"url\":\"https:\\\/\\\/www.acotv.org\\\/es\\\/author\\\/acotv\\\/\"}]}<\/script>\n<!-- \/ Yoast SEO plugin. -->","yoast_head_json":{"title":"Orientaci\u00f3n profesional - Asociaci\u00f3n Catalana de Optometr\u00eda y Terapia Visual","robots":{"index":"index","follow":"follow","max-snippet":"max-snippet:-1","max-image-preview":"max-image-preview:large","max-video-preview":"max-video-preview:-1"},"canonical":"https:\/\/www.acotv.org\/es\/orientacio-professional\/","og_locale":"es_ES","og_type":"article","og_title":"Orientaci\u00f3n profesional - Asociaci\u00f3n Catalana de Optometr\u00eda y Terapia Visual","og_description":"Un a\u00f1o m\u00e1s la Facultad de \u00d3ptica y Optometr\u00eda de Terrassa (FOOT) presenta a los estudiantes de \u00faltimos cursos del grado las diferentes salidas profesionales en el \u00e1mbito de la optometr\u00eda.","og_url":"https:\/\/www.acotv.org\/es\/orientacio-professional\/","og_site_name":"Asociaci\u00f3n Catalana de Optometr\u00eda y Terapia Visual","article_published_time":"2020-06-19T08:43:00+00:00","article_modified_time":"2022-09-06T09:11:49+00:00","og_image":[{"width":700,"height":329,"url":"https:\/\/www.acotv.org\/wp-content\/uploads\/OrientacioProf190620.jpg","type":"image\/jpeg"}],"author":"ACOTV","twitter_card":"summary_large_image","twitter_misc":{"Escrito por":"ACOTV","Tiempo de lectura":"2 minutos"},"schema":{"@context":"https:\/\/schema.org","@graph":[{"@type":"Article","@id":"https:\/\/www.acotv.org\/es\/orientacio-professional\/#article","isPartOf":{"@id":"https:\/\/www.acotv.org\/es\/orientacio-professional\/"},"author":{"name":"ACOTV","@id":"https:\/\/www.acotv.org\/ca\/#\/schema\/person\/0de470fec1dbf9785a7343042d765744"},"headline":"Orientaci\u00f3n profesional","datePublished":"2020-06-19T08:43:00+00:00","dateModified":"2022-09-06T09:11:49+00:00","mainEntityOfPage":{"@id":"https:\/\/www.acotv.org\/es\/orientacio-professional\/"},"wordCount":265,"commentCount":0,"image":{"@id":"https:\/\/www.acotv.org\/es\/orientacio-professional\/#primaryimage"},"thumbnailUrl":"https:\/\/www.acotv.org\/wp-content\/uploads\/OrientacioProf190620.jpg","keywords":["Optometria","Profesionales","TerapiaVisual","Visi\u00f3n"],"articleSection":["Noticias"],"inLanguage":"es","potentialAction":[{"@type":"CommentAction","name":"Comment","target":["https:\/\/www.acotv.org\/es\/orientacio-professional\/#respond"]}]},{"@type":"WebPage","@id":"https:\/\/www.acotv.org\/es\/orientacio-professional\/","url":"https:\/\/www.acotv.org\/es\/orientacio-professional\/","name":"Orientaci\u00f3n profesional - Asociaci\u00f3n Catalana de Optometr\u00eda y Terapia Visual","isPartOf":{"@id":"https:\/\/www.acotv.org\/ca\/#website"},"primaryImageOfPage":{"@id":"https:\/\/www.acotv.org\/es\/orientacio-professional\/#primaryimage"},"image":{"@id":"https:\/\/www.acotv.org\/es\/orientacio-professional\/#primaryimage"},"thumbnailUrl":"https:\/\/www.acotv.org\/wp-content\/uploads\/OrientacioProf190620.jpg","datePublished":"2020-06-19T08:43:00+00:00","dateModified":"2022-09-06T09:11:49+00:00","author":{"@id":"https:\/\/www.acotv.org\/ca\/#\/schema\/person\/0de470fec1dbf9785a7343042d765744"},"breadcrumb":{"@id":"https:\/\/www.acotv.org\/es\/orientacio-professional\/#breadcrumb"},"inLanguage":"es","potentialAction":[{"@type":"ReadAction","target":["https:\/\/www.acotv.org\/es\/orientacio-professional\/"]}]},{"@type":"ImageObject","inLanguage":"es","@id":"https:\/\/www.acotv.org\/es\/orientacio-professional\/#primaryimage","url":"https:\/\/www.acotv.org\/wp-content\/uploads\/OrientacioProf190620.jpg","contentUrl":"https:\/\/www.acotv.org\/wp-content\/uploads\/OrientacioProf190620.jpg","width":700,"height":329},{"@type":"BreadcrumbList","@id":"https:\/\/www.acotv.org\/es\/orientacio-professional\/#breadcrumb","itemListElement":[{"@type":"ListItem","position":1,"name":"Portada","item":"https:\/\/www.acotv.org\/es\/"},{"@type":"ListItem","position":2,"name":"Orientaci\u00f3n profesional"}]},{"@type":"WebSite","@id":"https:\/\/www.acotv.org\/ca\/#website","url":"https:\/\/www.acotv.org\/ca\/","name":"Asociaci\u00f3n Catalana de Optometr\u00eda y Terapia Visual","description":"","potentialAction":[{"@type":"SearchAction","target":{"@type":"EntryPoint","urlTemplate":"https:\/\/www.acotv.org\/ca\/?s={search_term_string}"},"query-input":{"@type":"PropertyValueSpecification","valueRequired":true,"valueName":"search_term_string"}}],"inLanguage":"es"},{"@type":"Person","@id":"https:\/\/www.acotv.org\/ca\/#\/schema\/person\/0de470fec1dbf9785a7343042d765744","name":"ACOTV","image":{"@type":"ImageObject","inLanguage":"es","@id":"https:\/\/www.acotv.org\/wp-content\/uploads\/Logo-petit-150x150.jpg","url":"https:\/\/www.acotv.org\/wp-content\/uploads\/Logo-petit-150x150.jpg","contentUrl":"https:\/\/www.acotv.org\/wp-content\/uploads\/Logo-petit-150x150.jpg","caption":"ACOTV"},"url":"https:\/\/www.acotv.org\/es\/author\/acotv\/"}]}},"_links":{"self":[{"href":"https:\/\/www.acotv.org\/es\/wp-json\/wp\/v2\/posts\/5540","targetHints":{"allow":["GET"]}}],"collection":[{"href":"https:\/\/www.acotv.org\/es\/wp-json\/wp\/v2\/posts"}],"about":[{"href":"https:\/\/www.acotv.org\/es\/wp-json\/wp\/v2\/types\/post"}],"author":[{"embeddable":true,"href":"https:\/\/www.acotv.org\/es\/wp-json\/wp\/v2\/users\/2"}],"replies":[{"embeddable":true,"href":"https:\/\/www.acotv.org\/es\/wp-json\/wp\/v2\/comments?post=5540"}],"version-history":[{"count":3,"href":"https:\/\/www.acotv.org\/es\/wp-json\/wp\/v2\/posts\/5540\/revisions"}],"predecessor-version":[{"id":5557,"href":"https:\/\/www.acotv.org\/es\/wp-json\/wp\/v2\/posts\/5540\/revisions\/5557"}],"wp:featuredmedia":[{"embeddable":true,"href":"https:\/\/www.acotv.org\/es\/wp-json\/wp\/v2\/media\/5538"}],"wp:attachment":[{"href":"https:\/\/www.acotv.org\/es\/wp-json\/wp\/v2\/media?parent=5540"}],"wp:term":[{"taxonomy":"category","embeddable":true,"href":"https:\/\/www.acotv.org\/es\/wp-json\/wp\/v2\/categories?post=5540"},{"taxonomy":"post_tag","embeddable":true,"href":"https:\/\/www.acotv.org\/es\/wp-json\/wp\/v2\/tags?post=5540"}],"curies":[{"name":"wp","href":"https:\/\/api.w.org\/{rel}","templated":true}]}}