{"id":5471,"date":"2020-09-27T17:38:00","date_gmt":"2020-09-27T15:38:00","guid":{"rendered":"https:\/\/www.acotv.org\/recollim-per-ajudar\/"},"modified":"2022-09-06T10:21:10","modified_gmt":"2022-09-06T08:21:10","slug":"recogemos-para-ayudar","status":"publish","type":"post","link":"https:\/\/www.acotv.org\/es\/recogemos-para-ayudar\/","title":{"rendered":"Recojemos para ayudar"},"content":{"rendered":"\n<p class=\"wp-block-paragraph\"><strong><mark style=\"background-color:rgba(0, 0, 0, 0)\" class=\"has-inline-color has-vivid-cyan-blue-color\">Nueva acci\u00f3n de captaci\u00f3n de fondos\u00a0<\/mark><\/strong><\/p>\n\n\n\n<p class=\"wp-block-paragraph\">El pr\u00f3ximo diciembre de 2020 volveremos a abrir la recogida de donativos a trav\u00e9s de la loteria de Navidad para las acciones sociales destinadas a las personas con pocos recursos.<\/p>\n\n\n\n<p class=\"wp-block-paragraph\">Gracias a la colaboraci\u00f3n de los asociados y otros colaboradores de la asociaci\u00f3n, a trav\u00e9s de la repartici\u00f3n de los boletos del sorteo de la \u00abGrossa de Cap d&#8217;Any\u00bb recogemos un d<strong>onativo que se destina \u00edntegramente a Acci\u00f3n Social ACOTV.<\/strong><\/p>\n\n\n\n<p class=\"wp-block-paragraph\">Durante el 2018 fueron&nbsp;<strong>800 euros<\/strong>&nbsp;los que se obtuvieron y que se destinaron al Proyecto Social del CUV Miradas Solidarias del 2019, y los&nbsp;<strong>700 euros<\/strong>&nbsp;obtenidos del per\u00edodo 2019 se destinar\u00e1n este a\u00f1o a la misma causa.<\/p>\n\n\n\n<p class=\"wp-block-paragraph\">Para poder continuar con esta acci\u00f3n, que nos permite colaborar en proyectos de acci\u00f3n social que&nbsp;<strong>garanticen una atenci\u00f3n visual completa y mejorar las condiciones de visi\u00f3n y calidad de vida de personas en situaci\u00f3n de vulnerabilidad generando igualdad de oportunidades,<\/strong>&nbsp;cada a\u00f1o para estas fechas se realiza la reserva de 1.125 boletos.<\/p>\n\n\n\n<p class=\"wp-block-paragraph\">A partir de los pr\u00f3ximos meses se distribuir\u00e1n los n\u00fameros de este a\u00f1o en talonarios de 25 boletos que los socios voluntarios que lo deseen podr\u00e1n hacer llegar a su entorno m\u00e1s pr\u00f3ximo o ofrecer a pacientes y clientes (los boletos que no se hayan vendido dentro del plazo establecido se podr\u00e1n devolver). Tambi\u00e9n se pueden adquirir los boletos en cantidades menores de forma personal. Lo que es importante es que<strong>&nbsp;cuanto m\u00e1s repartimos m\u00e1s recogemos y mayor ser\u00e1 nuestra aportaci\u00f3n social.<\/strong><\/p>\n\n\n\n<p class=\"wp-block-paragraph\"><strong>\u00bfSeguimos recogiendo para ayudar?<\/strong><\/p>\n","protected":false},"excerpt":{"rendered":"<p>El pr\u00f2xim desembre del 2020 tornarem a obrir la recollida de donatius a trav\u00e9s de la Grossa de Cap d\u2019Any per a les accions socials destinades a les persones amb pocs recursos.<\/p>\n","protected":false},"author":2,"featured_media":5469,"comment_status":"open","ping_status":"open","sticky":false,"template":"","format":"standard","meta":{"ocean_front_end_style_editor":"no","ocean_post_layout":"","ocean_both_sidebars_style":"","ocean_both_sidebars_content_width":0,"ocean_both_sidebars_sidebars_width":0,"ocean_sidebar":"0","ocean_second_sidebar":"0","ocean_disable_margins":"enable","ocean_add_body_class":"","ocean_shortcode_before_top_bar":"","ocean_shortcode_after_top_bar":"","ocean_shortcode_before_header":"","ocean_shortcode_after_header":"","ocean_has_shortcode":"","ocean_shortcode_after_title":"","ocean_shortcode_before_footer_widgets":"","ocean_shortcode_after_footer_widgets":"","ocean_shortcode_before_footer_bottom":"","ocean_shortcode_after_footer_bottom":"","ocean_display_top_bar":"default","ocean_display_header":"default","ocean_header_style":"","ocean_center_header_left_menu":"0","ocean_custom_header_template":"0","ocean_custom_logo":0,"ocean_custom_retina_logo":0,"ocean_custom_logo_max_width":0,"ocean_custom_logo_tablet_max_width":0,"ocean_custom_logo_mobile_max_width":0,"ocean_custom_logo_max_height":0,"ocean_custom_logo_tablet_max_height":0,"ocean_custom_logo_mobile_max_height":0,"ocean_header_custom_menu":"0","ocean_menu_typo_font_family":"0","ocean_menu_typo_font_subset":"","ocean_menu_typo_font_size":0,"ocean_menu_typo_font_size_tablet":0,"ocean_menu_typo_font_size_mobile":0,"ocean_menu_typo_font_size_unit":"px","ocean_menu_typo_font_weight":"","ocean_menu_typo_font_weight_tablet":"","ocean_menu_typo_font_weight_mobile":"","ocean_menu_typo_transform":"","ocean_menu_typo_transform_tablet":"","ocean_menu_typo_transform_mobile":"","ocean_menu_typo_line_height":0,"ocean_menu_typo_line_height_tablet":0,"ocean_menu_typo_line_height_mobile":0,"ocean_menu_typo_line_height_unit":"","ocean_menu_typo_spacing":0,"ocean_menu_typo_spacing_tablet":0,"ocean_menu_typo_spacing_mobile":0,"ocean_menu_typo_spacing_unit":"","ocean_menu_link_color":"","ocean_menu_link_color_hover":"","ocean_menu_link_color_active":"","ocean_menu_link_background":"","ocean_menu_link_hover_background":"","ocean_menu_link_active_background":"","ocean_menu_social_links_bg":"","ocean_menu_social_hover_links_bg":"","ocean_menu_social_links_color":"","ocean_menu_social_hover_links_color":"","ocean_disable_title":"default","ocean_disable_heading":"default","ocean_post_title":"","ocean_post_subheading":"","ocean_post_title_style":"","ocean_post_title_background_color":"","ocean_post_title_background":0,"ocean_post_title_bg_image_position":"","ocean_post_title_bg_image_attachment":"","ocean_post_title_bg_image_repeat":"","ocean_post_title_bg_image_size":"","ocean_post_title_height":0,"ocean_post_title_bg_overlay":0.5,"ocean_post_title_bg_overlay_color":"","ocean_disable_breadcrumbs":"default","ocean_breadcrumbs_color":"","ocean_breadcrumbs_separator_color":"","ocean_breadcrumbs_links_color":"","ocean_breadcrumbs_links_hover_color":"","ocean_display_footer_widgets":"default","ocean_display_footer_bottom":"default","ocean_custom_footer_template":"0","ocean_post_oembed":"","ocean_post_self_hosted_media":"","ocean_post_video_embed":"","ocean_link_format":"","ocean_link_format_target":"self","ocean_quote_format":"","ocean_quote_format_link":"post","ocean_gallery_link_images":"off","ocean_gallery_id":[],"footnotes":""},"categories":[8],"tags":[53,220,224],"class_list":["post-5471","post","type-post","status-publish","format-standard","has-post-thumbnail","hentry","category-noticias","tag-saludvisual","tag-accionsocial","tag-miradessolidaries-es","entry","has-media"],"yoast_head":"<!-- This site is optimized with the Yoast SEO plugin v28.4 - https:\/\/yoast.com\/product\/yoast-seo-wordpress\/ -->\n<title>Recojemos para ayudar - Asociaci\u00f3n Catalana de Optometr\u00eda y Terapia Visual<\/title>\n<meta name=\"robots\" content=\"index, follow, max-snippet:-1, max-image-preview:large, max-video-preview:-1\" \/>\n<link rel=\"canonical\" href=\"https:\/\/www.acotv.org\/es\/recogemos-para-ayudar\/\" \/>\n<meta property=\"og:locale\" content=\"es_ES\" \/>\n<meta property=\"og:type\" content=\"article\" \/>\n<meta property=\"og:title\" content=\"Recojemos para ayudar - Asociaci\u00f3n Catalana de Optometr\u00eda y Terapia Visual\" \/>\n<meta property=\"og:description\" content=\"El pr\u00f2xim desembre del 2020 tornarem a obrir la recollida de donatius a trav\u00e9s de la Grossa de Cap d\u2019Any per a les accions socials destinades a les persones amb pocs recursos.\" \/>\n<meta property=\"og:url\" content=\"https:\/\/www.acotv.org\/es\/recogemos-para-ayudar\/\" \/>\n<meta property=\"og:site_name\" content=\"Asociaci\u00f3n Catalana de Optometr\u00eda y Terapia Visual\" \/>\n<meta property=\"article:published_time\" content=\"2020-09-27T15:38:00+00:00\" \/>\n<meta property=\"article:modified_time\" content=\"2022-09-06T08:21:10+00:00\" \/>\n<meta property=\"og:image\" content=\"https:\/\/www.acotv.org\/wp-content\/uploads\/CaptacioFons270920.jpg\" \/>\n\t<meta property=\"og:image:width\" content=\"700\" \/>\n\t<meta property=\"og:image:height\" content=\"466\" \/>\n\t<meta property=\"og:image:type\" content=\"image\/jpeg\" \/>\n<meta name=\"author\" content=\"ACOTV\" \/>\n<meta name=\"twitter:card\" content=\"summary_large_image\" \/>\n<meta name=\"twitter:label1\" content=\"Escrito por\" \/>\n\t<meta name=\"twitter:data1\" content=\"ACOTV\" \/>\n\t<meta name=\"twitter:label2\" content=\"Tiempo de lectura\" \/>\n\t<meta name=\"twitter:data2\" content=\"2 minutos\" \/>\n<script type=\"application\/ld+json\" class=\"yoast-schema-graph\">{\"@context\":\"https:\\\/\\\/schema.org\",\"@graph\":[{\"@type\":\"Article\",\"@id\":\"https:\\\/\\\/www.acotv.org\\\/es\\\/recogemos-para-ayudar\\\/#article\",\"isPartOf\":{\"@id\":\"https:\\\/\\\/www.acotv.org\\\/es\\\/recogemos-para-ayudar\\\/\"},\"author\":{\"name\":\"ACOTV\",\"@id\":\"https:\\\/\\\/www.acotv.org\\\/ca\\\/#\\\/schema\\\/person\\\/0de470fec1dbf9785a7343042d765744\"},\"headline\":\"Recojemos para ayudar\",\"datePublished\":\"2020-09-27T15:38:00+00:00\",\"dateModified\":\"2022-09-06T08:21:10+00:00\",\"mainEntityOfPage\":{\"@id\":\"https:\\\/\\\/www.acotv.org\\\/es\\\/recogemos-para-ayudar\\\/\"},\"wordCount\":287,\"commentCount\":0,\"image\":{\"@id\":\"https:\\\/\\\/www.acotv.org\\\/es\\\/recogemos-para-ayudar\\\/#primaryimage\"},\"thumbnailUrl\":\"https:\\\/\\\/www.acotv.org\\\/wp-content\\\/uploads\\\/CaptacioFons270920.jpg\",\"keywords\":[\"#saludvisual\",\"AccionSocial\",\"MiradesSolidaries\"],\"articleSection\":[\"Noticias\"],\"inLanguage\":\"es\",\"potentialAction\":[{\"@type\":\"CommentAction\",\"name\":\"Comment\",\"target\":[\"https:\\\/\\\/www.acotv.org\\\/es\\\/recogemos-para-ayudar\\\/#respond\"]}]},{\"@type\":\"WebPage\",\"@id\":\"https:\\\/\\\/www.acotv.org\\\/es\\\/recogemos-para-ayudar\\\/\",\"url\":\"https:\\\/\\\/www.acotv.org\\\/es\\\/recogemos-para-ayudar\\\/\",\"name\":\"Recojemos para ayudar - Asociaci\u00f3n Catalana de Optometr\u00eda y Terapia Visual\",\"isPartOf\":{\"@id\":\"https:\\\/\\\/www.acotv.org\\\/ca\\\/#website\"},\"primaryImageOfPage\":{\"@id\":\"https:\\\/\\\/www.acotv.org\\\/es\\\/recogemos-para-ayudar\\\/#primaryimage\"},\"image\":{\"@id\":\"https:\\\/\\\/www.acotv.org\\\/es\\\/recogemos-para-ayudar\\\/#primaryimage\"},\"thumbnailUrl\":\"https:\\\/\\\/www.acotv.org\\\/wp-content\\\/uploads\\\/CaptacioFons270920.jpg\",\"datePublished\":\"2020-09-27T15:38:00+00:00\",\"dateModified\":\"2022-09-06T08:21:10+00:00\",\"author\":{\"@id\":\"https:\\\/\\\/www.acotv.org\\\/ca\\\/#\\\/schema\\\/person\\\/0de470fec1dbf9785a7343042d765744\"},\"breadcrumb\":{\"@id\":\"https:\\\/\\\/www.acotv.org\\\/es\\\/recogemos-para-ayudar\\\/#breadcrumb\"},\"inLanguage\":\"es\",\"potentialAction\":[{\"@type\":\"ReadAction\",\"target\":[\"https:\\\/\\\/www.acotv.org\\\/es\\\/recogemos-para-ayudar\\\/\"]}]},{\"@type\":\"ImageObject\",\"inLanguage\":\"es\",\"@id\":\"https:\\\/\\\/www.acotv.org\\\/es\\\/recogemos-para-ayudar\\\/#primaryimage\",\"url\":\"https:\\\/\\\/www.acotv.org\\\/wp-content\\\/uploads\\\/CaptacioFons270920.jpg\",\"contentUrl\":\"https:\\\/\\\/www.acotv.org\\\/wp-content\\\/uploads\\\/CaptacioFons270920.jpg\",\"width\":700,\"height\":466},{\"@type\":\"BreadcrumbList\",\"@id\":\"https:\\\/\\\/www.acotv.org\\\/es\\\/recogemos-para-ayudar\\\/#breadcrumb\",\"itemListElement\":[{\"@type\":\"ListItem\",\"position\":1,\"name\":\"Portada\",\"item\":\"https:\\\/\\\/www.acotv.org\\\/es\\\/\"},{\"@type\":\"ListItem\",\"position\":2,\"name\":\"Recojemos para ayudar\"}]},{\"@type\":\"WebSite\",\"@id\":\"https:\\\/\\\/www.acotv.org\\\/ca\\\/#website\",\"url\":\"https:\\\/\\\/www.acotv.org\\\/ca\\\/\",\"name\":\"Asociaci\u00f3n Catalana de Optometr\u00eda y Terapia Visual\",\"description\":\"\",\"potentialAction\":[{\"@type\":\"SearchAction\",\"target\":{\"@type\":\"EntryPoint\",\"urlTemplate\":\"https:\\\/\\\/www.acotv.org\\\/ca\\\/?s={search_term_string}\"},\"query-input\":{\"@type\":\"PropertyValueSpecification\",\"valueRequired\":true,\"valueName\":\"search_term_string\"}}],\"inLanguage\":\"es\"},{\"@type\":\"Person\",\"@id\":\"https:\\\/\\\/www.acotv.org\\\/ca\\\/#\\\/schema\\\/person\\\/0de470fec1dbf9785a7343042d765744\",\"name\":\"ACOTV\",\"image\":{\"@type\":\"ImageObject\",\"inLanguage\":\"es\",\"@id\":\"https:\\\/\\\/www.acotv.org\\\/wp-content\\\/uploads\\\/Logo-petit-150x150.jpg\",\"url\":\"https:\\\/\\\/www.acotv.org\\\/wp-content\\\/uploads\\\/Logo-petit-150x150.jpg\",\"contentUrl\":\"https:\\\/\\\/www.acotv.org\\\/wp-content\\\/uploads\\\/Logo-petit-150x150.jpg\",\"caption\":\"ACOTV\"},\"url\":\"https:\\\/\\\/www.acotv.org\\\/es\\\/author\\\/acotv\\\/\"}]}<\/script>\n<!-- \/ Yoast SEO plugin. -->","yoast_head_json":{"title":"Recojemos para ayudar - Asociaci\u00f3n Catalana de Optometr\u00eda y Terapia Visual","robots":{"index":"index","follow":"follow","max-snippet":"max-snippet:-1","max-image-preview":"max-image-preview:large","max-video-preview":"max-video-preview:-1"},"canonical":"https:\/\/www.acotv.org\/es\/recogemos-para-ayudar\/","og_locale":"es_ES","og_type":"article","og_title":"Recojemos para ayudar - Asociaci\u00f3n Catalana de Optometr\u00eda y Terapia Visual","og_description":"El pr\u00f2xim desembre del 2020 tornarem a obrir la recollida de donatius a trav\u00e9s de la Grossa de Cap d\u2019Any per a les accions socials destinades a les persones amb pocs recursos.","og_url":"https:\/\/www.acotv.org\/es\/recogemos-para-ayudar\/","og_site_name":"Asociaci\u00f3n Catalana de Optometr\u00eda y Terapia Visual","article_published_time":"2020-09-27T15:38:00+00:00","article_modified_time":"2022-09-06T08:21:10+00:00","og_image":[{"width":700,"height":466,"url":"https:\/\/www.acotv.org\/wp-content\/uploads\/CaptacioFons270920.jpg","type":"image\/jpeg"}],"author":"ACOTV","twitter_card":"summary_large_image","twitter_misc":{"Escrito por":"ACOTV","Tiempo de lectura":"2 minutos"},"schema":{"@context":"https:\/\/schema.org","@graph":[{"@type":"Article","@id":"https:\/\/www.acotv.org\/es\/recogemos-para-ayudar\/#article","isPartOf":{"@id":"https:\/\/www.acotv.org\/es\/recogemos-para-ayudar\/"},"author":{"name":"ACOTV","@id":"https:\/\/www.acotv.org\/ca\/#\/schema\/person\/0de470fec1dbf9785a7343042d765744"},"headline":"Recojemos para ayudar","datePublished":"2020-09-27T15:38:00+00:00","dateModified":"2022-09-06T08:21:10+00:00","mainEntityOfPage":{"@id":"https:\/\/www.acotv.org\/es\/recogemos-para-ayudar\/"},"wordCount":287,"commentCount":0,"image":{"@id":"https:\/\/www.acotv.org\/es\/recogemos-para-ayudar\/#primaryimage"},"thumbnailUrl":"https:\/\/www.acotv.org\/wp-content\/uploads\/CaptacioFons270920.jpg","keywords":["#saludvisual","AccionSocial","MiradesSolidaries"],"articleSection":["Noticias"],"inLanguage":"es","potentialAction":[{"@type":"CommentAction","name":"Comment","target":["https:\/\/www.acotv.org\/es\/recogemos-para-ayudar\/#respond"]}]},{"@type":"WebPage","@id":"https:\/\/www.acotv.org\/es\/recogemos-para-ayudar\/","url":"https:\/\/www.acotv.org\/es\/recogemos-para-ayudar\/","name":"Recojemos para ayudar - Asociaci\u00f3n Catalana de Optometr\u00eda y Terapia Visual","isPartOf":{"@id":"https:\/\/www.acotv.org\/ca\/#website"},"primaryImageOfPage":{"@id":"https:\/\/www.acotv.org\/es\/recogemos-para-ayudar\/#primaryimage"},"image":{"@id":"https:\/\/www.acotv.org\/es\/recogemos-para-ayudar\/#primaryimage"},"thumbnailUrl":"https:\/\/www.acotv.org\/wp-content\/uploads\/CaptacioFons270920.jpg","datePublished":"2020-09-27T15:38:00+00:00","dateModified":"2022-09-06T08:21:10+00:00","author":{"@id":"https:\/\/www.acotv.org\/ca\/#\/schema\/person\/0de470fec1dbf9785a7343042d765744"},"breadcrumb":{"@id":"https:\/\/www.acotv.org\/es\/recogemos-para-ayudar\/#breadcrumb"},"inLanguage":"es","potentialAction":[{"@type":"ReadAction","target":["https:\/\/www.acotv.org\/es\/recogemos-para-ayudar\/"]}]},{"@type":"ImageObject","inLanguage":"es","@id":"https:\/\/www.acotv.org\/es\/recogemos-para-ayudar\/#primaryimage","url":"https:\/\/www.acotv.org\/wp-content\/uploads\/CaptacioFons270920.jpg","contentUrl":"https:\/\/www.acotv.org\/wp-content\/uploads\/CaptacioFons270920.jpg","width":700,"height":466},{"@type":"BreadcrumbList","@id":"https:\/\/www.acotv.org\/es\/recogemos-para-ayudar\/#breadcrumb","itemListElement":[{"@type":"ListItem","position":1,"name":"Portada","item":"https:\/\/www.acotv.org\/es\/"},{"@type":"ListItem","position":2,"name":"Recojemos para ayudar"}]},{"@type":"WebSite","@id":"https:\/\/www.acotv.org\/ca\/#website","url":"https:\/\/www.acotv.org\/ca\/","name":"Asociaci\u00f3n Catalana de Optometr\u00eda y Terapia Visual","description":"","potentialAction":[{"@type":"SearchAction","target":{"@type":"EntryPoint","urlTemplate":"https:\/\/www.acotv.org\/ca\/?s={search_term_string}"},"query-input":{"@type":"PropertyValueSpecification","valueRequired":true,"valueName":"search_term_string"}}],"inLanguage":"es"},{"@type":"Person","@id":"https:\/\/www.acotv.org\/ca\/#\/schema\/person\/0de470fec1dbf9785a7343042d765744","name":"ACOTV","image":{"@type":"ImageObject","inLanguage":"es","@id":"https:\/\/www.acotv.org\/wp-content\/uploads\/Logo-petit-150x150.jpg","url":"https:\/\/www.acotv.org\/wp-content\/uploads\/Logo-petit-150x150.jpg","contentUrl":"https:\/\/www.acotv.org\/wp-content\/uploads\/Logo-petit-150x150.jpg","caption":"ACOTV"},"url":"https:\/\/www.acotv.org\/es\/author\/acotv\/"}]}},"_links":{"self":[{"href":"https:\/\/www.acotv.org\/es\/wp-json\/wp\/v2\/posts\/5471","targetHints":{"allow":["GET"]}}],"collection":[{"href":"https:\/\/www.acotv.org\/es\/wp-json\/wp\/v2\/posts"}],"about":[{"href":"https:\/\/www.acotv.org\/es\/wp-json\/wp\/v2\/types\/post"}],"author":[{"embeddable":true,"href":"https:\/\/www.acotv.org\/es\/wp-json\/wp\/v2\/users\/2"}],"replies":[{"embeddable":true,"href":"https:\/\/www.acotv.org\/es\/wp-json\/wp\/v2\/comments?post=5471"}],"version-history":[{"count":3,"href":"https:\/\/www.acotv.org\/es\/wp-json\/wp\/v2\/posts\/5471\/revisions"}],"predecessor-version":[{"id":5504,"href":"https:\/\/www.acotv.org\/es\/wp-json\/wp\/v2\/posts\/5471\/revisions\/5504"}],"wp:featuredmedia":[{"embeddable":true,"href":"https:\/\/www.acotv.org\/es\/wp-json\/wp\/v2\/media\/5469"}],"wp:attachment":[{"href":"https:\/\/www.acotv.org\/es\/wp-json\/wp\/v2\/media?parent=5471"}],"wp:term":[{"taxonomy":"category","embeddable":true,"href":"https:\/\/www.acotv.org\/es\/wp-json\/wp\/v2\/categories?post=5471"},{"taxonomy":"post_tag","embeddable":true,"href":"https:\/\/www.acotv.org\/es\/wp-json\/wp\/v2\/tags?post=5471"}],"curies":[{"name":"wp","href":"https:\/\/api.w.org\/{rel}","templated":true}]}}