{"id":5169,"date":"2022-06-27T20:30:00","date_gmt":"2022-06-27T18:30:00","guid":{"rendered":"https:\/\/www.acotv.org\/recupera-els-seminaris-2021-del-revision\/"},"modified":"2022-07-11T19:26:49","modified_gmt":"2022-07-11T17:26:49","slug":"recupera-els-seminaris-2021-del-revision","status":"publish","type":"post","link":"https:\/\/www.acotv.org\/es\/recupera-els-seminaris-2021-del-revision\/","title":{"rendered":"Recupera los seminarios 2021 del ReVisiOn!"},"content":{"rendered":"\n<p class=\"wp-block-paragraph\">El pr\u00f3ximo mes de julio entrar\u00e1 en funcionamiento la plataforma web desde la que los miembros de ACOTV podr\u00e1n volver a visualizar los seminarios del ReVisiOn 2021 que no se hayan podido seguir en directo.<\/p>\n\n\n\n<p class=\"wp-block-paragraph\">Coincidiendo con la pausa de verano, durante los primeros d\u00edas de julio, se har\u00e1 llegar a los asociados la informaci\u00f3n para acceder a la plataforma web que se ha habilitado desde la asociaci\u00f3n para recuperar progresivamente los seminarios ReVisiOn de la edici\u00f3n anterior.<\/p>\n\n\n\n<p class=\"wp-block-paragraph\">Estos v\u00eddeos se compartir\u00e1n como hasta ahora exclusivamente con los socios y socias de ACOTV, siempre previo visto bueno de los diferentes ponentes participantes, que los ceden voluntariamente a este nuevo espacio web que permitir\u00e1 a las personas que no hayan podido seguir en directo alguna de las sesiones mensuales visualizarlas durante un tiempo determinado.<\/p>\n\n\n\n<p class=\"wp-block-paragraph\">Los seminarios ReVisiOn no tienen ninguna finalidad promocional ni formativa, se trata de unos espacios de encuentro entre asociados que potencian la interrelaci\u00f3n entre compa\u00f1eros compartiendo de forma altruista conocimientos y experiencias profesionales.<\/p>\n\n\n\n<p class=\"wp-block-paragraph\">Cabe destacar que los seminarios no ser\u00edan posibles sin la generosidad y el tiempo que ha puesto cada uno de los colaboradores al alcance de todos los compa\u00f1eros de ACOTV. Es por ello que ACOTV vela por un buen uso del material registrar y se compartir\u00e1 de forma privada sin la intenci\u00f3n de distribuirlo ni de difundirlo fuera del \u00e1mbito interno de la asociaci\u00f3n, preservando as\u00ed en todo momento la confianza que nuestros socios depositan en el trabajo grupal.<\/p>\n\n\n\n<p class=\"wp-block-paragraph\">En breve se har\u00e1n llegar las instrucciones pertinentes a los socios que est\u00e9n interesados en visualizar alguno de los seminarios anteriores.<\/p>\n","protected":false},"excerpt":{"rendered":"<p>El pr\u00f3ximo mes de julio entrar\u00e1 en funcionamiento la plataforma web desde la que los miembros de ACOTV podr\u00e1n volver a visualizar los seminarios del ReVisiOn 2021 que no se hayan podido seguir en directo.<\/p>\n","protected":false},"author":2,"featured_media":4945,"comment_status":"open","ping_status":"open","sticky":false,"template":"","format":"standard","meta":{"ocean_front_end_style_editor":"no","ocean_post_layout":"","ocean_both_sidebars_style":"","ocean_both_sidebars_content_width":0,"ocean_both_sidebars_sidebars_width":0,"ocean_sidebar":"0","ocean_second_sidebar":"0","ocean_disable_margins":"enable","ocean_add_body_class":"","ocean_shortcode_before_top_bar":"","ocean_shortcode_after_top_bar":"","ocean_shortcode_before_header":"","ocean_shortcode_after_header":"","ocean_has_shortcode":"","ocean_shortcode_after_title":"","ocean_shortcode_before_footer_widgets":"","ocean_shortcode_after_footer_widgets":"","ocean_shortcode_before_footer_bottom":"","ocean_shortcode_after_footer_bottom":"","ocean_display_top_bar":"default","ocean_display_header":"default","ocean_header_style":"","ocean_center_header_left_menu":"0","ocean_custom_header_template":"0","ocean_custom_logo":0,"ocean_custom_retina_logo":0,"ocean_custom_logo_max_width":0,"ocean_custom_logo_tablet_max_width":0,"ocean_custom_logo_mobile_max_width":0,"ocean_custom_logo_max_height":0,"ocean_custom_logo_tablet_max_height":0,"ocean_custom_logo_mobile_max_height":0,"ocean_header_custom_menu":"0","ocean_menu_typo_font_family":"0","ocean_menu_typo_font_subset":"","ocean_menu_typo_font_size":0,"ocean_menu_typo_font_size_tablet":0,"ocean_menu_typo_font_size_mobile":0,"ocean_menu_typo_font_size_unit":"px","ocean_menu_typo_font_weight":"","ocean_menu_typo_font_weight_tablet":"","ocean_menu_typo_font_weight_mobile":"","ocean_menu_typo_transform":"","ocean_menu_typo_transform_tablet":"","ocean_menu_typo_transform_mobile":"","ocean_menu_typo_line_height":0,"ocean_menu_typo_line_height_tablet":0,"ocean_menu_typo_line_height_mobile":0,"ocean_menu_typo_line_height_unit":"","ocean_menu_typo_spacing":0,"ocean_menu_typo_spacing_tablet":0,"ocean_menu_typo_spacing_mobile":0,"ocean_menu_typo_spacing_unit":"","ocean_menu_link_color":"","ocean_menu_link_color_hover":"","ocean_menu_link_color_active":"","ocean_menu_link_background":"","ocean_menu_link_hover_background":"","ocean_menu_link_active_background":"","ocean_menu_social_links_bg":"","ocean_menu_social_hover_links_bg":"","ocean_menu_social_links_color":"","ocean_menu_social_hover_links_color":"","ocean_disable_title":"default","ocean_disable_heading":"default","ocean_post_title":"","ocean_post_subheading":"","ocean_post_title_style":"","ocean_post_title_background_color":"","ocean_post_title_background":0,"ocean_post_title_bg_image_position":"","ocean_post_title_bg_image_attachment":"","ocean_post_title_bg_image_repeat":"","ocean_post_title_bg_image_size":"","ocean_post_title_height":0,"ocean_post_title_bg_overlay":0.5,"ocean_post_title_bg_overlay_color":"","ocean_disable_breadcrumbs":"default","ocean_breadcrumbs_color":"","ocean_breadcrumbs_separator_color":"","ocean_breadcrumbs_links_color":"","ocean_breadcrumbs_links_hover_color":"","ocean_display_footer_widgets":"default","ocean_display_footer_bottom":"default","ocean_custom_footer_template":"0","ocean_post_oembed":"","ocean_post_self_hosted_media":"","ocean_post_video_embed":"","ocean_link_format":"","ocean_link_format_target":"self","ocean_quote_format":"","ocean_quote_format_link":"post","ocean_gallery_link_images":"off","ocean_gallery_id":[],"footnotes":""},"categories":[8],"tags":[107,112,219,181,99],"class_list":["post-5169","post","type-post","status-publish","format-standard","has-post-thumbnail","hentry","category-noticias","tag-associacio-2","tag-treballdegrup-2-2","tag-activitats-es","tag-revision-2-es","tag-socios-2","entry","has-media"],"yoast_head":"<!-- This site is optimized with the Yoast SEO plugin v28.4 - https:\/\/yoast.com\/product\/yoast-seo-wordpress\/ -->\n<title>Recupera los seminarios 2021 del ReVisiOn! - Asociaci\u00f3n Catalana de Optometr\u00eda y Terapia Visual<\/title>\n<meta name=\"robots\" content=\"index, follow, max-snippet:-1, max-image-preview:large, max-video-preview:-1\" \/>\n<link rel=\"canonical\" href=\"https:\/\/www.acotv.org\/es\/recupera-els-seminaris-2021-del-revision\/\" \/>\n<meta property=\"og:locale\" content=\"es_ES\" \/>\n<meta property=\"og:type\" content=\"article\" \/>\n<meta property=\"og:title\" content=\"Recupera los seminarios 2021 del ReVisiOn! - Asociaci\u00f3n Catalana de Optometr\u00eda y Terapia Visual\" \/>\n<meta property=\"og:description\" content=\"El pr\u00f3ximo mes de julio entrar\u00e1 en funcionamiento la plataforma web desde la que los miembros de ACOTV podr\u00e1n volver a visualizar los seminarios del ReVisiOn 2021 que no se hayan podido seguir en directo.\" \/>\n<meta property=\"og:url\" content=\"https:\/\/www.acotv.org\/es\/recupera-els-seminaris-2021-del-revision\/\" \/>\n<meta property=\"og:site_name\" content=\"Asociaci\u00f3n Catalana de Optometr\u00eda y Terapia Visual\" \/>\n<meta property=\"article:published_time\" content=\"2022-06-27T18:30:00+00:00\" \/>\n<meta property=\"article:modified_time\" content=\"2022-07-11T17:26:49+00:00\" \/>\n<meta property=\"og:image\" content=\"https:\/\/www.acotv.org\/wp-content\/uploads\/SeminarisReVisiOn.png\" \/>\n\t<meta property=\"og:image:width\" content=\"563\" \/>\n\t<meta property=\"og:image:height\" content=\"326\" \/>\n\t<meta property=\"og:image:type\" content=\"image\/png\" \/>\n<meta name=\"author\" content=\"ACOTV\" \/>\n<meta name=\"twitter:card\" content=\"summary_large_image\" \/>\n<meta name=\"twitter:label1\" content=\"Escrito por\" \/>\n\t<meta name=\"twitter:data1\" content=\"ACOTV\" \/>\n\t<meta name=\"twitter:label2\" content=\"Tiempo de lectura\" \/>\n\t<meta name=\"twitter:data2\" content=\"2 minutos\" \/>\n<script type=\"application\/ld+json\" class=\"yoast-schema-graph\">{\"@context\":\"https:\\\/\\\/schema.org\",\"@graph\":[{\"@type\":\"Article\",\"@id\":\"https:\\\/\\\/www.acotv.org\\\/es\\\/recupera-els-seminaris-2021-del-revision\\\/#article\",\"isPartOf\":{\"@id\":\"https:\\\/\\\/www.acotv.org\\\/es\\\/recupera-els-seminaris-2021-del-revision\\\/\"},\"author\":{\"name\":\"ACOTV\",\"@id\":\"https:\\\/\\\/www.acotv.org\\\/ca\\\/#\\\/schema\\\/person\\\/0de470fec1dbf9785a7343042d765744\"},\"headline\":\"Recupera los seminarios 2021 del ReVisiOn!\",\"datePublished\":\"2022-06-27T18:30:00+00:00\",\"dateModified\":\"2022-07-11T17:26:49+00:00\",\"mainEntityOfPage\":{\"@id\":\"https:\\\/\\\/www.acotv.org\\\/es\\\/recupera-els-seminaris-2021-del-revision\\\/\"},\"wordCount\":286,\"commentCount\":0,\"image\":{\"@id\":\"https:\\\/\\\/www.acotv.org\\\/es\\\/recupera-els-seminaris-2021-del-revision\\\/#primaryimage\"},\"thumbnailUrl\":\"https:\\\/\\\/www.acotv.org\\\/wp-content\\\/uploads\\\/SeminarisReVisiOn.png\",\"keywords\":[\"#Associaci\u00f3\",\"#Treballdegrup\",\"Activitats\",\"ReVisiOn\",\"socios\"],\"articleSection\":[\"Noticias\"],\"inLanguage\":\"es\",\"potentialAction\":[{\"@type\":\"CommentAction\",\"name\":\"Comment\",\"target\":[\"https:\\\/\\\/www.acotv.org\\\/es\\\/recupera-els-seminaris-2021-del-revision\\\/#respond\"]}]},{\"@type\":\"WebPage\",\"@id\":\"https:\\\/\\\/www.acotv.org\\\/es\\\/recupera-els-seminaris-2021-del-revision\\\/\",\"url\":\"https:\\\/\\\/www.acotv.org\\\/es\\\/recupera-els-seminaris-2021-del-revision\\\/\",\"name\":\"Recupera los seminarios 2021 del ReVisiOn! - Asociaci\u00f3n Catalana de Optometr\u00eda y Terapia Visual\",\"isPartOf\":{\"@id\":\"https:\\\/\\\/www.acotv.org\\\/ca\\\/#website\"},\"primaryImageOfPage\":{\"@id\":\"https:\\\/\\\/www.acotv.org\\\/es\\\/recupera-els-seminaris-2021-del-revision\\\/#primaryimage\"},\"image\":{\"@id\":\"https:\\\/\\\/www.acotv.org\\\/es\\\/recupera-els-seminaris-2021-del-revision\\\/#primaryimage\"},\"thumbnailUrl\":\"https:\\\/\\\/www.acotv.org\\\/wp-content\\\/uploads\\\/SeminarisReVisiOn.png\",\"datePublished\":\"2022-06-27T18:30:00+00:00\",\"dateModified\":\"2022-07-11T17:26:49+00:00\",\"author\":{\"@id\":\"https:\\\/\\\/www.acotv.org\\\/ca\\\/#\\\/schema\\\/person\\\/0de470fec1dbf9785a7343042d765744\"},\"breadcrumb\":{\"@id\":\"https:\\\/\\\/www.acotv.org\\\/es\\\/recupera-els-seminaris-2021-del-revision\\\/#breadcrumb\"},\"inLanguage\":\"es\",\"potentialAction\":[{\"@type\":\"ReadAction\",\"target\":[\"https:\\\/\\\/www.acotv.org\\\/es\\\/recupera-els-seminaris-2021-del-revision\\\/\"]}]},{\"@type\":\"ImageObject\",\"inLanguage\":\"es\",\"@id\":\"https:\\\/\\\/www.acotv.org\\\/es\\\/recupera-els-seminaris-2021-del-revision\\\/#primaryimage\",\"url\":\"https:\\\/\\\/www.acotv.org\\\/wp-content\\\/uploads\\\/SeminarisReVisiOn.png\",\"contentUrl\":\"https:\\\/\\\/www.acotv.org\\\/wp-content\\\/uploads\\\/SeminarisReVisiOn.png\",\"width\":563,\"height\":326},{\"@type\":\"BreadcrumbList\",\"@id\":\"https:\\\/\\\/www.acotv.org\\\/es\\\/recupera-els-seminaris-2021-del-revision\\\/#breadcrumb\",\"itemListElement\":[{\"@type\":\"ListItem\",\"position\":1,\"name\":\"Portada\",\"item\":\"https:\\\/\\\/www.acotv.org\\\/es\\\/\"},{\"@type\":\"ListItem\",\"position\":2,\"name\":\"Recupera los seminarios 2021 del ReVisiOn!\"}]},{\"@type\":\"WebSite\",\"@id\":\"https:\\\/\\\/www.acotv.org\\\/ca\\\/#website\",\"url\":\"https:\\\/\\\/www.acotv.org\\\/ca\\\/\",\"name\":\"Asociaci\u00f3n Catalana de Optometr\u00eda y Terapia Visual\",\"description\":\"\",\"potentialAction\":[{\"@type\":\"SearchAction\",\"target\":{\"@type\":\"EntryPoint\",\"urlTemplate\":\"https:\\\/\\\/www.acotv.org\\\/ca\\\/?s={search_term_string}\"},\"query-input\":{\"@type\":\"PropertyValueSpecification\",\"valueRequired\":true,\"valueName\":\"search_term_string\"}}],\"inLanguage\":\"es\"},{\"@type\":\"Person\",\"@id\":\"https:\\\/\\\/www.acotv.org\\\/ca\\\/#\\\/schema\\\/person\\\/0de470fec1dbf9785a7343042d765744\",\"name\":\"ACOTV\",\"image\":{\"@type\":\"ImageObject\",\"inLanguage\":\"es\",\"@id\":\"https:\\\/\\\/www.acotv.org\\\/wp-content\\\/uploads\\\/Logo-petit-150x150.jpg\",\"url\":\"https:\\\/\\\/www.acotv.org\\\/wp-content\\\/uploads\\\/Logo-petit-150x150.jpg\",\"contentUrl\":\"https:\\\/\\\/www.acotv.org\\\/wp-content\\\/uploads\\\/Logo-petit-150x150.jpg\",\"caption\":\"ACOTV\"},\"url\":\"https:\\\/\\\/www.acotv.org\\\/es\\\/author\\\/acotv\\\/\"}]}<\/script>\n<!-- \/ Yoast SEO plugin. -->","yoast_head_json":{"title":"Recupera los seminarios 2021 del ReVisiOn! - Asociaci\u00f3n Catalana de Optometr\u00eda y Terapia Visual","robots":{"index":"index","follow":"follow","max-snippet":"max-snippet:-1","max-image-preview":"max-image-preview:large","max-video-preview":"max-video-preview:-1"},"canonical":"https:\/\/www.acotv.org\/es\/recupera-els-seminaris-2021-del-revision\/","og_locale":"es_ES","og_type":"article","og_title":"Recupera los seminarios 2021 del ReVisiOn! - Asociaci\u00f3n Catalana de Optometr\u00eda y Terapia Visual","og_description":"El pr\u00f3ximo mes de julio entrar\u00e1 en funcionamiento la plataforma web desde la que los miembros de ACOTV podr\u00e1n volver a visualizar los seminarios del ReVisiOn 2021 que no se hayan podido seguir en directo.","og_url":"https:\/\/www.acotv.org\/es\/recupera-els-seminaris-2021-del-revision\/","og_site_name":"Asociaci\u00f3n Catalana de Optometr\u00eda y Terapia Visual","article_published_time":"2022-06-27T18:30:00+00:00","article_modified_time":"2022-07-11T17:26:49+00:00","og_image":[{"width":563,"height":326,"url":"https:\/\/www.acotv.org\/wp-content\/uploads\/SeminarisReVisiOn.png","type":"image\/png"}],"author":"ACOTV","twitter_card":"summary_large_image","twitter_misc":{"Escrito por":"ACOTV","Tiempo de lectura":"2 minutos"},"schema":{"@context":"https:\/\/schema.org","@graph":[{"@type":"Article","@id":"https:\/\/www.acotv.org\/es\/recupera-els-seminaris-2021-del-revision\/#article","isPartOf":{"@id":"https:\/\/www.acotv.org\/es\/recupera-els-seminaris-2021-del-revision\/"},"author":{"name":"ACOTV","@id":"https:\/\/www.acotv.org\/ca\/#\/schema\/person\/0de470fec1dbf9785a7343042d765744"},"headline":"Recupera los seminarios 2021 del ReVisiOn!","datePublished":"2022-06-27T18:30:00+00:00","dateModified":"2022-07-11T17:26:49+00:00","mainEntityOfPage":{"@id":"https:\/\/www.acotv.org\/es\/recupera-els-seminaris-2021-del-revision\/"},"wordCount":286,"commentCount":0,"image":{"@id":"https:\/\/www.acotv.org\/es\/recupera-els-seminaris-2021-del-revision\/#primaryimage"},"thumbnailUrl":"https:\/\/www.acotv.org\/wp-content\/uploads\/SeminarisReVisiOn.png","keywords":["#Associaci\u00f3","#Treballdegrup","Activitats","ReVisiOn","socios"],"articleSection":["Noticias"],"inLanguage":"es","potentialAction":[{"@type":"CommentAction","name":"Comment","target":["https:\/\/www.acotv.org\/es\/recupera-els-seminaris-2021-del-revision\/#respond"]}]},{"@type":"WebPage","@id":"https:\/\/www.acotv.org\/es\/recupera-els-seminaris-2021-del-revision\/","url":"https:\/\/www.acotv.org\/es\/recupera-els-seminaris-2021-del-revision\/","name":"Recupera los seminarios 2021 del ReVisiOn! - Asociaci\u00f3n Catalana de Optometr\u00eda y Terapia Visual","isPartOf":{"@id":"https:\/\/www.acotv.org\/ca\/#website"},"primaryImageOfPage":{"@id":"https:\/\/www.acotv.org\/es\/recupera-els-seminaris-2021-del-revision\/#primaryimage"},"image":{"@id":"https:\/\/www.acotv.org\/es\/recupera-els-seminaris-2021-del-revision\/#primaryimage"},"thumbnailUrl":"https:\/\/www.acotv.org\/wp-content\/uploads\/SeminarisReVisiOn.png","datePublished":"2022-06-27T18:30:00+00:00","dateModified":"2022-07-11T17:26:49+00:00","author":{"@id":"https:\/\/www.acotv.org\/ca\/#\/schema\/person\/0de470fec1dbf9785a7343042d765744"},"breadcrumb":{"@id":"https:\/\/www.acotv.org\/es\/recupera-els-seminaris-2021-del-revision\/#breadcrumb"},"inLanguage":"es","potentialAction":[{"@type":"ReadAction","target":["https:\/\/www.acotv.org\/es\/recupera-els-seminaris-2021-del-revision\/"]}]},{"@type":"ImageObject","inLanguage":"es","@id":"https:\/\/www.acotv.org\/es\/recupera-els-seminaris-2021-del-revision\/#primaryimage","url":"https:\/\/www.acotv.org\/wp-content\/uploads\/SeminarisReVisiOn.png","contentUrl":"https:\/\/www.acotv.org\/wp-content\/uploads\/SeminarisReVisiOn.png","width":563,"height":326},{"@type":"BreadcrumbList","@id":"https:\/\/www.acotv.org\/es\/recupera-els-seminaris-2021-del-revision\/#breadcrumb","itemListElement":[{"@type":"ListItem","position":1,"name":"Portada","item":"https:\/\/www.acotv.org\/es\/"},{"@type":"ListItem","position":2,"name":"Recupera los seminarios 2021 del ReVisiOn!"}]},{"@type":"WebSite","@id":"https:\/\/www.acotv.org\/ca\/#website","url":"https:\/\/www.acotv.org\/ca\/","name":"Asociaci\u00f3n Catalana de Optometr\u00eda y Terapia Visual","description":"","potentialAction":[{"@type":"SearchAction","target":{"@type":"EntryPoint","urlTemplate":"https:\/\/www.acotv.org\/ca\/?s={search_term_string}"},"query-input":{"@type":"PropertyValueSpecification","valueRequired":true,"valueName":"search_term_string"}}],"inLanguage":"es"},{"@type":"Person","@id":"https:\/\/www.acotv.org\/ca\/#\/schema\/person\/0de470fec1dbf9785a7343042d765744","name":"ACOTV","image":{"@type":"ImageObject","inLanguage":"es","@id":"https:\/\/www.acotv.org\/wp-content\/uploads\/Logo-petit-150x150.jpg","url":"https:\/\/www.acotv.org\/wp-content\/uploads\/Logo-petit-150x150.jpg","contentUrl":"https:\/\/www.acotv.org\/wp-content\/uploads\/Logo-petit-150x150.jpg","caption":"ACOTV"},"url":"https:\/\/www.acotv.org\/es\/author\/acotv\/"}]}},"_links":{"self":[{"href":"https:\/\/www.acotv.org\/es\/wp-json\/wp\/v2\/posts\/5169","targetHints":{"allow":["GET"]}}],"collection":[{"href":"https:\/\/www.acotv.org\/es\/wp-json\/wp\/v2\/posts"}],"about":[{"href":"https:\/\/www.acotv.org\/es\/wp-json\/wp\/v2\/types\/post"}],"author":[{"embeddable":true,"href":"https:\/\/www.acotv.org\/es\/wp-json\/wp\/v2\/users\/2"}],"replies":[{"embeddable":true,"href":"https:\/\/www.acotv.org\/es\/wp-json\/wp\/v2\/comments?post=5169"}],"version-history":[{"count":2,"href":"https:\/\/www.acotv.org\/es\/wp-json\/wp\/v2\/posts\/5169\/revisions"}],"predecessor-version":[{"id":5172,"href":"https:\/\/www.acotv.org\/es\/wp-json\/wp\/v2\/posts\/5169\/revisions\/5172"}],"wp:featuredmedia":[{"embeddable":true,"href":"https:\/\/www.acotv.org\/es\/wp-json\/wp\/v2\/media\/4945"}],"wp:attachment":[{"href":"https:\/\/www.acotv.org\/es\/wp-json\/wp\/v2\/media?parent=5169"}],"wp:term":[{"taxonomy":"category","embeddable":true,"href":"https:\/\/www.acotv.org\/es\/wp-json\/wp\/v2\/categories?post=5169"},{"taxonomy":"post_tag","embeddable":true,"href":"https:\/\/www.acotv.org\/es\/wp-json\/wp\/v2\/tags?post=5169"}],"curies":[{"name":"wp","href":"https:\/\/api.w.org\/{rel}","templated":true}]}}