{"id":4935,"date":"2022-06-28T19:13:00","date_gmt":"2022-06-28T17:13:00","guid":{"rendered":"https:\/\/www.acotv.org\/sumat-a-la-llista-despecialistes-de-lacotv-%ef%bf%bc\/"},"modified":"2022-10-07T17:47:42","modified_gmt":"2022-10-07T15:47:42","slug":"sumate-a-la-lista-especialistas-acotv","status":"publish","type":"post","link":"https:\/\/www.acotv.org\/es\/sumate-a-la-lista-especialistas-acotv\/","title":{"rendered":"\u00a1S\u00famate a la Lista de Especialistas de la ACOTV!"},"content":{"rendered":"\n<p class=\"has-black-color has-text-color wp-block-paragraph\">Cada vez son m\u00e1s los profesionales de la educaci\u00f3n y la salud que derivan a ni\u00f1os y adultos a la <strong>Lista de Especialistas de ACOTV (LETV).<\/strong><br>Constantemente nos llegan a la entidad consultas de padres y maestros que buscan alternativas de apoyo a los problemas de visi\u00f3n y aprendizaje de los ni\u00f1os y referencian siempre al actual <a href=\"https:\/\/www.acotv.org\/es\/especialistas\/\" target=\"_blank\" rel=\"noreferrer noopener\">Directorio de Optometristas Especializados.<\/a><\/p>\n\n\n\n<p class=\"wp-block-paragraph\">El M\u00e1ster en Optometr\u00eda y Terapia Visual de la UPC School colabora con los profesionales de la LETV que acogen en sus centros a los estudiantes para aprender m\u00e1s y mejor en esta \u00e1rea de conocimiento de la Terapia Visual.<\/p>\n\n\n\n<h2 class=\"wp-block-heading\"><strong><mark style=\"background-color:rgba(0, 0, 0, 0)\" class=\"has-inline-color has-vivid-cyan-blue-color\">Y t\u00fa, \u00bfya formas parte de la Lista de especialistas?<\/mark><\/strong><\/h2>\n\n\n\n<p class=\"wp-block-paragraph\"><strong><mark style=\"background-color:rgba(0, 0, 0, 0)\" class=\"has-inline-color has-vivid-red-color\">\u00a1Desde el 1 de julio al 31 de octubre<\/mark><\/strong> estar\u00e1 abierta la convocatoria 2022 a todos los asociados para presentar la solicitud de adhesi\u00f3n a la Lista de Especialistas! Si quieres formar parte de los profesionales que ofrecen una optometr\u00eda de calidad haciendo valdr\u00e9 la especializaci\u00f3n en Terapia Visual,<strong> \u00a1no lo pienses m\u00e1s ahora es el momento!<\/strong><\/p>\n\n\n\n<p class=\"wp-block-paragraph\">Consulta la<strong><mark style=\"background-color:rgba(0, 0, 0, 0)\" class=\"has-inline-color has-black-color\"> Normativa de Adhesi\u00f3n<\/mark><\/strong> y recuerda que puedes presentar tu<strong><mark style=\"background-color:rgba(0, 0, 0, 0)\" class=\"has-inline-color has-black-color\"> Caso Cl\u00ednico<\/mark> <\/strong>de cualquiera de las especialidades que se trabajan dentro de la Optometr\u00eda (Orto-K, Estrabismos, Ambliop\u00edas, Optometr\u00eda Pedi\u00e1trica, Terapias de estimulaci\u00f3n auditiva\u2026) <strong><mark style=\"background-color:rgba(0, 0, 0, 0)\" class=\"has-inline-color has-black-color\">un estudio o publicaci\u00f3n oficial <\/mark><\/strong>que hayas realizado en relaci\u00f3n con este \u00e1mbito.<\/p>\n\n\n\n<p class=\"wp-block-paragraph\">Una buena oportunidad para que todos los profesionales de ACOTV hagan visible su buen trabajo dentro del \u00e1mbito de la optometr\u00eda, y puedan colaborar con el M\u00e1ster en Optometr\u00eda y Terapia Visual.<\/p>\n\n\n\n<p class=\"wp-block-paragraph\"><strong><mark style=\"background-color:rgba(0, 0, 0, 0)\" class=\"has-inline-color has-vivid-red-color\">\u00a1Env\u00edanos ya tu documentaci\u00f3n antes del pr\u00f3ximo 31 de octubre 2022!<\/mark><\/strong><\/p>\n\n\n\n<h2 class=\"wp-block-heading\"><strong><mark style=\"background-color:rgba(0, 0, 0, 0)\" class=\"has-inline-color has-vivid-cyan-blue-color\">El Curr\u00edculum profesional<\/mark><\/strong><\/h2>\n\n\n\n<p class=\"wp-block-paragraph\">Haznos llegar <strong>un curr\u00edculum <\/strong>en que ha de constar detalladamente:<\/p>\n\n\n\n<ul class=\"wp-block-list\"><li>Los cursos de formaci\u00f3n posgrado impartidos.<\/li><li>Los a\u00f1os de experiencia acumulados en el \u00e1mbito de optometr\u00eda y terapia visual.<\/li><li>Los tipos de terapia que se aplica en el centro de trabajo.<br><\/li><\/ul>\n\n\n\n<h2 class=\"wp-block-heading\"><strong><mark style=\"background-color:rgba(0, 0, 0, 0)\" class=\"has-inline-color has-vivid-cyan-blue-color\">Un Caso cl\u00ednico, art\u00edculo, publicaci\u00f3n&#8230;<\/mark><\/strong><\/h2>\n\n\n\n<p class=\"has-black-color has-text-color wp-block-paragraph\">Aportar un caso pr\u00e1ctico resuelto por propia experiencia en cualquiera de las especialidades de la terapia visual o bien un Trabajo Fin de M\u00e1ster (TFM), art\u00edculo, publicaci\u00f3n oficial o curso impartido por la persona interesada.<br>El caso pr\u00e1ctico de la especialidad se entregar\u00e1 con un seud\u00f3nimo. Para preservar el anonimato, no deben aparecer datos personales, ni del paciente ni del profesional.<\/p>\n\n\n\n<p class=\"has-black-color has-text-color wp-block-paragraph\">Solicita el<strong> Gui\u00f3n de Apoyo<\/strong> para preparar tu caso.<\/p>\n","protected":false},"excerpt":{"rendered":"<p>Se abre la convocatoria 2022 para formar parte de la Lista de Especialistas en Terapia Visual de la ACOTV (LETV).<\/p>\n","protected":false},"author":2,"featured_media":4931,"comment_status":"open","ping_status":"open","sticky":false,"template":"","format":"standard","meta":{"ocean_front_end_style_editor":"no","ocean_post_layout":"","ocean_both_sidebars_style":"","ocean_both_sidebars_content_width":0,"ocean_both_sidebars_sidebars_width":0,"ocean_sidebar":"0","ocean_second_sidebar":"0","ocean_disable_margins":"enable","ocean_add_body_class":"","ocean_shortcode_before_top_bar":"","ocean_shortcode_after_top_bar":"","ocean_shortcode_before_header":"","ocean_shortcode_after_header":"","ocean_has_shortcode":"","ocean_shortcode_after_title":"","ocean_shortcode_before_footer_widgets":"","ocean_shortcode_after_footer_widgets":"","ocean_shortcode_before_footer_bottom":"","ocean_shortcode_after_footer_bottom":"","ocean_display_top_bar":"default","ocean_display_header":"default","ocean_header_style":"","ocean_center_header_left_menu":"0","ocean_custom_header_template":"0","ocean_custom_logo":0,"ocean_custom_retina_logo":0,"ocean_custom_logo_max_width":0,"ocean_custom_logo_tablet_max_width":0,"ocean_custom_logo_mobile_max_width":0,"ocean_custom_logo_max_height":0,"ocean_custom_logo_tablet_max_height":0,"ocean_custom_logo_mobile_max_height":0,"ocean_header_custom_menu":"0","ocean_menu_typo_font_family":"0","ocean_menu_typo_font_subset":"","ocean_menu_typo_font_size":0,"ocean_menu_typo_font_size_tablet":0,"ocean_menu_typo_font_size_mobile":0,"ocean_menu_typo_font_size_unit":"px","ocean_menu_typo_font_weight":"","ocean_menu_typo_font_weight_tablet":"","ocean_menu_typo_font_weight_mobile":"","ocean_menu_typo_transform":"","ocean_menu_typo_transform_tablet":"","ocean_menu_typo_transform_mobile":"","ocean_menu_typo_line_height":0,"ocean_menu_typo_line_height_tablet":0,"ocean_menu_typo_line_height_mobile":0,"ocean_menu_typo_line_height_unit":"","ocean_menu_typo_spacing":0,"ocean_menu_typo_spacing_tablet":0,"ocean_menu_typo_spacing_mobile":0,"ocean_menu_typo_spacing_unit":"","ocean_menu_link_color":"","ocean_menu_link_color_hover":"","ocean_menu_link_color_active":"","ocean_menu_link_background":"","ocean_menu_link_hover_background":"","ocean_menu_link_active_background":"","ocean_menu_social_links_bg":"","ocean_menu_social_hover_links_bg":"","ocean_menu_social_links_color":"","ocean_menu_social_hover_links_color":"","ocean_disable_title":"default","ocean_disable_heading":"default","ocean_post_title":"","ocean_post_subheading":"","ocean_post_title_style":"","ocean_post_title_background_color":"","ocean_post_title_background":0,"ocean_post_title_bg_image_position":"","ocean_post_title_bg_image_attachment":"","ocean_post_title_bg_image_repeat":"","ocean_post_title_bg_image_size":"","ocean_post_title_height":0,"ocean_post_title_bg_overlay":0.5,"ocean_post_title_bg_overlay_color":"","ocean_disable_breadcrumbs":"default","ocean_breadcrumbs_color":"","ocean_breadcrumbs_separator_color":"","ocean_breadcrumbs_links_color":"","ocean_breadcrumbs_links_hover_color":"","ocean_display_footer_widgets":"default","ocean_display_footer_bottom":"default","ocean_custom_footer_template":"0","ocean_post_oembed":"","ocean_post_self_hosted_media":"","ocean_post_video_embed":"","ocean_link_format":"","ocean_link_format_target":"self","ocean_quote_format":"","ocean_quote_format_link":"post","ocean_gallery_link_images":"off","ocean_gallery_id":[],"footnotes":""},"categories":[8],"tags":[190,191,194,192,61,193,195],"class_list":["post-4935","post","type-post","status-publish","format-standard","has-post-thumbnail","hentry","category-noticias","tag-letv-es","tag-optometristes-es","tag-profesionales","tag-professionals-es","tag-terapiavisual","tag-visio-es","tag-vision","entry","has-media"],"yoast_head":"<!-- This site is optimized with the Yoast SEO plugin v28.4 - https:\/\/yoast.com\/product\/yoast-seo-wordpress\/ -->\n<title>\u00a1S\u00famate a la Lista de Especialistas de la ACOTV! - Asociaci\u00f3n Catalana de Optometr\u00eda y Terapia Visual<\/title>\n<meta name=\"robots\" content=\"index, follow, max-snippet:-1, max-image-preview:large, max-video-preview:-1\" \/>\n<link rel=\"canonical\" href=\"https:\/\/www.acotv.org\/es\/sumate-a-la-lista-especialistas-acotv\/\" \/>\n<meta property=\"og:locale\" content=\"es_ES\" \/>\n<meta property=\"og:type\" content=\"article\" \/>\n<meta property=\"og:title\" content=\"\u00a1S\u00famate a la Lista de Especialistas de la ACOTV! - Asociaci\u00f3n Catalana de Optometr\u00eda y Terapia Visual\" \/>\n<meta property=\"og:description\" content=\"Se abre la convocatoria 2022 para formar parte de la Lista de Especialistas en Terapia Visual de la ACOTV (LETV).\" \/>\n<meta property=\"og:url\" content=\"https:\/\/www.acotv.org\/es\/sumate-a-la-lista-especialistas-acotv\/\" \/>\n<meta property=\"og:site_name\" content=\"Asociaci\u00f3n Catalana de Optometr\u00eda y Terapia Visual\" \/>\n<meta property=\"article:published_time\" content=\"2022-06-28T17:13:00+00:00\" \/>\n<meta property=\"article:modified_time\" content=\"2022-10-07T15:47:42+00:00\" \/>\n<meta property=\"og:image\" content=\"https:\/\/www.acotv.org\/wp-content\/uploads\/solution-3717893_1280.jpg\" \/>\n\t<meta property=\"og:image:width\" content=\"1280\" \/>\n\t<meta property=\"og:image:height\" content=\"880\" \/>\n\t<meta property=\"og:image:type\" content=\"image\/jpeg\" \/>\n<meta name=\"author\" content=\"ACOTV\" \/>\n<meta name=\"twitter:card\" content=\"summary_large_image\" \/>\n<meta name=\"twitter:label1\" content=\"Escrito por\" \/>\n\t<meta name=\"twitter:data1\" content=\"ACOTV\" \/>\n\t<meta name=\"twitter:label2\" content=\"Tiempo de lectura\" \/>\n\t<meta name=\"twitter:data2\" content=\"2 minutos\" \/>\n<script type=\"application\/ld+json\" class=\"yoast-schema-graph\">{\"@context\":\"https:\\\/\\\/schema.org\",\"@graph\":[{\"@type\":\"Article\",\"@id\":\"https:\\\/\\\/www.acotv.org\\\/es\\\/sumate-a-la-lista-especialistas-acotv\\\/#article\",\"isPartOf\":{\"@id\":\"https:\\\/\\\/www.acotv.org\\\/es\\\/sumate-a-la-lista-especialistas-acotv\\\/\"},\"author\":{\"name\":\"ACOTV\",\"@id\":\"https:\\\/\\\/www.acotv.org\\\/ca\\\/#\\\/schema\\\/person\\\/0de470fec1dbf9785a7343042d765744\"},\"headline\":\"\u00a1S\u00famate a la Lista de Especialistas de la ACOTV!\",\"datePublished\":\"2022-06-28T17:13:00+00:00\",\"dateModified\":\"2022-10-07T15:47:42+00:00\",\"mainEntityOfPage\":{\"@id\":\"https:\\\/\\\/www.acotv.org\\\/es\\\/sumate-a-la-lista-especialistas-acotv\\\/\"},\"wordCount\":424,\"commentCount\":0,\"image\":{\"@id\":\"https:\\\/\\\/www.acotv.org\\\/es\\\/sumate-a-la-lista-especialistas-acotv\\\/#primaryimage\"},\"thumbnailUrl\":\"https:\\\/\\\/www.acotv.org\\\/wp-content\\\/uploads\\\/solution-3717893_1280.jpg\",\"keywords\":[\"LETV\",\"Optometristes\",\"Profesionales\",\"Professionals\",\"TerapiaVisual\",\"Visi\u00f3\",\"Visi\u00f3n\"],\"articleSection\":[\"Noticias\"],\"inLanguage\":\"es\",\"potentialAction\":[{\"@type\":\"CommentAction\",\"name\":\"Comment\",\"target\":[\"https:\\\/\\\/www.acotv.org\\\/es\\\/sumate-a-la-lista-especialistas-acotv\\\/#respond\"]}]},{\"@type\":\"WebPage\",\"@id\":\"https:\\\/\\\/www.acotv.org\\\/es\\\/sumate-a-la-lista-especialistas-acotv\\\/\",\"url\":\"https:\\\/\\\/www.acotv.org\\\/es\\\/sumate-a-la-lista-especialistas-acotv\\\/\",\"name\":\"\u00a1S\u00famate a la Lista de Especialistas de la ACOTV! - Asociaci\u00f3n Catalana de Optometr\u00eda y Terapia Visual\",\"isPartOf\":{\"@id\":\"https:\\\/\\\/www.acotv.org\\\/ca\\\/#website\"},\"primaryImageOfPage\":{\"@id\":\"https:\\\/\\\/www.acotv.org\\\/es\\\/sumate-a-la-lista-especialistas-acotv\\\/#primaryimage\"},\"image\":{\"@id\":\"https:\\\/\\\/www.acotv.org\\\/es\\\/sumate-a-la-lista-especialistas-acotv\\\/#primaryimage\"},\"thumbnailUrl\":\"https:\\\/\\\/www.acotv.org\\\/wp-content\\\/uploads\\\/solution-3717893_1280.jpg\",\"datePublished\":\"2022-06-28T17:13:00+00:00\",\"dateModified\":\"2022-10-07T15:47:42+00:00\",\"author\":{\"@id\":\"https:\\\/\\\/www.acotv.org\\\/ca\\\/#\\\/schema\\\/person\\\/0de470fec1dbf9785a7343042d765744\"},\"breadcrumb\":{\"@id\":\"https:\\\/\\\/www.acotv.org\\\/es\\\/sumate-a-la-lista-especialistas-acotv\\\/#breadcrumb\"},\"inLanguage\":\"es\",\"potentialAction\":[{\"@type\":\"ReadAction\",\"target\":[\"https:\\\/\\\/www.acotv.org\\\/es\\\/sumate-a-la-lista-especialistas-acotv\\\/\"]}]},{\"@type\":\"ImageObject\",\"inLanguage\":\"es\",\"@id\":\"https:\\\/\\\/www.acotv.org\\\/es\\\/sumate-a-la-lista-especialistas-acotv\\\/#primaryimage\",\"url\":\"https:\\\/\\\/www.acotv.org\\\/wp-content\\\/uploads\\\/solution-3717893_1280.jpg\",\"contentUrl\":\"https:\\\/\\\/www.acotv.org\\\/wp-content\\\/uploads\\\/solution-3717893_1280.jpg\",\"width\":1280,\"height\":880},{\"@type\":\"BreadcrumbList\",\"@id\":\"https:\\\/\\\/www.acotv.org\\\/es\\\/sumate-a-la-lista-especialistas-acotv\\\/#breadcrumb\",\"itemListElement\":[{\"@type\":\"ListItem\",\"position\":1,\"name\":\"Portada\",\"item\":\"https:\\\/\\\/www.acotv.org\\\/es\\\/\"},{\"@type\":\"ListItem\",\"position\":2,\"name\":\"\u00a1S\u00famate a la Lista de Especialistas de la ACOTV!\"}]},{\"@type\":\"WebSite\",\"@id\":\"https:\\\/\\\/www.acotv.org\\\/ca\\\/#website\",\"url\":\"https:\\\/\\\/www.acotv.org\\\/ca\\\/\",\"name\":\"Asociaci\u00f3n Catalana de Optometr\u00eda y Terapia Visual\",\"description\":\"\",\"potentialAction\":[{\"@type\":\"SearchAction\",\"target\":{\"@type\":\"EntryPoint\",\"urlTemplate\":\"https:\\\/\\\/www.acotv.org\\\/ca\\\/?s={search_term_string}\"},\"query-input\":{\"@type\":\"PropertyValueSpecification\",\"valueRequired\":true,\"valueName\":\"search_term_string\"}}],\"inLanguage\":\"es\"},{\"@type\":\"Person\",\"@id\":\"https:\\\/\\\/www.acotv.org\\\/ca\\\/#\\\/schema\\\/person\\\/0de470fec1dbf9785a7343042d765744\",\"name\":\"ACOTV\",\"image\":{\"@type\":\"ImageObject\",\"inLanguage\":\"es\",\"@id\":\"https:\\\/\\\/www.acotv.org\\\/wp-content\\\/uploads\\\/Logo-petit-150x150.jpg\",\"url\":\"https:\\\/\\\/www.acotv.org\\\/wp-content\\\/uploads\\\/Logo-petit-150x150.jpg\",\"contentUrl\":\"https:\\\/\\\/www.acotv.org\\\/wp-content\\\/uploads\\\/Logo-petit-150x150.jpg\",\"caption\":\"ACOTV\"},\"url\":\"https:\\\/\\\/www.acotv.org\\\/es\\\/author\\\/acotv\\\/\"}]}<\/script>\n<!-- \/ Yoast SEO plugin. -->","yoast_head_json":{"title":"\u00a1S\u00famate a la Lista de Especialistas de la ACOTV! - Asociaci\u00f3n Catalana de Optometr\u00eda y Terapia Visual","robots":{"index":"index","follow":"follow","max-snippet":"max-snippet:-1","max-image-preview":"max-image-preview:large","max-video-preview":"max-video-preview:-1"},"canonical":"https:\/\/www.acotv.org\/es\/sumate-a-la-lista-especialistas-acotv\/","og_locale":"es_ES","og_type":"article","og_title":"\u00a1S\u00famate a la Lista de Especialistas de la ACOTV! - Asociaci\u00f3n Catalana de Optometr\u00eda y Terapia Visual","og_description":"Se abre la convocatoria 2022 para formar parte de la Lista de Especialistas en Terapia Visual de la ACOTV (LETV).","og_url":"https:\/\/www.acotv.org\/es\/sumate-a-la-lista-especialistas-acotv\/","og_site_name":"Asociaci\u00f3n Catalana de Optometr\u00eda y Terapia Visual","article_published_time":"2022-06-28T17:13:00+00:00","article_modified_time":"2022-10-07T15:47:42+00:00","og_image":[{"width":1280,"height":880,"url":"https:\/\/www.acotv.org\/wp-content\/uploads\/solution-3717893_1280.jpg","type":"image\/jpeg"}],"author":"ACOTV","twitter_card":"summary_large_image","twitter_misc":{"Escrito por":"ACOTV","Tiempo de lectura":"2 minutos"},"schema":{"@context":"https:\/\/schema.org","@graph":[{"@type":"Article","@id":"https:\/\/www.acotv.org\/es\/sumate-a-la-lista-especialistas-acotv\/#article","isPartOf":{"@id":"https:\/\/www.acotv.org\/es\/sumate-a-la-lista-especialistas-acotv\/"},"author":{"name":"ACOTV","@id":"https:\/\/www.acotv.org\/ca\/#\/schema\/person\/0de470fec1dbf9785a7343042d765744"},"headline":"\u00a1S\u00famate a la Lista de Especialistas de la ACOTV!","datePublished":"2022-06-28T17:13:00+00:00","dateModified":"2022-10-07T15:47:42+00:00","mainEntityOfPage":{"@id":"https:\/\/www.acotv.org\/es\/sumate-a-la-lista-especialistas-acotv\/"},"wordCount":424,"commentCount":0,"image":{"@id":"https:\/\/www.acotv.org\/es\/sumate-a-la-lista-especialistas-acotv\/#primaryimage"},"thumbnailUrl":"https:\/\/www.acotv.org\/wp-content\/uploads\/solution-3717893_1280.jpg","keywords":["LETV","Optometristes","Profesionales","Professionals","TerapiaVisual","Visi\u00f3","Visi\u00f3n"],"articleSection":["Noticias"],"inLanguage":"es","potentialAction":[{"@type":"CommentAction","name":"Comment","target":["https:\/\/www.acotv.org\/es\/sumate-a-la-lista-especialistas-acotv\/#respond"]}]},{"@type":"WebPage","@id":"https:\/\/www.acotv.org\/es\/sumate-a-la-lista-especialistas-acotv\/","url":"https:\/\/www.acotv.org\/es\/sumate-a-la-lista-especialistas-acotv\/","name":"\u00a1S\u00famate a la Lista de Especialistas de la ACOTV! - Asociaci\u00f3n Catalana de Optometr\u00eda y Terapia Visual","isPartOf":{"@id":"https:\/\/www.acotv.org\/ca\/#website"},"primaryImageOfPage":{"@id":"https:\/\/www.acotv.org\/es\/sumate-a-la-lista-especialistas-acotv\/#primaryimage"},"image":{"@id":"https:\/\/www.acotv.org\/es\/sumate-a-la-lista-especialistas-acotv\/#primaryimage"},"thumbnailUrl":"https:\/\/www.acotv.org\/wp-content\/uploads\/solution-3717893_1280.jpg","datePublished":"2022-06-28T17:13:00+00:00","dateModified":"2022-10-07T15:47:42+00:00","author":{"@id":"https:\/\/www.acotv.org\/ca\/#\/schema\/person\/0de470fec1dbf9785a7343042d765744"},"breadcrumb":{"@id":"https:\/\/www.acotv.org\/es\/sumate-a-la-lista-especialistas-acotv\/#breadcrumb"},"inLanguage":"es","potentialAction":[{"@type":"ReadAction","target":["https:\/\/www.acotv.org\/es\/sumate-a-la-lista-especialistas-acotv\/"]}]},{"@type":"ImageObject","inLanguage":"es","@id":"https:\/\/www.acotv.org\/es\/sumate-a-la-lista-especialistas-acotv\/#primaryimage","url":"https:\/\/www.acotv.org\/wp-content\/uploads\/solution-3717893_1280.jpg","contentUrl":"https:\/\/www.acotv.org\/wp-content\/uploads\/solution-3717893_1280.jpg","width":1280,"height":880},{"@type":"BreadcrumbList","@id":"https:\/\/www.acotv.org\/es\/sumate-a-la-lista-especialistas-acotv\/#breadcrumb","itemListElement":[{"@type":"ListItem","position":1,"name":"Portada","item":"https:\/\/www.acotv.org\/es\/"},{"@type":"ListItem","position":2,"name":"\u00a1S\u00famate a la Lista de Especialistas de la ACOTV!"}]},{"@type":"WebSite","@id":"https:\/\/www.acotv.org\/ca\/#website","url":"https:\/\/www.acotv.org\/ca\/","name":"Asociaci\u00f3n Catalana de Optometr\u00eda y Terapia Visual","description":"","potentialAction":[{"@type":"SearchAction","target":{"@type":"EntryPoint","urlTemplate":"https:\/\/www.acotv.org\/ca\/?s={search_term_string}"},"query-input":{"@type":"PropertyValueSpecification","valueRequired":true,"valueName":"search_term_string"}}],"inLanguage":"es"},{"@type":"Person","@id":"https:\/\/www.acotv.org\/ca\/#\/schema\/person\/0de470fec1dbf9785a7343042d765744","name":"ACOTV","image":{"@type":"ImageObject","inLanguage":"es","@id":"https:\/\/www.acotv.org\/wp-content\/uploads\/Logo-petit-150x150.jpg","url":"https:\/\/www.acotv.org\/wp-content\/uploads\/Logo-petit-150x150.jpg","contentUrl":"https:\/\/www.acotv.org\/wp-content\/uploads\/Logo-petit-150x150.jpg","caption":"ACOTV"},"url":"https:\/\/www.acotv.org\/es\/author\/acotv\/"}]}},"_links":{"self":[{"href":"https:\/\/www.acotv.org\/es\/wp-json\/wp\/v2\/posts\/4935","targetHints":{"allow":["GET"]}}],"collection":[{"href":"https:\/\/www.acotv.org\/es\/wp-json\/wp\/v2\/posts"}],"about":[{"href":"https:\/\/www.acotv.org\/es\/wp-json\/wp\/v2\/types\/post"}],"author":[{"embeddable":true,"href":"https:\/\/www.acotv.org\/es\/wp-json\/wp\/v2\/users\/2"}],"replies":[{"embeddable":true,"href":"https:\/\/www.acotv.org\/es\/wp-json\/wp\/v2\/comments?post=4935"}],"version-history":[{"count":4,"href":"https:\/\/www.acotv.org\/es\/wp-json\/wp\/v2\/posts\/4935\/revisions"}],"predecessor-version":[{"id":6061,"href":"https:\/\/www.acotv.org\/es\/wp-json\/wp\/v2\/posts\/4935\/revisions\/6061"}],"wp:featuredmedia":[{"embeddable":true,"href":"https:\/\/www.acotv.org\/es\/wp-json\/wp\/v2\/media\/4931"}],"wp:attachment":[{"href":"https:\/\/www.acotv.org\/es\/wp-json\/wp\/v2\/media?parent=4935"}],"wp:term":[{"taxonomy":"category","embeddable":true,"href":"https:\/\/www.acotv.org\/es\/wp-json\/wp\/v2\/categories?post=4935"},{"taxonomy":"post_tag","embeddable":true,"href":"https:\/\/www.acotv.org\/es\/wp-json\/wp\/v2\/tags?post=4935"}],"curies":[{"name":"wp","href":"https:\/\/api.w.org\/{rel}","templated":true}]}}