{"id":4902,"date":"2022-06-29T18:15:41","date_gmt":"2022-06-29T16:15:41","guid":{"rendered":"https:\/\/www.acotv.org\/celebrada-lassemblea-general-2022-de-lacotv\/"},"modified":"2022-07-11T18:15:12","modified_gmt":"2022-07-11T16:15:12","slug":"celebrada-lassemblea-general-2022-de-lacotv","status":"publish","type":"post","link":"https:\/\/www.acotv.org\/es\/celebrada-lassemblea-general-2022-de-lacotv\/","title":{"rendered":"Celebrada la Asamblea General 2022 de la ACOTV"},"content":{"rendered":"\n<p class=\"has-medium-font-size wp-block-paragraph\"><mark style=\"background-color:rgba(0, 0, 0, 0)\" class=\"has-inline-color has-vivid-cyan-blue-color\"><strong>El pasado 16 de mayo se celebr\u00f3 la Asamblea General 2022 de ACOTV.<\/strong><\/mark><\/p>\n\n\n\n<p class=\"wp-block-paragraph\"><br>Durante el encuentro anual de socios, y siguiendo el orden del d\u00eda establecido, se aprob\u00f3 la <strong>Memoria y las cuentas del ejercicio 2021<\/strong>, as\u00ed como los<strong> presupuestos de 2022<\/strong>, que se presentaron y comentaron a todos los asociados asistentes.<\/p>\n\n\n\n<p class=\"wp-block-paragraph\">Las asambleas anuales son muy buena ocasi\u00f3n para que los asociados se pongan al d\u00eda de c\u00f3mo funciona la parte m\u00e1s operativa de la entidad y conozcan de primera mano toda la labor que se desarrolla desde la Junta Directiva y las comisiones de trabajo.<\/p>\n\n\n\n<p class=\"wp-block-paragraph\">Gracias a las diferentes intervenciones y explicaciones de los compa\u00f1eros y compa\u00f1eras implicados, todos los miembros interesados \u200b\u200bpueden ampliar y consultar durante estas reuniones toda aquella informaci\u00f3n que el grupo directivo pone al alcance de todos. Adem\u00e1s, estos encuentros anuales significan para el grupo una gran oportunidad para visualizar la acci\u00f3n que se impulsa desde la base asociativa, las reuniones de trabajo, organizaci\u00f3n de actividades y otros eventos que se coordinan con la colaboraci\u00f3n de los distintos grupos de trabajo formados por los miembros voluntarios que forman parte de ACOTV.<\/p>\n\n\n\n<p class=\"wp-block-paragraph\">Cada vez son m\u00e1s las personas que una vez informadas se animan a sumarse a las nuevas propuestas o a impulsar con mayor fuerza las ya existentes. Es por eso que dedicar un espacio para conocer mejor nuestra asociaci\u00f3n es un ejercicio que permite al grupo de inter\u00e9s, los asociados y los nuevos asociados, poder alinear valores y objetivos para continuar trabajando colectivamente en las nuevas necesidades y expectativas que se generan constantemente en el nuevo entorno profesional.<\/p>\n","protected":false},"excerpt":{"rendered":"<p>El pasado 16 de mayo se celebro la Asamblea General 2022 de la ACOTV<\/p>\n","protected":false},"author":2,"featured_media":5046,"comment_status":"open","ping_status":"open","sticky":false,"template":"","format":"standard","meta":{"ocean_front_end_style_editor":"no","ocean_post_layout":"","ocean_both_sidebars_style":"","ocean_both_sidebars_content_width":0,"ocean_both_sidebars_sidebars_width":0,"ocean_sidebar":"0","ocean_second_sidebar":"0","ocean_disable_margins":"enable","ocean_add_body_class":"","ocean_shortcode_before_top_bar":"","ocean_shortcode_after_top_bar":"","ocean_shortcode_before_header":"","ocean_shortcode_after_header":"","ocean_has_shortcode":"","ocean_shortcode_after_title":"","ocean_shortcode_before_footer_widgets":"","ocean_shortcode_after_footer_widgets":"","ocean_shortcode_before_footer_bottom":"","ocean_shortcode_after_footer_bottom":"","ocean_display_top_bar":"default","ocean_display_header":"default","ocean_header_style":"","ocean_center_header_left_menu":"0","ocean_custom_header_template":"0","ocean_custom_logo":0,"ocean_custom_retina_logo":0,"ocean_custom_logo_max_width":0,"ocean_custom_logo_tablet_max_width":0,"ocean_custom_logo_mobile_max_width":0,"ocean_custom_logo_max_height":0,"ocean_custom_logo_tablet_max_height":0,"ocean_custom_logo_mobile_max_height":0,"ocean_header_custom_menu":"0","ocean_menu_typo_font_family":"0","ocean_menu_typo_font_subset":"","ocean_menu_typo_font_size":0,"ocean_menu_typo_font_size_tablet":0,"ocean_menu_typo_font_size_mobile":0,"ocean_menu_typo_font_size_unit":"px","ocean_menu_typo_font_weight":"","ocean_menu_typo_font_weight_tablet":"","ocean_menu_typo_font_weight_mobile":"","ocean_menu_typo_transform":"","ocean_menu_typo_transform_tablet":"","ocean_menu_typo_transform_mobile":"","ocean_menu_typo_line_height":0,"ocean_menu_typo_line_height_tablet":0,"ocean_menu_typo_line_height_mobile":0,"ocean_menu_typo_line_height_unit":"","ocean_menu_typo_spacing":0,"ocean_menu_typo_spacing_tablet":0,"ocean_menu_typo_spacing_mobile":0,"ocean_menu_typo_spacing_unit":"","ocean_menu_link_color":"","ocean_menu_link_color_hover":"","ocean_menu_link_color_active":"","ocean_menu_link_background":"","ocean_menu_link_hover_background":"","ocean_menu_link_active_background":"","ocean_menu_social_links_bg":"","ocean_menu_social_hover_links_bg":"","ocean_menu_social_links_color":"","ocean_menu_social_hover_links_color":"","ocean_disable_title":"default","ocean_disable_heading":"default","ocean_post_title":"","ocean_post_subheading":"","ocean_post_title_style":"","ocean_post_title_background_color":"","ocean_post_title_background":0,"ocean_post_title_bg_image_position":"","ocean_post_title_bg_image_attachment":"","ocean_post_title_bg_image_repeat":"","ocean_post_title_bg_image_size":"","ocean_post_title_height":0,"ocean_post_title_bg_overlay":0.5,"ocean_post_title_bg_overlay_color":"","ocean_disable_breadcrumbs":"default","ocean_breadcrumbs_color":"","ocean_breadcrumbs_separator_color":"","ocean_breadcrumbs_links_color":"","ocean_breadcrumbs_links_hover_color":"","ocean_display_footer_widgets":"default","ocean_display_footer_bottom":"default","ocean_custom_footer_template":"0","ocean_post_oembed":"","ocean_post_self_hosted_media":"","ocean_post_video_embed":"","ocean_link_format":"","ocean_link_format_target":"self","ocean_quote_format":"","ocean_quote_format_link":"post","ocean_gallery_link_images":"off","ocean_gallery_id":[],"footnotes":""},"categories":[8],"tags":[107,108],"class_list":["post-4902","post","type-post","status-publish","format-standard","has-post-thumbnail","hentry","category-noticias","tag-associacio-2","tag-femacotv-2","entry","has-media"],"yoast_head":"<!-- This site is optimized with the Yoast SEO plugin v28.4 - https:\/\/yoast.com\/product\/yoast-seo-wordpress\/ -->\n<title>Celebrada la Asamblea General 2022 de la ACOTV - Asociaci\u00f3n Catalana de Optometr\u00eda y Terapia Visual<\/title>\n<meta name=\"robots\" content=\"index, follow, max-snippet:-1, max-image-preview:large, max-video-preview:-1\" \/>\n<link rel=\"canonical\" href=\"https:\/\/www.acotv.org\/es\/celebrada-lassemblea-general-2022-de-lacotv\/\" \/>\n<meta property=\"og:locale\" content=\"es_ES\" \/>\n<meta property=\"og:type\" content=\"article\" \/>\n<meta property=\"og:title\" content=\"Celebrada la Asamblea General 2022 de la ACOTV - Asociaci\u00f3n Catalana de Optometr\u00eda y Terapia Visual\" \/>\n<meta property=\"og:description\" content=\"El pasado 16 de mayo se celebro la Asamblea General 2022 de la ACOTV\" \/>\n<meta property=\"og:url\" content=\"https:\/\/www.acotv.org\/es\/celebrada-lassemblea-general-2022-de-lacotv\/\" \/>\n<meta property=\"og:site_name\" content=\"Asociaci\u00f3n Catalana de Optometr\u00eda y Terapia Visual\" \/>\n<meta property=\"article:published_time\" content=\"2022-06-29T16:15:41+00:00\" \/>\n<meta property=\"article:modified_time\" content=\"2022-07-11T16:15:12+00:00\" \/>\n<meta property=\"og:image\" content=\"https:\/\/www.acotv.org\/wp-content\/uploads\/microphone-2775447_1280.jpg\" \/>\n\t<meta property=\"og:image:width\" content=\"1280\" \/>\n\t<meta property=\"og:image:height\" content=\"853\" \/>\n\t<meta property=\"og:image:type\" content=\"image\/jpeg\" \/>\n<meta name=\"author\" content=\"ACOTV\" \/>\n<meta name=\"twitter:card\" content=\"summary_large_image\" \/>\n<meta name=\"twitter:label1\" content=\"Escrito por\" \/>\n\t<meta name=\"twitter:data1\" content=\"ACOTV\" \/>\n\t<meta name=\"twitter:label2\" content=\"Tiempo de lectura\" \/>\n\t<meta name=\"twitter:data2\" content=\"2 minutos\" \/>\n<script type=\"application\/ld+json\" class=\"yoast-schema-graph\">{\"@context\":\"https:\\\/\\\/schema.org\",\"@graph\":[{\"@type\":\"Article\",\"@id\":\"https:\\\/\\\/www.acotv.org\\\/es\\\/celebrada-lassemblea-general-2022-de-lacotv\\\/#article\",\"isPartOf\":{\"@id\":\"https:\\\/\\\/www.acotv.org\\\/es\\\/celebrada-lassemblea-general-2022-de-lacotv\\\/\"},\"author\":{\"name\":\"ACOTV\",\"@id\":\"https:\\\/\\\/www.acotv.org\\\/ca\\\/#\\\/schema\\\/person\\\/0de470fec1dbf9785a7343042d765744\"},\"headline\":\"Celebrada la Asamblea General 2022 de la ACOTV\",\"datePublished\":\"2022-06-29T16:15:41+00:00\",\"dateModified\":\"2022-07-11T16:15:12+00:00\",\"mainEntityOfPage\":{\"@id\":\"https:\\\/\\\/www.acotv.org\\\/es\\\/celebrada-lassemblea-general-2022-de-lacotv\\\/\"},\"wordCount\":283,\"commentCount\":0,\"image\":{\"@id\":\"https:\\\/\\\/www.acotv.org\\\/es\\\/celebrada-lassemblea-general-2022-de-lacotv\\\/#primaryimage\"},\"thumbnailUrl\":\"https:\\\/\\\/www.acotv.org\\\/wp-content\\\/uploads\\\/microphone-2775447_1280.jpg\",\"keywords\":[\"#Associaci\u00f3\",\"#femAcotv\"],\"articleSection\":[\"Noticias\"],\"inLanguage\":\"es\",\"potentialAction\":[{\"@type\":\"CommentAction\",\"name\":\"Comment\",\"target\":[\"https:\\\/\\\/www.acotv.org\\\/es\\\/celebrada-lassemblea-general-2022-de-lacotv\\\/#respond\"]}]},{\"@type\":\"WebPage\",\"@id\":\"https:\\\/\\\/www.acotv.org\\\/es\\\/celebrada-lassemblea-general-2022-de-lacotv\\\/\",\"url\":\"https:\\\/\\\/www.acotv.org\\\/es\\\/celebrada-lassemblea-general-2022-de-lacotv\\\/\",\"name\":\"Celebrada la Asamblea General 2022 de la ACOTV - Asociaci\u00f3n Catalana de Optometr\u00eda y Terapia Visual\",\"isPartOf\":{\"@id\":\"https:\\\/\\\/www.acotv.org\\\/ca\\\/#website\"},\"primaryImageOfPage\":{\"@id\":\"https:\\\/\\\/www.acotv.org\\\/es\\\/celebrada-lassemblea-general-2022-de-lacotv\\\/#primaryimage\"},\"image\":{\"@id\":\"https:\\\/\\\/www.acotv.org\\\/es\\\/celebrada-lassemblea-general-2022-de-lacotv\\\/#primaryimage\"},\"thumbnailUrl\":\"https:\\\/\\\/www.acotv.org\\\/wp-content\\\/uploads\\\/microphone-2775447_1280.jpg\",\"datePublished\":\"2022-06-29T16:15:41+00:00\",\"dateModified\":\"2022-07-11T16:15:12+00:00\",\"author\":{\"@id\":\"https:\\\/\\\/www.acotv.org\\\/ca\\\/#\\\/schema\\\/person\\\/0de470fec1dbf9785a7343042d765744\"},\"breadcrumb\":{\"@id\":\"https:\\\/\\\/www.acotv.org\\\/es\\\/celebrada-lassemblea-general-2022-de-lacotv\\\/#breadcrumb\"},\"inLanguage\":\"es\",\"potentialAction\":[{\"@type\":\"ReadAction\",\"target\":[\"https:\\\/\\\/www.acotv.org\\\/es\\\/celebrada-lassemblea-general-2022-de-lacotv\\\/\"]}]},{\"@type\":\"ImageObject\",\"inLanguage\":\"es\",\"@id\":\"https:\\\/\\\/www.acotv.org\\\/es\\\/celebrada-lassemblea-general-2022-de-lacotv\\\/#primaryimage\",\"url\":\"https:\\\/\\\/www.acotv.org\\\/wp-content\\\/uploads\\\/microphone-2775447_1280.jpg\",\"contentUrl\":\"https:\\\/\\\/www.acotv.org\\\/wp-content\\\/uploads\\\/microphone-2775447_1280.jpg\",\"width\":1280,\"height\":853},{\"@type\":\"BreadcrumbList\",\"@id\":\"https:\\\/\\\/www.acotv.org\\\/es\\\/celebrada-lassemblea-general-2022-de-lacotv\\\/#breadcrumb\",\"itemListElement\":[{\"@type\":\"ListItem\",\"position\":1,\"name\":\"Portada\",\"item\":\"https:\\\/\\\/www.acotv.org\\\/es\\\/\"},{\"@type\":\"ListItem\",\"position\":2,\"name\":\"Celebrada la Asamblea General 2022 de la ACOTV\"}]},{\"@type\":\"WebSite\",\"@id\":\"https:\\\/\\\/www.acotv.org\\\/ca\\\/#website\",\"url\":\"https:\\\/\\\/www.acotv.org\\\/ca\\\/\",\"name\":\"Asociaci\u00f3n Catalana de Optometr\u00eda y Terapia Visual\",\"description\":\"\",\"potentialAction\":[{\"@type\":\"SearchAction\",\"target\":{\"@type\":\"EntryPoint\",\"urlTemplate\":\"https:\\\/\\\/www.acotv.org\\\/ca\\\/?s={search_term_string}\"},\"query-input\":{\"@type\":\"PropertyValueSpecification\",\"valueRequired\":true,\"valueName\":\"search_term_string\"}}],\"inLanguage\":\"es\"},{\"@type\":\"Person\",\"@id\":\"https:\\\/\\\/www.acotv.org\\\/ca\\\/#\\\/schema\\\/person\\\/0de470fec1dbf9785a7343042d765744\",\"name\":\"ACOTV\",\"image\":{\"@type\":\"ImageObject\",\"inLanguage\":\"es\",\"@id\":\"https:\\\/\\\/www.acotv.org\\\/wp-content\\\/uploads\\\/Logo-petit-150x150.jpg\",\"url\":\"https:\\\/\\\/www.acotv.org\\\/wp-content\\\/uploads\\\/Logo-petit-150x150.jpg\",\"contentUrl\":\"https:\\\/\\\/www.acotv.org\\\/wp-content\\\/uploads\\\/Logo-petit-150x150.jpg\",\"caption\":\"ACOTV\"},\"url\":\"https:\\\/\\\/www.acotv.org\\\/es\\\/author\\\/acotv\\\/\"}]}<\/script>\n<!-- \/ Yoast SEO plugin. -->","yoast_head_json":{"title":"Celebrada la Asamblea General 2022 de la ACOTV - Asociaci\u00f3n Catalana de Optometr\u00eda y Terapia Visual","robots":{"index":"index","follow":"follow","max-snippet":"max-snippet:-1","max-image-preview":"max-image-preview:large","max-video-preview":"max-video-preview:-1"},"canonical":"https:\/\/www.acotv.org\/es\/celebrada-lassemblea-general-2022-de-lacotv\/","og_locale":"es_ES","og_type":"article","og_title":"Celebrada la Asamblea General 2022 de la ACOTV - Asociaci\u00f3n Catalana de Optometr\u00eda y Terapia Visual","og_description":"El pasado 16 de mayo se celebro la Asamblea General 2022 de la ACOTV","og_url":"https:\/\/www.acotv.org\/es\/celebrada-lassemblea-general-2022-de-lacotv\/","og_site_name":"Asociaci\u00f3n Catalana de Optometr\u00eda y Terapia Visual","article_published_time":"2022-06-29T16:15:41+00:00","article_modified_time":"2022-07-11T16:15:12+00:00","og_image":[{"width":1280,"height":853,"url":"https:\/\/www.acotv.org\/wp-content\/uploads\/microphone-2775447_1280.jpg","type":"image\/jpeg"}],"author":"ACOTV","twitter_card":"summary_large_image","twitter_misc":{"Escrito por":"ACOTV","Tiempo de lectura":"2 minutos"},"schema":{"@context":"https:\/\/schema.org","@graph":[{"@type":"Article","@id":"https:\/\/www.acotv.org\/es\/celebrada-lassemblea-general-2022-de-lacotv\/#article","isPartOf":{"@id":"https:\/\/www.acotv.org\/es\/celebrada-lassemblea-general-2022-de-lacotv\/"},"author":{"name":"ACOTV","@id":"https:\/\/www.acotv.org\/ca\/#\/schema\/person\/0de470fec1dbf9785a7343042d765744"},"headline":"Celebrada la Asamblea General 2022 de la ACOTV","datePublished":"2022-06-29T16:15:41+00:00","dateModified":"2022-07-11T16:15:12+00:00","mainEntityOfPage":{"@id":"https:\/\/www.acotv.org\/es\/celebrada-lassemblea-general-2022-de-lacotv\/"},"wordCount":283,"commentCount":0,"image":{"@id":"https:\/\/www.acotv.org\/es\/celebrada-lassemblea-general-2022-de-lacotv\/#primaryimage"},"thumbnailUrl":"https:\/\/www.acotv.org\/wp-content\/uploads\/microphone-2775447_1280.jpg","keywords":["#Associaci\u00f3","#femAcotv"],"articleSection":["Noticias"],"inLanguage":"es","potentialAction":[{"@type":"CommentAction","name":"Comment","target":["https:\/\/www.acotv.org\/es\/celebrada-lassemblea-general-2022-de-lacotv\/#respond"]}]},{"@type":"WebPage","@id":"https:\/\/www.acotv.org\/es\/celebrada-lassemblea-general-2022-de-lacotv\/","url":"https:\/\/www.acotv.org\/es\/celebrada-lassemblea-general-2022-de-lacotv\/","name":"Celebrada la Asamblea General 2022 de la ACOTV - Asociaci\u00f3n Catalana de Optometr\u00eda y Terapia Visual","isPartOf":{"@id":"https:\/\/www.acotv.org\/ca\/#website"},"primaryImageOfPage":{"@id":"https:\/\/www.acotv.org\/es\/celebrada-lassemblea-general-2022-de-lacotv\/#primaryimage"},"image":{"@id":"https:\/\/www.acotv.org\/es\/celebrada-lassemblea-general-2022-de-lacotv\/#primaryimage"},"thumbnailUrl":"https:\/\/www.acotv.org\/wp-content\/uploads\/microphone-2775447_1280.jpg","datePublished":"2022-06-29T16:15:41+00:00","dateModified":"2022-07-11T16:15:12+00:00","author":{"@id":"https:\/\/www.acotv.org\/ca\/#\/schema\/person\/0de470fec1dbf9785a7343042d765744"},"breadcrumb":{"@id":"https:\/\/www.acotv.org\/es\/celebrada-lassemblea-general-2022-de-lacotv\/#breadcrumb"},"inLanguage":"es","potentialAction":[{"@type":"ReadAction","target":["https:\/\/www.acotv.org\/es\/celebrada-lassemblea-general-2022-de-lacotv\/"]}]},{"@type":"ImageObject","inLanguage":"es","@id":"https:\/\/www.acotv.org\/es\/celebrada-lassemblea-general-2022-de-lacotv\/#primaryimage","url":"https:\/\/www.acotv.org\/wp-content\/uploads\/microphone-2775447_1280.jpg","contentUrl":"https:\/\/www.acotv.org\/wp-content\/uploads\/microphone-2775447_1280.jpg","width":1280,"height":853},{"@type":"BreadcrumbList","@id":"https:\/\/www.acotv.org\/es\/celebrada-lassemblea-general-2022-de-lacotv\/#breadcrumb","itemListElement":[{"@type":"ListItem","position":1,"name":"Portada","item":"https:\/\/www.acotv.org\/es\/"},{"@type":"ListItem","position":2,"name":"Celebrada la Asamblea General 2022 de la ACOTV"}]},{"@type":"WebSite","@id":"https:\/\/www.acotv.org\/ca\/#website","url":"https:\/\/www.acotv.org\/ca\/","name":"Asociaci\u00f3n Catalana de Optometr\u00eda y Terapia Visual","description":"","potentialAction":[{"@type":"SearchAction","target":{"@type":"EntryPoint","urlTemplate":"https:\/\/www.acotv.org\/ca\/?s={search_term_string}"},"query-input":{"@type":"PropertyValueSpecification","valueRequired":true,"valueName":"search_term_string"}}],"inLanguage":"es"},{"@type":"Person","@id":"https:\/\/www.acotv.org\/ca\/#\/schema\/person\/0de470fec1dbf9785a7343042d765744","name":"ACOTV","image":{"@type":"ImageObject","inLanguage":"es","@id":"https:\/\/www.acotv.org\/wp-content\/uploads\/Logo-petit-150x150.jpg","url":"https:\/\/www.acotv.org\/wp-content\/uploads\/Logo-petit-150x150.jpg","contentUrl":"https:\/\/www.acotv.org\/wp-content\/uploads\/Logo-petit-150x150.jpg","caption":"ACOTV"},"url":"https:\/\/www.acotv.org\/es\/author\/acotv\/"}]}},"_links":{"self":[{"href":"https:\/\/www.acotv.org\/es\/wp-json\/wp\/v2\/posts\/4902","targetHints":{"allow":["GET"]}}],"collection":[{"href":"https:\/\/www.acotv.org\/es\/wp-json\/wp\/v2\/posts"}],"about":[{"href":"https:\/\/www.acotv.org\/es\/wp-json\/wp\/v2\/types\/post"}],"author":[{"embeddable":true,"href":"https:\/\/www.acotv.org\/es\/wp-json\/wp\/v2\/users\/2"}],"replies":[{"embeddable":true,"href":"https:\/\/www.acotv.org\/es\/wp-json\/wp\/v2\/comments?post=4902"}],"version-history":[{"count":2,"href":"https:\/\/www.acotv.org\/es\/wp-json\/wp\/v2\/posts\/4902\/revisions"}],"predecessor-version":[{"id":4905,"href":"https:\/\/www.acotv.org\/es\/wp-json\/wp\/v2\/posts\/4902\/revisions\/4905"}],"wp:featuredmedia":[{"embeddable":true,"href":"https:\/\/www.acotv.org\/es\/wp-json\/wp\/v2\/media\/5046"}],"wp:attachment":[{"href":"https:\/\/www.acotv.org\/es\/wp-json\/wp\/v2\/media?parent=4902"}],"wp:term":[{"taxonomy":"category","embeddable":true,"href":"https:\/\/www.acotv.org\/es\/wp-json\/wp\/v2\/categories?post=4902"},{"taxonomy":"post_tag","embeddable":true,"href":"https:\/\/www.acotv.org\/es\/wp-json\/wp\/v2\/tags?post=4902"}],"curies":[{"name":"wp","href":"https:\/\/api.w.org\/{rel}","templated":true}]}}