{"id":4773,"date":"2022-05-10T10:17:17","date_gmt":"2022-05-10T08:17:17","guid":{"rendered":"https:\/\/www.acotv.org\/problemas-visuales-infantiles-parte-ii-6-14-anos-2\/"},"modified":"2025-06-27T13:29:57","modified_gmt":"2025-06-27T11:29:57","slug":"problemas-visuales-infantiles-parte-ii-6-14-anos-2","status":"publish","type":"post","link":"https:\/\/www.acotv.org\/es\/problemas-visuales-infantiles-parte-ii-6-14-anos-2\/","title":{"rendered":"PROBLEMAS VISUALES INFANTILES. PARTE II: 6-14 A\u00d1OS"},"content":{"rendered":"\n<p class=\"has-medium-font-size wp-block-paragraph\">En esta segunda parte del art\u00edculo, me centrar\u00e9 en los problemas visuales m\u00e1s frecuentes en ni\u00f1os en edad escolar.<\/p>\n\n<p class=\"wp-block-paragraph\">Empezar\u00e9 explicando por qu\u00e9 es tan importante realizar una evaluaci\u00f3n visual antes de que nuestro hijo o hija empiece la educaci\u00f3n primaria (6 a\u00f1os) y qu\u00e9 tipo de evaluaci\u00f3n visual debemos realizar para detectar cualquier dificultad que pueda presentar en el \u00e1mbito visual.<\/p>\n\n<p class=\"wp-block-paragraph\">Por \u00faltimo, har\u00e9 un recorrido sobre cu\u00e1les son los problemas visuales m\u00e1s frecuentes en estas edades, los s\u00edntomas m\u00e1s comunes de cada disfunci\u00f3n y las herramientas para solucionarlos.<\/p>\n\n<p class=\"has-text-color wp-block-paragraph\" style=\"color:#008ad0\"><strong>\u00bfPor qu\u00e9 es importante evaluar la visi\u00f3n antes de 6 a\u00f1os? \u00bfQu\u00e9 tipo de evaluaci\u00f3n debemos hacer?<\/strong><\/p>\n\n<p class=\"wp-block-paragraph\">Los problemas visuales en edad escolar son muy distintos a los preescolares, porque a partir de los 6 a\u00f1os tendr\u00e1n unas exigencias visuales en el terreno escolar distintas a las de preescolar. A partir de los 6 a\u00f1os el ni\u00f1o debe haber desarrollado casi por completo todas las habilidades visuales, ya que, de lo contrario, pueden provocar dificultades en sus tareas cotidianas e interferir en su aprendizaje<a href=\"https:\/\/cdn.ymaws.com\/www.covd.org\/resource\/resmgr\/position_papers\/vision-learning-dyslexia_-_j.pdf\" target=\"_blank\" rel=\"noreferrer noopener\"> (vision y aprendizaje).<\/a><\/p>\n\n<p class=\"wp-block-paragraph\">Como sabemos, la visi\u00f3n no es s\u00f3lo ver el 100%, sino mucho m\u00e1s. La visi\u00f3n nos permite dar significado, comprender lo que vemos y hace que nuestro cerebro y ojos est\u00e9n interrelacionados. Por tanto, una evaluaci\u00f3n completa de la visi\u00f3n en ni\u00f1os en edad escolar debe comprender las siguientes habilidades:<\/p>\n\n<figure class=\"wp-block-image size-large\"><img fetchpriority=\"high\" decoding=\"async\" width=\"1024\" height=\"384\" src=\"https:\/\/www.acotv.org\/wp-content\/uploads\/imatge2-9-1024x384.png\" alt=\"\" class=\"wp-image-4742\" srcset=\"https:\/\/www.acotv.org\/wp-content\/uploads\/imatge2-9-1024x384.png 1024w, https:\/\/www.acotv.org\/wp-content\/uploads\/imatge2-9-300x112.png 300w, https:\/\/www.acotv.org\/wp-content\/uploads\/imatge2-9-768x288.png 768w, https:\/\/www.acotv.org\/wp-content\/uploads\/imatge2-9.png 1265w\" sizes=\"(max-width: 1024px) 100vw, 1024px\" \/><\/figure>\n<figure class=\"wp-block-image size-large\"><img decoding=\"async\" width=\"1024\" height=\"302\" src=\"https:\/\/www.acotv.org\/wp-content\/uploads\/imatge3-13-1024x302.png\" alt=\"\" class=\"wp-image-4745\" srcset=\"https:\/\/www.acotv.org\/wp-content\/uploads\/imatge3-13-1024x302.png 1024w, https:\/\/www.acotv.org\/wp-content\/uploads\/imatge3-13-300x89.png 300w, https:\/\/www.acotv.org\/wp-content\/uploads\/imatge3-13-768x227.png 768w, https:\/\/www.acotv.org\/wp-content\/uploads\/imatge3-13.png 1253w\" sizes=\"(max-width: 1024px) 100vw, 1024px\" \/><\/figure>\n<p class=\"wp-block-paragraph\">En otras palabras, debemos saber no s\u00f3lo c\u00f3mo entra la informaci\u00f3n visual, sino tambi\u00e9n c\u00f3mo la procesa y da respuesta a esta informaci\u00f3n para saber d\u00f3nde puede estar el problema. Si s\u00f3lo se eval\u00faa la agudeza visual y la graduaci\u00f3n del ni\u00f1o, se pueden pasar por alto muchos problemas que pueden acarrear consecuencias importantes en su aprendizaje y en su vida.<\/p>\n\n<p class=\"has-text-color wp-block-paragraph\" style=\"color:#008ad0\"><strong>\u00bfCu\u00e1les son los problemas visuales infantiles m\u00e1s frecuentes entre 6-14 a\u00f1os?<\/strong><\/p>\n\n<p class=\"wp-block-paragraph\">A continuaci\u00f3n detallaremos los problemas visuales m\u00e1s comunes en ni\u00f1os y ni\u00f1as a partir de los 6 a\u00f1os, los s\u00edntomas m\u00e1s comunes y las principales herramientas para su tratamiento optom\u00e9trico.<\/p>\n\n<p class=\"wp-block-paragraph\"><strong>Errores refractivos<\/strong><\/p>\n\n<p class=\"wp-block-paragraph\"><strong>Son la causa principal de disminuci\u00f3n de la agudeza visual en la edad escolar. Principalmente la miop\u00eda y el astigmatismo.<\/strong> La prevalencia de los errores de refracci\u00f3n en ni\u00f1os de 5 a 15 a\u00f1os var\u00eda sustancialmente entre regiones geogr\u00e1ficas, localizaciones urbanas o rurales, y distintos grupos \u00e9tnicos.&#13;\n&#13;\nPor lo general, la prevalencia de la hipermetrop\u00eda disminuye con la edad, mientras que el astigmatismo permanece estable y la miop\u00eda aumenta con la edad <a href=\"http:\/\/scielo.isciii.es\/scielo.php?script=sci_arttext&amp;pid=S1139-76322017000300012\" target=\"_blank\" rel=\"noreferrer noopener\">(lo que no puede perder de vista el pediatra o la pediatra en la vista de los ni\u00f1os y ni\u00f1as)<\/a>.<\/p>\n\n<p class=\"wp-block-paragraph\">En cuanto a la miop\u00eda, que es el error refractivo de mayor prevalencia en estas edades, existen estudios que sugieren que el uso excesivo de dispositivos digitales o la escasez de actividades al aire libre aumentan las posibilidades de generar miop\u00eda o que esta miop\u00eda progrese <a href=\"https:\/\/www.sciencedirect.com\/science\/article\/pii\/S018745191630066X\">(prevalencia y factores asociados a miop\u00eda en j\u00f3venes)<\/a>.<\/p>\n\n<p class=\"wp-block-paragraph\"><strong>S\u00edntomas y tratamiento<\/strong><\/p>\n\n<p class=\"wp-block-paragraph\"><strong>Los problemas de graduaci\u00f3n afectan directamente a la agudeza visual de lejos y\/o de cerca y, a pesar de ser los m\u00e1s comunes, son los m\u00e1s f\u00e1ciles de detectar y solucionar<\/strong>, ya que el ni\u00f1o referir\u00e1 visi\u00f3n borrosa de lejos (miop\u00eda o astigmatismo) y\/o de cerca (hipermetrop\u00eda o astigmatismo), y con la prescripci\u00f3n en gafa o lentes de contacto el problema quedar\u00e1 resuelto.<\/p>\n\n<figure class=\"wp-block-image size-medium is-resized\"><img decoding=\"async\" src=\"https:\/\/www.acotv.org\/wp-content\/uploads\/imatge4-5-300x216.jpg\" alt=\"\" class=\"wp-image-4748\" width=\"300\" height=\"216\" srcset=\"https:\/\/www.acotv.org\/wp-content\/uploads\/imatge4-5-300x216.jpg 300w, https:\/\/www.acotv.org\/wp-content\/uploads\/imatge4-5-768x553.jpg 768w, https:\/\/www.acotv.org\/wp-content\/uploads\/imatge4-5.jpg 1024w\" sizes=\"(max-width: 300px) 100vw, 300px\" \/><figcaption>Figura 1. Simulaci\u00f3n de borrosidad con y sin lentes en defectos refractivos. (Imagen Ver para Crecer)<\/figcaption><\/figure>\n<p class=\"wp-block-paragraph\"><strong>Problemas de acomodaci\u00f3n o enfoque<\/strong><\/p>\n\n<p class=\"wp-block-paragraph\">Tras los problemas refractivos, y junto a los de coordinaci\u00f3n entre ambos ojos, son de los m\u00e1s frecuentes en edad escolar y, en gran parte, se deben a los cambios de h\u00e1bitos en la poblaci\u00f3n infantil desde el inicio de la era digital .<\/p>\n\n<p class=\"wp-block-paragraph\">Evolutivamente, nuestro sistema visual est\u00e1 dise\u00f1ado para que el 80% del tiempo nuestro enfoque est\u00e9 relajado enfocando a distancias lejanas (nuestros antepasados eran cazadores y necesitaban buena visi\u00f3n lejana), sin embargo, con la irrupci\u00f3n de la tecnolog\u00eda y la era digital, desafortunadamente, los ni\u00f1os y ni\u00f1as pasan actualmente m\u00e1s tiempo en casa con dispositivos digitales y han reducido notablemente las actividades al aire libre y el uso de la visi\u00f3n lejana.<\/p>\n\n<p class=\"wp-block-paragraph\">En el terreno visual, esto se traduce en que el sistema visual todav\u00eda inmaduro del ni\u00f1o se habit\u00faa a estar enfocado a distancias cercanas que le conduce a una situaci\u00f3n de estr\u00e9s e impiden que el sistema de enfoque desarrolle la habilidad de enfocarse de cerca y relajar el enfoque de lejos con facilidad. Esto comporta problemas<\/p>\n\n<p class=\"wp-block-paragraph\">de enfoque como la insuficiencia, exceso o inflexibilidad acomodativa e, incluso, como muchos estudios as\u00ed confirman, al establecimiento o progresi\u00f3n de miop\u00eda <a href=\"https:\/\/www.elsevier.es\/es-revista-revista-mexicana-oftalmologia-321-articulo-prevalencia-factores-asociados-miopia-jovenes-S018745191630066XUsers\/Usuario\/Downloads\/Prevalencia_y_factores_asociados_a_miopia_en_joven.pdf\">(prevalencia y factores asociados a miop\u00eda en j\u00f3venes)<\/a>.<\/p>\n\n<p class=\"wp-block-paragraph\"><strong>S\u00edntomas y tratamiento<\/strong><\/p>\n\n<p class=\"wp-block-paragraph\">Como consecuencia de todo esto, algunos de los s\u00edntomas que pueden referirse a los ni\u00f1os con problemas de enfoque son:<\/p>\n\n<ul class=\"wp-block-list\"><li>Visi\u00f3n borrosa de lejos y\/o de cerca<\/li><li>Fatiga visual despu\u00e9s de tareas visuales prolongadas<\/li><li>Abandono de tareas visuales cercanas<\/li><li>Parpadeo frecuente, lagrimeo o sensaci\u00f3n de incomodidad ante tareas visuales<\/li><li>Dolores de cabeza despu\u00e9s de tareas visuales prolongadas<\/li><\/ul>\n<p class=\"wp-block-paragraph\"><strong>Por ello, s\u00f3lo si se realiza un examen de todas las habilidades visuales ser\u00e1 posible detectar este tipo de problemas<\/strong> y diferenciar, por ejemplo, entre una miop\u00eda real o secundaria a un problema de enfoque.<\/p>\n\n<p class=\"wp-block-paragraph\">Sin embargo, adem\u00e1s de detectarlos, el optometrista comportamental podr\u00e1 proponer el tratamiento adecuado. En el caso de problemas de enfoque, <strong>algunas de las herramientas optom\u00e9tricas para solucionar los s\u00edntomas son:<\/strong><\/p>\n\n<ul class=\"wp-block-list\"><li><strong>Terapia visual<\/strong>: es el tratamiento principal y va encaminado a conseguir que el ni\u00f1o o ni\u00f1a sea consciente de la sensaci\u00f3n de enfoque y relajaci\u00f3n para que sea capaz de controlar en todo momento su sistema acomodativo.<\/li><li><strong>Lentes de rendimiento<\/strong>: suelen ser lentes positivas o prismas, cuyo objetivo es relajar el sistema visual reduciendo el estr\u00e9s y consiguiendo un rendimiento m\u00e1s eficaz.<\/li><\/ul>\n<figure class=\"wp-block-image size-full\"><img loading=\"lazy\" decoding=\"async\" width=\"326\" height=\"468\" src=\"https:\/\/www.acotv.org\/wp-content\/uploads\/imatge5-10.jpg\" alt=\"\" class=\"wp-image-4751\" srcset=\"https:\/\/www.acotv.org\/wp-content\/uploads\/imatge5-10.jpg 326w, https:\/\/www.acotv.org\/wp-content\/uploads\/imatge5-10-209x300.jpg 209w\" sizes=\"(max-width: 326px) 100vw, 326px\" \/><figcaption>Figura 2. Fatiga visual\u00a0(Imagen Ver para Crecer)<\/figcaption><\/figure>\n<p class=\"wp-block-paragraph\"><strong>Problemas de coordinaci\u00f3n entre ambos ojos<\/strong><\/p>\n\n<p class=\"wp-block-paragraph\"><strong>Son casi igual de frecuentes en la infancia que los problemas de enfoque<\/strong> <a href=\"https:\/\/es.scribd.com\/document\/376130835\/Dialnet-DisfuncionesNoEstrabicasDeLaVisionBinocularEntreLo-5625152\">(disfunciones no estr\u00e1bicas de la visi\u00f3n binocular entre 5 y 19 a\u00f1os)<\/a>. Esto se debe a que <strong>nuestro sistema de enfoque y de convergencia est\u00e1n \u00edntimamente relacionados.<\/strong><\/p>\n\n<p class=\"wp-block-paragraph\">Cuando queremos ver alg\u00fan objeto cercano, enfocamos y convergemos (nuestros ojos se juntan para apuntar al mismo punto) y, cuando miramos algo lejano, nuestro enfoque se relaja y nuestros ojos divergen (se separan). Por este motivo, <strong>en muchas ocasiones, un problema de enfoque conlleva un problema de coordinaci\u00f3n entre ambos ojos y viceversa.<\/strong><\/p>\n\n<p class=\"wp-block-paragraph\">Los problemas de coordinaci\u00f3n entre los dos ojos se diferencian en dos tipos: estr\u00e1bicos y no estr\u00e1bicos.<\/p>\n\n<p class=\"wp-block-paragraph\"><strong>Los estrabismos son la desviaci\u00f3n manifiesta de uno de los ejes visuales<\/strong> y no hablaremos de ello en este apartado porque suelen darse principalmente antes de los 6 a\u00f1os y son una de las principales causas de ambliop\u00eda, como indicamos en la <a href=\"https:\/\/ver-para-crecer.com\/problemas-visuales-infantiles-0-5-anos\/\">parte I de este art\u00edculo<\/a>.<\/p>\n\n<p class=\"wp-block-paragraph\">En este apartado nos centraremos en los <strong>problemas no estr\u00e1bicos, es decir, problemas en la coordinaci\u00f3n entre ambos ojos, sin que uno de los ojos se desv\u00ede de forma manifiesta.<\/strong><\/p>\n\n<p class=\"wp-block-paragraph\"><strong>Estos problemas no estr\u00e1bicos a priori pueden parecer menos graves, pero los s\u00edntomas que presentan estos ni\u00f1os y ni\u00f1as son mayores que en los estrabismos<\/strong>, ya que el cerebro estr\u00e1bico realiza adaptaciones sensoriales para eliminar s\u00edntomas, pero en los problemas no estr\u00e1bicos, el cerebro del ni\u00f1o quiere utilizar ambos ojos y al tener dificultad para coordinarlos, aparecen s\u00edntomas muy molestos.<\/p>\n\n<p class=\"wp-block-paragraph\"><strong>La disfunci\u00f3n no estr\u00e1bica m\u00e1s frecuente es la insuficiencia de convergencia, que consiste en la dificultad para obtener o mantener una convergencia adecuada sin esfuerzo<\/strong>, que ocasiona una gran sintomatolog\u00eda y astenop\u00eda en el o la paciente, dificultando su rendimiento y calidad de vida. La prevalencia de insuficiencia de convergencia est\u00e1 entre el 4 y el 6%.<\/p>\n\n<p class=\"wp-block-paragraph\"><strong>S\u00edntomas y tratamiento<\/strong><\/p>\n\n<p class=\"wp-block-paragraph\">Algunos de los s\u00edntomas m\u00e1s frecuentes en ni\u00f1os con problemas en la coordinaci\u00f3n entre ambos ojos son:<\/p>\n\n<ul class=\"wp-block-list\"><li>Gui\u00f1a un ojo o se lo tapa con frecuencia.<\/li><li>Presenta fatiga visual despu\u00e9s de tareas visuales prolongadas.<\/li><li>Siente que las letras \u00abse mueven\u00bb, \u00abse juntan\u00bb o \u00abflotan\u00bb al leer.<\/li><li>Tiene doble visi\u00f3n.<\/li><li>Desv\u00eda un ojo a veces, sobre todo cuando est\u00e1 cansado o cansada.<\/li><li>Se cansa con facilidad haciendo tareas cercanas y\/o abandona la tarea.<\/li><\/ul>\n<p class=\"wp-block-paragraph\">Al igual que con los problemas de enfoque, <strong>el tratamiento principal en estos casos es la terapia visual<\/strong> (aunque existen m\u00e1s herramientas como las lentes de rendimiento para aliviar los s\u00edntomas) y s\u00f3lo con una evaluaci\u00f3n completa de todas las habilidades visuales ser\u00e1 posible detectar y tratar estos problemas.<\/p>\n\n<figure class=\"wp-block-image size-full is-resized\"><img loading=\"lazy\" decoding=\"async\" src=\"https:\/\/www.acotv.org\/wp-content\/uploads\/imatge6-14.jpg\" alt=\"\" class=\"wp-image-4754\" width=\"399\" height=\"189\" srcset=\"https:\/\/www.acotv.org\/wp-content\/uploads\/imatge6-14.jpg 399w, https:\/\/www.acotv.org\/wp-content\/uploads\/imatge6-14-300x142.jpg 300w\" sizes=\"(max-width: 399px) 100vw, 399px\" \/><figcaption>Figura 3. Sensaci\u00f3n de que las letras \u00abse mueven\u00bb o \u00abse mezclan\u00bb en el texto (Imagen Ver para Crecer)<\/figcaption><\/figure>\n<p class=\"wp-block-paragraph\"><strong>Problemas de movimentos oculares<\/strong><\/p>\n\n<p class=\"wp-block-paragraph\"><strong>Unos movimientos oculares precisos y de buena calidad son fundamentales para cambiar la mirada del libro en la pizarra, para no perderse leyendo y tener un rendimiento eficaces en ciertos deportes<\/strong>. Hay tres tipos de movimientos oculares: <strong>fijaciones<\/strong> (capacidad de mantener la fijaci\u00f3n estable en nuestro objetivo), <strong>seguimientos<\/strong> (capacidad de seguir suavemente un objeto m\u00f3vil) y <strong>sac\u00e1dicos<\/strong> (capacidad de cambiar la fijaci\u00f3n de un punto a otro de forma r\u00e1pida y eficaz).<\/p>\n\n<p class=\"wp-block-paragraph\">Est\u00e1 demostrado que <strong>los ni\u00f1os con movimientos oculares imprecisos y de mala calidad presentan m\u00e1s problemas de lectura<\/strong>, que afectan tanto a la velocidad como a la comprensi\u00f3n lectora <a href=\"https:\/\/reunir.unir.net\/bitstream\/handle\/123456789\/1294\/2013_01_02_TFM_ESTUDIO_DEL_TRABAJO.pdf?sequence=1&amp;isAllowed=y\">(relaci\u00f3n entre movimientos oculares y lectura)<\/a>.<\/p>\n\n<p class=\"wp-block-paragraph\">Adem\u00e1s, otros estudios tambi\u00e9n demuestran que <strong>en los ni\u00f1os con problemas de atenci\u00f3n, como en el caso de TDAH, los movimientos oculares son m\u00e1s imprecisos y de peor calidad<\/strong> <a href=\"https:\/\/www.redalyc.org\/pdf\/2451\/245129173001.pdf\">(atenci\u00f3n y sac\u00e1dico)<\/a>. Por tanto, son de vital importancia unos movimientos oculares \u00f3ptimos, ya que favorecer\u00e1n el aprendizaje del ni\u00f1o.&#13;\n&#13;\n<strong>S\u00edntomas y tratamiento<\/strong><\/p>\n\n<p class=\"wp-block-paragraph\">Los <strong>s\u00edntomas m\u00e1s comunes<\/strong> que refieren los ni\u00f1os y ni\u00f1as con problemas de oculomotricidad son:<\/p>\n\n<ul class=\"wp-block-list\"><li>Usa el dedo con frecuencia para leer.<\/li><li>Se salta letras, palabras peque\u00f1as o l\u00edneas leyendo.<\/li><li>Mueve la cabeza de lado a lado de la p\u00e1gina al leer.<\/li><li>No le gustan los deportes de pilota o no tiene traza.<\/li><\/ul>\n<p class=\"wp-block-paragraph\">En estos casos, <strong>el principal tratamiento ser\u00e1 un programa de terapia visual personalizada, encaminada a conseguir que el o la paciente gane control y eficacia en sus movimientos oculares<\/strong>, trabajando habilidades b\u00e1sicas como la conciencia perif\u00e9rica y la integraci\u00f3n centro-periferia, que, en en otras palabras, es la habilidad de procesar simult\u00e1neamente la informaci\u00f3n central y perif\u00e9rica.<\/p>\n\n<p class=\"wp-block-paragraph\"><strong>El buen procesamiento de la informaci\u00f3n perif\u00e9rica es el que guiar\u00e1 a nuestros ojos a moverse de manera eficaz hacia el siguiente punto<\/strong> donde queremos dirigir nuestra atenci\u00f3n. Y esta habilidad, en muchos ni\u00f1os, est\u00e1 disminuida.<\/p>\n\n<figure class=\"wp-block-image size-full\"><img loading=\"lazy\" decoding=\"async\" width=\"300\" height=\"225\" src=\"https:\/\/www.acotv.org\/wp-content\/uploads\/imatge7-6.jpg\" alt=\"\" class=\"wp-image-4757\"\/><figcaption>Figura 4. Ni\u00f1o utilizando el dedo para leer por imprecisi\u00f3n de sus movimientos oculares. (Imagen Ver para Crecer)<\/figcaption><\/figure>\n<p class=\"wp-block-paragraph\"><strong>Problemas de procesamiento de la informaci\u00f3n visual<\/strong><\/p>\n\n<p class=\"wp-block-paragraph\">Como hemos dicho en numerosas ocasiones, <strong>la visi\u00f3n no es s\u00f3lo ver un 100%<\/strong>. Perder que nuestra visi\u00f3n es \u00f3ptima, primero debemos ser capaces de recibir la informaci\u00f3n visual de forma n\u00edtida y c\u00f3moda (a trav\u00e9s de habilidades de eficacia visual), pero, posteriormente, <strong>debemos procesarla de forma correcta para saberlo le dar respuesta. Esto se logra gracias a las habilidades de procesamiento de la informaci\u00f3n visual<\/strong>.<\/p>\n\n<p class=\"wp-block-paragraph\"><strong>Estas habilidades pueden subdividirse en cuatro sistemas: sistema visuoespacial, sistema de an\u00e1lisis visual, sistema de la integraci\u00f3n visuomotora y sistema de integraci\u00f3n visuoauditiva<\/strong>. Estos sistemas son de vital importancia, junto con las habilidades de eficacia para una lectura y escritura c\u00f3moda y eficaz, y, por tanto, para que el ni\u00f1o o ni\u00f1a tenga las herramientas visuales necesarias para un aprendizaje \u00f3ptimo. <a href=\"https:\/\/dialnet.unirioja.es\/servlet\/articulo?codigo=5599207\">(Influencia del sistema visual en el aprendizaje del proceso de lectura.)<\/a><\/p>\n\n<p class=\"wp-block-paragraph\"><strong>El sistema visuoespacial se basa en determinar la relaci\u00f3n existente entre forma y objeto, y d\u00f3nde est\u00e1n las cosas respecto de m\u00ed.<\/strong> Por tanto, en este sistema se eval\u00faa primeramente <strong>el desarrollo motor del ni\u00f1o y el correcto esquema corporal para saber si el ni\u00f1o o ni\u00f1a sabe situarse en el espacio y situar sus partes del cuerpo<\/strong>. Si no es capaz de ubicarse en el espacio, dif\u00edcilmente ser\u00e1 capaz de ubicar el resto de los objetos respecto a \u00e9l.<\/p>\n\n<p class=\"wp-block-paragraph\">Pero tambi\u00e9n <strong>este sistema contiene habilidades de direccionalidad y lateralidad: una persona con dificultad en estas funciones puede confundir hacia adelante, hacia abajo, derecha-izquierda y no ubicar correctamente objetos en el espacio<\/strong>. Esto podr\u00eda comportar una organizaci\u00f3n inadecuada de la informaci\u00f3n en un escrito, confundiendo direcciones de letras (confusiones b-d o p-q) y organizaci\u00f3n en el espacio del papel (escritura con efecto espejo).<\/p>\n\n<figure class=\"wp-block-image size-full\"><img loading=\"lazy\" decoding=\"async\" width=\"300\" height=\"225\" src=\"https:\/\/www.acotv.org\/wp-content\/uploads\/imatge8-6.jpg\" alt=\"\" class=\"wp-image-4760\"\/><figcaption>Figura 5. Escritura en efecto espejo\u00a0(Imagen Ver para Crecer)<\/figcaption><\/figure>\n<p class=\"wp-block-paragraph\"><strong>El sistema de an\u00e1lisis visual contiene varias \u00e1reas que son necesarias para reconocer formas, tama\u00f1os, objetos, colores y relaciones espaciales. Todas ellas son muy importantes en su lectura<\/strong>. Su funci\u00f3n es la de procesar la informaci\u00f3n captada por el sistema visual durante la lectura y brindar una interpretaci\u00f3n de la misma para obtener una informaci\u00f3n con la que se da lugar a procesos de aprendizaje y comunicaci\u00f3n.<\/p>\n\n<p class=\"wp-block-paragraph\"><strong>En este \u00e1rea se eval\u00faan las siguientes habilidades visuoperceptuales:<\/strong><\/p>\n\n<p class=\"wp-block-paragraph\"><strong>1) discriminaci\u00f3n visual:<\/strong> habilidad de reconocer caracter\u00edsticas de distintas formas como tama\u00f1o, forma, color y orientaci\u00f3n;<\/p>\n\n<p class=\"wp-block-paragraph\"><strong>2) figura-fondo:<\/strong> habilidad de reconocer una caracter\u00edstica o forma espec\u00edfica, manteniendo conciencia de la relaci\u00f3n de la forma respecto a una informaci\u00f3n de fondo;<\/p>\n\n<p class=\"wp-block-paragraph\"><strong>3) cierre visual:<\/strong> habilidad para estar consciente de pistas en una serie visual que permiten la percepci\u00f3n final, sin necesidad de que todos los detalles est\u00e9n presentes;<\/p>\n\n<p class=\"wp-block-paragraph\"><strong>4) constancia de formas:<\/strong> habilidad de identificar las caracter\u00edsticas invariantes de una forma cuando sufren una transformaci\u00f3n de tama\u00f1o, rotaci\u00f3n u orientaci\u00f3n.<\/p>\n\n<p class=\"wp-block-paragraph\"><strong>Tambi\u00e9n se analiza la atenci\u00f3n visual y se eval\u00faa en dos tipos de memoria:<\/strong> 1) memoria espacial, con la que se recuerda la localizaci\u00f3n de un objeto, y <strong>2) memoria visual secuencial<\/strong>, que permite recordar el orden exacto de \u00edtems de una secuencia.<\/p>\n\n<p class=\"wp-block-paragraph\">De todas estas habilidades, est\u00e1 demostrado que<strong> las que m\u00e1s intervienen en la fluidez y comprensi\u00f3n lectora son: la discriminaci\u00f3n visual, el cierre visual, la memoria espacial y la memoria secuencial<\/strong> (<a href=\"https:\/\/www.youtube.com\/watch?v=NuQjMM48TTo&amp;t=1402s\">influencia de los movimientos oculomotores y las habilidades visuoperceptivas en la eficacia lectora<\/a>) .<\/p>\n\n<p class=\"wp-block-paragraph\"><strong>La integraci\u00f3n visuomotora es la capacidad de realizar de forma motriz lo percibido por el sistema visual, importante para la ejecuci\u00f3n de tareas de coordinaci\u00f3n ojo-mano como la escritura<\/strong>, en la que es necesaria una buena coordinaci\u00f3n entre los aspectos verbales, visuales y motores . En esta \u00e1rea <strong>influye la dominancia ocular y manual, y la relaci\u00f3n interhemisf\u00e9rica, que es la rapidez con la que ambos hemisferios cerebrales transfieren informaci\u00f3n de uno a otro a trav\u00e9s del cuerpo calloso que los une<\/strong>. Si la dominancia ocular y manual es cruzada (ojo y mano contraria) y la relaci\u00f3n interhemisf\u00e9rica es pobre, tareas de coordinaci\u00f3n ojo-mano como la escritura o los deportes de raqueta y\/o pelota ser\u00e1n tareas complejas y costosas para el ni\u00f1o o ni\u00f1a .<\/p>\n\n<figure class=\"wp-block-image size-medium\"><img loading=\"lazy\" decoding=\"async\" width=\"300\" height=\"216\" src=\"https:\/\/www.acotv.org\/wp-content\/uploads\/imatge9-3-300x216.jpg\" alt=\"\" class=\"wp-image-4763\" srcset=\"https:\/\/www.acotv.org\/wp-content\/uploads\/imatge9-3-300x216.jpg 300w, https:\/\/www.acotv.org\/wp-content\/uploads\/imatge9-3-768x553.jpg 768w, https:\/\/www.acotv.org\/wp-content\/uploads\/imatge9-3.jpg 1024w\" sizes=\"(max-width: 300px) 100vw, 300px\" \/><figcaption>Figura 6. Dificultadas en tareas de coordinaci\u00f3n ojo-mano\u00a0(Imagen Ver para Crecer)<\/figcaption><\/figure>\n<p class=\"wp-block-paragraph\"><strong>En la integraci\u00f3n visuoauditiva se eval\u00faa la relaci\u00f3n entre el sistema auditivo y visual, y si existen diferencias significativas entre la entrada auditiva\/visual o la salida oral\/escrita.<\/strong> En muchos casos, las habilidades visuales necesarias para una lectura eficaz se encuentran dentro de la norma, pero el ni\u00f1o sigue teniendo problemas de lectura. Recuerde que para una lectura eficaz necesitamos habilidades visuales, auditivas y motoras. Y, <strong>en ocasiones, trabajar el procesamiento auditivo y su relaci\u00f3n con el sistema visual es la clave para desbloquear una buena eficacia lectora.<\/strong><\/p>\n\n<p class=\"wp-block-paragraph\"><strong>S\u00edntomas y tratamiento<\/strong><\/p>\n\n<p class=\"wp-block-paragraph\">Por lo general, algunos de los <strong>s\u00edntomas m\u00e1s comunes en ni\u00f1os con problemas de habilidades de procesamiento de la informaci\u00f3n visual son:<\/strong><\/p>\n\n<ul class=\"wp-block-list\"><li>Presenta problemas para recordar lo que lee.&#13;\n\u25cf Confunde letras o palabras similares.&#13;\n\u25cf Confunde b-d o p-q.&#13;\n\u25cf Invierte letras o n\u00fameros.&#13;\n\u25cf La escritura u otras tareas de coordinaci\u00f3n ojo-mano, como pintar, recortar, etc., son deficientes.&#13;\n\u25cf No le gustan los deportes de raqueta o pelota, o no tiene traza.&#13;\n\u25cf Confunde derecha-izquierda con frecuencia.&#13;\n\u25cf Es una criatura \u00abtorpe\u00bb en general, que tropieza con facilidad.&#13;\n\u25cf Le cuesta seguir instrucciones verbales.&#13;\n\u25cf Es hipersensible a ambientes ruidosos.<\/li><\/ul>\n<figure class=\"wp-block-image size-medium\"><img loading=\"lazy\" decoding=\"async\" width=\"300\" height=\"216\" src=\"https:\/\/www.acotv.org\/wp-content\/uploads\/imatge10-1-300x216.jpg\" alt=\"\" class=\"wp-image-4766\" srcset=\"https:\/\/www.acotv.org\/wp-content\/uploads\/imatge10-1-300x216.jpg 300w, https:\/\/www.acotv.org\/wp-content\/uploads\/imatge10-1-768x553.jpg 768w, https:\/\/www.acotv.org\/wp-content\/uploads\/imatge10-1.jpg 1024w\" sizes=\"(max-width: 300px) 100vw, 300px\" \/><figcaption>Figura 7. Ni\u00f1o hipersensible en ambientes ruidosos (Imagen Ver para Crecer)<\/figcaption><\/figure>\n<p class=\"wp-block-paragraph\">Y, por supuesto, <strong>en estos casos la \u00fanica herramienta, a la vez que la m\u00e1s potente para mejorar estas habilidades, es la terapia visual, que promueve el desarrollo de estas habilidades mediante los juegos<\/strong> (figura 8) y retos oportunos para cada caso en particular.<\/p>\n\n<figure class=\"wp-block-image size-medium\"><img loading=\"lazy\" decoding=\"async\" width=\"300\" height=\"216\" src=\"https:\/\/www.acotv.org\/wp-content\/uploads\/imatge11-300x216.jpg\" alt=\"\" class=\"wp-image-4769\" srcset=\"https:\/\/www.acotv.org\/wp-content\/uploads\/imatge11-300x216.jpg 300w, https:\/\/www.acotv.org\/wp-content\/uploads\/imatge11-768x553.jpg 768w, https:\/\/www.acotv.org\/wp-content\/uploads\/imatge11.jpg 1024w\" sizes=\"(max-width: 300px) 100vw, 300px\" \/><figcaption>Figura 8. Ni\u00f1os jugando en Tangram para desarrollar habilidades visuoespaciales y de an\u00e1lisis visual (Imagen Ver para Crecer)<\/figcaption><\/figure>\n<p class=\"wp-block-paragraph\">Como hemos visto, existen <strong>multitud de problemas visuales posibles en la infancia<\/strong>, y una valoraci\u00f3n \u00fanicamente de la agudeza visual y la graduaci\u00f3n queda muy corta para saber si la visi\u00f3n del ni\u00f1o es adecuada y est\u00e1 preparada para un aprendizaje \u00f3ptimo.<\/p>\n\n<p class=\"wp-block-paragraph\">Por ello, insisto en <strong>la importancia de evaluar todas las habilidades visuales mencionadas anteriormente para poder detectar y solucionar cualquier problema visual infantil que pueda interferir en el aprendizaje de sus hijos e hijas<\/strong>. El optometrista especializado en terapia visual es, en estos casos, el \u00fanico profesional cualificado que puede evaluar y tratar todas estas habilidades visuales funcionales.<\/p>\n\n<p class=\"wp-block-paragraph\">Nunca olvidemos que: \u00ab<strong>aprendemos a ver para, posteriormente, ser capaces de ver para aprender<\/strong>\u00ab.<\/p>\n\n<p class=\"wp-block-paragraph\">\u00bfY t\u00fa? \u00bfSab\u00edas que todos estos s\u00edntomas est\u00e1n relacionados con la visi\u00f3n? \u00bfSab\u00edas la importancia de realizar una exhaustiva evaluaci\u00f3n visual antes de los 6 a\u00f1os? \u00bfSab\u00edas todo lo que puede ayudar a la visi\u00f3n en el aprendizaje de tu hijo o hija, o interferir con ella? \u00bfTienes alguna duda sobre alg\u00fan punto en concreto? Por favor, h\u00e1gamelo saber en los comentarios.<\/p>\n\n<p class=\"wp-block-paragraph\">Art\u00edculo realizado por <strong>\u00c1LVARO GARC\u00cdA DE LA CRUZ<\/strong>&#13;\n\u00d3ptico optometrista. Colegiado 22.827&#13;\nMiembro de la Asociaci\u00f3n Catalana de Optometr\u00eda y Terapia Visual (ACOTV)<\/p>\n\n<p class=\"wp-block-paragraph\">Adaptaci\u00f3n traducida de la publicaci\u00f3n original en castellano del Blog <a href=\"https:\/\/ver-para-crecer.com\/problemas-visuales-infantiles-0-5-anos\/\">Ver para Crecer<\/a><\/p>\n","protected":false},"excerpt":{"rendered":"<p>En esta segunda parte del art\u00edculo, me centrar\u00e9 en los problemas visuales m\u00e1s frecuentes en ni\u00f1os en edad escolar. Empezar\u00e9 [&hellip;]<\/p>\n","protected":false},"author":2,"featured_media":4741,"comment_status":"open","ping_status":"open","sticky":false,"template":"","format":"standard","meta":{"ocean_front_end_style_editor":"no","ocean_post_layout":"","ocean_both_sidebars_style":"","ocean_both_sidebars_content_width":0,"ocean_both_sidebars_sidebars_width":0,"ocean_sidebar":"0","ocean_second_sidebar":"0","ocean_disable_margins":"enable","ocean_add_body_class":"","ocean_shortcode_before_top_bar":"","ocean_shortcode_after_top_bar":"","ocean_shortcode_before_header":"","ocean_shortcode_after_header":"","ocean_has_shortcode":"","ocean_shortcode_after_title":"","ocean_shortcode_before_footer_widgets":"","ocean_shortcode_after_footer_widgets":"","ocean_shortcode_before_footer_bottom":"","ocean_shortcode_after_footer_bottom":"","ocean_display_top_bar":"default","ocean_display_header":"default","ocean_header_style":"","ocean_center_header_left_menu":"0","ocean_custom_header_template":"0","ocean_custom_logo":0,"ocean_custom_retina_logo":0,"ocean_custom_logo_max_width":0,"ocean_custom_logo_tablet_max_width":0,"ocean_custom_logo_mobile_max_width":0,"ocean_custom_logo_max_height":0,"ocean_custom_logo_tablet_max_height":0,"ocean_custom_logo_mobile_max_height":0,"ocean_header_custom_menu":"0","ocean_menu_typo_font_family":"0","ocean_menu_typo_font_subset":"","ocean_menu_typo_font_size":0,"ocean_menu_typo_font_size_tablet":0,"ocean_menu_typo_font_size_mobile":0,"ocean_menu_typo_font_size_unit":"px","ocean_menu_typo_font_weight":"","ocean_menu_typo_font_weight_tablet":"","ocean_menu_typo_font_weight_mobile":"","ocean_menu_typo_transform":"","ocean_menu_typo_transform_tablet":"","ocean_menu_typo_transform_mobile":"","ocean_menu_typo_line_height":0,"ocean_menu_typo_line_height_tablet":0,"ocean_menu_typo_line_height_mobile":0,"ocean_menu_typo_line_height_unit":"","ocean_menu_typo_spacing":0,"ocean_menu_typo_spacing_tablet":0,"ocean_menu_typo_spacing_mobile":0,"ocean_menu_typo_spacing_unit":"","ocean_menu_link_color":"","ocean_menu_link_color_hover":"","ocean_menu_link_color_active":"","ocean_menu_link_background":"","ocean_menu_link_hover_background":"","ocean_menu_link_active_background":"","ocean_menu_social_links_bg":"","ocean_menu_social_hover_links_bg":"","ocean_menu_social_links_color":"","ocean_menu_social_hover_links_color":"","ocean_disable_title":"default","ocean_disable_heading":"default","ocean_post_title":"","ocean_post_subheading":"","ocean_post_title_style":"","ocean_post_title_background_color":"","ocean_post_title_background":0,"ocean_post_title_bg_image_position":"","ocean_post_title_bg_image_attachment":"","ocean_post_title_bg_image_repeat":"","ocean_post_title_bg_image_size":"","ocean_post_title_height":0,"ocean_post_title_bg_overlay":0.5,"ocean_post_title_bg_overlay_color":"","ocean_disable_breadcrumbs":"default","ocean_breadcrumbs_color":"","ocean_breadcrumbs_separator_color":"","ocean_breadcrumbs_links_color":"","ocean_breadcrumbs_links_hover_color":"","ocean_display_footer_widgets":"default","ocean_display_footer_bottom":"default","ocean_custom_footer_template":"0","ocean_post_oembed":"","ocean_post_self_hosted_media":"","ocean_post_video_embed":"","ocean_link_format":"","ocean_link_format_target":"self","ocean_quote_format":"","ocean_quote_format_link":"post","ocean_gallery_link_images":"on","ocean_gallery_id":[],"footnotes":""},"categories":[9],"tags":[],"class_list":["post-4773","post","type-post","status-publish","format-standard","has-post-thumbnail","hentry","category-blog","entry","has-media"],"yoast_head":"<!-- This site is optimized with the Yoast SEO plugin v28.4 - https:\/\/yoast.com\/product\/yoast-seo-wordpress\/ -->\n<title>PROBLEMAS VISUALES INFANTILES. PARTE II: 6-14 A\u00d1OS - Asociaci\u00f3n Catalana de Optometr\u00eda y Terapia Visual<\/title>\n<meta name=\"robots\" content=\"index, follow, max-snippet:-1, max-image-preview:large, max-video-preview:-1\" \/>\n<link rel=\"canonical\" href=\"https:\/\/www.acotv.org\/es\/problemas-visuales-infantiles-parte-ii-6-14-anos-2\/\" \/>\n<meta property=\"og:locale\" content=\"es_ES\" \/>\n<meta property=\"og:type\" content=\"article\" \/>\n<meta property=\"og:title\" content=\"PROBLEMAS VISUALES INFANTILES. PARTE II: 6-14 A\u00d1OS - Asociaci\u00f3n Catalana de Optometr\u00eda y Terapia Visual\" \/>\n<meta property=\"og:description\" content=\"En esta segunda parte del art\u00edculo, me centrar\u00e9 en los problemas visuales m\u00e1s frecuentes en ni\u00f1os en edad escolar. Empezar\u00e9 [&hellip;]\" \/>\n<meta property=\"og:url\" content=\"https:\/\/www.acotv.org\/es\/problemas-visuales-infantiles-parte-ii-6-14-anos-2\/\" \/>\n<meta property=\"og:site_name\" content=\"Asociaci\u00f3n Catalana de Optometr\u00eda y Terapia Visual\" \/>\n<meta property=\"article:published_time\" content=\"2022-05-10T08:17:17+00:00\" \/>\n<meta property=\"article:modified_time\" content=\"2025-06-27T11:29:57+00:00\" \/>\n<meta property=\"og:image\" content=\"https:\/\/www.acotv.org\/wp-content\/uploads\/imatge1-22.jpg\" \/>\n\t<meta property=\"og:image:width\" content=\"700\" \/>\n\t<meta property=\"og:image:height\" content=\"529\" \/>\n\t<meta property=\"og:image:type\" content=\"image\/jpeg\" \/>\n<meta name=\"author\" content=\"ACOTV\" \/>\n<meta name=\"twitter:card\" content=\"summary_large_image\" \/>\n<meta name=\"twitter:label1\" content=\"Escrito por\" \/>\n\t<meta name=\"twitter:data1\" content=\"ACOTV\" \/>\n\t<meta name=\"twitter:label2\" content=\"Tiempo de lectura\" \/>\n\t<meta name=\"twitter:data2\" content=\"16 minutos\" \/>\n<script type=\"application\/ld+json\" class=\"yoast-schema-graph\">{\"@context\":\"https:\\\/\\\/schema.org\",\"@graph\":[{\"@type\":\"Article\",\"@id\":\"https:\\\/\\\/www.acotv.org\\\/es\\\/problemas-visuales-infantiles-parte-ii-6-14-anos-2\\\/#article\",\"isPartOf\":{\"@id\":\"https:\\\/\\\/www.acotv.org\\\/es\\\/problemas-visuales-infantiles-parte-ii-6-14-anos-2\\\/\"},\"author\":{\"name\":\"ACOTV\",\"@id\":\"https:\\\/\\\/www.acotv.org\\\/ca\\\/#\\\/schema\\\/person\\\/0de470fec1dbf9785a7343042d765744\"},\"headline\":\"PROBLEMAS VISUALES INFANTILES. PARTE II: 6-14 A\u00d1OS\",\"datePublished\":\"2022-05-10T08:17:17+00:00\",\"dateModified\":\"2025-06-27T11:29:57+00:00\",\"mainEntityOfPage\":{\"@id\":\"https:\\\/\\\/www.acotv.org\\\/es\\\/problemas-visuales-infantiles-parte-ii-6-14-anos-2\\\/\"},\"wordCount\":3184,\"commentCount\":0,\"image\":{\"@id\":\"https:\\\/\\\/www.acotv.org\\\/es\\\/problemas-visuales-infantiles-parte-ii-6-14-anos-2\\\/#primaryimage\"},\"thumbnailUrl\":\"https:\\\/\\\/www.acotv.org\\\/wp-content\\\/uploads\\\/imatge1-22.jpg\",\"articleSection\":[\"Blog\"],\"inLanguage\":\"es\",\"potentialAction\":[{\"@type\":\"CommentAction\",\"name\":\"Comment\",\"target\":[\"https:\\\/\\\/www.acotv.org\\\/es\\\/problemas-visuales-infantiles-parte-ii-6-14-anos-2\\\/#respond\"]}]},{\"@type\":\"WebPage\",\"@id\":\"https:\\\/\\\/www.acotv.org\\\/es\\\/problemas-visuales-infantiles-parte-ii-6-14-anos-2\\\/\",\"url\":\"https:\\\/\\\/www.acotv.org\\\/es\\\/problemas-visuales-infantiles-parte-ii-6-14-anos-2\\\/\",\"name\":\"PROBLEMAS VISUALES INFANTILES. PARTE II: 6-14 A\u00d1OS - Asociaci\u00f3n Catalana de Optometr\u00eda y Terapia Visual\",\"isPartOf\":{\"@id\":\"https:\\\/\\\/www.acotv.org\\\/ca\\\/#website\"},\"primaryImageOfPage\":{\"@id\":\"https:\\\/\\\/www.acotv.org\\\/es\\\/problemas-visuales-infantiles-parte-ii-6-14-anos-2\\\/#primaryimage\"},\"image\":{\"@id\":\"https:\\\/\\\/www.acotv.org\\\/es\\\/problemas-visuales-infantiles-parte-ii-6-14-anos-2\\\/#primaryimage\"},\"thumbnailUrl\":\"https:\\\/\\\/www.acotv.org\\\/wp-content\\\/uploads\\\/imatge1-22.jpg\",\"datePublished\":\"2022-05-10T08:17:17+00:00\",\"dateModified\":\"2025-06-27T11:29:57+00:00\",\"author\":{\"@id\":\"https:\\\/\\\/www.acotv.org\\\/ca\\\/#\\\/schema\\\/person\\\/0de470fec1dbf9785a7343042d765744\"},\"breadcrumb\":{\"@id\":\"https:\\\/\\\/www.acotv.org\\\/es\\\/problemas-visuales-infantiles-parte-ii-6-14-anos-2\\\/#breadcrumb\"},\"inLanguage\":\"es\",\"potentialAction\":[{\"@type\":\"ReadAction\",\"target\":[\"https:\\\/\\\/www.acotv.org\\\/es\\\/problemas-visuales-infantiles-parte-ii-6-14-anos-2\\\/\"]}]},{\"@type\":\"ImageObject\",\"inLanguage\":\"es\",\"@id\":\"https:\\\/\\\/www.acotv.org\\\/es\\\/problemas-visuales-infantiles-parte-ii-6-14-anos-2\\\/#primaryimage\",\"url\":\"https:\\\/\\\/www.acotv.org\\\/wp-content\\\/uploads\\\/imatge1-22.jpg\",\"contentUrl\":\"https:\\\/\\\/www.acotv.org\\\/wp-content\\\/uploads\\\/imatge1-22.jpg\",\"width\":700,\"height\":529,\"caption\":\"Nen ulls blaus\"},{\"@type\":\"BreadcrumbList\",\"@id\":\"https:\\\/\\\/www.acotv.org\\\/es\\\/problemas-visuales-infantiles-parte-ii-6-14-anos-2\\\/#breadcrumb\",\"itemListElement\":[{\"@type\":\"ListItem\",\"position\":1,\"name\":\"Portada\",\"item\":\"https:\\\/\\\/www.acotv.org\\\/es\\\/\"},{\"@type\":\"ListItem\",\"position\":2,\"name\":\"PROBLEMAS VISUALES INFANTILES. PARTE II: 6-14 A\u00d1OS\"}]},{\"@type\":\"WebSite\",\"@id\":\"https:\\\/\\\/www.acotv.org\\\/ca\\\/#website\",\"url\":\"https:\\\/\\\/www.acotv.org\\\/ca\\\/\",\"name\":\"Asociaci\u00f3n Catalana de Optometr\u00eda y Terapia Visual\",\"description\":\"\",\"potentialAction\":[{\"@type\":\"SearchAction\",\"target\":{\"@type\":\"EntryPoint\",\"urlTemplate\":\"https:\\\/\\\/www.acotv.org\\\/ca\\\/?s={search_term_string}\"},\"query-input\":{\"@type\":\"PropertyValueSpecification\",\"valueRequired\":true,\"valueName\":\"search_term_string\"}}],\"inLanguage\":\"es\"},{\"@type\":\"Person\",\"@id\":\"https:\\\/\\\/www.acotv.org\\\/ca\\\/#\\\/schema\\\/person\\\/0de470fec1dbf9785a7343042d765744\",\"name\":\"ACOTV\",\"image\":{\"@type\":\"ImageObject\",\"inLanguage\":\"es\",\"@id\":\"https:\\\/\\\/www.acotv.org\\\/wp-content\\\/uploads\\\/Logo-petit-150x150.jpg\",\"url\":\"https:\\\/\\\/www.acotv.org\\\/wp-content\\\/uploads\\\/Logo-petit-150x150.jpg\",\"contentUrl\":\"https:\\\/\\\/www.acotv.org\\\/wp-content\\\/uploads\\\/Logo-petit-150x150.jpg\",\"caption\":\"ACOTV\"},\"url\":\"https:\\\/\\\/www.acotv.org\\\/es\\\/author\\\/acotv\\\/\"}]}<\/script>\n<!-- \/ Yoast SEO plugin. -->","yoast_head_json":{"title":"PROBLEMAS VISUALES INFANTILES. PARTE II: 6-14 A\u00d1OS - Asociaci\u00f3n Catalana de Optometr\u00eda y Terapia Visual","robots":{"index":"index","follow":"follow","max-snippet":"max-snippet:-1","max-image-preview":"max-image-preview:large","max-video-preview":"max-video-preview:-1"},"canonical":"https:\/\/www.acotv.org\/es\/problemas-visuales-infantiles-parte-ii-6-14-anos-2\/","og_locale":"es_ES","og_type":"article","og_title":"PROBLEMAS VISUALES INFANTILES. PARTE II: 6-14 A\u00d1OS - Asociaci\u00f3n Catalana de Optometr\u00eda y Terapia Visual","og_description":"En esta segunda parte del art\u00edculo, me centrar\u00e9 en los problemas visuales m\u00e1s frecuentes en ni\u00f1os en edad escolar. Empezar\u00e9 [&hellip;]","og_url":"https:\/\/www.acotv.org\/es\/problemas-visuales-infantiles-parte-ii-6-14-anos-2\/","og_site_name":"Asociaci\u00f3n Catalana de Optometr\u00eda y Terapia Visual","article_published_time":"2022-05-10T08:17:17+00:00","article_modified_time":"2025-06-27T11:29:57+00:00","og_image":[{"width":700,"height":529,"url":"https:\/\/www.acotv.org\/wp-content\/uploads\/imatge1-22.jpg","type":"image\/jpeg"}],"author":"ACOTV","twitter_card":"summary_large_image","twitter_misc":{"Escrito por":"ACOTV","Tiempo de lectura":"16 minutos"},"schema":{"@context":"https:\/\/schema.org","@graph":[{"@type":"Article","@id":"https:\/\/www.acotv.org\/es\/problemas-visuales-infantiles-parte-ii-6-14-anos-2\/#article","isPartOf":{"@id":"https:\/\/www.acotv.org\/es\/problemas-visuales-infantiles-parte-ii-6-14-anos-2\/"},"author":{"name":"ACOTV","@id":"https:\/\/www.acotv.org\/ca\/#\/schema\/person\/0de470fec1dbf9785a7343042d765744"},"headline":"PROBLEMAS VISUALES INFANTILES. PARTE II: 6-14 A\u00d1OS","datePublished":"2022-05-10T08:17:17+00:00","dateModified":"2025-06-27T11:29:57+00:00","mainEntityOfPage":{"@id":"https:\/\/www.acotv.org\/es\/problemas-visuales-infantiles-parte-ii-6-14-anos-2\/"},"wordCount":3184,"commentCount":0,"image":{"@id":"https:\/\/www.acotv.org\/es\/problemas-visuales-infantiles-parte-ii-6-14-anos-2\/#primaryimage"},"thumbnailUrl":"https:\/\/www.acotv.org\/wp-content\/uploads\/imatge1-22.jpg","articleSection":["Blog"],"inLanguage":"es","potentialAction":[{"@type":"CommentAction","name":"Comment","target":["https:\/\/www.acotv.org\/es\/problemas-visuales-infantiles-parte-ii-6-14-anos-2\/#respond"]}]},{"@type":"WebPage","@id":"https:\/\/www.acotv.org\/es\/problemas-visuales-infantiles-parte-ii-6-14-anos-2\/","url":"https:\/\/www.acotv.org\/es\/problemas-visuales-infantiles-parte-ii-6-14-anos-2\/","name":"PROBLEMAS VISUALES INFANTILES. PARTE II: 6-14 A\u00d1OS - Asociaci\u00f3n Catalana de Optometr\u00eda y Terapia Visual","isPartOf":{"@id":"https:\/\/www.acotv.org\/ca\/#website"},"primaryImageOfPage":{"@id":"https:\/\/www.acotv.org\/es\/problemas-visuales-infantiles-parte-ii-6-14-anos-2\/#primaryimage"},"image":{"@id":"https:\/\/www.acotv.org\/es\/problemas-visuales-infantiles-parte-ii-6-14-anos-2\/#primaryimage"},"thumbnailUrl":"https:\/\/www.acotv.org\/wp-content\/uploads\/imatge1-22.jpg","datePublished":"2022-05-10T08:17:17+00:00","dateModified":"2025-06-27T11:29:57+00:00","author":{"@id":"https:\/\/www.acotv.org\/ca\/#\/schema\/person\/0de470fec1dbf9785a7343042d765744"},"breadcrumb":{"@id":"https:\/\/www.acotv.org\/es\/problemas-visuales-infantiles-parte-ii-6-14-anos-2\/#breadcrumb"},"inLanguage":"es","potentialAction":[{"@type":"ReadAction","target":["https:\/\/www.acotv.org\/es\/problemas-visuales-infantiles-parte-ii-6-14-anos-2\/"]}]},{"@type":"ImageObject","inLanguage":"es","@id":"https:\/\/www.acotv.org\/es\/problemas-visuales-infantiles-parte-ii-6-14-anos-2\/#primaryimage","url":"https:\/\/www.acotv.org\/wp-content\/uploads\/imatge1-22.jpg","contentUrl":"https:\/\/www.acotv.org\/wp-content\/uploads\/imatge1-22.jpg","width":700,"height":529,"caption":"Nen ulls blaus"},{"@type":"BreadcrumbList","@id":"https:\/\/www.acotv.org\/es\/problemas-visuales-infantiles-parte-ii-6-14-anos-2\/#breadcrumb","itemListElement":[{"@type":"ListItem","position":1,"name":"Portada","item":"https:\/\/www.acotv.org\/es\/"},{"@type":"ListItem","position":2,"name":"PROBLEMAS VISUALES INFANTILES. PARTE II: 6-14 A\u00d1OS"}]},{"@type":"WebSite","@id":"https:\/\/www.acotv.org\/ca\/#website","url":"https:\/\/www.acotv.org\/ca\/","name":"Asociaci\u00f3n Catalana de Optometr\u00eda y Terapia Visual","description":"","potentialAction":[{"@type":"SearchAction","target":{"@type":"EntryPoint","urlTemplate":"https:\/\/www.acotv.org\/ca\/?s={search_term_string}"},"query-input":{"@type":"PropertyValueSpecification","valueRequired":true,"valueName":"search_term_string"}}],"inLanguage":"es"},{"@type":"Person","@id":"https:\/\/www.acotv.org\/ca\/#\/schema\/person\/0de470fec1dbf9785a7343042d765744","name":"ACOTV","image":{"@type":"ImageObject","inLanguage":"es","@id":"https:\/\/www.acotv.org\/wp-content\/uploads\/Logo-petit-150x150.jpg","url":"https:\/\/www.acotv.org\/wp-content\/uploads\/Logo-petit-150x150.jpg","contentUrl":"https:\/\/www.acotv.org\/wp-content\/uploads\/Logo-petit-150x150.jpg","caption":"ACOTV"},"url":"https:\/\/www.acotv.org\/es\/author\/acotv\/"}]}},"_links":{"self":[{"href":"https:\/\/www.acotv.org\/es\/wp-json\/wp\/v2\/posts\/4773","targetHints":{"allow":["GET"]}}],"collection":[{"href":"https:\/\/www.acotv.org\/es\/wp-json\/wp\/v2\/posts"}],"about":[{"href":"https:\/\/www.acotv.org\/es\/wp-json\/wp\/v2\/types\/post"}],"author":[{"embeddable":true,"href":"https:\/\/www.acotv.org\/es\/wp-json\/wp\/v2\/users\/2"}],"replies":[{"embeddable":true,"href":"https:\/\/www.acotv.org\/es\/wp-json\/wp\/v2\/comments?post=4773"}],"version-history":[{"count":1,"href":"https:\/\/www.acotv.org\/es\/wp-json\/wp\/v2\/posts\/4773\/revisions"}],"predecessor-version":[{"id":4774,"href":"https:\/\/www.acotv.org\/es\/wp-json\/wp\/v2\/posts\/4773\/revisions\/4774"}],"wp:featuredmedia":[{"embeddable":true,"href":"https:\/\/www.acotv.org\/es\/wp-json\/wp\/v2\/media\/4741"}],"wp:attachment":[{"href":"https:\/\/www.acotv.org\/es\/wp-json\/wp\/v2\/media?parent=4773"}],"wp:term":[{"taxonomy":"category","embeddable":true,"href":"https:\/\/www.acotv.org\/es\/wp-json\/wp\/v2\/categories?post=4773"},{"taxonomy":"post_tag","embeddable":true,"href":"https:\/\/www.acotv.org\/es\/wp-json\/wp\/v2\/tags?post=4773"}],"curies":[{"name":"wp","href":"https:\/\/api.w.org\/{rel}","templated":true}]}}