{"id":4642,"date":"2021-03-29T16:59:00","date_gmt":"2021-03-29T14:59:00","guid":{"rendered":"https:\/\/www.acotv.org\/difusio-optometrica\/"},"modified":"2022-09-06T10:19:44","modified_gmt":"2022-09-06T08:19:44","slug":"difusion-optometrica","status":"publish","type":"post","link":"https:\/\/www.acotv.org\/es\/difusion-optometrica\/","title":{"rendered":"Difusi\u00f3n optom\u00e9trica"},"content":{"rendered":"\n<p class=\"wp-block-paragraph\"><strong><mark style=\"background-color:rgba(0, 0, 0, 0)\" class=\"has-inline-color has-vivid-cyan-blue-color\">Conferencias a los maestros del Centro de Recursos Pedag\u00f3gicos de Badalona<\/mark><\/strong><\/p>\n\n\n\n<p class=\"wp-block-paragraph\">La&nbsp;optometrista y miembro de la ACOTV&nbsp;<strong>Myriam Velasco<\/strong>&nbsp;participa en el \u00abSeminario de intercambio de experiencias de educaci\u00f3n especial de la SIEI\u00bb que organiza el Centro de Recursos Pedag\u00f3gicos (CRP) de Badalona.<\/p>\n\n\n\n<p class=\"wp-block-paragraph\">&nbsp;Se impartieron tres conferencias sobre la repercusi\u00f3n que los problemas visuales pueden generar en el aprendizaje y durante la vida acad\u00e9mica, todas destinadas al equipo de maestros de educaci\u00f3n especial y de los SIEI Badalona.<\/p>\n\n\n\n<p class=\"wp-block-paragraph\"><strong>La primera conferencia<\/strong>&nbsp;abord\u00f3 la relaci\u00f3n entre la visi\u00f3n y el aprendizaje haciendo \u00e9nfasis en las disfunciones acomodativas, binoculares, motrices, visuoperceptivas y de integraci\u00f3n interhemisf\u00e9rica.<\/p>\n\n\n\n<p class=\"wp-block-paragraph\"><strong>La segunda conferencia<\/strong>&nbsp;era sobre la importancia de una correcta higiene visual en el buen rendimiento. Los contenidos se centraron en los indicadores que permiten detectar problemas visuales en el aula a trav\u00e9s de la observaci\u00f3n de los ni\u00f1os y la realizaci\u00f3n de algunas pruebas sencillas de detecci\u00f3n.<\/p>\n\n\n\n<p class=\"wp-block-paragraph\"><strong>La tercera<\/strong>&nbsp;y \u00faltima conferencia se centr\u00f3 en la exposici\u00f3n de casos reales propuestos por los maestros y casos resueltos. La experiencia fue muy positiva.<\/p>\n\n\n\n<p class=\"wp-block-paragraph\">&nbsp;Pod\u00e9is encontrar m\u00e1s informaci\u00f3n de estas conferencias al&nbsp;<a href=\"https:\/\/www.mouvisio.com\/blog\/\">Blog de Mouvisi\u00f3<\/a><\/p>\n","protected":false},"excerpt":{"rendered":"<p>LLa\u00a0optometrista y miembro de la ACOTV\u00a0Myriam Velasco\u00a0participa en el \u00abSeminario de intercambio de experiencias de educaci\u00f3n especial de la SIEI\u00bb que organiza el Centro de Recursos Pedag\u00f3gicos (CRP) de Badalona.<\/p>\n","protected":false},"author":2,"featured_media":4639,"comment_status":"open","ping_status":"open","sticky":false,"template":"","format":"standard","meta":{"ocean_front_end_style_editor":"no","ocean_post_layout":"","ocean_both_sidebars_style":"","ocean_both_sidebars_content_width":0,"ocean_both_sidebars_sidebars_width":0,"ocean_sidebar":"0","ocean_second_sidebar":"0","ocean_disable_margins":"enable","ocean_add_body_class":"","ocean_shortcode_before_top_bar":"","ocean_shortcode_after_top_bar":"","ocean_shortcode_before_header":"","ocean_shortcode_after_header":"","ocean_has_shortcode":"","ocean_shortcode_after_title":"","ocean_shortcode_before_footer_widgets":"","ocean_shortcode_after_footer_widgets":"","ocean_shortcode_before_footer_bottom":"","ocean_shortcode_after_footer_bottom":"","ocean_display_top_bar":"default","ocean_display_header":"default","ocean_header_style":"","ocean_center_header_left_menu":"0","ocean_custom_header_template":"0","ocean_custom_logo":0,"ocean_custom_retina_logo":0,"ocean_custom_logo_max_width":0,"ocean_custom_logo_tablet_max_width":0,"ocean_custom_logo_mobile_max_width":0,"ocean_custom_logo_max_height":0,"ocean_custom_logo_tablet_max_height":0,"ocean_custom_logo_mobile_max_height":0,"ocean_header_custom_menu":"0","ocean_menu_typo_font_family":"0","ocean_menu_typo_font_subset":"","ocean_menu_typo_font_size":0,"ocean_menu_typo_font_size_tablet":0,"ocean_menu_typo_font_size_mobile":0,"ocean_menu_typo_font_size_unit":"px","ocean_menu_typo_font_weight":"","ocean_menu_typo_font_weight_tablet":"","ocean_menu_typo_font_weight_mobile":"","ocean_menu_typo_transform":"","ocean_menu_typo_transform_tablet":"","ocean_menu_typo_transform_mobile":"","ocean_menu_typo_line_height":0,"ocean_menu_typo_line_height_tablet":0,"ocean_menu_typo_line_height_mobile":0,"ocean_menu_typo_line_height_unit":"","ocean_menu_typo_spacing":0,"ocean_menu_typo_spacing_tablet":0,"ocean_menu_typo_spacing_mobile":0,"ocean_menu_typo_spacing_unit":"","ocean_menu_link_color":"","ocean_menu_link_color_hover":"","ocean_menu_link_color_active":"","ocean_menu_link_background":"","ocean_menu_link_hover_background":"","ocean_menu_link_active_background":"","ocean_menu_social_links_bg":"","ocean_menu_social_hover_links_bg":"","ocean_menu_social_links_color":"","ocean_menu_social_hover_links_color":"","ocean_disable_title":"default","ocean_disable_heading":"default","ocean_post_title":"","ocean_post_subheading":"","ocean_post_title_style":"","ocean_post_title_background_color":"","ocean_post_title_background":0,"ocean_post_title_bg_image_position":"","ocean_post_title_bg_image_attachment":"","ocean_post_title_bg_image_repeat":"","ocean_post_title_bg_image_size":"","ocean_post_title_height":0,"ocean_post_title_bg_overlay":0.5,"ocean_post_title_bg_overlay_color":"","ocean_disable_breadcrumbs":"default","ocean_breadcrumbs_color":"","ocean_breadcrumbs_separator_color":"","ocean_breadcrumbs_links_color":"","ocean_breadcrumbs_links_hover_color":"","ocean_display_footer_widgets":"default","ocean_display_footer_bottom":"default","ocean_custom_footer_template":"0","ocean_post_oembed":"","ocean_post_self_hosted_media":"","ocean_post_video_embed":"","ocean_link_format":"","ocean_link_format_target":"self","ocean_quote_format":"","ocean_quote_format_link":"post","ocean_gallery_link_images":"off","ocean_gallery_id":[],"footnotes":""},"categories":[8],"tags":[185,176,184,60,177],"class_list":["post-4642","post","type-post","status-publish","format-standard","has-post-thumbnail","hentry","category-noticias","tag-charlasescuelas","tag-difusio-es","tag-difusion","tag-optometria","tag-xerradesescoles-es","entry","has-media"],"yoast_head":"<!-- This site is optimized with the Yoast SEO plugin v28.4 - https:\/\/yoast.com\/product\/yoast-seo-wordpress\/ -->\n<title>Difusi\u00f3n optom\u00e9trica - Asociaci\u00f3n Catalana de Optometr\u00eda y Terapia Visual<\/title>\n<meta name=\"robots\" content=\"index, follow, max-snippet:-1, max-image-preview:large, max-video-preview:-1\" \/>\n<link rel=\"canonical\" href=\"https:\/\/www.acotv.org\/es\/difusion-optometrica\/\" \/>\n<meta property=\"og:locale\" content=\"es_ES\" \/>\n<meta property=\"og:type\" content=\"article\" \/>\n<meta property=\"og:title\" content=\"Difusi\u00f3n optom\u00e9trica - Asociaci\u00f3n Catalana de Optometr\u00eda y Terapia Visual\" \/>\n<meta property=\"og:description\" content=\"LLa\u00a0optometrista y miembro de la ACOTV\u00a0Myriam Velasco\u00a0participa en el &quot;Seminario de intercambio de experiencias de educaci\u00f3n especial de la SIEI&quot; que organiza el Centro de Recursos Pedag\u00f3gicos (CRP) de Badalona.\" \/>\n<meta property=\"og:url\" content=\"https:\/\/www.acotv.org\/es\/difusion-optometrica\/\" \/>\n<meta property=\"og:site_name\" content=\"Asociaci\u00f3n Catalana de Optometr\u00eda y Terapia Visual\" \/>\n<meta property=\"article:published_time\" content=\"2021-03-29T14:59:00+00:00\" \/>\n<meta property=\"article:modified_time\" content=\"2022-09-06T08:19:44+00:00\" \/>\n<meta property=\"og:image\" content=\"https:\/\/www.acotv.org\/wp-content\/uploads\/workshop_700.jpg\" \/>\n\t<meta property=\"og:image:width\" content=\"700\" \/>\n\t<meta property=\"og:image:height\" content=\"467\" \/>\n\t<meta property=\"og:image:type\" content=\"image\/jpeg\" \/>\n<meta name=\"author\" content=\"ACOTV\" \/>\n<meta name=\"twitter:card\" content=\"summary_large_image\" \/>\n<meta name=\"twitter:label1\" content=\"Escrito por\" \/>\n\t<meta name=\"twitter:data1\" content=\"ACOTV\" \/>\n\t<meta name=\"twitter:label2\" content=\"Tiempo de lectura\" \/>\n\t<meta name=\"twitter:data2\" content=\"1 minuto\" \/>\n<script type=\"application\/ld+json\" class=\"yoast-schema-graph\">{\"@context\":\"https:\\\/\\\/schema.org\",\"@graph\":[{\"@type\":\"Article\",\"@id\":\"https:\\\/\\\/www.acotv.org\\\/es\\\/difusion-optometrica\\\/#article\",\"isPartOf\":{\"@id\":\"https:\\\/\\\/www.acotv.org\\\/es\\\/difusion-optometrica\\\/\"},\"author\":{\"name\":\"ACOTV\",\"@id\":\"https:\\\/\\\/www.acotv.org\\\/ca\\\/#\\\/schema\\\/person\\\/0de470fec1dbf9785a7343042d765744\"},\"headline\":\"Difusi\u00f3n optom\u00e9trica\",\"datePublished\":\"2021-03-29T14:59:00+00:00\",\"dateModified\":\"2022-09-06T08:19:44+00:00\",\"mainEntityOfPage\":{\"@id\":\"https:\\\/\\\/www.acotv.org\\\/es\\\/difusion-optometrica\\\/\"},\"wordCount\":220,\"commentCount\":0,\"image\":{\"@id\":\"https:\\\/\\\/www.acotv.org\\\/es\\\/difusion-optometrica\\\/#primaryimage\"},\"thumbnailUrl\":\"https:\\\/\\\/www.acotv.org\\\/wp-content\\\/uploads\\\/workshop_700.jpg\",\"keywords\":[\"CharlasEscuelas\",\"Difusi\u00f3\",\"Difusi\u00f3n\",\"Optometria\",\"XerradesEscoles\"],\"articleSection\":[\"Noticias\"],\"inLanguage\":\"es\",\"potentialAction\":[{\"@type\":\"CommentAction\",\"name\":\"Comment\",\"target\":[\"https:\\\/\\\/www.acotv.org\\\/es\\\/difusion-optometrica\\\/#respond\"]}]},{\"@type\":\"WebPage\",\"@id\":\"https:\\\/\\\/www.acotv.org\\\/es\\\/difusion-optometrica\\\/\",\"url\":\"https:\\\/\\\/www.acotv.org\\\/es\\\/difusion-optometrica\\\/\",\"name\":\"Difusi\u00f3n optom\u00e9trica - Asociaci\u00f3n Catalana de Optometr\u00eda y Terapia Visual\",\"isPartOf\":{\"@id\":\"https:\\\/\\\/www.acotv.org\\\/ca\\\/#website\"},\"primaryImageOfPage\":{\"@id\":\"https:\\\/\\\/www.acotv.org\\\/es\\\/difusion-optometrica\\\/#primaryimage\"},\"image\":{\"@id\":\"https:\\\/\\\/www.acotv.org\\\/es\\\/difusion-optometrica\\\/#primaryimage\"},\"thumbnailUrl\":\"https:\\\/\\\/www.acotv.org\\\/wp-content\\\/uploads\\\/workshop_700.jpg\",\"datePublished\":\"2021-03-29T14:59:00+00:00\",\"dateModified\":\"2022-09-06T08:19:44+00:00\",\"author\":{\"@id\":\"https:\\\/\\\/www.acotv.org\\\/ca\\\/#\\\/schema\\\/person\\\/0de470fec1dbf9785a7343042d765744\"},\"breadcrumb\":{\"@id\":\"https:\\\/\\\/www.acotv.org\\\/es\\\/difusion-optometrica\\\/#breadcrumb\"},\"inLanguage\":\"es\",\"potentialAction\":[{\"@type\":\"ReadAction\",\"target\":[\"https:\\\/\\\/www.acotv.org\\\/es\\\/difusion-optometrica\\\/\"]}]},{\"@type\":\"ImageObject\",\"inLanguage\":\"es\",\"@id\":\"https:\\\/\\\/www.acotv.org\\\/es\\\/difusion-optometrica\\\/#primaryimage\",\"url\":\"https:\\\/\\\/www.acotv.org\\\/wp-content\\\/uploads\\\/workshop_700.jpg\",\"contentUrl\":\"https:\\\/\\\/www.acotv.org\\\/wp-content\\\/uploads\\\/workshop_700.jpg\",\"width\":700,\"height\":467},{\"@type\":\"BreadcrumbList\",\"@id\":\"https:\\\/\\\/www.acotv.org\\\/es\\\/difusion-optometrica\\\/#breadcrumb\",\"itemListElement\":[{\"@type\":\"ListItem\",\"position\":1,\"name\":\"Portada\",\"item\":\"https:\\\/\\\/www.acotv.org\\\/es\\\/\"},{\"@type\":\"ListItem\",\"position\":2,\"name\":\"Difusi\u00f3n optom\u00e9trica\"}]},{\"@type\":\"WebSite\",\"@id\":\"https:\\\/\\\/www.acotv.org\\\/ca\\\/#website\",\"url\":\"https:\\\/\\\/www.acotv.org\\\/ca\\\/\",\"name\":\"Asociaci\u00f3n Catalana de Optometr\u00eda y Terapia Visual\",\"description\":\"\",\"potentialAction\":[{\"@type\":\"SearchAction\",\"target\":{\"@type\":\"EntryPoint\",\"urlTemplate\":\"https:\\\/\\\/www.acotv.org\\\/ca\\\/?s={search_term_string}\"},\"query-input\":{\"@type\":\"PropertyValueSpecification\",\"valueRequired\":true,\"valueName\":\"search_term_string\"}}],\"inLanguage\":\"es\"},{\"@type\":\"Person\",\"@id\":\"https:\\\/\\\/www.acotv.org\\\/ca\\\/#\\\/schema\\\/person\\\/0de470fec1dbf9785a7343042d765744\",\"name\":\"ACOTV\",\"image\":{\"@type\":\"ImageObject\",\"inLanguage\":\"es\",\"@id\":\"https:\\\/\\\/www.acotv.org\\\/wp-content\\\/uploads\\\/Logo-petit-150x150.jpg\",\"url\":\"https:\\\/\\\/www.acotv.org\\\/wp-content\\\/uploads\\\/Logo-petit-150x150.jpg\",\"contentUrl\":\"https:\\\/\\\/www.acotv.org\\\/wp-content\\\/uploads\\\/Logo-petit-150x150.jpg\",\"caption\":\"ACOTV\"},\"url\":\"https:\\\/\\\/www.acotv.org\\\/es\\\/author\\\/acotv\\\/\"}]}<\/script>\n<!-- \/ Yoast SEO plugin. -->","yoast_head_json":{"title":"Difusi\u00f3n optom\u00e9trica - Asociaci\u00f3n Catalana de Optometr\u00eda y Terapia Visual","robots":{"index":"index","follow":"follow","max-snippet":"max-snippet:-1","max-image-preview":"max-image-preview:large","max-video-preview":"max-video-preview:-1"},"canonical":"https:\/\/www.acotv.org\/es\/difusion-optometrica\/","og_locale":"es_ES","og_type":"article","og_title":"Difusi\u00f3n optom\u00e9trica - Asociaci\u00f3n Catalana de Optometr\u00eda y Terapia Visual","og_description":"LLa\u00a0optometrista y miembro de la ACOTV\u00a0Myriam Velasco\u00a0participa en el \"Seminario de intercambio de experiencias de educaci\u00f3n especial de la SIEI\" que organiza el Centro de Recursos Pedag\u00f3gicos (CRP) de Badalona.","og_url":"https:\/\/www.acotv.org\/es\/difusion-optometrica\/","og_site_name":"Asociaci\u00f3n Catalana de Optometr\u00eda y Terapia Visual","article_published_time":"2021-03-29T14:59:00+00:00","article_modified_time":"2022-09-06T08:19:44+00:00","og_image":[{"width":700,"height":467,"url":"https:\/\/www.acotv.org\/wp-content\/uploads\/workshop_700.jpg","type":"image\/jpeg"}],"author":"ACOTV","twitter_card":"summary_large_image","twitter_misc":{"Escrito por":"ACOTV","Tiempo de lectura":"1 minuto"},"schema":{"@context":"https:\/\/schema.org","@graph":[{"@type":"Article","@id":"https:\/\/www.acotv.org\/es\/difusion-optometrica\/#article","isPartOf":{"@id":"https:\/\/www.acotv.org\/es\/difusion-optometrica\/"},"author":{"name":"ACOTV","@id":"https:\/\/www.acotv.org\/ca\/#\/schema\/person\/0de470fec1dbf9785a7343042d765744"},"headline":"Difusi\u00f3n optom\u00e9trica","datePublished":"2021-03-29T14:59:00+00:00","dateModified":"2022-09-06T08:19:44+00:00","mainEntityOfPage":{"@id":"https:\/\/www.acotv.org\/es\/difusion-optometrica\/"},"wordCount":220,"commentCount":0,"image":{"@id":"https:\/\/www.acotv.org\/es\/difusion-optometrica\/#primaryimage"},"thumbnailUrl":"https:\/\/www.acotv.org\/wp-content\/uploads\/workshop_700.jpg","keywords":["CharlasEscuelas","Difusi\u00f3","Difusi\u00f3n","Optometria","XerradesEscoles"],"articleSection":["Noticias"],"inLanguage":"es","potentialAction":[{"@type":"CommentAction","name":"Comment","target":["https:\/\/www.acotv.org\/es\/difusion-optometrica\/#respond"]}]},{"@type":"WebPage","@id":"https:\/\/www.acotv.org\/es\/difusion-optometrica\/","url":"https:\/\/www.acotv.org\/es\/difusion-optometrica\/","name":"Difusi\u00f3n optom\u00e9trica - Asociaci\u00f3n Catalana de Optometr\u00eda y Terapia Visual","isPartOf":{"@id":"https:\/\/www.acotv.org\/ca\/#website"},"primaryImageOfPage":{"@id":"https:\/\/www.acotv.org\/es\/difusion-optometrica\/#primaryimage"},"image":{"@id":"https:\/\/www.acotv.org\/es\/difusion-optometrica\/#primaryimage"},"thumbnailUrl":"https:\/\/www.acotv.org\/wp-content\/uploads\/workshop_700.jpg","datePublished":"2021-03-29T14:59:00+00:00","dateModified":"2022-09-06T08:19:44+00:00","author":{"@id":"https:\/\/www.acotv.org\/ca\/#\/schema\/person\/0de470fec1dbf9785a7343042d765744"},"breadcrumb":{"@id":"https:\/\/www.acotv.org\/es\/difusion-optometrica\/#breadcrumb"},"inLanguage":"es","potentialAction":[{"@type":"ReadAction","target":["https:\/\/www.acotv.org\/es\/difusion-optometrica\/"]}]},{"@type":"ImageObject","inLanguage":"es","@id":"https:\/\/www.acotv.org\/es\/difusion-optometrica\/#primaryimage","url":"https:\/\/www.acotv.org\/wp-content\/uploads\/workshop_700.jpg","contentUrl":"https:\/\/www.acotv.org\/wp-content\/uploads\/workshop_700.jpg","width":700,"height":467},{"@type":"BreadcrumbList","@id":"https:\/\/www.acotv.org\/es\/difusion-optometrica\/#breadcrumb","itemListElement":[{"@type":"ListItem","position":1,"name":"Portada","item":"https:\/\/www.acotv.org\/es\/"},{"@type":"ListItem","position":2,"name":"Difusi\u00f3n optom\u00e9trica"}]},{"@type":"WebSite","@id":"https:\/\/www.acotv.org\/ca\/#website","url":"https:\/\/www.acotv.org\/ca\/","name":"Asociaci\u00f3n Catalana de Optometr\u00eda y Terapia Visual","description":"","potentialAction":[{"@type":"SearchAction","target":{"@type":"EntryPoint","urlTemplate":"https:\/\/www.acotv.org\/ca\/?s={search_term_string}"},"query-input":{"@type":"PropertyValueSpecification","valueRequired":true,"valueName":"search_term_string"}}],"inLanguage":"es"},{"@type":"Person","@id":"https:\/\/www.acotv.org\/ca\/#\/schema\/person\/0de470fec1dbf9785a7343042d765744","name":"ACOTV","image":{"@type":"ImageObject","inLanguage":"es","@id":"https:\/\/www.acotv.org\/wp-content\/uploads\/Logo-petit-150x150.jpg","url":"https:\/\/www.acotv.org\/wp-content\/uploads\/Logo-petit-150x150.jpg","contentUrl":"https:\/\/www.acotv.org\/wp-content\/uploads\/Logo-petit-150x150.jpg","caption":"ACOTV"},"url":"https:\/\/www.acotv.org\/es\/author\/acotv\/"}]}},"_links":{"self":[{"href":"https:\/\/www.acotv.org\/es\/wp-json\/wp\/v2\/posts\/4642","targetHints":{"allow":["GET"]}}],"collection":[{"href":"https:\/\/www.acotv.org\/es\/wp-json\/wp\/v2\/posts"}],"about":[{"href":"https:\/\/www.acotv.org\/es\/wp-json\/wp\/v2\/types\/post"}],"author":[{"embeddable":true,"href":"https:\/\/www.acotv.org\/es\/wp-json\/wp\/v2\/users\/2"}],"replies":[{"embeddable":true,"href":"https:\/\/www.acotv.org\/es\/wp-json\/wp\/v2\/comments?post=4642"}],"version-history":[{"count":4,"href":"https:\/\/www.acotv.org\/es\/wp-json\/wp\/v2\/posts\/4642\/revisions"}],"predecessor-version":[{"id":5499,"href":"https:\/\/www.acotv.org\/es\/wp-json\/wp\/v2\/posts\/4642\/revisions\/5499"}],"wp:featuredmedia":[{"embeddable":true,"href":"https:\/\/www.acotv.org\/es\/wp-json\/wp\/v2\/media\/4639"}],"wp:attachment":[{"href":"https:\/\/www.acotv.org\/es\/wp-json\/wp\/v2\/media?parent=4642"}],"wp:term":[{"taxonomy":"category","embeddable":true,"href":"https:\/\/www.acotv.org\/es\/wp-json\/wp\/v2\/categories?post=4642"},{"taxonomy":"post_tag","embeddable":true,"href":"https:\/\/www.acotv.org\/es\/wp-json\/wp\/v2\/tags?post=4642"}],"curies":[{"name":"wp","href":"https:\/\/api.w.org\/{rel}","templated":true}]}}