{"id":4626,"date":"2021-03-29T16:49:00","date_gmt":"2021-03-29T14:49:00","guid":{"rendered":"https:\/\/www.acotv.org\/primer-curs-2021\/"},"modified":"2022-09-06T10:20:23","modified_gmt":"2022-09-06T08:20:23","slug":"primer-curso-2021","status":"publish","type":"post","link":"https:\/\/www.acotv.org\/es\/primer-curso-2021\/","title":{"rendered":"Primer curso 2021"},"content":{"rendered":"\n<p class=\"wp-block-paragraph\"><strong><mark style=\"background-color:rgba(0, 0, 0, 0)\" class=\"has-inline-color has-vivid-cyan-blue-color\">La visi\u00f3n deportiva abre el programa de cursos ACOTV 2021<\/mark><\/strong><\/p>\n\n\n\n<p class=\"wp-block-paragraph\">La parte te\u00f3rica del curso&nbsp;<strong>Introducci\u00f3n a la Visi\u00f3n Deportiva<\/strong>&nbsp;guiada por el experto optometrista <strong>Jos\u00e9 Tom\u00e1s Ordo\u00f1ez,<\/strong> encabez\u00f3 el primero de los cursos previstos para este nuevo a\u00f1o.<\/p>\n\n\n\n<p class=\"wp-block-paragraph\">Una actividad formativa de 8 horas lectivas que adapt\u00e1ndose a las necesidades se ha propuesto en un formato mixto dividido en una parte en l\u00ednea (te\u00f3rica), la realizada el pasado 6 de marzo, y una parte presencial (pr\u00e1ctica) que tendr\u00e1 lugar en grupos reducidos y con todas las medidas de seguridad los pr\u00f3ximos 24 y 25 de abril en las instalaciones de la Facultad de \u00d3ptica y Optometr\u00eda de Terrassa.<\/p>\n\n\n\n<p class=\"wp-block-paragraph\">Los participantes recibieron en la exposici\u00f3n te\u00f3rica los fundamentos sobre los que se basa el trabajo en visi\u00f3n deportiva y se compartieron casos cl\u00ednicos reales que permite crear un espacio de intercambio de experiencias con el apoyo de los materiales docentes.<\/p>\n\n\n\n<p class=\"wp-block-paragraph\">1<img fetchpriority=\"high\" decoding=\"async\" width=\"700\" height=\"395\" class=\"wp-image-4619\" style=\"width: 700px;\" src=\"https:\/\/www.acotv.org\/wp-content\/uploads\/F_4.png\" alt=\"\" srcset=\"https:\/\/www.acotv.org\/wp-content\/uploads\/F_4.png 815w, https:\/\/www.acotv.org\/wp-content\/uploads\/F_4-300x169.png 300w, https:\/\/www.acotv.org\/wp-content\/uploads\/F_4-768x433.png 768w, https:\/\/www.acotv.org\/wp-content\/uploads\/F_4-800x450.png 800w\" sizes=\"(max-width: 700px) 100vw, 700px\" \/><\/p>\n\n\n\n<p class=\"wp-block-paragraph\">Durante la parte pr\u00e1ctica se llevar\u00e1n a cabo las demostraciones \u00abin situ\u00bb de los distintos procedimientos, se establecer\u00e1n y practicar\u00e1n los protocolos a seguir en visi\u00f3n deportiva.<\/p>\n\n\n\n<p class=\"wp-block-paragraph\">El objetivo de este curso es mejorar el conocimiento, por parte de los optometristas, de la relaci\u00f3n del rendimiento visual y de las diferentes habilidades visuales en el rendimiento deportivo.<\/p>\n\n\n\n<p class=\"wp-block-paragraph\"><\/p>\n","protected":false},"excerpt":{"rendered":"<p>La parte te\u00f3rica del curso\u00a0Introducci\u00f3n a la Visi\u00f3n Deportiva\u00a0guiada por el experto optometrista Jos\u00e9 Tom\u00e1s Ordo\u00f1ez, encabez\u00f3 el primero de los cursos previstos para este nuevo a\u00f1o.<\/p>\n","protected":false},"author":2,"featured_media":4624,"comment_status":"open","ping_status":"open","sticky":false,"template":"","format":"standard","meta":{"ocean_front_end_style_editor":"no","ocean_post_layout":"","ocean_both_sidebars_style":"","ocean_both_sidebars_content_width":0,"ocean_both_sidebars_sidebars_width":0,"ocean_sidebar":"0","ocean_second_sidebar":"0","ocean_disable_margins":"enable","ocean_add_body_class":"","ocean_shortcode_before_top_bar":"","ocean_shortcode_after_top_bar":"","ocean_shortcode_before_header":"","ocean_shortcode_after_header":"","ocean_has_shortcode":"","ocean_shortcode_after_title":"","ocean_shortcode_before_footer_widgets":"","ocean_shortcode_after_footer_widgets":"","ocean_shortcode_before_footer_bottom":"","ocean_shortcode_after_footer_bottom":"","ocean_display_top_bar":"default","ocean_display_header":"default","ocean_header_style":"","ocean_center_header_left_menu":"0","ocean_custom_header_template":"0","ocean_custom_logo":0,"ocean_custom_retina_logo":0,"ocean_custom_logo_max_width":0,"ocean_custom_logo_tablet_max_width":0,"ocean_custom_logo_mobile_max_width":0,"ocean_custom_logo_max_height":0,"ocean_custom_logo_tablet_max_height":0,"ocean_custom_logo_mobile_max_height":0,"ocean_header_custom_menu":"0","ocean_menu_typo_font_family":"0","ocean_menu_typo_font_subset":"","ocean_menu_typo_font_size":0,"ocean_menu_typo_font_size_tablet":0,"ocean_menu_typo_font_size_mobile":0,"ocean_menu_typo_font_size_unit":"px","ocean_menu_typo_font_weight":"","ocean_menu_typo_font_weight_tablet":"","ocean_menu_typo_font_weight_mobile":"","ocean_menu_typo_transform":"","ocean_menu_typo_transform_tablet":"","ocean_menu_typo_transform_mobile":"","ocean_menu_typo_line_height":0,"ocean_menu_typo_line_height_tablet":0,"ocean_menu_typo_line_height_mobile":0,"ocean_menu_typo_line_height_unit":"","ocean_menu_typo_spacing":0,"ocean_menu_typo_spacing_tablet":0,"ocean_menu_typo_spacing_mobile":0,"ocean_menu_typo_spacing_unit":"","ocean_menu_link_color":"","ocean_menu_link_color_hover":"","ocean_menu_link_color_active":"","ocean_menu_link_background":"","ocean_menu_link_hover_background":"","ocean_menu_link_active_background":"","ocean_menu_social_links_bg":"","ocean_menu_social_hover_links_bg":"","ocean_menu_social_links_color":"","ocean_menu_social_hover_links_color":"","ocean_disable_title":"default","ocean_disable_heading":"default","ocean_post_title":"","ocean_post_subheading":"","ocean_post_title_style":"","ocean_post_title_background_color":"","ocean_post_title_background":0,"ocean_post_title_bg_image_position":"","ocean_post_title_bg_image_attachment":"","ocean_post_title_bg_image_repeat":"","ocean_post_title_bg_image_size":"","ocean_post_title_height":0,"ocean_post_title_bg_overlay":0.5,"ocean_post_title_bg_overlay_color":"","ocean_disable_breadcrumbs":"default","ocean_breadcrumbs_color":"","ocean_breadcrumbs_separator_color":"","ocean_breadcrumbs_links_color":"","ocean_breadcrumbs_links_hover_color":"","ocean_display_footer_widgets":"default","ocean_display_footer_bottom":"default","ocean_custom_footer_template":"0","ocean_post_oembed":"","ocean_post_self_hosted_media":"","ocean_post_video_embed":"","ocean_link_format":"","ocean_link_format_target":"self","ocean_quote_format":"","ocean_quote_format_link":"post","ocean_gallery_link_images":"off","ocean_gallery_id":[],"footnotes":""},"categories":[8],"tags":[118,61,167],"class_list":["post-4626","post","type-post","status-publish","format-standard","has-post-thumbnail","hentry","category-noticias","tag-cursos-formacio-optometria-2","tag-terapiavisual","tag-visioesportiva-es","entry","has-media"],"yoast_head":"<!-- This site is optimized with the Yoast SEO plugin v28.4 - https:\/\/yoast.com\/product\/yoast-seo-wordpress\/ -->\n<title>Primer curso 2021 - Asociaci\u00f3n Catalana de Optometr\u00eda y Terapia Visual<\/title>\n<meta name=\"robots\" content=\"index, follow, max-snippet:-1, max-image-preview:large, max-video-preview:-1\" \/>\n<link rel=\"canonical\" href=\"https:\/\/www.acotv.org\/es\/primer-curso-2021\/\" \/>\n<meta property=\"og:locale\" content=\"es_ES\" \/>\n<meta property=\"og:type\" content=\"article\" \/>\n<meta property=\"og:title\" content=\"Primer curso 2021 - Asociaci\u00f3n Catalana de Optometr\u00eda y Terapia Visual\" \/>\n<meta property=\"og:description\" content=\"La parte te\u00f3rica del curso\u00a0Introducci\u00f3n a la Visi\u00f3n Deportiva\u00a0guiada por el experto optometrista Jos\u00e9 Tom\u00e1s Ordo\u00f1ez, encabez\u00f3 el primero de los cursos previstos para este nuevo a\u00f1o.\" \/>\n<meta property=\"og:url\" content=\"https:\/\/www.acotv.org\/es\/primer-curso-2021\/\" \/>\n<meta property=\"og:site_name\" content=\"Asociaci\u00f3n Catalana de Optometr\u00eda y Terapia Visual\" \/>\n<meta property=\"article:published_time\" content=\"2021-03-29T14:49:00+00:00\" \/>\n<meta property=\"article:modified_time\" content=\"2022-09-06T08:20:23+00:00\" \/>\n<meta property=\"og:image\" content=\"https:\/\/www.acotv.org\/wp-content\/uploads\/F_6.png\" \/>\n\t<meta property=\"og:image:width\" content=\"1023\" \/>\n\t<meta property=\"og:image:height\" content=\"591\" \/>\n\t<meta property=\"og:image:type\" content=\"image\/png\" \/>\n<meta name=\"author\" content=\"ACOTV\" \/>\n<meta name=\"twitter:card\" content=\"summary_large_image\" \/>\n<meta name=\"twitter:label1\" content=\"Escrito por\" \/>\n\t<meta name=\"twitter:data1\" content=\"ACOTV\" \/>\n\t<meta name=\"twitter:label2\" content=\"Tiempo de lectura\" \/>\n\t<meta name=\"twitter:data2\" content=\"2 minutos\" \/>\n<script type=\"application\/ld+json\" class=\"yoast-schema-graph\">{\"@context\":\"https:\\\/\\\/schema.org\",\"@graph\":[{\"@type\":\"Article\",\"@id\":\"https:\\\/\\\/www.acotv.org\\\/es\\\/primer-curso-2021\\\/#article\",\"isPartOf\":{\"@id\":\"https:\\\/\\\/www.acotv.org\\\/es\\\/primer-curso-2021\\\/\"},\"author\":{\"name\":\"ACOTV\",\"@id\":\"https:\\\/\\\/www.acotv.org\\\/ca\\\/#\\\/schema\\\/person\\\/0de470fec1dbf9785a7343042d765744\"},\"headline\":\"Primer curso 2021\",\"datePublished\":\"2021-03-29T14:49:00+00:00\",\"dateModified\":\"2022-09-06T08:20:23+00:00\",\"mainEntityOfPage\":{\"@id\":\"https:\\\/\\\/www.acotv.org\\\/es\\\/primer-curso-2021\\\/\"},\"wordCount\":229,\"commentCount\":0,\"image\":{\"@id\":\"https:\\\/\\\/www.acotv.org\\\/es\\\/primer-curso-2021\\\/#primaryimage\"},\"thumbnailUrl\":\"https:\\\/\\\/www.acotv.org\\\/wp-content\\\/uploads\\\/F_6.png\",\"keywords\":[\"#Cursos #Formacio #Optometria\",\"TerapiaVisual\",\"VisioEsportiva\"],\"articleSection\":[\"Noticias\"],\"inLanguage\":\"es\",\"potentialAction\":[{\"@type\":\"CommentAction\",\"name\":\"Comment\",\"target\":[\"https:\\\/\\\/www.acotv.org\\\/es\\\/primer-curso-2021\\\/#respond\"]}]},{\"@type\":\"WebPage\",\"@id\":\"https:\\\/\\\/www.acotv.org\\\/es\\\/primer-curso-2021\\\/\",\"url\":\"https:\\\/\\\/www.acotv.org\\\/es\\\/primer-curso-2021\\\/\",\"name\":\"Primer curso 2021 - Asociaci\u00f3n Catalana de Optometr\u00eda y Terapia Visual\",\"isPartOf\":{\"@id\":\"https:\\\/\\\/www.acotv.org\\\/ca\\\/#website\"},\"primaryImageOfPage\":{\"@id\":\"https:\\\/\\\/www.acotv.org\\\/es\\\/primer-curso-2021\\\/#primaryimage\"},\"image\":{\"@id\":\"https:\\\/\\\/www.acotv.org\\\/es\\\/primer-curso-2021\\\/#primaryimage\"},\"thumbnailUrl\":\"https:\\\/\\\/www.acotv.org\\\/wp-content\\\/uploads\\\/F_6.png\",\"datePublished\":\"2021-03-29T14:49:00+00:00\",\"dateModified\":\"2022-09-06T08:20:23+00:00\",\"author\":{\"@id\":\"https:\\\/\\\/www.acotv.org\\\/ca\\\/#\\\/schema\\\/person\\\/0de470fec1dbf9785a7343042d765744\"},\"breadcrumb\":{\"@id\":\"https:\\\/\\\/www.acotv.org\\\/es\\\/primer-curso-2021\\\/#breadcrumb\"},\"inLanguage\":\"es\",\"potentialAction\":[{\"@type\":\"ReadAction\",\"target\":[\"https:\\\/\\\/www.acotv.org\\\/es\\\/primer-curso-2021\\\/\"]}]},{\"@type\":\"ImageObject\",\"inLanguage\":\"es\",\"@id\":\"https:\\\/\\\/www.acotv.org\\\/es\\\/primer-curso-2021\\\/#primaryimage\",\"url\":\"https:\\\/\\\/www.acotv.org\\\/wp-content\\\/uploads\\\/F_6.png\",\"contentUrl\":\"https:\\\/\\\/www.acotv.org\\\/wp-content\\\/uploads\\\/F_6.png\",\"width\":1023,\"height\":591},{\"@type\":\"BreadcrumbList\",\"@id\":\"https:\\\/\\\/www.acotv.org\\\/es\\\/primer-curso-2021\\\/#breadcrumb\",\"itemListElement\":[{\"@type\":\"ListItem\",\"position\":1,\"name\":\"Portada\",\"item\":\"https:\\\/\\\/www.acotv.org\\\/es\\\/\"},{\"@type\":\"ListItem\",\"position\":2,\"name\":\"Primer curso 2021\"}]},{\"@type\":\"WebSite\",\"@id\":\"https:\\\/\\\/www.acotv.org\\\/ca\\\/#website\",\"url\":\"https:\\\/\\\/www.acotv.org\\\/ca\\\/\",\"name\":\"Asociaci\u00f3n Catalana de Optometr\u00eda y Terapia Visual\",\"description\":\"\",\"potentialAction\":[{\"@type\":\"SearchAction\",\"target\":{\"@type\":\"EntryPoint\",\"urlTemplate\":\"https:\\\/\\\/www.acotv.org\\\/ca\\\/?s={search_term_string}\"},\"query-input\":{\"@type\":\"PropertyValueSpecification\",\"valueRequired\":true,\"valueName\":\"search_term_string\"}}],\"inLanguage\":\"es\"},{\"@type\":\"Person\",\"@id\":\"https:\\\/\\\/www.acotv.org\\\/ca\\\/#\\\/schema\\\/person\\\/0de470fec1dbf9785a7343042d765744\",\"name\":\"ACOTV\",\"image\":{\"@type\":\"ImageObject\",\"inLanguage\":\"es\",\"@id\":\"https:\\\/\\\/www.acotv.org\\\/wp-content\\\/uploads\\\/Logo-petit-150x150.jpg\",\"url\":\"https:\\\/\\\/www.acotv.org\\\/wp-content\\\/uploads\\\/Logo-petit-150x150.jpg\",\"contentUrl\":\"https:\\\/\\\/www.acotv.org\\\/wp-content\\\/uploads\\\/Logo-petit-150x150.jpg\",\"caption\":\"ACOTV\"},\"url\":\"https:\\\/\\\/www.acotv.org\\\/es\\\/author\\\/acotv\\\/\"}]}<\/script>\n<!-- \/ Yoast SEO plugin. -->","yoast_head_json":{"title":"Primer curso 2021 - Asociaci\u00f3n Catalana de Optometr\u00eda y Terapia Visual","robots":{"index":"index","follow":"follow","max-snippet":"max-snippet:-1","max-image-preview":"max-image-preview:large","max-video-preview":"max-video-preview:-1"},"canonical":"https:\/\/www.acotv.org\/es\/primer-curso-2021\/","og_locale":"es_ES","og_type":"article","og_title":"Primer curso 2021 - Asociaci\u00f3n Catalana de Optometr\u00eda y Terapia Visual","og_description":"La parte te\u00f3rica del curso\u00a0Introducci\u00f3n a la Visi\u00f3n Deportiva\u00a0guiada por el experto optometrista Jos\u00e9 Tom\u00e1s Ordo\u00f1ez, encabez\u00f3 el primero de los cursos previstos para este nuevo a\u00f1o.","og_url":"https:\/\/www.acotv.org\/es\/primer-curso-2021\/","og_site_name":"Asociaci\u00f3n Catalana de Optometr\u00eda y Terapia Visual","article_published_time":"2021-03-29T14:49:00+00:00","article_modified_time":"2022-09-06T08:20:23+00:00","og_image":[{"width":1023,"height":591,"url":"https:\/\/www.acotv.org\/wp-content\/uploads\/F_6.png","type":"image\/png"}],"author":"ACOTV","twitter_card":"summary_large_image","twitter_misc":{"Escrito por":"ACOTV","Tiempo de lectura":"2 minutos"},"schema":{"@context":"https:\/\/schema.org","@graph":[{"@type":"Article","@id":"https:\/\/www.acotv.org\/es\/primer-curso-2021\/#article","isPartOf":{"@id":"https:\/\/www.acotv.org\/es\/primer-curso-2021\/"},"author":{"name":"ACOTV","@id":"https:\/\/www.acotv.org\/ca\/#\/schema\/person\/0de470fec1dbf9785a7343042d765744"},"headline":"Primer curso 2021","datePublished":"2021-03-29T14:49:00+00:00","dateModified":"2022-09-06T08:20:23+00:00","mainEntityOfPage":{"@id":"https:\/\/www.acotv.org\/es\/primer-curso-2021\/"},"wordCount":229,"commentCount":0,"image":{"@id":"https:\/\/www.acotv.org\/es\/primer-curso-2021\/#primaryimage"},"thumbnailUrl":"https:\/\/www.acotv.org\/wp-content\/uploads\/F_6.png","keywords":["#Cursos #Formacio #Optometria","TerapiaVisual","VisioEsportiva"],"articleSection":["Noticias"],"inLanguage":"es","potentialAction":[{"@type":"CommentAction","name":"Comment","target":["https:\/\/www.acotv.org\/es\/primer-curso-2021\/#respond"]}]},{"@type":"WebPage","@id":"https:\/\/www.acotv.org\/es\/primer-curso-2021\/","url":"https:\/\/www.acotv.org\/es\/primer-curso-2021\/","name":"Primer curso 2021 - Asociaci\u00f3n Catalana de Optometr\u00eda y Terapia Visual","isPartOf":{"@id":"https:\/\/www.acotv.org\/ca\/#website"},"primaryImageOfPage":{"@id":"https:\/\/www.acotv.org\/es\/primer-curso-2021\/#primaryimage"},"image":{"@id":"https:\/\/www.acotv.org\/es\/primer-curso-2021\/#primaryimage"},"thumbnailUrl":"https:\/\/www.acotv.org\/wp-content\/uploads\/F_6.png","datePublished":"2021-03-29T14:49:00+00:00","dateModified":"2022-09-06T08:20:23+00:00","author":{"@id":"https:\/\/www.acotv.org\/ca\/#\/schema\/person\/0de470fec1dbf9785a7343042d765744"},"breadcrumb":{"@id":"https:\/\/www.acotv.org\/es\/primer-curso-2021\/#breadcrumb"},"inLanguage":"es","potentialAction":[{"@type":"ReadAction","target":["https:\/\/www.acotv.org\/es\/primer-curso-2021\/"]}]},{"@type":"ImageObject","inLanguage":"es","@id":"https:\/\/www.acotv.org\/es\/primer-curso-2021\/#primaryimage","url":"https:\/\/www.acotv.org\/wp-content\/uploads\/F_6.png","contentUrl":"https:\/\/www.acotv.org\/wp-content\/uploads\/F_6.png","width":1023,"height":591},{"@type":"BreadcrumbList","@id":"https:\/\/www.acotv.org\/es\/primer-curso-2021\/#breadcrumb","itemListElement":[{"@type":"ListItem","position":1,"name":"Portada","item":"https:\/\/www.acotv.org\/es\/"},{"@type":"ListItem","position":2,"name":"Primer curso 2021"}]},{"@type":"WebSite","@id":"https:\/\/www.acotv.org\/ca\/#website","url":"https:\/\/www.acotv.org\/ca\/","name":"Asociaci\u00f3n Catalana de Optometr\u00eda y Terapia Visual","description":"","potentialAction":[{"@type":"SearchAction","target":{"@type":"EntryPoint","urlTemplate":"https:\/\/www.acotv.org\/ca\/?s={search_term_string}"},"query-input":{"@type":"PropertyValueSpecification","valueRequired":true,"valueName":"search_term_string"}}],"inLanguage":"es"},{"@type":"Person","@id":"https:\/\/www.acotv.org\/ca\/#\/schema\/person\/0de470fec1dbf9785a7343042d765744","name":"ACOTV","image":{"@type":"ImageObject","inLanguage":"es","@id":"https:\/\/www.acotv.org\/wp-content\/uploads\/Logo-petit-150x150.jpg","url":"https:\/\/www.acotv.org\/wp-content\/uploads\/Logo-petit-150x150.jpg","contentUrl":"https:\/\/www.acotv.org\/wp-content\/uploads\/Logo-petit-150x150.jpg","caption":"ACOTV"},"url":"https:\/\/www.acotv.org\/es\/author\/acotv\/"}]}},"_links":{"self":[{"href":"https:\/\/www.acotv.org\/es\/wp-json\/wp\/v2\/posts\/4626","targetHints":{"allow":["GET"]}}],"collection":[{"href":"https:\/\/www.acotv.org\/es\/wp-json\/wp\/v2\/posts"}],"about":[{"href":"https:\/\/www.acotv.org\/es\/wp-json\/wp\/v2\/types\/post"}],"author":[{"embeddable":true,"href":"https:\/\/www.acotv.org\/es\/wp-json\/wp\/v2\/users\/2"}],"replies":[{"embeddable":true,"href":"https:\/\/www.acotv.org\/es\/wp-json\/wp\/v2\/comments?post=4626"}],"version-history":[{"count":4,"href":"https:\/\/www.acotv.org\/es\/wp-json\/wp\/v2\/posts\/4626\/revisions"}],"predecessor-version":[{"id":5501,"href":"https:\/\/www.acotv.org\/es\/wp-json\/wp\/v2\/posts\/4626\/revisions\/5501"}],"wp:featuredmedia":[{"embeddable":true,"href":"https:\/\/www.acotv.org\/es\/wp-json\/wp\/v2\/media\/4624"}],"wp:attachment":[{"href":"https:\/\/www.acotv.org\/es\/wp-json\/wp\/v2\/media?parent=4626"}],"wp:term":[{"taxonomy":"category","embeddable":true,"href":"https:\/\/www.acotv.org\/es\/wp-json\/wp\/v2\/categories?post=4626"},{"taxonomy":"post_tag","embeddable":true,"href":"https:\/\/www.acotv.org\/es\/wp-json\/wp\/v2\/tags?post=4626"}],"curies":[{"name":"wp","href":"https:\/\/api.w.org\/{rel}","templated":true}]}}