{"id":4605,"date":"2021-03-21T16:29:00","date_gmt":"2021-03-21T15:29:00","guid":{"rendered":"https:\/\/www.acotv.org\/lestudi-de-recerca\/"},"modified":"2022-09-06T10:20:55","modified_gmt":"2022-09-06T08:20:55","slug":"elestudio-de-investigacion","status":"publish","type":"post","link":"https:\/\/www.acotv.org\/es\/elestudio-de-investigacion\/","title":{"rendered":"El estudio de investigaci\u00f3n"},"content":{"rendered":"\n<p class=\"wp-block-paragraph\"><strong><mark style=\"background-color:rgba(0, 0, 0, 0)\" class=\"has-inline-color has-vivid-cyan-blue-color\">Comienzan las mesuras del estudio de investigaci\u00f3n<\/mark><\/strong><\/p>\n\n\n\n<p class=\"wp-block-paragraph\">Despu\u00e9s de meses de preparaci\u00f3n, por fin el grupo de trabajo del \u00c1rea de Investigaci\u00f3n de la ACOTV ha podido poner en marcha las primeras pruebas.<\/p>\n\n\n\n<p class=\"wp-block-paragraph\">El 20 de marzo se iniciaba as\u00ed la primera de las diferentes sesiones programadas para realizar las medidas a los participantes voluntarios del&nbsp;<strong>Estudio de la influencia de diferentes longitudes de onda monocrom\u00e1ticas en el \u00e1mbito cerebral. Observaci\u00f3n mediante resonancia magn\u00e9tica funcional,<\/strong>&nbsp;con el objetivo de saber qu\u00e9 influencia tienen algunas longitudes de onda en el \u00e1mbito cerebral.<\/p>\n\n\n\n<p class=\"wp-block-paragraph\">El inter\u00e9s en este campo es causado por la pr\u00e1ctica de fototerapia por parte de muchos optometristas y la falta de evidencia cient\u00edfica, pero no cl\u00ednica. Se consider\u00f3 importante investigar en esta l\u00ednea para aportar base sobre esta t\u00e9cnica y dar los primeros pasos para seguir investigando, ya que el camino es largo.<\/p>\n\n\n\n<p class=\"wp-block-paragraph\"><img fetchpriority=\"high\" decoding=\"async\" width=\"350\" height=\"263\" class=\"wp-image-4598\" style=\"width: 350px;\" src=\"https:\/\/www.acotv.org\/wp-content\/uploads\/Recerca1_700.jpg\" alt=\"\" srcset=\"https:\/\/www.acotv.org\/wp-content\/uploads\/Recerca1_700.jpg 700w, https:\/\/www.acotv.org\/wp-content\/uploads\/Recerca1_700-300x225.jpg 300w\" sizes=\"(max-width: 350px) 100vw, 350px\" \/>  <img decoding=\"async\" width=\"350\" height=\"263\" class=\"wp-image-4601\" style=\"width: 350px;\" src=\"https:\/\/www.acotv.org\/wp-content\/uploads\/Recerca2_700.jpg\" alt=\"\" srcset=\"https:\/\/www.acotv.org\/wp-content\/uploads\/Recerca2_700.jpg 700w, https:\/\/www.acotv.org\/wp-content\/uploads\/Recerca2_700-300x225.jpg 300w\" sizes=\"(max-width: 350px) 100vw, 350px\" \/><\/p>\n\n\n\n<p class=\"wp-block-paragraph\">Despu\u00e9s de meses de preparaci\u00f3n, por fin el grupo de trabajo del \u00c1rea de Investigaci\u00f3n de la ACOTV ha podido poner en marcha las primeras pruebas.<\/p>\n\n\n\n<p class=\"wp-block-paragraph\">El 20 de marzo se iniciaba as\u00ed la primera de las diferentes sesiones programadas para realizar las medidas a los participantes voluntarios del&nbsp;<strong>Estudio de la influencia de diferentes longitudes de onda monocrom\u00e1ticas en el \u00e1mbito cerebral. Observaci\u00f3n mediante resonancia magn\u00e9tica funcional,<\/strong>&nbsp;con el objetivo de saber qu\u00e9 influencia tienen algunas longitudes de onda en el \u00e1mbito cerebral.<\/p>\n\n\n\n<p class=\"wp-block-paragraph\">El inter\u00e9s en este campo es causado por la pr\u00e1ctica de fototerapia por parte de muchos optometristas y la falta de evidencia cient\u00edfica, pero no cl\u00ednica. Se consider\u00f3 importante investigar en esta l\u00ednea para aportar base sobre esta t\u00e9cnica y dar los primeros pasos para seguir investigando, ya que el camino es largo.<\/p>\n","protected":false},"excerpt":{"rendered":"<p>Despu\u00e9s de meses de preparaci\u00f3n, por fin el grupo de trabajo del \u00c1rea de Investigaci\u00f3n de la ACOTV ha podido poner en marcha las primeras pruebas.<\/p>\n","protected":false},"author":2,"featured_media":4597,"comment_status":"open","ping_status":"open","sticky":false,"template":"","format":"standard","meta":{"ocean_front_end_style_editor":"no","ocean_post_layout":"","ocean_both_sidebars_style":"","ocean_both_sidebars_content_width":0,"ocean_both_sidebars_sidebars_width":0,"ocean_sidebar":"0","ocean_second_sidebar":"0","ocean_disable_margins":"enable","ocean_add_body_class":"","ocean_shortcode_before_top_bar":"","ocean_shortcode_after_top_bar":"","ocean_shortcode_before_header":"","ocean_shortcode_after_header":"","ocean_has_shortcode":"","ocean_shortcode_after_title":"","ocean_shortcode_before_footer_widgets":"","ocean_shortcode_after_footer_widgets":"","ocean_shortcode_before_footer_bottom":"","ocean_shortcode_after_footer_bottom":"","ocean_display_top_bar":"default","ocean_display_header":"default","ocean_header_style":"","ocean_center_header_left_menu":"0","ocean_custom_header_template":"0","ocean_custom_logo":0,"ocean_custom_retina_logo":0,"ocean_custom_logo_max_width":0,"ocean_custom_logo_tablet_max_width":0,"ocean_custom_logo_mobile_max_width":0,"ocean_custom_logo_max_height":0,"ocean_custom_logo_tablet_max_height":0,"ocean_custom_logo_mobile_max_height":0,"ocean_header_custom_menu":"0","ocean_menu_typo_font_family":"0","ocean_menu_typo_font_subset":"","ocean_menu_typo_font_size":0,"ocean_menu_typo_font_size_tablet":0,"ocean_menu_typo_font_size_mobile":0,"ocean_menu_typo_font_size_unit":"px","ocean_menu_typo_font_weight":"","ocean_menu_typo_font_weight_tablet":"","ocean_menu_typo_font_weight_mobile":"","ocean_menu_typo_transform":"","ocean_menu_typo_transform_tablet":"","ocean_menu_typo_transform_mobile":"","ocean_menu_typo_line_height":0,"ocean_menu_typo_line_height_tablet":0,"ocean_menu_typo_line_height_mobile":0,"ocean_menu_typo_line_height_unit":"","ocean_menu_typo_spacing":0,"ocean_menu_typo_spacing_tablet":0,"ocean_menu_typo_spacing_mobile":0,"ocean_menu_typo_spacing_unit":"","ocean_menu_link_color":"","ocean_menu_link_color_hover":"","ocean_menu_link_color_active":"","ocean_menu_link_background":"","ocean_menu_link_hover_background":"","ocean_menu_link_active_background":"","ocean_menu_social_links_bg":"","ocean_menu_social_hover_links_bg":"","ocean_menu_social_links_color":"","ocean_menu_social_hover_links_color":"","ocean_disable_title":"default","ocean_disable_heading":"default","ocean_post_title":"","ocean_post_subheading":"","ocean_post_title_style":"","ocean_post_title_background_color":"","ocean_post_title_background":0,"ocean_post_title_bg_image_position":"","ocean_post_title_bg_image_attachment":"","ocean_post_title_bg_image_repeat":"","ocean_post_title_bg_image_size":"","ocean_post_title_height":0,"ocean_post_title_bg_overlay":0.5,"ocean_post_title_bg_overlay_color":"","ocean_disable_breadcrumbs":"default","ocean_breadcrumbs_color":"","ocean_breadcrumbs_separator_color":"","ocean_breadcrumbs_links_color":"","ocean_breadcrumbs_links_hover_color":"","ocean_display_footer_widgets":"default","ocean_display_footer_bottom":"default","ocean_custom_footer_template":"0","ocean_post_oembed":"","ocean_post_self_hosted_media":"","ocean_post_video_embed":"","ocean_link_format":"","ocean_link_format_target":"self","ocean_quote_format":"","ocean_quote_format_link":"post","ocean_gallery_link_images":"off","ocean_gallery_id":[],"footnotes":""},"categories":[8],"tags":[154,88,146],"class_list":["post-4605","post","type-post","status-publish","format-standard","has-post-thumbnail","hentry","category-noticias","tag-recerca-estudis-es","tag-estudio","tag-investigacion","entry","has-media"],"yoast_head":"<!-- This site is optimized with the Yoast SEO plugin v28.4 - https:\/\/yoast.com\/product\/yoast-seo-wordpress\/ -->\n<title>El estudio de investigaci\u00f3n - Asociaci\u00f3n Catalana de Optometr\u00eda y Terapia Visual<\/title>\n<meta name=\"robots\" content=\"index, follow, max-snippet:-1, max-image-preview:large, max-video-preview:-1\" \/>\n<link rel=\"canonical\" href=\"https:\/\/www.acotv.org\/es\/elestudio-de-investigacion\/\" \/>\n<meta property=\"og:locale\" content=\"es_ES\" \/>\n<meta property=\"og:type\" content=\"article\" \/>\n<meta property=\"og:title\" content=\"El estudio de investigaci\u00f3n - Asociaci\u00f3n Catalana de Optometr\u00eda y Terapia Visual\" \/>\n<meta property=\"og:description\" content=\"Despu\u00e9s de meses de preparaci\u00f3n, por fin el grupo de trabajo del \u00c1rea de Investigaci\u00f3n de la ACOTV ha podido poner en marcha las primeras pruebas.\" \/>\n<meta property=\"og:url\" content=\"https:\/\/www.acotv.org\/es\/elestudio-de-investigacion\/\" \/>\n<meta property=\"og:site_name\" content=\"Asociaci\u00f3n Catalana de Optometr\u00eda y Terapia Visual\" \/>\n<meta property=\"article:published_time\" content=\"2021-03-21T15:29:00+00:00\" \/>\n<meta property=\"article:modified_time\" content=\"2022-09-06T08:20:55+00:00\" \/>\n<meta property=\"og:image\" content=\"https:\/\/www.acotv.org\/wp-content\/uploads\/Recerca3_700.jpg\" \/>\n\t<meta property=\"og:image:width\" content=\"700\" \/>\n\t<meta property=\"og:image:height\" content=\"525\" \/>\n\t<meta property=\"og:image:type\" content=\"image\/jpeg\" \/>\n<meta name=\"author\" content=\"ACOTV\" \/>\n<meta name=\"twitter:card\" content=\"summary_large_image\" \/>\n<meta name=\"twitter:label1\" content=\"Escrito por\" \/>\n\t<meta name=\"twitter:data1\" content=\"ACOTV\" \/>\n\t<meta name=\"twitter:label2\" content=\"Tiempo de lectura\" \/>\n\t<meta name=\"twitter:data2\" content=\"2 minutos\" \/>\n<script type=\"application\/ld+json\" class=\"yoast-schema-graph\">{\"@context\":\"https:\\\/\\\/schema.org\",\"@graph\":[{\"@type\":\"Article\",\"@id\":\"https:\\\/\\\/www.acotv.org\\\/es\\\/elestudio-de-investigacion\\\/#article\",\"isPartOf\":{\"@id\":\"https:\\\/\\\/www.acotv.org\\\/es\\\/elestudio-de-investigacion\\\/\"},\"author\":{\"name\":\"ACOTV\",\"@id\":\"https:\\\/\\\/www.acotv.org\\\/ca\\\/#\\\/schema\\\/person\\\/0de470fec1dbf9785a7343042d765744\"},\"headline\":\"El estudio de investigaci\u00f3n\",\"datePublished\":\"2021-03-21T15:29:00+00:00\",\"dateModified\":\"2022-09-06T08:20:55+00:00\",\"mainEntityOfPage\":{\"@id\":\"https:\\\/\\\/www.acotv.org\\\/es\\\/elestudio-de-investigacion\\\/\"},\"wordCount\":313,\"commentCount\":0,\"image\":{\"@id\":\"https:\\\/\\\/www.acotv.org\\\/es\\\/elestudio-de-investigacion\\\/#primaryimage\"},\"thumbnailUrl\":\"https:\\\/\\\/www.acotv.org\\\/wp-content\\\/uploads\\\/Recerca3_700.jpg\",\"keywords\":[\"#recerca #estudis\",\"estudio\",\"Investigaci\u00f3n\"],\"articleSection\":[\"Noticias\"],\"inLanguage\":\"es\",\"potentialAction\":[{\"@type\":\"CommentAction\",\"name\":\"Comment\",\"target\":[\"https:\\\/\\\/www.acotv.org\\\/es\\\/elestudio-de-investigacion\\\/#respond\"]}]},{\"@type\":\"WebPage\",\"@id\":\"https:\\\/\\\/www.acotv.org\\\/es\\\/elestudio-de-investigacion\\\/\",\"url\":\"https:\\\/\\\/www.acotv.org\\\/es\\\/elestudio-de-investigacion\\\/\",\"name\":\"El estudio de investigaci\u00f3n - Asociaci\u00f3n Catalana de Optometr\u00eda y Terapia Visual\",\"isPartOf\":{\"@id\":\"https:\\\/\\\/www.acotv.org\\\/ca\\\/#website\"},\"primaryImageOfPage\":{\"@id\":\"https:\\\/\\\/www.acotv.org\\\/es\\\/elestudio-de-investigacion\\\/#primaryimage\"},\"image\":{\"@id\":\"https:\\\/\\\/www.acotv.org\\\/es\\\/elestudio-de-investigacion\\\/#primaryimage\"},\"thumbnailUrl\":\"https:\\\/\\\/www.acotv.org\\\/wp-content\\\/uploads\\\/Recerca3_700.jpg\",\"datePublished\":\"2021-03-21T15:29:00+00:00\",\"dateModified\":\"2022-09-06T08:20:55+00:00\",\"author\":{\"@id\":\"https:\\\/\\\/www.acotv.org\\\/ca\\\/#\\\/schema\\\/person\\\/0de470fec1dbf9785a7343042d765744\"},\"breadcrumb\":{\"@id\":\"https:\\\/\\\/www.acotv.org\\\/es\\\/elestudio-de-investigacion\\\/#breadcrumb\"},\"inLanguage\":\"es\",\"potentialAction\":[{\"@type\":\"ReadAction\",\"target\":[\"https:\\\/\\\/www.acotv.org\\\/es\\\/elestudio-de-investigacion\\\/\"]}]},{\"@type\":\"ImageObject\",\"inLanguage\":\"es\",\"@id\":\"https:\\\/\\\/www.acotv.org\\\/es\\\/elestudio-de-investigacion\\\/#primaryimage\",\"url\":\"https:\\\/\\\/www.acotv.org\\\/wp-content\\\/uploads\\\/Recerca3_700.jpg\",\"contentUrl\":\"https:\\\/\\\/www.acotv.org\\\/wp-content\\\/uploads\\\/Recerca3_700.jpg\",\"width\":700,\"height\":525},{\"@type\":\"BreadcrumbList\",\"@id\":\"https:\\\/\\\/www.acotv.org\\\/es\\\/elestudio-de-investigacion\\\/#breadcrumb\",\"itemListElement\":[{\"@type\":\"ListItem\",\"position\":1,\"name\":\"Portada\",\"item\":\"https:\\\/\\\/www.acotv.org\\\/es\\\/\"},{\"@type\":\"ListItem\",\"position\":2,\"name\":\"El estudio de investigaci\u00f3n\"}]},{\"@type\":\"WebSite\",\"@id\":\"https:\\\/\\\/www.acotv.org\\\/ca\\\/#website\",\"url\":\"https:\\\/\\\/www.acotv.org\\\/ca\\\/\",\"name\":\"Asociaci\u00f3n Catalana de Optometr\u00eda y Terapia Visual\",\"description\":\"\",\"potentialAction\":[{\"@type\":\"SearchAction\",\"target\":{\"@type\":\"EntryPoint\",\"urlTemplate\":\"https:\\\/\\\/www.acotv.org\\\/ca\\\/?s={search_term_string}\"},\"query-input\":{\"@type\":\"PropertyValueSpecification\",\"valueRequired\":true,\"valueName\":\"search_term_string\"}}],\"inLanguage\":\"es\"},{\"@type\":\"Person\",\"@id\":\"https:\\\/\\\/www.acotv.org\\\/ca\\\/#\\\/schema\\\/person\\\/0de470fec1dbf9785a7343042d765744\",\"name\":\"ACOTV\",\"image\":{\"@type\":\"ImageObject\",\"inLanguage\":\"es\",\"@id\":\"https:\\\/\\\/www.acotv.org\\\/wp-content\\\/uploads\\\/Logo-petit-150x150.jpg\",\"url\":\"https:\\\/\\\/www.acotv.org\\\/wp-content\\\/uploads\\\/Logo-petit-150x150.jpg\",\"contentUrl\":\"https:\\\/\\\/www.acotv.org\\\/wp-content\\\/uploads\\\/Logo-petit-150x150.jpg\",\"caption\":\"ACOTV\"},\"url\":\"https:\\\/\\\/www.acotv.org\\\/es\\\/author\\\/acotv\\\/\"}]}<\/script>\n<!-- \/ Yoast SEO plugin. -->","yoast_head_json":{"title":"El estudio de investigaci\u00f3n - Asociaci\u00f3n Catalana de Optometr\u00eda y Terapia Visual","robots":{"index":"index","follow":"follow","max-snippet":"max-snippet:-1","max-image-preview":"max-image-preview:large","max-video-preview":"max-video-preview:-1"},"canonical":"https:\/\/www.acotv.org\/es\/elestudio-de-investigacion\/","og_locale":"es_ES","og_type":"article","og_title":"El estudio de investigaci\u00f3n - Asociaci\u00f3n Catalana de Optometr\u00eda y Terapia Visual","og_description":"Despu\u00e9s de meses de preparaci\u00f3n, por fin el grupo de trabajo del \u00c1rea de Investigaci\u00f3n de la ACOTV ha podido poner en marcha las primeras pruebas.","og_url":"https:\/\/www.acotv.org\/es\/elestudio-de-investigacion\/","og_site_name":"Asociaci\u00f3n Catalana de Optometr\u00eda y Terapia Visual","article_published_time":"2021-03-21T15:29:00+00:00","article_modified_time":"2022-09-06T08:20:55+00:00","og_image":[{"width":700,"height":525,"url":"https:\/\/www.acotv.org\/wp-content\/uploads\/Recerca3_700.jpg","type":"image\/jpeg"}],"author":"ACOTV","twitter_card":"summary_large_image","twitter_misc":{"Escrito por":"ACOTV","Tiempo de lectura":"2 minutos"},"schema":{"@context":"https:\/\/schema.org","@graph":[{"@type":"Article","@id":"https:\/\/www.acotv.org\/es\/elestudio-de-investigacion\/#article","isPartOf":{"@id":"https:\/\/www.acotv.org\/es\/elestudio-de-investigacion\/"},"author":{"name":"ACOTV","@id":"https:\/\/www.acotv.org\/ca\/#\/schema\/person\/0de470fec1dbf9785a7343042d765744"},"headline":"El estudio de investigaci\u00f3n","datePublished":"2021-03-21T15:29:00+00:00","dateModified":"2022-09-06T08:20:55+00:00","mainEntityOfPage":{"@id":"https:\/\/www.acotv.org\/es\/elestudio-de-investigacion\/"},"wordCount":313,"commentCount":0,"image":{"@id":"https:\/\/www.acotv.org\/es\/elestudio-de-investigacion\/#primaryimage"},"thumbnailUrl":"https:\/\/www.acotv.org\/wp-content\/uploads\/Recerca3_700.jpg","keywords":["#recerca #estudis","estudio","Investigaci\u00f3n"],"articleSection":["Noticias"],"inLanguage":"es","potentialAction":[{"@type":"CommentAction","name":"Comment","target":["https:\/\/www.acotv.org\/es\/elestudio-de-investigacion\/#respond"]}]},{"@type":"WebPage","@id":"https:\/\/www.acotv.org\/es\/elestudio-de-investigacion\/","url":"https:\/\/www.acotv.org\/es\/elestudio-de-investigacion\/","name":"El estudio de investigaci\u00f3n - Asociaci\u00f3n Catalana de Optometr\u00eda y Terapia Visual","isPartOf":{"@id":"https:\/\/www.acotv.org\/ca\/#website"},"primaryImageOfPage":{"@id":"https:\/\/www.acotv.org\/es\/elestudio-de-investigacion\/#primaryimage"},"image":{"@id":"https:\/\/www.acotv.org\/es\/elestudio-de-investigacion\/#primaryimage"},"thumbnailUrl":"https:\/\/www.acotv.org\/wp-content\/uploads\/Recerca3_700.jpg","datePublished":"2021-03-21T15:29:00+00:00","dateModified":"2022-09-06T08:20:55+00:00","author":{"@id":"https:\/\/www.acotv.org\/ca\/#\/schema\/person\/0de470fec1dbf9785a7343042d765744"},"breadcrumb":{"@id":"https:\/\/www.acotv.org\/es\/elestudio-de-investigacion\/#breadcrumb"},"inLanguage":"es","potentialAction":[{"@type":"ReadAction","target":["https:\/\/www.acotv.org\/es\/elestudio-de-investigacion\/"]}]},{"@type":"ImageObject","inLanguage":"es","@id":"https:\/\/www.acotv.org\/es\/elestudio-de-investigacion\/#primaryimage","url":"https:\/\/www.acotv.org\/wp-content\/uploads\/Recerca3_700.jpg","contentUrl":"https:\/\/www.acotv.org\/wp-content\/uploads\/Recerca3_700.jpg","width":700,"height":525},{"@type":"BreadcrumbList","@id":"https:\/\/www.acotv.org\/es\/elestudio-de-investigacion\/#breadcrumb","itemListElement":[{"@type":"ListItem","position":1,"name":"Portada","item":"https:\/\/www.acotv.org\/es\/"},{"@type":"ListItem","position":2,"name":"El estudio de investigaci\u00f3n"}]},{"@type":"WebSite","@id":"https:\/\/www.acotv.org\/ca\/#website","url":"https:\/\/www.acotv.org\/ca\/","name":"Asociaci\u00f3n Catalana de Optometr\u00eda y Terapia Visual","description":"","potentialAction":[{"@type":"SearchAction","target":{"@type":"EntryPoint","urlTemplate":"https:\/\/www.acotv.org\/ca\/?s={search_term_string}"},"query-input":{"@type":"PropertyValueSpecification","valueRequired":true,"valueName":"search_term_string"}}],"inLanguage":"es"},{"@type":"Person","@id":"https:\/\/www.acotv.org\/ca\/#\/schema\/person\/0de470fec1dbf9785a7343042d765744","name":"ACOTV","image":{"@type":"ImageObject","inLanguage":"es","@id":"https:\/\/www.acotv.org\/wp-content\/uploads\/Logo-petit-150x150.jpg","url":"https:\/\/www.acotv.org\/wp-content\/uploads\/Logo-petit-150x150.jpg","contentUrl":"https:\/\/www.acotv.org\/wp-content\/uploads\/Logo-petit-150x150.jpg","caption":"ACOTV"},"url":"https:\/\/www.acotv.org\/es\/author\/acotv\/"}]}},"_links":{"self":[{"href":"https:\/\/www.acotv.org\/es\/wp-json\/wp\/v2\/posts\/4605","targetHints":{"allow":["GET"]}}],"collection":[{"href":"https:\/\/www.acotv.org\/es\/wp-json\/wp\/v2\/posts"}],"about":[{"href":"https:\/\/www.acotv.org\/es\/wp-json\/wp\/v2\/types\/post"}],"author":[{"embeddable":true,"href":"https:\/\/www.acotv.org\/es\/wp-json\/wp\/v2\/users\/2"}],"replies":[{"embeddable":true,"href":"https:\/\/www.acotv.org\/es\/wp-json\/wp\/v2\/comments?post=4605"}],"version-history":[{"count":3,"href":"https:\/\/www.acotv.org\/es\/wp-json\/wp\/v2\/posts\/4605\/revisions"}],"predecessor-version":[{"id":5503,"href":"https:\/\/www.acotv.org\/es\/wp-json\/wp\/v2\/posts\/4605\/revisions\/5503"}],"wp:featuredmedia":[{"embeddable":true,"href":"https:\/\/www.acotv.org\/es\/wp-json\/wp\/v2\/media\/4597"}],"wp:attachment":[{"href":"https:\/\/www.acotv.org\/es\/wp-json\/wp\/v2\/media?parent=4605"}],"wp:term":[{"taxonomy":"category","embeddable":true,"href":"https:\/\/www.acotv.org\/es\/wp-json\/wp\/v2\/categories?post=4605"},{"taxonomy":"post_tag","embeddable":true,"href":"https:\/\/www.acotv.org\/es\/wp-json\/wp\/v2\/tags?post=4605"}],"curies":[{"name":"wp","href":"https:\/\/api.w.org\/{rel}","templated":true}]}}