{"id":4570,"date":"2021-06-29T16:06:00","date_gmt":"2021-06-29T14:06:00","guid":{"rendered":"https:\/\/www.acotv.org\/xerrada-a-la-comunitat-foot\/"},"modified":"2022-09-06T10:18:29","modified_gmt":"2022-09-06T08:18:29","slug":"charla-a-la-comunidad-foot","status":"publish","type":"post","link":"https:\/\/www.acotv.org\/es\/charla-a-la-comunidad-foot\/","title":{"rendered":"Charla a la comunidad FOOT"},"content":{"rendered":"\n<p class=\"wp-block-paragraph\"><strong><mark style=\"background-color:rgba(0, 0, 0, 0)\" class=\"has-inline-color has-vivid-cyan-blue-color\"><strong>Las salidas profesionales de la Terapia Visual<\/strong><\/mark><\/strong><\/p>\n\n\n\n<p class=\"wp-block-paragraph\">El mi\u00e9rcoles 19 de mayo la optometrista&nbsp;<strong>Montserrat Rif\u00e0&nbsp;<\/strong>ofreci\u00f3 la sesi\u00f3n informativa&nbsp;<strong>Salidas profesionales: especializaci\u00f3n en Terapia Visual<\/strong>&nbsp;a los estudiantes de la Facultad de \u00d3ptica y Optometr\u00eda de Terrassa (FOOT).<\/p>\n\n\n\n<p class=\"wp-block-paragraph\">Un a\u00f1o m\u00e1s, desde nuestra asociaci\u00f3n tuvimos la oportunidad de compartir con la comunidad FOOT las salidas profesionales relacionadas con la Terapia Visual, as\u00ed como las diversas opciones formativas en este entorno profesional.<\/p>\n\n\n\n<p class=\"wp-block-paragraph\">La ACOTV hace mucho que participa en estos espacios de divulgaci\u00f3n dirigidos a los estudiantes de los \u00faltimos cursos del grado y desde hace un par de a\u00f1os comparte el espacio divulgativo con SIODEC como asociaci\u00f3n referente en el \u00e1mbito nacional.<\/p>\n\n\n\n<p class=\"wp-block-paragraph\">De este modo, y gracias a la colaboraci\u00f3n de la optometrista Montserrat Rif\u00e0, miembro de ambas entidades, acercamos a los participantes las ventajas de la especialidad, a la vez que presentamos la buena labor que en el mundo asociativo desde hace tiempo hacen las dos asociaciones referentes en este \u00e1mbito, ACOTV y&nbsp; SIODEC.<\/p>\n","protected":false},"excerpt":{"rendered":"<p>El mi\u00e9rcoles 19 de mayo la optometrista\u00a0Montserrat Rif\u00e0\u00a0ofreci\u00f3 la sesi\u00f3n informativa\u00a0Salidas profesionales: especializaci\u00f3n en Terapia Visual\u00a0a los estudiantes de la Facultad de \u00d3ptica y Optometr\u00eda de Terrassa (FOOT).<\/p>\n","protected":false},"author":2,"featured_media":4568,"comment_status":"open","ping_status":"open","sticky":false,"template":"","format":"standard","meta":{"ocean_front_end_style_editor":"no","ocean_post_layout":"","ocean_both_sidebars_style":"","ocean_both_sidebars_content_width":0,"ocean_both_sidebars_sidebars_width":0,"ocean_sidebar":"0","ocean_second_sidebar":"0","ocean_disable_margins":"enable","ocean_add_body_class":"","ocean_shortcode_before_top_bar":"","ocean_shortcode_after_top_bar":"","ocean_shortcode_before_header":"","ocean_shortcode_after_header":"","ocean_has_shortcode":"","ocean_shortcode_after_title":"","ocean_shortcode_before_footer_widgets":"","ocean_shortcode_after_footer_widgets":"","ocean_shortcode_before_footer_bottom":"","ocean_shortcode_after_footer_bottom":"","ocean_display_top_bar":"default","ocean_display_header":"default","ocean_header_style":"","ocean_center_header_left_menu":"0","ocean_custom_header_template":"0","ocean_custom_logo":0,"ocean_custom_retina_logo":0,"ocean_custom_logo_max_width":0,"ocean_custom_logo_tablet_max_width":0,"ocean_custom_logo_mobile_max_width":0,"ocean_custom_logo_max_height":0,"ocean_custom_logo_tablet_max_height":0,"ocean_custom_logo_mobile_max_height":0,"ocean_header_custom_menu":"0","ocean_menu_typo_font_family":"0","ocean_menu_typo_font_subset":"","ocean_menu_typo_font_size":0,"ocean_menu_typo_font_size_tablet":0,"ocean_menu_typo_font_size_mobile":0,"ocean_menu_typo_font_size_unit":"px","ocean_menu_typo_font_weight":"","ocean_menu_typo_font_weight_tablet":"","ocean_menu_typo_font_weight_mobile":"","ocean_menu_typo_transform":"","ocean_menu_typo_transform_tablet":"","ocean_menu_typo_transform_mobile":"","ocean_menu_typo_line_height":0,"ocean_menu_typo_line_height_tablet":0,"ocean_menu_typo_line_height_mobile":0,"ocean_menu_typo_line_height_unit":"","ocean_menu_typo_spacing":0,"ocean_menu_typo_spacing_tablet":0,"ocean_menu_typo_spacing_mobile":0,"ocean_menu_typo_spacing_unit":"","ocean_menu_link_color":"","ocean_menu_link_color_hover":"","ocean_menu_link_color_active":"","ocean_menu_link_background":"","ocean_menu_link_hover_background":"","ocean_menu_link_active_background":"","ocean_menu_social_links_bg":"","ocean_menu_social_hover_links_bg":"","ocean_menu_social_links_color":"","ocean_menu_social_hover_links_color":"","ocean_disable_title":"default","ocean_disable_heading":"default","ocean_post_title":"","ocean_post_subheading":"","ocean_post_title_style":"","ocean_post_title_background_color":"","ocean_post_title_background":0,"ocean_post_title_bg_image_position":"","ocean_post_title_bg_image_attachment":"","ocean_post_title_bg_image_repeat":"","ocean_post_title_bg_image_size":"","ocean_post_title_height":0,"ocean_post_title_bg_overlay":0.5,"ocean_post_title_bg_overlay_color":"","ocean_disable_breadcrumbs":"default","ocean_breadcrumbs_color":"","ocean_breadcrumbs_separator_color":"","ocean_breadcrumbs_links_color":"","ocean_breadcrumbs_links_hover_color":"","ocean_display_footer_widgets":"default","ocean_display_footer_bottom":"default","ocean_custom_footer_template":"0","ocean_post_oembed":"","ocean_post_self_hosted_media":"","ocean_post_video_embed":"","ocean_link_format":"","ocean_link_format_target":"self","ocean_quote_format":"","ocean_quote_format_link":"post","ocean_gallery_link_images":"off","ocean_gallery_id":[],"footnotes":""},"categories":[8],"tags":[148,60,61],"class_list":["post-4570","post","type-post","status-publish","format-standard","has-post-thumbnail","hentry","category-noticias","tag-foot-2-es","tag-optometria","tag-terapiavisual","entry","has-media"],"yoast_head":"<!-- This site is optimized with the Yoast SEO plugin v28.4 - https:\/\/yoast.com\/product\/yoast-seo-wordpress\/ -->\n<title>Charla a la comunidad FOOT - Asociaci\u00f3n Catalana de Optometr\u00eda y Terapia Visual<\/title>\n<meta name=\"robots\" content=\"index, follow, max-snippet:-1, max-image-preview:large, max-video-preview:-1\" \/>\n<link rel=\"canonical\" href=\"https:\/\/www.acotv.org\/es\/charla-a-la-comunidad-foot\/\" \/>\n<meta property=\"og:locale\" content=\"es_ES\" \/>\n<meta property=\"og:type\" content=\"article\" \/>\n<meta property=\"og:title\" content=\"Charla a la comunidad FOOT - Asociaci\u00f3n Catalana de Optometr\u00eda y Terapia Visual\" \/>\n<meta property=\"og:description\" content=\"El mi\u00e9rcoles 19 de mayo la optometrista\u00a0Montserrat Rif\u00e0\u00a0ofreci\u00f3 la sesi\u00f3n informativa\u00a0Salidas profesionales: especializaci\u00f3n en Terapia Visual\u00a0a los estudiantes de la Facultad de \u00d3ptica y Optometr\u00eda de Terrassa (FOOT).\" \/>\n<meta property=\"og:url\" content=\"https:\/\/www.acotv.org\/es\/charla-a-la-comunidad-foot\/\" \/>\n<meta property=\"og:site_name\" content=\"Asociaci\u00f3n Catalana de Optometr\u00eda y Terapia Visual\" \/>\n<meta property=\"article:published_time\" content=\"2021-06-29T14:06:00+00:00\" \/>\n<meta property=\"article:modified_time\" content=\"2022-09-06T08:18:29+00:00\" \/>\n<meta property=\"og:image\" content=\"https:\/\/www.acotv.org\/wp-content\/uploads\/XerradaalumnesFOOT_21_2.png\" \/>\n\t<meta property=\"og:image:width\" content=\"700\" \/>\n\t<meta property=\"og:image:height\" content=\"394\" \/>\n\t<meta property=\"og:image:type\" content=\"image\/png\" \/>\n<meta name=\"author\" content=\"ACOTV\" \/>\n<meta name=\"twitter:card\" content=\"summary_large_image\" \/>\n<meta name=\"twitter:label1\" content=\"Escrito por\" \/>\n\t<meta name=\"twitter:data1\" content=\"ACOTV\" \/>\n\t<meta name=\"twitter:label2\" content=\"Tiempo de lectura\" \/>\n\t<meta name=\"twitter:data2\" content=\"1 minuto\" \/>\n<script type=\"application\/ld+json\" class=\"yoast-schema-graph\">{\"@context\":\"https:\\\/\\\/schema.org\",\"@graph\":[{\"@type\":\"Article\",\"@id\":\"https:\\\/\\\/www.acotv.org\\\/es\\\/charla-a-la-comunidad-foot\\\/#article\",\"isPartOf\":{\"@id\":\"https:\\\/\\\/www.acotv.org\\\/es\\\/charla-a-la-comunidad-foot\\\/\"},\"author\":{\"name\":\"ACOTV\",\"@id\":\"https:\\\/\\\/www.acotv.org\\\/ca\\\/#\\\/schema\\\/person\\\/0de470fec1dbf9785a7343042d765744\"},\"headline\":\"Charla a la comunidad FOOT\",\"datePublished\":\"2021-06-29T14:06:00+00:00\",\"dateModified\":\"2022-09-06T08:18:29+00:00\",\"mainEntityOfPage\":{\"@id\":\"https:\\\/\\\/www.acotv.org\\\/es\\\/charla-a-la-comunidad-foot\\\/\"},\"wordCount\":186,\"commentCount\":0,\"image\":{\"@id\":\"https:\\\/\\\/www.acotv.org\\\/es\\\/charla-a-la-comunidad-foot\\\/#primaryimage\"},\"thumbnailUrl\":\"https:\\\/\\\/www.acotv.org\\\/wp-content\\\/uploads\\\/XerradaalumnesFOOT_21_2.png\",\"keywords\":[\"FOOT\",\"Optometria\",\"TerapiaVisual\"],\"articleSection\":[\"Noticias\"],\"inLanguage\":\"es\",\"potentialAction\":[{\"@type\":\"CommentAction\",\"name\":\"Comment\",\"target\":[\"https:\\\/\\\/www.acotv.org\\\/es\\\/charla-a-la-comunidad-foot\\\/#respond\"]}]},{\"@type\":\"WebPage\",\"@id\":\"https:\\\/\\\/www.acotv.org\\\/es\\\/charla-a-la-comunidad-foot\\\/\",\"url\":\"https:\\\/\\\/www.acotv.org\\\/es\\\/charla-a-la-comunidad-foot\\\/\",\"name\":\"Charla a la comunidad FOOT - Asociaci\u00f3n Catalana de Optometr\u00eda y Terapia Visual\",\"isPartOf\":{\"@id\":\"https:\\\/\\\/www.acotv.org\\\/ca\\\/#website\"},\"primaryImageOfPage\":{\"@id\":\"https:\\\/\\\/www.acotv.org\\\/es\\\/charla-a-la-comunidad-foot\\\/#primaryimage\"},\"image\":{\"@id\":\"https:\\\/\\\/www.acotv.org\\\/es\\\/charla-a-la-comunidad-foot\\\/#primaryimage\"},\"thumbnailUrl\":\"https:\\\/\\\/www.acotv.org\\\/wp-content\\\/uploads\\\/XerradaalumnesFOOT_21_2.png\",\"datePublished\":\"2021-06-29T14:06:00+00:00\",\"dateModified\":\"2022-09-06T08:18:29+00:00\",\"author\":{\"@id\":\"https:\\\/\\\/www.acotv.org\\\/ca\\\/#\\\/schema\\\/person\\\/0de470fec1dbf9785a7343042d765744\"},\"breadcrumb\":{\"@id\":\"https:\\\/\\\/www.acotv.org\\\/es\\\/charla-a-la-comunidad-foot\\\/#breadcrumb\"},\"inLanguage\":\"es\",\"potentialAction\":[{\"@type\":\"ReadAction\",\"target\":[\"https:\\\/\\\/www.acotv.org\\\/es\\\/charla-a-la-comunidad-foot\\\/\"]}]},{\"@type\":\"ImageObject\",\"inLanguage\":\"es\",\"@id\":\"https:\\\/\\\/www.acotv.org\\\/es\\\/charla-a-la-comunidad-foot\\\/#primaryimage\",\"url\":\"https:\\\/\\\/www.acotv.org\\\/wp-content\\\/uploads\\\/XerradaalumnesFOOT_21_2.png\",\"contentUrl\":\"https:\\\/\\\/www.acotv.org\\\/wp-content\\\/uploads\\\/XerradaalumnesFOOT_21_2.png\",\"width\":700,\"height\":394},{\"@type\":\"BreadcrumbList\",\"@id\":\"https:\\\/\\\/www.acotv.org\\\/es\\\/charla-a-la-comunidad-foot\\\/#breadcrumb\",\"itemListElement\":[{\"@type\":\"ListItem\",\"position\":1,\"name\":\"Portada\",\"item\":\"https:\\\/\\\/www.acotv.org\\\/es\\\/\"},{\"@type\":\"ListItem\",\"position\":2,\"name\":\"Charla a la comunidad FOOT\"}]},{\"@type\":\"WebSite\",\"@id\":\"https:\\\/\\\/www.acotv.org\\\/ca\\\/#website\",\"url\":\"https:\\\/\\\/www.acotv.org\\\/ca\\\/\",\"name\":\"Asociaci\u00f3n Catalana de Optometr\u00eda y Terapia Visual\",\"description\":\"\",\"potentialAction\":[{\"@type\":\"SearchAction\",\"target\":{\"@type\":\"EntryPoint\",\"urlTemplate\":\"https:\\\/\\\/www.acotv.org\\\/ca\\\/?s={search_term_string}\"},\"query-input\":{\"@type\":\"PropertyValueSpecification\",\"valueRequired\":true,\"valueName\":\"search_term_string\"}}],\"inLanguage\":\"es\"},{\"@type\":\"Person\",\"@id\":\"https:\\\/\\\/www.acotv.org\\\/ca\\\/#\\\/schema\\\/person\\\/0de470fec1dbf9785a7343042d765744\",\"name\":\"ACOTV\",\"image\":{\"@type\":\"ImageObject\",\"inLanguage\":\"es\",\"@id\":\"https:\\\/\\\/www.acotv.org\\\/wp-content\\\/uploads\\\/Logo-petit-150x150.jpg\",\"url\":\"https:\\\/\\\/www.acotv.org\\\/wp-content\\\/uploads\\\/Logo-petit-150x150.jpg\",\"contentUrl\":\"https:\\\/\\\/www.acotv.org\\\/wp-content\\\/uploads\\\/Logo-petit-150x150.jpg\",\"caption\":\"ACOTV\"},\"url\":\"https:\\\/\\\/www.acotv.org\\\/es\\\/author\\\/acotv\\\/\"}]}<\/script>\n<!-- \/ Yoast SEO plugin. -->","yoast_head_json":{"title":"Charla a la comunidad FOOT - Asociaci\u00f3n Catalana de Optometr\u00eda y Terapia Visual","robots":{"index":"index","follow":"follow","max-snippet":"max-snippet:-1","max-image-preview":"max-image-preview:large","max-video-preview":"max-video-preview:-1"},"canonical":"https:\/\/www.acotv.org\/es\/charla-a-la-comunidad-foot\/","og_locale":"es_ES","og_type":"article","og_title":"Charla a la comunidad FOOT - Asociaci\u00f3n Catalana de Optometr\u00eda y Terapia Visual","og_description":"El mi\u00e9rcoles 19 de mayo la optometrista\u00a0Montserrat Rif\u00e0\u00a0ofreci\u00f3 la sesi\u00f3n informativa\u00a0Salidas profesionales: especializaci\u00f3n en Terapia Visual\u00a0a los estudiantes de la Facultad de \u00d3ptica y Optometr\u00eda de Terrassa (FOOT).","og_url":"https:\/\/www.acotv.org\/es\/charla-a-la-comunidad-foot\/","og_site_name":"Asociaci\u00f3n Catalana de Optometr\u00eda y Terapia Visual","article_published_time":"2021-06-29T14:06:00+00:00","article_modified_time":"2022-09-06T08:18:29+00:00","og_image":[{"width":700,"height":394,"url":"https:\/\/www.acotv.org\/wp-content\/uploads\/XerradaalumnesFOOT_21_2.png","type":"image\/png"}],"author":"ACOTV","twitter_card":"summary_large_image","twitter_misc":{"Escrito por":"ACOTV","Tiempo de lectura":"1 minuto"},"schema":{"@context":"https:\/\/schema.org","@graph":[{"@type":"Article","@id":"https:\/\/www.acotv.org\/es\/charla-a-la-comunidad-foot\/#article","isPartOf":{"@id":"https:\/\/www.acotv.org\/es\/charla-a-la-comunidad-foot\/"},"author":{"name":"ACOTV","@id":"https:\/\/www.acotv.org\/ca\/#\/schema\/person\/0de470fec1dbf9785a7343042d765744"},"headline":"Charla a la comunidad FOOT","datePublished":"2021-06-29T14:06:00+00:00","dateModified":"2022-09-06T08:18:29+00:00","mainEntityOfPage":{"@id":"https:\/\/www.acotv.org\/es\/charla-a-la-comunidad-foot\/"},"wordCount":186,"commentCount":0,"image":{"@id":"https:\/\/www.acotv.org\/es\/charla-a-la-comunidad-foot\/#primaryimage"},"thumbnailUrl":"https:\/\/www.acotv.org\/wp-content\/uploads\/XerradaalumnesFOOT_21_2.png","keywords":["FOOT","Optometria","TerapiaVisual"],"articleSection":["Noticias"],"inLanguage":"es","potentialAction":[{"@type":"CommentAction","name":"Comment","target":["https:\/\/www.acotv.org\/es\/charla-a-la-comunidad-foot\/#respond"]}]},{"@type":"WebPage","@id":"https:\/\/www.acotv.org\/es\/charla-a-la-comunidad-foot\/","url":"https:\/\/www.acotv.org\/es\/charla-a-la-comunidad-foot\/","name":"Charla a la comunidad FOOT - Asociaci\u00f3n Catalana de Optometr\u00eda y Terapia Visual","isPartOf":{"@id":"https:\/\/www.acotv.org\/ca\/#website"},"primaryImageOfPage":{"@id":"https:\/\/www.acotv.org\/es\/charla-a-la-comunidad-foot\/#primaryimage"},"image":{"@id":"https:\/\/www.acotv.org\/es\/charla-a-la-comunidad-foot\/#primaryimage"},"thumbnailUrl":"https:\/\/www.acotv.org\/wp-content\/uploads\/XerradaalumnesFOOT_21_2.png","datePublished":"2021-06-29T14:06:00+00:00","dateModified":"2022-09-06T08:18:29+00:00","author":{"@id":"https:\/\/www.acotv.org\/ca\/#\/schema\/person\/0de470fec1dbf9785a7343042d765744"},"breadcrumb":{"@id":"https:\/\/www.acotv.org\/es\/charla-a-la-comunidad-foot\/#breadcrumb"},"inLanguage":"es","potentialAction":[{"@type":"ReadAction","target":["https:\/\/www.acotv.org\/es\/charla-a-la-comunidad-foot\/"]}]},{"@type":"ImageObject","inLanguage":"es","@id":"https:\/\/www.acotv.org\/es\/charla-a-la-comunidad-foot\/#primaryimage","url":"https:\/\/www.acotv.org\/wp-content\/uploads\/XerradaalumnesFOOT_21_2.png","contentUrl":"https:\/\/www.acotv.org\/wp-content\/uploads\/XerradaalumnesFOOT_21_2.png","width":700,"height":394},{"@type":"BreadcrumbList","@id":"https:\/\/www.acotv.org\/es\/charla-a-la-comunidad-foot\/#breadcrumb","itemListElement":[{"@type":"ListItem","position":1,"name":"Portada","item":"https:\/\/www.acotv.org\/es\/"},{"@type":"ListItem","position":2,"name":"Charla a la comunidad FOOT"}]},{"@type":"WebSite","@id":"https:\/\/www.acotv.org\/ca\/#website","url":"https:\/\/www.acotv.org\/ca\/","name":"Asociaci\u00f3n Catalana de Optometr\u00eda y Terapia Visual","description":"","potentialAction":[{"@type":"SearchAction","target":{"@type":"EntryPoint","urlTemplate":"https:\/\/www.acotv.org\/ca\/?s={search_term_string}"},"query-input":{"@type":"PropertyValueSpecification","valueRequired":true,"valueName":"search_term_string"}}],"inLanguage":"es"},{"@type":"Person","@id":"https:\/\/www.acotv.org\/ca\/#\/schema\/person\/0de470fec1dbf9785a7343042d765744","name":"ACOTV","image":{"@type":"ImageObject","inLanguage":"es","@id":"https:\/\/www.acotv.org\/wp-content\/uploads\/Logo-petit-150x150.jpg","url":"https:\/\/www.acotv.org\/wp-content\/uploads\/Logo-petit-150x150.jpg","contentUrl":"https:\/\/www.acotv.org\/wp-content\/uploads\/Logo-petit-150x150.jpg","caption":"ACOTV"},"url":"https:\/\/www.acotv.org\/es\/author\/acotv\/"}]}},"_links":{"self":[{"href":"https:\/\/www.acotv.org\/es\/wp-json\/wp\/v2\/posts\/4570","targetHints":{"allow":["GET"]}}],"collection":[{"href":"https:\/\/www.acotv.org\/es\/wp-json\/wp\/v2\/posts"}],"about":[{"href":"https:\/\/www.acotv.org\/es\/wp-json\/wp\/v2\/types\/post"}],"author":[{"embeddable":true,"href":"https:\/\/www.acotv.org\/es\/wp-json\/wp\/v2\/users\/2"}],"replies":[{"embeddable":true,"href":"https:\/\/www.acotv.org\/es\/wp-json\/wp\/v2\/comments?post=4570"}],"version-history":[{"count":4,"href":"https:\/\/www.acotv.org\/es\/wp-json\/wp\/v2\/posts\/4570\/revisions"}],"predecessor-version":[{"id":5496,"href":"https:\/\/www.acotv.org\/es\/wp-json\/wp\/v2\/posts\/4570\/revisions\/5496"}],"wp:featuredmedia":[{"embeddable":true,"href":"https:\/\/www.acotv.org\/es\/wp-json\/wp\/v2\/media\/4568"}],"wp:attachment":[{"href":"https:\/\/www.acotv.org\/es\/wp-json\/wp\/v2\/media?parent=4570"}],"wp:term":[{"taxonomy":"category","embeddable":true,"href":"https:\/\/www.acotv.org\/es\/wp-json\/wp\/v2\/categories?post=4570"},{"taxonomy":"post_tag","embeddable":true,"href":"https:\/\/www.acotv.org\/es\/wp-json\/wp\/v2\/tags?post=4570"}],"curies":[{"name":"wp","href":"https:\/\/api.w.org\/{rel}","templated":true}]}}