{"id":4542,"date":"2021-06-29T12:59:00","date_gmt":"2021-06-29T10:59:00","guid":{"rendered":"https:\/\/www.acotv.org\/avaluacio-visual-en-infants-amb-necessitats-educatives-especials\/"},"modified":"2022-09-06T10:19:06","modified_gmt":"2022-09-06T08:19:06","slug":"avaluacio-visual-en-infants-amb-necessitats-educatives-especials","status":"publish","type":"post","link":"https:\/\/www.acotv.org\/es\/avaluacio-visual-en-infants-amb-necessitats-educatives-especials\/","title":{"rendered":"Evaluaci\u00f3n visual en ni\u00f1os con necesidades educativas especiales"},"content":{"rendered":"\n<p class=\"wp-block-paragraph\"><strong><mark style=\"background-color:rgba(0, 0, 0, 0)\" class=\"has-inline-color has-vivid-cyan-blue-color\">El curso del segundo semestre<\/mark><\/strong><\/p>\n\n\n\n<p class=\"wp-block-paragraph\">Este trimestre hemos tenido el placer de conocer con m\u00e1s profundidad las caracter\u00edsticas visuales de la poblaci\u00f3n con necesidades educativas especiales gracias a la optometrista&nbsp;<strong>Flors Vi\u00f1uela.<\/strong><\/p>\n\n\n\n<p class=\"wp-block-paragraph\">La ponente, de una forma muy clara, nos ha mostrado las diferentes opciones que tenemos a la hora de afrontar con \u00e9xito una evaluaci\u00f3n en estos pacientes.<\/p>\n\n\n\n<p class=\"wp-block-paragraph\">Esta formaci\u00f3n ha seguido con la metodolog\u00eda en l\u00ednea, a trav\u00e9s de la cual se han ofrecido 8 horas lectivas de formaci\u00f3n en optometr\u00eda pedi\u00e1trica. Durante las dos sesiones, de 4 horas cada una, se ha intercalado la exposici\u00f3n te\u00f3rica de la ponente, junto con actividades interactivas, demostraciones y casos cl\u00ednicos en los que se han presentado diferentes pruebas optom\u00e9tricas.<\/p>\n\n\n\n<p class=\"wp-block-paragraph\"><img fetchpriority=\"high\" decoding=\"async\" width=\"700\" height=\"518\" class=\"wp-image-4535\" style=\"width: 700px;\" src=\"https:\/\/www.acotv.org\/wp-content\/uploads\/Curs2nT.png\" alt=\"\" srcset=\"https:\/\/www.acotv.org\/wp-content\/uploads\/Curs2nT.png 700w, https:\/\/www.acotv.org\/wp-content\/uploads\/Curs2nT-300x222.png 300w\" sizes=\"(max-width: 700px) 100vw, 700px\" \/><\/p>\n\n\n\n<p class=\"wp-block-paragraph\">Tambi\u00e9n se han abordado los procedimientos y protocolos a seguir, con contrastada evidencia cient\u00edfica, incluyendo muchas ideas para crear la mejor comunicaci\u00f3n con los pacientes desde el primer momento en que solicitan una evaluaci\u00f3n, hasta los posteriores seguimientos que se pueden llevar a cabo en el futuro.<br>Esta poblaci\u00f3n tiene un alto porcentaje de sufrir m\u00e1s alteraciones visuales y el seguimiento, a lo largo de su crecimiento, es clave para poder adquirir el m\u00e1ximo de habilidades posibles.<\/p>\n\n\n\n<p class=\"wp-block-paragraph\">Desde la ACOTV velamos para ofrecer formaci\u00f3n innovadora y de inter\u00e9s para el colectivo de optometristas.<\/p>\n","protected":false},"excerpt":{"rendered":"<p>Este trimestre hemos tenido el placer de conocer con m\u00e1s profundidad las caracter\u00edsticas visuales de la poblaci\u00f3n con necesidades educativas especiales gracias a la optometrista\u00a0Flors Vi\u00f1uela.<\/p>\n","protected":false},"author":2,"featured_media":4540,"comment_status":"open","ping_status":"open","sticky":false,"template":"","format":"standard","meta":{"ocean_front_end_style_editor":"no","ocean_post_layout":"","ocean_both_sidebars_style":"","ocean_both_sidebars_content_width":0,"ocean_both_sidebars_sidebars_width":0,"ocean_sidebar":"0","ocean_second_sidebar":"0","ocean_disable_margins":"enable","ocean_add_body_class":"","ocean_shortcode_before_top_bar":"","ocean_shortcode_after_top_bar":"","ocean_shortcode_before_header":"","ocean_shortcode_after_header":"","ocean_has_shortcode":"","ocean_shortcode_after_title":"","ocean_shortcode_before_footer_widgets":"","ocean_shortcode_after_footer_widgets":"","ocean_shortcode_before_footer_bottom":"","ocean_shortcode_after_footer_bottom":"","ocean_display_top_bar":"default","ocean_display_header":"default","ocean_header_style":"","ocean_center_header_left_menu":"0","ocean_custom_header_template":"0","ocean_custom_logo":0,"ocean_custom_retina_logo":0,"ocean_custom_logo_max_width":0,"ocean_custom_logo_tablet_max_width":0,"ocean_custom_logo_mobile_max_width":0,"ocean_custom_logo_max_height":0,"ocean_custom_logo_tablet_max_height":0,"ocean_custom_logo_mobile_max_height":0,"ocean_header_custom_menu":"0","ocean_menu_typo_font_family":"0","ocean_menu_typo_font_subset":"","ocean_menu_typo_font_size":0,"ocean_menu_typo_font_size_tablet":0,"ocean_menu_typo_font_size_mobile":0,"ocean_menu_typo_font_size_unit":"px","ocean_menu_typo_font_weight":"","ocean_menu_typo_font_weight_tablet":"","ocean_menu_typo_font_weight_mobile":"","ocean_menu_typo_transform":"","ocean_menu_typo_transform_tablet":"","ocean_menu_typo_transform_mobile":"","ocean_menu_typo_line_height":0,"ocean_menu_typo_line_height_tablet":0,"ocean_menu_typo_line_height_mobile":0,"ocean_menu_typo_line_height_unit":"","ocean_menu_typo_spacing":0,"ocean_menu_typo_spacing_tablet":0,"ocean_menu_typo_spacing_mobile":0,"ocean_menu_typo_spacing_unit":"","ocean_menu_link_color":"","ocean_menu_link_color_hover":"","ocean_menu_link_color_active":"","ocean_menu_link_background":"","ocean_menu_link_hover_background":"","ocean_menu_link_active_background":"","ocean_menu_social_links_bg":"","ocean_menu_social_hover_links_bg":"","ocean_menu_social_links_color":"","ocean_menu_social_hover_links_color":"","ocean_disable_title":"default","ocean_disable_heading":"default","ocean_post_title":"","ocean_post_subheading":"","ocean_post_title_style":"","ocean_post_title_background_color":"","ocean_post_title_background":0,"ocean_post_title_bg_image_position":"","ocean_post_title_bg_image_attachment":"","ocean_post_title_bg_image_repeat":"","ocean_post_title_bg_image_size":"","ocean_post_title_height":0,"ocean_post_title_bg_overlay":0.5,"ocean_post_title_bg_overlay_color":"","ocean_disable_breadcrumbs":"default","ocean_breadcrumbs_color":"","ocean_breadcrumbs_separator_color":"","ocean_breadcrumbs_links_color":"","ocean_breadcrumbs_links_hover_color":"","ocean_display_footer_widgets":"default","ocean_display_footer_bottom":"default","ocean_custom_footer_template":"0","ocean_post_oembed":"","ocean_post_self_hosted_media":"","ocean_post_video_embed":"","ocean_link_format":"","ocean_link_format_target":"self","ocean_quote_format":"","ocean_quote_format_link":"post","ocean_gallery_link_images":"off","ocean_gallery_id":[],"footnotes":""},"categories":[8],"tags":[118],"class_list":["post-4542","post","type-post","status-publish","format-standard","has-post-thumbnail","hentry","category-noticias","tag-cursos-formacio-optometria-2","entry","has-media"],"yoast_head":"<!-- This site is optimized with the Yoast SEO plugin v28.4 - https:\/\/yoast.com\/product\/yoast-seo-wordpress\/ -->\n<title>Evaluaci\u00f3n visual en ni\u00f1os con necesidades educativas especiales - Asociaci\u00f3n Catalana de Optometr\u00eda y Terapia Visual<\/title>\n<meta name=\"robots\" content=\"index, follow, max-snippet:-1, max-image-preview:large, max-video-preview:-1\" \/>\n<link rel=\"canonical\" href=\"https:\/\/www.acotv.org\/es\/avaluacio-visual-en-infants-amb-necessitats-educatives-especials\/\" \/>\n<meta property=\"og:locale\" content=\"es_ES\" \/>\n<meta property=\"og:type\" content=\"article\" \/>\n<meta property=\"og:title\" content=\"Evaluaci\u00f3n visual en ni\u00f1os con necesidades educativas especiales - Asociaci\u00f3n Catalana de Optometr\u00eda y Terapia Visual\" \/>\n<meta property=\"og:description\" content=\"Este trimestre hemos tenido el placer de conocer con m\u00e1s profundidad las caracter\u00edsticas visuales de la poblaci\u00f3n con necesidades educativas especiales gracias a la optometrista\u00a0Flors Vi\u00f1uela.\" \/>\n<meta property=\"og:url\" content=\"https:\/\/www.acotv.org\/es\/avaluacio-visual-en-infants-amb-necessitats-educatives-especials\/\" \/>\n<meta property=\"og:site_name\" content=\"Asociaci\u00f3n Catalana de Optometr\u00eda y Terapia Visual\" \/>\n<meta property=\"article:published_time\" content=\"2021-06-29T10:59:00+00:00\" \/>\n<meta property=\"article:modified_time\" content=\"2022-09-06T08:19:06+00:00\" \/>\n<meta property=\"og:image\" content=\"https:\/\/www.acotv.org\/wp-content\/uploads\/IMG_4-2.png\" \/>\n\t<meta property=\"og:image:width\" content=\"763\" \/>\n\t<meta property=\"og:image:height\" content=\"488\" \/>\n\t<meta property=\"og:image:type\" content=\"image\/png\" \/>\n<meta name=\"author\" content=\"ACOTV\" \/>\n<meta name=\"twitter:card\" content=\"summary_large_image\" \/>\n<meta name=\"twitter:label1\" content=\"Escrito por\" \/>\n\t<meta name=\"twitter:data1\" content=\"ACOTV\" \/>\n\t<meta name=\"twitter:label2\" content=\"Tiempo de lectura\" \/>\n\t<meta name=\"twitter:data2\" content=\"2 minutos\" \/>\n<script type=\"application\/ld+json\" class=\"yoast-schema-graph\">{\"@context\":\"https:\\\/\\\/schema.org\",\"@graph\":[{\"@type\":\"Article\",\"@id\":\"https:\\\/\\\/www.acotv.org\\\/es\\\/avaluacio-visual-en-infants-amb-necessitats-educatives-especials\\\/#article\",\"isPartOf\":{\"@id\":\"https:\\\/\\\/www.acotv.org\\\/es\\\/avaluacio-visual-en-infants-amb-necessitats-educatives-especials\\\/\"},\"author\":{\"name\":\"ACOTV\",\"@id\":\"https:\\\/\\\/www.acotv.org\\\/ca\\\/#\\\/schema\\\/person\\\/0de470fec1dbf9785a7343042d765744\"},\"headline\":\"Evaluaci\u00f3n visual en ni\u00f1os con necesidades educativas especiales\",\"datePublished\":\"2021-06-29T10:59:00+00:00\",\"dateModified\":\"2022-09-06T08:19:06+00:00\",\"mainEntityOfPage\":{\"@id\":\"https:\\\/\\\/www.acotv.org\\\/es\\\/avaluacio-visual-en-infants-amb-necessitats-educatives-especials\\\/\"},\"wordCount\":246,\"commentCount\":0,\"image\":{\"@id\":\"https:\\\/\\\/www.acotv.org\\\/es\\\/avaluacio-visual-en-infants-amb-necessitats-educatives-especials\\\/#primaryimage\"},\"thumbnailUrl\":\"https:\\\/\\\/www.acotv.org\\\/wp-content\\\/uploads\\\/IMG_4-2.png\",\"keywords\":[\"#Cursos #Formacio #Optometria\"],\"articleSection\":[\"Noticias\"],\"inLanguage\":\"es\",\"potentialAction\":[{\"@type\":\"CommentAction\",\"name\":\"Comment\",\"target\":[\"https:\\\/\\\/www.acotv.org\\\/es\\\/avaluacio-visual-en-infants-amb-necessitats-educatives-especials\\\/#respond\"]}]},{\"@type\":\"WebPage\",\"@id\":\"https:\\\/\\\/www.acotv.org\\\/es\\\/avaluacio-visual-en-infants-amb-necessitats-educatives-especials\\\/\",\"url\":\"https:\\\/\\\/www.acotv.org\\\/es\\\/avaluacio-visual-en-infants-amb-necessitats-educatives-especials\\\/\",\"name\":\"Evaluaci\u00f3n visual en ni\u00f1os con necesidades educativas especiales - Asociaci\u00f3n Catalana de Optometr\u00eda y Terapia Visual\",\"isPartOf\":{\"@id\":\"https:\\\/\\\/www.acotv.org\\\/ca\\\/#website\"},\"primaryImageOfPage\":{\"@id\":\"https:\\\/\\\/www.acotv.org\\\/es\\\/avaluacio-visual-en-infants-amb-necessitats-educatives-especials\\\/#primaryimage\"},\"image\":{\"@id\":\"https:\\\/\\\/www.acotv.org\\\/es\\\/avaluacio-visual-en-infants-amb-necessitats-educatives-especials\\\/#primaryimage\"},\"thumbnailUrl\":\"https:\\\/\\\/www.acotv.org\\\/wp-content\\\/uploads\\\/IMG_4-2.png\",\"datePublished\":\"2021-06-29T10:59:00+00:00\",\"dateModified\":\"2022-09-06T08:19:06+00:00\",\"author\":{\"@id\":\"https:\\\/\\\/www.acotv.org\\\/ca\\\/#\\\/schema\\\/person\\\/0de470fec1dbf9785a7343042d765744\"},\"breadcrumb\":{\"@id\":\"https:\\\/\\\/www.acotv.org\\\/es\\\/avaluacio-visual-en-infants-amb-necessitats-educatives-especials\\\/#breadcrumb\"},\"inLanguage\":\"es\",\"potentialAction\":[{\"@type\":\"ReadAction\",\"target\":[\"https:\\\/\\\/www.acotv.org\\\/es\\\/avaluacio-visual-en-infants-amb-necessitats-educatives-especials\\\/\"]}]},{\"@type\":\"ImageObject\",\"inLanguage\":\"es\",\"@id\":\"https:\\\/\\\/www.acotv.org\\\/es\\\/avaluacio-visual-en-infants-amb-necessitats-educatives-especials\\\/#primaryimage\",\"url\":\"https:\\\/\\\/www.acotv.org\\\/wp-content\\\/uploads\\\/IMG_4-2.png\",\"contentUrl\":\"https:\\\/\\\/www.acotv.org\\\/wp-content\\\/uploads\\\/IMG_4-2.png\",\"width\":763,\"height\":488},{\"@type\":\"BreadcrumbList\",\"@id\":\"https:\\\/\\\/www.acotv.org\\\/es\\\/avaluacio-visual-en-infants-amb-necessitats-educatives-especials\\\/#breadcrumb\",\"itemListElement\":[{\"@type\":\"ListItem\",\"position\":1,\"name\":\"Portada\",\"item\":\"https:\\\/\\\/www.acotv.org\\\/es\\\/\"},{\"@type\":\"ListItem\",\"position\":2,\"name\":\"Evaluaci\u00f3n visual en ni\u00f1os con necesidades educativas especiales\"}]},{\"@type\":\"WebSite\",\"@id\":\"https:\\\/\\\/www.acotv.org\\\/ca\\\/#website\",\"url\":\"https:\\\/\\\/www.acotv.org\\\/ca\\\/\",\"name\":\"Asociaci\u00f3n Catalana de Optometr\u00eda y Terapia Visual\",\"description\":\"\",\"potentialAction\":[{\"@type\":\"SearchAction\",\"target\":{\"@type\":\"EntryPoint\",\"urlTemplate\":\"https:\\\/\\\/www.acotv.org\\\/ca\\\/?s={search_term_string}\"},\"query-input\":{\"@type\":\"PropertyValueSpecification\",\"valueRequired\":true,\"valueName\":\"search_term_string\"}}],\"inLanguage\":\"es\"},{\"@type\":\"Person\",\"@id\":\"https:\\\/\\\/www.acotv.org\\\/ca\\\/#\\\/schema\\\/person\\\/0de470fec1dbf9785a7343042d765744\",\"name\":\"ACOTV\",\"image\":{\"@type\":\"ImageObject\",\"inLanguage\":\"es\",\"@id\":\"https:\\\/\\\/www.acotv.org\\\/wp-content\\\/uploads\\\/Logo-petit-150x150.jpg\",\"url\":\"https:\\\/\\\/www.acotv.org\\\/wp-content\\\/uploads\\\/Logo-petit-150x150.jpg\",\"contentUrl\":\"https:\\\/\\\/www.acotv.org\\\/wp-content\\\/uploads\\\/Logo-petit-150x150.jpg\",\"caption\":\"ACOTV\"},\"url\":\"https:\\\/\\\/www.acotv.org\\\/es\\\/author\\\/acotv\\\/\"}]}<\/script>\n<!-- \/ Yoast SEO plugin. -->","yoast_head_json":{"title":"Evaluaci\u00f3n visual en ni\u00f1os con necesidades educativas especiales - Asociaci\u00f3n Catalana de Optometr\u00eda y Terapia Visual","robots":{"index":"index","follow":"follow","max-snippet":"max-snippet:-1","max-image-preview":"max-image-preview:large","max-video-preview":"max-video-preview:-1"},"canonical":"https:\/\/www.acotv.org\/es\/avaluacio-visual-en-infants-amb-necessitats-educatives-especials\/","og_locale":"es_ES","og_type":"article","og_title":"Evaluaci\u00f3n visual en ni\u00f1os con necesidades educativas especiales - Asociaci\u00f3n Catalana de Optometr\u00eda y Terapia Visual","og_description":"Este trimestre hemos tenido el placer de conocer con m\u00e1s profundidad las caracter\u00edsticas visuales de la poblaci\u00f3n con necesidades educativas especiales gracias a la optometrista\u00a0Flors Vi\u00f1uela.","og_url":"https:\/\/www.acotv.org\/es\/avaluacio-visual-en-infants-amb-necessitats-educatives-especials\/","og_site_name":"Asociaci\u00f3n Catalana de Optometr\u00eda y Terapia Visual","article_published_time":"2021-06-29T10:59:00+00:00","article_modified_time":"2022-09-06T08:19:06+00:00","og_image":[{"width":763,"height":488,"url":"https:\/\/www.acotv.org\/wp-content\/uploads\/IMG_4-2.png","type":"image\/png"}],"author":"ACOTV","twitter_card":"summary_large_image","twitter_misc":{"Escrito por":"ACOTV","Tiempo de lectura":"2 minutos"},"schema":{"@context":"https:\/\/schema.org","@graph":[{"@type":"Article","@id":"https:\/\/www.acotv.org\/es\/avaluacio-visual-en-infants-amb-necessitats-educatives-especials\/#article","isPartOf":{"@id":"https:\/\/www.acotv.org\/es\/avaluacio-visual-en-infants-amb-necessitats-educatives-especials\/"},"author":{"name":"ACOTV","@id":"https:\/\/www.acotv.org\/ca\/#\/schema\/person\/0de470fec1dbf9785a7343042d765744"},"headline":"Evaluaci\u00f3n visual en ni\u00f1os con necesidades educativas especiales","datePublished":"2021-06-29T10:59:00+00:00","dateModified":"2022-09-06T08:19:06+00:00","mainEntityOfPage":{"@id":"https:\/\/www.acotv.org\/es\/avaluacio-visual-en-infants-amb-necessitats-educatives-especials\/"},"wordCount":246,"commentCount":0,"image":{"@id":"https:\/\/www.acotv.org\/es\/avaluacio-visual-en-infants-amb-necessitats-educatives-especials\/#primaryimage"},"thumbnailUrl":"https:\/\/www.acotv.org\/wp-content\/uploads\/IMG_4-2.png","keywords":["#Cursos #Formacio #Optometria"],"articleSection":["Noticias"],"inLanguage":"es","potentialAction":[{"@type":"CommentAction","name":"Comment","target":["https:\/\/www.acotv.org\/es\/avaluacio-visual-en-infants-amb-necessitats-educatives-especials\/#respond"]}]},{"@type":"WebPage","@id":"https:\/\/www.acotv.org\/es\/avaluacio-visual-en-infants-amb-necessitats-educatives-especials\/","url":"https:\/\/www.acotv.org\/es\/avaluacio-visual-en-infants-amb-necessitats-educatives-especials\/","name":"Evaluaci\u00f3n visual en ni\u00f1os con necesidades educativas especiales - Asociaci\u00f3n Catalana de Optometr\u00eda y Terapia Visual","isPartOf":{"@id":"https:\/\/www.acotv.org\/ca\/#website"},"primaryImageOfPage":{"@id":"https:\/\/www.acotv.org\/es\/avaluacio-visual-en-infants-amb-necessitats-educatives-especials\/#primaryimage"},"image":{"@id":"https:\/\/www.acotv.org\/es\/avaluacio-visual-en-infants-amb-necessitats-educatives-especials\/#primaryimage"},"thumbnailUrl":"https:\/\/www.acotv.org\/wp-content\/uploads\/IMG_4-2.png","datePublished":"2021-06-29T10:59:00+00:00","dateModified":"2022-09-06T08:19:06+00:00","author":{"@id":"https:\/\/www.acotv.org\/ca\/#\/schema\/person\/0de470fec1dbf9785a7343042d765744"},"breadcrumb":{"@id":"https:\/\/www.acotv.org\/es\/avaluacio-visual-en-infants-amb-necessitats-educatives-especials\/#breadcrumb"},"inLanguage":"es","potentialAction":[{"@type":"ReadAction","target":["https:\/\/www.acotv.org\/es\/avaluacio-visual-en-infants-amb-necessitats-educatives-especials\/"]}]},{"@type":"ImageObject","inLanguage":"es","@id":"https:\/\/www.acotv.org\/es\/avaluacio-visual-en-infants-amb-necessitats-educatives-especials\/#primaryimage","url":"https:\/\/www.acotv.org\/wp-content\/uploads\/IMG_4-2.png","contentUrl":"https:\/\/www.acotv.org\/wp-content\/uploads\/IMG_4-2.png","width":763,"height":488},{"@type":"BreadcrumbList","@id":"https:\/\/www.acotv.org\/es\/avaluacio-visual-en-infants-amb-necessitats-educatives-especials\/#breadcrumb","itemListElement":[{"@type":"ListItem","position":1,"name":"Portada","item":"https:\/\/www.acotv.org\/es\/"},{"@type":"ListItem","position":2,"name":"Evaluaci\u00f3n visual en ni\u00f1os con necesidades educativas especiales"}]},{"@type":"WebSite","@id":"https:\/\/www.acotv.org\/ca\/#website","url":"https:\/\/www.acotv.org\/ca\/","name":"Asociaci\u00f3n Catalana de Optometr\u00eda y Terapia Visual","description":"","potentialAction":[{"@type":"SearchAction","target":{"@type":"EntryPoint","urlTemplate":"https:\/\/www.acotv.org\/ca\/?s={search_term_string}"},"query-input":{"@type":"PropertyValueSpecification","valueRequired":true,"valueName":"search_term_string"}}],"inLanguage":"es"},{"@type":"Person","@id":"https:\/\/www.acotv.org\/ca\/#\/schema\/person\/0de470fec1dbf9785a7343042d765744","name":"ACOTV","image":{"@type":"ImageObject","inLanguage":"es","@id":"https:\/\/www.acotv.org\/wp-content\/uploads\/Logo-petit-150x150.jpg","url":"https:\/\/www.acotv.org\/wp-content\/uploads\/Logo-petit-150x150.jpg","contentUrl":"https:\/\/www.acotv.org\/wp-content\/uploads\/Logo-petit-150x150.jpg","caption":"ACOTV"},"url":"https:\/\/www.acotv.org\/es\/author\/acotv\/"}]}},"_links":{"self":[{"href":"https:\/\/www.acotv.org\/es\/wp-json\/wp\/v2\/posts\/4542","targetHints":{"allow":["GET"]}}],"collection":[{"href":"https:\/\/www.acotv.org\/es\/wp-json\/wp\/v2\/posts"}],"about":[{"href":"https:\/\/www.acotv.org\/es\/wp-json\/wp\/v2\/types\/post"}],"author":[{"embeddable":true,"href":"https:\/\/www.acotv.org\/es\/wp-json\/wp\/v2\/users\/2"}],"replies":[{"embeddable":true,"href":"https:\/\/www.acotv.org\/es\/wp-json\/wp\/v2\/comments?post=4542"}],"version-history":[{"count":3,"href":"https:\/\/www.acotv.org\/es\/wp-json\/wp\/v2\/posts\/4542\/revisions"}],"predecessor-version":[{"id":5497,"href":"https:\/\/www.acotv.org\/es\/wp-json\/wp\/v2\/posts\/4542\/revisions\/5497"}],"wp:featuredmedia":[{"embeddable":true,"href":"https:\/\/www.acotv.org\/es\/wp-json\/wp\/v2\/media\/4540"}],"wp:attachment":[{"href":"https:\/\/www.acotv.org\/es\/wp-json\/wp\/v2\/media?parent=4542"}],"wp:term":[{"taxonomy":"category","embeddable":true,"href":"https:\/\/www.acotv.org\/es\/wp-json\/wp\/v2\/categories?post=4542"},{"taxonomy":"post_tag","embeddable":true,"href":"https:\/\/www.acotv.org\/es\/wp-json\/wp\/v2\/tags?post=4542"}],"curies":[{"name":"wp","href":"https:\/\/api.w.org\/{rel}","templated":true}]}}