{"id":4529,"date":"2021-06-30T12:24:00","date_gmt":"2021-06-30T10:24:00","guid":{"rendered":"https:\/\/www.acotv.org\/estudi-de-la-influencia-de-diferents-longituds-dona-monocromatiques-en-lambit-cerebral\/"},"modified":"2022-09-05T12:55:20","modified_gmt":"2022-09-05T10:55:20","slug":"estudio-de-la-influencia-de-diferentes-longitudes-deonda-monocromaticas-en-elambito-cerebral","status":"publish","type":"post","link":"https:\/\/www.acotv.org\/es\/estudio-de-la-influencia-de-diferentes-longitudes-deonda-monocromaticas-en-elambito-cerebral\/","title":{"rendered":"Estudio de la influencia de diferentes longitudes de onda monocrom\u00e1tica en el \u00e1mbito cerebral"},"content":{"rendered":"\n<p class=\"wp-block-paragraph\"><strong><mark style=\"background-color:rgba(0, 0, 0, 0)\" class=\"has-inline-color has-vivid-cyan-blue-color\">Seguimos avanzando en el estudio de investigaci\u00f3n<\/mark><\/strong><\/p>\n\n\n\n<p class=\"wp-block-paragraph\">El grupo de trabajo del \u00c1rea de Investigaci\u00f3n de la ACOTV contin\u00faa realizando el&nbsp;<strong>Estudio de la influencia de diferentes longitudes de onda monocrom\u00e1ticas en el \u00e1mbito cerebral.<\/strong><\/p>\n\n\n\n<p class=\"wp-block-paragraph\">La fase de observaci\u00f3n mediante resonancia magn\u00e9tica funcional se ha realizado a la Fundaci\u00f3n Pasqual Maragall y ya se ha concluido. Actualmente se est\u00e1 trabajando el complejo proceso de an\u00e1lisis de datos.<\/p>\n\n\n\n<p class=\"wp-block-paragraph\">El 10 de abril se llev\u00f3 a cabo la \u00faltima de las sesiones programadas para hacer las medidas a los participantes voluntarios y a cada participante se le entreg\u00f3 un diploma de agradecimiento por su participaci\u00f3n en nombre de la ACOTV y del COOOC.<\/p>\n\n\n\n<p class=\"wp-block-paragraph\">Hasta el presente, se ha realizado un preprocesamiento de todos los datos, se han generado mapas de conectividad cerebral con las regiones que se quieren estudiar y se est\u00e1n haciendo comparaciones de estos para ver las diferencias seg\u00fan las estimulaciones lum\u00ednicas a que corresponden.<\/p>\n\n\n\n<p class=\"wp-block-paragraph\"><img decoding=\"async\" width=\"250\" height=\"188\" class=\"wp-image-4522\" style=\"width: 250px;\" src=\"https:\/\/www.acotv.org\/wp-content\/uploads\/Recerca6_700.jpg\" alt=\"\" srcset=\"https:\/\/www.acotv.org\/wp-content\/uploads\/Recerca6_700.jpg 700w, https:\/\/www.acotv.org\/wp-content\/uploads\/Recerca6_700-300x225.jpg 300w\" sizes=\"(max-width: 250px) 100vw, 250px\" \/> <img decoding=\"async\" width=\"250\" height=\"188\" class=\"wp-image-4519\" style=\"width: 250px;\" src=\"https:\/\/www.acotv.org\/wp-content\/uploads\/Recerca5_700.jpg\" alt=\"\" srcset=\"https:\/\/www.acotv.org\/wp-content\/uploads\/Recerca5_700.jpg 700w, https:\/\/www.acotv.org\/wp-content\/uploads\/Recerca5_700-300x225.jpg 300w\" sizes=\"(max-width: 250px) 100vw, 250px\" \/> <img decoding=\"async\" width=\"250\" height=\"188\" class=\"wp-image-4516\" style=\"width: 250px;\" src=\"https:\/\/www.acotv.org\/wp-content\/uploads\/Recerca4_700.jpg\" alt=\"\" srcset=\"https:\/\/www.acotv.org\/wp-content\/uploads\/Recerca4_700.jpg 700w, https:\/\/www.acotv.org\/wp-content\/uploads\/Recerca4_700-300x225.jpg 300w\" sizes=\"(max-width: 250px) 100vw, 250px\" \/><\/p>\n\n\n\n<p class=\"wp-block-paragraph\">Recientemente, se est\u00e1n publicando m\u00e1s estudios de c\u00f3mo la luz puede ser un potencial estimulador cerebral ante determinadas disfunciones visuales y esto abre un camino esperanzador en cuanto a los resultados de este estudio.<\/p>\n\n\n\n<p class=\"wp-block-paragraph\">Desde el \u00e1rea de investigaci\u00f3n de nuestra asociaci\u00f3n estamos muy agradecidos por el apoyo recibido, desde el inicio, por parte de las instituciones implicadas dado que se trata de un estudio pionero en nuestro pa\u00eds, con las dificultades log\u00edsticas y de financiaci\u00f3n que suponen este tipo de investigaciones.<\/p>\n","protected":false},"excerpt":{"rendered":"<p>El grupo de trabajo del \u00c1rea de Investigaci\u00f3n de la ACOTV contin\u00faa realizando el\u00a0Estudio de la influencia de diferentes longitudes de onda monocrom\u00e1ticas en el \u00e1mbito cerebral.<\/p>\n","protected":false},"author":2,"featured_media":4527,"comment_status":"open","ping_status":"open","sticky":false,"template":"","format":"standard","meta":{"ocean_front_end_style_editor":"no","ocean_post_layout":"","ocean_both_sidebars_style":"","ocean_both_sidebars_content_width":0,"ocean_both_sidebars_sidebars_width":0,"ocean_sidebar":"0","ocean_second_sidebar":"0","ocean_disable_margins":"enable","ocean_add_body_class":"","ocean_shortcode_before_top_bar":"","ocean_shortcode_after_top_bar":"","ocean_shortcode_before_header":"","ocean_shortcode_after_header":"","ocean_has_shortcode":"","ocean_shortcode_after_title":"","ocean_shortcode_before_footer_widgets":"","ocean_shortcode_after_footer_widgets":"","ocean_shortcode_before_footer_bottom":"","ocean_shortcode_after_footer_bottom":"","ocean_display_top_bar":"default","ocean_display_header":"default","ocean_header_style":"","ocean_center_header_left_menu":"0","ocean_custom_header_template":"0","ocean_custom_logo":0,"ocean_custom_retina_logo":0,"ocean_custom_logo_max_width":0,"ocean_custom_logo_tablet_max_width":0,"ocean_custom_logo_mobile_max_width":0,"ocean_custom_logo_max_height":0,"ocean_custom_logo_tablet_max_height":0,"ocean_custom_logo_mobile_max_height":0,"ocean_header_custom_menu":"0","ocean_menu_typo_font_family":"0","ocean_menu_typo_font_subset":"","ocean_menu_typo_font_size":0,"ocean_menu_typo_font_size_tablet":0,"ocean_menu_typo_font_size_mobile":0,"ocean_menu_typo_font_size_unit":"px","ocean_menu_typo_font_weight":"","ocean_menu_typo_font_weight_tablet":"","ocean_menu_typo_font_weight_mobile":"","ocean_menu_typo_transform":"","ocean_menu_typo_transform_tablet":"","ocean_menu_typo_transform_mobile":"","ocean_menu_typo_line_height":0,"ocean_menu_typo_line_height_tablet":0,"ocean_menu_typo_line_height_mobile":0,"ocean_menu_typo_line_height_unit":"","ocean_menu_typo_spacing":0,"ocean_menu_typo_spacing_tablet":0,"ocean_menu_typo_spacing_mobile":0,"ocean_menu_typo_spacing_unit":"","ocean_menu_link_color":"","ocean_menu_link_color_hover":"","ocean_menu_link_color_active":"","ocean_menu_link_background":"","ocean_menu_link_hover_background":"","ocean_menu_link_active_background":"","ocean_menu_social_links_bg":"","ocean_menu_social_hover_links_bg":"","ocean_menu_social_links_color":"","ocean_menu_social_hover_links_color":"","ocean_disable_title":"default","ocean_disable_heading":"default","ocean_post_title":"","ocean_post_subheading":"","ocean_post_title_style":"","ocean_post_title_background_color":"","ocean_post_title_background":0,"ocean_post_title_bg_image_position":"","ocean_post_title_bg_image_attachment":"","ocean_post_title_bg_image_repeat":"","ocean_post_title_bg_image_size":"","ocean_post_title_height":0,"ocean_post_title_bg_overlay":0.5,"ocean_post_title_bg_overlay_color":"","ocean_disable_breadcrumbs":"default","ocean_breadcrumbs_color":"","ocean_breadcrumbs_separator_color":"","ocean_breadcrumbs_links_color":"","ocean_breadcrumbs_links_hover_color":"","ocean_display_footer_widgets":"default","ocean_display_footer_bottom":"default","ocean_custom_footer_template":"0","ocean_post_oembed":"","ocean_post_self_hosted_media":"","ocean_post_video_embed":"","ocean_link_format":"","ocean_link_format_target":"self","ocean_quote_format":"","ocean_quote_format_link":"post","ocean_gallery_link_images":"off","ocean_gallery_id":[],"footnotes":""},"categories":[8],"tags":[145,143,146,144],"class_list":["post-4529","post","type-post","status-publish","format-standard","has-post-thumbnail","hentry","category-noticias","tag-estudios","tag-estudis-es","tag-investigacion","tag-recerca-es","entry","has-media"],"yoast_head":"<!-- This site is optimized with the Yoast SEO plugin v28.4 - https:\/\/yoast.com\/product\/yoast-seo-wordpress\/ -->\n<title>Estudio de la influencia de diferentes longitudes de onda monocrom\u00e1tica en el \u00e1mbito cerebral - Asociaci\u00f3n Catalana de Optometr\u00eda y Terapia Visual<\/title>\n<meta name=\"robots\" content=\"index, follow, max-snippet:-1, max-image-preview:large, max-video-preview:-1\" \/>\n<link rel=\"canonical\" href=\"https:\/\/www.acotv.org\/es\/estudio-de-la-influencia-de-diferentes-longitudes-deonda-monocromaticas-en-elambito-cerebral\/\" \/>\n<meta property=\"og:locale\" content=\"es_ES\" \/>\n<meta property=\"og:type\" content=\"article\" \/>\n<meta property=\"og:title\" content=\"Estudio de la influencia de diferentes longitudes de onda monocrom\u00e1tica en el \u00e1mbito cerebral - Asociaci\u00f3n Catalana de Optometr\u00eda y Terapia Visual\" \/>\n<meta property=\"og:description\" content=\"El grupo de trabajo del \u00c1rea de Investigaci\u00f3n de la ACOTV contin\u00faa realizando el\u00a0Estudio de la influencia de diferentes longitudes de onda monocrom\u00e1ticas en el \u00e1mbito cerebral.\" \/>\n<meta property=\"og:url\" content=\"https:\/\/www.acotv.org\/es\/estudio-de-la-influencia-de-diferentes-longitudes-deonda-monocromaticas-en-elambito-cerebral\/\" \/>\n<meta property=\"og:site_name\" content=\"Asociaci\u00f3n Catalana de Optometr\u00eda y Terapia Visual\" \/>\n<meta property=\"article:published_time\" content=\"2021-06-30T10:24:00+00:00\" \/>\n<meta property=\"article:modified_time\" content=\"2022-09-05T10:55:20+00:00\" \/>\n<meta property=\"og:image\" content=\"https:\/\/www.acotv.org\/wp-content\/uploads\/IMG-20210410-WA0012.jpg\" \/>\n\t<meta property=\"og:image:width\" content=\"1600\" \/>\n\t<meta property=\"og:image:height\" content=\"1584\" \/>\n\t<meta property=\"og:image:type\" content=\"image\/jpeg\" \/>\n<meta name=\"author\" content=\"ACOTV\" \/>\n<meta name=\"twitter:card\" content=\"summary_large_image\" \/>\n<meta name=\"twitter:label1\" content=\"Escrito por\" \/>\n\t<meta name=\"twitter:data1\" content=\"ACOTV\" \/>\n\t<meta name=\"twitter:label2\" content=\"Tiempo de lectura\" \/>\n\t<meta name=\"twitter:data2\" content=\"2 minutos\" \/>\n<script type=\"application\/ld+json\" class=\"yoast-schema-graph\">{\"@context\":\"https:\\\/\\\/schema.org\",\"@graph\":[{\"@type\":\"Article\",\"@id\":\"https:\\\/\\\/www.acotv.org\\\/es\\\/estudio-de-la-influencia-de-diferentes-longitudes-deonda-monocromaticas-en-elambito-cerebral\\\/#article\",\"isPartOf\":{\"@id\":\"https:\\\/\\\/www.acotv.org\\\/es\\\/estudio-de-la-influencia-de-diferentes-longitudes-deonda-monocromaticas-en-elambito-cerebral\\\/\"},\"author\":{\"name\":\"ACOTV\",\"@id\":\"https:\\\/\\\/www.acotv.org\\\/ca\\\/#\\\/schema\\\/person\\\/0de470fec1dbf9785a7343042d765744\"},\"headline\":\"Estudio de la influencia de diferentes longitudes de onda monocrom\u00e1tica en el \u00e1mbito cerebral\",\"datePublished\":\"2021-06-30T10:24:00+00:00\",\"dateModified\":\"2022-09-05T10:55:20+00:00\",\"mainEntityOfPage\":{\"@id\":\"https:\\\/\\\/www.acotv.org\\\/es\\\/estudio-de-la-influencia-de-diferentes-longitudes-deonda-monocromaticas-en-elambito-cerebral\\\/\"},\"wordCount\":272,\"commentCount\":0,\"image\":{\"@id\":\"https:\\\/\\\/www.acotv.org\\\/es\\\/estudio-de-la-influencia-de-diferentes-longitudes-deonda-monocromaticas-en-elambito-cerebral\\\/#primaryimage\"},\"thumbnailUrl\":\"https:\\\/\\\/www.acotv.org\\\/wp-content\\\/uploads\\\/IMG-20210410-WA0012.jpg\",\"keywords\":[\"Estudios\",\"Estudis\",\"Investigaci\u00f3n\",\"recerca\"],\"articleSection\":[\"Noticias\"],\"inLanguage\":\"es\",\"potentialAction\":[{\"@type\":\"CommentAction\",\"name\":\"Comment\",\"target\":[\"https:\\\/\\\/www.acotv.org\\\/es\\\/estudio-de-la-influencia-de-diferentes-longitudes-deonda-monocromaticas-en-elambito-cerebral\\\/#respond\"]}]},{\"@type\":\"WebPage\",\"@id\":\"https:\\\/\\\/www.acotv.org\\\/es\\\/estudio-de-la-influencia-de-diferentes-longitudes-deonda-monocromaticas-en-elambito-cerebral\\\/\",\"url\":\"https:\\\/\\\/www.acotv.org\\\/es\\\/estudio-de-la-influencia-de-diferentes-longitudes-deonda-monocromaticas-en-elambito-cerebral\\\/\",\"name\":\"Estudio de la influencia de diferentes longitudes de onda monocrom\u00e1tica en el \u00e1mbito cerebral - Asociaci\u00f3n Catalana de Optometr\u00eda y Terapia Visual\",\"isPartOf\":{\"@id\":\"https:\\\/\\\/www.acotv.org\\\/ca\\\/#website\"},\"primaryImageOfPage\":{\"@id\":\"https:\\\/\\\/www.acotv.org\\\/es\\\/estudio-de-la-influencia-de-diferentes-longitudes-deonda-monocromaticas-en-elambito-cerebral\\\/#primaryimage\"},\"image\":{\"@id\":\"https:\\\/\\\/www.acotv.org\\\/es\\\/estudio-de-la-influencia-de-diferentes-longitudes-deonda-monocromaticas-en-elambito-cerebral\\\/#primaryimage\"},\"thumbnailUrl\":\"https:\\\/\\\/www.acotv.org\\\/wp-content\\\/uploads\\\/IMG-20210410-WA0012.jpg\",\"datePublished\":\"2021-06-30T10:24:00+00:00\",\"dateModified\":\"2022-09-05T10:55:20+00:00\",\"author\":{\"@id\":\"https:\\\/\\\/www.acotv.org\\\/ca\\\/#\\\/schema\\\/person\\\/0de470fec1dbf9785a7343042d765744\"},\"breadcrumb\":{\"@id\":\"https:\\\/\\\/www.acotv.org\\\/es\\\/estudio-de-la-influencia-de-diferentes-longitudes-deonda-monocromaticas-en-elambito-cerebral\\\/#breadcrumb\"},\"inLanguage\":\"es\",\"potentialAction\":[{\"@type\":\"ReadAction\",\"target\":[\"https:\\\/\\\/www.acotv.org\\\/es\\\/estudio-de-la-influencia-de-diferentes-longitudes-deonda-monocromaticas-en-elambito-cerebral\\\/\"]}]},{\"@type\":\"ImageObject\",\"inLanguage\":\"es\",\"@id\":\"https:\\\/\\\/www.acotv.org\\\/es\\\/estudio-de-la-influencia-de-diferentes-longitudes-deonda-monocromaticas-en-elambito-cerebral\\\/#primaryimage\",\"url\":\"https:\\\/\\\/www.acotv.org\\\/wp-content\\\/uploads\\\/IMG-20210410-WA0012.jpg\",\"contentUrl\":\"https:\\\/\\\/www.acotv.org\\\/wp-content\\\/uploads\\\/IMG-20210410-WA0012.jpg\",\"width\":1600,\"height\":1584},{\"@type\":\"BreadcrumbList\",\"@id\":\"https:\\\/\\\/www.acotv.org\\\/es\\\/estudio-de-la-influencia-de-diferentes-longitudes-deonda-monocromaticas-en-elambito-cerebral\\\/#breadcrumb\",\"itemListElement\":[{\"@type\":\"ListItem\",\"position\":1,\"name\":\"Portada\",\"item\":\"https:\\\/\\\/www.acotv.org\\\/es\\\/\"},{\"@type\":\"ListItem\",\"position\":2,\"name\":\"Estudio de la influencia de diferentes longitudes de onda monocrom\u00e1tica en el \u00e1mbito cerebral\"}]},{\"@type\":\"WebSite\",\"@id\":\"https:\\\/\\\/www.acotv.org\\\/ca\\\/#website\",\"url\":\"https:\\\/\\\/www.acotv.org\\\/ca\\\/\",\"name\":\"Asociaci\u00f3n Catalana de Optometr\u00eda y Terapia Visual\",\"description\":\"\",\"potentialAction\":[{\"@type\":\"SearchAction\",\"target\":{\"@type\":\"EntryPoint\",\"urlTemplate\":\"https:\\\/\\\/www.acotv.org\\\/ca\\\/?s={search_term_string}\"},\"query-input\":{\"@type\":\"PropertyValueSpecification\",\"valueRequired\":true,\"valueName\":\"search_term_string\"}}],\"inLanguage\":\"es\"},{\"@type\":\"Person\",\"@id\":\"https:\\\/\\\/www.acotv.org\\\/ca\\\/#\\\/schema\\\/person\\\/0de470fec1dbf9785a7343042d765744\",\"name\":\"ACOTV\",\"image\":{\"@type\":\"ImageObject\",\"inLanguage\":\"es\",\"@id\":\"https:\\\/\\\/www.acotv.org\\\/wp-content\\\/uploads\\\/Logo-petit-150x150.jpg\",\"url\":\"https:\\\/\\\/www.acotv.org\\\/wp-content\\\/uploads\\\/Logo-petit-150x150.jpg\",\"contentUrl\":\"https:\\\/\\\/www.acotv.org\\\/wp-content\\\/uploads\\\/Logo-petit-150x150.jpg\",\"caption\":\"ACOTV\"},\"url\":\"https:\\\/\\\/www.acotv.org\\\/es\\\/author\\\/acotv\\\/\"}]}<\/script>\n<!-- \/ Yoast SEO plugin. -->","yoast_head_json":{"title":"Estudio de la influencia de diferentes longitudes de onda monocrom\u00e1tica en el \u00e1mbito cerebral - Asociaci\u00f3n Catalana de Optometr\u00eda y Terapia Visual","robots":{"index":"index","follow":"follow","max-snippet":"max-snippet:-1","max-image-preview":"max-image-preview:large","max-video-preview":"max-video-preview:-1"},"canonical":"https:\/\/www.acotv.org\/es\/estudio-de-la-influencia-de-diferentes-longitudes-deonda-monocromaticas-en-elambito-cerebral\/","og_locale":"es_ES","og_type":"article","og_title":"Estudio de la influencia de diferentes longitudes de onda monocrom\u00e1tica en el \u00e1mbito cerebral - Asociaci\u00f3n Catalana de Optometr\u00eda y Terapia Visual","og_description":"El grupo de trabajo del \u00c1rea de Investigaci\u00f3n de la ACOTV contin\u00faa realizando el\u00a0Estudio de la influencia de diferentes longitudes de onda monocrom\u00e1ticas en el \u00e1mbito cerebral.","og_url":"https:\/\/www.acotv.org\/es\/estudio-de-la-influencia-de-diferentes-longitudes-deonda-monocromaticas-en-elambito-cerebral\/","og_site_name":"Asociaci\u00f3n Catalana de Optometr\u00eda y Terapia Visual","article_published_time":"2021-06-30T10:24:00+00:00","article_modified_time":"2022-09-05T10:55:20+00:00","og_image":[{"width":1600,"height":1584,"url":"https:\/\/www.acotv.org\/wp-content\/uploads\/IMG-20210410-WA0012.jpg","type":"image\/jpeg"}],"author":"ACOTV","twitter_card":"summary_large_image","twitter_misc":{"Escrito por":"ACOTV","Tiempo de lectura":"2 minutos"},"schema":{"@context":"https:\/\/schema.org","@graph":[{"@type":"Article","@id":"https:\/\/www.acotv.org\/es\/estudio-de-la-influencia-de-diferentes-longitudes-deonda-monocromaticas-en-elambito-cerebral\/#article","isPartOf":{"@id":"https:\/\/www.acotv.org\/es\/estudio-de-la-influencia-de-diferentes-longitudes-deonda-monocromaticas-en-elambito-cerebral\/"},"author":{"name":"ACOTV","@id":"https:\/\/www.acotv.org\/ca\/#\/schema\/person\/0de470fec1dbf9785a7343042d765744"},"headline":"Estudio de la influencia de diferentes longitudes de onda monocrom\u00e1tica en el \u00e1mbito cerebral","datePublished":"2021-06-30T10:24:00+00:00","dateModified":"2022-09-05T10:55:20+00:00","mainEntityOfPage":{"@id":"https:\/\/www.acotv.org\/es\/estudio-de-la-influencia-de-diferentes-longitudes-deonda-monocromaticas-en-elambito-cerebral\/"},"wordCount":272,"commentCount":0,"image":{"@id":"https:\/\/www.acotv.org\/es\/estudio-de-la-influencia-de-diferentes-longitudes-deonda-monocromaticas-en-elambito-cerebral\/#primaryimage"},"thumbnailUrl":"https:\/\/www.acotv.org\/wp-content\/uploads\/IMG-20210410-WA0012.jpg","keywords":["Estudios","Estudis","Investigaci\u00f3n","recerca"],"articleSection":["Noticias"],"inLanguage":"es","potentialAction":[{"@type":"CommentAction","name":"Comment","target":["https:\/\/www.acotv.org\/es\/estudio-de-la-influencia-de-diferentes-longitudes-deonda-monocromaticas-en-elambito-cerebral\/#respond"]}]},{"@type":"WebPage","@id":"https:\/\/www.acotv.org\/es\/estudio-de-la-influencia-de-diferentes-longitudes-deonda-monocromaticas-en-elambito-cerebral\/","url":"https:\/\/www.acotv.org\/es\/estudio-de-la-influencia-de-diferentes-longitudes-deonda-monocromaticas-en-elambito-cerebral\/","name":"Estudio de la influencia de diferentes longitudes de onda monocrom\u00e1tica en el \u00e1mbito cerebral - Asociaci\u00f3n Catalana de Optometr\u00eda y Terapia Visual","isPartOf":{"@id":"https:\/\/www.acotv.org\/ca\/#website"},"primaryImageOfPage":{"@id":"https:\/\/www.acotv.org\/es\/estudio-de-la-influencia-de-diferentes-longitudes-deonda-monocromaticas-en-elambito-cerebral\/#primaryimage"},"image":{"@id":"https:\/\/www.acotv.org\/es\/estudio-de-la-influencia-de-diferentes-longitudes-deonda-monocromaticas-en-elambito-cerebral\/#primaryimage"},"thumbnailUrl":"https:\/\/www.acotv.org\/wp-content\/uploads\/IMG-20210410-WA0012.jpg","datePublished":"2021-06-30T10:24:00+00:00","dateModified":"2022-09-05T10:55:20+00:00","author":{"@id":"https:\/\/www.acotv.org\/ca\/#\/schema\/person\/0de470fec1dbf9785a7343042d765744"},"breadcrumb":{"@id":"https:\/\/www.acotv.org\/es\/estudio-de-la-influencia-de-diferentes-longitudes-deonda-monocromaticas-en-elambito-cerebral\/#breadcrumb"},"inLanguage":"es","potentialAction":[{"@type":"ReadAction","target":["https:\/\/www.acotv.org\/es\/estudio-de-la-influencia-de-diferentes-longitudes-deonda-monocromaticas-en-elambito-cerebral\/"]}]},{"@type":"ImageObject","inLanguage":"es","@id":"https:\/\/www.acotv.org\/es\/estudio-de-la-influencia-de-diferentes-longitudes-deonda-monocromaticas-en-elambito-cerebral\/#primaryimage","url":"https:\/\/www.acotv.org\/wp-content\/uploads\/IMG-20210410-WA0012.jpg","contentUrl":"https:\/\/www.acotv.org\/wp-content\/uploads\/IMG-20210410-WA0012.jpg","width":1600,"height":1584},{"@type":"BreadcrumbList","@id":"https:\/\/www.acotv.org\/es\/estudio-de-la-influencia-de-diferentes-longitudes-deonda-monocromaticas-en-elambito-cerebral\/#breadcrumb","itemListElement":[{"@type":"ListItem","position":1,"name":"Portada","item":"https:\/\/www.acotv.org\/es\/"},{"@type":"ListItem","position":2,"name":"Estudio de la influencia de diferentes longitudes de onda monocrom\u00e1tica en el \u00e1mbito cerebral"}]},{"@type":"WebSite","@id":"https:\/\/www.acotv.org\/ca\/#website","url":"https:\/\/www.acotv.org\/ca\/","name":"Asociaci\u00f3n Catalana de Optometr\u00eda y Terapia Visual","description":"","potentialAction":[{"@type":"SearchAction","target":{"@type":"EntryPoint","urlTemplate":"https:\/\/www.acotv.org\/ca\/?s={search_term_string}"},"query-input":{"@type":"PropertyValueSpecification","valueRequired":true,"valueName":"search_term_string"}}],"inLanguage":"es"},{"@type":"Person","@id":"https:\/\/www.acotv.org\/ca\/#\/schema\/person\/0de470fec1dbf9785a7343042d765744","name":"ACOTV","image":{"@type":"ImageObject","inLanguage":"es","@id":"https:\/\/www.acotv.org\/wp-content\/uploads\/Logo-petit-150x150.jpg","url":"https:\/\/www.acotv.org\/wp-content\/uploads\/Logo-petit-150x150.jpg","contentUrl":"https:\/\/www.acotv.org\/wp-content\/uploads\/Logo-petit-150x150.jpg","caption":"ACOTV"},"url":"https:\/\/www.acotv.org\/es\/author\/acotv\/"}]}},"_links":{"self":[{"href":"https:\/\/www.acotv.org\/es\/wp-json\/wp\/v2\/posts\/4529","targetHints":{"allow":["GET"]}}],"collection":[{"href":"https:\/\/www.acotv.org\/es\/wp-json\/wp\/v2\/posts"}],"about":[{"href":"https:\/\/www.acotv.org\/es\/wp-json\/wp\/v2\/types\/post"}],"author":[{"embeddable":true,"href":"https:\/\/www.acotv.org\/es\/wp-json\/wp\/v2\/users\/2"}],"replies":[{"embeddable":true,"href":"https:\/\/www.acotv.org\/es\/wp-json\/wp\/v2\/comments?post=4529"}],"version-history":[{"count":3,"href":"https:\/\/www.acotv.org\/es\/wp-json\/wp\/v2\/posts\/4529\/revisions"}],"predecessor-version":[{"id":5372,"href":"https:\/\/www.acotv.org\/es\/wp-json\/wp\/v2\/posts\/4529\/revisions\/5372"}],"wp:featuredmedia":[{"embeddable":true,"href":"https:\/\/www.acotv.org\/es\/wp-json\/wp\/v2\/media\/4527"}],"wp:attachment":[{"href":"https:\/\/www.acotv.org\/es\/wp-json\/wp\/v2\/media?parent=4529"}],"wp:term":[{"taxonomy":"category","embeddable":true,"href":"https:\/\/www.acotv.org\/es\/wp-json\/wp\/v2\/categories?post=4529"},{"taxonomy":"post_tag","embeddable":true,"href":"https:\/\/www.acotv.org\/es\/wp-json\/wp\/v2\/tags?post=4529"}],"curies":[{"name":"wp","href":"https:\/\/api.w.org\/{rel}","templated":true}]}}