{"id":4454,"date":"2022-04-29T10:41:06","date_gmt":"2022-04-29T08:41:06","guid":{"rendered":"https:\/\/www.acotv.org\/ninos-hiperactivos-y-con-deficit-de-atencion-tiempo-de-despertar\/"},"modified":"2022-04-29T10:41:06","modified_gmt":"2022-04-29T08:41:06","slug":"ninos-hiperactivos-y-con-deficit-de-atencion-tiempo-de-despertar","status":"publish","type":"post","link":"https:\/\/www.acotv.org\/es\/ninos-hiperactivos-y-con-deficit-de-atencion-tiempo-de-despertar\/","title":{"rendered":"NI\u00d1OS HIPERACTIVOS Y CON D\u00c9FICIT DE ATENCI\u00d3N. TIEMPO DE DESPERTAR"},"content":{"rendered":"\n<p class=\"has-medium-font-size wp-block-paragraph\">Un curioso art\u00edculo de divulgaci\u00f3n donde se explica un tratamiento alternativo a la medicaci\u00f3n para el TDAH, creado por un neurobi\u00f3logo alem\u00e1n, y consistente en que los ni\u00f1os vayan de \u00abcampamento\u00bb en los Alpes durante 8 semanas.<\/p>\n\n<p class=\"wp-block-paragraph\">Encontrar\u00e1 comentarios impactantes de los propios ni\u00f1os. Tambi\u00e9n incluye una entrevista al psiquiatra Juan Pundik y su opini\u00f3n sobre el TDHA y su tratamiento farmacol\u00f3gico.<\/p>\n\n<p class=\"wp-block-paragraph\"><strong>Uli Hauser. Fotograf\u00edas: Monika H\u00f6fler XLSEMANAL Revista On-line de Actualidad 22 DE NOVIEMBRE DE 2009 www.finanzas.comxl-semanalmagazine TEXTO Y FOTOGRAF\u00cdAS \u00a9 STERN MAGAZINE 2009\u00a0<\/strong><\/p>\n\n<div class=\"wp-block-file\"><a id=\"wp-block-file--media-003caea5-fa95-4a7b-ae35-303c0eb3a898\" href=\"https:\/\/www.acotv.org\/wp-content\/uploads\/article_divulgacio_ritalin_6p_0y2.pdf\" target=\"_blank\" rel=\"noreferrer noopener\">article_divulgacio_ritalin_6p_0y2<\/a><a href=\"https:\/\/www.acotv.org\/wp-content\/uploads\/article_divulgacio_ritalin_6p_0y2.pdf\" class=\"wp-block-file__button\" download=\"\" aria-describedby=\"wp-block-file--media-003caea5-fa95-4a7b-ae35-303c0eb3a898\">Descarga<\/a><\/div>\n\n<p class=\"wp-block-paragraph\"><\/p>\n","protected":false},"excerpt":{"rendered":"<p>Un curioso art\u00edculo de divulgaci\u00f3n donde se explica un tratamiento alternativo a la medicaci\u00f3n para el TDAH, creado por un [&hellip;]<\/p>\n","protected":false},"author":2,"featured_media":4449,"comment_status":"open","ping_status":"open","sticky":false,"template":"","format":"standard","meta":{"ocean_front_end_style_editor":"no","ocean_post_layout":"","ocean_both_sidebars_style":"","ocean_both_sidebars_content_width":0,"ocean_both_sidebars_sidebars_width":0,"ocean_sidebar":"0","ocean_second_sidebar":"0","ocean_disable_margins":"enable","ocean_add_body_class":"","ocean_shortcode_before_top_bar":"","ocean_shortcode_after_top_bar":"","ocean_shortcode_before_header":"","ocean_shortcode_after_header":"","ocean_has_shortcode":"","ocean_shortcode_after_title":"","ocean_shortcode_before_footer_widgets":"","ocean_shortcode_after_footer_widgets":"","ocean_shortcode_before_footer_bottom":"","ocean_shortcode_after_footer_bottom":"","ocean_display_top_bar":"default","ocean_display_header":"default","ocean_header_style":"","ocean_center_header_left_menu":"0","ocean_custom_header_template":"0","ocean_custom_logo":0,"ocean_custom_retina_logo":0,"ocean_custom_logo_max_width":0,"ocean_custom_logo_tablet_max_width":0,"ocean_custom_logo_mobile_max_width":0,"ocean_custom_logo_max_height":0,"ocean_custom_logo_tablet_max_height":0,"ocean_custom_logo_mobile_max_height":0,"ocean_header_custom_menu":"0","ocean_menu_typo_font_family":"0","ocean_menu_typo_font_subset":"","ocean_menu_typo_font_size":0,"ocean_menu_typo_font_size_tablet":0,"ocean_menu_typo_font_size_mobile":0,"ocean_menu_typo_font_size_unit":"px","ocean_menu_typo_font_weight":"","ocean_menu_typo_font_weight_tablet":"","ocean_menu_typo_font_weight_mobile":"","ocean_menu_typo_transform":"","ocean_menu_typo_transform_tablet":"","ocean_menu_typo_transform_mobile":"","ocean_menu_typo_line_height":0,"ocean_menu_typo_line_height_tablet":0,"ocean_menu_typo_line_height_mobile":0,"ocean_menu_typo_line_height_unit":"","ocean_menu_typo_spacing":0,"ocean_menu_typo_spacing_tablet":0,"ocean_menu_typo_spacing_mobile":0,"ocean_menu_typo_spacing_unit":"","ocean_menu_link_color":"","ocean_menu_link_color_hover":"","ocean_menu_link_color_active":"","ocean_menu_link_background":"","ocean_menu_link_hover_background":"","ocean_menu_link_active_background":"","ocean_menu_social_links_bg":"","ocean_menu_social_hover_links_bg":"","ocean_menu_social_links_color":"","ocean_menu_social_hover_links_color":"","ocean_disable_title":"default","ocean_disable_heading":"default","ocean_post_title":"","ocean_post_subheading":"","ocean_post_title_style":"","ocean_post_title_background_color":"","ocean_post_title_background":0,"ocean_post_title_bg_image_position":"","ocean_post_title_bg_image_attachment":"","ocean_post_title_bg_image_repeat":"","ocean_post_title_bg_image_size":"","ocean_post_title_height":0,"ocean_post_title_bg_overlay":0.5,"ocean_post_title_bg_overlay_color":"","ocean_disable_breadcrumbs":"default","ocean_breadcrumbs_color":"","ocean_breadcrumbs_separator_color":"","ocean_breadcrumbs_links_color":"","ocean_breadcrumbs_links_hover_color":"","ocean_display_footer_widgets":"default","ocean_display_footer_bottom":"default","ocean_custom_footer_template":"0","ocean_post_oembed":"","ocean_post_self_hosted_media":"","ocean_post_video_embed":"","ocean_link_format":"","ocean_link_format_target":"self","ocean_quote_format":"","ocean_quote_format_link":"post","ocean_gallery_link_images":"on","ocean_gallery_id":[],"footnotes":""},"categories":[9],"tags":[60,55,57],"class_list":["post-4454","post","type-post","status-publish","format-standard","has-post-thumbnail","hentry","category-blog","tag-optometria","tag-prevencion","tag-problemasdeaprendizaje","entry","has-media"],"yoast_head":"<!-- This site is optimized with the Yoast SEO plugin v28.4 - https:\/\/yoast.com\/product\/yoast-seo-wordpress\/ -->\n<title>NI\u00d1OS HIPERACTIVOS Y CON D\u00c9FICIT DE ATENCI\u00d3N. TIEMPO DE DESPERTAR - Asociaci\u00f3n Catalana de Optometr\u00eda y Terapia Visual<\/title>\n<meta name=\"robots\" content=\"index, follow, max-snippet:-1, max-image-preview:large, max-video-preview:-1\" \/>\n<link rel=\"canonical\" href=\"https:\/\/www.acotv.org\/es\/ninos-hiperactivos-y-con-deficit-de-atencion-tiempo-de-despertar\/\" \/>\n<meta property=\"og:locale\" content=\"es_ES\" \/>\n<meta property=\"og:type\" content=\"article\" \/>\n<meta property=\"og:title\" content=\"NI\u00d1OS HIPERACTIVOS Y CON D\u00c9FICIT DE ATENCI\u00d3N. TIEMPO DE DESPERTAR - Asociaci\u00f3n Catalana de Optometr\u00eda y Terapia Visual\" \/>\n<meta property=\"og:description\" content=\"Un curioso art\u00edculo de divulgaci\u00f3n donde se explica un tratamiento alternativo a la medicaci\u00f3n para el TDAH, creado por un [&hellip;]\" \/>\n<meta property=\"og:url\" content=\"https:\/\/www.acotv.org\/es\/ninos-hiperactivos-y-con-deficit-de-atencion-tiempo-de-despertar\/\" \/>\n<meta property=\"og:site_name\" content=\"Asociaci\u00f3n Catalana de Optometr\u00eda y Terapia Visual\" \/>\n<meta property=\"article:published_time\" content=\"2022-04-29T08:41:06+00:00\" \/>\n<meta property=\"og:image\" content=\"https:\/\/www.acotv.org\/wp-content\/uploads\/imatge6-12.jpg\" \/>\n\t<meta property=\"og:image:width\" content=\"700\" \/>\n\t<meta property=\"og:image:height\" content=\"455\" \/>\n\t<meta property=\"og:image:type\" content=\"image\/jpeg\" \/>\n<meta name=\"author\" content=\"ACOTV\" \/>\n<meta name=\"twitter:card\" content=\"summary_large_image\" \/>\n<meta name=\"twitter:label1\" content=\"Escrito por\" \/>\n\t<meta name=\"twitter:data1\" content=\"ACOTV\" \/>\n\t<meta name=\"twitter:label2\" content=\"Tiempo de lectura\" \/>\n\t<meta name=\"twitter:data2\" content=\"1 minuto\" \/>\n<script type=\"application\/ld+json\" class=\"yoast-schema-graph\">{\"@context\":\"https:\\\/\\\/schema.org\",\"@graph\":[{\"@type\":\"Article\",\"@id\":\"https:\\\/\\\/www.acotv.org\\\/es\\\/ninos-hiperactivos-y-con-deficit-de-atencion-tiempo-de-despertar\\\/#article\",\"isPartOf\":{\"@id\":\"https:\\\/\\\/www.acotv.org\\\/es\\\/ninos-hiperactivos-y-con-deficit-de-atencion-tiempo-de-despertar\\\/\"},\"author\":{\"name\":\"ACOTV\",\"@id\":\"https:\\\/\\\/www.acotv.org\\\/ca\\\/#\\\/schema\\\/person\\\/0de470fec1dbf9785a7343042d765744\"},\"headline\":\"NI\u00d1OS HIPERACTIVOS Y CON D\u00c9FICIT DE ATENCI\u00d3N. TIEMPO DE DESPERTAR\",\"datePublished\":\"2022-04-29T08:41:06+00:00\",\"mainEntityOfPage\":{\"@id\":\"https:\\\/\\\/www.acotv.org\\\/es\\\/ninos-hiperactivos-y-con-deficit-de-atencion-tiempo-de-despertar\\\/\"},\"wordCount\":114,\"commentCount\":0,\"image\":{\"@id\":\"https:\\\/\\\/www.acotv.org\\\/es\\\/ninos-hiperactivos-y-con-deficit-de-atencion-tiempo-de-despertar\\\/#primaryimage\"},\"thumbnailUrl\":\"https:\\\/\\\/www.acotv.org\\\/wp-content\\\/uploads\\\/imatge6-12.jpg\",\"keywords\":[\"Optometria\",\"prevenci\u00f3n\",\"problemasdeaprendizaje\"],\"articleSection\":[\"Blog\"],\"inLanguage\":\"es\",\"potentialAction\":[{\"@type\":\"CommentAction\",\"name\":\"Comment\",\"target\":[\"https:\\\/\\\/www.acotv.org\\\/es\\\/ninos-hiperactivos-y-con-deficit-de-atencion-tiempo-de-despertar\\\/#respond\"]}]},{\"@type\":\"WebPage\",\"@id\":\"https:\\\/\\\/www.acotv.org\\\/es\\\/ninos-hiperactivos-y-con-deficit-de-atencion-tiempo-de-despertar\\\/\",\"url\":\"https:\\\/\\\/www.acotv.org\\\/es\\\/ninos-hiperactivos-y-con-deficit-de-atencion-tiempo-de-despertar\\\/\",\"name\":\"NI\u00d1OS HIPERACTIVOS Y CON D\u00c9FICIT DE ATENCI\u00d3N. TIEMPO DE DESPERTAR - Asociaci\u00f3n Catalana de Optometr\u00eda y Terapia Visual\",\"isPartOf\":{\"@id\":\"https:\\\/\\\/www.acotv.org\\\/ca\\\/#website\"},\"primaryImageOfPage\":{\"@id\":\"https:\\\/\\\/www.acotv.org\\\/es\\\/ninos-hiperactivos-y-con-deficit-de-atencion-tiempo-de-despertar\\\/#primaryimage\"},\"image\":{\"@id\":\"https:\\\/\\\/www.acotv.org\\\/es\\\/ninos-hiperactivos-y-con-deficit-de-atencion-tiempo-de-despertar\\\/#primaryimage\"},\"thumbnailUrl\":\"https:\\\/\\\/www.acotv.org\\\/wp-content\\\/uploads\\\/imatge6-12.jpg\",\"datePublished\":\"2022-04-29T08:41:06+00:00\",\"author\":{\"@id\":\"https:\\\/\\\/www.acotv.org\\\/ca\\\/#\\\/schema\\\/person\\\/0de470fec1dbf9785a7343042d765744\"},\"breadcrumb\":{\"@id\":\"https:\\\/\\\/www.acotv.org\\\/es\\\/ninos-hiperactivos-y-con-deficit-de-atencion-tiempo-de-despertar\\\/#breadcrumb\"},\"inLanguage\":\"es\",\"potentialAction\":[{\"@type\":\"ReadAction\",\"target\":[\"https:\\\/\\\/www.acotv.org\\\/es\\\/ninos-hiperactivos-y-con-deficit-de-atencion-tiempo-de-despertar\\\/\"]}]},{\"@type\":\"ImageObject\",\"inLanguage\":\"es\",\"@id\":\"https:\\\/\\\/www.acotv.org\\\/es\\\/ninos-hiperactivos-y-con-deficit-de-atencion-tiempo-de-despertar\\\/#primaryimage\",\"url\":\"https:\\\/\\\/www.acotv.org\\\/wp-content\\\/uploads\\\/imatge6-12.jpg\",\"contentUrl\":\"https:\\\/\\\/www.acotv.org\\\/wp-content\\\/uploads\\\/imatge6-12.jpg\",\"width\":700,\"height\":455},{\"@type\":\"BreadcrumbList\",\"@id\":\"https:\\\/\\\/www.acotv.org\\\/es\\\/ninos-hiperactivos-y-con-deficit-de-atencion-tiempo-de-despertar\\\/#breadcrumb\",\"itemListElement\":[{\"@type\":\"ListItem\",\"position\":1,\"name\":\"Portada\",\"item\":\"https:\\\/\\\/www.acotv.org\\\/es\\\/\"},{\"@type\":\"ListItem\",\"position\":2,\"name\":\"NI\u00d1OS HIPERACTIVOS Y CON D\u00c9FICIT DE ATENCI\u00d3N. TIEMPO DE DESPERTAR\"}]},{\"@type\":\"WebSite\",\"@id\":\"https:\\\/\\\/www.acotv.org\\\/ca\\\/#website\",\"url\":\"https:\\\/\\\/www.acotv.org\\\/ca\\\/\",\"name\":\"Asociaci\u00f3n Catalana de Optometr\u00eda y Terapia Visual\",\"description\":\"\",\"potentialAction\":[{\"@type\":\"SearchAction\",\"target\":{\"@type\":\"EntryPoint\",\"urlTemplate\":\"https:\\\/\\\/www.acotv.org\\\/ca\\\/?s={search_term_string}\"},\"query-input\":{\"@type\":\"PropertyValueSpecification\",\"valueRequired\":true,\"valueName\":\"search_term_string\"}}],\"inLanguage\":\"es\"},{\"@type\":\"Person\",\"@id\":\"https:\\\/\\\/www.acotv.org\\\/ca\\\/#\\\/schema\\\/person\\\/0de470fec1dbf9785a7343042d765744\",\"name\":\"ACOTV\",\"image\":{\"@type\":\"ImageObject\",\"inLanguage\":\"es\",\"@id\":\"https:\\\/\\\/www.acotv.org\\\/wp-content\\\/uploads\\\/Logo-petit-150x150.jpg\",\"url\":\"https:\\\/\\\/www.acotv.org\\\/wp-content\\\/uploads\\\/Logo-petit-150x150.jpg\",\"contentUrl\":\"https:\\\/\\\/www.acotv.org\\\/wp-content\\\/uploads\\\/Logo-petit-150x150.jpg\",\"caption\":\"ACOTV\"},\"url\":\"https:\\\/\\\/www.acotv.org\\\/es\\\/author\\\/acotv\\\/\"}]}<\/script>\n<!-- \/ Yoast SEO plugin. -->","yoast_head_json":{"title":"NI\u00d1OS HIPERACTIVOS Y CON D\u00c9FICIT DE ATENCI\u00d3N. TIEMPO DE DESPERTAR - Asociaci\u00f3n Catalana de Optometr\u00eda y Terapia Visual","robots":{"index":"index","follow":"follow","max-snippet":"max-snippet:-1","max-image-preview":"max-image-preview:large","max-video-preview":"max-video-preview:-1"},"canonical":"https:\/\/www.acotv.org\/es\/ninos-hiperactivos-y-con-deficit-de-atencion-tiempo-de-despertar\/","og_locale":"es_ES","og_type":"article","og_title":"NI\u00d1OS HIPERACTIVOS Y CON D\u00c9FICIT DE ATENCI\u00d3N. TIEMPO DE DESPERTAR - Asociaci\u00f3n Catalana de Optometr\u00eda y Terapia Visual","og_description":"Un curioso art\u00edculo de divulgaci\u00f3n donde se explica un tratamiento alternativo a la medicaci\u00f3n para el TDAH, creado por un [&hellip;]","og_url":"https:\/\/www.acotv.org\/es\/ninos-hiperactivos-y-con-deficit-de-atencion-tiempo-de-despertar\/","og_site_name":"Asociaci\u00f3n Catalana de Optometr\u00eda y Terapia Visual","article_published_time":"2022-04-29T08:41:06+00:00","og_image":[{"width":700,"height":455,"url":"https:\/\/www.acotv.org\/wp-content\/uploads\/imatge6-12.jpg","type":"image\/jpeg"}],"author":"ACOTV","twitter_card":"summary_large_image","twitter_misc":{"Escrito por":"ACOTV","Tiempo de lectura":"1 minuto"},"schema":{"@context":"https:\/\/schema.org","@graph":[{"@type":"Article","@id":"https:\/\/www.acotv.org\/es\/ninos-hiperactivos-y-con-deficit-de-atencion-tiempo-de-despertar\/#article","isPartOf":{"@id":"https:\/\/www.acotv.org\/es\/ninos-hiperactivos-y-con-deficit-de-atencion-tiempo-de-despertar\/"},"author":{"name":"ACOTV","@id":"https:\/\/www.acotv.org\/ca\/#\/schema\/person\/0de470fec1dbf9785a7343042d765744"},"headline":"NI\u00d1OS HIPERACTIVOS Y CON D\u00c9FICIT DE ATENCI\u00d3N. TIEMPO DE DESPERTAR","datePublished":"2022-04-29T08:41:06+00:00","mainEntityOfPage":{"@id":"https:\/\/www.acotv.org\/es\/ninos-hiperactivos-y-con-deficit-de-atencion-tiempo-de-despertar\/"},"wordCount":114,"commentCount":0,"image":{"@id":"https:\/\/www.acotv.org\/es\/ninos-hiperactivos-y-con-deficit-de-atencion-tiempo-de-despertar\/#primaryimage"},"thumbnailUrl":"https:\/\/www.acotv.org\/wp-content\/uploads\/imatge6-12.jpg","keywords":["Optometria","prevenci\u00f3n","problemasdeaprendizaje"],"articleSection":["Blog"],"inLanguage":"es","potentialAction":[{"@type":"CommentAction","name":"Comment","target":["https:\/\/www.acotv.org\/es\/ninos-hiperactivos-y-con-deficit-de-atencion-tiempo-de-despertar\/#respond"]}]},{"@type":"WebPage","@id":"https:\/\/www.acotv.org\/es\/ninos-hiperactivos-y-con-deficit-de-atencion-tiempo-de-despertar\/","url":"https:\/\/www.acotv.org\/es\/ninos-hiperactivos-y-con-deficit-de-atencion-tiempo-de-despertar\/","name":"NI\u00d1OS HIPERACTIVOS Y CON D\u00c9FICIT DE ATENCI\u00d3N. TIEMPO DE DESPERTAR - Asociaci\u00f3n Catalana de Optometr\u00eda y Terapia Visual","isPartOf":{"@id":"https:\/\/www.acotv.org\/ca\/#website"},"primaryImageOfPage":{"@id":"https:\/\/www.acotv.org\/es\/ninos-hiperactivos-y-con-deficit-de-atencion-tiempo-de-despertar\/#primaryimage"},"image":{"@id":"https:\/\/www.acotv.org\/es\/ninos-hiperactivos-y-con-deficit-de-atencion-tiempo-de-despertar\/#primaryimage"},"thumbnailUrl":"https:\/\/www.acotv.org\/wp-content\/uploads\/imatge6-12.jpg","datePublished":"2022-04-29T08:41:06+00:00","author":{"@id":"https:\/\/www.acotv.org\/ca\/#\/schema\/person\/0de470fec1dbf9785a7343042d765744"},"breadcrumb":{"@id":"https:\/\/www.acotv.org\/es\/ninos-hiperactivos-y-con-deficit-de-atencion-tiempo-de-despertar\/#breadcrumb"},"inLanguage":"es","potentialAction":[{"@type":"ReadAction","target":["https:\/\/www.acotv.org\/es\/ninos-hiperactivos-y-con-deficit-de-atencion-tiempo-de-despertar\/"]}]},{"@type":"ImageObject","inLanguage":"es","@id":"https:\/\/www.acotv.org\/es\/ninos-hiperactivos-y-con-deficit-de-atencion-tiempo-de-despertar\/#primaryimage","url":"https:\/\/www.acotv.org\/wp-content\/uploads\/imatge6-12.jpg","contentUrl":"https:\/\/www.acotv.org\/wp-content\/uploads\/imatge6-12.jpg","width":700,"height":455},{"@type":"BreadcrumbList","@id":"https:\/\/www.acotv.org\/es\/ninos-hiperactivos-y-con-deficit-de-atencion-tiempo-de-despertar\/#breadcrumb","itemListElement":[{"@type":"ListItem","position":1,"name":"Portada","item":"https:\/\/www.acotv.org\/es\/"},{"@type":"ListItem","position":2,"name":"NI\u00d1OS HIPERACTIVOS Y CON D\u00c9FICIT DE ATENCI\u00d3N. TIEMPO DE DESPERTAR"}]},{"@type":"WebSite","@id":"https:\/\/www.acotv.org\/ca\/#website","url":"https:\/\/www.acotv.org\/ca\/","name":"Asociaci\u00f3n Catalana de Optometr\u00eda y Terapia Visual","description":"","potentialAction":[{"@type":"SearchAction","target":{"@type":"EntryPoint","urlTemplate":"https:\/\/www.acotv.org\/ca\/?s={search_term_string}"},"query-input":{"@type":"PropertyValueSpecification","valueRequired":true,"valueName":"search_term_string"}}],"inLanguage":"es"},{"@type":"Person","@id":"https:\/\/www.acotv.org\/ca\/#\/schema\/person\/0de470fec1dbf9785a7343042d765744","name":"ACOTV","image":{"@type":"ImageObject","inLanguage":"es","@id":"https:\/\/www.acotv.org\/wp-content\/uploads\/Logo-petit-150x150.jpg","url":"https:\/\/www.acotv.org\/wp-content\/uploads\/Logo-petit-150x150.jpg","contentUrl":"https:\/\/www.acotv.org\/wp-content\/uploads\/Logo-petit-150x150.jpg","caption":"ACOTV"},"url":"https:\/\/www.acotv.org\/es\/author\/acotv\/"}]}},"_links":{"self":[{"href":"https:\/\/www.acotv.org\/es\/wp-json\/wp\/v2\/posts\/4454","targetHints":{"allow":["GET"]}}],"collection":[{"href":"https:\/\/www.acotv.org\/es\/wp-json\/wp\/v2\/posts"}],"about":[{"href":"https:\/\/www.acotv.org\/es\/wp-json\/wp\/v2\/types\/post"}],"author":[{"embeddable":true,"href":"https:\/\/www.acotv.org\/es\/wp-json\/wp\/v2\/users\/2"}],"replies":[{"embeddable":true,"href":"https:\/\/www.acotv.org\/es\/wp-json\/wp\/v2\/comments?post=4454"}],"version-history":[{"count":1,"href":"https:\/\/www.acotv.org\/es\/wp-json\/wp\/v2\/posts\/4454\/revisions"}],"predecessor-version":[{"id":4455,"href":"https:\/\/www.acotv.org\/es\/wp-json\/wp\/v2\/posts\/4454\/revisions\/4455"}],"wp:featuredmedia":[{"embeddable":true,"href":"https:\/\/www.acotv.org\/es\/wp-json\/wp\/v2\/media\/4449"}],"wp:attachment":[{"href":"https:\/\/www.acotv.org\/es\/wp-json\/wp\/v2\/media?parent=4454"}],"wp:term":[{"taxonomy":"category","embeddable":true,"href":"https:\/\/www.acotv.org\/es\/wp-json\/wp\/v2\/categories?post=4454"},{"taxonomy":"post_tag","embeddable":true,"href":"https:\/\/www.acotv.org\/es\/wp-json\/wp\/v2\/tags?post=4454"}],"curies":[{"name":"wp","href":"https:\/\/api.w.org\/{rel}","templated":true}]}}