{"id":4443,"date":"2024-08-06T13:30:05","date_gmt":"2024-08-06T11:30:05","guid":{"rendered":"https:\/\/www.acotv.org\/la-ambliopia-y-el-enfoque-binocular-en-la-terapia\/"},"modified":"2024-08-06T13:35:47","modified_gmt":"2024-08-06T11:35:47","slug":"la-ambliopia-y-el-enfoque-binocular-en-la-terapia","status":"publish","type":"post","link":"https:\/\/www.acotv.org\/es\/la-ambliopia-y-el-enfoque-binocular-en-la-terapia\/","title":{"rendered":"LA AMBLIOPIA Y EL ENFOQUE BINOCULAR EN LA TERAPIA"},"content":{"rendered":"\n<p class=\"has-medium-font-size wp-block-paragraph\"><strong>\u00bfQu\u00e9 es la Ambliopia?<\/strong><\/p>\n\n<p class=\"wp-block-paragraph\"><div class=\"itemIntroText\">&#13;\n&#13;\nLa ambliop\u00eda deriva de la palabra griega \u00abAmbly\u00bb y \u00abops\u00bb que significa literalmente ojo poco trabajador o vago. Actualmente la ambliop\u00eda se define como un proceso activo que produce disfunciones viso-espaciales debido a un problema de competencia binocular durante el desarrollo visual, causando reducciones funcionales en el cuerpo geniculado lateral, c\u00f3rtex visual primario y \u00e1reas extraestriadas ,2,3,4&#13;\n&#13;\n<\/div><\/p>\n\n<p class=\"wp-block-paragraph\">El tratamiento para la ambliop\u00eda es un debate muy amplio, la correcci\u00f3n con gafas es la primera opci\u00f3n al principio5,6,sobre todo con las ambliop\u00edas refractivas. En cuanto a la oclusi\u00f3n la terapia debe ser como m\u00e1ximo de 1-2 horas diarias6, El tratamiento con terapia visual se basa en ejercicios monoculares y sobre todo binoculares para disminuir esta competencia entre los 2 ojos, estimulando la conectividad neuronal y mejorando la funci\u00f3n visual.<\/p>\n\n<p class=\"wp-block-paragraph\">Todo esto es posible gracias a la plasticidad neuronal, que se basa en cambios sin\u00e1pticos reforzando la conectividad neuronal ya que las neuronas, y en conjunto el cerebro, es maleable a trav\u00e9s de la experiencia durante \u00a0toda la vida7 ,8,9.La plasticidad neuronal nos da la base te\u00f3rica para trabajar la terapia visual en adultos9,ya que podemos modelar el cerebro a trav\u00e9s de la experiencia y la estimulaci\u00f3n.<\/p>\n\n<p class=\"wp-block-paragraph\">Hay que tener en cuenta que, si no hay ninguna patolog\u00eda, tenemos memoria durante toda la vida, es decir, recordamos y aprendemos cosas de la vida cotidiana, y en definitiva la memoria es el crecimiento de conexiones sin\u00e1pticas a trav\u00e9s de la estimulaci\u00f3n el\u00e9ctrica, as\u00ed cada vez que recordamos algo creamos conexiones entre neuronas , incluso creamos neuronas enteras.10,11.<\/p>\n\n<p class=\"wp-block-paragraph\">Actualmente hay un crecimiento sobre la evidencia de que la ambliop\u00eda es debida a una mala interacci\u00f3n binocular, donde los nuevos tratamientos se enfocan a estimular a nivel binocular para mejorar la funci\u00f3n binocular .\u00a0<b>El art\u00edculo de Hess RF, 2015\u00a0<\/b>realiza un resumen sobre los \u00faltimos estudios sobre el tratamiento de la ambliop\u00eda desde un punto de vista binocular, donde las conclusiones que se extraen es que la disfunci\u00f3n binocular es el principal problema de la ambliop\u00eda, donde el tratamiento enfocado a mejorar la supresi\u00f3n binocular permite restablecer la funci\u00f3n visual mejor que la oclusi\u00f3n. Para m\u00e1s informaci\u00f3n se adjunta el art\u00edculo12.El tratamiento que se utiliza para estas investigaciones son juegos con\u00a0<i>smartphone\u00a0<\/i>o tablet gr\u00e1fica que se visualiza con gafas anagl\u00edficas, permitiendo la estimulaci\u00f3n dic\u00f3ptica (biocular).<\/p>\n\n<p class=\"wp-block-paragraph\">En las plataformas de descarga para dispositivos electr\u00f3nicos podemos encontrar juegos que permiten la estimulaci\u00f3n biocular (con la gafa anagl\u00edfico) como por ejemplo:<\/p>\n\n<figure class=\"wp-block-image size-full\"><img decoding=\"async\" width=\"146\" height=\"204\" src=\"https:\/\/www.acotv.org\/wp-content\/uploads\/imatge4-10.png\" alt=\"\" class=\"wp-image-4433\"\/><\/figure>\n<figure class=\"wp-block-image size-full\"><img decoding=\"async\" width=\"150\" height=\"114\" src=\"https:\/\/www.acotv.org\/wp-content\/uploads\/imatge5-8.png\" alt=\"\" class=\"wp-image-4436\"\/><\/figure>\n<div class=\"wp-block-file\"><a id=\"wp-block-file--media-1583f649-f11d-4b08-b30a-4959ad6ebdb4\" href=\"https:\/\/www.acotv.org\/wp-content\/uploads\/6.15Amblyopia_and_the_binocular_-approach_-to_its_therapy.pdf\">6.15Amblyopia_and_the_binocular_-approach_-to_its_therapy<\/a><a href=\"https:\/\/www.acotv.org\/wp-content\/uploads\/6.15Amblyopia_and_the_binocular_-approach_-to_its_therapy.pdf\" class=\"wp-block-file__button\" download=\"\" aria-describedby=\"wp-block-file--media-1583f649-f11d-4b08-b30a-4959ad6ebdb4\">Descarga<\/a><\/div>\n\n<p class=\"wp-block-paragraph\"><\/p>\n\n<p class=\"has-text-color wp-block-paragraph\" style=\"color:#008ad0\"><strong>BIBLIOGRAFIA<\/strong><\/p>\n\n<p class=\"wp-block-paragraph\">1. Barnes GR, Hess RF, Dumoulin SO, Achtman RL, Pike GB (2001). The cortical deficit in humans with strabismic amblyopia<em>. Journal of Physiology\u00a0<\/em>533:281-<\/p>\n\n<p class=\"wp-block-paragraph\">\u00a02. Simmons \u00a0K \u00a0(2005). \u00a0Amblyopia\u00a0 \u00a0characterization,\u00a0 \u00a0treatment\u00a0 \u00a0and\u00a0 \u00a0prophylaxis. \u00a0<em>Survey\u00a0 \u00a0of<\/em><\/p>\n\n<p class=\"wp-block-paragraph\"><em>O<\/em><em>p<\/em><em>h<\/em><em>t<\/em><em>ha<\/em><em>l<\/em><em>m<\/em><em>o<\/em><em>l<\/em><em>o<\/em><em>g<\/em><em>y<\/em>\u00a050:123-66.<\/p>\n\n<p class=\"wp-block-paragraph\">\u00a03. Li X, Mullen KT, Thompson B, Hess RF (2011). Effective connectivity anomalies in human amblyopia.\u00a0<em>N<\/em><em>euroimage\u00a0<\/em>54:505-<\/p>\n\n<p class=\"wp-block-paragraph\">\u00a04. Harvey EM, Dobson V, Miller JM, Candice E (2008). Changes in visual function \u00a0following optical treatment of astigmatism-related amblyopia.\u00a0<em>Vision Research\u00a0<\/em>48:773-<\/p>\n\n<p class=\"wp-block-paragraph\">\u00a05. Moseley MJ, Fielder AR, Stewart CE (2009). The optical treatment of amblyopia.\u00a0<em>Optometry &amp; Vision Sciences\u00a0<\/em>86:629-<\/p>\n\n<p class=\"wp-block-paragraph\">\u00a06. Holmes JM, Clarke MP (2006). Amblyopia.\u00a0<em>The Lancet\u00a0<\/em>367:1343-<\/p>\n\n<p class=\"wp-block-paragraph\">\u00a07. Wandell BA, Sminarkis SM (2009). Plasticity and stability of visual field maps in adult primary visual cortex.\u00a0<em>Nature reviews in Neuroscience\u00a0<\/em>10.<\/p>\n\n<p class=\"wp-block-paragraph\">\u00a08. Gilbert CD, Li W, Piech V (2009). Perceptual learning and adult cortical plasticity.\u00a0<em>Journal\u00a0<\/em><em>of<\/em><\/p>\n\n<p class=\"wp-block-paragraph\"><em>Ph<\/em><em>isi<\/em><em>o<\/em><em>l<\/em><em>o<\/em><em>g<\/em><em>y\u00a0<\/em>587:2743-2751.<\/p>\n\n<p class=\"wp-block-paragraph\">\u00a09. Huang JC (2009). Neuroplasticity as a proposed mechanism for the efficacy of the optometric vision therapy &amp; rehabilitation.\u00a0<em>Journal of Behavioral Optometry\u00a0<\/em>20:95-<\/p>\n\n<p class=\"wp-block-paragraph\">\u00a010. Deng W, \u00a0Aimone \u00a0J, \u00a0Gage F (2010). New neurons \u00a0and \u00a0new memories:\u00a0 how \u00a0does \u00a0adult hippocampal neurogenesis affect learning and memory?<em>Nature Reviews Neuroscience\u00a0<\/em>doi:10.1038\/nrn2822<\/p>\n\n<p class=\"wp-block-paragraph\">\u00a011. Morgado I (2011). Learning and memory consilidation: \u00a0linking molecular and \u00a0behavioral data.\u00a0<em>Neuroscience\u00a0<\/em>176:12-<\/p>\n\n<p class=\"wp-block-paragraph\">\u00a012. Hess RF, Thompson N (2015). Amblyopia and the binocular approach to its therapy. Vision Research 20.<\/p>\n\n<p class=\"wp-block-paragraph\">Art\u00edculo elaborado por: <strong>Marc Argil\u00e9s Sans<\/strong>&#13;\n<em>Diplomado en \u00d3ptica y Optometria&#13;\nM\u00e1ster en Optometria y Ci\u00e9ncies de la Visi\u00f3n&#13;\nMiembro de la ACOTV<\/em><\/p>\n","protected":false},"excerpt":{"rendered":"<p>\u00bfQu\u00e9 es la Ambliopia? &#13; &#13; La ambliop\u00eda deriva de la palabra griega \u00abAmbly\u00bb y \u00abops\u00bb que significa literalmente ojo [&hellip;]<\/p>\n","protected":false},"author":2,"featured_media":4432,"comment_status":"open","ping_status":"open","sticky":false,"template":"","format":"standard","meta":{"ocean_front_end_style_editor":"no","ocean_post_layout":"","ocean_both_sidebars_style":"","ocean_both_sidebars_content_width":0,"ocean_both_sidebars_sidebars_width":0,"ocean_sidebar":"0","ocean_second_sidebar":"0","ocean_disable_margins":"enable","ocean_add_body_class":"","ocean_shortcode_before_top_bar":"","ocean_shortcode_after_top_bar":"","ocean_shortcode_before_header":"","ocean_shortcode_after_header":"","ocean_has_shortcode":"","ocean_shortcode_after_title":"","ocean_shortcode_before_footer_widgets":"","ocean_shortcode_after_footer_widgets":"","ocean_shortcode_before_footer_bottom":"","ocean_shortcode_after_footer_bottom":"","ocean_display_top_bar":"default","ocean_display_header":"default","ocean_header_style":"","ocean_center_header_left_menu":"0","ocean_custom_header_template":"0","ocean_custom_logo":0,"ocean_custom_retina_logo":0,"ocean_custom_logo_max_width":0,"ocean_custom_logo_tablet_max_width":0,"ocean_custom_logo_mobile_max_width":0,"ocean_custom_logo_max_height":0,"ocean_custom_logo_tablet_max_height":0,"ocean_custom_logo_mobile_max_height":0,"ocean_header_custom_menu":"0","ocean_menu_typo_font_family":"0","ocean_menu_typo_font_subset":"","ocean_menu_typo_font_size":0,"ocean_menu_typo_font_size_tablet":0,"ocean_menu_typo_font_size_mobile":0,"ocean_menu_typo_font_size_unit":"px","ocean_menu_typo_font_weight":"","ocean_menu_typo_font_weight_tablet":"","ocean_menu_typo_font_weight_mobile":"","ocean_menu_typo_transform":"","ocean_menu_typo_transform_tablet":"","ocean_menu_typo_transform_mobile":"","ocean_menu_typo_line_height":0,"ocean_menu_typo_line_height_tablet":0,"ocean_menu_typo_line_height_mobile":0,"ocean_menu_typo_line_height_unit":"","ocean_menu_typo_spacing":0,"ocean_menu_typo_spacing_tablet":0,"ocean_menu_typo_spacing_mobile":0,"ocean_menu_typo_spacing_unit":"","ocean_menu_link_color":"","ocean_menu_link_color_hover":"","ocean_menu_link_color_active":"","ocean_menu_link_background":"","ocean_menu_link_hover_background":"","ocean_menu_link_active_background":"","ocean_menu_social_links_bg":"","ocean_menu_social_hover_links_bg":"","ocean_menu_social_links_color":"","ocean_menu_social_hover_links_color":"","ocean_disable_title":"default","ocean_disable_heading":"default","ocean_post_title":"","ocean_post_subheading":"","ocean_post_title_style":"","ocean_post_title_background_color":"","ocean_post_title_background":0,"ocean_post_title_bg_image_position":"","ocean_post_title_bg_image_attachment":"","ocean_post_title_bg_image_repeat":"","ocean_post_title_bg_image_size":"","ocean_post_title_height":0,"ocean_post_title_bg_overlay":0.5,"ocean_post_title_bg_overlay_color":"","ocean_disable_breadcrumbs":"default","ocean_breadcrumbs_color":"","ocean_breadcrumbs_separator_color":"","ocean_breadcrumbs_links_color":"","ocean_breadcrumbs_links_hover_color":"","ocean_display_footer_widgets":"default","ocean_display_footer_bottom":"default","ocean_custom_footer_template":"0","ocean_post_oembed":"","ocean_post_self_hosted_media":"","ocean_post_video_embed":"","ocean_link_format":"","ocean_link_format_target":"self","ocean_quote_format":"","ocean_quote_format_link":"post","ocean_gallery_link_images":"on","ocean_gallery_id":[],"footnotes":""},"categories":[9],"tags":[60,61],"class_list":["post-4443","post","type-post","status-publish","format-standard","has-post-thumbnail","hentry","category-blog","tag-optometria","tag-terapiavisual","entry","has-media"],"yoast_head":"<!-- This site is optimized with the Yoast SEO plugin v28.4 - https:\/\/yoast.com\/product\/yoast-seo-wordpress\/ -->\n<title>LA AMBLIOPIA Y EL ENFOQUE BINOCULAR EN LA TERAPIA - Asociaci\u00f3n Catalana de Optometr\u00eda y Terapia Visual<\/title>\n<meta name=\"robots\" content=\"index, follow, max-snippet:-1, max-image-preview:large, max-video-preview:-1\" \/>\n<link rel=\"canonical\" href=\"https:\/\/www.acotv.org\/es\/la-ambliopia-y-el-enfoque-binocular-en-la-terapia\/\" \/>\n<meta property=\"og:locale\" content=\"es_ES\" \/>\n<meta property=\"og:type\" content=\"article\" \/>\n<meta property=\"og:title\" content=\"LA AMBLIOPIA Y EL ENFOQUE BINOCULAR EN LA TERAPIA - Asociaci\u00f3n Catalana de Optometr\u00eda y Terapia Visual\" \/>\n<meta property=\"og:description\" content=\"\u00bfQu\u00e9 es la Ambliopia? &#013; &#013; La ambliop\u00eda deriva de la palabra griega \u00abAmbly\u00bb y \u00abops\u00bb que significa literalmente ojo [&hellip;]\" \/>\n<meta property=\"og:url\" content=\"https:\/\/www.acotv.org\/es\/la-ambliopia-y-el-enfoque-binocular-en-la-terapia\/\" \/>\n<meta property=\"og:site_name\" content=\"Asociaci\u00f3n Catalana de Optometr\u00eda y Terapia Visual\" \/>\n<meta property=\"article:published_time\" content=\"2024-08-06T11:30:05+00:00\" \/>\n<meta property=\"article:modified_time\" content=\"2024-08-06T11:35:47+00:00\" \/>\n<meta property=\"og:image\" content=\"https:\/\/www.acotv.org\/wp-content\/uploads\/Imatge3-7.jpg\" \/>\n\t<meta property=\"og:image:width\" content=\"700\" \/>\n\t<meta property=\"og:image:height\" content=\"609\" \/>\n\t<meta property=\"og:image:type\" content=\"image\/jpeg\" \/>\n<meta name=\"author\" content=\"ACOTV\" \/>\n<meta name=\"twitter:card\" content=\"summary_large_image\" \/>\n<meta name=\"twitter:label1\" content=\"Escrito por\" \/>\n\t<meta name=\"twitter:data1\" content=\"ACOTV\" \/>\n\t<meta name=\"twitter:label2\" content=\"Tiempo de lectura\" \/>\n\t<meta name=\"twitter:data2\" content=\"3 minutos\" \/>\n<script type=\"application\/ld+json\" class=\"yoast-schema-graph\">{\"@context\":\"https:\\\/\\\/schema.org\",\"@graph\":[{\"@type\":\"Article\",\"@id\":\"https:\\\/\\\/www.acotv.org\\\/es\\\/la-ambliopia-y-el-enfoque-binocular-en-la-terapia\\\/#article\",\"isPartOf\":{\"@id\":\"https:\\\/\\\/www.acotv.org\\\/es\\\/la-ambliopia-y-el-enfoque-binocular-en-la-terapia\\\/\"},\"author\":{\"name\":\"ACOTV\",\"@id\":\"https:\\\/\\\/www.acotv.org\\\/ca\\\/#\\\/schema\\\/person\\\/0de470fec1dbf9785a7343042d765744\"},\"headline\":\"LA AMBLIOPIA Y EL ENFOQUE BINOCULAR EN LA TERAPIA\",\"datePublished\":\"2024-08-06T11:30:05+00:00\",\"dateModified\":\"2024-08-06T11:35:47+00:00\",\"mainEntityOfPage\":{\"@id\":\"https:\\\/\\\/www.acotv.org\\\/es\\\/la-ambliopia-y-el-enfoque-binocular-en-la-terapia\\\/\"},\"wordCount\":716,\"commentCount\":0,\"image\":{\"@id\":\"https:\\\/\\\/www.acotv.org\\\/es\\\/la-ambliopia-y-el-enfoque-binocular-en-la-terapia\\\/#primaryimage\"},\"thumbnailUrl\":\"https:\\\/\\\/www.acotv.org\\\/wp-content\\\/uploads\\\/Imatge3-7.jpg\",\"keywords\":[\"Optometria\",\"TerapiaVisual\"],\"articleSection\":[\"Blog\"],\"inLanguage\":\"es\",\"potentialAction\":[{\"@type\":\"CommentAction\",\"name\":\"Comment\",\"target\":[\"https:\\\/\\\/www.acotv.org\\\/es\\\/la-ambliopia-y-el-enfoque-binocular-en-la-terapia\\\/#respond\"]}]},{\"@type\":\"WebPage\",\"@id\":\"https:\\\/\\\/www.acotv.org\\\/es\\\/la-ambliopia-y-el-enfoque-binocular-en-la-terapia\\\/\",\"url\":\"https:\\\/\\\/www.acotv.org\\\/es\\\/la-ambliopia-y-el-enfoque-binocular-en-la-terapia\\\/\",\"name\":\"LA AMBLIOPIA Y EL ENFOQUE BINOCULAR EN LA TERAPIA - Asociaci\u00f3n Catalana de Optometr\u00eda y Terapia Visual\",\"isPartOf\":{\"@id\":\"https:\\\/\\\/www.acotv.org\\\/ca\\\/#website\"},\"primaryImageOfPage\":{\"@id\":\"https:\\\/\\\/www.acotv.org\\\/es\\\/la-ambliopia-y-el-enfoque-binocular-en-la-terapia\\\/#primaryimage\"},\"image\":{\"@id\":\"https:\\\/\\\/www.acotv.org\\\/es\\\/la-ambliopia-y-el-enfoque-binocular-en-la-terapia\\\/#primaryimage\"},\"thumbnailUrl\":\"https:\\\/\\\/www.acotv.org\\\/wp-content\\\/uploads\\\/Imatge3-7.jpg\",\"datePublished\":\"2024-08-06T11:30:05+00:00\",\"dateModified\":\"2024-08-06T11:35:47+00:00\",\"author\":{\"@id\":\"https:\\\/\\\/www.acotv.org\\\/ca\\\/#\\\/schema\\\/person\\\/0de470fec1dbf9785a7343042d765744\"},\"breadcrumb\":{\"@id\":\"https:\\\/\\\/www.acotv.org\\\/es\\\/la-ambliopia-y-el-enfoque-binocular-en-la-terapia\\\/#breadcrumb\"},\"inLanguage\":\"es\",\"potentialAction\":[{\"@type\":\"ReadAction\",\"target\":[\"https:\\\/\\\/www.acotv.org\\\/es\\\/la-ambliopia-y-el-enfoque-binocular-en-la-terapia\\\/\"]}]},{\"@type\":\"ImageObject\",\"inLanguage\":\"es\",\"@id\":\"https:\\\/\\\/www.acotv.org\\\/es\\\/la-ambliopia-y-el-enfoque-binocular-en-la-terapia\\\/#primaryimage\",\"url\":\"https:\\\/\\\/www.acotv.org\\\/wp-content\\\/uploads\\\/Imatge3-7.jpg\",\"contentUrl\":\"https:\\\/\\\/www.acotv.org\\\/wp-content\\\/uploads\\\/Imatge3-7.jpg\",\"width\":700,\"height\":609,\"caption\":\"Ambliopia i binocularitat\"},{\"@type\":\"BreadcrumbList\",\"@id\":\"https:\\\/\\\/www.acotv.org\\\/es\\\/la-ambliopia-y-el-enfoque-binocular-en-la-terapia\\\/#breadcrumb\",\"itemListElement\":[{\"@type\":\"ListItem\",\"position\":1,\"name\":\"Portada\",\"item\":\"https:\\\/\\\/www.acotv.org\\\/es\\\/\"},{\"@type\":\"ListItem\",\"position\":2,\"name\":\"LA AMBLIOPIA Y EL ENFOQUE BINOCULAR EN LA TERAPIA\"}]},{\"@type\":\"WebSite\",\"@id\":\"https:\\\/\\\/www.acotv.org\\\/ca\\\/#website\",\"url\":\"https:\\\/\\\/www.acotv.org\\\/ca\\\/\",\"name\":\"Asociaci\u00f3n Catalana de Optometr\u00eda y Terapia Visual\",\"description\":\"\",\"potentialAction\":[{\"@type\":\"SearchAction\",\"target\":{\"@type\":\"EntryPoint\",\"urlTemplate\":\"https:\\\/\\\/www.acotv.org\\\/ca\\\/?s={search_term_string}\"},\"query-input\":{\"@type\":\"PropertyValueSpecification\",\"valueRequired\":true,\"valueName\":\"search_term_string\"}}],\"inLanguage\":\"es\"},{\"@type\":\"Person\",\"@id\":\"https:\\\/\\\/www.acotv.org\\\/ca\\\/#\\\/schema\\\/person\\\/0de470fec1dbf9785a7343042d765744\",\"name\":\"ACOTV\",\"image\":{\"@type\":\"ImageObject\",\"inLanguage\":\"es\",\"@id\":\"https:\\\/\\\/www.acotv.org\\\/wp-content\\\/uploads\\\/Logo-petit-150x150.jpg\",\"url\":\"https:\\\/\\\/www.acotv.org\\\/wp-content\\\/uploads\\\/Logo-petit-150x150.jpg\",\"contentUrl\":\"https:\\\/\\\/www.acotv.org\\\/wp-content\\\/uploads\\\/Logo-petit-150x150.jpg\",\"caption\":\"ACOTV\"},\"url\":\"https:\\\/\\\/www.acotv.org\\\/es\\\/author\\\/acotv\\\/\"}]}<\/script>\n<!-- \/ Yoast SEO plugin. -->","yoast_head_json":{"title":"LA AMBLIOPIA Y EL ENFOQUE BINOCULAR EN LA TERAPIA - Asociaci\u00f3n Catalana de Optometr\u00eda y Terapia Visual","robots":{"index":"index","follow":"follow","max-snippet":"max-snippet:-1","max-image-preview":"max-image-preview:large","max-video-preview":"max-video-preview:-1"},"canonical":"https:\/\/www.acotv.org\/es\/la-ambliopia-y-el-enfoque-binocular-en-la-terapia\/","og_locale":"es_ES","og_type":"article","og_title":"LA AMBLIOPIA Y EL ENFOQUE BINOCULAR EN LA TERAPIA - Asociaci\u00f3n Catalana de Optometr\u00eda y Terapia Visual","og_description":"\u00bfQu\u00e9 es la Ambliopia? &#13; &#13; La ambliop\u00eda deriva de la palabra griega \u00abAmbly\u00bb y \u00abops\u00bb que significa literalmente ojo [&hellip;]","og_url":"https:\/\/www.acotv.org\/es\/la-ambliopia-y-el-enfoque-binocular-en-la-terapia\/","og_site_name":"Asociaci\u00f3n Catalana de Optometr\u00eda y Terapia Visual","article_published_time":"2024-08-06T11:30:05+00:00","article_modified_time":"2024-08-06T11:35:47+00:00","og_image":[{"width":700,"height":609,"url":"https:\/\/www.acotv.org\/wp-content\/uploads\/Imatge3-7.jpg","type":"image\/jpeg"}],"author":"ACOTV","twitter_card":"summary_large_image","twitter_misc":{"Escrito por":"ACOTV","Tiempo de lectura":"3 minutos"},"schema":{"@context":"https:\/\/schema.org","@graph":[{"@type":"Article","@id":"https:\/\/www.acotv.org\/es\/la-ambliopia-y-el-enfoque-binocular-en-la-terapia\/#article","isPartOf":{"@id":"https:\/\/www.acotv.org\/es\/la-ambliopia-y-el-enfoque-binocular-en-la-terapia\/"},"author":{"name":"ACOTV","@id":"https:\/\/www.acotv.org\/ca\/#\/schema\/person\/0de470fec1dbf9785a7343042d765744"},"headline":"LA AMBLIOPIA Y EL ENFOQUE BINOCULAR EN LA TERAPIA","datePublished":"2024-08-06T11:30:05+00:00","dateModified":"2024-08-06T11:35:47+00:00","mainEntityOfPage":{"@id":"https:\/\/www.acotv.org\/es\/la-ambliopia-y-el-enfoque-binocular-en-la-terapia\/"},"wordCount":716,"commentCount":0,"image":{"@id":"https:\/\/www.acotv.org\/es\/la-ambliopia-y-el-enfoque-binocular-en-la-terapia\/#primaryimage"},"thumbnailUrl":"https:\/\/www.acotv.org\/wp-content\/uploads\/Imatge3-7.jpg","keywords":["Optometria","TerapiaVisual"],"articleSection":["Blog"],"inLanguage":"es","potentialAction":[{"@type":"CommentAction","name":"Comment","target":["https:\/\/www.acotv.org\/es\/la-ambliopia-y-el-enfoque-binocular-en-la-terapia\/#respond"]}]},{"@type":"WebPage","@id":"https:\/\/www.acotv.org\/es\/la-ambliopia-y-el-enfoque-binocular-en-la-terapia\/","url":"https:\/\/www.acotv.org\/es\/la-ambliopia-y-el-enfoque-binocular-en-la-terapia\/","name":"LA AMBLIOPIA Y EL ENFOQUE BINOCULAR EN LA TERAPIA - Asociaci\u00f3n Catalana de Optometr\u00eda y Terapia Visual","isPartOf":{"@id":"https:\/\/www.acotv.org\/ca\/#website"},"primaryImageOfPage":{"@id":"https:\/\/www.acotv.org\/es\/la-ambliopia-y-el-enfoque-binocular-en-la-terapia\/#primaryimage"},"image":{"@id":"https:\/\/www.acotv.org\/es\/la-ambliopia-y-el-enfoque-binocular-en-la-terapia\/#primaryimage"},"thumbnailUrl":"https:\/\/www.acotv.org\/wp-content\/uploads\/Imatge3-7.jpg","datePublished":"2024-08-06T11:30:05+00:00","dateModified":"2024-08-06T11:35:47+00:00","author":{"@id":"https:\/\/www.acotv.org\/ca\/#\/schema\/person\/0de470fec1dbf9785a7343042d765744"},"breadcrumb":{"@id":"https:\/\/www.acotv.org\/es\/la-ambliopia-y-el-enfoque-binocular-en-la-terapia\/#breadcrumb"},"inLanguage":"es","potentialAction":[{"@type":"ReadAction","target":["https:\/\/www.acotv.org\/es\/la-ambliopia-y-el-enfoque-binocular-en-la-terapia\/"]}]},{"@type":"ImageObject","inLanguage":"es","@id":"https:\/\/www.acotv.org\/es\/la-ambliopia-y-el-enfoque-binocular-en-la-terapia\/#primaryimage","url":"https:\/\/www.acotv.org\/wp-content\/uploads\/Imatge3-7.jpg","contentUrl":"https:\/\/www.acotv.org\/wp-content\/uploads\/Imatge3-7.jpg","width":700,"height":609,"caption":"Ambliopia i binocularitat"},{"@type":"BreadcrumbList","@id":"https:\/\/www.acotv.org\/es\/la-ambliopia-y-el-enfoque-binocular-en-la-terapia\/#breadcrumb","itemListElement":[{"@type":"ListItem","position":1,"name":"Portada","item":"https:\/\/www.acotv.org\/es\/"},{"@type":"ListItem","position":2,"name":"LA AMBLIOPIA Y EL ENFOQUE BINOCULAR EN LA TERAPIA"}]},{"@type":"WebSite","@id":"https:\/\/www.acotv.org\/ca\/#website","url":"https:\/\/www.acotv.org\/ca\/","name":"Asociaci\u00f3n Catalana de Optometr\u00eda y Terapia Visual","description":"","potentialAction":[{"@type":"SearchAction","target":{"@type":"EntryPoint","urlTemplate":"https:\/\/www.acotv.org\/ca\/?s={search_term_string}"},"query-input":{"@type":"PropertyValueSpecification","valueRequired":true,"valueName":"search_term_string"}}],"inLanguage":"es"},{"@type":"Person","@id":"https:\/\/www.acotv.org\/ca\/#\/schema\/person\/0de470fec1dbf9785a7343042d765744","name":"ACOTV","image":{"@type":"ImageObject","inLanguage":"es","@id":"https:\/\/www.acotv.org\/wp-content\/uploads\/Logo-petit-150x150.jpg","url":"https:\/\/www.acotv.org\/wp-content\/uploads\/Logo-petit-150x150.jpg","contentUrl":"https:\/\/www.acotv.org\/wp-content\/uploads\/Logo-petit-150x150.jpg","caption":"ACOTV"},"url":"https:\/\/www.acotv.org\/es\/author\/acotv\/"}]}},"_links":{"self":[{"href":"https:\/\/www.acotv.org\/es\/wp-json\/wp\/v2\/posts\/4443","targetHints":{"allow":["GET"]}}],"collection":[{"href":"https:\/\/www.acotv.org\/es\/wp-json\/wp\/v2\/posts"}],"about":[{"href":"https:\/\/www.acotv.org\/es\/wp-json\/wp\/v2\/types\/post"}],"author":[{"embeddable":true,"href":"https:\/\/www.acotv.org\/es\/wp-json\/wp\/v2\/users\/2"}],"replies":[{"embeddable":true,"href":"https:\/\/www.acotv.org\/es\/wp-json\/wp\/v2\/comments?post=4443"}],"version-history":[{"count":1,"href":"https:\/\/www.acotv.org\/es\/wp-json\/wp\/v2\/posts\/4443\/revisions"}],"predecessor-version":[{"id":4444,"href":"https:\/\/www.acotv.org\/es\/wp-json\/wp\/v2\/posts\/4443\/revisions\/4444"}],"wp:featuredmedia":[{"embeddable":true,"href":"https:\/\/www.acotv.org\/es\/wp-json\/wp\/v2\/media\/4432"}],"wp:attachment":[{"href":"https:\/\/www.acotv.org\/es\/wp-json\/wp\/v2\/media?parent=4443"}],"wp:term":[{"taxonomy":"category","embeddable":true,"href":"https:\/\/www.acotv.org\/es\/wp-json\/wp\/v2\/categories?post=4443"},{"taxonomy":"post_tag","embeddable":true,"href":"https:\/\/www.acotv.org\/es\/wp-json\/wp\/v2\/tags?post=4443"}],"curies":[{"name":"wp","href":"https:\/\/api.w.org\/{rel}","templated":true}]}}