{"id":4409,"date":"2022-04-28T14:58:08","date_gmt":"2022-04-28T12:58:08","guid":{"rendered":"https:\/\/www.acotv.org\/la-figura-universal\/"},"modified":"2022-04-28T14:58:08","modified_gmt":"2022-04-28T12:58:08","slug":"la-figura-universal","status":"publish","type":"post","link":"https:\/\/www.acotv.org\/es\/la-figura-universal\/","title":{"rendered":"LA FIGURA UNIVERSAL"},"content":{"rendered":"\n<p class=\"has-medium-font-size wp-block-paragraph\"><strong>Evaluaci\u00f3n de la integraci\u00f3n inter-hemisf\u00e8rica<\/strong><\/p>\n\n<p class=\"has-medium-font-size wp-block-paragraph\">La figura universal es una de las herramientas que se pueden utilizar para evaluar la detecci\u00f3n de problemas de integraci\u00f3n inter-hemisf\u00e9rica en ni\u00f1os\/as entre 6 y 7 a\u00f1os aproximadamente. Esta figura, incorporada dentro del test de copia de las formas de Gesell, nos indica la capacidad para percibir la informaci\u00f3n procedente de cada hemisferio cerebral, as\u00ed como la capacidad para cruzar la l\u00ednea media (que corresponde al cuerpo calloso). En funci\u00f3n de la edad y el desarrollo cognitivo se esperan encontrar diferentes resultados en esta prueba.<\/p>\n\n<p class=\"wp-block-paragraph\">Es importante tener en cuenta conceptos previos para entender c\u00f3mo elaboramos la figura universal, uno de ellos es la especializaci\u00f3n hemisf\u00e9rica:<\/p>\n\n<figure class=\"wp-block-image size-full\"><img fetchpriority=\"high\" decoding=\"async\" width=\"612\" height=\"157\" src=\"https:\/\/www.acotv.org\/wp-content\/uploads\/imatge7-5.png\" alt=\"\" class=\"wp-image-4383\" srcset=\"https:\/\/www.acotv.org\/wp-content\/uploads\/imatge7-5.png 612w, https:\/\/www.acotv.org\/wp-content\/uploads\/imatge7-5-300x77.png 300w\" sizes=\"(max-width: 612px) 100vw, 612px\" \/><\/figure>\n<p class=\"wp-block-paragraph\">La otra funci\u00f3n es la del cuerpo calloso:<\/p>\n\n<figure class=\"wp-block-image size-full\"><img decoding=\"async\" width=\"612\" height=\"131\" src=\"https:\/\/www.acotv.org\/wp-content\/uploads\/imatge8-2.png\" alt=\"\" class=\"wp-image-4386\" srcset=\"https:\/\/www.acotv.org\/wp-content\/uploads\/imatge8-2.png 612w, https:\/\/www.acotv.org\/wp-content\/uploads\/imatge8-2-300x64.png 300w\" sizes=\"(max-width: 612px) 100vw, 612px\" \/><\/figure>\n<p class=\"wp-block-paragraph\">El cuerpo calloso est\u00e1 formado aproximadamente por unos 180 a 220 millones de axones y conecta transversalmente los dos hemisferios, siendo una estructura de gran importancia en el desarrollo y conectividad cortical. Su funci\u00f3n principal es relacionar y unificar la informaci\u00f3n sensorial recibida por los 2 hemisferios de manera que los mantiene conscientes.<\/p>\n\n<p class=\"wp-block-paragraph\">Por lo tanto, es una estructura muy importante para la atenci\u00f3n, la memoria, las funciones visuales, las auditivas, el lenguaje y la conciencia corporal, cruciales para un buen aprendizaje y movimiento.<\/p>\n\n<p class=\"wp-block-paragraph\">Por este motivo, si hay alguna dificultad en cruzar la l\u00ednea media corporal nos indicar\u00eda que las dos partes hemisf\u00e9ricas no se est\u00e1n comunicando correctamente entre s\u00ed de forma adecuada.<\/p>\n\n<figure class=\"wp-block-image size-full\"><img decoding=\"async\" width=\"402\" height=\"428\" src=\"https:\/\/www.acotv.org\/wp-content\/uploads\/imatges9.png\" alt=\"\" class=\"wp-image-4389\" srcset=\"https:\/\/www.acotv.org\/wp-content\/uploads\/imatges9.png 402w, https:\/\/www.acotv.org\/wp-content\/uploads\/imatges9-282x300.png 282w\" sizes=\"(max-width: 402px) 100vw, 402px\" \/><figcaption><strong>Figura 1.<\/strong>Especializaci\u00f3n hemisf\u00e9rica y funci\u00f3n del cuerpo calloso cruzando la l\u00ednea media corporal.<\/figcaption><\/figure>\n<figure class=\"wp-block-image size-full\"><img loading=\"lazy\" decoding=\"async\" width=\"221\" height=\"148\" src=\"https:\/\/www.acotv.org\/wp-content\/uploads\/imatge10-1.png\" alt=\"\" class=\"wp-image-4392\"\/><figcaption><strong>Figura 2.<\/strong>\u00a0Figura Universal<\/figcaption><\/figure>\n<p class=\"wp-block-paragraph\">Dentro de la figura se puede diferenciar las partes (en rojo) de procesamiento cognitivo, la parte perif\u00e9rica o global (Fig.3), la parte central (Fig.4) y las partes de la informaci\u00f3n sobre el cuerpo calloso (Fig.5 ).<\/p>\n\n<figure class=\"wp-block-image size-full\"><img loading=\"lazy\" decoding=\"async\" width=\"575\" height=\"127\" src=\"https:\/\/www.acotv.org\/wp-content\/uploads\/imatge11.png\" alt=\"\" class=\"wp-image-4395\" srcset=\"https:\/\/www.acotv.org\/wp-content\/uploads\/imatge11.png 575w, https:\/\/www.acotv.org\/wp-content\/uploads\/imatge11-300x66.png 300w\" sizes=\"(max-width: 575px) 100vw, 575px\" \/><figcaption>FIGURA 3                                            FIGURA 4                                           FIGURA 5<\/figcaption><\/figure>\n<p class=\"wp-block-paragraph\">Una de las formas de ejecutar el test es decir al ni\u00f1o \/ a que realice una copia de la figura mientras le vamos dando en un orden establecido una serie de rotuladores de colores, de esta manera se puede saber por d\u00f3nde ha comenzado y qu\u00e9 planteamiento y resoluci\u00f3n cognitiva realiza para copiar la figura. Tambi\u00e9n es importante que haga la copia con la hoja puesta delante y no hacia un lado, y tener en cuenta si gira la hoja en realizar la copia. Por ejemplo a continuaci\u00f3n (Fig. 6) se muestra una copia realizada por un ni\u00f1o de 7 a\u00f1os con problemas de lateralidad cruzada e inversiones durante la escritura:<\/p>\n\n<figure class=\"wp-block-image size-full\"><img loading=\"lazy\" decoding=\"async\" width=\"350\" height=\"238\" src=\"https:\/\/www.acotv.org\/wp-content\/uploads\/imatge12.png\" alt=\"\" class=\"wp-image-4398\" srcset=\"https:\/\/www.acotv.org\/wp-content\/uploads\/imatge12.png 350w, https:\/\/www.acotv.org\/wp-content\/uploads\/imatge12-300x204.png 300w\" sizes=\"(max-width: 350px) 100vw, 350px\" \/><figcaption><strong>Figura 6.\u00a0<\/strong>Podemos decir que empieza perif\u00e9ricamente (globalmente) con predominio del hemisferio derecho, pero con un problema de integraci\u00f3n del cuerpo calloso, no cruza la l\u00ednea media.<\/figcaption><\/figure>\n<p class=\"wp-block-paragraph\">En la siguiente Fig. 7 se muestra el mismo ni\u00f1o al cabo de un mes de tratamiento por estimulaci\u00f3n inter-hemisf\u00e9rica y lateralidad:<\/p>\n\n<figure class=\"wp-block-image size-full\"><img loading=\"lazy\" decoding=\"async\" width=\"463\" height=\"204\" src=\"https:\/\/www.acotv.org\/wp-content\/uploads\/imatge13.png\" alt=\"\" class=\"wp-image-4401\" srcset=\"https:\/\/www.acotv.org\/wp-content\/uploads\/imatge13.png 463w, https:\/\/www.acotv.org\/wp-content\/uploads\/imatge13-300x132.png 300w\" sizes=\"(max-width: 463px) 100vw, 463px\" \/><figcaption><strong>Figura 7.<\/strong>Vemos como claramente cruza la l\u00ednea media con mejor percepci\u00f3n de la forma de la figura universal (m\u00e1s rectangular).<\/figcaption><\/figure>\n<p class=\"wp-block-paragraph\">As\u00ed, la figura universal es una herramienta sencilla y complementaria que podemos utilizar para diagnosticar y seguir la terapia en problemas de lateralidad o integraci\u00f3n inter-hemisf\u00e9rica, siempre teniendo en cuenta el desarrollo psicomotriz y lateralidad asociados a problemas de integraci\u00f3n del cuerpo calloso.<\/p>\n\n<figure class=\"wp-block-image size-full\"><img loading=\"lazy\" decoding=\"async\" width=\"568\" height=\"485\" src=\"https:\/\/www.acotv.org\/wp-content\/uploads\/imatge14-1.png\" alt=\"\" class=\"wp-image-4404\" srcset=\"https:\/\/www.acotv.org\/wp-content\/uploads\/imatge14-1.png 568w, https:\/\/www.acotv.org\/wp-content\/uploads\/imatge14-1-300x256.png 300w\" sizes=\"(max-width: 568px) 100vw, 568px\" \/><\/figure>\n<p class=\"has-text-color wp-block-paragraph\" style=\"color:#008ad0\"><strong>Bibliograf\u00eda<\/strong><\/p>\n\n<p class=\"wp-block-paragraph\"><strong>Ferr\u00e9 Veciana JF, Aribau E<\/strong>. El desarrolloneurofuncional del ni\u00f1o y sustrastornos.Visi\u00f3n, aprendizaje y otras funciones cognitives. Leb\u00f3n, 2n ed, 2008.<\/p>\n\n<p class=\"wp-block-paragraph\"><strong>Instituto M\u00e9dico del Desarrollo Infantil<\/strong>. El desarrollo de la lateralidad infantil. Ni\u00f1o diestra-ni\u00f1ozurdo.Leb\u00f3n. 3ra ed, 2006.<\/p>\n\n<p class=\"wp-block-paragraph\"><strong>Koslowe K, Bienenfeld N, Tanami D, Shneor E.<\/strong>Therelationshipbetweentheheterophoriaand visual organitzation in firstandsecondgradechildren on theGesellcopyform test. OptometryandVisionDevelopment 2010 (1):33-37.<\/p>\n\n<p class=\"wp-block-paragraph\"><strong>Shag\u00fan JL, Icardo JM<\/strong>.Neuroanatom\u00edahumana:aspectosfuncionales y cl\u00ednicos. Elsevier Espa\u00f1a, 2004.<\/p>\n\n<p class=\"wp-block-paragraph\"><strong>Snell RS<\/strong>. Neuroanatomia cl\u00ednica. Lippincot Williams &amp;Wilkins, 2010.<\/p>\n\n<p class=\"wp-block-paragraph\">Articulo realizado por <strong>Marc Argil\u00e9s\u00a0<\/strong>&#13;\n<em>Diplomado en \u00d3ptica y Optometria&#13;\nM\u00e1ster en Optometria y Ci\u00e9ncias de la Visi\u00f3n&#13;\nMiembro de la ACOTV<\/em><\/p>\n","protected":false},"excerpt":{"rendered":"<p>Evaluaci\u00f3n de la integraci\u00f3n inter-hemisf\u00e8rica La figura universal es una de las herramientas que se pueden utilizar para evaluar la [&hellip;]<\/p>\n","protected":false},"author":2,"featured_media":4394,"comment_status":"open","ping_status":"open","sticky":false,"template":"","format":"standard","meta":{"ocean_front_end_style_editor":"no","ocean_post_layout":"","ocean_both_sidebars_style":"","ocean_both_sidebars_content_width":0,"ocean_both_sidebars_sidebars_width":0,"ocean_sidebar":"0","ocean_second_sidebar":"0","ocean_disable_margins":"enable","ocean_add_body_class":"","ocean_shortcode_before_top_bar":"","ocean_shortcode_after_top_bar":"","ocean_shortcode_before_header":"","ocean_shortcode_after_header":"","ocean_has_shortcode":"","ocean_shortcode_after_title":"","ocean_shortcode_before_footer_widgets":"","ocean_shortcode_after_footer_widgets":"","ocean_shortcode_before_footer_bottom":"","ocean_shortcode_after_footer_bottom":"","ocean_display_top_bar":"default","ocean_display_header":"default","ocean_header_style":"","ocean_center_header_left_menu":"0","ocean_custom_header_template":"0","ocean_custom_logo":0,"ocean_custom_retina_logo":0,"ocean_custom_logo_max_width":0,"ocean_custom_logo_tablet_max_width":0,"ocean_custom_logo_mobile_max_width":0,"ocean_custom_logo_max_height":0,"ocean_custom_logo_tablet_max_height":0,"ocean_custom_logo_mobile_max_height":0,"ocean_header_custom_menu":"0","ocean_menu_typo_font_family":"0","ocean_menu_typo_font_subset":"","ocean_menu_typo_font_size":0,"ocean_menu_typo_font_size_tablet":0,"ocean_menu_typo_font_size_mobile":0,"ocean_menu_typo_font_size_unit":"px","ocean_menu_typo_font_weight":"","ocean_menu_typo_font_weight_tablet":"","ocean_menu_typo_font_weight_mobile":"","ocean_menu_typo_transform":"","ocean_menu_typo_transform_tablet":"","ocean_menu_typo_transform_mobile":"","ocean_menu_typo_line_height":0,"ocean_menu_typo_line_height_tablet":0,"ocean_menu_typo_line_height_mobile":0,"ocean_menu_typo_line_height_unit":"","ocean_menu_typo_spacing":0,"ocean_menu_typo_spacing_tablet":0,"ocean_menu_typo_spacing_mobile":0,"ocean_menu_typo_spacing_unit":"","ocean_menu_link_color":"","ocean_menu_link_color_hover":"","ocean_menu_link_color_active":"","ocean_menu_link_background":"","ocean_menu_link_hover_background":"","ocean_menu_link_active_background":"","ocean_menu_social_links_bg":"","ocean_menu_social_hover_links_bg":"","ocean_menu_social_links_color":"","ocean_menu_social_hover_links_color":"","ocean_disable_title":"default","ocean_disable_heading":"default","ocean_post_title":"","ocean_post_subheading":"","ocean_post_title_style":"","ocean_post_title_background_color":"","ocean_post_title_background":0,"ocean_post_title_bg_image_position":"","ocean_post_title_bg_image_attachment":"","ocean_post_title_bg_image_repeat":"","ocean_post_title_bg_image_size":"","ocean_post_title_height":0,"ocean_post_title_bg_overlay":0.5,"ocean_post_title_bg_overlay_color":"","ocean_disable_breadcrumbs":"default","ocean_breadcrumbs_color":"","ocean_breadcrumbs_separator_color":"","ocean_breadcrumbs_links_color":"","ocean_breadcrumbs_links_hover_color":"","ocean_display_footer_widgets":"default","ocean_display_footer_bottom":"default","ocean_custom_footer_template":"0","ocean_post_oembed":"","ocean_post_self_hosted_media":"","ocean_post_video_embed":"","ocean_link_format":"","ocean_link_format_target":"self","ocean_quote_format":"","ocean_quote_format_link":"post","ocean_gallery_link_images":"on","ocean_gallery_id":[],"footnotes":""},"categories":[9],"tags":[60,55,57],"class_list":["post-4409","post","type-post","status-publish","format-standard","has-post-thumbnail","hentry","category-blog","tag-optometria","tag-prevencion","tag-problemasdeaprendizaje","entry","has-media"],"yoast_head":"<!-- This site is optimized with the Yoast SEO plugin v28.4 - https:\/\/yoast.com\/product\/yoast-seo-wordpress\/ -->\n<title>LA FIGURA UNIVERSAL - Asociaci\u00f3n Catalana de Optometr\u00eda y Terapia Visual<\/title>\n<meta name=\"robots\" content=\"index, follow, max-snippet:-1, max-image-preview:large, max-video-preview:-1\" \/>\n<link rel=\"canonical\" href=\"https:\/\/www.acotv.org\/es\/la-figura-universal\/\" \/>\n<meta property=\"og:locale\" content=\"es_ES\" \/>\n<meta property=\"og:type\" content=\"article\" \/>\n<meta property=\"og:title\" content=\"LA FIGURA UNIVERSAL - Asociaci\u00f3n Catalana de Optometr\u00eda y Terapia Visual\" \/>\n<meta property=\"og:description\" content=\"Evaluaci\u00f3n de la integraci\u00f3n inter-hemisf\u00e8rica La figura universal es una de las herramientas que se pueden utilizar para evaluar la [&hellip;]\" \/>\n<meta property=\"og:url\" content=\"https:\/\/www.acotv.org\/es\/la-figura-universal\/\" \/>\n<meta property=\"og:site_name\" content=\"Asociaci\u00f3n Catalana de Optometr\u00eda y Terapia Visual\" \/>\n<meta property=\"article:published_time\" content=\"2022-04-28T12:58:08+00:00\" \/>\n<meta property=\"og:image\" content=\"https:\/\/www.acotv.org\/wp-content\/uploads\/imatge10-1.png\" \/>\n\t<meta property=\"og:image:width\" content=\"221\" \/>\n\t<meta property=\"og:image:height\" content=\"148\" \/>\n\t<meta property=\"og:image:type\" content=\"image\/png\" \/>\n<meta name=\"author\" content=\"ACOTV\" \/>\n<meta name=\"twitter:card\" content=\"summary_large_image\" \/>\n<meta name=\"twitter:label1\" content=\"Escrito por\" \/>\n\t<meta name=\"twitter:data1\" content=\"ACOTV\" \/>\n\t<meta name=\"twitter:label2\" content=\"Tiempo de lectura\" \/>\n\t<meta name=\"twitter:data2\" content=\"3 minutos\" \/>\n<script type=\"application\/ld+json\" class=\"yoast-schema-graph\">{\"@context\":\"https:\\\/\\\/schema.org\",\"@graph\":[{\"@type\":\"Article\",\"@id\":\"https:\\\/\\\/www.acotv.org\\\/es\\\/la-figura-universal\\\/#article\",\"isPartOf\":{\"@id\":\"https:\\\/\\\/www.acotv.org\\\/es\\\/la-figura-universal\\\/\"},\"author\":{\"name\":\"ACOTV\",\"@id\":\"https:\\\/\\\/www.acotv.org\\\/ca\\\/#\\\/schema\\\/person\\\/0de470fec1dbf9785a7343042d765744\"},\"headline\":\"LA FIGURA UNIVERSAL\",\"datePublished\":\"2022-04-28T12:58:08+00:00\",\"mainEntityOfPage\":{\"@id\":\"https:\\\/\\\/www.acotv.org\\\/es\\\/la-figura-universal\\\/\"},\"wordCount\":665,\"commentCount\":0,\"image\":{\"@id\":\"https:\\\/\\\/www.acotv.org\\\/es\\\/la-figura-universal\\\/#primaryimage\"},\"thumbnailUrl\":\"https:\\\/\\\/www.acotv.org\\\/wp-content\\\/uploads\\\/imatge10-1.png\",\"keywords\":[\"Optometria\",\"prevenci\u00f3n\",\"problemasdeaprendizaje\"],\"articleSection\":[\"Blog\"],\"inLanguage\":\"es\",\"potentialAction\":[{\"@type\":\"CommentAction\",\"name\":\"Comment\",\"target\":[\"https:\\\/\\\/www.acotv.org\\\/es\\\/la-figura-universal\\\/#respond\"]}]},{\"@type\":\"WebPage\",\"@id\":\"https:\\\/\\\/www.acotv.org\\\/es\\\/la-figura-universal\\\/\",\"url\":\"https:\\\/\\\/www.acotv.org\\\/es\\\/la-figura-universal\\\/\",\"name\":\"LA FIGURA UNIVERSAL - Asociaci\u00f3n Catalana de Optometr\u00eda y Terapia Visual\",\"isPartOf\":{\"@id\":\"https:\\\/\\\/www.acotv.org\\\/ca\\\/#website\"},\"primaryImageOfPage\":{\"@id\":\"https:\\\/\\\/www.acotv.org\\\/es\\\/la-figura-universal\\\/#primaryimage\"},\"image\":{\"@id\":\"https:\\\/\\\/www.acotv.org\\\/es\\\/la-figura-universal\\\/#primaryimage\"},\"thumbnailUrl\":\"https:\\\/\\\/www.acotv.org\\\/wp-content\\\/uploads\\\/imatge10-1.png\",\"datePublished\":\"2022-04-28T12:58:08+00:00\",\"author\":{\"@id\":\"https:\\\/\\\/www.acotv.org\\\/ca\\\/#\\\/schema\\\/person\\\/0de470fec1dbf9785a7343042d765744\"},\"breadcrumb\":{\"@id\":\"https:\\\/\\\/www.acotv.org\\\/es\\\/la-figura-universal\\\/#breadcrumb\"},\"inLanguage\":\"es\",\"potentialAction\":[{\"@type\":\"ReadAction\",\"target\":[\"https:\\\/\\\/www.acotv.org\\\/es\\\/la-figura-universal\\\/\"]}]},{\"@type\":\"ImageObject\",\"inLanguage\":\"es\",\"@id\":\"https:\\\/\\\/www.acotv.org\\\/es\\\/la-figura-universal\\\/#primaryimage\",\"url\":\"https:\\\/\\\/www.acotv.org\\\/wp-content\\\/uploads\\\/imatge10-1.png\",\"contentUrl\":\"https:\\\/\\\/www.acotv.org\\\/wp-content\\\/uploads\\\/imatge10-1.png\",\"width\":221,\"height\":148,\"caption\":\"Figura Universal\"},{\"@type\":\"BreadcrumbList\",\"@id\":\"https:\\\/\\\/www.acotv.org\\\/es\\\/la-figura-universal\\\/#breadcrumb\",\"itemListElement\":[{\"@type\":\"ListItem\",\"position\":1,\"name\":\"Portada\",\"item\":\"https:\\\/\\\/www.acotv.org\\\/es\\\/\"},{\"@type\":\"ListItem\",\"position\":2,\"name\":\"LA FIGURA UNIVERSAL\"}]},{\"@type\":\"WebSite\",\"@id\":\"https:\\\/\\\/www.acotv.org\\\/ca\\\/#website\",\"url\":\"https:\\\/\\\/www.acotv.org\\\/ca\\\/\",\"name\":\"Asociaci\u00f3n Catalana de Optometr\u00eda y Terapia Visual\",\"description\":\"\",\"potentialAction\":[{\"@type\":\"SearchAction\",\"target\":{\"@type\":\"EntryPoint\",\"urlTemplate\":\"https:\\\/\\\/www.acotv.org\\\/ca\\\/?s={search_term_string}\"},\"query-input\":{\"@type\":\"PropertyValueSpecification\",\"valueRequired\":true,\"valueName\":\"search_term_string\"}}],\"inLanguage\":\"es\"},{\"@type\":\"Person\",\"@id\":\"https:\\\/\\\/www.acotv.org\\\/ca\\\/#\\\/schema\\\/person\\\/0de470fec1dbf9785a7343042d765744\",\"name\":\"ACOTV\",\"image\":{\"@type\":\"ImageObject\",\"inLanguage\":\"es\",\"@id\":\"https:\\\/\\\/www.acotv.org\\\/wp-content\\\/uploads\\\/Logo-petit-150x150.jpg\",\"url\":\"https:\\\/\\\/www.acotv.org\\\/wp-content\\\/uploads\\\/Logo-petit-150x150.jpg\",\"contentUrl\":\"https:\\\/\\\/www.acotv.org\\\/wp-content\\\/uploads\\\/Logo-petit-150x150.jpg\",\"caption\":\"ACOTV\"},\"url\":\"https:\\\/\\\/www.acotv.org\\\/es\\\/author\\\/acotv\\\/\"}]}<\/script>\n<!-- \/ Yoast SEO plugin. -->","yoast_head_json":{"title":"LA FIGURA UNIVERSAL - Asociaci\u00f3n Catalana de Optometr\u00eda y Terapia Visual","robots":{"index":"index","follow":"follow","max-snippet":"max-snippet:-1","max-image-preview":"max-image-preview:large","max-video-preview":"max-video-preview:-1"},"canonical":"https:\/\/www.acotv.org\/es\/la-figura-universal\/","og_locale":"es_ES","og_type":"article","og_title":"LA FIGURA UNIVERSAL - Asociaci\u00f3n Catalana de Optometr\u00eda y Terapia Visual","og_description":"Evaluaci\u00f3n de la integraci\u00f3n inter-hemisf\u00e8rica La figura universal es una de las herramientas que se pueden utilizar para evaluar la [&hellip;]","og_url":"https:\/\/www.acotv.org\/es\/la-figura-universal\/","og_site_name":"Asociaci\u00f3n Catalana de Optometr\u00eda y Terapia Visual","article_published_time":"2022-04-28T12:58:08+00:00","og_image":[{"width":221,"height":148,"url":"https:\/\/www.acotv.org\/wp-content\/uploads\/imatge10-1.png","type":"image\/png"}],"author":"ACOTV","twitter_card":"summary_large_image","twitter_misc":{"Escrito por":"ACOTV","Tiempo de lectura":"3 minutos"},"schema":{"@context":"https:\/\/schema.org","@graph":[{"@type":"Article","@id":"https:\/\/www.acotv.org\/es\/la-figura-universal\/#article","isPartOf":{"@id":"https:\/\/www.acotv.org\/es\/la-figura-universal\/"},"author":{"name":"ACOTV","@id":"https:\/\/www.acotv.org\/ca\/#\/schema\/person\/0de470fec1dbf9785a7343042d765744"},"headline":"LA FIGURA UNIVERSAL","datePublished":"2022-04-28T12:58:08+00:00","mainEntityOfPage":{"@id":"https:\/\/www.acotv.org\/es\/la-figura-universal\/"},"wordCount":665,"commentCount":0,"image":{"@id":"https:\/\/www.acotv.org\/es\/la-figura-universal\/#primaryimage"},"thumbnailUrl":"https:\/\/www.acotv.org\/wp-content\/uploads\/imatge10-1.png","keywords":["Optometria","prevenci\u00f3n","problemasdeaprendizaje"],"articleSection":["Blog"],"inLanguage":"es","potentialAction":[{"@type":"CommentAction","name":"Comment","target":["https:\/\/www.acotv.org\/es\/la-figura-universal\/#respond"]}]},{"@type":"WebPage","@id":"https:\/\/www.acotv.org\/es\/la-figura-universal\/","url":"https:\/\/www.acotv.org\/es\/la-figura-universal\/","name":"LA FIGURA UNIVERSAL - Asociaci\u00f3n Catalana de Optometr\u00eda y Terapia Visual","isPartOf":{"@id":"https:\/\/www.acotv.org\/ca\/#website"},"primaryImageOfPage":{"@id":"https:\/\/www.acotv.org\/es\/la-figura-universal\/#primaryimage"},"image":{"@id":"https:\/\/www.acotv.org\/es\/la-figura-universal\/#primaryimage"},"thumbnailUrl":"https:\/\/www.acotv.org\/wp-content\/uploads\/imatge10-1.png","datePublished":"2022-04-28T12:58:08+00:00","author":{"@id":"https:\/\/www.acotv.org\/ca\/#\/schema\/person\/0de470fec1dbf9785a7343042d765744"},"breadcrumb":{"@id":"https:\/\/www.acotv.org\/es\/la-figura-universal\/#breadcrumb"},"inLanguage":"es","potentialAction":[{"@type":"ReadAction","target":["https:\/\/www.acotv.org\/es\/la-figura-universal\/"]}]},{"@type":"ImageObject","inLanguage":"es","@id":"https:\/\/www.acotv.org\/es\/la-figura-universal\/#primaryimage","url":"https:\/\/www.acotv.org\/wp-content\/uploads\/imatge10-1.png","contentUrl":"https:\/\/www.acotv.org\/wp-content\/uploads\/imatge10-1.png","width":221,"height":148,"caption":"Figura Universal"},{"@type":"BreadcrumbList","@id":"https:\/\/www.acotv.org\/es\/la-figura-universal\/#breadcrumb","itemListElement":[{"@type":"ListItem","position":1,"name":"Portada","item":"https:\/\/www.acotv.org\/es\/"},{"@type":"ListItem","position":2,"name":"LA FIGURA UNIVERSAL"}]},{"@type":"WebSite","@id":"https:\/\/www.acotv.org\/ca\/#website","url":"https:\/\/www.acotv.org\/ca\/","name":"Asociaci\u00f3n Catalana de Optometr\u00eda y Terapia Visual","description":"","potentialAction":[{"@type":"SearchAction","target":{"@type":"EntryPoint","urlTemplate":"https:\/\/www.acotv.org\/ca\/?s={search_term_string}"},"query-input":{"@type":"PropertyValueSpecification","valueRequired":true,"valueName":"search_term_string"}}],"inLanguage":"es"},{"@type":"Person","@id":"https:\/\/www.acotv.org\/ca\/#\/schema\/person\/0de470fec1dbf9785a7343042d765744","name":"ACOTV","image":{"@type":"ImageObject","inLanguage":"es","@id":"https:\/\/www.acotv.org\/wp-content\/uploads\/Logo-petit-150x150.jpg","url":"https:\/\/www.acotv.org\/wp-content\/uploads\/Logo-petit-150x150.jpg","contentUrl":"https:\/\/www.acotv.org\/wp-content\/uploads\/Logo-petit-150x150.jpg","caption":"ACOTV"},"url":"https:\/\/www.acotv.org\/es\/author\/acotv\/"}]}},"_links":{"self":[{"href":"https:\/\/www.acotv.org\/es\/wp-json\/wp\/v2\/posts\/4409","targetHints":{"allow":["GET"]}}],"collection":[{"href":"https:\/\/www.acotv.org\/es\/wp-json\/wp\/v2\/posts"}],"about":[{"href":"https:\/\/www.acotv.org\/es\/wp-json\/wp\/v2\/types\/post"}],"author":[{"embeddable":true,"href":"https:\/\/www.acotv.org\/es\/wp-json\/wp\/v2\/users\/2"}],"replies":[{"embeddable":true,"href":"https:\/\/www.acotv.org\/es\/wp-json\/wp\/v2\/comments?post=4409"}],"version-history":[{"count":1,"href":"https:\/\/www.acotv.org\/es\/wp-json\/wp\/v2\/posts\/4409\/revisions"}],"predecessor-version":[{"id":4410,"href":"https:\/\/www.acotv.org\/es\/wp-json\/wp\/v2\/posts\/4409\/revisions\/4410"}],"wp:featuredmedia":[{"embeddable":true,"href":"https:\/\/www.acotv.org\/es\/wp-json\/wp\/v2\/media\/4394"}],"wp:attachment":[{"href":"https:\/\/www.acotv.org\/es\/wp-json\/wp\/v2\/media?parent=4409"}],"wp:term":[{"taxonomy":"category","embeddable":true,"href":"https:\/\/www.acotv.org\/es\/wp-json\/wp\/v2\/categories?post=4409"},{"taxonomy":"post_tag","embeddable":true,"href":"https:\/\/www.acotv.org\/es\/wp-json\/wp\/v2\/tags?post=4409"}],"curies":[{"name":"wp","href":"https:\/\/api.w.org\/{rel}","templated":true}]}}