{"id":4355,"date":"2022-04-28T00:11:18","date_gmt":"2022-04-27T22:11:18","guid":{"rendered":"https:\/\/www.acotv.org\/entrevista-al-optometrista-manuel-roure-arnaldo\/"},"modified":"2022-04-28T00:11:18","modified_gmt":"2022-04-27T22:11:18","slug":"entrevista-al-optometrista-manuel-roure-arnaldo","status":"publish","type":"post","link":"https:\/\/www.acotv.org\/es\/entrevista-al-optometrista-manuel-roure-arnaldo\/","title":{"rendered":"ENTREVISTA AL OPTOMETRISTA MANUEL ROURE ARNALDO"},"content":{"rendered":"\n<p class=\"has-medium-font-size wp-block-paragraph\">Seguimos recogiendo testimonios de socios de la entidad. En esta ocasi\u00f3n el compa\u00f1ero Marc Argil\u00e9s ha tenido la oportunidad de conversar con \u00a0Manuel Roure para hacerle extensiva la felicitaci\u00f3n por su nueva publicaci\u00f3n del libro:\u00a0<strong>Optometria hol\u00edstica. La visi\u00f3 ens permet percibir, comprendre, interpretar, adaptar-nos.\u00a0<\/strong>No dejes de leer esta interesante entrevista!<\/p>\n\n<figure class=\"wp-block-image size-full\"><img decoding=\"async\" width=\"166\" height=\"245\" src=\"https:\/\/www.acotv.org\/wp-content\/uploads\/imatge8-1.png\" alt=\"\" class=\"wp-image-4350\"\/><\/figure>\n<p class=\"wp-block-paragraph\"><strong>\u00d3ptico Optometrista y Master of Science in Clinical Optometry por Pennsylvania College of Optometry, Philadelphia, 1995, adem\u00e1s de m\u00e1ster oficial universitario en ciencias de la enfermer\u00eda por la Universidad de Lleida.<\/strong><\/p>\n\n<p class=\"wp-block-paragraph\"><strong>Director cl\u00ednico de Federoptics Roure (Mollerussa) desde 1971. Obtuvo un \u00abExcelente Cum Laude\u00bb en el Curso de Optometr\u00eda de la Universidad de Montreal, organizado por la European Society of Optometry, CNOO, 1978. Ha recibido diferentes premios de reconocimiento a su experiencia y trayectoria profesional.<\/strong><\/p>\n\n<p class=\"wp-block-paragraph\"><strong>Autor del libro, Predominios Visuales 2012.<\/strong><\/p>\n\n<p class=\"wp-block-paragraph\"><strong>Miembro de la Asociaci\u00f3n Catalana de Optometr\u00eda y Terapia Visual<\/strong><\/p>\n\n<p class=\"has-text-align-center has-text-color has-medium-font-size wp-block-paragraph\" style=\"color:#008ad0\"><h3><strong>OPTOMETRIA HOL\u00cdSTICA.<\/strong><\/h3>&#13;\n<h3><strong>LA VISI\u00d3N NOS PERMITE PERCEBRIR, COMPRENDRER, INTERPRETAR, ADAPTARSE.\u00a0<\/strong><\/h3><\/p>\n\n<p class=\"wp-block-paragraph\"><strong>En este libro que acaba de presentar explica desde la evoluci\u00f3n de la optometr\u00eda cl\u00e1sica hasta la optometr\u00eda hol\u00edstica, \u00bfcu\u00e1l fue su evoluci\u00f3n profesional hacia esta corriente?<\/strong><\/p>\n\n<p class=\"wp-block-paragraph\">Inicialmente fueron los cursos de Pilar Chivelet los que me despertaron la curiosidad y me abrieron a nuevos conocimientos.<\/p>\n\n<p class=\"wp-block-paragraph\">Seguidamente el profesor Armand R. Bastien, me descubri\u00f3 un nuevo mundo en el entorno de la Optometr\u00eda de la Conducta.<\/p>\n\n<p class=\"wp-block-paragraph\">Despu\u00e9s, algunos optometristas franceses que hab\u00edan accedido a la m\u00e1s moderna optometr\u00eda, conductista, behavioral u hol\u00edstica, mediante estancias en Qu\u00e9bec, establecieron acuerdos entre el Instituto de Visiologie de France (IVF) y la Sociedad Espa\u00f1ola de Optometr\u00eda (SEO) para realizar muchos cursos y seminarios que abarcaron hasta 15 cursos lectivos, cambiando algunos conceptos de c\u00f3mo se deb\u00eda practicar la Optometr\u00eda.<\/p>\n\n<p class=\"wp-block-paragraph\">Tambi\u00e9n he de se\u00f1alar las relaciones con Carl H.Delacato Ed. D. y todo su equipo en APALCE y SHI de Barcelona y Voluntas de Amberes. Ellas propiciaron nuevos conocimientos en Organizaci\u00f3n Neurol\u00f3gica y nuevos conocimientos sobre la Lateralidad y los Predominios Visuales.<\/p>\n\n<p class=\"wp-block-paragraph\">Finalmente, el Bachelor y el Master de Optometr\u00eda Cl\u00ednica cursado al Penssylvania College de Optometry y el Master de Ciencias Sanitarias de la UdL completaron mi formaci\u00f3n actual.<\/p>\n\n<p class=\"wp-block-paragraph\"><strong>El trabajo multidisciplinario parece que ser\u00e1 la evoluci\u00f3n de la optometr\u00eda, \u00bfcree que ser\u00e1 as\u00ed?<\/strong><\/p>\n\n<p class=\"wp-block-paragraph\">Sin duda, el trabajo con neur\u00f3logos, psic\u00f3logos, oftalm\u00f3logos, pedagogos, etc. ser\u00e1 importante para solucionar los problemas visuales, ya que hay que considerarlos de una manera global implicando no s\u00f3lo la propia visi\u00f3n sino tambi\u00e9n el organismo y el medio, precisando por tanto colaboraciones con otras disciplinas.<\/p>\n\n<p class=\"wp-block-paragraph\"><strong>Cada d\u00eda son m\u00e1s los optometristas que se forman en la corriente m\u00e1s hol\u00edstica o comportamental, \u00bfqu\u00e9 consejo les dar\u00eda a las nuevas generaciones?<\/strong><\/p>\n\n<p class=\"wp-block-paragraph\">Adelante, que no tengan miedo, la optometr\u00eda hol\u00edstica es muy exigente, hay que estar en formaci\u00f3n continua, pero da satisfacci\u00f3n poder solucionar problemas que no se pod\u00edan resolver con niveles optom\u00e9tricos inferiores.<\/p>\n\n<p class=\"wp-block-paragraph\"><strong>Durante su larga trayectoria \u00bfcu\u00e1l ha sido su mayor satisfacci\u00f3n a nivel profesional?<\/strong><\/p>\n\n<p class=\"wp-block-paragraph\">Es dif\u00edcil contestar a esta pregunta &#8230; son muchos a\u00f1os de profesi\u00f3n y, l\u00f3gicamente, muchas las situaciones vividas que han servido para resolver no pocos casos.<\/p>\n\n<p class=\"wp-block-paragraph\"><strong>\u00bfY del libro, que quisiera destacar de alguna manera?<\/strong><\/p>\n\n<p class=\"wp-block-paragraph\">Seguro, lo que yo llamo la base filos\u00f3fica de la Optometr\u00eda Hol\u00edstica: La prescripci\u00f3n de lentes positivas, sin miedo, a diestro y siniestro, es casi imposible hacer ninguna maleza con esta t\u00e9cnica, o producir alguna situaci\u00f3n iatrog\u00e9nica, mientras que la prescripci\u00f3n de negativos s\u00ed puede producirla y, efectivamente, de vez en cuando la produce.<\/p>\n\n<p class=\"wp-block-paragraph\"><strong>Como miembro de la ACOTV \u00bfc\u00f3mo ve la evoluci\u00f3n tambi\u00e9n de la asociaci\u00f3n?<\/strong><\/p>\n\n<p class=\"wp-block-paragraph\">Muy bien, para m\u00ed la ACOTV en estos momentos es algo parecida a la que fue en Espa\u00f1a la SEO. Una y otra, en temporadas concretas han complementado las tareas colegiales en determinadas formaciones espec\u00edficas, algunas veces no lo suficiente ortodoxas, pero, eso s\u00ed, adelantadas en el tiempo, como osteopat\u00eda, podolog\u00eda, audiolog\u00eda, desarrollo, &#8230; buscando en ellas sus relaciones con la visi\u00f3n, explicando, por ejemplo, porqu\u00e9  a algunos estr\u00e1bicos se les redirigen las l\u00edneas de mirada colg\u00e1ndolos de una barra.<\/p>\n\n<p class=\"wp-block-paragraph\">Entrevista realizada por:\u00a0<strong>Marc Argil\u00e9s Sans&#13;\n<\/strong><em>Diplomado en \u00d3ptica y Optometria<\/em><strong><em>&#13;\n<\/em><\/strong><em>M\u00e1ster en Optometria y Ci\u00e9ncias de la Visi\u00f3n&#13;\n<\/em><em>Miembro de la ACOTV<\/em>&#13;\n&#13;\n<strong>\u00a0<\/strong><\/p>\n","protected":false},"excerpt":{"rendered":"<p>Seguimos recogiendo testimonios de socios de la entidad. En esta ocasi\u00f3n el compa\u00f1ero Marc Argil\u00e9s ha tenido la oportunidad de [&hellip;]<\/p>\n","protected":false},"author":2,"featured_media":4349,"comment_status":"open","ping_status":"open","sticky":false,"template":"","format":"standard","meta":{"ocean_front_end_style_editor":"no","ocean_post_layout":"","ocean_both_sidebars_style":"","ocean_both_sidebars_content_width":0,"ocean_both_sidebars_sidebars_width":0,"ocean_sidebar":"0","ocean_second_sidebar":"0","ocean_disable_margins":"enable","ocean_add_body_class":"","ocean_shortcode_before_top_bar":"","ocean_shortcode_after_top_bar":"","ocean_shortcode_before_header":"","ocean_shortcode_after_header":"","ocean_has_shortcode":"","ocean_shortcode_after_title":"","ocean_shortcode_before_footer_widgets":"","ocean_shortcode_after_footer_widgets":"","ocean_shortcode_before_footer_bottom":"","ocean_shortcode_after_footer_bottom":"","ocean_display_top_bar":"default","ocean_display_header":"default","ocean_header_style":"","ocean_center_header_left_menu":"0","ocean_custom_header_template":"0","ocean_custom_logo":0,"ocean_custom_retina_logo":0,"ocean_custom_logo_max_width":0,"ocean_custom_logo_tablet_max_width":0,"ocean_custom_logo_mobile_max_width":0,"ocean_custom_logo_max_height":0,"ocean_custom_logo_tablet_max_height":0,"ocean_custom_logo_mobile_max_height":0,"ocean_header_custom_menu":"0","ocean_menu_typo_font_family":"0","ocean_menu_typo_font_subset":"","ocean_menu_typo_font_size":0,"ocean_menu_typo_font_size_tablet":0,"ocean_menu_typo_font_size_mobile":0,"ocean_menu_typo_font_size_unit":"px","ocean_menu_typo_font_weight":"","ocean_menu_typo_font_weight_tablet":"","ocean_menu_typo_font_weight_mobile":"","ocean_menu_typo_transform":"","ocean_menu_typo_transform_tablet":"","ocean_menu_typo_transform_mobile":"","ocean_menu_typo_line_height":0,"ocean_menu_typo_line_height_tablet":0,"ocean_menu_typo_line_height_mobile":0,"ocean_menu_typo_line_height_unit":"","ocean_menu_typo_spacing":0,"ocean_menu_typo_spacing_tablet":0,"ocean_menu_typo_spacing_mobile":0,"ocean_menu_typo_spacing_unit":"","ocean_menu_link_color":"","ocean_menu_link_color_hover":"","ocean_menu_link_color_active":"","ocean_menu_link_background":"","ocean_menu_link_hover_background":"","ocean_menu_link_active_background":"","ocean_menu_social_links_bg":"","ocean_menu_social_hover_links_bg":"","ocean_menu_social_links_color":"","ocean_menu_social_hover_links_color":"","ocean_disable_title":"default","ocean_disable_heading":"default","ocean_post_title":"","ocean_post_subheading":"","ocean_post_title_style":"","ocean_post_title_background_color":"","ocean_post_title_background":0,"ocean_post_title_bg_image_position":"","ocean_post_title_bg_image_attachment":"","ocean_post_title_bg_image_repeat":"","ocean_post_title_bg_image_size":"","ocean_post_title_height":0,"ocean_post_title_bg_overlay":0.5,"ocean_post_title_bg_overlay_color":"","ocean_disable_breadcrumbs":"default","ocean_breadcrumbs_color":"","ocean_breadcrumbs_separator_color":"","ocean_breadcrumbs_links_color":"","ocean_breadcrumbs_links_hover_color":"","ocean_display_footer_widgets":"default","ocean_display_footer_bottom":"default","ocean_custom_footer_template":"0","ocean_post_oembed":"","ocean_post_self_hosted_media":"","ocean_post_video_embed":"","ocean_link_format":"","ocean_link_format_target":"self","ocean_quote_format":"","ocean_quote_format_link":"post","ocean_gallery_link_images":"on","ocean_gallery_id":[],"footnotes":""},"categories":[9],"tags":[139,60,57,61],"class_list":["post-4355","post","type-post","status-publish","format-standard","has-post-thumbnail","hentry","category-blog","tag-entrevista-es","tag-optometria","tag-problemasdeaprendizaje","tag-terapiavisual","entry","has-media"],"yoast_head":"<!-- This site is optimized with the Yoast SEO plugin v28.4 - https:\/\/yoast.com\/product\/yoast-seo-wordpress\/ -->\n<title>ENTREVISTA AL OPTOMETRISTA MANUEL ROURE ARNALDO - Asociaci\u00f3n Catalana de Optometr\u00eda y Terapia Visual<\/title>\n<meta name=\"robots\" content=\"index, follow, max-snippet:-1, max-image-preview:large, max-video-preview:-1\" \/>\n<link rel=\"canonical\" href=\"https:\/\/www.acotv.org\/es\/entrevista-al-optometrista-manuel-roure-arnaldo\/\" \/>\n<meta property=\"og:locale\" content=\"es_ES\" \/>\n<meta property=\"og:type\" content=\"article\" \/>\n<meta property=\"og:title\" content=\"ENTREVISTA AL OPTOMETRISTA MANUEL ROURE ARNALDO - Asociaci\u00f3n Catalana de Optometr\u00eda y Terapia Visual\" \/>\n<meta property=\"og:description\" content=\"Seguimos recogiendo testimonios de socios de la entidad. En esta ocasi\u00f3n el compa\u00f1ero Marc Argil\u00e9s ha tenido la oportunidad de [&hellip;]\" \/>\n<meta property=\"og:url\" content=\"https:\/\/www.acotv.org\/es\/entrevista-al-optometrista-manuel-roure-arnaldo\/\" \/>\n<meta property=\"og:site_name\" content=\"Asociaci\u00f3n Catalana de Optometr\u00eda y Terapia Visual\" \/>\n<meta property=\"article:published_time\" content=\"2022-04-27T22:11:18+00:00\" \/>\n<meta property=\"og:image\" content=\"https:\/\/www.acotv.org\/wp-content\/uploads\/imatge7-3.jpg\" \/>\n\t<meta property=\"og:image:width\" content=\"700\" \/>\n\t<meta property=\"og:image:height\" content=\"516\" \/>\n\t<meta property=\"og:image:type\" content=\"image\/jpeg\" \/>\n<meta name=\"author\" content=\"ACOTV\" \/>\n<meta name=\"twitter:card\" content=\"summary_large_image\" \/>\n<meta name=\"twitter:label1\" content=\"Escrito por\" \/>\n\t<meta name=\"twitter:data1\" content=\"ACOTV\" \/>\n\t<meta name=\"twitter:label2\" content=\"Tiempo de lectura\" \/>\n\t<meta name=\"twitter:data2\" content=\"4 minutos\" \/>\n<script type=\"application\/ld+json\" class=\"yoast-schema-graph\">{\"@context\":\"https:\\\/\\\/schema.org\",\"@graph\":[{\"@type\":\"Article\",\"@id\":\"https:\\\/\\\/www.acotv.org\\\/es\\\/entrevista-al-optometrista-manuel-roure-arnaldo\\\/#article\",\"isPartOf\":{\"@id\":\"https:\\\/\\\/www.acotv.org\\\/es\\\/entrevista-al-optometrista-manuel-roure-arnaldo\\\/\"},\"author\":{\"name\":\"ACOTV\",\"@id\":\"https:\\\/\\\/www.acotv.org\\\/ca\\\/#\\\/schema\\\/person\\\/0de470fec1dbf9785a7343042d765744\"},\"headline\":\"ENTREVISTA AL OPTOMETRISTA MANUEL ROURE ARNALDO\",\"datePublished\":\"2022-04-27T22:11:18+00:00\",\"mainEntityOfPage\":{\"@id\":\"https:\\\/\\\/www.acotv.org\\\/es\\\/entrevista-al-optometrista-manuel-roure-arnaldo\\\/\"},\"wordCount\":774,\"commentCount\":0,\"image\":{\"@id\":\"https:\\\/\\\/www.acotv.org\\\/es\\\/entrevista-al-optometrista-manuel-roure-arnaldo\\\/#primaryimage\"},\"thumbnailUrl\":\"https:\\\/\\\/www.acotv.org\\\/wp-content\\\/uploads\\\/imatge7-3.jpg\",\"keywords\":[\"entrevista\",\"Optometria\",\"problemasdeaprendizaje\",\"TerapiaVisual\"],\"articleSection\":[\"Blog\"],\"inLanguage\":\"es\",\"potentialAction\":[{\"@type\":\"CommentAction\",\"name\":\"Comment\",\"target\":[\"https:\\\/\\\/www.acotv.org\\\/es\\\/entrevista-al-optometrista-manuel-roure-arnaldo\\\/#respond\"]}]},{\"@type\":\"WebPage\",\"@id\":\"https:\\\/\\\/www.acotv.org\\\/es\\\/entrevista-al-optometrista-manuel-roure-arnaldo\\\/\",\"url\":\"https:\\\/\\\/www.acotv.org\\\/es\\\/entrevista-al-optometrista-manuel-roure-arnaldo\\\/\",\"name\":\"ENTREVISTA AL OPTOMETRISTA MANUEL ROURE ARNALDO - Asociaci\u00f3n Catalana de Optometr\u00eda y Terapia Visual\",\"isPartOf\":{\"@id\":\"https:\\\/\\\/www.acotv.org\\\/ca\\\/#website\"},\"primaryImageOfPage\":{\"@id\":\"https:\\\/\\\/www.acotv.org\\\/es\\\/entrevista-al-optometrista-manuel-roure-arnaldo\\\/#primaryimage\"},\"image\":{\"@id\":\"https:\\\/\\\/www.acotv.org\\\/es\\\/entrevista-al-optometrista-manuel-roure-arnaldo\\\/#primaryimage\"},\"thumbnailUrl\":\"https:\\\/\\\/www.acotv.org\\\/wp-content\\\/uploads\\\/imatge7-3.jpg\",\"datePublished\":\"2022-04-27T22:11:18+00:00\",\"author\":{\"@id\":\"https:\\\/\\\/www.acotv.org\\\/ca\\\/#\\\/schema\\\/person\\\/0de470fec1dbf9785a7343042d765744\"},\"breadcrumb\":{\"@id\":\"https:\\\/\\\/www.acotv.org\\\/es\\\/entrevista-al-optometrista-manuel-roure-arnaldo\\\/#breadcrumb\"},\"inLanguage\":\"es\",\"potentialAction\":[{\"@type\":\"ReadAction\",\"target\":[\"https:\\\/\\\/www.acotv.org\\\/es\\\/entrevista-al-optometrista-manuel-roure-arnaldo\\\/\"]}]},{\"@type\":\"ImageObject\",\"inLanguage\":\"es\",\"@id\":\"https:\\\/\\\/www.acotv.org\\\/es\\\/entrevista-al-optometrista-manuel-roure-arnaldo\\\/#primaryimage\",\"url\":\"https:\\\/\\\/www.acotv.org\\\/wp-content\\\/uploads\\\/imatge7-3.jpg\",\"contentUrl\":\"https:\\\/\\\/www.acotv.org\\\/wp-content\\\/uploads\\\/imatge7-3.jpg\",\"width\":700,\"height\":516},{\"@type\":\"BreadcrumbList\",\"@id\":\"https:\\\/\\\/www.acotv.org\\\/es\\\/entrevista-al-optometrista-manuel-roure-arnaldo\\\/#breadcrumb\",\"itemListElement\":[{\"@type\":\"ListItem\",\"position\":1,\"name\":\"Portada\",\"item\":\"https:\\\/\\\/www.acotv.org\\\/es\\\/\"},{\"@type\":\"ListItem\",\"position\":2,\"name\":\"ENTREVISTA AL OPTOMETRISTA MANUEL ROURE ARNALDO\"}]},{\"@type\":\"WebSite\",\"@id\":\"https:\\\/\\\/www.acotv.org\\\/ca\\\/#website\",\"url\":\"https:\\\/\\\/www.acotv.org\\\/ca\\\/\",\"name\":\"Asociaci\u00f3n Catalana de Optometr\u00eda y Terapia Visual\",\"description\":\"\",\"potentialAction\":[{\"@type\":\"SearchAction\",\"target\":{\"@type\":\"EntryPoint\",\"urlTemplate\":\"https:\\\/\\\/www.acotv.org\\\/ca\\\/?s={search_term_string}\"},\"query-input\":{\"@type\":\"PropertyValueSpecification\",\"valueRequired\":true,\"valueName\":\"search_term_string\"}}],\"inLanguage\":\"es\"},{\"@type\":\"Person\",\"@id\":\"https:\\\/\\\/www.acotv.org\\\/ca\\\/#\\\/schema\\\/person\\\/0de470fec1dbf9785a7343042d765744\",\"name\":\"ACOTV\",\"image\":{\"@type\":\"ImageObject\",\"inLanguage\":\"es\",\"@id\":\"https:\\\/\\\/www.acotv.org\\\/wp-content\\\/uploads\\\/Logo-petit-150x150.jpg\",\"url\":\"https:\\\/\\\/www.acotv.org\\\/wp-content\\\/uploads\\\/Logo-petit-150x150.jpg\",\"contentUrl\":\"https:\\\/\\\/www.acotv.org\\\/wp-content\\\/uploads\\\/Logo-petit-150x150.jpg\",\"caption\":\"ACOTV\"},\"url\":\"https:\\\/\\\/www.acotv.org\\\/es\\\/author\\\/acotv\\\/\"}]}<\/script>\n<!-- \/ Yoast SEO plugin. -->","yoast_head_json":{"title":"ENTREVISTA AL OPTOMETRISTA MANUEL ROURE ARNALDO - Asociaci\u00f3n Catalana de Optometr\u00eda y Terapia Visual","robots":{"index":"index","follow":"follow","max-snippet":"max-snippet:-1","max-image-preview":"max-image-preview:large","max-video-preview":"max-video-preview:-1"},"canonical":"https:\/\/www.acotv.org\/es\/entrevista-al-optometrista-manuel-roure-arnaldo\/","og_locale":"es_ES","og_type":"article","og_title":"ENTREVISTA AL OPTOMETRISTA MANUEL ROURE ARNALDO - Asociaci\u00f3n Catalana de Optometr\u00eda y Terapia Visual","og_description":"Seguimos recogiendo testimonios de socios de la entidad. En esta ocasi\u00f3n el compa\u00f1ero Marc Argil\u00e9s ha tenido la oportunidad de [&hellip;]","og_url":"https:\/\/www.acotv.org\/es\/entrevista-al-optometrista-manuel-roure-arnaldo\/","og_site_name":"Asociaci\u00f3n Catalana de Optometr\u00eda y Terapia Visual","article_published_time":"2022-04-27T22:11:18+00:00","og_image":[{"width":700,"height":516,"url":"https:\/\/www.acotv.org\/wp-content\/uploads\/imatge7-3.jpg","type":"image\/jpeg"}],"author":"ACOTV","twitter_card":"summary_large_image","twitter_misc":{"Escrito por":"ACOTV","Tiempo de lectura":"4 minutos"},"schema":{"@context":"https:\/\/schema.org","@graph":[{"@type":"Article","@id":"https:\/\/www.acotv.org\/es\/entrevista-al-optometrista-manuel-roure-arnaldo\/#article","isPartOf":{"@id":"https:\/\/www.acotv.org\/es\/entrevista-al-optometrista-manuel-roure-arnaldo\/"},"author":{"name":"ACOTV","@id":"https:\/\/www.acotv.org\/ca\/#\/schema\/person\/0de470fec1dbf9785a7343042d765744"},"headline":"ENTREVISTA AL OPTOMETRISTA MANUEL ROURE ARNALDO","datePublished":"2022-04-27T22:11:18+00:00","mainEntityOfPage":{"@id":"https:\/\/www.acotv.org\/es\/entrevista-al-optometrista-manuel-roure-arnaldo\/"},"wordCount":774,"commentCount":0,"image":{"@id":"https:\/\/www.acotv.org\/es\/entrevista-al-optometrista-manuel-roure-arnaldo\/#primaryimage"},"thumbnailUrl":"https:\/\/www.acotv.org\/wp-content\/uploads\/imatge7-3.jpg","keywords":["entrevista","Optometria","problemasdeaprendizaje","TerapiaVisual"],"articleSection":["Blog"],"inLanguage":"es","potentialAction":[{"@type":"CommentAction","name":"Comment","target":["https:\/\/www.acotv.org\/es\/entrevista-al-optometrista-manuel-roure-arnaldo\/#respond"]}]},{"@type":"WebPage","@id":"https:\/\/www.acotv.org\/es\/entrevista-al-optometrista-manuel-roure-arnaldo\/","url":"https:\/\/www.acotv.org\/es\/entrevista-al-optometrista-manuel-roure-arnaldo\/","name":"ENTREVISTA AL OPTOMETRISTA MANUEL ROURE ARNALDO - Asociaci\u00f3n Catalana de Optometr\u00eda y Terapia Visual","isPartOf":{"@id":"https:\/\/www.acotv.org\/ca\/#website"},"primaryImageOfPage":{"@id":"https:\/\/www.acotv.org\/es\/entrevista-al-optometrista-manuel-roure-arnaldo\/#primaryimage"},"image":{"@id":"https:\/\/www.acotv.org\/es\/entrevista-al-optometrista-manuel-roure-arnaldo\/#primaryimage"},"thumbnailUrl":"https:\/\/www.acotv.org\/wp-content\/uploads\/imatge7-3.jpg","datePublished":"2022-04-27T22:11:18+00:00","author":{"@id":"https:\/\/www.acotv.org\/ca\/#\/schema\/person\/0de470fec1dbf9785a7343042d765744"},"breadcrumb":{"@id":"https:\/\/www.acotv.org\/es\/entrevista-al-optometrista-manuel-roure-arnaldo\/#breadcrumb"},"inLanguage":"es","potentialAction":[{"@type":"ReadAction","target":["https:\/\/www.acotv.org\/es\/entrevista-al-optometrista-manuel-roure-arnaldo\/"]}]},{"@type":"ImageObject","inLanguage":"es","@id":"https:\/\/www.acotv.org\/es\/entrevista-al-optometrista-manuel-roure-arnaldo\/#primaryimage","url":"https:\/\/www.acotv.org\/wp-content\/uploads\/imatge7-3.jpg","contentUrl":"https:\/\/www.acotv.org\/wp-content\/uploads\/imatge7-3.jpg","width":700,"height":516},{"@type":"BreadcrumbList","@id":"https:\/\/www.acotv.org\/es\/entrevista-al-optometrista-manuel-roure-arnaldo\/#breadcrumb","itemListElement":[{"@type":"ListItem","position":1,"name":"Portada","item":"https:\/\/www.acotv.org\/es\/"},{"@type":"ListItem","position":2,"name":"ENTREVISTA AL OPTOMETRISTA MANUEL ROURE ARNALDO"}]},{"@type":"WebSite","@id":"https:\/\/www.acotv.org\/ca\/#website","url":"https:\/\/www.acotv.org\/ca\/","name":"Asociaci\u00f3n Catalana de Optometr\u00eda y Terapia Visual","description":"","potentialAction":[{"@type":"SearchAction","target":{"@type":"EntryPoint","urlTemplate":"https:\/\/www.acotv.org\/ca\/?s={search_term_string}"},"query-input":{"@type":"PropertyValueSpecification","valueRequired":true,"valueName":"search_term_string"}}],"inLanguage":"es"},{"@type":"Person","@id":"https:\/\/www.acotv.org\/ca\/#\/schema\/person\/0de470fec1dbf9785a7343042d765744","name":"ACOTV","image":{"@type":"ImageObject","inLanguage":"es","@id":"https:\/\/www.acotv.org\/wp-content\/uploads\/Logo-petit-150x150.jpg","url":"https:\/\/www.acotv.org\/wp-content\/uploads\/Logo-petit-150x150.jpg","contentUrl":"https:\/\/www.acotv.org\/wp-content\/uploads\/Logo-petit-150x150.jpg","caption":"ACOTV"},"url":"https:\/\/www.acotv.org\/es\/author\/acotv\/"}]}},"_links":{"self":[{"href":"https:\/\/www.acotv.org\/es\/wp-json\/wp\/v2\/posts\/4355","targetHints":{"allow":["GET"]}}],"collection":[{"href":"https:\/\/www.acotv.org\/es\/wp-json\/wp\/v2\/posts"}],"about":[{"href":"https:\/\/www.acotv.org\/es\/wp-json\/wp\/v2\/types\/post"}],"author":[{"embeddable":true,"href":"https:\/\/www.acotv.org\/es\/wp-json\/wp\/v2\/users\/2"}],"replies":[{"embeddable":true,"href":"https:\/\/www.acotv.org\/es\/wp-json\/wp\/v2\/comments?post=4355"}],"version-history":[{"count":1,"href":"https:\/\/www.acotv.org\/es\/wp-json\/wp\/v2\/posts\/4355\/revisions"}],"predecessor-version":[{"id":4356,"href":"https:\/\/www.acotv.org\/es\/wp-json\/wp\/v2\/posts\/4355\/revisions\/4356"}],"wp:featuredmedia":[{"embeddable":true,"href":"https:\/\/www.acotv.org\/es\/wp-json\/wp\/v2\/media\/4349"}],"wp:attachment":[{"href":"https:\/\/www.acotv.org\/es\/wp-json\/wp\/v2\/media?parent=4355"}],"wp:term":[{"taxonomy":"category","embeddable":true,"href":"https:\/\/www.acotv.org\/es\/wp-json\/wp\/v2\/categories?post=4355"},{"taxonomy":"post_tag","embeddable":true,"href":"https:\/\/www.acotv.org\/es\/wp-json\/wp\/v2\/tags?post=4355"}],"curies":[{"name":"wp","href":"https:\/\/api.w.org\/{rel}","templated":true}]}}