{"id":4344,"date":"2022-04-27T23:49:56","date_gmt":"2022-04-27T21:49:56","guid":{"rendered":"https:\/\/www.acotv.org\/entrevista-al-optometrista-jaume-paune\/"},"modified":"2022-04-27T23:49:56","modified_gmt":"2022-04-27T21:49:56","slug":"entrevista-al-optometrista-jaume-paune","status":"publish","type":"post","link":"https:\/\/www.acotv.org\/es\/entrevista-al-optometrista-jaume-paune\/","title":{"rendered":"ENTREVISTA AL OPTOMETRISTA JAUME PAUN\u00c9"},"content":{"rendered":"\n<p class=\"has-medium-font-size wp-block-paragraph\">Aprovechando el eco que ha tenido la noticia de las lentes de contacto dise\u00f1adas por el optometrista Jaume Paun\u00e9, con la colaboraci\u00f3n de la Facultad de \u00d3ptica y Optometr\u00eda de Terrassa, nuestro compa\u00f1ero Marc Argil\u00e9s ha hecho una peque\u00f1a entrevista a Jaume que fue uno de los miembros fundadores de la ACOTV.<\/p>\n\n<p class=\"has-text-color has-medium-font-size wp-block-paragraph\" style=\"color:#008ad0\"><strong>Jaume Paun\u00e9 Fabr\u00e9<\/strong><\/p>\n\n<figure class=\"wp-block-image size-full is-resized\"><img decoding=\"async\" src=\"https:\/\/www.acotv.org\/wp-content\/uploads\/imatge6-10.jpg\" alt=\"\" class=\"wp-image-4340\" width=\"171\" height=\"171\" srcset=\"https:\/\/www.acotv.org\/wp-content\/uploads\/imatge6-10.jpg 292w, https:\/\/www.acotv.org\/wp-content\/uploads\/imatge6-10-150x150.jpg 150w\" sizes=\"(max-width: 171px) 100vw, 171px\" \/><\/figure>\n<p class=\"wp-block-paragraph\"><strong>\u00d3ptico Optometrista especializado en Ortoqueratolog\u00eda y dise\u00f1ador de lentes de contacto Anti Miop\u00eda.<\/strong><\/p>\n\n<p class=\"wp-block-paragraph\"><strong>Director del centro de Terapia Visual Marsden. Colaborador de la Facultad de \u00d3ptica y Optometr\u00eda de Terrassa y autor de diferentes art\u00edculos sobre Terapia Visual y Contactolog\u00eda.<\/strong><\/p>\n\n<p class=\"wp-block-paragraph\"><strong>Socio fundador de la Asociaci\u00f3n Catalana de Optometr\u00eda y Terapia Visual.<\/strong><\/p>\n\n<p class=\"has-text-color has-medium-font-size wp-block-paragraph\" style=\"color:#008ad0\"><strong>\u00abUna nueva lente de contacte que ralentiza el aumento de la miop\u00eda\u00bb<\/strong><\/p>\n\n<p class=\"wp-block-paragraph\"><strong>Aprovechando la ocasi\u00f3n, \u00bfcomo sali\u00f3 la idea de fundar la ACOTV?<\/strong><\/p>\n\n<p class=\"wp-block-paragraph\">La asociaci\u00f3n surgi\u00f3 de la necesidad de difundir a la sociedad los cambios que ejercemos en las vidas de nuestros pacientes. Aunque la terapia visual es una herramienta muy potente, como especialidad, ha sido ejercida por una minor\u00eda. Era necesario pues generar una asociaci\u00f3n espec\u00edfica para poder construir juntos en consonancia con el colegio de \u00f3pticos.<\/p>\n\n<p class=\"wp-block-paragraph\">Antes de su creaci\u00f3n, ya \u00abfundamos\u00bb un grupo de estudio en terapia visual junto con diferentes amigos. La ACOTV permiti\u00f3 mucho m\u00e1s.<\/p>\n\n<p class=\"wp-block-paragraph\"><strong>Cambiando a temas m\u00e1s generales, \u00bfcomo afecta en la calidad de vida del aumento de la miop\u00eda?<\/strong><\/p>\n\n<p class=\"wp-block-paragraph\">Ya todos conocemos el hecho de tener una incapacidad. Ser miope significa ser gafas-dependiente, y cuanta m\u00e1s peor. Significa ir a la playa y no saber d\u00f3nde has dejado la toalla, es vivir en la niebla&#8230;. <\/p>\n\n<p class=\"wp-block-paragraph\">Pero el verdadero problema son los riesgos asociados a la miop\u00eda. 4 veces m\u00e1s de desprendimiento de retina por debajo de -5.00 D. 10 veces m\u00e1s si es superior y hasta 50 veces m\u00e1s si tienes miop\u00eda magna. Y no podemos olvidar las cataratas, glaucoma y maculopat\u00eda mi\u00f3pica.<\/p>\n\n<p class=\"wp-block-paragraph\"><strong>\u00bfCu\u00e1l es el estado actual de la miop\u00eda en Catalu\u00f1a?<\/strong><\/p>\n\n<p class=\"wp-block-paragraph\">Se  supone que el mismo que en Europa, donde hay alrededor del 30% de miopes y un 45% de personas con estudios superiores que la padecen.<\/p>\n\n<p class=\"wp-block-paragraph\"><strong>\u00bfEn referencia a tus lentes amiopik, podr\u00edas hacer una breve descripci\u00f3n sobre cu\u00e1l es el proceso que necesitamos saber los Optometristas (par\u00e1metros, potencia, si es necesario topograf\u00eda) para su adaptaci\u00f3n?<\/strong><\/p>\n\n<p class=\"wp-block-paragraph\">Las Amiopik son lentes de contacto progresivas. No tienen zonas definidas de lejos o cerca como una lente bifocal. El dise\u00f1o genera un cambio progresivo, radial de potencia positiva que es el responsable de posicionar la imagen en retina perif\u00e9rica delante de la retina. <\/p>\n\n<p class=\"wp-block-paragraph\">Las lentes est\u00e1n disponibles en material gas permeable y hidrof\u00edlicos. Personalmente creo que el dise\u00f1o en GP es mejor para controlar la miop\u00eda, pero la mayor\u00eda de personas llevan el material blando. Su adaptaci\u00f3n se hace como en otra lente de contacto normal y por ello es precisa la queratometr\u00eda, excentricidad corneal (si es posible) y refracci\u00f3n. <\/p>\n\n<p class=\"wp-block-paragraph\">Como que las lentes deben tener el mejor centrado posible, el ideal en el material hidrof\u00edlico es ajustar radio y di\u00e1metro. Hay que tener en cuenta que las lc bajan ligeramente la agudeza visual y por ello se ha de hacer la sobrerefracci\u00f3 con gafa de prueba y luz ambiente. En general, la tendencia del ni\u00f1o ser\u00e1 al pedir m\u00e1s negativo debido a la adici\u00f3n y esto hay que tenerlo en cuenta y ser cuidadoso con no poner un exceso de potencia. Si la pupila es grande, debido a las aberraciones \u00f3pticas inducidas en ocasiones puede haber queja subjetiva y entonces tener que bajar la adici\u00f3n (que de hecho es personalizada) para incrementar la tolerancia. <\/p>\n\n<p class=\"wp-block-paragraph\">El procedimiento perfecto es ajustar la adici\u00f3n. Por eso hay que hacer retinoscopia fuera del eje, sobre la retina temporal y medir el valor de la refracci\u00f3n para, rest\u00e1ndole el del central determinar la mejor adici\u00f3n. El valor \u00f3ptimo es exactamente la diferencia de esferas.<\/p>\n\n<p class=\"wp-block-paragraph\"><strong>Esta visi\u00f3n perif\u00e9rica mejor corregida a trav\u00e9s de las lentes amiopik\u00ae \u00bfpodr\u00eda ayudar tambi\u00e9n en procedimientos de terapia visual en miopes?<\/strong><\/p>\n\n<p class=\"wp-block-paragraph\">La retina perif\u00e9rica es visi\u00f3n ambiente, es movimiento, magnocelular, espacio, entorno, ubicaci\u00f3n. Todav\u00eda no sabemos c\u00f3mo estamos actuando localmente, pero lo que s\u00ed es cierto es que mejoramos la percepci\u00f3n de las im\u00e1genes perif\u00e9ricas. Estimulamos y abrimos el campo visual.<\/p>\n\n<p class=\"wp-block-paragraph\"><strong>\u00bfQu\u00e9 consejos podemos dar los optometristas para evitar nuevos miopes?<\/strong><\/p>\n\n<p class=\"wp-block-paragraph\">La prevenci\u00f3n de la miop\u00eda es nuestro futuro. Actuar antes de que aparezca. De momento las herramientas que tenemos, adem\u00e1s de observar las conocidas e importantes reglas de higiene visual es la recomendaci\u00f3n de estar en exteriores tanto tiempo como sea posible. Sabemos que la luz solar act\u00faa preventivamente en la aparici\u00f3n o evoluci\u00f3n de la miop\u00eda. <\/p>\n\n<p class=\"wp-block-paragraph\">El uso de positivos de potencia baja para cerca cuando el ni\u00f1o est\u00e1 en la ametrop\u00eda y la realizaci\u00f3n de terapia visual son herramientas que tenemos a nuestro alcance.<\/p>\n\n<p class=\"wp-block-paragraph\"><strong>Entrevista realitzada per:<\/strong>\u00a0<strong>Marc Argil\u00e9s Sans&#13;\n<\/strong><em>Diplomado en \u00d3ptica y Optometria&#13;\n<\/em><em>M\u00e1ster en Optometria y Ci\u00e9ncias de la Visi\u00f3n&#13;\n<\/em><em>Miembro de la ACOTV<\/em><\/p>\n\n<p class=\"wp-block-paragraph\">Pod\u00e9is ver tambi\u00e9n \u00a0<a href=\"http:\/\/www.ccma.cat\/tv3\/alacarta\/divendres\/parlem-de-la-nova-lent-de-contacte-que-alenteix-laugment-de-la-miopia\/video\/5589510\/\">la entrevista realizada en el Programa Divendres de TV3<\/a>\u00a0(en Catal\u00e1n)<\/p>\n","protected":false},"excerpt":{"rendered":"<p>Aprovechando el eco que ha tenido la noticia de las lentes de contacto dise\u00f1adas por el optometrista Jaume Paun\u00e9, con [&hellip;]<\/p>\n","protected":false},"author":2,"featured_media":4339,"comment_status":"open","ping_status":"open","sticky":false,"template":"","format":"standard","meta":{"ocean_front_end_style_editor":"no","ocean_post_layout":"","ocean_both_sidebars_style":"","ocean_both_sidebars_content_width":0,"ocean_both_sidebars_sidebars_width":0,"ocean_sidebar":"0","ocean_second_sidebar":"0","ocean_disable_margins":"enable","ocean_add_body_class":"","ocean_shortcode_before_top_bar":"","ocean_shortcode_after_top_bar":"","ocean_shortcode_before_header":"","ocean_shortcode_after_header":"","ocean_has_shortcode":"","ocean_shortcode_after_title":"","ocean_shortcode_before_footer_widgets":"","ocean_shortcode_after_footer_widgets":"","ocean_shortcode_before_footer_bottom":"","ocean_shortcode_after_footer_bottom":"","ocean_display_top_bar":"default","ocean_display_header":"default","ocean_header_style":"","ocean_center_header_left_menu":"0","ocean_custom_header_template":"0","ocean_custom_logo":0,"ocean_custom_retina_logo":0,"ocean_custom_logo_max_width":0,"ocean_custom_logo_tablet_max_width":0,"ocean_custom_logo_mobile_max_width":0,"ocean_custom_logo_max_height":0,"ocean_custom_logo_tablet_max_height":0,"ocean_custom_logo_mobile_max_height":0,"ocean_header_custom_menu":"0","ocean_menu_typo_font_family":"0","ocean_menu_typo_font_subset":"","ocean_menu_typo_font_size":0,"ocean_menu_typo_font_size_tablet":0,"ocean_menu_typo_font_size_mobile":0,"ocean_menu_typo_font_size_unit":"px","ocean_menu_typo_font_weight":"","ocean_menu_typo_font_weight_tablet":"","ocean_menu_typo_font_weight_mobile":"","ocean_menu_typo_transform":"","ocean_menu_typo_transform_tablet":"","ocean_menu_typo_transform_mobile":"","ocean_menu_typo_line_height":0,"ocean_menu_typo_line_height_tablet":0,"ocean_menu_typo_line_height_mobile":0,"ocean_menu_typo_line_height_unit":"","ocean_menu_typo_spacing":0,"ocean_menu_typo_spacing_tablet":0,"ocean_menu_typo_spacing_mobile":0,"ocean_menu_typo_spacing_unit":"","ocean_menu_link_color":"","ocean_menu_link_color_hover":"","ocean_menu_link_color_active":"","ocean_menu_link_background":"","ocean_menu_link_hover_background":"","ocean_menu_link_active_background":"","ocean_menu_social_links_bg":"","ocean_menu_social_hover_links_bg":"","ocean_menu_social_links_color":"","ocean_menu_social_hover_links_color":"","ocean_disable_title":"default","ocean_disable_heading":"default","ocean_post_title":"","ocean_post_subheading":"","ocean_post_title_style":"","ocean_post_title_background_color":"","ocean_post_title_background":0,"ocean_post_title_bg_image_position":"","ocean_post_title_bg_image_attachment":"","ocean_post_title_bg_image_repeat":"","ocean_post_title_bg_image_size":"","ocean_post_title_height":0,"ocean_post_title_bg_overlay":0.5,"ocean_post_title_bg_overlay_color":"","ocean_disable_breadcrumbs":"default","ocean_breadcrumbs_color":"","ocean_breadcrumbs_separator_color":"","ocean_breadcrumbs_links_color":"","ocean_breadcrumbs_links_hover_color":"","ocean_display_footer_widgets":"default","ocean_display_footer_bottom":"default","ocean_custom_footer_template":"0","ocean_post_oembed":"","ocean_post_self_hosted_media":"","ocean_post_video_embed":"","ocean_link_format":"","ocean_link_format_target":"self","ocean_quote_format":"","ocean_quote_format_link":"post","ocean_gallery_link_images":"on","ocean_gallery_id":[],"footnotes":""},"categories":[9],"tags":[53,139,60,61],"class_list":["post-4344","post","type-post","status-publish","format-standard","has-post-thumbnail","hentry","category-blog","tag-saludvisual","tag-entrevista-es","tag-optometria","tag-terapiavisual","entry","has-media"],"yoast_head":"<!-- This site is optimized with the Yoast SEO plugin v28.4 - https:\/\/yoast.com\/product\/yoast-seo-wordpress\/ -->\n<title>ENTREVISTA AL OPTOMETRISTA JAUME PAUN\u00c9 - Asociaci\u00f3n Catalana de Optometr\u00eda y Terapia Visual<\/title>\n<meta name=\"robots\" content=\"index, follow, max-snippet:-1, max-image-preview:large, max-video-preview:-1\" \/>\n<link rel=\"canonical\" href=\"https:\/\/www.acotv.org\/es\/entrevista-al-optometrista-jaume-paune\/\" \/>\n<meta property=\"og:locale\" content=\"es_ES\" \/>\n<meta property=\"og:type\" content=\"article\" \/>\n<meta property=\"og:title\" content=\"ENTREVISTA AL OPTOMETRISTA JAUME PAUN\u00c9 - Asociaci\u00f3n Catalana de Optometr\u00eda y Terapia Visual\" \/>\n<meta property=\"og:description\" content=\"Aprovechando el eco que ha tenido la noticia de las lentes de contacto dise\u00f1adas por el optometrista Jaume Paun\u00e9, con [&hellip;]\" \/>\n<meta property=\"og:url\" content=\"https:\/\/www.acotv.org\/es\/entrevista-al-optometrista-jaume-paune\/\" \/>\n<meta property=\"og:site_name\" content=\"Asociaci\u00f3n Catalana de Optometr\u00eda y Terapia Visual\" \/>\n<meta property=\"article:published_time\" content=\"2022-04-27T21:49:56+00:00\" \/>\n<meta property=\"og:image\" content=\"https:\/\/www.acotv.org\/wp-content\/uploads\/imatge5-8.jpg\" \/>\n\t<meta property=\"og:image:width\" content=\"700\" \/>\n\t<meta property=\"og:image:height\" content=\"445\" \/>\n\t<meta property=\"og:image:type\" content=\"image\/jpeg\" \/>\n<meta name=\"author\" content=\"ACOTV\" \/>\n<meta name=\"twitter:card\" content=\"summary_large_image\" \/>\n<meta name=\"twitter:label1\" content=\"Escrito por\" \/>\n\t<meta name=\"twitter:data1\" content=\"ACOTV\" \/>\n\t<meta name=\"twitter:label2\" content=\"Tiempo de lectura\" \/>\n\t<meta name=\"twitter:data2\" content=\"5 minutos\" \/>\n<script type=\"application\/ld+json\" class=\"yoast-schema-graph\">{\"@context\":\"https:\\\/\\\/schema.org\",\"@graph\":[{\"@type\":\"Article\",\"@id\":\"https:\\\/\\\/www.acotv.org\\\/es\\\/entrevista-al-optometrista-jaume-paune\\\/#article\",\"isPartOf\":{\"@id\":\"https:\\\/\\\/www.acotv.org\\\/es\\\/entrevista-al-optometrista-jaume-paune\\\/\"},\"author\":{\"name\":\"ACOTV\",\"@id\":\"https:\\\/\\\/www.acotv.org\\\/ca\\\/#\\\/schema\\\/person\\\/0de470fec1dbf9785a7343042d765744\"},\"headline\":\"ENTREVISTA AL OPTOMETRISTA JAUME PAUN\u00c9\",\"datePublished\":\"2022-04-27T21:49:56+00:00\",\"mainEntityOfPage\":{\"@id\":\"https:\\\/\\\/www.acotv.org\\\/es\\\/entrevista-al-optometrista-jaume-paune\\\/\"},\"wordCount\":922,\"commentCount\":0,\"image\":{\"@id\":\"https:\\\/\\\/www.acotv.org\\\/es\\\/entrevista-al-optometrista-jaume-paune\\\/#primaryimage\"},\"thumbnailUrl\":\"https:\\\/\\\/www.acotv.org\\\/wp-content\\\/uploads\\\/imatge5-8.jpg\",\"keywords\":[\"#saludvisual\",\"entrevista\",\"Optometria\",\"TerapiaVisual\"],\"articleSection\":[\"Blog\"],\"inLanguage\":\"es\",\"potentialAction\":[{\"@type\":\"CommentAction\",\"name\":\"Comment\",\"target\":[\"https:\\\/\\\/www.acotv.org\\\/es\\\/entrevista-al-optometrista-jaume-paune\\\/#respond\"]}]},{\"@type\":\"WebPage\",\"@id\":\"https:\\\/\\\/www.acotv.org\\\/es\\\/entrevista-al-optometrista-jaume-paune\\\/\",\"url\":\"https:\\\/\\\/www.acotv.org\\\/es\\\/entrevista-al-optometrista-jaume-paune\\\/\",\"name\":\"ENTREVISTA AL OPTOMETRISTA JAUME PAUN\u00c9 - Asociaci\u00f3n Catalana de Optometr\u00eda y Terapia Visual\",\"isPartOf\":{\"@id\":\"https:\\\/\\\/www.acotv.org\\\/ca\\\/#website\"},\"primaryImageOfPage\":{\"@id\":\"https:\\\/\\\/www.acotv.org\\\/es\\\/entrevista-al-optometrista-jaume-paune\\\/#primaryimage\"},\"image\":{\"@id\":\"https:\\\/\\\/www.acotv.org\\\/es\\\/entrevista-al-optometrista-jaume-paune\\\/#primaryimage\"},\"thumbnailUrl\":\"https:\\\/\\\/www.acotv.org\\\/wp-content\\\/uploads\\\/imatge5-8.jpg\",\"datePublished\":\"2022-04-27T21:49:56+00:00\",\"author\":{\"@id\":\"https:\\\/\\\/www.acotv.org\\\/ca\\\/#\\\/schema\\\/person\\\/0de470fec1dbf9785a7343042d765744\"},\"breadcrumb\":{\"@id\":\"https:\\\/\\\/www.acotv.org\\\/es\\\/entrevista-al-optometrista-jaume-paune\\\/#breadcrumb\"},\"inLanguage\":\"es\",\"potentialAction\":[{\"@type\":\"ReadAction\",\"target\":[\"https:\\\/\\\/www.acotv.org\\\/es\\\/entrevista-al-optometrista-jaume-paune\\\/\"]}]},{\"@type\":\"ImageObject\",\"inLanguage\":\"es\",\"@id\":\"https:\\\/\\\/www.acotv.org\\\/es\\\/entrevista-al-optometrista-jaume-paune\\\/#primaryimage\",\"url\":\"https:\\\/\\\/www.acotv.org\\\/wp-content\\\/uploads\\\/imatge5-8.jpg\",\"contentUrl\":\"https:\\\/\\\/www.acotv.org\\\/wp-content\\\/uploads\\\/imatge5-8.jpg\",\"width\":700,\"height\":445},{\"@type\":\"BreadcrumbList\",\"@id\":\"https:\\\/\\\/www.acotv.org\\\/es\\\/entrevista-al-optometrista-jaume-paune\\\/#breadcrumb\",\"itemListElement\":[{\"@type\":\"ListItem\",\"position\":1,\"name\":\"Portada\",\"item\":\"https:\\\/\\\/www.acotv.org\\\/es\\\/\"},{\"@type\":\"ListItem\",\"position\":2,\"name\":\"ENTREVISTA AL OPTOMETRISTA JAUME PAUN\u00c9\"}]},{\"@type\":\"WebSite\",\"@id\":\"https:\\\/\\\/www.acotv.org\\\/ca\\\/#website\",\"url\":\"https:\\\/\\\/www.acotv.org\\\/ca\\\/\",\"name\":\"Asociaci\u00f3n Catalana de Optometr\u00eda y Terapia Visual\",\"description\":\"\",\"potentialAction\":[{\"@type\":\"SearchAction\",\"target\":{\"@type\":\"EntryPoint\",\"urlTemplate\":\"https:\\\/\\\/www.acotv.org\\\/ca\\\/?s={search_term_string}\"},\"query-input\":{\"@type\":\"PropertyValueSpecification\",\"valueRequired\":true,\"valueName\":\"search_term_string\"}}],\"inLanguage\":\"es\"},{\"@type\":\"Person\",\"@id\":\"https:\\\/\\\/www.acotv.org\\\/ca\\\/#\\\/schema\\\/person\\\/0de470fec1dbf9785a7343042d765744\",\"name\":\"ACOTV\",\"image\":{\"@type\":\"ImageObject\",\"inLanguage\":\"es\",\"@id\":\"https:\\\/\\\/www.acotv.org\\\/wp-content\\\/uploads\\\/Logo-petit-150x150.jpg\",\"url\":\"https:\\\/\\\/www.acotv.org\\\/wp-content\\\/uploads\\\/Logo-petit-150x150.jpg\",\"contentUrl\":\"https:\\\/\\\/www.acotv.org\\\/wp-content\\\/uploads\\\/Logo-petit-150x150.jpg\",\"caption\":\"ACOTV\"},\"url\":\"https:\\\/\\\/www.acotv.org\\\/es\\\/author\\\/acotv\\\/\"}]}<\/script>\n<!-- \/ Yoast SEO plugin. -->","yoast_head_json":{"title":"ENTREVISTA AL OPTOMETRISTA JAUME PAUN\u00c9 - Asociaci\u00f3n Catalana de Optometr\u00eda y Terapia Visual","robots":{"index":"index","follow":"follow","max-snippet":"max-snippet:-1","max-image-preview":"max-image-preview:large","max-video-preview":"max-video-preview:-1"},"canonical":"https:\/\/www.acotv.org\/es\/entrevista-al-optometrista-jaume-paune\/","og_locale":"es_ES","og_type":"article","og_title":"ENTREVISTA AL OPTOMETRISTA JAUME PAUN\u00c9 - Asociaci\u00f3n Catalana de Optometr\u00eda y Terapia Visual","og_description":"Aprovechando el eco que ha tenido la noticia de las lentes de contacto dise\u00f1adas por el optometrista Jaume Paun\u00e9, con [&hellip;]","og_url":"https:\/\/www.acotv.org\/es\/entrevista-al-optometrista-jaume-paune\/","og_site_name":"Asociaci\u00f3n Catalana de Optometr\u00eda y Terapia Visual","article_published_time":"2022-04-27T21:49:56+00:00","og_image":[{"width":700,"height":445,"url":"https:\/\/www.acotv.org\/wp-content\/uploads\/imatge5-8.jpg","type":"image\/jpeg"}],"author":"ACOTV","twitter_card":"summary_large_image","twitter_misc":{"Escrito por":"ACOTV","Tiempo de lectura":"5 minutos"},"schema":{"@context":"https:\/\/schema.org","@graph":[{"@type":"Article","@id":"https:\/\/www.acotv.org\/es\/entrevista-al-optometrista-jaume-paune\/#article","isPartOf":{"@id":"https:\/\/www.acotv.org\/es\/entrevista-al-optometrista-jaume-paune\/"},"author":{"name":"ACOTV","@id":"https:\/\/www.acotv.org\/ca\/#\/schema\/person\/0de470fec1dbf9785a7343042d765744"},"headline":"ENTREVISTA AL OPTOMETRISTA JAUME PAUN\u00c9","datePublished":"2022-04-27T21:49:56+00:00","mainEntityOfPage":{"@id":"https:\/\/www.acotv.org\/es\/entrevista-al-optometrista-jaume-paune\/"},"wordCount":922,"commentCount":0,"image":{"@id":"https:\/\/www.acotv.org\/es\/entrevista-al-optometrista-jaume-paune\/#primaryimage"},"thumbnailUrl":"https:\/\/www.acotv.org\/wp-content\/uploads\/imatge5-8.jpg","keywords":["#saludvisual","entrevista","Optometria","TerapiaVisual"],"articleSection":["Blog"],"inLanguage":"es","potentialAction":[{"@type":"CommentAction","name":"Comment","target":["https:\/\/www.acotv.org\/es\/entrevista-al-optometrista-jaume-paune\/#respond"]}]},{"@type":"WebPage","@id":"https:\/\/www.acotv.org\/es\/entrevista-al-optometrista-jaume-paune\/","url":"https:\/\/www.acotv.org\/es\/entrevista-al-optometrista-jaume-paune\/","name":"ENTREVISTA AL OPTOMETRISTA JAUME PAUN\u00c9 - Asociaci\u00f3n Catalana de Optometr\u00eda y Terapia Visual","isPartOf":{"@id":"https:\/\/www.acotv.org\/ca\/#website"},"primaryImageOfPage":{"@id":"https:\/\/www.acotv.org\/es\/entrevista-al-optometrista-jaume-paune\/#primaryimage"},"image":{"@id":"https:\/\/www.acotv.org\/es\/entrevista-al-optometrista-jaume-paune\/#primaryimage"},"thumbnailUrl":"https:\/\/www.acotv.org\/wp-content\/uploads\/imatge5-8.jpg","datePublished":"2022-04-27T21:49:56+00:00","author":{"@id":"https:\/\/www.acotv.org\/ca\/#\/schema\/person\/0de470fec1dbf9785a7343042d765744"},"breadcrumb":{"@id":"https:\/\/www.acotv.org\/es\/entrevista-al-optometrista-jaume-paune\/#breadcrumb"},"inLanguage":"es","potentialAction":[{"@type":"ReadAction","target":["https:\/\/www.acotv.org\/es\/entrevista-al-optometrista-jaume-paune\/"]}]},{"@type":"ImageObject","inLanguage":"es","@id":"https:\/\/www.acotv.org\/es\/entrevista-al-optometrista-jaume-paune\/#primaryimage","url":"https:\/\/www.acotv.org\/wp-content\/uploads\/imatge5-8.jpg","contentUrl":"https:\/\/www.acotv.org\/wp-content\/uploads\/imatge5-8.jpg","width":700,"height":445},{"@type":"BreadcrumbList","@id":"https:\/\/www.acotv.org\/es\/entrevista-al-optometrista-jaume-paune\/#breadcrumb","itemListElement":[{"@type":"ListItem","position":1,"name":"Portada","item":"https:\/\/www.acotv.org\/es\/"},{"@type":"ListItem","position":2,"name":"ENTREVISTA AL OPTOMETRISTA JAUME PAUN\u00c9"}]},{"@type":"WebSite","@id":"https:\/\/www.acotv.org\/ca\/#website","url":"https:\/\/www.acotv.org\/ca\/","name":"Asociaci\u00f3n Catalana de Optometr\u00eda y Terapia Visual","description":"","potentialAction":[{"@type":"SearchAction","target":{"@type":"EntryPoint","urlTemplate":"https:\/\/www.acotv.org\/ca\/?s={search_term_string}"},"query-input":{"@type":"PropertyValueSpecification","valueRequired":true,"valueName":"search_term_string"}}],"inLanguage":"es"},{"@type":"Person","@id":"https:\/\/www.acotv.org\/ca\/#\/schema\/person\/0de470fec1dbf9785a7343042d765744","name":"ACOTV","image":{"@type":"ImageObject","inLanguage":"es","@id":"https:\/\/www.acotv.org\/wp-content\/uploads\/Logo-petit-150x150.jpg","url":"https:\/\/www.acotv.org\/wp-content\/uploads\/Logo-petit-150x150.jpg","contentUrl":"https:\/\/www.acotv.org\/wp-content\/uploads\/Logo-petit-150x150.jpg","caption":"ACOTV"},"url":"https:\/\/www.acotv.org\/es\/author\/acotv\/"}]}},"_links":{"self":[{"href":"https:\/\/www.acotv.org\/es\/wp-json\/wp\/v2\/posts\/4344","targetHints":{"allow":["GET"]}}],"collection":[{"href":"https:\/\/www.acotv.org\/es\/wp-json\/wp\/v2\/posts"}],"about":[{"href":"https:\/\/www.acotv.org\/es\/wp-json\/wp\/v2\/types\/post"}],"author":[{"embeddable":true,"href":"https:\/\/www.acotv.org\/es\/wp-json\/wp\/v2\/users\/2"}],"replies":[{"embeddable":true,"href":"https:\/\/www.acotv.org\/es\/wp-json\/wp\/v2\/comments?post=4344"}],"version-history":[{"count":1,"href":"https:\/\/www.acotv.org\/es\/wp-json\/wp\/v2\/posts\/4344\/revisions"}],"predecessor-version":[{"id":4345,"href":"https:\/\/www.acotv.org\/es\/wp-json\/wp\/v2\/posts\/4344\/revisions\/4345"}],"wp:featuredmedia":[{"embeddable":true,"href":"https:\/\/www.acotv.org\/es\/wp-json\/wp\/v2\/media\/4339"}],"wp:attachment":[{"href":"https:\/\/www.acotv.org\/es\/wp-json\/wp\/v2\/media?parent=4344"}],"wp:term":[{"taxonomy":"category","embeddable":true,"href":"https:\/\/www.acotv.org\/es\/wp-json\/wp\/v2\/categories?post=4344"},{"taxonomy":"post_tag","embeddable":true,"href":"https:\/\/www.acotv.org\/es\/wp-json\/wp\/v2\/tags?post=4344"}],"curies":[{"name":"wp","href":"https:\/\/api.w.org\/{rel}","templated":true}]}}