{"id":4286,"date":"2022-04-24T22:23:27","date_gmt":"2022-04-24T20:23:27","guid":{"rendered":"https:\/\/www.acotv.org\/la-oclusion-binasal\/"},"modified":"2022-04-24T22:25:16","modified_gmt":"2022-04-24T20:25:16","slug":"la-oclusion-binasal","status":"publish","type":"post","link":"https:\/\/www.acotv.org\/es\/la-oclusion-binasal\/","title":{"rendered":"LA OCLUSI\u00d3N BINASAL"},"content":{"rendered":"\n<p class=\"has-medium-font-size wp-block-paragraph\">La oclusi\u00f3n binasal es un tipo de oclusi\u00f3n sectorial utilizado para tratar problemas visuales. En este art\u00edc\u00falo el <strong>Marc Argil\u00e9s<\/strong> nos lo explica con m\u00e1s detalle.<\/p>\n\n<p class=\"wp-block-paragraph\">Est\u00e1 documentado que la Oclusi\u00f3n binasal se realiza desde hace m\u00e1s de 60 a\u00f1os y est\u00e1 recomendada para tratar endotropia, ambliop\u00edas y diversos problemas funcionales no estr\u00e1bicos.<\/p>\n\n<p class=\"wp-block-paragraph\">Varios estudios indican la eficacia de este tratamiento, por ejemplo un estudio realizado por un optometrista Franc\u00e9s indic\u00f3 que la oclusi\u00f3n binasal realizada en 384 endotropias constantes consigui\u00f3 un 90% de recuperaci\u00f3n en la ambliop\u00eda, un 44% terminaron en ort\u00f3tropo y un 41% requirieron cirug\u00eda. En la misma l\u00ednea, el mismo autor examin\u00f3 la eficacia de los ejercicios visuales junto con la oclusi\u00f3n binasal con 151 ni\u00f1os con endotrop\u00eda cong\u00e9nita y concluy\u00f3 que un 96% eliminaron la ambliop\u00eda y un 75% no requiri\u00f3 cirug\u00eda.<\/p>\n\n<p class=\"wp-block-paragraph\">Por este motivo, la oclusi\u00f3n binasal no es prescrita como tratamiento permanente y raramente es el \u00fanico tratamiento , la mayor\u00eda de los casos se compagina con ejercicios de terapia visual. Existen muchos tipos de oclusi\u00f3n binasal y se utiliza diferente seg\u00fan los casos, en su mayor\u00eda se prescriben en endotrop\u00eda y traumatismos craneoencef\u00e1licos. Tambi\u00e9n se puede utilizar como una herramienta de terapia visual para trabajar la conciencia perif\u00e9rica.<\/p>\n\n<figure class=\"wp-block-image size-full\"><img fetchpriority=\"high\" decoding=\"async\" width=\"352\" height=\"143\" src=\"https:\/\/www.acotv.org\/wp-content\/uploads\/imatge2-5.png\" alt=\"\" class=\"wp-image-4268\" srcset=\"https:\/\/www.acotv.org\/wp-content\/uploads\/imatge2-5.png 352w, https:\/\/www.acotv.org\/wp-content\/uploads\/imatge2-5-300x122.png 300w\" sizes=\"(max-width: 352px) 100vw, 352px\" \/><figcaption><strong>Figura 1.<\/strong>\u00a0Diferentes opciones de oclusi\u00f3n binasal.<\/figcaption><\/figure>\n<p class=\"has-text-color wp-block-paragraph\" style=\"color:#008ad0\"><strong>1.Endotr\u00f3pias<\/strong><\/p>\n\n<p class=\"wp-block-paragraph\">En los casos de endotrop\u00eda la oclusi\u00f3n pretende inhibir cualquier adaptaci\u00f3n sensorial presente (correspondencia sensorial) eliminando la fijaci\u00f3n a nivel temporal de la retina, rompiendo cualquier proceso cuando el ojo est\u00e1 divergiendo (Figura 2) pero evitando la completa oclusi\u00f3n de todo ojo (permite cierta fusi\u00f3n perif\u00e9rica). <\/p>\n\n<figure class=\"wp-block-image size-full\"><img decoding=\"async\" width=\"244\" height=\"183\" src=\"https:\/\/www.acotv.org\/wp-content\/uploads\/imatge3-9.png\" alt=\"\" class=\"wp-image-4271\"\/><figcaption><strong>Figura 2.\u00a0<\/strong>Ejemplo esquem\u00e1tico de una oclusi\u00f3n binasal en una endotrop\u00eda del ojo derecho. La f\u00f3vea del ojo desviado (representado en un tri\u00e1ngulo) queda tapada evitando que haya una correspondencia sensorial. Extra\u00eddo de Tassinari JD.<\/figcaption><\/figure>\n<p class=\"wp-block-paragraph\">Dependiendo de la condici\u00f3n que se quiere tratar la simetr\u00eda entre los 2 puede ser diferente, por ejemplo, en casos de endotrop\u00eda intermitentes o alternantes la oclusi\u00f3n es equivalente en los 2 ojos, pero en casos de endotrop\u00eda unilaterales se tapa pasando justo por la pupila del ojo desviado, dejando el otro ojo con una oclusi\u00f3n m\u00e1s peque\u00f1a. Inclinar la oclusi\u00f3n hacia dentro inferiormente permite realizar convergencia visual. Por otra parte, este tipo de oclusi\u00f3n permite m\u00e1s conciencia perif\u00e9rica ayudando a ser m\u00e1s perif\u00e9ricos en los casos de endotrop\u00eda con procesamiento central.<\/p>\n\n<p class=\"has-text-color wp-block-paragraph\" style=\"color:#008ad0\"><strong>2.Traumatismos craneo-encef\u00e1licos.<\/strong><\/p>\n\n<p class=\"wp-block-paragraph\">Los traumatismos craneoencef\u00e1licos dan como resultado una constelaci\u00f3n de efectos adversos en el sistema sensorial, motor, perceptual, ling\u00fc\u00edstico cognitivos atencional. Las consecuencias visuales (problemas oculomotores, defectos en el campo visual, d\u00e9ficits de atenci\u00f3n visual) son comunes. La oclusi\u00f3n binasal se utiliza para disminuir los s\u00edntomas de mareo, n\u00e1useas, problemas de equilibrio o desorientaci\u00f3n en estos casos. Una teor\u00eda de la mejora con este tipo de oclusi\u00f3n es que la supresi\u00f3n creada en el campo visual reduce el \u00abruido neuronal\u00bb debido al trauma, ya que inhibe un \u00e1rea central que requiere mucha demanda de fusi\u00f3n, que es donde se solapan las 2 \u00e1reas de los 2 ojos, por tanto, modificando el input de esta \u00e1rea sirve para aliviar el estr\u00e9s visual. Hay varios estudios recientes que indican que el uso de oclusi\u00f3n binasal junto con prismas de base nasal aumentan el rendimiento viso-motor y los potenciales evocados visuales.<\/p>\n\n<p class=\"has-text-color wp-block-paragraph\" style=\"color:#008ad0\"><strong>3. Prescripci\u00f3n<\/strong><\/p>\n\n<p class=\"wp-block-paragraph\">La prescripci\u00f3n de los binasals depender\u00e1 de cada caso, una herramienta \u00fatil es utilizar la regla de Streff para ayudar a marcar las l\u00edneas donde pasar\u00e1 la oclusi\u00f3n (Figura 3). En los casos de traumatismos es importante ir bajando muy lentamente la regla hasta que el paciente note alg\u00fan cambio de s\u00edntomas. En caso de no notar una mejora inmediata, algunos autores apuntan que el uso de binasales de anchura m\u00ednima ya consigue mejoras importantes en poco tiempo.<\/p>\n\n<figure class=\"wp-block-image size-full\"><img decoding=\"async\" width=\"204\" height=\"183\" src=\"https:\/\/www.acotv.org\/wp-content\/uploads\/imatge4-7.png\" alt=\"\" class=\"wp-image-4274\"\/><figcaption><strong>Figura 3.<\/strong>Regla de Streff.Dibujo extraido de Bernell Corporation VTP<strong><sup>\u00ae<\/sup><\/strong><\/figcaption><\/figure>\n<p class=\"wp-block-paragraph\">Una vez marcado con rotulador las l\u00edneas donde queremos colocar la oclusi\u00f3n binasal, el segundo paso es aplicar \u00abcelo\u00bb transl\u00facido por la parte interna del vidrio ra\u00edz la l\u00ednea marcada anteriormente. Despu\u00e9s se aplica por dentro de la zona de la l\u00ednea pinta-u\u00f1as transparente, y sin esperar cogemos un palillo y vamos punteando toda la zona pintada. Dejamos secar 1-2 minutos y sacamos el \u00abcelo\u00bb. Es importante comprobar que el punteado de la oclusi\u00f3n quede trasl\u00facido y no transparente del todo. Rascando un poco se puede sacar perfectamente y sin da\u00f1ar el vidrio por si se quiere volver a repetir. Tambi\u00e9n se puede dejar directamente el \u00abcelo\u00bb si no queremos utilizar pinta-u\u00f1as, tal como algunos autores realizan.<\/p>\n\n<figure class=\"wp-block-image size-full\"><img loading=\"lazy\" decoding=\"async\" width=\"399\" height=\"280\" src=\"https:\/\/www.acotv.org\/wp-content\/uploads\/imatge5-6.png\" alt=\"\" class=\"wp-image-4277\" srcset=\"https:\/\/www.acotv.org\/wp-content\/uploads\/imatge5-6.png 399w, https:\/\/www.acotv.org\/wp-content\/uploads\/imatge5-6-300x211.png 300w\" sizes=\"(max-width: 399px) 100vw, 399px\" \/><figcaption><strong>Figura 4.<\/strong>Passos per col\u00b7locar una oclusi\u00f3 binasal<\/figcaption><\/figure>\n<p class=\"wp-block-paragraph\">El uso de la oclusi\u00f3n binasal resulta efectiva con combinaci\u00f3n de ejercicios de terapia visual para el tratamiento de endotrop\u00eda y la mejora de s\u00edntomas en casos de traumatismos craneoencef\u00e1licos. El material para su utilizaci\u00f3n es econ\u00f3mico, vers\u00e1til y la eficacia en el uso optom\u00e9trico lo sit\u00faa en una posici\u00f3n para tener en cuenta durante la terapia visual.<\/p>\n\n<p class=\"has-text-color wp-block-paragraph\" style=\"color:#008ad0\"><strong>Bibliograf\u00eda<\/strong><\/p>\n\n<p class=\"wp-block-paragraph\"><strong>Ciuffreda KJ, Yadav NK, Ludman DP<\/strong>. Effect of binasalocclusion (BNO) in the visual evokedpotential (VEP) in mildtraumaticbraininjury (mTBI).\u00a0<em>BrainInjury,<\/em>\u00a027(1), 2013.<\/p>\n\n<p class=\"wp-block-paragraph\"><strong>Gallop S<\/strong>. A variationonthe use of binasalocclussion, a case study.\u00a0<em>Journal of BehavioralOptometry,<\/em>\u00a09(2), 1998.<\/p>\n\n<p class=\"wp-block-paragraph\"><strong>Gallop S<\/strong>. BinasalOcclusion, immediatesustainablesymptmaticrelief.\u00a0\u00a0<em>Optometry&amp;Vision Performance,\u00a0<\/em>2(2), 2014.<\/p>\n\n<p class=\"wp-block-paragraph\"><strong>Kapoor N, Ciuffreda KJ<\/strong>. Visiondisturbancesfollowingtraumaticbraininjury. Current<em>TreatmentOptions in Neurology<\/em>2002;4:271-280.<\/p>\n\n<p class=\"wp-block-paragraph\"><strong>Padula WV, Argyris S, Ray J.<\/strong>\u00a0Visual evokedpotentials (VEP) evaluatingtreatmentfor post-trauma visionsyndrome (PTVS) in patientswithtraumaticbrain injuries (TBI).\u00a0<em>BrainInjury<\/em>1994;8:125-33.<\/p>\n\n<p class=\"wp-block-paragraph\"><strong>Proctor A<\/strong>. Traumaticbraininjury and binasalocclusion.\u00a0<em>Optometry&amp;VisionDevelopment<\/em>\u00a0,40(1), 2009.<\/p>\n\n<p class=\"wp-block-paragraph\"><strong>Sarniguet-Badoche J<\/strong>. Early Medical treatment of strabismusbeforetheage of 18 months.\u00a0<em>StrabismusII<\/em>.New York, 1984;83-89.<\/p>\n\n<p class=\"wp-block-paragraph\"><strong>Sarniguet-Badoche J<\/strong>. Le traitment Medical des pseudo-apresies des droitsexternes.Bull<em>Soc Opht France<\/em>, LXXXII:23-27.<\/p>\n\n<p class=\"wp-block-paragraph\"><strong>Tassinari JD<\/strong>. BinasalOcclusion.\u00a0<em>Journal of BehavioralOptometry<\/em>, 1(1), 1989.<\/p>\n\n<p class=\"wp-block-paragraph\"><strong>Yadav NK; Ciuffreda KJ<\/strong>. Effect of binasalocclusion and Base-in prismsonthe visual evokedpotential (VEP) in visually-normal and mildtraumaticbraininjurypopulations.\u00a0<em>InvestigativeOphthalmology&amp; Visual Science,<\/em>\u00a055(3498), 2014.<\/p>\n\n<p class=\"wp-block-paragraph\">Articulo elaborado por <strong>Marc Argil\u00e9s Sans<\/strong>&#13;\n<em>Diplomado en \u00d3ptica y Optometria&#13;\nM\u00e1ster en Optometria y Ci\u00e9ncias de la Visi\u00f3n\u00a0<\/em><\/p>\n\n<p class=\"wp-block-paragraph\"><\/p>\n","protected":false},"excerpt":{"rendered":"<p>La oclusi\u00f3n binasal es un tipo de oclusi\u00f3n sectorial utilizado para tratar problemas visuales. En este art\u00edc\u00falo el Marc Argil\u00e9s [&hellip;]<\/p>\n","protected":false},"author":2,"featured_media":4267,"comment_status":"open","ping_status":"open","sticky":false,"template":"","format":"standard","meta":{"ocean_front_end_style_editor":"no","ocean_post_layout":"","ocean_both_sidebars_style":"","ocean_both_sidebars_content_width":0,"ocean_both_sidebars_sidebars_width":0,"ocean_sidebar":"0","ocean_second_sidebar":"0","ocean_disable_margins":"enable","ocean_add_body_class":"","ocean_shortcode_before_top_bar":"","ocean_shortcode_after_top_bar":"","ocean_shortcode_before_header":"","ocean_shortcode_after_header":"","ocean_has_shortcode":"","ocean_shortcode_after_title":"","ocean_shortcode_before_footer_widgets":"","ocean_shortcode_after_footer_widgets":"","ocean_shortcode_before_footer_bottom":"","ocean_shortcode_after_footer_bottom":"","ocean_display_top_bar":"default","ocean_display_header":"default","ocean_header_style":"","ocean_center_header_left_menu":"0","ocean_custom_header_template":"0","ocean_custom_logo":0,"ocean_custom_retina_logo":0,"ocean_custom_logo_max_width":0,"ocean_custom_logo_tablet_max_width":0,"ocean_custom_logo_mobile_max_width":0,"ocean_custom_logo_max_height":0,"ocean_custom_logo_tablet_max_height":0,"ocean_custom_logo_mobile_max_height":0,"ocean_header_custom_menu":"0","ocean_menu_typo_font_family":"0","ocean_menu_typo_font_subset":"","ocean_menu_typo_font_size":0,"ocean_menu_typo_font_size_tablet":0,"ocean_menu_typo_font_size_mobile":0,"ocean_menu_typo_font_size_unit":"px","ocean_menu_typo_font_weight":"","ocean_menu_typo_font_weight_tablet":"","ocean_menu_typo_font_weight_mobile":"","ocean_menu_typo_transform":"","ocean_menu_typo_transform_tablet":"","ocean_menu_typo_transform_mobile":"","ocean_menu_typo_line_height":0,"ocean_menu_typo_line_height_tablet":0,"ocean_menu_typo_line_height_mobile":0,"ocean_menu_typo_line_height_unit":"","ocean_menu_typo_spacing":0,"ocean_menu_typo_spacing_tablet":0,"ocean_menu_typo_spacing_mobile":0,"ocean_menu_typo_spacing_unit":"","ocean_menu_link_color":"","ocean_menu_link_color_hover":"","ocean_menu_link_color_active":"","ocean_menu_link_background":"","ocean_menu_link_hover_background":"","ocean_menu_link_active_background":"","ocean_menu_social_links_bg":"","ocean_menu_social_hover_links_bg":"","ocean_menu_social_links_color":"","ocean_menu_social_hover_links_color":"","ocean_disable_title":"default","ocean_disable_heading":"default","ocean_post_title":"","ocean_post_subheading":"","ocean_post_title_style":"","ocean_post_title_background_color":"","ocean_post_title_background":0,"ocean_post_title_bg_image_position":"","ocean_post_title_bg_image_attachment":"","ocean_post_title_bg_image_repeat":"","ocean_post_title_bg_image_size":"","ocean_post_title_height":0,"ocean_post_title_bg_overlay":0.5,"ocean_post_title_bg_overlay_color":"","ocean_disable_breadcrumbs":"default","ocean_breadcrumbs_color":"","ocean_breadcrumbs_separator_color":"","ocean_breadcrumbs_links_color":"","ocean_breadcrumbs_links_hover_color":"","ocean_display_footer_widgets":"default","ocean_display_footer_bottom":"default","ocean_custom_footer_template":"0","ocean_post_oembed":"","ocean_post_self_hosted_media":"","ocean_post_video_embed":"","ocean_link_format":"","ocean_link_format_target":"self","ocean_quote_format":"","ocean_quote_format_link":"post","ocean_gallery_link_images":"on","ocean_gallery_id":[],"footnotes":""},"categories":[9],"tags":[60,61],"class_list":["post-4286","post","type-post","status-publish","format-standard","has-post-thumbnail","hentry","category-blog","tag-optometria","tag-terapiavisual","entry","has-media"],"yoast_head":"<!-- This site is optimized with the Yoast SEO plugin v28.4 - https:\/\/yoast.com\/product\/yoast-seo-wordpress\/ -->\n<title>LA OCLUSI\u00d3N BINASAL - Asociaci\u00f3n Catalana de Optometr\u00eda y Terapia Visual<\/title>\n<meta name=\"robots\" content=\"index, follow, max-snippet:-1, max-image-preview:large, max-video-preview:-1\" \/>\n<link rel=\"canonical\" href=\"https:\/\/www.acotv.org\/es\/la-oclusion-binasal\/\" \/>\n<meta property=\"og:locale\" content=\"es_ES\" \/>\n<meta property=\"og:type\" content=\"article\" \/>\n<meta property=\"og:title\" content=\"LA OCLUSI\u00d3N BINASAL - Asociaci\u00f3n Catalana de Optometr\u00eda y Terapia Visual\" \/>\n<meta property=\"og:description\" content=\"La oclusi\u00f3n binasal es un tipo de oclusi\u00f3n sectorial utilizado para tratar problemas visuales. En este art\u00edc\u00falo el Marc Argil\u00e9s [&hellip;]\" \/>\n<meta property=\"og:url\" content=\"https:\/\/www.acotv.org\/es\/la-oclusion-binasal\/\" \/>\n<meta property=\"og:site_name\" content=\"Asociaci\u00f3n Catalana de Optometr\u00eda y Terapia Visual\" \/>\n<meta property=\"article:published_time\" content=\"2022-04-24T20:23:27+00:00\" \/>\n<meta property=\"article:modified_time\" content=\"2022-04-24T20:25:16+00:00\" \/>\n<meta property=\"og:image\" content=\"https:\/\/www.acotv.org\/wp-content\/uploads\/imatge1-17.jpg\" \/>\n\t<meta property=\"og:image:width\" content=\"700\" \/>\n\t<meta property=\"og:image:height\" content=\"465\" \/>\n\t<meta property=\"og:image:type\" content=\"image\/jpeg\" \/>\n<meta name=\"author\" content=\"ACOTV\" \/>\n<meta name=\"twitter:card\" content=\"summary_large_image\" \/>\n<meta name=\"twitter:label1\" content=\"Escrito por\" \/>\n\t<meta name=\"twitter:data1\" content=\"ACOTV\" \/>\n\t<meta name=\"twitter:label2\" content=\"Tiempo de lectura\" \/>\n\t<meta name=\"twitter:data2\" content=\"5 minutos\" \/>\n<script type=\"application\/ld+json\" class=\"yoast-schema-graph\">{\"@context\":\"https:\\\/\\\/schema.org\",\"@graph\":[{\"@type\":\"Article\",\"@id\":\"https:\\\/\\\/www.acotv.org\\\/es\\\/la-oclusion-binasal\\\/#article\",\"isPartOf\":{\"@id\":\"https:\\\/\\\/www.acotv.org\\\/es\\\/la-oclusion-binasal\\\/\"},\"author\":{\"name\":\"ACOTV\",\"@id\":\"https:\\\/\\\/www.acotv.org\\\/ca\\\/#\\\/schema\\\/person\\\/0de470fec1dbf9785a7343042d765744\"},\"headline\":\"LA OCLUSI\u00d3N BINASAL\",\"datePublished\":\"2022-04-24T20:23:27+00:00\",\"dateModified\":\"2022-04-24T20:25:16+00:00\",\"mainEntityOfPage\":{\"@id\":\"https:\\\/\\\/www.acotv.org\\\/es\\\/la-oclusion-binasal\\\/\"},\"wordCount\":1060,\"commentCount\":0,\"image\":{\"@id\":\"https:\\\/\\\/www.acotv.org\\\/es\\\/la-oclusion-binasal\\\/#primaryimage\"},\"thumbnailUrl\":\"https:\\\/\\\/www.acotv.org\\\/wp-content\\\/uploads\\\/imatge1-17.jpg\",\"keywords\":[\"Optometria\",\"TerapiaVisual\"],\"articleSection\":[\"Blog\"],\"inLanguage\":\"es\",\"potentialAction\":[{\"@type\":\"CommentAction\",\"name\":\"Comment\",\"target\":[\"https:\\\/\\\/www.acotv.org\\\/es\\\/la-oclusion-binasal\\\/#respond\"]}]},{\"@type\":\"WebPage\",\"@id\":\"https:\\\/\\\/www.acotv.org\\\/es\\\/la-oclusion-binasal\\\/\",\"url\":\"https:\\\/\\\/www.acotv.org\\\/es\\\/la-oclusion-binasal\\\/\",\"name\":\"LA OCLUSI\u00d3N BINASAL - Asociaci\u00f3n Catalana de Optometr\u00eda y Terapia Visual\",\"isPartOf\":{\"@id\":\"https:\\\/\\\/www.acotv.org\\\/ca\\\/#website\"},\"primaryImageOfPage\":{\"@id\":\"https:\\\/\\\/www.acotv.org\\\/es\\\/la-oclusion-binasal\\\/#primaryimage\"},\"image\":{\"@id\":\"https:\\\/\\\/www.acotv.org\\\/es\\\/la-oclusion-binasal\\\/#primaryimage\"},\"thumbnailUrl\":\"https:\\\/\\\/www.acotv.org\\\/wp-content\\\/uploads\\\/imatge1-17.jpg\",\"datePublished\":\"2022-04-24T20:23:27+00:00\",\"dateModified\":\"2022-04-24T20:25:16+00:00\",\"author\":{\"@id\":\"https:\\\/\\\/www.acotv.org\\\/ca\\\/#\\\/schema\\\/person\\\/0de470fec1dbf9785a7343042d765744\"},\"breadcrumb\":{\"@id\":\"https:\\\/\\\/www.acotv.org\\\/es\\\/la-oclusion-binasal\\\/#breadcrumb\"},\"inLanguage\":\"es\",\"potentialAction\":[{\"@type\":\"ReadAction\",\"target\":[\"https:\\\/\\\/www.acotv.org\\\/es\\\/la-oclusion-binasal\\\/\"]}]},{\"@type\":\"ImageObject\",\"inLanguage\":\"es\",\"@id\":\"https:\\\/\\\/www.acotv.org\\\/es\\\/la-oclusion-binasal\\\/#primaryimage\",\"url\":\"https:\\\/\\\/www.acotv.org\\\/wp-content\\\/uploads\\\/imatge1-17.jpg\",\"contentUrl\":\"https:\\\/\\\/www.acotv.org\\\/wp-content\\\/uploads\\\/imatge1-17.jpg\",\"width\":700,\"height\":465},{\"@type\":\"BreadcrumbList\",\"@id\":\"https:\\\/\\\/www.acotv.org\\\/es\\\/la-oclusion-binasal\\\/#breadcrumb\",\"itemListElement\":[{\"@type\":\"ListItem\",\"position\":1,\"name\":\"Portada\",\"item\":\"https:\\\/\\\/www.acotv.org\\\/es\\\/\"},{\"@type\":\"ListItem\",\"position\":2,\"name\":\"LA OCLUSI\u00d3N BINASAL\"}]},{\"@type\":\"WebSite\",\"@id\":\"https:\\\/\\\/www.acotv.org\\\/ca\\\/#website\",\"url\":\"https:\\\/\\\/www.acotv.org\\\/ca\\\/\",\"name\":\"Asociaci\u00f3n Catalana de Optometr\u00eda y Terapia Visual\",\"description\":\"\",\"potentialAction\":[{\"@type\":\"SearchAction\",\"target\":{\"@type\":\"EntryPoint\",\"urlTemplate\":\"https:\\\/\\\/www.acotv.org\\\/ca\\\/?s={search_term_string}\"},\"query-input\":{\"@type\":\"PropertyValueSpecification\",\"valueRequired\":true,\"valueName\":\"search_term_string\"}}],\"inLanguage\":\"es\"},{\"@type\":\"Person\",\"@id\":\"https:\\\/\\\/www.acotv.org\\\/ca\\\/#\\\/schema\\\/person\\\/0de470fec1dbf9785a7343042d765744\",\"name\":\"ACOTV\",\"image\":{\"@type\":\"ImageObject\",\"inLanguage\":\"es\",\"@id\":\"https:\\\/\\\/www.acotv.org\\\/wp-content\\\/uploads\\\/Logo-petit-150x150.jpg\",\"url\":\"https:\\\/\\\/www.acotv.org\\\/wp-content\\\/uploads\\\/Logo-petit-150x150.jpg\",\"contentUrl\":\"https:\\\/\\\/www.acotv.org\\\/wp-content\\\/uploads\\\/Logo-petit-150x150.jpg\",\"caption\":\"ACOTV\"},\"url\":\"https:\\\/\\\/www.acotv.org\\\/es\\\/author\\\/acotv\\\/\"}]}<\/script>\n<!-- \/ Yoast SEO plugin. -->","yoast_head_json":{"title":"LA OCLUSI\u00d3N BINASAL - Asociaci\u00f3n Catalana de Optometr\u00eda y Terapia Visual","robots":{"index":"index","follow":"follow","max-snippet":"max-snippet:-1","max-image-preview":"max-image-preview:large","max-video-preview":"max-video-preview:-1"},"canonical":"https:\/\/www.acotv.org\/es\/la-oclusion-binasal\/","og_locale":"es_ES","og_type":"article","og_title":"LA OCLUSI\u00d3N BINASAL - Asociaci\u00f3n Catalana de Optometr\u00eda y Terapia Visual","og_description":"La oclusi\u00f3n binasal es un tipo de oclusi\u00f3n sectorial utilizado para tratar problemas visuales. En este art\u00edc\u00falo el Marc Argil\u00e9s [&hellip;]","og_url":"https:\/\/www.acotv.org\/es\/la-oclusion-binasal\/","og_site_name":"Asociaci\u00f3n Catalana de Optometr\u00eda y Terapia Visual","article_published_time":"2022-04-24T20:23:27+00:00","article_modified_time":"2022-04-24T20:25:16+00:00","og_image":[{"width":700,"height":465,"url":"https:\/\/www.acotv.org\/wp-content\/uploads\/imatge1-17.jpg","type":"image\/jpeg"}],"author":"ACOTV","twitter_card":"summary_large_image","twitter_misc":{"Escrito por":"ACOTV","Tiempo de lectura":"5 minutos"},"schema":{"@context":"https:\/\/schema.org","@graph":[{"@type":"Article","@id":"https:\/\/www.acotv.org\/es\/la-oclusion-binasal\/#article","isPartOf":{"@id":"https:\/\/www.acotv.org\/es\/la-oclusion-binasal\/"},"author":{"name":"ACOTV","@id":"https:\/\/www.acotv.org\/ca\/#\/schema\/person\/0de470fec1dbf9785a7343042d765744"},"headline":"LA OCLUSI\u00d3N BINASAL","datePublished":"2022-04-24T20:23:27+00:00","dateModified":"2022-04-24T20:25:16+00:00","mainEntityOfPage":{"@id":"https:\/\/www.acotv.org\/es\/la-oclusion-binasal\/"},"wordCount":1060,"commentCount":0,"image":{"@id":"https:\/\/www.acotv.org\/es\/la-oclusion-binasal\/#primaryimage"},"thumbnailUrl":"https:\/\/www.acotv.org\/wp-content\/uploads\/imatge1-17.jpg","keywords":["Optometria","TerapiaVisual"],"articleSection":["Blog"],"inLanguage":"es","potentialAction":[{"@type":"CommentAction","name":"Comment","target":["https:\/\/www.acotv.org\/es\/la-oclusion-binasal\/#respond"]}]},{"@type":"WebPage","@id":"https:\/\/www.acotv.org\/es\/la-oclusion-binasal\/","url":"https:\/\/www.acotv.org\/es\/la-oclusion-binasal\/","name":"LA OCLUSI\u00d3N BINASAL - Asociaci\u00f3n Catalana de Optometr\u00eda y Terapia Visual","isPartOf":{"@id":"https:\/\/www.acotv.org\/ca\/#website"},"primaryImageOfPage":{"@id":"https:\/\/www.acotv.org\/es\/la-oclusion-binasal\/#primaryimage"},"image":{"@id":"https:\/\/www.acotv.org\/es\/la-oclusion-binasal\/#primaryimage"},"thumbnailUrl":"https:\/\/www.acotv.org\/wp-content\/uploads\/imatge1-17.jpg","datePublished":"2022-04-24T20:23:27+00:00","dateModified":"2022-04-24T20:25:16+00:00","author":{"@id":"https:\/\/www.acotv.org\/ca\/#\/schema\/person\/0de470fec1dbf9785a7343042d765744"},"breadcrumb":{"@id":"https:\/\/www.acotv.org\/es\/la-oclusion-binasal\/#breadcrumb"},"inLanguage":"es","potentialAction":[{"@type":"ReadAction","target":["https:\/\/www.acotv.org\/es\/la-oclusion-binasal\/"]}]},{"@type":"ImageObject","inLanguage":"es","@id":"https:\/\/www.acotv.org\/es\/la-oclusion-binasal\/#primaryimage","url":"https:\/\/www.acotv.org\/wp-content\/uploads\/imatge1-17.jpg","contentUrl":"https:\/\/www.acotv.org\/wp-content\/uploads\/imatge1-17.jpg","width":700,"height":465},{"@type":"BreadcrumbList","@id":"https:\/\/www.acotv.org\/es\/la-oclusion-binasal\/#breadcrumb","itemListElement":[{"@type":"ListItem","position":1,"name":"Portada","item":"https:\/\/www.acotv.org\/es\/"},{"@type":"ListItem","position":2,"name":"LA OCLUSI\u00d3N BINASAL"}]},{"@type":"WebSite","@id":"https:\/\/www.acotv.org\/ca\/#website","url":"https:\/\/www.acotv.org\/ca\/","name":"Asociaci\u00f3n Catalana de Optometr\u00eda y Terapia Visual","description":"","potentialAction":[{"@type":"SearchAction","target":{"@type":"EntryPoint","urlTemplate":"https:\/\/www.acotv.org\/ca\/?s={search_term_string}"},"query-input":{"@type":"PropertyValueSpecification","valueRequired":true,"valueName":"search_term_string"}}],"inLanguage":"es"},{"@type":"Person","@id":"https:\/\/www.acotv.org\/ca\/#\/schema\/person\/0de470fec1dbf9785a7343042d765744","name":"ACOTV","image":{"@type":"ImageObject","inLanguage":"es","@id":"https:\/\/www.acotv.org\/wp-content\/uploads\/Logo-petit-150x150.jpg","url":"https:\/\/www.acotv.org\/wp-content\/uploads\/Logo-petit-150x150.jpg","contentUrl":"https:\/\/www.acotv.org\/wp-content\/uploads\/Logo-petit-150x150.jpg","caption":"ACOTV"},"url":"https:\/\/www.acotv.org\/es\/author\/acotv\/"}]}},"_links":{"self":[{"href":"https:\/\/www.acotv.org\/es\/wp-json\/wp\/v2\/posts\/4286","targetHints":{"allow":["GET"]}}],"collection":[{"href":"https:\/\/www.acotv.org\/es\/wp-json\/wp\/v2\/posts"}],"about":[{"href":"https:\/\/www.acotv.org\/es\/wp-json\/wp\/v2\/types\/post"}],"author":[{"embeddable":true,"href":"https:\/\/www.acotv.org\/es\/wp-json\/wp\/v2\/users\/2"}],"replies":[{"embeddable":true,"href":"https:\/\/www.acotv.org\/es\/wp-json\/wp\/v2\/comments?post=4286"}],"version-history":[{"count":2,"href":"https:\/\/www.acotv.org\/es\/wp-json\/wp\/v2\/posts\/4286\/revisions"}],"predecessor-version":[{"id":4289,"href":"https:\/\/www.acotv.org\/es\/wp-json\/wp\/v2\/posts\/4286\/revisions\/4289"}],"wp:featuredmedia":[{"embeddable":true,"href":"https:\/\/www.acotv.org\/es\/wp-json\/wp\/v2\/media\/4267"}],"wp:attachment":[{"href":"https:\/\/www.acotv.org\/es\/wp-json\/wp\/v2\/media?parent=4286"}],"wp:term":[{"taxonomy":"category","embeddable":true,"href":"https:\/\/www.acotv.org\/es\/wp-json\/wp\/v2\/categories?post=4286"},{"taxonomy":"post_tag","embeddable":true,"href":"https:\/\/www.acotv.org\/es\/wp-json\/wp\/v2\/tags?post=4286"}],"curies":[{"name":"wp","href":"https:\/\/api.w.org\/{rel}","templated":true}]}}