{"id":4261,"date":"2022-04-24T21:55:40","date_gmt":"2022-04-24T19:55:40","guid":{"rendered":"https:\/\/www.acotv.org\/evaluacion-de-las-habilidades-de-percepcion-visual-en-la-etapa-de-aprendizaje-al-leer\/"},"modified":"2022-04-24T21:55:40","modified_gmt":"2022-04-24T19:55:40","slug":"evaluacion-de-las-habilidades-de-percepcion-visual-en-la-etapa-de-aprendizaje-al-leer","status":"publish","type":"post","link":"https:\/\/www.acotv.org\/es\/evaluacion-de-las-habilidades-de-percepcion-visual-en-la-etapa-de-aprendizaje-al-leer\/","title":{"rendered":"EVALUACI\u00d3N DE LAS HABILIDADES DE PERCEPCI\u00d3N VISUAL EN LA ETAPA DE APRENDIZAJE AL LEER"},"content":{"rendered":"\n<p class=\"has-medium-font-size wp-block-paragraph\"><div class=\"itemIntroText\">&#13;\n&#13;\nEn este<strong>\u00a0Trabajo Final de Grado\u00a0<\/strong>realizado por\u00a0<strong>Anna Mestre Casanova\u00a0<\/strong>en<strong>\u00a0<\/strong>junio del 2014 y dirigido por la profesora de la Facultad de \u00d3ptica y Optometria de Terrassa, Montserrat Aug\u00e9 Serra. Se pretende determinar si una alteraci\u00f3n en la percepci\u00f3n visual puede estar relacionada directamente con la lectura. Tambi\u00e9n se efect\u00faa un estudio de la prevalencia de los problemas de percepci\u00f3n visual en la poblaci\u00f3n de 1\u00ba y 2\u00ba de Primaria.&#13;\n&#13;\n<\/div><\/p>\n\n<p class=\"has-text-color wp-block-paragraph\" style=\"color:#008ad0\"><strong>Objectivo<\/strong><\/p>\n\n<p class=\"wp-block-paragraph\">Determinar si una alteraci\u00f3n en la percepci\u00f3n visual puede estar relacionada directamente con la lectura. Tambi\u00e9n se efect\u00faa un estudio de la prevalencia de los problemas de percepci\u00f3n visual en la poblaci\u00f3n de 1\u00ba y 2\u00ba de Primaria.<\/p>\n\n<p class=\"has-text-color wp-block-paragraph\" style=\"color:#008ad0\"><strong>M\u00e9todos<\/strong><\/p>\n\n<p class=\"wp-block-paragraph\">Se ha tomado una muestra de 154 estudiantes de 1\u00bay 2\u00ba curso de Primaria en tres escuelas de Sabadell, Terrassa y Rub\u00ed. Se evalu\u00f3 la percepci\u00f3n visual con 4 de les 7 subpruebas del test TVPS (discriminaci\u00f3n visual, memoria visual, relaci\u00f3n espacial ycierre visual), las habilidades visomotoras y oculomotoras con el test DEM y el tiempo de velocidad lectora con el test TALEC. Tambi\u00e9n se evalu\u00f3 si hab\u00eda correlaci\u00f3n entre una amplitud de acomodaci\u00f3n reducida y los resultados de la prueba de percepci\u00f3n visual TVPS y si hab\u00eda diferencias significativas en la prevalencia de problemas perceptivos seg\u00fan el sexo.<\/p>\n\n<p class=\"has-text-color wp-block-paragraph\" style=\"color:#008ad0\"><strong>Resultados<\/strong><\/p>\n\n<p class=\"wp-block-paragraph\">Los resultados obtenidos muestran que la prevalencia de los problemas perceptivoses mayor en los ni\u00f1os y ni\u00f1as de 1\u00ba de Primaria,que cuando se eval\u00faa la muestra desglosada en 1\u00bay 2\u00ba de Primaria existe una correlaci\u00f3n significativa entre el test DEM y el test TALEC, adem\u00e1s cuando se analiza la muestra globalmente, se determina una correlaci\u00f3n entre las habilidades viso-perceptivas de Discriminaci\u00f3nVisual y Relaci\u00f3n Espacial, y el DEM.<\/p>\n\n<p class=\"has-text-color wp-block-paragraph\" style=\"color:#008ad0\"><strong>Conclusi\u00f3n<\/strong><\/p>\n\n<p class=\"wp-block-paragraph\">La prevalencia de problemas de percepci\u00f3n visual en este estudioes del 35,10% (que significa que 1 de cada 3 o ni\u00f1os o ni\u00f1as presentan problemas de percepci\u00f3n visual), que a 1\u00ba de Primaria, la Discriminaci\u00f3n Visual (con un percentil del 13,50%) y a 2\u00ba de Primaria, la Memoria Visual (con un percentil del 13,50%). La Relaci\u00f3n Espacial es la que presenta menor prevalencia siempre (10,39% a 1\u00ba de Primaria, 2,70% a 2\u00ba de Primaria y 6,62% a la muestra total). La prevalencia de problemas perceptivos es mayor en los alumnos de 1\u00ba de Primaria (50,65% respecto al 18,92% en los alumnos de 2\u00ba de Primaria. A 1\u00ba de Primaria se observa una velocidad de lectura mucho m\u00e1s reducida tanto en el tiempo de las Componentes Vertical y Horizontal del DEM como en el tiempo de velocidad lectora del TALEC.<\/p>\n\n<p class=\"wp-block-paragraph\">Tambi\u00e9n que los ni\u00f1os\/as que presentan problemas de reconocimiento en el test DEM (tipolog\u00eda III y IV) presentaran tambi\u00e9n percentiles m\u00e1s bajos en estas dos subpruebas del test TVPSy que las habilidades viso-perceptivasy acomodativas no est\u00e1n correlacionadas en ninguna situaci\u00f3n estudiada. <\/p>\n\n<p class=\"wp-block-paragraph\"><strong>Leer el Documento completo:<\/strong><\/p>\n\n<div class=\"wp-block-file\"><a id=\"wp-block-file--media-91500f5e-edf4-48b9-b0b3-e8f7afd7ede2\" href=\"https:\/\/www.acotv.org\/wp-content\/uploads\/TFG-A.-Mestre.pdf\">TFG-A.-Mestre<\/a><a href=\"https:\/\/www.acotv.org\/wp-content\/uploads\/TFG-A.-Mestre.pdf\" class=\"wp-block-file__button\" download=\"\" aria-describedby=\"wp-block-file--media-91500f5e-edf4-48b9-b0b3-e8f7afd7ede2\">Descarga<\/a><\/div>\n\n<p class=\"wp-block-paragraph\"><\/p>\n\n<p class=\"wp-block-paragraph\">Presentaci\u00f3n elaborada por\u00a0<strong>Rocio Villena Requena<\/strong>&#13;\n<em>Diplomada en \u00d3ptica y Optometria&#13;\n<\/em><em>Miembro de la ACOTV<\/em><\/p>\n","protected":false},"excerpt":{"rendered":"<p>&#13; &#13; En este\u00a0Trabajo Final de Grado\u00a0realizado por\u00a0Anna Mestre Casanova\u00a0en\u00a0junio del 2014 y dirigido por la profesora de la Facultad [&hellip;]<\/p>\n","protected":false},"author":2,"featured_media":4256,"comment_status":"open","ping_status":"open","sticky":false,"template":"","format":"standard","meta":{"ocean_front_end_style_editor":"no","ocean_post_layout":"","ocean_both_sidebars_style":"","ocean_both_sidebars_content_width":0,"ocean_both_sidebars_sidebars_width":0,"ocean_sidebar":"0","ocean_second_sidebar":"0","ocean_disable_margins":"enable","ocean_add_body_class":"","ocean_shortcode_before_top_bar":"","ocean_shortcode_after_top_bar":"","ocean_shortcode_before_header":"","ocean_shortcode_after_header":"","ocean_has_shortcode":"","ocean_shortcode_after_title":"","ocean_shortcode_before_footer_widgets":"","ocean_shortcode_after_footer_widgets":"","ocean_shortcode_before_footer_bottom":"","ocean_shortcode_after_footer_bottom":"","ocean_display_top_bar":"default","ocean_display_header":"default","ocean_header_style":"","ocean_center_header_left_menu":"0","ocean_custom_header_template":"0","ocean_custom_logo":0,"ocean_custom_retina_logo":0,"ocean_custom_logo_max_width":0,"ocean_custom_logo_tablet_max_width":0,"ocean_custom_logo_mobile_max_width":0,"ocean_custom_logo_max_height":0,"ocean_custom_logo_tablet_max_height":0,"ocean_custom_logo_mobile_max_height":0,"ocean_header_custom_menu":"0","ocean_menu_typo_font_family":"0","ocean_menu_typo_font_subset":"","ocean_menu_typo_font_size":0,"ocean_menu_typo_font_size_tablet":0,"ocean_menu_typo_font_size_mobile":0,"ocean_menu_typo_font_size_unit":"px","ocean_menu_typo_font_weight":"","ocean_menu_typo_font_weight_tablet":"","ocean_menu_typo_font_weight_mobile":"","ocean_menu_typo_transform":"","ocean_menu_typo_transform_tablet":"","ocean_menu_typo_transform_mobile":"","ocean_menu_typo_line_height":0,"ocean_menu_typo_line_height_tablet":0,"ocean_menu_typo_line_height_mobile":0,"ocean_menu_typo_line_height_unit":"","ocean_menu_typo_spacing":0,"ocean_menu_typo_spacing_tablet":0,"ocean_menu_typo_spacing_mobile":0,"ocean_menu_typo_spacing_unit":"","ocean_menu_link_color":"","ocean_menu_link_color_hover":"","ocean_menu_link_color_active":"","ocean_menu_link_background":"","ocean_menu_link_hover_background":"","ocean_menu_link_active_background":"","ocean_menu_social_links_bg":"","ocean_menu_social_hover_links_bg":"","ocean_menu_social_links_color":"","ocean_menu_social_hover_links_color":"","ocean_disable_title":"default","ocean_disable_heading":"default","ocean_post_title":"","ocean_post_subheading":"","ocean_post_title_style":"","ocean_post_title_background_color":"","ocean_post_title_background":0,"ocean_post_title_bg_image_position":"","ocean_post_title_bg_image_attachment":"","ocean_post_title_bg_image_repeat":"","ocean_post_title_bg_image_size":"","ocean_post_title_height":0,"ocean_post_title_bg_overlay":0.5,"ocean_post_title_bg_overlay_color":"","ocean_disable_breadcrumbs":"default","ocean_breadcrumbs_color":"","ocean_breadcrumbs_separator_color":"","ocean_breadcrumbs_links_color":"","ocean_breadcrumbs_links_hover_color":"","ocean_display_footer_widgets":"default","ocean_display_footer_bottom":"default","ocean_custom_footer_template":"0","ocean_post_oembed":"","ocean_post_self_hosted_media":"","ocean_post_video_embed":"","ocean_link_format":"","ocean_link_format_target":"self","ocean_quote_format":"","ocean_quote_format_link":"post","ocean_gallery_link_images":"on","ocean_gallery_id":[],"footnotes":""},"categories":[9],"tags":[60,57,61],"class_list":["post-4261","post","type-post","status-publish","format-standard","has-post-thumbnail","hentry","category-blog","tag-optometria","tag-problemasdeaprendizaje","tag-terapiavisual","entry","has-media"],"yoast_head":"<!-- This site is optimized with the Yoast SEO plugin v28.4 - https:\/\/yoast.com\/product\/yoast-seo-wordpress\/ -->\n<title>EVALUACI\u00d3N DE LAS HABILIDADES DE PERCEPCI\u00d3N VISUAL EN LA ETAPA DE APRENDIZAJE AL LEER - Asociaci\u00f3n Catalana de Optometr\u00eda y Terapia Visual<\/title>\n<meta name=\"robots\" content=\"index, follow, max-snippet:-1, max-image-preview:large, max-video-preview:-1\" \/>\n<link rel=\"canonical\" href=\"https:\/\/www.acotv.org\/es\/evaluacion-de-las-habilidades-de-percepcion-visual-en-la-etapa-de-aprendizaje-al-leer\/\" \/>\n<meta property=\"og:locale\" content=\"es_ES\" \/>\n<meta property=\"og:type\" content=\"article\" \/>\n<meta property=\"og:title\" content=\"EVALUACI\u00d3N DE LAS HABILIDADES DE PERCEPCI\u00d3N VISUAL EN LA ETAPA DE APRENDIZAJE AL LEER - Asociaci\u00f3n Catalana de Optometr\u00eda y Terapia Visual\" \/>\n<meta property=\"og:description\" content=\"&#013; &#013; En este\u00a0Trabajo Final de Grado\u00a0realizado por\u00a0Anna Mestre Casanova\u00a0en\u00a0junio del 2014 y dirigido por la profesora de la Facultad [&hellip;]\" \/>\n<meta property=\"og:url\" content=\"https:\/\/www.acotv.org\/es\/evaluacion-de-las-habilidades-de-percepcion-visual-en-la-etapa-de-aprendizaje-al-leer\/\" \/>\n<meta property=\"og:site_name\" content=\"Asociaci\u00f3n Catalana de Optometr\u00eda y Terapia Visual\" \/>\n<meta property=\"article:published_time\" content=\"2022-04-24T19:55:40+00:00\" \/>\n<meta property=\"og:image\" content=\"https:\/\/www.acotv.org\/wp-content\/uploads\/imatge5-7.jpg\" \/>\n\t<meta property=\"og:image:width\" content=\"700\" \/>\n\t<meta property=\"og:image:height\" content=\"463\" \/>\n\t<meta property=\"og:image:type\" content=\"image\/jpeg\" \/>\n<meta name=\"author\" content=\"ACOTV\" \/>\n<meta name=\"twitter:card\" content=\"summary_large_image\" \/>\n<meta name=\"twitter:label1\" content=\"Escrito por\" \/>\n\t<meta name=\"twitter:data1\" content=\"ACOTV\" \/>\n\t<meta name=\"twitter:label2\" content=\"Tiempo de lectura\" \/>\n\t<meta name=\"twitter:data2\" content=\"3 minutos\" \/>\n<script type=\"application\/ld+json\" class=\"yoast-schema-graph\">{\"@context\":\"https:\\\/\\\/schema.org\",\"@graph\":[{\"@type\":\"Article\",\"@id\":\"https:\\\/\\\/www.acotv.org\\\/es\\\/evaluacion-de-las-habilidades-de-percepcion-visual-en-la-etapa-de-aprendizaje-al-leer\\\/#article\",\"isPartOf\":{\"@id\":\"https:\\\/\\\/www.acotv.org\\\/es\\\/evaluacion-de-las-habilidades-de-percepcion-visual-en-la-etapa-de-aprendizaje-al-leer\\\/\"},\"author\":{\"name\":\"ACOTV\",\"@id\":\"https:\\\/\\\/www.acotv.org\\\/ca\\\/#\\\/schema\\\/person\\\/0de470fec1dbf9785a7343042d765744\"},\"headline\":\"EVALUACI\u00d3N DE LAS HABILIDADES DE PERCEPCI\u00d3N VISUAL EN LA ETAPA DE APRENDIZAJE AL LEER\",\"datePublished\":\"2022-04-24T19:55:40+00:00\",\"mainEntityOfPage\":{\"@id\":\"https:\\\/\\\/www.acotv.org\\\/es\\\/evaluacion-de-las-habilidades-de-percepcion-visual-en-la-etapa-de-aprendizaje-al-leer\\\/\"},\"wordCount\":519,\"commentCount\":0,\"image\":{\"@id\":\"https:\\\/\\\/www.acotv.org\\\/es\\\/evaluacion-de-las-habilidades-de-percepcion-visual-en-la-etapa-de-aprendizaje-al-leer\\\/#primaryimage\"},\"thumbnailUrl\":\"https:\\\/\\\/www.acotv.org\\\/wp-content\\\/uploads\\\/imatge5-7.jpg\",\"keywords\":[\"Optometria\",\"problemasdeaprendizaje\",\"TerapiaVisual\"],\"articleSection\":[\"Blog\"],\"inLanguage\":\"es\",\"potentialAction\":[{\"@type\":\"CommentAction\",\"name\":\"Comment\",\"target\":[\"https:\\\/\\\/www.acotv.org\\\/es\\\/evaluacion-de-las-habilidades-de-percepcion-visual-en-la-etapa-de-aprendizaje-al-leer\\\/#respond\"]}]},{\"@type\":\"WebPage\",\"@id\":\"https:\\\/\\\/www.acotv.org\\\/es\\\/evaluacion-de-las-habilidades-de-percepcion-visual-en-la-etapa-de-aprendizaje-al-leer\\\/\",\"url\":\"https:\\\/\\\/www.acotv.org\\\/es\\\/evaluacion-de-las-habilidades-de-percepcion-visual-en-la-etapa-de-aprendizaje-al-leer\\\/\",\"name\":\"EVALUACI\u00d3N DE LAS HABILIDADES DE PERCEPCI\u00d3N VISUAL EN LA ETAPA DE APRENDIZAJE AL LEER - Asociaci\u00f3n Catalana de Optometr\u00eda y Terapia Visual\",\"isPartOf\":{\"@id\":\"https:\\\/\\\/www.acotv.org\\\/ca\\\/#website\"},\"primaryImageOfPage\":{\"@id\":\"https:\\\/\\\/www.acotv.org\\\/es\\\/evaluacion-de-las-habilidades-de-percepcion-visual-en-la-etapa-de-aprendizaje-al-leer\\\/#primaryimage\"},\"image\":{\"@id\":\"https:\\\/\\\/www.acotv.org\\\/es\\\/evaluacion-de-las-habilidades-de-percepcion-visual-en-la-etapa-de-aprendizaje-al-leer\\\/#primaryimage\"},\"thumbnailUrl\":\"https:\\\/\\\/www.acotv.org\\\/wp-content\\\/uploads\\\/imatge5-7.jpg\",\"datePublished\":\"2022-04-24T19:55:40+00:00\",\"author\":{\"@id\":\"https:\\\/\\\/www.acotv.org\\\/ca\\\/#\\\/schema\\\/person\\\/0de470fec1dbf9785a7343042d765744\"},\"breadcrumb\":{\"@id\":\"https:\\\/\\\/www.acotv.org\\\/es\\\/evaluacion-de-las-habilidades-de-percepcion-visual-en-la-etapa-de-aprendizaje-al-leer\\\/#breadcrumb\"},\"inLanguage\":\"es\",\"potentialAction\":[{\"@type\":\"ReadAction\",\"target\":[\"https:\\\/\\\/www.acotv.org\\\/es\\\/evaluacion-de-las-habilidades-de-percepcion-visual-en-la-etapa-de-aprendizaje-al-leer\\\/\"]}]},{\"@type\":\"ImageObject\",\"inLanguage\":\"es\",\"@id\":\"https:\\\/\\\/www.acotv.org\\\/es\\\/evaluacion-de-las-habilidades-de-percepcion-visual-en-la-etapa-de-aprendizaje-al-leer\\\/#primaryimage\",\"url\":\"https:\\\/\\\/www.acotv.org\\\/wp-content\\\/uploads\\\/imatge5-7.jpg\",\"contentUrl\":\"https:\\\/\\\/www.acotv.org\\\/wp-content\\\/uploads\\\/imatge5-7.jpg\",\"width\":700,\"height\":463},{\"@type\":\"BreadcrumbList\",\"@id\":\"https:\\\/\\\/www.acotv.org\\\/es\\\/evaluacion-de-las-habilidades-de-percepcion-visual-en-la-etapa-de-aprendizaje-al-leer\\\/#breadcrumb\",\"itemListElement\":[{\"@type\":\"ListItem\",\"position\":1,\"name\":\"Portada\",\"item\":\"https:\\\/\\\/www.acotv.org\\\/es\\\/\"},{\"@type\":\"ListItem\",\"position\":2,\"name\":\"EVALUACI\u00d3N DE LAS HABILIDADES DE PERCEPCI\u00d3N VISUAL EN LA ETAPA DE APRENDIZAJE AL LEER\"}]},{\"@type\":\"WebSite\",\"@id\":\"https:\\\/\\\/www.acotv.org\\\/ca\\\/#website\",\"url\":\"https:\\\/\\\/www.acotv.org\\\/ca\\\/\",\"name\":\"Asociaci\u00f3n Catalana de Optometr\u00eda y Terapia Visual\",\"description\":\"\",\"potentialAction\":[{\"@type\":\"SearchAction\",\"target\":{\"@type\":\"EntryPoint\",\"urlTemplate\":\"https:\\\/\\\/www.acotv.org\\\/ca\\\/?s={search_term_string}\"},\"query-input\":{\"@type\":\"PropertyValueSpecification\",\"valueRequired\":true,\"valueName\":\"search_term_string\"}}],\"inLanguage\":\"es\"},{\"@type\":\"Person\",\"@id\":\"https:\\\/\\\/www.acotv.org\\\/ca\\\/#\\\/schema\\\/person\\\/0de470fec1dbf9785a7343042d765744\",\"name\":\"ACOTV\",\"image\":{\"@type\":\"ImageObject\",\"inLanguage\":\"es\",\"@id\":\"https:\\\/\\\/www.acotv.org\\\/wp-content\\\/uploads\\\/Logo-petit-150x150.jpg\",\"url\":\"https:\\\/\\\/www.acotv.org\\\/wp-content\\\/uploads\\\/Logo-petit-150x150.jpg\",\"contentUrl\":\"https:\\\/\\\/www.acotv.org\\\/wp-content\\\/uploads\\\/Logo-petit-150x150.jpg\",\"caption\":\"ACOTV\"},\"url\":\"https:\\\/\\\/www.acotv.org\\\/es\\\/author\\\/acotv\\\/\"}]}<\/script>\n<!-- \/ Yoast SEO plugin. -->","yoast_head_json":{"title":"EVALUACI\u00d3N DE LAS HABILIDADES DE PERCEPCI\u00d3N VISUAL EN LA ETAPA DE APRENDIZAJE AL LEER - Asociaci\u00f3n Catalana de Optometr\u00eda y Terapia Visual","robots":{"index":"index","follow":"follow","max-snippet":"max-snippet:-1","max-image-preview":"max-image-preview:large","max-video-preview":"max-video-preview:-1"},"canonical":"https:\/\/www.acotv.org\/es\/evaluacion-de-las-habilidades-de-percepcion-visual-en-la-etapa-de-aprendizaje-al-leer\/","og_locale":"es_ES","og_type":"article","og_title":"EVALUACI\u00d3N DE LAS HABILIDADES DE PERCEPCI\u00d3N VISUAL EN LA ETAPA DE APRENDIZAJE AL LEER - Asociaci\u00f3n Catalana de Optometr\u00eda y Terapia Visual","og_description":"&#13; &#13; En este\u00a0Trabajo Final de Grado\u00a0realizado por\u00a0Anna Mestre Casanova\u00a0en\u00a0junio del 2014 y dirigido por la profesora de la Facultad [&hellip;]","og_url":"https:\/\/www.acotv.org\/es\/evaluacion-de-las-habilidades-de-percepcion-visual-en-la-etapa-de-aprendizaje-al-leer\/","og_site_name":"Asociaci\u00f3n Catalana de Optometr\u00eda y Terapia Visual","article_published_time":"2022-04-24T19:55:40+00:00","og_image":[{"width":700,"height":463,"url":"https:\/\/www.acotv.org\/wp-content\/uploads\/imatge5-7.jpg","type":"image\/jpeg"}],"author":"ACOTV","twitter_card":"summary_large_image","twitter_misc":{"Escrito por":"ACOTV","Tiempo de lectura":"3 minutos"},"schema":{"@context":"https:\/\/schema.org","@graph":[{"@type":"Article","@id":"https:\/\/www.acotv.org\/es\/evaluacion-de-las-habilidades-de-percepcion-visual-en-la-etapa-de-aprendizaje-al-leer\/#article","isPartOf":{"@id":"https:\/\/www.acotv.org\/es\/evaluacion-de-las-habilidades-de-percepcion-visual-en-la-etapa-de-aprendizaje-al-leer\/"},"author":{"name":"ACOTV","@id":"https:\/\/www.acotv.org\/ca\/#\/schema\/person\/0de470fec1dbf9785a7343042d765744"},"headline":"EVALUACI\u00d3N DE LAS HABILIDADES DE PERCEPCI\u00d3N VISUAL EN LA ETAPA DE APRENDIZAJE AL LEER","datePublished":"2022-04-24T19:55:40+00:00","mainEntityOfPage":{"@id":"https:\/\/www.acotv.org\/es\/evaluacion-de-las-habilidades-de-percepcion-visual-en-la-etapa-de-aprendizaje-al-leer\/"},"wordCount":519,"commentCount":0,"image":{"@id":"https:\/\/www.acotv.org\/es\/evaluacion-de-las-habilidades-de-percepcion-visual-en-la-etapa-de-aprendizaje-al-leer\/#primaryimage"},"thumbnailUrl":"https:\/\/www.acotv.org\/wp-content\/uploads\/imatge5-7.jpg","keywords":["Optometria","problemasdeaprendizaje","TerapiaVisual"],"articleSection":["Blog"],"inLanguage":"es","potentialAction":[{"@type":"CommentAction","name":"Comment","target":["https:\/\/www.acotv.org\/es\/evaluacion-de-las-habilidades-de-percepcion-visual-en-la-etapa-de-aprendizaje-al-leer\/#respond"]}]},{"@type":"WebPage","@id":"https:\/\/www.acotv.org\/es\/evaluacion-de-las-habilidades-de-percepcion-visual-en-la-etapa-de-aprendizaje-al-leer\/","url":"https:\/\/www.acotv.org\/es\/evaluacion-de-las-habilidades-de-percepcion-visual-en-la-etapa-de-aprendizaje-al-leer\/","name":"EVALUACI\u00d3N DE LAS HABILIDADES DE PERCEPCI\u00d3N VISUAL EN LA ETAPA DE APRENDIZAJE AL LEER - Asociaci\u00f3n Catalana de Optometr\u00eda y Terapia Visual","isPartOf":{"@id":"https:\/\/www.acotv.org\/ca\/#website"},"primaryImageOfPage":{"@id":"https:\/\/www.acotv.org\/es\/evaluacion-de-las-habilidades-de-percepcion-visual-en-la-etapa-de-aprendizaje-al-leer\/#primaryimage"},"image":{"@id":"https:\/\/www.acotv.org\/es\/evaluacion-de-las-habilidades-de-percepcion-visual-en-la-etapa-de-aprendizaje-al-leer\/#primaryimage"},"thumbnailUrl":"https:\/\/www.acotv.org\/wp-content\/uploads\/imatge5-7.jpg","datePublished":"2022-04-24T19:55:40+00:00","author":{"@id":"https:\/\/www.acotv.org\/ca\/#\/schema\/person\/0de470fec1dbf9785a7343042d765744"},"breadcrumb":{"@id":"https:\/\/www.acotv.org\/es\/evaluacion-de-las-habilidades-de-percepcion-visual-en-la-etapa-de-aprendizaje-al-leer\/#breadcrumb"},"inLanguage":"es","potentialAction":[{"@type":"ReadAction","target":["https:\/\/www.acotv.org\/es\/evaluacion-de-las-habilidades-de-percepcion-visual-en-la-etapa-de-aprendizaje-al-leer\/"]}]},{"@type":"ImageObject","inLanguage":"es","@id":"https:\/\/www.acotv.org\/es\/evaluacion-de-las-habilidades-de-percepcion-visual-en-la-etapa-de-aprendizaje-al-leer\/#primaryimage","url":"https:\/\/www.acotv.org\/wp-content\/uploads\/imatge5-7.jpg","contentUrl":"https:\/\/www.acotv.org\/wp-content\/uploads\/imatge5-7.jpg","width":700,"height":463},{"@type":"BreadcrumbList","@id":"https:\/\/www.acotv.org\/es\/evaluacion-de-las-habilidades-de-percepcion-visual-en-la-etapa-de-aprendizaje-al-leer\/#breadcrumb","itemListElement":[{"@type":"ListItem","position":1,"name":"Portada","item":"https:\/\/www.acotv.org\/es\/"},{"@type":"ListItem","position":2,"name":"EVALUACI\u00d3N DE LAS HABILIDADES DE PERCEPCI\u00d3N VISUAL EN LA ETAPA DE APRENDIZAJE AL LEER"}]},{"@type":"WebSite","@id":"https:\/\/www.acotv.org\/ca\/#website","url":"https:\/\/www.acotv.org\/ca\/","name":"Asociaci\u00f3n Catalana de Optometr\u00eda y Terapia Visual","description":"","potentialAction":[{"@type":"SearchAction","target":{"@type":"EntryPoint","urlTemplate":"https:\/\/www.acotv.org\/ca\/?s={search_term_string}"},"query-input":{"@type":"PropertyValueSpecification","valueRequired":true,"valueName":"search_term_string"}}],"inLanguage":"es"},{"@type":"Person","@id":"https:\/\/www.acotv.org\/ca\/#\/schema\/person\/0de470fec1dbf9785a7343042d765744","name":"ACOTV","image":{"@type":"ImageObject","inLanguage":"es","@id":"https:\/\/www.acotv.org\/wp-content\/uploads\/Logo-petit-150x150.jpg","url":"https:\/\/www.acotv.org\/wp-content\/uploads\/Logo-petit-150x150.jpg","contentUrl":"https:\/\/www.acotv.org\/wp-content\/uploads\/Logo-petit-150x150.jpg","caption":"ACOTV"},"url":"https:\/\/www.acotv.org\/es\/author\/acotv\/"}]}},"_links":{"self":[{"href":"https:\/\/www.acotv.org\/es\/wp-json\/wp\/v2\/posts\/4261","targetHints":{"allow":["GET"]}}],"collection":[{"href":"https:\/\/www.acotv.org\/es\/wp-json\/wp\/v2\/posts"}],"about":[{"href":"https:\/\/www.acotv.org\/es\/wp-json\/wp\/v2\/types\/post"}],"author":[{"embeddable":true,"href":"https:\/\/www.acotv.org\/es\/wp-json\/wp\/v2\/users\/2"}],"replies":[{"embeddable":true,"href":"https:\/\/www.acotv.org\/es\/wp-json\/wp\/v2\/comments?post=4261"}],"version-history":[{"count":1,"href":"https:\/\/www.acotv.org\/es\/wp-json\/wp\/v2\/posts\/4261\/revisions"}],"predecessor-version":[{"id":4262,"href":"https:\/\/www.acotv.org\/es\/wp-json\/wp\/v2\/posts\/4261\/revisions\/4262"}],"wp:featuredmedia":[{"embeddable":true,"href":"https:\/\/www.acotv.org\/es\/wp-json\/wp\/v2\/media\/4256"}],"wp:attachment":[{"href":"https:\/\/www.acotv.org\/es\/wp-json\/wp\/v2\/media?parent=4261"}],"wp:term":[{"taxonomy":"category","embeddable":true,"href":"https:\/\/www.acotv.org\/es\/wp-json\/wp\/v2\/categories?post=4261"},{"taxonomy":"post_tag","embeddable":true,"href":"https:\/\/www.acotv.org\/es\/wp-json\/wp\/v2\/tags?post=4261"}],"curies":[{"name":"wp","href":"https:\/\/api.w.org\/{rel}","templated":true}]}}