{"id":4131,"date":"2022-04-20T11:55:55","date_gmt":"2022-04-20T09:55:55","guid":{"rendered":"https:\/\/www.acotv.org\/la-terapia-visual-activa-como-tratamiento-eficaz-en-estrabismos-y-ambliopias-funcionales\/"},"modified":"2022-04-20T11:57:32","modified_gmt":"2022-04-20T09:57:32","slug":"la-terapia-visual-activa-como-tratamiento-eficaz-en-estrabismos-y-ambliopias-funcionales","status":"publish","type":"post","link":"https:\/\/www.acotv.org\/es\/la-terapia-visual-activa-como-tratamiento-eficaz-en-estrabismos-y-ambliopias-funcionales\/","title":{"rendered":"LA TER\u00c1PIA VISUAL ACTIVA COMO TRATAMIENTO EFICAZ EN ESTRABISMOS Y AMBLIOPIAS FUNCIONALES"},"content":{"rendered":"\n<p class=\"has-medium-font-size wp-block-paragraph\">Os dejamos un nuevo Trabajo Final de Grado realizado por Eduard Corbacho en enero de 2015, y dirigido por la profesora de la Facultad de \u00d3ptica y Optometr\u00eda de Terrassa: Montse Aug\u00e9.<\/p>\n\n<p class=\"has-text-color wp-block-paragraph\" style=\"color:#008ad0\">RESUMEN DEL TRABAJO FIN DE GRADO<\/p>\n\n<p class=\"has-text-color wp-block-paragraph\" style=\"color:#008ad0\"><strong>Objectivo<\/strong><\/p>\n\n<p class=\"wp-block-paragraph\">Validar que la terapia visual es un tratamiento eficaz en los estrabismos y las ambliop\u00edas en periodos comprendidos entre tres meses y un a\u00f1o seg\u00fan el tipo de disfunci\u00f3n.<\/p>\n\n<p class=\"has-text-color wp-block-paragraph\" style=\"color:#008ad0\"><strong>M\u00e9todo<\/strong><\/p>\n\n<p class=\"wp-block-paragraph\">Se aplica la terapia visual activa en 13 casos con disfunciones visuales diferentes ordenados de menor a mayor complicaci\u00f3n. Los datos de cada caso son: diagn\u00f3stico, motivo de la consulta, edad del paciente, ejercicios hechos durante la terapia visual para trabajar cada disfunci\u00f3n, duraci\u00f3n total de la terapia, valores iniciales y valores finales objetivos.<\/p>\n\n<p class=\"has-text-color wp-block-paragraph\" style=\"color:#008ad0\"><strong>Resultados<\/strong><\/p>\n\n<p class=\"wp-block-paragraph\">Con los resultados obtenidos hemos visto como este estudio muestra que la terapia visual funcional mejora, desarrolla e intensifica las habilidades visuales en los estrabismos y la ambliop\u00eda funcional. Por lo tanto podemos decir que gracias a la plasticidad neuronal que posee el cerebro, mediante la terapia visual funcional podemos llegar alcanzar mucho \u00e9xito.<\/p>\n\n<p class=\"has-text-color wp-block-paragraph\" style=\"color:#008ad0\"><strong>Conclusiones<\/strong><\/p>\n\n<p class=\"wp-block-paragraph\">Si nos centramos en las conclusiones de los casos cl\u00ednicos, vale decir que hay disfunciones m\u00e1s agradecidas con la terapia que otras. Es muy importante saber en cada momento cu\u00e1l es la decisi\u00f3n correcta. El optometrista debe poder analizar la terapia para poder introducir o modificar ejercicios con el fin de encaminar la terapia hacia la mejora de la disfunci\u00f3n. La aplicaci\u00f3n de un programa de terapia visual funcional ha hecho mejorar o eliminar las diferentes disfunciones en cada caso<\/p>\n\n<p class=\"wp-block-paragraph\">Leer el estudio completo:<\/p>\n\n<div class=\"wp-block-file\"><a id=\"wp-block-file--media-a2402c52-0a00-4460-b256-42a2fbb6a427\" href=\"https:\/\/www.acotv.org\/wp-content\/uploads\/TFG_Eduard_Corbacho_Icart.pdf\">TFG_Eduard_Corbacho_Icart<\/a><a href=\"https:\/\/www.acotv.org\/wp-content\/uploads\/TFG_Eduard_Corbacho_Icart.pdf\" class=\"wp-block-file__button\" download=\"\" aria-describedby=\"wp-block-file--media-a2402c52-0a00-4460-b256-42a2fbb6a427\">Descarga<\/a><\/div>\n\n<p class=\"wp-block-paragraph\"><\/p>\n\n<p class=\"wp-block-paragraph\">Presentaci\u00f3n elaborada por \u00a0<strong>Rocio Villena Requena&#13;\n<\/strong>Diplomada en \u00d3ptica y Optometria&#13;\nM\u00e0ster en Optometria y Ci\u00e9ncias de la Visi\u00f3n&#13;\nMiembro de la ACOTV<\/p>\n","protected":false},"excerpt":{"rendered":"<p>Os dejamos un nuevo Trabajo Final de Grado realizado por Eduard Corbacho en enero de 2015, y dirigido por la [&hellip;]<\/p>\n","protected":false},"author":2,"featured_media":4125,"comment_status":"open","ping_status":"open","sticky":false,"template":"","format":"standard","meta":{"ocean_front_end_style_editor":"no","ocean_post_layout":"","ocean_both_sidebars_style":"","ocean_both_sidebars_content_width":0,"ocean_both_sidebars_sidebars_width":0,"ocean_sidebar":"0","ocean_second_sidebar":"0","ocean_disable_margins":"enable","ocean_add_body_class":"","ocean_shortcode_before_top_bar":"","ocean_shortcode_after_top_bar":"","ocean_shortcode_before_header":"","ocean_shortcode_after_header":"","ocean_has_shortcode":"","ocean_shortcode_after_title":"","ocean_shortcode_before_footer_widgets":"","ocean_shortcode_after_footer_widgets":"","ocean_shortcode_before_footer_bottom":"","ocean_shortcode_after_footer_bottom":"","ocean_display_top_bar":"default","ocean_display_header":"default","ocean_header_style":"","ocean_center_header_left_menu":"0","ocean_custom_header_template":"0","ocean_custom_logo":0,"ocean_custom_retina_logo":0,"ocean_custom_logo_max_width":0,"ocean_custom_logo_tablet_max_width":0,"ocean_custom_logo_mobile_max_width":0,"ocean_custom_logo_max_height":0,"ocean_custom_logo_tablet_max_height":0,"ocean_custom_logo_mobile_max_height":0,"ocean_header_custom_menu":"0","ocean_menu_typo_font_family":"0","ocean_menu_typo_font_subset":"","ocean_menu_typo_font_size":0,"ocean_menu_typo_font_size_tablet":0,"ocean_menu_typo_font_size_mobile":0,"ocean_menu_typo_font_size_unit":"px","ocean_menu_typo_font_weight":"","ocean_menu_typo_font_weight_tablet":"","ocean_menu_typo_font_weight_mobile":"","ocean_menu_typo_transform":"","ocean_menu_typo_transform_tablet":"","ocean_menu_typo_transform_mobile":"","ocean_menu_typo_line_height":0,"ocean_menu_typo_line_height_tablet":0,"ocean_menu_typo_line_height_mobile":0,"ocean_menu_typo_line_height_unit":"","ocean_menu_typo_spacing":0,"ocean_menu_typo_spacing_tablet":0,"ocean_menu_typo_spacing_mobile":0,"ocean_menu_typo_spacing_unit":"","ocean_menu_link_color":"","ocean_menu_link_color_hover":"","ocean_menu_link_color_active":"","ocean_menu_link_background":"","ocean_menu_link_hover_background":"","ocean_menu_link_active_background":"","ocean_menu_social_links_bg":"","ocean_menu_social_hover_links_bg":"","ocean_menu_social_links_color":"","ocean_menu_social_hover_links_color":"","ocean_disable_title":"default","ocean_disable_heading":"default","ocean_post_title":"","ocean_post_subheading":"","ocean_post_title_style":"","ocean_post_title_background_color":"","ocean_post_title_background":0,"ocean_post_title_bg_image_position":"","ocean_post_title_bg_image_attachment":"","ocean_post_title_bg_image_repeat":"","ocean_post_title_bg_image_size":"","ocean_post_title_height":0,"ocean_post_title_bg_overlay":0.5,"ocean_post_title_bg_overlay_color":"","ocean_disable_breadcrumbs":"default","ocean_breadcrumbs_color":"","ocean_breadcrumbs_separator_color":"","ocean_breadcrumbs_links_color":"","ocean_breadcrumbs_links_hover_color":"","ocean_display_footer_widgets":"default","ocean_display_footer_bottom":"default","ocean_custom_footer_template":"0","ocean_post_oembed":"","ocean_post_self_hosted_media":"","ocean_post_video_embed":"","ocean_link_format":"","ocean_link_format_target":"self","ocean_quote_format":"","ocean_quote_format_link":"post","ocean_gallery_link_images":"on","ocean_gallery_id":[],"footnotes":""},"categories":[9],"tags":[60,61],"class_list":["post-4131","post","type-post","status-publish","format-standard","has-post-thumbnail","hentry","category-blog","tag-optometria","tag-terapiavisual","entry","has-media"],"yoast_head":"<!-- This site is optimized with the Yoast SEO plugin v28.4 - https:\/\/yoast.com\/product\/yoast-seo-wordpress\/ -->\n<title>LA TER\u00c1PIA VISUAL ACTIVA COMO TRATAMIENTO EFICAZ EN ESTRABISMOS Y AMBLIOPIAS FUNCIONALES - Asociaci\u00f3n Catalana de Optometr\u00eda y Terapia Visual<\/title>\n<meta name=\"robots\" content=\"index, follow, max-snippet:-1, max-image-preview:large, max-video-preview:-1\" \/>\n<link rel=\"canonical\" href=\"https:\/\/www.acotv.org\/es\/la-terapia-visual-activa-como-tratamiento-eficaz-en-estrabismos-y-ambliopias-funcionales\/\" \/>\n<meta property=\"og:locale\" content=\"es_ES\" \/>\n<meta property=\"og:type\" content=\"article\" \/>\n<meta property=\"og:title\" content=\"LA TER\u00c1PIA VISUAL ACTIVA COMO TRATAMIENTO EFICAZ EN ESTRABISMOS Y AMBLIOPIAS FUNCIONALES - Asociaci\u00f3n Catalana de Optometr\u00eda y Terapia Visual\" \/>\n<meta property=\"og:description\" content=\"Os dejamos un nuevo Trabajo Final de Grado realizado por Eduard Corbacho en enero de 2015, y dirigido por la [&hellip;]\" \/>\n<meta property=\"og:url\" content=\"https:\/\/www.acotv.org\/es\/la-terapia-visual-activa-como-tratamiento-eficaz-en-estrabismos-y-ambliopias-funcionales\/\" \/>\n<meta property=\"og:site_name\" content=\"Asociaci\u00f3n Catalana de Optometr\u00eda y Terapia Visual\" \/>\n<meta property=\"article:published_time\" content=\"2022-04-20T09:55:55+00:00\" \/>\n<meta property=\"article:modified_time\" content=\"2022-04-20T09:57:32+00:00\" \/>\n<meta property=\"og:image\" content=\"https:\/\/www.acotv.org\/wp-content\/uploads\/imatge5-6.jpg\" \/>\n\t<meta property=\"og:image:width\" content=\"700\" \/>\n\t<meta property=\"og:image:height\" content=\"525\" \/>\n\t<meta property=\"og:image:type\" content=\"image\/jpeg\" \/>\n<meta name=\"author\" content=\"ACOTV\" \/>\n<meta name=\"twitter:card\" content=\"summary_large_image\" \/>\n<meta name=\"twitter:label1\" content=\"Escrito por\" \/>\n\t<meta name=\"twitter:data1\" content=\"ACOTV\" \/>\n\t<meta name=\"twitter:label2\" content=\"Tiempo de lectura\" \/>\n\t<meta name=\"twitter:data2\" content=\"2 minutos\" \/>\n<script type=\"application\/ld+json\" class=\"yoast-schema-graph\">{\"@context\":\"https:\\\/\\\/schema.org\",\"@graph\":[{\"@type\":\"Article\",\"@id\":\"https:\\\/\\\/www.acotv.org\\\/es\\\/la-terapia-visual-activa-como-tratamiento-eficaz-en-estrabismos-y-ambliopias-funcionales\\\/#article\",\"isPartOf\":{\"@id\":\"https:\\\/\\\/www.acotv.org\\\/es\\\/la-terapia-visual-activa-como-tratamiento-eficaz-en-estrabismos-y-ambliopias-funcionales\\\/\"},\"author\":{\"name\":\"ACOTV\",\"@id\":\"https:\\\/\\\/www.acotv.org\\\/ca\\\/#\\\/schema\\\/person\\\/0de470fec1dbf9785a7343042d765744\"},\"headline\":\"LA TER\u00c1PIA VISUAL ACTIVA COMO TRATAMIENTO EFICAZ EN ESTRABISMOS Y AMBLIOPIAS FUNCIONALES\",\"datePublished\":\"2022-04-20T09:55:55+00:00\",\"dateModified\":\"2022-04-20T09:57:32+00:00\",\"mainEntityOfPage\":{\"@id\":\"https:\\\/\\\/www.acotv.org\\\/es\\\/la-terapia-visual-activa-como-tratamiento-eficaz-en-estrabismos-y-ambliopias-funcionales\\\/\"},\"wordCount\":323,\"commentCount\":0,\"image\":{\"@id\":\"https:\\\/\\\/www.acotv.org\\\/es\\\/la-terapia-visual-activa-como-tratamiento-eficaz-en-estrabismos-y-ambliopias-funcionales\\\/#primaryimage\"},\"thumbnailUrl\":\"https:\\\/\\\/www.acotv.org\\\/wp-content\\\/uploads\\\/imatge5-6.jpg\",\"keywords\":[\"Optometria\",\"TerapiaVisual\"],\"articleSection\":[\"Blog\"],\"inLanguage\":\"es\",\"potentialAction\":[{\"@type\":\"CommentAction\",\"name\":\"Comment\",\"target\":[\"https:\\\/\\\/www.acotv.org\\\/es\\\/la-terapia-visual-activa-como-tratamiento-eficaz-en-estrabismos-y-ambliopias-funcionales\\\/#respond\"]}]},{\"@type\":\"WebPage\",\"@id\":\"https:\\\/\\\/www.acotv.org\\\/es\\\/la-terapia-visual-activa-como-tratamiento-eficaz-en-estrabismos-y-ambliopias-funcionales\\\/\",\"url\":\"https:\\\/\\\/www.acotv.org\\\/es\\\/la-terapia-visual-activa-como-tratamiento-eficaz-en-estrabismos-y-ambliopias-funcionales\\\/\",\"name\":\"LA TER\u00c1PIA VISUAL ACTIVA COMO TRATAMIENTO EFICAZ EN ESTRABISMOS Y AMBLIOPIAS FUNCIONALES - Asociaci\u00f3n Catalana de Optometr\u00eda y Terapia Visual\",\"isPartOf\":{\"@id\":\"https:\\\/\\\/www.acotv.org\\\/ca\\\/#website\"},\"primaryImageOfPage\":{\"@id\":\"https:\\\/\\\/www.acotv.org\\\/es\\\/la-terapia-visual-activa-como-tratamiento-eficaz-en-estrabismos-y-ambliopias-funcionales\\\/#primaryimage\"},\"image\":{\"@id\":\"https:\\\/\\\/www.acotv.org\\\/es\\\/la-terapia-visual-activa-como-tratamiento-eficaz-en-estrabismos-y-ambliopias-funcionales\\\/#primaryimage\"},\"thumbnailUrl\":\"https:\\\/\\\/www.acotv.org\\\/wp-content\\\/uploads\\\/imatge5-6.jpg\",\"datePublished\":\"2022-04-20T09:55:55+00:00\",\"dateModified\":\"2022-04-20T09:57:32+00:00\",\"author\":{\"@id\":\"https:\\\/\\\/www.acotv.org\\\/ca\\\/#\\\/schema\\\/person\\\/0de470fec1dbf9785a7343042d765744\"},\"breadcrumb\":{\"@id\":\"https:\\\/\\\/www.acotv.org\\\/es\\\/la-terapia-visual-activa-como-tratamiento-eficaz-en-estrabismos-y-ambliopias-funcionales\\\/#breadcrumb\"},\"inLanguage\":\"es\",\"potentialAction\":[{\"@type\":\"ReadAction\",\"target\":[\"https:\\\/\\\/www.acotv.org\\\/es\\\/la-terapia-visual-activa-como-tratamiento-eficaz-en-estrabismos-y-ambliopias-funcionales\\\/\"]}]},{\"@type\":\"ImageObject\",\"inLanguage\":\"es\",\"@id\":\"https:\\\/\\\/www.acotv.org\\\/es\\\/la-terapia-visual-activa-como-tratamiento-eficaz-en-estrabismos-y-ambliopias-funcionales\\\/#primaryimage\",\"url\":\"https:\\\/\\\/www.acotv.org\\\/wp-content\\\/uploads\\\/imatge5-6.jpg\",\"contentUrl\":\"https:\\\/\\\/www.acotv.org\\\/wp-content\\\/uploads\\\/imatge5-6.jpg\",\"width\":700,\"height\":525},{\"@type\":\"BreadcrumbList\",\"@id\":\"https:\\\/\\\/www.acotv.org\\\/es\\\/la-terapia-visual-activa-como-tratamiento-eficaz-en-estrabismos-y-ambliopias-funcionales\\\/#breadcrumb\",\"itemListElement\":[{\"@type\":\"ListItem\",\"position\":1,\"name\":\"Portada\",\"item\":\"https:\\\/\\\/www.acotv.org\\\/es\\\/\"},{\"@type\":\"ListItem\",\"position\":2,\"name\":\"LA TER\u00c1PIA VISUAL ACTIVA COMO TRATAMIENTO EFICAZ EN ESTRABISMOS Y AMBLIOPIAS FUNCIONALES\"}]},{\"@type\":\"WebSite\",\"@id\":\"https:\\\/\\\/www.acotv.org\\\/ca\\\/#website\",\"url\":\"https:\\\/\\\/www.acotv.org\\\/ca\\\/\",\"name\":\"Asociaci\u00f3n Catalana de Optometr\u00eda y Terapia Visual\",\"description\":\"\",\"potentialAction\":[{\"@type\":\"SearchAction\",\"target\":{\"@type\":\"EntryPoint\",\"urlTemplate\":\"https:\\\/\\\/www.acotv.org\\\/ca\\\/?s={search_term_string}\"},\"query-input\":{\"@type\":\"PropertyValueSpecification\",\"valueRequired\":true,\"valueName\":\"search_term_string\"}}],\"inLanguage\":\"es\"},{\"@type\":\"Person\",\"@id\":\"https:\\\/\\\/www.acotv.org\\\/ca\\\/#\\\/schema\\\/person\\\/0de470fec1dbf9785a7343042d765744\",\"name\":\"ACOTV\",\"image\":{\"@type\":\"ImageObject\",\"inLanguage\":\"es\",\"@id\":\"https:\\\/\\\/www.acotv.org\\\/wp-content\\\/uploads\\\/Logo-petit-150x150.jpg\",\"url\":\"https:\\\/\\\/www.acotv.org\\\/wp-content\\\/uploads\\\/Logo-petit-150x150.jpg\",\"contentUrl\":\"https:\\\/\\\/www.acotv.org\\\/wp-content\\\/uploads\\\/Logo-petit-150x150.jpg\",\"caption\":\"ACOTV\"},\"url\":\"https:\\\/\\\/www.acotv.org\\\/es\\\/author\\\/acotv\\\/\"}]}<\/script>\n<!-- \/ Yoast SEO plugin. -->","yoast_head_json":{"title":"LA TER\u00c1PIA VISUAL ACTIVA COMO TRATAMIENTO EFICAZ EN ESTRABISMOS Y AMBLIOPIAS FUNCIONALES - Asociaci\u00f3n Catalana de Optometr\u00eda y Terapia Visual","robots":{"index":"index","follow":"follow","max-snippet":"max-snippet:-1","max-image-preview":"max-image-preview:large","max-video-preview":"max-video-preview:-1"},"canonical":"https:\/\/www.acotv.org\/es\/la-terapia-visual-activa-como-tratamiento-eficaz-en-estrabismos-y-ambliopias-funcionales\/","og_locale":"es_ES","og_type":"article","og_title":"LA TER\u00c1PIA VISUAL ACTIVA COMO TRATAMIENTO EFICAZ EN ESTRABISMOS Y AMBLIOPIAS FUNCIONALES - Asociaci\u00f3n Catalana de Optometr\u00eda y Terapia Visual","og_description":"Os dejamos un nuevo Trabajo Final de Grado realizado por Eduard Corbacho en enero de 2015, y dirigido por la [&hellip;]","og_url":"https:\/\/www.acotv.org\/es\/la-terapia-visual-activa-como-tratamiento-eficaz-en-estrabismos-y-ambliopias-funcionales\/","og_site_name":"Asociaci\u00f3n Catalana de Optometr\u00eda y Terapia Visual","article_published_time":"2022-04-20T09:55:55+00:00","article_modified_time":"2022-04-20T09:57:32+00:00","og_image":[{"width":700,"height":525,"url":"https:\/\/www.acotv.org\/wp-content\/uploads\/imatge5-6.jpg","type":"image\/jpeg"}],"author":"ACOTV","twitter_card":"summary_large_image","twitter_misc":{"Escrito por":"ACOTV","Tiempo de lectura":"2 minutos"},"schema":{"@context":"https:\/\/schema.org","@graph":[{"@type":"Article","@id":"https:\/\/www.acotv.org\/es\/la-terapia-visual-activa-como-tratamiento-eficaz-en-estrabismos-y-ambliopias-funcionales\/#article","isPartOf":{"@id":"https:\/\/www.acotv.org\/es\/la-terapia-visual-activa-como-tratamiento-eficaz-en-estrabismos-y-ambliopias-funcionales\/"},"author":{"name":"ACOTV","@id":"https:\/\/www.acotv.org\/ca\/#\/schema\/person\/0de470fec1dbf9785a7343042d765744"},"headline":"LA TER\u00c1PIA VISUAL ACTIVA COMO TRATAMIENTO EFICAZ EN ESTRABISMOS Y AMBLIOPIAS FUNCIONALES","datePublished":"2022-04-20T09:55:55+00:00","dateModified":"2022-04-20T09:57:32+00:00","mainEntityOfPage":{"@id":"https:\/\/www.acotv.org\/es\/la-terapia-visual-activa-como-tratamiento-eficaz-en-estrabismos-y-ambliopias-funcionales\/"},"wordCount":323,"commentCount":0,"image":{"@id":"https:\/\/www.acotv.org\/es\/la-terapia-visual-activa-como-tratamiento-eficaz-en-estrabismos-y-ambliopias-funcionales\/#primaryimage"},"thumbnailUrl":"https:\/\/www.acotv.org\/wp-content\/uploads\/imatge5-6.jpg","keywords":["Optometria","TerapiaVisual"],"articleSection":["Blog"],"inLanguage":"es","potentialAction":[{"@type":"CommentAction","name":"Comment","target":["https:\/\/www.acotv.org\/es\/la-terapia-visual-activa-como-tratamiento-eficaz-en-estrabismos-y-ambliopias-funcionales\/#respond"]}]},{"@type":"WebPage","@id":"https:\/\/www.acotv.org\/es\/la-terapia-visual-activa-como-tratamiento-eficaz-en-estrabismos-y-ambliopias-funcionales\/","url":"https:\/\/www.acotv.org\/es\/la-terapia-visual-activa-como-tratamiento-eficaz-en-estrabismos-y-ambliopias-funcionales\/","name":"LA TER\u00c1PIA VISUAL ACTIVA COMO TRATAMIENTO EFICAZ EN ESTRABISMOS Y AMBLIOPIAS FUNCIONALES - Asociaci\u00f3n Catalana de Optometr\u00eda y Terapia Visual","isPartOf":{"@id":"https:\/\/www.acotv.org\/ca\/#website"},"primaryImageOfPage":{"@id":"https:\/\/www.acotv.org\/es\/la-terapia-visual-activa-como-tratamiento-eficaz-en-estrabismos-y-ambliopias-funcionales\/#primaryimage"},"image":{"@id":"https:\/\/www.acotv.org\/es\/la-terapia-visual-activa-como-tratamiento-eficaz-en-estrabismos-y-ambliopias-funcionales\/#primaryimage"},"thumbnailUrl":"https:\/\/www.acotv.org\/wp-content\/uploads\/imatge5-6.jpg","datePublished":"2022-04-20T09:55:55+00:00","dateModified":"2022-04-20T09:57:32+00:00","author":{"@id":"https:\/\/www.acotv.org\/ca\/#\/schema\/person\/0de470fec1dbf9785a7343042d765744"},"breadcrumb":{"@id":"https:\/\/www.acotv.org\/es\/la-terapia-visual-activa-como-tratamiento-eficaz-en-estrabismos-y-ambliopias-funcionales\/#breadcrumb"},"inLanguage":"es","potentialAction":[{"@type":"ReadAction","target":["https:\/\/www.acotv.org\/es\/la-terapia-visual-activa-como-tratamiento-eficaz-en-estrabismos-y-ambliopias-funcionales\/"]}]},{"@type":"ImageObject","inLanguage":"es","@id":"https:\/\/www.acotv.org\/es\/la-terapia-visual-activa-como-tratamiento-eficaz-en-estrabismos-y-ambliopias-funcionales\/#primaryimage","url":"https:\/\/www.acotv.org\/wp-content\/uploads\/imatge5-6.jpg","contentUrl":"https:\/\/www.acotv.org\/wp-content\/uploads\/imatge5-6.jpg","width":700,"height":525},{"@type":"BreadcrumbList","@id":"https:\/\/www.acotv.org\/es\/la-terapia-visual-activa-como-tratamiento-eficaz-en-estrabismos-y-ambliopias-funcionales\/#breadcrumb","itemListElement":[{"@type":"ListItem","position":1,"name":"Portada","item":"https:\/\/www.acotv.org\/es\/"},{"@type":"ListItem","position":2,"name":"LA TER\u00c1PIA VISUAL ACTIVA COMO TRATAMIENTO EFICAZ EN ESTRABISMOS Y AMBLIOPIAS FUNCIONALES"}]},{"@type":"WebSite","@id":"https:\/\/www.acotv.org\/ca\/#website","url":"https:\/\/www.acotv.org\/ca\/","name":"Asociaci\u00f3n Catalana de Optometr\u00eda y Terapia Visual","description":"","potentialAction":[{"@type":"SearchAction","target":{"@type":"EntryPoint","urlTemplate":"https:\/\/www.acotv.org\/ca\/?s={search_term_string}"},"query-input":{"@type":"PropertyValueSpecification","valueRequired":true,"valueName":"search_term_string"}}],"inLanguage":"es"},{"@type":"Person","@id":"https:\/\/www.acotv.org\/ca\/#\/schema\/person\/0de470fec1dbf9785a7343042d765744","name":"ACOTV","image":{"@type":"ImageObject","inLanguage":"es","@id":"https:\/\/www.acotv.org\/wp-content\/uploads\/Logo-petit-150x150.jpg","url":"https:\/\/www.acotv.org\/wp-content\/uploads\/Logo-petit-150x150.jpg","contentUrl":"https:\/\/www.acotv.org\/wp-content\/uploads\/Logo-petit-150x150.jpg","caption":"ACOTV"},"url":"https:\/\/www.acotv.org\/es\/author\/acotv\/"}]}},"_links":{"self":[{"href":"https:\/\/www.acotv.org\/es\/wp-json\/wp\/v2\/posts\/4131","targetHints":{"allow":["GET"]}}],"collection":[{"href":"https:\/\/www.acotv.org\/es\/wp-json\/wp\/v2\/posts"}],"about":[{"href":"https:\/\/www.acotv.org\/es\/wp-json\/wp\/v2\/types\/post"}],"author":[{"embeddable":true,"href":"https:\/\/www.acotv.org\/es\/wp-json\/wp\/v2\/users\/2"}],"replies":[{"embeddable":true,"href":"https:\/\/www.acotv.org\/es\/wp-json\/wp\/v2\/comments?post=4131"}],"version-history":[{"count":2,"href":"https:\/\/www.acotv.org\/es\/wp-json\/wp\/v2\/posts\/4131\/revisions"}],"predecessor-version":[{"id":4134,"href":"https:\/\/www.acotv.org\/es\/wp-json\/wp\/v2\/posts\/4131\/revisions\/4134"}],"wp:featuredmedia":[{"embeddable":true,"href":"https:\/\/www.acotv.org\/es\/wp-json\/wp\/v2\/media\/4125"}],"wp:attachment":[{"href":"https:\/\/www.acotv.org\/es\/wp-json\/wp\/v2\/media?parent=4131"}],"wp:term":[{"taxonomy":"category","embeddable":true,"href":"https:\/\/www.acotv.org\/es\/wp-json\/wp\/v2\/categories?post=4131"},{"taxonomy":"post_tag","embeddable":true,"href":"https:\/\/www.acotv.org\/es\/wp-json\/wp\/v2\/tags?post=4131"}],"curies":[{"name":"wp","href":"https:\/\/api.w.org\/{rel}","templated":true}]}}