{"id":2972,"date":"2017-01-26T11:32:00","date_gmt":"2017-01-26T10:32:00","guid":{"rendered":"https:\/\/www.acotv.org\/evaluacion-de-las-actividades-oculomotoras-y-visomotoras-en-la-etapa-de-aprender-a-leer\/"},"modified":"2022-03-31T16:39:48","modified_gmt":"2022-03-31T14:39:48","slug":"evaluacion-de-las-actividades-oculomotoras-y-visomotoras-en-la-etapa-de-aprender-a-leer","status":"publish","type":"post","link":"https:\/\/www.acotv.org\/es\/evaluacion-de-las-actividades-oculomotoras-y-visomotoras-en-la-etapa-de-aprender-a-leer\/","title":{"rendered":"EVALUACI\u00d3N DE LAS ACTIVIDADES OCULOMOTORAS Y VISOMOTORAS EN LA ETAPA DE APRENDER A LEER"},"content":{"rendered":"\n<p class=\"has-medium-font-size wp-block-paragraph\"><strong>Os dejamos un nuevo&nbsp;Trabajo Final de Grado&nbsp;realizado por&nbsp;Sandra Fern\u00e1ndez Rom\u00e1n&nbsp;en junio de 2014, y dirigido por la profesora de la Facultad de \u00d3ptica y Optometr\u00eda de Terrassa:&nbsp;Montse Aug\u00e9.<\/strong><\/p>\n\n\n\n<p class=\"has-text-color wp-block-paragraph\" style=\"color:#008ad0\"><strong>OBJECTIVO<\/strong><\/p>\n\n\n\n<p class=\"wp-block-paragraph\">Evaluar en ni\u00f1os de 1\u00ba y 2\u00ba de primaria, la funci\u00f3n, la eficacia y la percepci\u00f3n del sistema visual; para detectar disfunciones que puedan interferir en el proceso de aprendizaje de la lectoescritura.<\/p>\n\n\n\n<p class=\"has-text-color wp-block-paragraph\" style=\"color:#008ad0\"><strong>M\u00c9TODO<\/strong><\/p>\n\n\n\n<p class=\"wp-block-paragraph\">Realizaci\u00f3n de cribados visuales a 152 ni\u00f1os de 1\u00ba y 2\u00ba de primaria, se ha elegido este target debido a que se trata de una edad en la que se inicia el aprendizaje de la lectoescritura. Se ha evaluado el estado refractivo, la visi\u00f3n binocular, la acomodaci\u00f3n, la visi\u00f3n del color, las habilidades oculomotoras, la coordinaci\u00f3n ojo-mano y la percepci\u00f3n visual. Se han hecho servir pruebas como el DEM, el T.A.L.E.C., el grafomotor de Wold y test de velocidad lectora.<\/p>\n\n\n\n<p class=\"has-text-color wp-block-paragraph\" style=\"color:#008ad0\"><strong>RESULTADOS<\/strong><\/p>\n\n\n\n<p class=\"wp-block-paragraph\">Este estudio demuestra que los ni\u00f1os que tienen un DEM de tipolog\u00eda II o IV requieren de m\u00e1s tiempo para realizar la prueba de Wold y el T.A.L.E.C. En referencia al test de lectura, cuanto mayor sea el tiempo del test menos letras ser\u00e1 capaz de copiar en el grafomotor de Wold.<\/p>\n\n\n\n<p class=\"has-text-color wp-block-paragraph\" style=\"color:#008ad0\"><strong>CONCLUSIONES<\/strong><\/p>\n\n\n\n<p class=\"wp-block-paragraph\">Con los resultados obtenidos en los cribados visuales, se ha llegado a la conclusi\u00f3n de que existe una elevada relaci\u00f3n entre las habilidades oculomotoras y visomotora con las tareas de leer y escribir. Por lo tanto, un ni\u00f1o que tenga una disfunci\u00f3n en las habilidades oculomotoras presentar\u00e1 una dificultad para el aprendizaje de la lectura y la escritura.<\/p>\n\n\n\n<p class=\"wp-block-paragraph\">Leer el documento completo:<\/p>\n\n\n\n<div data-wp-interactive=\"core\/file\" class=\"wp-block-file\"><object data-wp-bind--hidden=\"!state.hasPdfPreview\" hidden class=\"wp-block-file__embed\" data=\"https:\/\/www.acotv.org\/wp-content\/uploads\/TFG_Sanda-Fernandez-Roman.pdf\" type=\"application\/pdf\" style=\"width:100%;height:600px\" aria-label=\"Incrustado de Incrustado de TFG_Sanda-Fernandez-Roman..\"><\/object><a id=\"wp-block-file--media-6d430bc6-6e6d-49d0-8d28-660165c77b03\" href=\"https:\/\/www.acotv.org\/wp-content\/uploads\/TFG_Sanda-Fernandez-Roman.pdf\">TFG_Sanda-Fernandez-Roman<\/a><a href=\"https:\/\/www.acotv.org\/wp-content\/uploads\/TFG_Sanda-Fernandez-Roman.pdf\" class=\"wp-block-file__button\" download aria-describedby=\"wp-block-file--media-6d430bc6-6e6d-49d0-8d28-660165c77b03\">Descarga<\/a><\/div>\n\n\n\n<p class=\"wp-block-paragraph\">Presentaci\u00f3n elaborada por <strong>Rocio Villena Requena<\/strong>\r\nDiplomada en \u00d3ptica y Optometria\r\nM\u00e1ster en Optometria y Ci\u00e9ncias de la Visi\u00f3n\r\nMiembro de la ACOTV<\/p>\n","protected":false},"excerpt":{"rendered":"<p>Os dejamos un nuevo&nbsp;Trabajo Final de Grado&nbsp;realizado por&nbsp;Sandra Fern\u00e1ndez Rom\u00e1n&nbsp;en junio de 2014, y dirigido por la profesora de la [&hellip;]<\/p>\n","protected":false},"author":2,"featured_media":2967,"comment_status":"open","ping_status":"open","sticky":false,"template":"","format":"standard","meta":{"ocean_front_end_style_editor":"no","ocean_post_layout":"","ocean_both_sidebars_style":"","ocean_both_sidebars_content_width":0,"ocean_both_sidebars_sidebars_width":0,"ocean_sidebar":"0","ocean_second_sidebar":"0","ocean_disable_margins":"enable","ocean_add_body_class":"","ocean_shortcode_before_top_bar":"","ocean_shortcode_after_top_bar":"","ocean_shortcode_before_header":"","ocean_shortcode_after_header":"","ocean_has_shortcode":"","ocean_shortcode_after_title":"","ocean_shortcode_before_footer_widgets":"","ocean_shortcode_after_footer_widgets":"","ocean_shortcode_before_footer_bottom":"","ocean_shortcode_after_footer_bottom":"","ocean_display_top_bar":"default","ocean_display_header":"default","ocean_header_style":"","ocean_center_header_left_menu":"0","ocean_custom_header_template":"0","ocean_custom_logo":0,"ocean_custom_retina_logo":0,"ocean_custom_logo_max_width":0,"ocean_custom_logo_tablet_max_width":0,"ocean_custom_logo_mobile_max_width":0,"ocean_custom_logo_max_height":0,"ocean_custom_logo_tablet_max_height":0,"ocean_custom_logo_mobile_max_height":0,"ocean_header_custom_menu":"0","ocean_menu_typo_font_family":"0","ocean_menu_typo_font_subset":"","ocean_menu_typo_font_size":0,"ocean_menu_typo_font_size_tablet":0,"ocean_menu_typo_font_size_mobile":0,"ocean_menu_typo_font_size_unit":"px","ocean_menu_typo_font_weight":"","ocean_menu_typo_font_weight_tablet":"","ocean_menu_typo_font_weight_mobile":"","ocean_menu_typo_transform":"","ocean_menu_typo_transform_tablet":"","ocean_menu_typo_transform_mobile":"","ocean_menu_typo_line_height":0,"ocean_menu_typo_line_height_tablet":0,"ocean_menu_typo_line_height_mobile":0,"ocean_menu_typo_line_height_unit":"","ocean_menu_typo_spacing":0,"ocean_menu_typo_spacing_tablet":0,"ocean_menu_typo_spacing_mobile":0,"ocean_menu_typo_spacing_unit":"","ocean_menu_link_color":"","ocean_menu_link_color_hover":"","ocean_menu_link_color_active":"","ocean_menu_link_background":"","ocean_menu_link_hover_background":"","ocean_menu_link_active_background":"","ocean_menu_social_links_bg":"","ocean_menu_social_hover_links_bg":"","ocean_menu_social_links_color":"","ocean_menu_social_hover_links_color":"","ocean_disable_title":"default","ocean_disable_heading":"default","ocean_post_title":"","ocean_post_subheading":"","ocean_post_title_style":"","ocean_post_title_background_color":"","ocean_post_title_background":0,"ocean_post_title_bg_image_position":"","ocean_post_title_bg_image_attachment":"","ocean_post_title_bg_image_repeat":"","ocean_post_title_bg_image_size":"","ocean_post_title_height":0,"ocean_post_title_bg_overlay":0.5,"ocean_post_title_bg_overlay_color":"","ocean_disable_breadcrumbs":"default","ocean_breadcrumbs_color":"","ocean_breadcrumbs_separator_color":"","ocean_breadcrumbs_links_color":"","ocean_breadcrumbs_links_hover_color":"","ocean_display_footer_widgets":"default","ocean_display_footer_bottom":"default","ocean_custom_footer_template":"0","ocean_post_oembed":"","ocean_post_self_hosted_media":"","ocean_post_video_embed":"","ocean_link_format":"","ocean_link_format_target":"self","ocean_quote_format":"","ocean_quote_format_link":"post","ocean_gallery_link_images":"off","ocean_gallery_id":[],"footnotes":""},"categories":[9],"tags":[60,57,61],"class_list":["post-2972","post","type-post","status-publish","format-standard","has-post-thumbnail","hentry","category-blog","tag-optometria","tag-problemasdeaprendizaje","tag-terapiavisual","entry","has-media"],"yoast_head":"<!-- This site is optimized with the Yoast SEO plugin v28.4 - https:\/\/yoast.com\/product\/yoast-seo-wordpress\/ -->\n<title>EVALUACI\u00d3N DE LAS ACTIVIDADES OCULOMOTORAS Y VISOMOTORAS EN LA ETAPA DE APRENDER A LEER - Asociaci\u00f3n Catalana de Optometr\u00eda y Terapia Visual<\/title>\n<meta name=\"robots\" content=\"index, follow, max-snippet:-1, max-image-preview:large, max-video-preview:-1\" \/>\n<link rel=\"canonical\" href=\"https:\/\/www.acotv.org\/es\/evaluacion-de-las-actividades-oculomotoras-y-visomotoras-en-la-etapa-de-aprender-a-leer\/\" \/>\n<meta property=\"og:locale\" content=\"es_ES\" \/>\n<meta property=\"og:type\" content=\"article\" \/>\n<meta property=\"og:title\" content=\"EVALUACI\u00d3N DE LAS ACTIVIDADES OCULOMOTORAS Y VISOMOTORAS EN LA ETAPA DE APRENDER A LEER - Asociaci\u00f3n Catalana de Optometr\u00eda y Terapia Visual\" \/>\n<meta property=\"og:description\" content=\"Os dejamos un nuevo&nbsp;Trabajo Final de Grado&nbsp;realizado por&nbsp;Sandra Fern\u00e1ndez Rom\u00e1n&nbsp;en junio de 2014, y dirigido por la profesora de la [&hellip;]\" \/>\n<meta property=\"og:url\" content=\"https:\/\/www.acotv.org\/es\/evaluacion-de-las-actividades-oculomotoras-y-visomotoras-en-la-etapa-de-aprender-a-leer\/\" \/>\n<meta property=\"og:site_name\" content=\"Asociaci\u00f3n Catalana de Optometr\u00eda y Terapia Visual\" \/>\n<meta property=\"article:published_time\" content=\"2017-01-26T10:32:00+00:00\" \/>\n<meta property=\"article:modified_time\" content=\"2022-03-31T14:39:48+00:00\" \/>\n<meta property=\"og:image\" content=\"https:\/\/www.acotv.org\/wp-content\/uploads\/imatge1-13.jpg\" \/>\n\t<meta property=\"og:image:width\" content=\"700\" \/>\n\t<meta property=\"og:image:height\" content=\"525\" \/>\n\t<meta property=\"og:image:type\" content=\"image\/jpeg\" \/>\n<meta name=\"author\" content=\"ACOTV\" \/>\n<meta name=\"twitter:card\" content=\"summary_large_image\" \/>\n<meta name=\"twitter:label1\" content=\"Escrito por\" \/>\n\t<meta name=\"twitter:data1\" content=\"ACOTV\" \/>\n\t<meta name=\"twitter:label2\" content=\"Tiempo de lectura\" \/>\n\t<meta name=\"twitter:data2\" content=\"2 minutos\" \/>\n<script type=\"application\/ld+json\" class=\"yoast-schema-graph\">{\"@context\":\"https:\\\/\\\/schema.org\",\"@graph\":[{\"@type\":\"Article\",\"@id\":\"https:\\\/\\\/www.acotv.org\\\/es\\\/evaluacion-de-las-actividades-oculomotoras-y-visomotoras-en-la-etapa-de-aprender-a-leer\\\/#article\",\"isPartOf\":{\"@id\":\"https:\\\/\\\/www.acotv.org\\\/es\\\/evaluacion-de-las-actividades-oculomotoras-y-visomotoras-en-la-etapa-de-aprender-a-leer\\\/\"},\"author\":{\"name\":\"ACOTV\",\"@id\":\"https:\\\/\\\/www.acotv.org\\\/ca\\\/#\\\/schema\\\/person\\\/0de470fec1dbf9785a7343042d765744\"},\"headline\":\"EVALUACI\u00d3N DE LAS ACTIVIDADES OCULOMOTORAS Y VISOMOTORAS EN LA ETAPA DE APRENDER A LEER\",\"datePublished\":\"2017-01-26T10:32:00+00:00\",\"dateModified\":\"2022-03-31T14:39:48+00:00\",\"mainEntityOfPage\":{\"@id\":\"https:\\\/\\\/www.acotv.org\\\/es\\\/evaluacion-de-las-actividades-oculomotoras-y-visomotoras-en-la-etapa-de-aprender-a-leer\\\/\"},\"wordCount\":337,\"commentCount\":0,\"image\":{\"@id\":\"https:\\\/\\\/www.acotv.org\\\/es\\\/evaluacion-de-las-actividades-oculomotoras-y-visomotoras-en-la-etapa-de-aprender-a-leer\\\/#primaryimage\"},\"thumbnailUrl\":\"https:\\\/\\\/www.acotv.org\\\/wp-content\\\/uploads\\\/imatge1-13.jpg\",\"keywords\":[\"Optometria\",\"problemasdeaprendizaje\",\"TerapiaVisual\"],\"articleSection\":[\"Blog\"],\"inLanguage\":\"es\",\"potentialAction\":[{\"@type\":\"CommentAction\",\"name\":\"Comment\",\"target\":[\"https:\\\/\\\/www.acotv.org\\\/es\\\/evaluacion-de-las-actividades-oculomotoras-y-visomotoras-en-la-etapa-de-aprender-a-leer\\\/#respond\"]}]},{\"@type\":\"WebPage\",\"@id\":\"https:\\\/\\\/www.acotv.org\\\/es\\\/evaluacion-de-las-actividades-oculomotoras-y-visomotoras-en-la-etapa-de-aprender-a-leer\\\/\",\"url\":\"https:\\\/\\\/www.acotv.org\\\/es\\\/evaluacion-de-las-actividades-oculomotoras-y-visomotoras-en-la-etapa-de-aprender-a-leer\\\/\",\"name\":\"EVALUACI\u00d3N DE LAS ACTIVIDADES OCULOMOTORAS Y VISOMOTORAS EN LA ETAPA DE APRENDER A LEER - Asociaci\u00f3n Catalana de Optometr\u00eda y Terapia Visual\",\"isPartOf\":{\"@id\":\"https:\\\/\\\/www.acotv.org\\\/ca\\\/#website\"},\"primaryImageOfPage\":{\"@id\":\"https:\\\/\\\/www.acotv.org\\\/es\\\/evaluacion-de-las-actividades-oculomotoras-y-visomotoras-en-la-etapa-de-aprender-a-leer\\\/#primaryimage\"},\"image\":{\"@id\":\"https:\\\/\\\/www.acotv.org\\\/es\\\/evaluacion-de-las-actividades-oculomotoras-y-visomotoras-en-la-etapa-de-aprender-a-leer\\\/#primaryimage\"},\"thumbnailUrl\":\"https:\\\/\\\/www.acotv.org\\\/wp-content\\\/uploads\\\/imatge1-13.jpg\",\"datePublished\":\"2017-01-26T10:32:00+00:00\",\"dateModified\":\"2022-03-31T14:39:48+00:00\",\"author\":{\"@id\":\"https:\\\/\\\/www.acotv.org\\\/ca\\\/#\\\/schema\\\/person\\\/0de470fec1dbf9785a7343042d765744\"},\"breadcrumb\":{\"@id\":\"https:\\\/\\\/www.acotv.org\\\/es\\\/evaluacion-de-las-actividades-oculomotoras-y-visomotoras-en-la-etapa-de-aprender-a-leer\\\/#breadcrumb\"},\"inLanguage\":\"es\",\"potentialAction\":[{\"@type\":\"ReadAction\",\"target\":[\"https:\\\/\\\/www.acotv.org\\\/es\\\/evaluacion-de-las-actividades-oculomotoras-y-visomotoras-en-la-etapa-de-aprender-a-leer\\\/\"]}]},{\"@type\":\"ImageObject\",\"inLanguage\":\"es\",\"@id\":\"https:\\\/\\\/www.acotv.org\\\/es\\\/evaluacion-de-las-actividades-oculomotoras-y-visomotoras-en-la-etapa-de-aprender-a-leer\\\/#primaryimage\",\"url\":\"https:\\\/\\\/www.acotv.org\\\/wp-content\\\/uploads\\\/imatge1-13.jpg\",\"contentUrl\":\"https:\\\/\\\/www.acotv.org\\\/wp-content\\\/uploads\\\/imatge1-13.jpg\",\"width\":700,\"height\":525},{\"@type\":\"BreadcrumbList\",\"@id\":\"https:\\\/\\\/www.acotv.org\\\/es\\\/evaluacion-de-las-actividades-oculomotoras-y-visomotoras-en-la-etapa-de-aprender-a-leer\\\/#breadcrumb\",\"itemListElement\":[{\"@type\":\"ListItem\",\"position\":1,\"name\":\"Portada\",\"item\":\"https:\\\/\\\/www.acotv.org\\\/es\\\/\"},{\"@type\":\"ListItem\",\"position\":2,\"name\":\"EVALUACI\u00d3N DE LAS ACTIVIDADES OCULOMOTORAS Y VISOMOTORAS EN LA ETAPA DE APRENDER A LEER\"}]},{\"@type\":\"WebSite\",\"@id\":\"https:\\\/\\\/www.acotv.org\\\/ca\\\/#website\",\"url\":\"https:\\\/\\\/www.acotv.org\\\/ca\\\/\",\"name\":\"Asociaci\u00f3n Catalana de Optometr\u00eda y Terapia Visual\",\"description\":\"\",\"potentialAction\":[{\"@type\":\"SearchAction\",\"target\":{\"@type\":\"EntryPoint\",\"urlTemplate\":\"https:\\\/\\\/www.acotv.org\\\/ca\\\/?s={search_term_string}\"},\"query-input\":{\"@type\":\"PropertyValueSpecification\",\"valueRequired\":true,\"valueName\":\"search_term_string\"}}],\"inLanguage\":\"es\"},{\"@type\":\"Person\",\"@id\":\"https:\\\/\\\/www.acotv.org\\\/ca\\\/#\\\/schema\\\/person\\\/0de470fec1dbf9785a7343042d765744\",\"name\":\"ACOTV\",\"image\":{\"@type\":\"ImageObject\",\"inLanguage\":\"es\",\"@id\":\"https:\\\/\\\/www.acotv.org\\\/wp-content\\\/uploads\\\/Logo-petit-150x150.jpg\",\"url\":\"https:\\\/\\\/www.acotv.org\\\/wp-content\\\/uploads\\\/Logo-petit-150x150.jpg\",\"contentUrl\":\"https:\\\/\\\/www.acotv.org\\\/wp-content\\\/uploads\\\/Logo-petit-150x150.jpg\",\"caption\":\"ACOTV\"},\"url\":\"https:\\\/\\\/www.acotv.org\\\/es\\\/author\\\/acotv\\\/\"}]}<\/script>\n<!-- \/ Yoast SEO plugin. -->","yoast_head_json":{"title":"EVALUACI\u00d3N DE LAS ACTIVIDADES OCULOMOTORAS Y VISOMOTORAS EN LA ETAPA DE APRENDER A LEER - Asociaci\u00f3n Catalana de Optometr\u00eda y Terapia Visual","robots":{"index":"index","follow":"follow","max-snippet":"max-snippet:-1","max-image-preview":"max-image-preview:large","max-video-preview":"max-video-preview:-1"},"canonical":"https:\/\/www.acotv.org\/es\/evaluacion-de-las-actividades-oculomotoras-y-visomotoras-en-la-etapa-de-aprender-a-leer\/","og_locale":"es_ES","og_type":"article","og_title":"EVALUACI\u00d3N DE LAS ACTIVIDADES OCULOMOTORAS Y VISOMOTORAS EN LA ETAPA DE APRENDER A LEER - Asociaci\u00f3n Catalana de Optometr\u00eda y Terapia Visual","og_description":"Os dejamos un nuevo&nbsp;Trabajo Final de Grado&nbsp;realizado por&nbsp;Sandra Fern\u00e1ndez Rom\u00e1n&nbsp;en junio de 2014, y dirigido por la profesora de la [&hellip;]","og_url":"https:\/\/www.acotv.org\/es\/evaluacion-de-las-actividades-oculomotoras-y-visomotoras-en-la-etapa-de-aprender-a-leer\/","og_site_name":"Asociaci\u00f3n Catalana de Optometr\u00eda y Terapia Visual","article_published_time":"2017-01-26T10:32:00+00:00","article_modified_time":"2022-03-31T14:39:48+00:00","og_image":[{"width":700,"height":525,"url":"https:\/\/www.acotv.org\/wp-content\/uploads\/imatge1-13.jpg","type":"image\/jpeg"}],"author":"ACOTV","twitter_card":"summary_large_image","twitter_misc":{"Escrito por":"ACOTV","Tiempo de lectura":"2 minutos"},"schema":{"@context":"https:\/\/schema.org","@graph":[{"@type":"Article","@id":"https:\/\/www.acotv.org\/es\/evaluacion-de-las-actividades-oculomotoras-y-visomotoras-en-la-etapa-de-aprender-a-leer\/#article","isPartOf":{"@id":"https:\/\/www.acotv.org\/es\/evaluacion-de-las-actividades-oculomotoras-y-visomotoras-en-la-etapa-de-aprender-a-leer\/"},"author":{"name":"ACOTV","@id":"https:\/\/www.acotv.org\/ca\/#\/schema\/person\/0de470fec1dbf9785a7343042d765744"},"headline":"EVALUACI\u00d3N DE LAS ACTIVIDADES OCULOMOTORAS Y VISOMOTORAS EN LA ETAPA DE APRENDER A LEER","datePublished":"2017-01-26T10:32:00+00:00","dateModified":"2022-03-31T14:39:48+00:00","mainEntityOfPage":{"@id":"https:\/\/www.acotv.org\/es\/evaluacion-de-las-actividades-oculomotoras-y-visomotoras-en-la-etapa-de-aprender-a-leer\/"},"wordCount":337,"commentCount":0,"image":{"@id":"https:\/\/www.acotv.org\/es\/evaluacion-de-las-actividades-oculomotoras-y-visomotoras-en-la-etapa-de-aprender-a-leer\/#primaryimage"},"thumbnailUrl":"https:\/\/www.acotv.org\/wp-content\/uploads\/imatge1-13.jpg","keywords":["Optometria","problemasdeaprendizaje","TerapiaVisual"],"articleSection":["Blog"],"inLanguage":"es","potentialAction":[{"@type":"CommentAction","name":"Comment","target":["https:\/\/www.acotv.org\/es\/evaluacion-de-las-actividades-oculomotoras-y-visomotoras-en-la-etapa-de-aprender-a-leer\/#respond"]}]},{"@type":"WebPage","@id":"https:\/\/www.acotv.org\/es\/evaluacion-de-las-actividades-oculomotoras-y-visomotoras-en-la-etapa-de-aprender-a-leer\/","url":"https:\/\/www.acotv.org\/es\/evaluacion-de-las-actividades-oculomotoras-y-visomotoras-en-la-etapa-de-aprender-a-leer\/","name":"EVALUACI\u00d3N DE LAS ACTIVIDADES OCULOMOTORAS Y VISOMOTORAS EN LA ETAPA DE APRENDER A LEER - Asociaci\u00f3n Catalana de Optometr\u00eda y Terapia Visual","isPartOf":{"@id":"https:\/\/www.acotv.org\/ca\/#website"},"primaryImageOfPage":{"@id":"https:\/\/www.acotv.org\/es\/evaluacion-de-las-actividades-oculomotoras-y-visomotoras-en-la-etapa-de-aprender-a-leer\/#primaryimage"},"image":{"@id":"https:\/\/www.acotv.org\/es\/evaluacion-de-las-actividades-oculomotoras-y-visomotoras-en-la-etapa-de-aprender-a-leer\/#primaryimage"},"thumbnailUrl":"https:\/\/www.acotv.org\/wp-content\/uploads\/imatge1-13.jpg","datePublished":"2017-01-26T10:32:00+00:00","dateModified":"2022-03-31T14:39:48+00:00","author":{"@id":"https:\/\/www.acotv.org\/ca\/#\/schema\/person\/0de470fec1dbf9785a7343042d765744"},"breadcrumb":{"@id":"https:\/\/www.acotv.org\/es\/evaluacion-de-las-actividades-oculomotoras-y-visomotoras-en-la-etapa-de-aprender-a-leer\/#breadcrumb"},"inLanguage":"es","potentialAction":[{"@type":"ReadAction","target":["https:\/\/www.acotv.org\/es\/evaluacion-de-las-actividades-oculomotoras-y-visomotoras-en-la-etapa-de-aprender-a-leer\/"]}]},{"@type":"ImageObject","inLanguage":"es","@id":"https:\/\/www.acotv.org\/es\/evaluacion-de-las-actividades-oculomotoras-y-visomotoras-en-la-etapa-de-aprender-a-leer\/#primaryimage","url":"https:\/\/www.acotv.org\/wp-content\/uploads\/imatge1-13.jpg","contentUrl":"https:\/\/www.acotv.org\/wp-content\/uploads\/imatge1-13.jpg","width":700,"height":525},{"@type":"BreadcrumbList","@id":"https:\/\/www.acotv.org\/es\/evaluacion-de-las-actividades-oculomotoras-y-visomotoras-en-la-etapa-de-aprender-a-leer\/#breadcrumb","itemListElement":[{"@type":"ListItem","position":1,"name":"Portada","item":"https:\/\/www.acotv.org\/es\/"},{"@type":"ListItem","position":2,"name":"EVALUACI\u00d3N DE LAS ACTIVIDADES OCULOMOTORAS Y VISOMOTORAS EN LA ETAPA DE APRENDER A LEER"}]},{"@type":"WebSite","@id":"https:\/\/www.acotv.org\/ca\/#website","url":"https:\/\/www.acotv.org\/ca\/","name":"Asociaci\u00f3n Catalana de Optometr\u00eda y Terapia Visual","description":"","potentialAction":[{"@type":"SearchAction","target":{"@type":"EntryPoint","urlTemplate":"https:\/\/www.acotv.org\/ca\/?s={search_term_string}"},"query-input":{"@type":"PropertyValueSpecification","valueRequired":true,"valueName":"search_term_string"}}],"inLanguage":"es"},{"@type":"Person","@id":"https:\/\/www.acotv.org\/ca\/#\/schema\/person\/0de470fec1dbf9785a7343042d765744","name":"ACOTV","image":{"@type":"ImageObject","inLanguage":"es","@id":"https:\/\/www.acotv.org\/wp-content\/uploads\/Logo-petit-150x150.jpg","url":"https:\/\/www.acotv.org\/wp-content\/uploads\/Logo-petit-150x150.jpg","contentUrl":"https:\/\/www.acotv.org\/wp-content\/uploads\/Logo-petit-150x150.jpg","caption":"ACOTV"},"url":"https:\/\/www.acotv.org\/es\/author\/acotv\/"}]}},"_links":{"self":[{"href":"https:\/\/www.acotv.org\/es\/wp-json\/wp\/v2\/posts\/2972","targetHints":{"allow":["GET"]}}],"collection":[{"href":"https:\/\/www.acotv.org\/es\/wp-json\/wp\/v2\/posts"}],"about":[{"href":"https:\/\/www.acotv.org\/es\/wp-json\/wp\/v2\/types\/post"}],"author":[{"embeddable":true,"href":"https:\/\/www.acotv.org\/es\/wp-json\/wp\/v2\/users\/2"}],"replies":[{"embeddable":true,"href":"https:\/\/www.acotv.org\/es\/wp-json\/wp\/v2\/comments?post=2972"}],"version-history":[{"count":0,"href":"https:\/\/www.acotv.org\/es\/wp-json\/wp\/v2\/posts\/2972\/revisions"}],"wp:featuredmedia":[{"embeddable":true,"href":"https:\/\/www.acotv.org\/es\/wp-json\/wp\/v2\/media\/2967"}],"wp:attachment":[{"href":"https:\/\/www.acotv.org\/es\/wp-json\/wp\/v2\/media?parent=2972"}],"wp:term":[{"taxonomy":"category","embeddable":true,"href":"https:\/\/www.acotv.org\/es\/wp-json\/wp\/v2\/categories?post=2972"},{"taxonomy":"post_tag","embeddable":true,"href":"https:\/\/www.acotv.org\/es\/wp-json\/wp\/v2\/tags?post=2972"}],"curies":[{"name":"wp","href":"https:\/\/api.w.org\/{rel}","templated":true}]}}