{"id":2956,"date":"2017-03-30T09:31:00","date_gmt":"2017-03-30T07:31:00","guid":{"rendered":"https:\/\/www.acotv.org\/ambliopia-binocular-anisometropica-no-estrabica\/"},"modified":"2022-03-31T16:25:09","modified_gmt":"2022-03-31T14:25:09","slug":"ambliopia-binocular-anisometropica-no-estrabica","status":"publish","type":"post","link":"https:\/\/www.acotv.org\/es\/ambliopia-binocular-anisometropica-no-estrabica\/","title":{"rendered":"AMBLIOPIA BINOCULAR ANISOMETR\u00d3PICA NO ESTR\u00c1BICA"},"content":{"rendered":"\n<p class=\"has-medium-font-size wp-block-paragraph\">Publicar los Casos Cl\u00ednicos reales que se trabajan en las consultas de los profesionales especializados en Terapia Visual creemos que es una buena manera de acercar la calidad y garant\u00eda de la labor que desarrollan los profesionales que trabajan d\u00eda a d\u00eda en esta especialidad.<\/p>\n\n\n\n<p class=\"wp-block-paragraph\">Por ello, con el permiso de los optometristas que forman parte del&nbsp;<a href=\"http:\/\/www.acotv.org\/ca\/directori\/per-especialistes.html\" rel=\"alternate\">Directorio de la ACOTV<\/a>&nbsp;queremos incluir a los contenidos ya conocidos de este Blog (estudios, art\u00edculos de divulgaci\u00f3n elaborados por nuestros socios optometristas, trabajos fin de grado o m\u00e1ster de los estudiantes de \u00d3ptica y Optometr\u00eda &#8230;) un nuevo tipo de publicaci\u00f3n que puede ser diferente, y porque no muy interesante, los Casos Cl\u00ednicos, un testimonio de los grandes avances que se pueden conseguir con un buen tratamiento de Terapia Visual de la mano siempre de profesionales acreditados en formaci\u00f3n y experiencia que garanticen la pr\u00e1ctica cl\u00ednica de una terapia visual de calidad.<\/p>\n\n\n\n<p class=\"wp-block-paragraph\">Os dejamos el primero de los casos por gentileza de la compa\u00f1era del asociaci\u00f3n&nbsp;<a href=\"http:\/\/www.nuriarisco.com\/\" rel=\"alternate\">N\u00faria Risco Subir\u00e0<\/a>&nbsp;que esperamos os sea de utilidad.<\/p>\n\n\n\n<p class=\"has-text-color wp-block-paragraph\" style=\"color:#008ad0\"><strong>INTRODUCCI\u00d3N<\/strong><\/p>\n\n\n\n<p class=\"wp-block-paragraph\">Este caso demuestra c\u00f3mo la terapia visual no s\u00f3lo puede mejorar el sistema visual sino tambi\u00e9n el rendimiento escolar del ni\u00f1o y aumentar su autoestima consiguiendo que el ni\u00f1o sea m\u00e1s feliz.<\/p>\n\n\n\n<p class=\"has-text-color wp-block-paragraph\" style=\"color:#008ad0\"><strong>HISTORIA DEL CASO<\/strong><\/p>\n\n\n\n<p class=\"wp-block-paragraph\">Ni\u00f1a de 8 a\u00f1os, referida por su maestra; que ve mal en clase, se acerca mucho al papel, dificultades en copiar de la pizarra, muecas con los ojos, le cuesta leer, rendimiento escolar por debajo de lo norma, pulsa mucho el l\u00e1piz, comprensi\u00f3n baja y se distrae mucho. Diagnosticada de \u00abojo vago\u00bb y no gateo.<\/p>\n\n\n\n<p class=\"has-text-color wp-block-paragraph\" style=\"color:#008ad0\"><strong>EXAMEN OPTOM\u00c9TRICO<\/strong><\/p>\n\n\n\n<p class=\"wp-block-paragraph\">OD: +2.00 AV: 0,7 +2 \/\/ OI: +5,00-1,50 a 180\u00ba AV:0,4 con dificultad.<\/p>\n\n\n\n<p class=\"wp-block-paragraph\">Endof\u00f2rica lejos\/cerca.<\/p>\n\n\n\n<p class=\"wp-block-paragraph\">Supresi\u00f3n en lejos y OI a veces de cerca.<\/p>\n\n\n\n<p class=\"wp-block-paragraph\">Movimientos oculares de seguimiento y sac\u00e1dicos por debajo de la norma.<\/p>\n\n\n\n<p class=\"wp-block-paragraph\">Difer\u00e9ncias acomodativas entre el OD y el OI siendo peores la del UE.<\/p>\n\n\n\n<p class=\"wp-block-paragraph\">Baja estereopsis perif\u00e9rica.<\/p>\n\n\n\n<p class=\"wp-block-paragraph\">Fijaci\u00f3n central ligeramente inestable OD y ligeramente exc\u00e9ntrica en OI.<\/p>\n\n\n\n<p class=\"wp-block-paragraph\">Problemas de equilibrio.<\/p>\n\n\n\n<p class=\"wp-block-paragraph\">Problemas en su desarrollo.<\/p>\n\n\n\n<p class=\"wp-block-paragraph\">Pruebas de lectura muy por debajo de la norma.<\/p>\n\n\n\n<p class=\"wp-block-paragraph\">Campos visuales muy estrechos en los dos ojos.<\/p>\n\n\n\n<p class=\"has-text-color wp-block-paragraph\" style=\"color:#008ad0\"><strong>DIAGN\u00d3STICO<\/strong><\/p>\n\n\n\n<p class=\"wp-block-paragraph\">Ambliopia binocular anisometr\u00f3pica, m\u00e1s severa en el UEi problemas de aprendizaje consecuencia de su ambliopia adem\u00e1s de problemas en el neurodesarrollo.<\/p>\n\n\n\n<p class=\"has-text-color wp-block-paragraph\" style=\"color:#008ad0\"><strong>PRON\u00d3STICO<\/strong><\/p>\n\n\n\n<p class=\"wp-block-paragraph\">Buen pron\u00f3stico en la recuperaci\u00f3n de la agudeza visual y en la binocularidad que comporta una mejora en las habilitdades a nivel escolar y en su vida en general.<\/p>\n\n\n\n<p class=\"has-text-color wp-block-paragraph\" style=\"color:#008ad0\"><strong>TRATAIMENTO<\/strong><\/p>\n\n\n\n<p class=\"wp-block-paragraph\">Cambio de refracci\u00f3n.<\/p>\n\n\n\n<p class=\"wp-block-paragraph\">Tratamiento synt\u00f3nic.<\/p>\n\n\n\n<p class=\"wp-block-paragraph\">TMR passiva.<\/p>\n\n\n\n<p class=\"wp-block-paragraph\">Ter\u00e1pia Visual.<\/p>\n\n\n\n<p class=\"has-text-color wp-block-paragraph\" style=\"color:#008ad0\"><strong>FINALIZACI\u00d3N DEL CASO<\/strong><\/p>\n\n\n\n<p class=\"wp-block-paragraph\">OD: +1,75 AV: 1,2 \/\/ OI: +3,25-1,25 a 180\u00ba AV: 1,2.<\/p>\n\n\n\n<p class=\"wp-block-paragraph\">Endof\u00f2rica lejos\/cerca.<\/p>\n\n\n\n<p class=\"wp-block-paragraph\">No hay supresi\u00f3n.<\/p>\n\n\n\n<p class=\"wp-block-paragraph\">Movimientos oculares de seguimiento y sac\u00e1dicos puntuaci\u00f3n 4 con equilibrio entre los dos ojos.<\/p>\n\n\n\n<p class=\"wp-block-paragraph\">Acomodaci\u00f3n normal en ambos ojos.<\/p>\n\n\n\n<p class=\"wp-block-paragraph\">Estereopsi 20\u201d arco.<\/p>\n\n\n\n<p class=\"wp-block-paragraph\">Reflejos practicamente integrados.<\/p>\n\n\n\n<p class=\"has-text-color wp-block-paragraph\" style=\"color:#008ad0\"><strong>CONCLUSI\u00d3N<\/strong><\/p>\n\n\n\n<p class=\"wp-block-paragraph\">Se han cumplido los objetivos de la terapia marcados por la maestra, madre, profesora y optometrista.\r\n\r\n<\/p>\n\n\n\n<p class=\"wp-block-paragraph\">Pod\u00e9is consultar todo el detalle del Caso en este documento:<\/p>\n\n\n\n<div data-wp-interactive=\"core\/file\" class=\"wp-block-file\"><object data-wp-bind--hidden=\"!state.hasPdfPreview\" hidden class=\"wp-block-file__embed\" data=\"https:\/\/www.acotv.org\/wp-content\/uploads\/Nria-Risco-Caso_AMBLIOPIA-BINOCULAR-ANISOMETRPICA-NO-ESTRBICA.pdf\" type=\"application\/pdf\" style=\"width:100%;height:600px\" aria-label=\"Incrustado de Incrustado de Nria-Risco-Caso_AMBLIOPIA-BINOCULAR-ANISOMETRPICA-NO-ESTRBICA..\"><\/object><a id=\"wp-block-file--media-6c3aa8e4-1ec0-4d54-8aa7-c8f1ddc76133\" href=\"https:\/\/www.acotv.org\/wp-content\/uploads\/Nria-Risco-Caso_AMBLIOPIA-BINOCULAR-ANISOMETRPICA-NO-ESTRBICA.pdf\">Nria-Risco-Caso_AMBLIOPIA-BINOCULAR-ANISOMETRPICA-NO-ESTRBICA<\/a><a href=\"https:\/\/www.acotv.org\/wp-content\/uploads\/Nria-Risco-Caso_AMBLIOPIA-BINOCULAR-ANISOMETRPICA-NO-ESTRBICA.pdf\" class=\"wp-block-file__button\" download aria-describedby=\"wp-block-file--media-6c3aa8e4-1ec0-4d54-8aa7-c8f1ddc76133\">Descarga<\/a><\/div>\n\n\n\n<p class=\"wp-block-paragraph\"><\/p>\n\n\n\n<p class=\"wp-block-paragraph\">Presentaci\u00f3n elaborada por<strong>\u00a0Rocio Villena Requena<\/strong> <br>Diplomada en \u00d3ptica y Optometria <br>M\u00e1ster en Optometria y Ci\u00e9ncias de la Visi\u00f3n <br>Miembro de la ACOTV<\/p>\n","protected":false},"excerpt":{"rendered":"<p>Publicar los Casos Cl\u00ednicos reales que se trabajan en las consultas de los profesionales especializados en Terapia Visual creemos que [&hellip;]<\/p>\n","protected":false},"author":2,"featured_media":2934,"comment_status":"open","ping_status":"open","sticky":false,"template":"","format":"standard","meta":{"ocean_front_end_style_editor":"no","ocean_post_layout":"","ocean_both_sidebars_style":"","ocean_both_sidebars_content_width":0,"ocean_both_sidebars_sidebars_width":0,"ocean_sidebar":"0","ocean_second_sidebar":"0","ocean_disable_margins":"enable","ocean_add_body_class":"","ocean_shortcode_before_top_bar":"","ocean_shortcode_after_top_bar":"","ocean_shortcode_before_header":"","ocean_shortcode_after_header":"","ocean_has_shortcode":"","ocean_shortcode_after_title":"","ocean_shortcode_before_footer_widgets":"","ocean_shortcode_after_footer_widgets":"","ocean_shortcode_before_footer_bottom":"","ocean_shortcode_after_footer_bottom":"","ocean_display_top_bar":"default","ocean_display_header":"default","ocean_header_style":"","ocean_center_header_left_menu":"0","ocean_custom_header_template":"0","ocean_custom_logo":0,"ocean_custom_retina_logo":0,"ocean_custom_logo_max_width":0,"ocean_custom_logo_tablet_max_width":0,"ocean_custom_logo_mobile_max_width":0,"ocean_custom_logo_max_height":0,"ocean_custom_logo_tablet_max_height":0,"ocean_custom_logo_mobile_max_height":0,"ocean_header_custom_menu":"0","ocean_menu_typo_font_family":"0","ocean_menu_typo_font_subset":"","ocean_menu_typo_font_size":0,"ocean_menu_typo_font_size_tablet":0,"ocean_menu_typo_font_size_mobile":0,"ocean_menu_typo_font_size_unit":"px","ocean_menu_typo_font_weight":"","ocean_menu_typo_font_weight_tablet":"","ocean_menu_typo_font_weight_mobile":"","ocean_menu_typo_transform":"","ocean_menu_typo_transform_tablet":"","ocean_menu_typo_transform_mobile":"","ocean_menu_typo_line_height":0,"ocean_menu_typo_line_height_tablet":0,"ocean_menu_typo_line_height_mobile":0,"ocean_menu_typo_line_height_unit":"","ocean_menu_typo_spacing":0,"ocean_menu_typo_spacing_tablet":0,"ocean_menu_typo_spacing_mobile":0,"ocean_menu_typo_spacing_unit":"","ocean_menu_link_color":"","ocean_menu_link_color_hover":"","ocean_menu_link_color_active":"","ocean_menu_link_background":"","ocean_menu_link_hover_background":"","ocean_menu_link_active_background":"","ocean_menu_social_links_bg":"","ocean_menu_social_hover_links_bg":"","ocean_menu_social_links_color":"","ocean_menu_social_hover_links_color":"","ocean_disable_title":"default","ocean_disable_heading":"default","ocean_post_title":"","ocean_post_subheading":"","ocean_post_title_style":"","ocean_post_title_background_color":"","ocean_post_title_background":0,"ocean_post_title_bg_image_position":"","ocean_post_title_bg_image_attachment":"","ocean_post_title_bg_image_repeat":"","ocean_post_title_bg_image_size":"","ocean_post_title_height":0,"ocean_post_title_bg_overlay":0.5,"ocean_post_title_bg_overlay_color":"","ocean_disable_breadcrumbs":"default","ocean_breadcrumbs_color":"","ocean_breadcrumbs_separator_color":"","ocean_breadcrumbs_links_color":"","ocean_breadcrumbs_links_hover_color":"","ocean_display_footer_widgets":"default","ocean_display_footer_bottom":"default","ocean_custom_footer_template":"0","ocean_post_oembed":"","ocean_post_self_hosted_media":"","ocean_post_video_embed":"","ocean_link_format":"","ocean_link_format_target":"self","ocean_quote_format":"","ocean_quote_format_link":"post","ocean_gallery_link_images":"off","ocean_gallery_id":[],"footnotes":""},"categories":[9],"tags":[60,61],"class_list":["post-2956","post","type-post","status-publish","format-standard","has-post-thumbnail","hentry","category-blog","tag-optometria","tag-terapiavisual","entry","has-media"],"yoast_head":"<!-- This site is optimized with the Yoast SEO plugin v28.4 - https:\/\/yoast.com\/product\/yoast-seo-wordpress\/ -->\n<title>AMBLIOPIA BINOCULAR ANISOMETR\u00d3PICA NO ESTR\u00c1BICA - Asociaci\u00f3n Catalana de Optometr\u00eda y Terapia Visual<\/title>\n<meta name=\"robots\" content=\"index, follow, max-snippet:-1, max-image-preview:large, max-video-preview:-1\" \/>\n<link rel=\"canonical\" href=\"https:\/\/www.acotv.org\/es\/ambliopia-binocular-anisometropica-no-estrabica\/\" \/>\n<meta property=\"og:locale\" content=\"es_ES\" \/>\n<meta property=\"og:type\" content=\"article\" \/>\n<meta property=\"og:title\" content=\"AMBLIOPIA BINOCULAR ANISOMETR\u00d3PICA NO ESTR\u00c1BICA - Asociaci\u00f3n Catalana de Optometr\u00eda y Terapia Visual\" \/>\n<meta property=\"og:description\" content=\"Publicar los Casos Cl\u00ednicos reales que se trabajan en las consultas de los profesionales especializados en Terapia Visual creemos que [&hellip;]\" \/>\n<meta property=\"og:url\" content=\"https:\/\/www.acotv.org\/es\/ambliopia-binocular-anisometropica-no-estrabica\/\" \/>\n<meta property=\"og:site_name\" content=\"Asociaci\u00f3n Catalana de Optometr\u00eda y Terapia Visual\" \/>\n<meta property=\"article:published_time\" content=\"2017-03-30T07:31:00+00:00\" \/>\n<meta property=\"article:modified_time\" content=\"2022-03-31T14:25:09+00:00\" \/>\n<meta property=\"og:image\" content=\"https:\/\/www.acotv.org\/wp-content\/uploads\/Imatge5-5.jpg\" \/>\n\t<meta property=\"og:image:width\" content=\"700\" \/>\n\t<meta property=\"og:image:height\" content=\"465\" \/>\n\t<meta property=\"og:image:type\" content=\"image\/jpeg\" \/>\n<meta name=\"author\" content=\"ACOTV\" \/>\n<meta name=\"twitter:card\" content=\"summary_large_image\" \/>\n<meta name=\"twitter:label1\" content=\"Escrito por\" \/>\n\t<meta name=\"twitter:data1\" content=\"ACOTV\" \/>\n\t<meta name=\"twitter:label2\" content=\"Tiempo de lectura\" \/>\n\t<meta name=\"twitter:data2\" content=\"3 minutos\" \/>\n<script type=\"application\/ld+json\" class=\"yoast-schema-graph\">{\"@context\":\"https:\\\/\\\/schema.org\",\"@graph\":[{\"@type\":\"Article\",\"@id\":\"https:\\\/\\\/www.acotv.org\\\/es\\\/ambliopia-binocular-anisometropica-no-estrabica\\\/#article\",\"isPartOf\":{\"@id\":\"https:\\\/\\\/www.acotv.org\\\/es\\\/ambliopia-binocular-anisometropica-no-estrabica\\\/\"},\"author\":{\"name\":\"ACOTV\",\"@id\":\"https:\\\/\\\/www.acotv.org\\\/ca\\\/#\\\/schema\\\/person\\\/0de470fec1dbf9785a7343042d765744\"},\"headline\":\"AMBLIOPIA BINOCULAR ANISOMETR\u00d3PICA NO ESTR\u00c1BICA\",\"datePublished\":\"2017-03-30T07:31:00+00:00\",\"dateModified\":\"2022-03-31T14:25:09+00:00\",\"mainEntityOfPage\":{\"@id\":\"https:\\\/\\\/www.acotv.org\\\/es\\\/ambliopia-binocular-anisometropica-no-estrabica\\\/\"},\"wordCount\":566,\"commentCount\":0,\"image\":{\"@id\":\"https:\\\/\\\/www.acotv.org\\\/es\\\/ambliopia-binocular-anisometropica-no-estrabica\\\/#primaryimage\"},\"thumbnailUrl\":\"https:\\\/\\\/www.acotv.org\\\/wp-content\\\/uploads\\\/Imatge5-5.jpg\",\"keywords\":[\"Optometria\",\"TerapiaVisual\"],\"articleSection\":[\"Blog\"],\"inLanguage\":\"es\",\"potentialAction\":[{\"@type\":\"CommentAction\",\"name\":\"Comment\",\"target\":[\"https:\\\/\\\/www.acotv.org\\\/es\\\/ambliopia-binocular-anisometropica-no-estrabica\\\/#respond\"]}]},{\"@type\":\"WebPage\",\"@id\":\"https:\\\/\\\/www.acotv.org\\\/es\\\/ambliopia-binocular-anisometropica-no-estrabica\\\/\",\"url\":\"https:\\\/\\\/www.acotv.org\\\/es\\\/ambliopia-binocular-anisometropica-no-estrabica\\\/\",\"name\":\"AMBLIOPIA BINOCULAR ANISOMETR\u00d3PICA NO ESTR\u00c1BICA - Asociaci\u00f3n Catalana de Optometr\u00eda y Terapia Visual\",\"isPartOf\":{\"@id\":\"https:\\\/\\\/www.acotv.org\\\/ca\\\/#website\"},\"primaryImageOfPage\":{\"@id\":\"https:\\\/\\\/www.acotv.org\\\/es\\\/ambliopia-binocular-anisometropica-no-estrabica\\\/#primaryimage\"},\"image\":{\"@id\":\"https:\\\/\\\/www.acotv.org\\\/es\\\/ambliopia-binocular-anisometropica-no-estrabica\\\/#primaryimage\"},\"thumbnailUrl\":\"https:\\\/\\\/www.acotv.org\\\/wp-content\\\/uploads\\\/Imatge5-5.jpg\",\"datePublished\":\"2017-03-30T07:31:00+00:00\",\"dateModified\":\"2022-03-31T14:25:09+00:00\",\"author\":{\"@id\":\"https:\\\/\\\/www.acotv.org\\\/ca\\\/#\\\/schema\\\/person\\\/0de470fec1dbf9785a7343042d765744\"},\"breadcrumb\":{\"@id\":\"https:\\\/\\\/www.acotv.org\\\/es\\\/ambliopia-binocular-anisometropica-no-estrabica\\\/#breadcrumb\"},\"inLanguage\":\"es\",\"potentialAction\":[{\"@type\":\"ReadAction\",\"target\":[\"https:\\\/\\\/www.acotv.org\\\/es\\\/ambliopia-binocular-anisometropica-no-estrabica\\\/\"]}]},{\"@type\":\"ImageObject\",\"inLanguage\":\"es\",\"@id\":\"https:\\\/\\\/www.acotv.org\\\/es\\\/ambliopia-binocular-anisometropica-no-estrabica\\\/#primaryimage\",\"url\":\"https:\\\/\\\/www.acotv.org\\\/wp-content\\\/uploads\\\/Imatge5-5.jpg\",\"contentUrl\":\"https:\\\/\\\/www.acotv.org\\\/wp-content\\\/uploads\\\/Imatge5-5.jpg\",\"width\":700,\"height\":465},{\"@type\":\"BreadcrumbList\",\"@id\":\"https:\\\/\\\/www.acotv.org\\\/es\\\/ambliopia-binocular-anisometropica-no-estrabica\\\/#breadcrumb\",\"itemListElement\":[{\"@type\":\"ListItem\",\"position\":1,\"name\":\"Portada\",\"item\":\"https:\\\/\\\/www.acotv.org\\\/es\\\/\"},{\"@type\":\"ListItem\",\"position\":2,\"name\":\"AMBLIOPIA BINOCULAR ANISOMETR\u00d3PICA NO ESTR\u00c1BICA\"}]},{\"@type\":\"WebSite\",\"@id\":\"https:\\\/\\\/www.acotv.org\\\/ca\\\/#website\",\"url\":\"https:\\\/\\\/www.acotv.org\\\/ca\\\/\",\"name\":\"Asociaci\u00f3n Catalana de Optometr\u00eda y Terapia Visual\",\"description\":\"\",\"potentialAction\":[{\"@type\":\"SearchAction\",\"target\":{\"@type\":\"EntryPoint\",\"urlTemplate\":\"https:\\\/\\\/www.acotv.org\\\/ca\\\/?s={search_term_string}\"},\"query-input\":{\"@type\":\"PropertyValueSpecification\",\"valueRequired\":true,\"valueName\":\"search_term_string\"}}],\"inLanguage\":\"es\"},{\"@type\":\"Person\",\"@id\":\"https:\\\/\\\/www.acotv.org\\\/ca\\\/#\\\/schema\\\/person\\\/0de470fec1dbf9785a7343042d765744\",\"name\":\"ACOTV\",\"image\":{\"@type\":\"ImageObject\",\"inLanguage\":\"es\",\"@id\":\"https:\\\/\\\/www.acotv.org\\\/wp-content\\\/uploads\\\/Logo-petit-150x150.jpg\",\"url\":\"https:\\\/\\\/www.acotv.org\\\/wp-content\\\/uploads\\\/Logo-petit-150x150.jpg\",\"contentUrl\":\"https:\\\/\\\/www.acotv.org\\\/wp-content\\\/uploads\\\/Logo-petit-150x150.jpg\",\"caption\":\"ACOTV\"},\"url\":\"https:\\\/\\\/www.acotv.org\\\/es\\\/author\\\/acotv\\\/\"}]}<\/script>\n<!-- \/ Yoast SEO plugin. -->","yoast_head_json":{"title":"AMBLIOPIA BINOCULAR ANISOMETR\u00d3PICA NO ESTR\u00c1BICA - Asociaci\u00f3n Catalana de Optometr\u00eda y Terapia Visual","robots":{"index":"index","follow":"follow","max-snippet":"max-snippet:-1","max-image-preview":"max-image-preview:large","max-video-preview":"max-video-preview:-1"},"canonical":"https:\/\/www.acotv.org\/es\/ambliopia-binocular-anisometropica-no-estrabica\/","og_locale":"es_ES","og_type":"article","og_title":"AMBLIOPIA BINOCULAR ANISOMETR\u00d3PICA NO ESTR\u00c1BICA - Asociaci\u00f3n Catalana de Optometr\u00eda y Terapia Visual","og_description":"Publicar los Casos Cl\u00ednicos reales que se trabajan en las consultas de los profesionales especializados en Terapia Visual creemos que [&hellip;]","og_url":"https:\/\/www.acotv.org\/es\/ambliopia-binocular-anisometropica-no-estrabica\/","og_site_name":"Asociaci\u00f3n Catalana de Optometr\u00eda y Terapia Visual","article_published_time":"2017-03-30T07:31:00+00:00","article_modified_time":"2022-03-31T14:25:09+00:00","og_image":[{"width":700,"height":465,"url":"https:\/\/www.acotv.org\/wp-content\/uploads\/Imatge5-5.jpg","type":"image\/jpeg"}],"author":"ACOTV","twitter_card":"summary_large_image","twitter_misc":{"Escrito por":"ACOTV","Tiempo de lectura":"3 minutos"},"schema":{"@context":"https:\/\/schema.org","@graph":[{"@type":"Article","@id":"https:\/\/www.acotv.org\/es\/ambliopia-binocular-anisometropica-no-estrabica\/#article","isPartOf":{"@id":"https:\/\/www.acotv.org\/es\/ambliopia-binocular-anisometropica-no-estrabica\/"},"author":{"name":"ACOTV","@id":"https:\/\/www.acotv.org\/ca\/#\/schema\/person\/0de470fec1dbf9785a7343042d765744"},"headline":"AMBLIOPIA BINOCULAR ANISOMETR\u00d3PICA NO ESTR\u00c1BICA","datePublished":"2017-03-30T07:31:00+00:00","dateModified":"2022-03-31T14:25:09+00:00","mainEntityOfPage":{"@id":"https:\/\/www.acotv.org\/es\/ambliopia-binocular-anisometropica-no-estrabica\/"},"wordCount":566,"commentCount":0,"image":{"@id":"https:\/\/www.acotv.org\/es\/ambliopia-binocular-anisometropica-no-estrabica\/#primaryimage"},"thumbnailUrl":"https:\/\/www.acotv.org\/wp-content\/uploads\/Imatge5-5.jpg","keywords":["Optometria","TerapiaVisual"],"articleSection":["Blog"],"inLanguage":"es","potentialAction":[{"@type":"CommentAction","name":"Comment","target":["https:\/\/www.acotv.org\/es\/ambliopia-binocular-anisometropica-no-estrabica\/#respond"]}]},{"@type":"WebPage","@id":"https:\/\/www.acotv.org\/es\/ambliopia-binocular-anisometropica-no-estrabica\/","url":"https:\/\/www.acotv.org\/es\/ambliopia-binocular-anisometropica-no-estrabica\/","name":"AMBLIOPIA BINOCULAR ANISOMETR\u00d3PICA NO ESTR\u00c1BICA - Asociaci\u00f3n Catalana de Optometr\u00eda y Terapia Visual","isPartOf":{"@id":"https:\/\/www.acotv.org\/ca\/#website"},"primaryImageOfPage":{"@id":"https:\/\/www.acotv.org\/es\/ambliopia-binocular-anisometropica-no-estrabica\/#primaryimage"},"image":{"@id":"https:\/\/www.acotv.org\/es\/ambliopia-binocular-anisometropica-no-estrabica\/#primaryimage"},"thumbnailUrl":"https:\/\/www.acotv.org\/wp-content\/uploads\/Imatge5-5.jpg","datePublished":"2017-03-30T07:31:00+00:00","dateModified":"2022-03-31T14:25:09+00:00","author":{"@id":"https:\/\/www.acotv.org\/ca\/#\/schema\/person\/0de470fec1dbf9785a7343042d765744"},"breadcrumb":{"@id":"https:\/\/www.acotv.org\/es\/ambliopia-binocular-anisometropica-no-estrabica\/#breadcrumb"},"inLanguage":"es","potentialAction":[{"@type":"ReadAction","target":["https:\/\/www.acotv.org\/es\/ambliopia-binocular-anisometropica-no-estrabica\/"]}]},{"@type":"ImageObject","inLanguage":"es","@id":"https:\/\/www.acotv.org\/es\/ambliopia-binocular-anisometropica-no-estrabica\/#primaryimage","url":"https:\/\/www.acotv.org\/wp-content\/uploads\/Imatge5-5.jpg","contentUrl":"https:\/\/www.acotv.org\/wp-content\/uploads\/Imatge5-5.jpg","width":700,"height":465},{"@type":"BreadcrumbList","@id":"https:\/\/www.acotv.org\/es\/ambliopia-binocular-anisometropica-no-estrabica\/#breadcrumb","itemListElement":[{"@type":"ListItem","position":1,"name":"Portada","item":"https:\/\/www.acotv.org\/es\/"},{"@type":"ListItem","position":2,"name":"AMBLIOPIA BINOCULAR ANISOMETR\u00d3PICA NO ESTR\u00c1BICA"}]},{"@type":"WebSite","@id":"https:\/\/www.acotv.org\/ca\/#website","url":"https:\/\/www.acotv.org\/ca\/","name":"Asociaci\u00f3n Catalana de Optometr\u00eda y Terapia Visual","description":"","potentialAction":[{"@type":"SearchAction","target":{"@type":"EntryPoint","urlTemplate":"https:\/\/www.acotv.org\/ca\/?s={search_term_string}"},"query-input":{"@type":"PropertyValueSpecification","valueRequired":true,"valueName":"search_term_string"}}],"inLanguage":"es"},{"@type":"Person","@id":"https:\/\/www.acotv.org\/ca\/#\/schema\/person\/0de470fec1dbf9785a7343042d765744","name":"ACOTV","image":{"@type":"ImageObject","inLanguage":"es","@id":"https:\/\/www.acotv.org\/wp-content\/uploads\/Logo-petit-150x150.jpg","url":"https:\/\/www.acotv.org\/wp-content\/uploads\/Logo-petit-150x150.jpg","contentUrl":"https:\/\/www.acotv.org\/wp-content\/uploads\/Logo-petit-150x150.jpg","caption":"ACOTV"},"url":"https:\/\/www.acotv.org\/es\/author\/acotv\/"}]}},"_links":{"self":[{"href":"https:\/\/www.acotv.org\/es\/wp-json\/wp\/v2\/posts\/2956","targetHints":{"allow":["GET"]}}],"collection":[{"href":"https:\/\/www.acotv.org\/es\/wp-json\/wp\/v2\/posts"}],"about":[{"href":"https:\/\/www.acotv.org\/es\/wp-json\/wp\/v2\/types\/post"}],"author":[{"embeddable":true,"href":"https:\/\/www.acotv.org\/es\/wp-json\/wp\/v2\/users\/2"}],"replies":[{"embeddable":true,"href":"https:\/\/www.acotv.org\/es\/wp-json\/wp\/v2\/comments?post=2956"}],"version-history":[{"count":0,"href":"https:\/\/www.acotv.org\/es\/wp-json\/wp\/v2\/posts\/2956\/revisions"}],"wp:featuredmedia":[{"embeddable":true,"href":"https:\/\/www.acotv.org\/es\/wp-json\/wp\/v2\/media\/2934"}],"wp:attachment":[{"href":"https:\/\/www.acotv.org\/es\/wp-json\/wp\/v2\/media?parent=2956"}],"wp:term":[{"taxonomy":"category","embeddable":true,"href":"https:\/\/www.acotv.org\/es\/wp-json\/wp\/v2\/categories?post=2956"},{"taxonomy":"post_tag","embeddable":true,"href":"https:\/\/www.acotv.org\/es\/wp-json\/wp\/v2\/tags?post=2956"}],"curies":[{"name":"wp","href":"https:\/\/api.w.org\/{rel}","templated":true}]}}