{"id":2952,"date":"2017-02-23T10:51:00","date_gmt":"2017-02-23T09:51:00","guid":{"rendered":"https:\/\/www.acotv.org\/habitos-conductuales-asociados-a-la-miopia-simple\/"},"modified":"2022-03-31T16:22:19","modified_gmt":"2022-03-31T14:22:19","slug":"habitos-conductuales-asociados-a-la-miopia-simple","status":"publish","type":"post","link":"https:\/\/www.acotv.org\/es\/habitos-conductuales-asociados-a-la-miopia-simple\/","title":{"rendered":"H\u00c1BITOS CONDUCTUALES ASOCIADOS A LA MIOPIA SIMPLE"},"content":{"rendered":"\n<p class=\"has-medium-font-size wp-block-paragraph\">Nos hace una ilusi\u00f3n especial compartiros el&nbsp;<strong>Trabajo<\/strong><strong>&nbsp;<\/strong><strong>Final de Grado<\/strong><strong>&nbsp;<\/strong>que realiz\u00f3 en junio 2013&nbsp;<strong>Sara Garc\u00eda P\u00e9rez,<\/strong>&nbsp;actualmente compa\u00f1era optometrista miembro de la ACOTV. El trabajo fue dirigido por la profesora de la Facultad de \u00d3ptica y Optometr\u00eda de Terrassa:<strong>&nbsp;Montse Aug\u00e9.\r\n<\/strong><\/p>\n\n\n\n<p class=\"has-text-color wp-block-paragraph\" style=\"color:#008ad0\"><strong>Objectivo<\/strong><\/p>\n\n\n\n<p class=\"wp-block-paragraph\">Evaluar la relaci\u00f3n entre la miop\u00eda simple y algunas variables conductuales y familiares, en una muestra de estudiantes de primaria y secundaria, y valorar los estilos de vida que favorecen las actividades visuales de cerca de forma concentrada y prolongada en detrimento de la visi\u00f3nlejana y su relaci\u00f3ncon la miop\u00eda simple. <\/p>\n\n\n\n<p class=\"has-text-color wp-block-paragraph\" style=\"color:#008ad0\"><strong>M\u00e9todo<\/strong><\/p>\n\n\n\n<p class=\"wp-block-paragraph\">La muestra final de sujetos (n=400), g\u00e9nero femenino (n=208) y g\u00e9nero masculino (n=192), con edad media de 12,10 a\u00f1os.<\/p>\n\n\n\n<p class=\"wp-block-paragraph\">Como instrumentos de medida se utilizaron un cuestionario de sintomatolog\u00eda y de miop\u00eda parental, par\u00e1metros visuales, actividades visuales de cerca y valoraci\u00f3n postural.<\/p>\n\n\n\n<p class=\"has-text-color wp-block-paragraph\" style=\"color:#008ad0\"><strong>Resultados<\/strong><\/p>\n\n\n\n<p class=\"wp-block-paragraph\">La prevalencia de miopes es elevada con un 21.2%, se observa una peque\u00f1a diferencia de estudiantes miopes de g\u00e9nero femeninocon un 22.2%, y el g\u00e9nero masculinocon un 19,2%.<\/p>\n\n\n\n<p class=\"wp-block-paragraph\">En los estudiantes de primero de primaria (de 6 a\u00f1os) predominan sobre todo los no-miopes con un 91.1%, a medida que va aumentando la edad tambi\u00e9n se incrementa el n\u00famero de estudiantes miopes, en 1ero de la ESO m\u00e1s del 70% de estudiantes son miopes.<\/p>\n\n\n\n<p class=\"wp-block-paragraph\">Actualmente la miop\u00eda simple est\u00e1 m\u00e1s influenciada por las variables conductuales que por las variables familiares. La lecto-escritura es la actividad de cerca que presenta diferencias m\u00e1s significativas entre los estudiantes miopes y los no-miopes. Existe una relaci\u00f3n inversa entre el n\u00famero de horas que se dedican a las actividades al aire libre y la miop\u00eda.<\/p>\n\n\n\n<p class=\"wp-block-paragraph\">Los estudiantes miopes presentan m\u00e1s posturas inadecuadas al realizar actividades de cerca prolongadas que los estudiantes no-miopes.<\/p>\n\n\n\n<p class=\"has-text-color wp-block-paragraph\" style=\"color:#008ad0\"><strong>Conclusiones<\/strong><\/p>\n\n\n\n<p class=\"wp-block-paragraph\">El n\u00famero de estudiantes miopes aumenta con la edad y el curso acad\u00e9mico, sin haber diferencia entre el g\u00e9nero masculino y femenino.<\/p>\n\n\n\n<p class=\"wp-block-paragraph\">No existe una mayor predisposici\u00f3n de ser miope si los padres lo son, en cambio s\u00ed que influyen los h\u00e1bitos culturales que fomenten usar la visi\u00f3n cercana como son la lectura, el estudio y el uso del ordenador y los videojuegos.<\/p>\n\n\n\n<p class=\"wp-block-paragraph\">Leer el documento completo:<\/p>\n\n\n\n<div data-wp-interactive=\"core\/file\" class=\"wp-block-file\"><object data-wp-bind--hidden=\"!state.hasPdfPreview\" hidden class=\"wp-block-file__embed\" data=\"https:\/\/www.acotv.org\/wp-content\/uploads\/TFG_Sara-Garcia-Perez.pdf\" type=\"application\/pdf\" style=\"width:100%;height:600px\" aria-label=\"Incrustado de Incrustado de TFG_Sara-Garcia-Perez..\"><\/object><a id=\"wp-block-file--media-a4663705-7c8c-4927-a233-2601aeed655a\" href=\"https:\/\/www.acotv.org\/wp-content\/uploads\/TFG_Sara-Garcia-Perez.pdf\">TFG_Sara-Garcia-Perez<\/a><a href=\"https:\/\/www.acotv.org\/wp-content\/uploads\/TFG_Sara-Garcia-Perez.pdf\" class=\"wp-block-file__button\" download aria-describedby=\"wp-block-file--media-a4663705-7c8c-4927-a233-2601aeed655a\">Descarga<\/a><\/div>\n\n\n\n<p class=\"wp-block-paragraph\">Presentaci\u00f3n elaborada por <strong>Rocio Villena Requena<\/strong>\r\nDiplomada en \u00d3ptica y Optometria\r\nM\u00e1ster en Optometria y Ci\u00e9ncias de la Visi\u00f3n\r\nMiembro de la ACOTV<\/p>\n","protected":false},"excerpt":{"rendered":"<p>Nos hace una ilusi\u00f3n especial compartiros el&nbsp;Trabajo&nbsp;Final de Grado&nbsp;que realiz\u00f3 en junio 2013&nbsp;Sara Garc\u00eda P\u00e9rez,&nbsp;actualmente compa\u00f1era optometrista miembro de la [&hellip;]<\/p>\n","protected":false},"author":2,"featured_media":2948,"comment_status":"open","ping_status":"open","sticky":false,"template":"","format":"standard","meta":{"ocean_front_end_style_editor":"no","ocean_post_layout":"","ocean_both_sidebars_style":"","ocean_both_sidebars_content_width":0,"ocean_both_sidebars_sidebars_width":0,"ocean_sidebar":"0","ocean_second_sidebar":"0","ocean_disable_margins":"enable","ocean_add_body_class":"","ocean_shortcode_before_top_bar":"","ocean_shortcode_after_top_bar":"","ocean_shortcode_before_header":"","ocean_shortcode_after_header":"","ocean_has_shortcode":"","ocean_shortcode_after_title":"","ocean_shortcode_before_footer_widgets":"","ocean_shortcode_after_footer_widgets":"","ocean_shortcode_before_footer_bottom":"","ocean_shortcode_after_footer_bottom":"","ocean_display_top_bar":"default","ocean_display_header":"default","ocean_header_style":"","ocean_center_header_left_menu":"0","ocean_custom_header_template":"0","ocean_custom_logo":0,"ocean_custom_retina_logo":0,"ocean_custom_logo_max_width":0,"ocean_custom_logo_tablet_max_width":0,"ocean_custom_logo_mobile_max_width":0,"ocean_custom_logo_max_height":0,"ocean_custom_logo_tablet_max_height":0,"ocean_custom_logo_mobile_max_height":0,"ocean_header_custom_menu":"0","ocean_menu_typo_font_family":"0","ocean_menu_typo_font_subset":"","ocean_menu_typo_font_size":0,"ocean_menu_typo_font_size_tablet":0,"ocean_menu_typo_font_size_mobile":0,"ocean_menu_typo_font_size_unit":"px","ocean_menu_typo_font_weight":"","ocean_menu_typo_font_weight_tablet":"","ocean_menu_typo_font_weight_mobile":"","ocean_menu_typo_transform":"","ocean_menu_typo_transform_tablet":"","ocean_menu_typo_transform_mobile":"","ocean_menu_typo_line_height":0,"ocean_menu_typo_line_height_tablet":0,"ocean_menu_typo_line_height_mobile":0,"ocean_menu_typo_line_height_unit":"","ocean_menu_typo_spacing":0,"ocean_menu_typo_spacing_tablet":0,"ocean_menu_typo_spacing_mobile":0,"ocean_menu_typo_spacing_unit":"","ocean_menu_link_color":"","ocean_menu_link_color_hover":"","ocean_menu_link_color_active":"","ocean_menu_link_background":"","ocean_menu_link_hover_background":"","ocean_menu_link_active_background":"","ocean_menu_social_links_bg":"","ocean_menu_social_hover_links_bg":"","ocean_menu_social_links_color":"","ocean_menu_social_hover_links_color":"","ocean_disable_title":"default","ocean_disable_heading":"default","ocean_post_title":"","ocean_post_subheading":"","ocean_post_title_style":"","ocean_post_title_background_color":"","ocean_post_title_background":0,"ocean_post_title_bg_image_position":"","ocean_post_title_bg_image_attachment":"","ocean_post_title_bg_image_repeat":"","ocean_post_title_bg_image_size":"","ocean_post_title_height":0,"ocean_post_title_bg_overlay":0.5,"ocean_post_title_bg_overlay_color":"","ocean_disable_breadcrumbs":"default","ocean_breadcrumbs_color":"","ocean_breadcrumbs_separator_color":"","ocean_breadcrumbs_links_color":"","ocean_breadcrumbs_links_hover_color":"","ocean_display_footer_widgets":"default","ocean_display_footer_bottom":"default","ocean_custom_footer_template":"0","ocean_post_oembed":"","ocean_post_self_hosted_media":"","ocean_post_video_embed":"","ocean_link_format":"","ocean_link_format_target":"self","ocean_quote_format":"","ocean_quote_format_link":"post","ocean_gallery_link_images":"off","ocean_gallery_id":[],"footnotes":""},"categories":[9],"tags":[60],"class_list":["post-2952","post","type-post","status-publish","format-standard","has-post-thumbnail","hentry","category-blog","tag-optometria","entry","has-media"],"yoast_head":"<!-- This site is optimized with the Yoast SEO plugin v28.4 - https:\/\/yoast.com\/product\/yoast-seo-wordpress\/ -->\n<title>H\u00c1BITOS CONDUCTUALES ASOCIADOS A LA MIOPIA SIMPLE - Asociaci\u00f3n Catalana de Optometr\u00eda y Terapia Visual<\/title>\n<meta name=\"robots\" content=\"index, follow, max-snippet:-1, max-image-preview:large, max-video-preview:-1\" \/>\n<link rel=\"canonical\" href=\"https:\/\/www.acotv.org\/es\/habitos-conductuales-asociados-a-la-miopia-simple\/\" \/>\n<meta property=\"og:locale\" content=\"es_ES\" \/>\n<meta property=\"og:type\" content=\"article\" \/>\n<meta property=\"og:title\" content=\"H\u00c1BITOS CONDUCTUALES ASOCIADOS A LA MIOPIA SIMPLE - Asociaci\u00f3n Catalana de Optometr\u00eda y Terapia Visual\" \/>\n<meta property=\"og:description\" content=\"Nos hace una ilusi\u00f3n especial compartiros el&nbsp;Trabajo&nbsp;Final de Grado&nbsp;que realiz\u00f3 en junio 2013&nbsp;Sara Garc\u00eda P\u00e9rez,&nbsp;actualmente compa\u00f1era optometrista miembro de la [&hellip;]\" \/>\n<meta property=\"og:url\" content=\"https:\/\/www.acotv.org\/es\/habitos-conductuales-asociados-a-la-miopia-simple\/\" \/>\n<meta property=\"og:site_name\" content=\"Asociaci\u00f3n Catalana de Optometr\u00eda y Terapia Visual\" \/>\n<meta property=\"article:published_time\" content=\"2017-02-23T09:51:00+00:00\" \/>\n<meta property=\"article:modified_time\" content=\"2022-03-31T14:22:19+00:00\" \/>\n<meta property=\"og:image\" content=\"https:\/\/www.acotv.org\/wp-content\/uploads\/Imatge6-7.jpg\" \/>\n\t<meta property=\"og:image:width\" content=\"700\" \/>\n\t<meta property=\"og:image:height\" content=\"473\" \/>\n\t<meta property=\"og:image:type\" content=\"image\/jpeg\" \/>\n<meta name=\"author\" content=\"ACOTV\" \/>\n<meta name=\"twitter:card\" content=\"summary_large_image\" \/>\n<meta name=\"twitter:label1\" content=\"Escrito por\" \/>\n\t<meta name=\"twitter:data1\" content=\"ACOTV\" \/>\n\t<meta name=\"twitter:label2\" content=\"Tiempo de lectura\" \/>\n\t<meta name=\"twitter:data2\" content=\"2 minutos\" \/>\n<script type=\"application\/ld+json\" class=\"yoast-schema-graph\">{\"@context\":\"https:\\\/\\\/schema.org\",\"@graph\":[{\"@type\":\"Article\",\"@id\":\"https:\\\/\\\/www.acotv.org\\\/es\\\/habitos-conductuales-asociados-a-la-miopia-simple\\\/#article\",\"isPartOf\":{\"@id\":\"https:\\\/\\\/www.acotv.org\\\/es\\\/habitos-conductuales-asociados-a-la-miopia-simple\\\/\"},\"author\":{\"name\":\"ACOTV\",\"@id\":\"https:\\\/\\\/www.acotv.org\\\/ca\\\/#\\\/schema\\\/person\\\/0de470fec1dbf9785a7343042d765744\"},\"headline\":\"H\u00c1BITOS CONDUCTUALES ASOCIADOS A LA MIOPIA SIMPLE\",\"datePublished\":\"2017-02-23T09:51:00+00:00\",\"dateModified\":\"2022-03-31T14:22:19+00:00\",\"mainEntityOfPage\":{\"@id\":\"https:\\\/\\\/www.acotv.org\\\/es\\\/habitos-conductuales-asociados-a-la-miopia-simple\\\/\"},\"wordCount\":428,\"commentCount\":0,\"image\":{\"@id\":\"https:\\\/\\\/www.acotv.org\\\/es\\\/habitos-conductuales-asociados-a-la-miopia-simple\\\/#primaryimage\"},\"thumbnailUrl\":\"https:\\\/\\\/www.acotv.org\\\/wp-content\\\/uploads\\\/Imatge6-7.jpg\",\"keywords\":[\"Optometria\"],\"articleSection\":[\"Blog\"],\"inLanguage\":\"es\",\"potentialAction\":[{\"@type\":\"CommentAction\",\"name\":\"Comment\",\"target\":[\"https:\\\/\\\/www.acotv.org\\\/es\\\/habitos-conductuales-asociados-a-la-miopia-simple\\\/#respond\"]}]},{\"@type\":\"WebPage\",\"@id\":\"https:\\\/\\\/www.acotv.org\\\/es\\\/habitos-conductuales-asociados-a-la-miopia-simple\\\/\",\"url\":\"https:\\\/\\\/www.acotv.org\\\/es\\\/habitos-conductuales-asociados-a-la-miopia-simple\\\/\",\"name\":\"H\u00c1BITOS CONDUCTUALES ASOCIADOS A LA MIOPIA SIMPLE - Asociaci\u00f3n Catalana de Optometr\u00eda y Terapia Visual\",\"isPartOf\":{\"@id\":\"https:\\\/\\\/www.acotv.org\\\/ca\\\/#website\"},\"primaryImageOfPage\":{\"@id\":\"https:\\\/\\\/www.acotv.org\\\/es\\\/habitos-conductuales-asociados-a-la-miopia-simple\\\/#primaryimage\"},\"image\":{\"@id\":\"https:\\\/\\\/www.acotv.org\\\/es\\\/habitos-conductuales-asociados-a-la-miopia-simple\\\/#primaryimage\"},\"thumbnailUrl\":\"https:\\\/\\\/www.acotv.org\\\/wp-content\\\/uploads\\\/Imatge6-7.jpg\",\"datePublished\":\"2017-02-23T09:51:00+00:00\",\"dateModified\":\"2022-03-31T14:22:19+00:00\",\"author\":{\"@id\":\"https:\\\/\\\/www.acotv.org\\\/ca\\\/#\\\/schema\\\/person\\\/0de470fec1dbf9785a7343042d765744\"},\"breadcrumb\":{\"@id\":\"https:\\\/\\\/www.acotv.org\\\/es\\\/habitos-conductuales-asociados-a-la-miopia-simple\\\/#breadcrumb\"},\"inLanguage\":\"es\",\"potentialAction\":[{\"@type\":\"ReadAction\",\"target\":[\"https:\\\/\\\/www.acotv.org\\\/es\\\/habitos-conductuales-asociados-a-la-miopia-simple\\\/\"]}]},{\"@type\":\"ImageObject\",\"inLanguage\":\"es\",\"@id\":\"https:\\\/\\\/www.acotv.org\\\/es\\\/habitos-conductuales-asociados-a-la-miopia-simple\\\/#primaryimage\",\"url\":\"https:\\\/\\\/www.acotv.org\\\/wp-content\\\/uploads\\\/Imatge6-7.jpg\",\"contentUrl\":\"https:\\\/\\\/www.acotv.org\\\/wp-content\\\/uploads\\\/Imatge6-7.jpg\",\"width\":700,\"height\":473},{\"@type\":\"BreadcrumbList\",\"@id\":\"https:\\\/\\\/www.acotv.org\\\/es\\\/habitos-conductuales-asociados-a-la-miopia-simple\\\/#breadcrumb\",\"itemListElement\":[{\"@type\":\"ListItem\",\"position\":1,\"name\":\"Portada\",\"item\":\"https:\\\/\\\/www.acotv.org\\\/es\\\/\"},{\"@type\":\"ListItem\",\"position\":2,\"name\":\"H\u00c1BITOS CONDUCTUALES ASOCIADOS A LA MIOPIA SIMPLE\"}]},{\"@type\":\"WebSite\",\"@id\":\"https:\\\/\\\/www.acotv.org\\\/ca\\\/#website\",\"url\":\"https:\\\/\\\/www.acotv.org\\\/ca\\\/\",\"name\":\"Asociaci\u00f3n Catalana de Optometr\u00eda y Terapia Visual\",\"description\":\"\",\"potentialAction\":[{\"@type\":\"SearchAction\",\"target\":{\"@type\":\"EntryPoint\",\"urlTemplate\":\"https:\\\/\\\/www.acotv.org\\\/ca\\\/?s={search_term_string}\"},\"query-input\":{\"@type\":\"PropertyValueSpecification\",\"valueRequired\":true,\"valueName\":\"search_term_string\"}}],\"inLanguage\":\"es\"},{\"@type\":\"Person\",\"@id\":\"https:\\\/\\\/www.acotv.org\\\/ca\\\/#\\\/schema\\\/person\\\/0de470fec1dbf9785a7343042d765744\",\"name\":\"ACOTV\",\"image\":{\"@type\":\"ImageObject\",\"inLanguage\":\"es\",\"@id\":\"https:\\\/\\\/www.acotv.org\\\/wp-content\\\/uploads\\\/Logo-petit-150x150.jpg\",\"url\":\"https:\\\/\\\/www.acotv.org\\\/wp-content\\\/uploads\\\/Logo-petit-150x150.jpg\",\"contentUrl\":\"https:\\\/\\\/www.acotv.org\\\/wp-content\\\/uploads\\\/Logo-petit-150x150.jpg\",\"caption\":\"ACOTV\"},\"url\":\"https:\\\/\\\/www.acotv.org\\\/es\\\/author\\\/acotv\\\/\"}]}<\/script>\n<!-- \/ Yoast SEO plugin. -->","yoast_head_json":{"title":"H\u00c1BITOS CONDUCTUALES ASOCIADOS A LA MIOPIA SIMPLE - Asociaci\u00f3n Catalana de Optometr\u00eda y Terapia Visual","robots":{"index":"index","follow":"follow","max-snippet":"max-snippet:-1","max-image-preview":"max-image-preview:large","max-video-preview":"max-video-preview:-1"},"canonical":"https:\/\/www.acotv.org\/es\/habitos-conductuales-asociados-a-la-miopia-simple\/","og_locale":"es_ES","og_type":"article","og_title":"H\u00c1BITOS CONDUCTUALES ASOCIADOS A LA MIOPIA SIMPLE - Asociaci\u00f3n Catalana de Optometr\u00eda y Terapia Visual","og_description":"Nos hace una ilusi\u00f3n especial compartiros el&nbsp;Trabajo&nbsp;Final de Grado&nbsp;que realiz\u00f3 en junio 2013&nbsp;Sara Garc\u00eda P\u00e9rez,&nbsp;actualmente compa\u00f1era optometrista miembro de la [&hellip;]","og_url":"https:\/\/www.acotv.org\/es\/habitos-conductuales-asociados-a-la-miopia-simple\/","og_site_name":"Asociaci\u00f3n Catalana de Optometr\u00eda y Terapia Visual","article_published_time":"2017-02-23T09:51:00+00:00","article_modified_time":"2022-03-31T14:22:19+00:00","og_image":[{"width":700,"height":473,"url":"https:\/\/www.acotv.org\/wp-content\/uploads\/Imatge6-7.jpg","type":"image\/jpeg"}],"author":"ACOTV","twitter_card":"summary_large_image","twitter_misc":{"Escrito por":"ACOTV","Tiempo de lectura":"2 minutos"},"schema":{"@context":"https:\/\/schema.org","@graph":[{"@type":"Article","@id":"https:\/\/www.acotv.org\/es\/habitos-conductuales-asociados-a-la-miopia-simple\/#article","isPartOf":{"@id":"https:\/\/www.acotv.org\/es\/habitos-conductuales-asociados-a-la-miopia-simple\/"},"author":{"name":"ACOTV","@id":"https:\/\/www.acotv.org\/ca\/#\/schema\/person\/0de470fec1dbf9785a7343042d765744"},"headline":"H\u00c1BITOS CONDUCTUALES ASOCIADOS A LA MIOPIA SIMPLE","datePublished":"2017-02-23T09:51:00+00:00","dateModified":"2022-03-31T14:22:19+00:00","mainEntityOfPage":{"@id":"https:\/\/www.acotv.org\/es\/habitos-conductuales-asociados-a-la-miopia-simple\/"},"wordCount":428,"commentCount":0,"image":{"@id":"https:\/\/www.acotv.org\/es\/habitos-conductuales-asociados-a-la-miopia-simple\/#primaryimage"},"thumbnailUrl":"https:\/\/www.acotv.org\/wp-content\/uploads\/Imatge6-7.jpg","keywords":["Optometria"],"articleSection":["Blog"],"inLanguage":"es","potentialAction":[{"@type":"CommentAction","name":"Comment","target":["https:\/\/www.acotv.org\/es\/habitos-conductuales-asociados-a-la-miopia-simple\/#respond"]}]},{"@type":"WebPage","@id":"https:\/\/www.acotv.org\/es\/habitos-conductuales-asociados-a-la-miopia-simple\/","url":"https:\/\/www.acotv.org\/es\/habitos-conductuales-asociados-a-la-miopia-simple\/","name":"H\u00c1BITOS CONDUCTUALES ASOCIADOS A LA MIOPIA SIMPLE - Asociaci\u00f3n Catalana de Optometr\u00eda y Terapia Visual","isPartOf":{"@id":"https:\/\/www.acotv.org\/ca\/#website"},"primaryImageOfPage":{"@id":"https:\/\/www.acotv.org\/es\/habitos-conductuales-asociados-a-la-miopia-simple\/#primaryimage"},"image":{"@id":"https:\/\/www.acotv.org\/es\/habitos-conductuales-asociados-a-la-miopia-simple\/#primaryimage"},"thumbnailUrl":"https:\/\/www.acotv.org\/wp-content\/uploads\/Imatge6-7.jpg","datePublished":"2017-02-23T09:51:00+00:00","dateModified":"2022-03-31T14:22:19+00:00","author":{"@id":"https:\/\/www.acotv.org\/ca\/#\/schema\/person\/0de470fec1dbf9785a7343042d765744"},"breadcrumb":{"@id":"https:\/\/www.acotv.org\/es\/habitos-conductuales-asociados-a-la-miopia-simple\/#breadcrumb"},"inLanguage":"es","potentialAction":[{"@type":"ReadAction","target":["https:\/\/www.acotv.org\/es\/habitos-conductuales-asociados-a-la-miopia-simple\/"]}]},{"@type":"ImageObject","inLanguage":"es","@id":"https:\/\/www.acotv.org\/es\/habitos-conductuales-asociados-a-la-miopia-simple\/#primaryimage","url":"https:\/\/www.acotv.org\/wp-content\/uploads\/Imatge6-7.jpg","contentUrl":"https:\/\/www.acotv.org\/wp-content\/uploads\/Imatge6-7.jpg","width":700,"height":473},{"@type":"BreadcrumbList","@id":"https:\/\/www.acotv.org\/es\/habitos-conductuales-asociados-a-la-miopia-simple\/#breadcrumb","itemListElement":[{"@type":"ListItem","position":1,"name":"Portada","item":"https:\/\/www.acotv.org\/es\/"},{"@type":"ListItem","position":2,"name":"H\u00c1BITOS CONDUCTUALES ASOCIADOS A LA MIOPIA SIMPLE"}]},{"@type":"WebSite","@id":"https:\/\/www.acotv.org\/ca\/#website","url":"https:\/\/www.acotv.org\/ca\/","name":"Asociaci\u00f3n Catalana de Optometr\u00eda y Terapia Visual","description":"","potentialAction":[{"@type":"SearchAction","target":{"@type":"EntryPoint","urlTemplate":"https:\/\/www.acotv.org\/ca\/?s={search_term_string}"},"query-input":{"@type":"PropertyValueSpecification","valueRequired":true,"valueName":"search_term_string"}}],"inLanguage":"es"},{"@type":"Person","@id":"https:\/\/www.acotv.org\/ca\/#\/schema\/person\/0de470fec1dbf9785a7343042d765744","name":"ACOTV","image":{"@type":"ImageObject","inLanguage":"es","@id":"https:\/\/www.acotv.org\/wp-content\/uploads\/Logo-petit-150x150.jpg","url":"https:\/\/www.acotv.org\/wp-content\/uploads\/Logo-petit-150x150.jpg","contentUrl":"https:\/\/www.acotv.org\/wp-content\/uploads\/Logo-petit-150x150.jpg","caption":"ACOTV"},"url":"https:\/\/www.acotv.org\/es\/author\/acotv\/"}]}},"_links":{"self":[{"href":"https:\/\/www.acotv.org\/es\/wp-json\/wp\/v2\/posts\/2952","targetHints":{"allow":["GET"]}}],"collection":[{"href":"https:\/\/www.acotv.org\/es\/wp-json\/wp\/v2\/posts"}],"about":[{"href":"https:\/\/www.acotv.org\/es\/wp-json\/wp\/v2\/types\/post"}],"author":[{"embeddable":true,"href":"https:\/\/www.acotv.org\/es\/wp-json\/wp\/v2\/users\/2"}],"replies":[{"embeddable":true,"href":"https:\/\/www.acotv.org\/es\/wp-json\/wp\/v2\/comments?post=2952"}],"version-history":[{"count":0,"href":"https:\/\/www.acotv.org\/es\/wp-json\/wp\/v2\/posts\/2952\/revisions"}],"wp:featuredmedia":[{"embeddable":true,"href":"https:\/\/www.acotv.org\/es\/wp-json\/wp\/v2\/media\/2948"}],"wp:attachment":[{"href":"https:\/\/www.acotv.org\/es\/wp-json\/wp\/v2\/media?parent=2952"}],"wp:term":[{"taxonomy":"category","embeddable":true,"href":"https:\/\/www.acotv.org\/es\/wp-json\/wp\/v2\/categories?post=2952"},{"taxonomy":"post_tag","embeddable":true,"href":"https:\/\/www.acotv.org\/es\/wp-json\/wp\/v2\/tags?post=2952"}],"curies":[{"name":"wp","href":"https:\/\/api.w.org\/{rel}","templated":true}]}}