{"id":2881,"date":"2017-04-27T07:41:00","date_gmt":"2017-04-27T05:41:00","guid":{"rendered":"https:\/\/www.acotv.org\/los-ninos-con-deficit-visual-en-el-ambito-educativo\/"},"modified":"2022-03-31T11:44:15","modified_gmt":"2022-03-31T09:44:15","slug":"los-ninos-con-deficit-visual-en-el-ambito-educativo","status":"publish","type":"post","link":"https:\/\/www.acotv.org\/es\/los-ninos-con-deficit-visual-en-el-ambito-educativo\/","title":{"rendered":"LOS NI\u00d1OS CON D\u00c9FICIT VISUAL EN EL \u00c1MBITO EDUCATIVO"},"content":{"rendered":"\n<p class=\"has-text-color has-medium-font-size wp-block-paragraph\" style=\"color:#008ad0\"><strong>\u00a1Una experiencia interesante de compartir!<\/strong><\/p>\n\n\n\n<p class=\"has-medium-font-size wp-block-paragraph\">Crist\u00f3bal, alumno de bachillerato, relata en su trabajo de investigaci\u00f3n su historia personal en relaci\u00f3n al aprendizaje y c\u00f3mo han influido en su desarrollo los diferentes profesionales de su entorno.<\/p>\n\n\n\n<p class=\"wp-block-paragraph\"> Este trabajo de investigaci\u00f3n que presentamos, pretende ser una herramienta imprescindible para todos los profesionales que intervienen en el \u00e1mbito educativo, para profundizar y sensibilizar sobre la importancia de sus actuaciones e implicaciones en los alumnos con d\u00e9ficit visual.<\/p>\n\n\n\n<p class=\"has-text-color wp-block-paragraph\" style=\"color:#008ad0\"><strong>Obje<\/strong><strong>tivo<\/strong><\/p>\n\n\n\n<p class=\"wp-block-paragraph\">Poner de manifiesto la situaci\u00f3n actual de los estudiantes con d\u00e9ficit visual en las aulas formativas, con el objetivo de conocer si los recursos que dispone el alumnado con d\u00e9ficit visual en el aula ordinaria son los adecuados o suficientes a sus necesidades espec\u00edficas y como el efecto de las metodolog\u00edas de actuaci\u00f3n por parte del profesorado, pueden influir en el desarrollo escolar y emocional de este tipo de alumnado.<\/p>\n\n\n\n<p class=\"has-text-color wp-block-paragraph\" style=\"color:#008ad0\"><strong>M\u00e9todo<\/strong><\/p>\n\n\n\n<p class=\"wp-block-paragraph\">Crist\u00f3bal, alumno de bachillerato, relata su historia personal en relaci\u00f3n al aprendizaje y c\u00f3mo han influido en su desarrollo los diferentes profesionales de su entorno.<\/p>\n\n\n\n<p class=\"wp-block-paragraph\">Se realizan tres tipos de cuestionarios:<\/p>\n\n\n\n<ul class=\"wp-block-list\"><li>Uno est\u00e1 dirigido a los profesionales que han intervenido en su proceso de aprendizaje (neur\u00f3logo, optometristas y profesores itinerantes de la ONCE).<\/li><li>El segundo cuestionario es para profesores de los dos centros de educaci\u00f3n secundaria donde ha cursado sus estudios y para el centro de educaci\u00f3n primaria.<\/li><li>El \u00faltimo cuestionario es para padres de alumnos con d\u00e9ficit visual.<\/li><\/ul>\n\n\n\n<p class=\"has-text-color wp-block-paragraph\" style=\"color:#008ad0\"><strong>Resultados<\/strong><\/p>\n\n\n\n<p class=\"wp-block-paragraph\">Los alumnos con deficiencias visuales tienen dificultades relacionadas con la lecto-escritura, comprensi\u00f3n, motricidad, coordinaci\u00f3n, y especialmente en asignaturas como las matem\u00e1ticas o la pl\u00e1stica.<\/p>\n\n\n\n<p class=\"wp-block-paragraph\">Los medios necesarios as\u00ed como la formaci\u00f3n y la informaci\u00f3n de la que disponen los centros y el profesorado para favorecer el desarrollo social, personal y educativo no son los m\u00e1s adecuados.<\/p>\n\n\n\n<p class=\"has-text-color wp-block-paragraph\" style=\"color:#008ad0\"><strong>Conclusiones<\/strong><\/p>\n\n\n\n<p class=\"wp-block-paragraph\">Los profesores no tienen la formaci\u00f3n necesaria ni los centros educativos disponen de los medios adecuados para que la educaci\u00f3n del alumno con d\u00e9ficit visual tenga las mismas garant\u00edas y posibilidades que las que tiene un alumno sin problemas.<\/p>\n\n\n\n<p class=\"wp-block-paragraph\">Las indicaciones y seguimiento de los profesores itinerantes de la ONCE son un referente imprescindible para tratar este tipo de alumno en las aulas, que cubre \u00fanicamente las necesidades educativas del alumno con un d\u00e9ficit visual grave.<\/p>\n\n\n\n<p class=\"wp-block-paragraph\">Por este motivo se hace necesaria la existencia en los centros educativos de personal especializado que detecte este tipo de problemas visuales para facilitar su proceso educativo. Tambi\u00e9n la necesidad de sensibilizar sobre el d\u00e9ficit visual y el proceso de aprendizaje, en el entorno escolar del alumno, formado tanto por profesores como por compa\u00f1eros de clase, para as\u00ed favorecer su integraci\u00f3n y resultados acad\u00e9micos.<\/p>\n\n\n\n<p class=\"wp-block-paragraph\">Accede al Trabajo Completo:<\/p>\n\n\n\n<div data-wp-interactive=\"core\/file\" class=\"wp-block-file\"><object data-wp-bind--hidden=\"!state.hasPdfPreview\" hidden class=\"wp-block-file__embed\" data=\"https:\/\/www.acotv.org\/wp-content\/uploads\/Treball_Recerca_BATX_Cristobal_Garcia.pdf\" type=\"application\/pdf\" style=\"width:100%;height:600px\" aria-label=\"Incrustado de Incrustado de Treball_Recerca_BATX_Cristobal_Garcia..\"><\/object><a id=\"wp-block-file--media-85641df9-1d1f-4072-a996-805cfffc6cc3\" href=\"https:\/\/www.acotv.org\/wp-content\/uploads\/Treball_Recerca_BATX_Cristobal_Garcia.pdf\">Treball_Recerca_BATX_Cristobal_Garcia<\/a><a href=\"https:\/\/www.acotv.org\/wp-content\/uploads\/Treball_Recerca_BATX_Cristobal_Garcia.pdf\" class=\"wp-block-file__button\" download aria-describedby=\"wp-block-file--media-85641df9-1d1f-4072-a996-805cfffc6cc3\">Descarga<\/a><\/div>\n\n\n\n<p class=\"wp-block-paragraph\">Presentaci\u00f3n elaborada por <strong>Rocio Villena Requena<\/strong> <br>Diplomada en \u00d3ptica y Optometria <br>M\u00e1ster en Optometria y Ci\u00e9ncias de la Visi\u00f3n <br>Miembro de la ACOTV<\/p>\n","protected":false},"excerpt":{"rendered":"<p>\u00a1Una experiencia interesante de compartir! Crist\u00f3bal, alumno de bachillerato, relata en su trabajo de investigaci\u00f3n su historia personal en relaci\u00f3n [&hellip;]<\/p>\n","protected":false},"author":2,"featured_media":2876,"comment_status":"open","ping_status":"open","sticky":false,"template":"","format":"standard","meta":{"ocean_front_end_style_editor":"no","ocean_post_layout":"","ocean_both_sidebars_style":"","ocean_both_sidebars_content_width":0,"ocean_both_sidebars_sidebars_width":0,"ocean_sidebar":"0","ocean_second_sidebar":"0","ocean_disable_margins":"enable","ocean_add_body_class":"","ocean_shortcode_before_top_bar":"","ocean_shortcode_after_top_bar":"","ocean_shortcode_before_header":"","ocean_shortcode_after_header":"","ocean_has_shortcode":"","ocean_shortcode_after_title":"","ocean_shortcode_before_footer_widgets":"","ocean_shortcode_after_footer_widgets":"","ocean_shortcode_before_footer_bottom":"","ocean_shortcode_after_footer_bottom":"","ocean_display_top_bar":"default","ocean_display_header":"default","ocean_header_style":"","ocean_center_header_left_menu":"0","ocean_custom_header_template":"0","ocean_custom_logo":0,"ocean_custom_retina_logo":0,"ocean_custom_logo_max_width":0,"ocean_custom_logo_tablet_max_width":0,"ocean_custom_logo_mobile_max_width":0,"ocean_custom_logo_max_height":0,"ocean_custom_logo_tablet_max_height":0,"ocean_custom_logo_mobile_max_height":0,"ocean_header_custom_menu":"0","ocean_menu_typo_font_family":"0","ocean_menu_typo_font_subset":"","ocean_menu_typo_font_size":0,"ocean_menu_typo_font_size_tablet":0,"ocean_menu_typo_font_size_mobile":0,"ocean_menu_typo_font_size_unit":"px","ocean_menu_typo_font_weight":"","ocean_menu_typo_font_weight_tablet":"","ocean_menu_typo_font_weight_mobile":"","ocean_menu_typo_transform":"","ocean_menu_typo_transform_tablet":"","ocean_menu_typo_transform_mobile":"","ocean_menu_typo_line_height":0,"ocean_menu_typo_line_height_tablet":0,"ocean_menu_typo_line_height_mobile":0,"ocean_menu_typo_line_height_unit":"","ocean_menu_typo_spacing":0,"ocean_menu_typo_spacing_tablet":0,"ocean_menu_typo_spacing_mobile":0,"ocean_menu_typo_spacing_unit":"","ocean_menu_link_color":"","ocean_menu_link_color_hover":"","ocean_menu_link_color_active":"","ocean_menu_link_background":"","ocean_menu_link_hover_background":"","ocean_menu_link_active_background":"","ocean_menu_social_links_bg":"","ocean_menu_social_hover_links_bg":"","ocean_menu_social_links_color":"","ocean_menu_social_hover_links_color":"","ocean_disable_title":"default","ocean_disable_heading":"default","ocean_post_title":"","ocean_post_subheading":"","ocean_post_title_style":"","ocean_post_title_background_color":"","ocean_post_title_background":0,"ocean_post_title_bg_image_position":"","ocean_post_title_bg_image_attachment":"","ocean_post_title_bg_image_repeat":"","ocean_post_title_bg_image_size":"","ocean_post_title_height":0,"ocean_post_title_bg_overlay":0.5,"ocean_post_title_bg_overlay_color":"","ocean_disable_breadcrumbs":"default","ocean_breadcrumbs_color":"","ocean_breadcrumbs_separator_color":"","ocean_breadcrumbs_links_color":"","ocean_breadcrumbs_links_hover_color":"","ocean_display_footer_widgets":"default","ocean_display_footer_bottom":"default","ocean_custom_footer_template":"0","ocean_post_oembed":"","ocean_post_self_hosted_media":"","ocean_post_video_embed":"","ocean_link_format":"","ocean_link_format_target":"self","ocean_quote_format":"","ocean_quote_format_link":"post","ocean_gallery_link_images":"off","ocean_gallery_id":[],"footnotes":""},"categories":[9],"tags":[60],"class_list":["post-2881","post","type-post","status-publish","format-standard","has-post-thumbnail","hentry","category-blog","tag-optometria","entry","has-media"],"yoast_head":"<!-- This site is optimized with the Yoast SEO plugin v28.4 - https:\/\/yoast.com\/product\/yoast-seo-wordpress\/ -->\n<title>LOS NI\u00d1OS CON D\u00c9FICIT VISUAL EN EL \u00c1MBITO EDUCATIVO - Asociaci\u00f3n Catalana de Optometr\u00eda y Terapia Visual<\/title>\n<meta name=\"robots\" content=\"index, follow, max-snippet:-1, max-image-preview:large, max-video-preview:-1\" \/>\n<link rel=\"canonical\" href=\"https:\/\/www.acotv.org\/es\/los-ninos-con-deficit-visual-en-el-ambito-educativo\/\" \/>\n<meta property=\"og:locale\" content=\"es_ES\" \/>\n<meta property=\"og:type\" content=\"article\" \/>\n<meta property=\"og:title\" content=\"LOS NI\u00d1OS CON D\u00c9FICIT VISUAL EN EL \u00c1MBITO EDUCATIVO - Asociaci\u00f3n Catalana de Optometr\u00eda y Terapia Visual\" \/>\n<meta property=\"og:description\" content=\"\u00a1Una experiencia interesante de compartir! Crist\u00f3bal, alumno de bachillerato, relata en su trabajo de investigaci\u00f3n su historia personal en relaci\u00f3n [&hellip;]\" \/>\n<meta property=\"og:url\" content=\"https:\/\/www.acotv.org\/es\/los-ninos-con-deficit-visual-en-el-ambito-educativo\/\" \/>\n<meta property=\"og:site_name\" content=\"Asociaci\u00f3n Catalana de Optometr\u00eda y Terapia Visual\" \/>\n<meta property=\"article:published_time\" content=\"2017-04-27T05:41:00+00:00\" \/>\n<meta property=\"article:modified_time\" content=\"2022-03-31T09:44:15+00:00\" \/>\n<meta property=\"og:image\" content=\"https:\/\/www.acotv.org\/wp-content\/uploads\/Imatge6-6.jpg\" \/>\n\t<meta property=\"og:image:width\" content=\"700\" \/>\n\t<meta property=\"og:image:height\" content=\"474\" \/>\n\t<meta property=\"og:image:type\" content=\"image\/jpeg\" \/>\n<meta name=\"author\" content=\"ACOTV\" \/>\n<meta name=\"twitter:card\" content=\"summary_large_image\" \/>\n<meta name=\"twitter:label1\" content=\"Escrito por\" \/>\n\t<meta name=\"twitter:data1\" content=\"ACOTV\" \/>\n\t<meta name=\"twitter:label2\" content=\"Tiempo de lectura\" \/>\n\t<meta name=\"twitter:data2\" content=\"3 minutos\" \/>\n<script type=\"application\/ld+json\" class=\"yoast-schema-graph\">{\"@context\":\"https:\\\/\\\/schema.org\",\"@graph\":[{\"@type\":\"Article\",\"@id\":\"https:\\\/\\\/www.acotv.org\\\/es\\\/los-ninos-con-deficit-visual-en-el-ambito-educativo\\\/#article\",\"isPartOf\":{\"@id\":\"https:\\\/\\\/www.acotv.org\\\/es\\\/los-ninos-con-deficit-visual-en-el-ambito-educativo\\\/\"},\"author\":{\"name\":\"ACOTV\",\"@id\":\"https:\\\/\\\/www.acotv.org\\\/ca\\\/#\\\/schema\\\/person\\\/0de470fec1dbf9785a7343042d765744\"},\"headline\":\"LOS NI\u00d1OS CON D\u00c9FICIT VISUAL EN EL \u00c1MBITO EDUCATIVO\",\"datePublished\":\"2017-04-27T05:41:00+00:00\",\"dateModified\":\"2022-03-31T09:44:15+00:00\",\"mainEntityOfPage\":{\"@id\":\"https:\\\/\\\/www.acotv.org\\\/es\\\/los-ninos-con-deficit-visual-en-el-ambito-educativo\\\/\"},\"wordCount\":519,\"commentCount\":0,\"image\":{\"@id\":\"https:\\\/\\\/www.acotv.org\\\/es\\\/los-ninos-con-deficit-visual-en-el-ambito-educativo\\\/#primaryimage\"},\"thumbnailUrl\":\"https:\\\/\\\/www.acotv.org\\\/wp-content\\\/uploads\\\/Imatge6-6.jpg\",\"keywords\":[\"Optometria\"],\"articleSection\":[\"Blog\"],\"inLanguage\":\"es\",\"potentialAction\":[{\"@type\":\"CommentAction\",\"name\":\"Comment\",\"target\":[\"https:\\\/\\\/www.acotv.org\\\/es\\\/los-ninos-con-deficit-visual-en-el-ambito-educativo\\\/#respond\"]}]},{\"@type\":\"WebPage\",\"@id\":\"https:\\\/\\\/www.acotv.org\\\/es\\\/los-ninos-con-deficit-visual-en-el-ambito-educativo\\\/\",\"url\":\"https:\\\/\\\/www.acotv.org\\\/es\\\/los-ninos-con-deficit-visual-en-el-ambito-educativo\\\/\",\"name\":\"LOS NI\u00d1OS CON D\u00c9FICIT VISUAL EN EL \u00c1MBITO EDUCATIVO - Asociaci\u00f3n Catalana de Optometr\u00eda y Terapia Visual\",\"isPartOf\":{\"@id\":\"https:\\\/\\\/www.acotv.org\\\/ca\\\/#website\"},\"primaryImageOfPage\":{\"@id\":\"https:\\\/\\\/www.acotv.org\\\/es\\\/los-ninos-con-deficit-visual-en-el-ambito-educativo\\\/#primaryimage\"},\"image\":{\"@id\":\"https:\\\/\\\/www.acotv.org\\\/es\\\/los-ninos-con-deficit-visual-en-el-ambito-educativo\\\/#primaryimage\"},\"thumbnailUrl\":\"https:\\\/\\\/www.acotv.org\\\/wp-content\\\/uploads\\\/Imatge6-6.jpg\",\"datePublished\":\"2017-04-27T05:41:00+00:00\",\"dateModified\":\"2022-03-31T09:44:15+00:00\",\"author\":{\"@id\":\"https:\\\/\\\/www.acotv.org\\\/ca\\\/#\\\/schema\\\/person\\\/0de470fec1dbf9785a7343042d765744\"},\"breadcrumb\":{\"@id\":\"https:\\\/\\\/www.acotv.org\\\/es\\\/los-ninos-con-deficit-visual-en-el-ambito-educativo\\\/#breadcrumb\"},\"inLanguage\":\"es\",\"potentialAction\":[{\"@type\":\"ReadAction\",\"target\":[\"https:\\\/\\\/www.acotv.org\\\/es\\\/los-ninos-con-deficit-visual-en-el-ambito-educativo\\\/\"]}]},{\"@type\":\"ImageObject\",\"inLanguage\":\"es\",\"@id\":\"https:\\\/\\\/www.acotv.org\\\/es\\\/los-ninos-con-deficit-visual-en-el-ambito-educativo\\\/#primaryimage\",\"url\":\"https:\\\/\\\/www.acotv.org\\\/wp-content\\\/uploads\\\/Imatge6-6.jpg\",\"contentUrl\":\"https:\\\/\\\/www.acotv.org\\\/wp-content\\\/uploads\\\/Imatge6-6.jpg\",\"width\":700,\"height\":474},{\"@type\":\"BreadcrumbList\",\"@id\":\"https:\\\/\\\/www.acotv.org\\\/es\\\/los-ninos-con-deficit-visual-en-el-ambito-educativo\\\/#breadcrumb\",\"itemListElement\":[{\"@type\":\"ListItem\",\"position\":1,\"name\":\"Portada\",\"item\":\"https:\\\/\\\/www.acotv.org\\\/es\\\/\"},{\"@type\":\"ListItem\",\"position\":2,\"name\":\"LOS NI\u00d1OS CON D\u00c9FICIT VISUAL EN EL \u00c1MBITO EDUCATIVO\"}]},{\"@type\":\"WebSite\",\"@id\":\"https:\\\/\\\/www.acotv.org\\\/ca\\\/#website\",\"url\":\"https:\\\/\\\/www.acotv.org\\\/ca\\\/\",\"name\":\"Asociaci\u00f3n Catalana de Optometr\u00eda y Terapia Visual\",\"description\":\"\",\"potentialAction\":[{\"@type\":\"SearchAction\",\"target\":{\"@type\":\"EntryPoint\",\"urlTemplate\":\"https:\\\/\\\/www.acotv.org\\\/ca\\\/?s={search_term_string}\"},\"query-input\":{\"@type\":\"PropertyValueSpecification\",\"valueRequired\":true,\"valueName\":\"search_term_string\"}}],\"inLanguage\":\"es\"},{\"@type\":\"Person\",\"@id\":\"https:\\\/\\\/www.acotv.org\\\/ca\\\/#\\\/schema\\\/person\\\/0de470fec1dbf9785a7343042d765744\",\"name\":\"ACOTV\",\"image\":{\"@type\":\"ImageObject\",\"inLanguage\":\"es\",\"@id\":\"https:\\\/\\\/www.acotv.org\\\/wp-content\\\/uploads\\\/Logo-petit-150x150.jpg\",\"url\":\"https:\\\/\\\/www.acotv.org\\\/wp-content\\\/uploads\\\/Logo-petit-150x150.jpg\",\"contentUrl\":\"https:\\\/\\\/www.acotv.org\\\/wp-content\\\/uploads\\\/Logo-petit-150x150.jpg\",\"caption\":\"ACOTV\"},\"url\":\"https:\\\/\\\/www.acotv.org\\\/es\\\/author\\\/acotv\\\/\"}]}<\/script>\n<!-- \/ Yoast SEO plugin. -->","yoast_head_json":{"title":"LOS NI\u00d1OS CON D\u00c9FICIT VISUAL EN EL \u00c1MBITO EDUCATIVO - Asociaci\u00f3n Catalana de Optometr\u00eda y Terapia Visual","robots":{"index":"index","follow":"follow","max-snippet":"max-snippet:-1","max-image-preview":"max-image-preview:large","max-video-preview":"max-video-preview:-1"},"canonical":"https:\/\/www.acotv.org\/es\/los-ninos-con-deficit-visual-en-el-ambito-educativo\/","og_locale":"es_ES","og_type":"article","og_title":"LOS NI\u00d1OS CON D\u00c9FICIT VISUAL EN EL \u00c1MBITO EDUCATIVO - Asociaci\u00f3n Catalana de Optometr\u00eda y Terapia Visual","og_description":"\u00a1Una experiencia interesante de compartir! Crist\u00f3bal, alumno de bachillerato, relata en su trabajo de investigaci\u00f3n su historia personal en relaci\u00f3n [&hellip;]","og_url":"https:\/\/www.acotv.org\/es\/los-ninos-con-deficit-visual-en-el-ambito-educativo\/","og_site_name":"Asociaci\u00f3n Catalana de Optometr\u00eda y Terapia Visual","article_published_time":"2017-04-27T05:41:00+00:00","article_modified_time":"2022-03-31T09:44:15+00:00","og_image":[{"width":700,"height":474,"url":"https:\/\/www.acotv.org\/wp-content\/uploads\/Imatge6-6.jpg","type":"image\/jpeg"}],"author":"ACOTV","twitter_card":"summary_large_image","twitter_misc":{"Escrito por":"ACOTV","Tiempo de lectura":"3 minutos"},"schema":{"@context":"https:\/\/schema.org","@graph":[{"@type":"Article","@id":"https:\/\/www.acotv.org\/es\/los-ninos-con-deficit-visual-en-el-ambito-educativo\/#article","isPartOf":{"@id":"https:\/\/www.acotv.org\/es\/los-ninos-con-deficit-visual-en-el-ambito-educativo\/"},"author":{"name":"ACOTV","@id":"https:\/\/www.acotv.org\/ca\/#\/schema\/person\/0de470fec1dbf9785a7343042d765744"},"headline":"LOS NI\u00d1OS CON D\u00c9FICIT VISUAL EN EL \u00c1MBITO EDUCATIVO","datePublished":"2017-04-27T05:41:00+00:00","dateModified":"2022-03-31T09:44:15+00:00","mainEntityOfPage":{"@id":"https:\/\/www.acotv.org\/es\/los-ninos-con-deficit-visual-en-el-ambito-educativo\/"},"wordCount":519,"commentCount":0,"image":{"@id":"https:\/\/www.acotv.org\/es\/los-ninos-con-deficit-visual-en-el-ambito-educativo\/#primaryimage"},"thumbnailUrl":"https:\/\/www.acotv.org\/wp-content\/uploads\/Imatge6-6.jpg","keywords":["Optometria"],"articleSection":["Blog"],"inLanguage":"es","potentialAction":[{"@type":"CommentAction","name":"Comment","target":["https:\/\/www.acotv.org\/es\/los-ninos-con-deficit-visual-en-el-ambito-educativo\/#respond"]}]},{"@type":"WebPage","@id":"https:\/\/www.acotv.org\/es\/los-ninos-con-deficit-visual-en-el-ambito-educativo\/","url":"https:\/\/www.acotv.org\/es\/los-ninos-con-deficit-visual-en-el-ambito-educativo\/","name":"LOS NI\u00d1OS CON D\u00c9FICIT VISUAL EN EL \u00c1MBITO EDUCATIVO - Asociaci\u00f3n Catalana de Optometr\u00eda y Terapia Visual","isPartOf":{"@id":"https:\/\/www.acotv.org\/ca\/#website"},"primaryImageOfPage":{"@id":"https:\/\/www.acotv.org\/es\/los-ninos-con-deficit-visual-en-el-ambito-educativo\/#primaryimage"},"image":{"@id":"https:\/\/www.acotv.org\/es\/los-ninos-con-deficit-visual-en-el-ambito-educativo\/#primaryimage"},"thumbnailUrl":"https:\/\/www.acotv.org\/wp-content\/uploads\/Imatge6-6.jpg","datePublished":"2017-04-27T05:41:00+00:00","dateModified":"2022-03-31T09:44:15+00:00","author":{"@id":"https:\/\/www.acotv.org\/ca\/#\/schema\/person\/0de470fec1dbf9785a7343042d765744"},"breadcrumb":{"@id":"https:\/\/www.acotv.org\/es\/los-ninos-con-deficit-visual-en-el-ambito-educativo\/#breadcrumb"},"inLanguage":"es","potentialAction":[{"@type":"ReadAction","target":["https:\/\/www.acotv.org\/es\/los-ninos-con-deficit-visual-en-el-ambito-educativo\/"]}]},{"@type":"ImageObject","inLanguage":"es","@id":"https:\/\/www.acotv.org\/es\/los-ninos-con-deficit-visual-en-el-ambito-educativo\/#primaryimage","url":"https:\/\/www.acotv.org\/wp-content\/uploads\/Imatge6-6.jpg","contentUrl":"https:\/\/www.acotv.org\/wp-content\/uploads\/Imatge6-6.jpg","width":700,"height":474},{"@type":"BreadcrumbList","@id":"https:\/\/www.acotv.org\/es\/los-ninos-con-deficit-visual-en-el-ambito-educativo\/#breadcrumb","itemListElement":[{"@type":"ListItem","position":1,"name":"Portada","item":"https:\/\/www.acotv.org\/es\/"},{"@type":"ListItem","position":2,"name":"LOS NI\u00d1OS CON D\u00c9FICIT VISUAL EN EL \u00c1MBITO EDUCATIVO"}]},{"@type":"WebSite","@id":"https:\/\/www.acotv.org\/ca\/#website","url":"https:\/\/www.acotv.org\/ca\/","name":"Asociaci\u00f3n Catalana de Optometr\u00eda y Terapia Visual","description":"","potentialAction":[{"@type":"SearchAction","target":{"@type":"EntryPoint","urlTemplate":"https:\/\/www.acotv.org\/ca\/?s={search_term_string}"},"query-input":{"@type":"PropertyValueSpecification","valueRequired":true,"valueName":"search_term_string"}}],"inLanguage":"es"},{"@type":"Person","@id":"https:\/\/www.acotv.org\/ca\/#\/schema\/person\/0de470fec1dbf9785a7343042d765744","name":"ACOTV","image":{"@type":"ImageObject","inLanguage":"es","@id":"https:\/\/www.acotv.org\/wp-content\/uploads\/Logo-petit-150x150.jpg","url":"https:\/\/www.acotv.org\/wp-content\/uploads\/Logo-petit-150x150.jpg","contentUrl":"https:\/\/www.acotv.org\/wp-content\/uploads\/Logo-petit-150x150.jpg","caption":"ACOTV"},"url":"https:\/\/www.acotv.org\/es\/author\/acotv\/"}]}},"_links":{"self":[{"href":"https:\/\/www.acotv.org\/es\/wp-json\/wp\/v2\/posts\/2881","targetHints":{"allow":["GET"]}}],"collection":[{"href":"https:\/\/www.acotv.org\/es\/wp-json\/wp\/v2\/posts"}],"about":[{"href":"https:\/\/www.acotv.org\/es\/wp-json\/wp\/v2\/types\/post"}],"author":[{"embeddable":true,"href":"https:\/\/www.acotv.org\/es\/wp-json\/wp\/v2\/users\/2"}],"replies":[{"embeddable":true,"href":"https:\/\/www.acotv.org\/es\/wp-json\/wp\/v2\/comments?post=2881"}],"version-history":[{"count":0,"href":"https:\/\/www.acotv.org\/es\/wp-json\/wp\/v2\/posts\/2881\/revisions"}],"wp:featuredmedia":[{"embeddable":true,"href":"https:\/\/www.acotv.org\/es\/wp-json\/wp\/v2\/media\/2876"}],"wp:attachment":[{"href":"https:\/\/www.acotv.org\/es\/wp-json\/wp\/v2\/media?parent=2881"}],"wp:term":[{"taxonomy":"category","embeddable":true,"href":"https:\/\/www.acotv.org\/es\/wp-json\/wp\/v2\/categories?post=2881"},{"taxonomy":"post_tag","embeddable":true,"href":"https:\/\/www.acotv.org\/es\/wp-json\/wp\/v2\/tags?post=2881"}],"curies":[{"name":"wp","href":"https:\/\/api.w.org\/{rel}","templated":true}]}}