{"id":2868,"date":"2017-05-31T09:56:00","date_gmt":"2017-05-31T07:56:00","guid":{"rendered":"https:\/\/www.acotv.org\/evaluacion-de-la-oculomotricidad-y-de-la-percepcion-visual-en-estudiantes-con-dificultades-especificas-del-aprendizaje\/"},"modified":"2022-03-31T11:06:06","modified_gmt":"2022-03-31T09:06:06","slug":"evaluacion-de-la-oculomotricidad-y-de-la-percepcion-visual-en-estudiantes-con-dificultades-especificas-del-aprendizaje","status":"publish","type":"post","link":"https:\/\/www.acotv.org\/es\/evaluacion-de-la-oculomotricidad-y-de-la-percepcion-visual-en-estudiantes-con-dificultades-especificas-del-aprendizaje\/","title":{"rendered":"EVALUACI\u00d3N DE LA OCULOMOTRICIDAD Y DE LA PERCEPCI\u00d3N VISUAL EN ESTUDIANTES CON DIFICULTADES ESPEC\u00cdFICAS DEL APRENDIZAJE"},"content":{"rendered":"\n<p class=\"has-medium-font-size wp-block-paragraph\">L\u2019optometrista<strong>&nbsp;Anna Mestre,<\/strong>&nbsp;ja ens va presentar un TFG en el que va estudiar si la percepci\u00f3 visual pot estar correlacionada directament amb la lectura i ara l\u2019ha completat amb aquest TFM amb el que ha comparat als nens i nenes&nbsp; amb problemes d\u2019aprenentatge amb els que no presenten aquests problemes d\u2019aprenentatge.<\/p>\n\n\n\n<p class=\"wp-block-paragraph\">Su trabajo de investigaci\u00f3n nos hace un repaso de los conocimientos sobre el proceso neurol\u00f3gico en la lectoescritura, las habilidades visuales esenciales para el aprendizaje y de &nbsp;problemas de aprendizaje como la Dislexia y el TDAH. As\u00ed mismo,esta lectura nos aporta herramientas para poder detectar a ni\u00f1os con estas dificultadesy adem\u00e1s corrobora los resultados obtenidos conotros estudios que se han basado en estas pruebas.<\/p>\n\n\n\n<p class=\"has-text-color wp-block-paragraph\" style=\"color:#008ad0\"><strong>Objectivo<\/strong><\/p>\n\n\n\n<p class=\"wp-block-paragraph\">Determinar si existen diferencias significativas entre un grupo de alumnos que est\u00e1n diagnosticados de problemas de aprendizaje y un grupo de alumnos que no presenta problemas de aprendizaje en las pruebas de las habilidades visuales de la oculomotricidad fina, la percepci\u00f3n visual y la integraci\u00f3n inter-hemisf\u00e9rica, y tambi\u00e9n en la velocidad lectora y la velocidad grafomotora.<\/p>\n\n\n\n<p class=\"has-text-color wp-block-paragraph\" style=\"color:#008ad0\"><strong>M\u00e9todo<\/strong><\/p>\n\n\n\n<p class=\"wp-block-paragraph\">Se han realizado cribados a cuatro escuelas diferentes de la provincia de Barcelona. A destacar que la gran parte de la muestra de alumnos con problemas de aprendizaje se ha obtenido de la escuela El Brot (escuela en la que cursan estudios ni\u00f1os y ni\u00f1ascon dificultades en elaprendizaje). La muestra a examinar ha sido de 218 ni\u00f1os y ni\u00f1as del ciclosuperior de Primaria, 5\u00bay 6\u00ba, y el primer ciclo de ESO, 1\u00bay 2\u00ba.<\/p>\n\n\n\n<p class=\"has-text-color wp-block-paragraph\" style=\"color:#008ad0\"><strong>Resultados<\/strong><\/p>\n\n\n\n<p class=\"wp-block-paragraph\">Se hicieron pruebas donde se valoraba la funci\u00f3n visual y la salud ocular, la eficacia visual (acomodaci\u00f3n, binocularidady motilidad).<\/p>\n\n\n\n<p class=\"wp-block-paragraph\">Se valor\u00f3 la percepci\u00f3n visual mediante el TVPS (Test of Visual Perceptual Skills), de las habilidades de automaticidad viso-verbal y oculomotora mediante el test DEM (Development Eye Movements) de la velocidad lectora con el test Gal\u00ed y de la velocidad grafomotriz con el test Wold i la integraci\u00f3 inter-hemisf\u00e9rica mediante la figura universal.<\/p>\n\n\n\n<p class=\"wp-block-paragraph\">No obstante en este trabajo se han tratado los resultados recopilados con las pruebas relacionadas con la lectoescritura, las habilidades de la percepci\u00f3n visual y la integraci\u00f3n inter-hemisf\u00e9rica.<\/p>\n\n\n\n<p class=\"has-text-color wp-block-paragraph\" style=\"color:#008ad0\"><strong>Conclusiones<\/strong><\/p>\n\n\n\n<p class=\"wp-block-paragraph\">Una vez vistos los resultados obtenidos de los diferentes test que se han examinado, se observa que hay una correspondencia con los resultados  obtenidos en otros trabajos que definen que los ni\u00f1os y ni\u00f1as con dificultades en el aprendizaje como la dislexia y el TDAH presentan valores significativamente m\u00e1s bajos en las habilidades visuales que el grupo de alumnos sin problemas de aprendizaje. Esto no se cumple en los resultados obtenidos en la evaluaci\u00f3n de la integraci\u00f3n inter-hemisf\u00e9rica.<\/p>\n\n\n\n<p class=\"wp-block-paragraph\">Llee el TFM completo<\/p>\n\n\n\n<div data-wp-interactive=\"core\/file\" class=\"wp-block-file\"><object data-wp-bind--hidden=\"!state.hasPdfPreview\" hidden class=\"wp-block-file__embed\" data=\"https:\/\/www.acotv.org\/wp-content\/uploads\/05_TFM_Anna_Mestre.pdf\" type=\"application\/pdf\" style=\"width:100%;height:600px\" aria-label=\"Incrustado de Incrustado de 05_TFM_Anna_Mestre..\"><\/object><a id=\"wp-block-file--media-a6ca8b94-ecaf-4c05-9f27-704bda063e26\" href=\"https:\/\/www.acotv.org\/wp-content\/uploads\/05_TFM_Anna_Mestre.pdf\">05_TFM_Anna_Mestre<\/a><a href=\"https:\/\/www.acotv.org\/wp-content\/uploads\/05_TFM_Anna_Mestre.pdf\" class=\"wp-block-file__button\" download aria-describedby=\"wp-block-file--media-a6ca8b94-ecaf-4c05-9f27-704bda063e26\">Descarga<\/a><\/div>\n\n\n\n<div data-wp-interactive=\"core\/file\" class=\"wp-block-file\"><object data-wp-bind--hidden=\"!state.hasPdfPreview\" hidden class=\"wp-block-file__embed\" data=\"https:\/\/www.acotv.org\/wp-content\/uploads\/0Poster_A.Mestre.pdf\" type=\"application\/pdf\" style=\"width:100%;height:600px\" aria-label=\"Incrustado de Incrustado de 0Poster_A.Mestre..\"><\/object><a id=\"wp-block-file--media-e787ad53-8716-4a47-93e9-a8dc92e44cff\" href=\"https:\/\/www.acotv.org\/wp-content\/uploads\/0Poster_A.Mestre.pdf\">0Poster_A.Mestre<\/a><a href=\"https:\/\/www.acotv.org\/wp-content\/uploads\/0Poster_A.Mestre.pdf\" class=\"wp-block-file__button\" download aria-describedby=\"wp-block-file--media-e787ad53-8716-4a47-93e9-a8dc92e44cff\">Descarga<\/a><\/div>\n\n\n\n<p class=\"wp-block-paragraph\"><\/p>\n\n\n\n<p class=\"wp-block-paragraph\">Presentaci\u00f3n elaborada por\u00a0<strong>Rocio Villena Requena <\/strong><br><strong>Diplomada en \u00d3ptica y Optometr\u00eda <\/strong><br><strong>M\u00e1ster en Optometr\u00eda y Ciencias de la Visi\u00f3n <\/strong><br><strong>Miembro de la ACOTV <\/strong><\/p>\n","protected":false},"excerpt":{"rendered":"<p>L\u2019optometrista&nbsp;Anna Mestre,&nbsp;ja ens va presentar un TFG en el que va estudiar si la percepci\u00f3 visual pot estar correlacionada directament [&hellip;]<\/p>\n","protected":false},"author":2,"featured_media":2162,"comment_status":"open","ping_status":"open","sticky":false,"template":"","format":"standard","meta":{"ocean_front_end_style_editor":"no","ocean_post_layout":"","ocean_both_sidebars_style":"","ocean_both_sidebars_content_width":0,"ocean_both_sidebars_sidebars_width":0,"ocean_sidebar":"0","ocean_second_sidebar":"0","ocean_disable_margins":"enable","ocean_add_body_class":"","ocean_shortcode_before_top_bar":"","ocean_shortcode_after_top_bar":"","ocean_shortcode_before_header":"","ocean_shortcode_after_header":"","ocean_has_shortcode":"","ocean_shortcode_after_title":"","ocean_shortcode_before_footer_widgets":"","ocean_shortcode_after_footer_widgets":"","ocean_shortcode_before_footer_bottom":"","ocean_shortcode_after_footer_bottom":"","ocean_display_top_bar":"default","ocean_display_header":"default","ocean_header_style":"","ocean_center_header_left_menu":"0","ocean_custom_header_template":"0","ocean_custom_logo":0,"ocean_custom_retina_logo":0,"ocean_custom_logo_max_width":0,"ocean_custom_logo_tablet_max_width":0,"ocean_custom_logo_mobile_max_width":0,"ocean_custom_logo_max_height":0,"ocean_custom_logo_tablet_max_height":0,"ocean_custom_logo_mobile_max_height":0,"ocean_header_custom_menu":"0","ocean_menu_typo_font_family":"0","ocean_menu_typo_font_subset":"","ocean_menu_typo_font_size":0,"ocean_menu_typo_font_size_tablet":0,"ocean_menu_typo_font_size_mobile":0,"ocean_menu_typo_font_size_unit":"px","ocean_menu_typo_font_weight":"","ocean_menu_typo_font_weight_tablet":"","ocean_menu_typo_font_weight_mobile":"","ocean_menu_typo_transform":"","ocean_menu_typo_transform_tablet":"","ocean_menu_typo_transform_mobile":"","ocean_menu_typo_line_height":0,"ocean_menu_typo_line_height_tablet":0,"ocean_menu_typo_line_height_mobile":0,"ocean_menu_typo_line_height_unit":"","ocean_menu_typo_spacing":0,"ocean_menu_typo_spacing_tablet":0,"ocean_menu_typo_spacing_mobile":0,"ocean_menu_typo_spacing_unit":"","ocean_menu_link_color":"","ocean_menu_link_color_hover":"","ocean_menu_link_color_active":"","ocean_menu_link_background":"","ocean_menu_link_hover_background":"","ocean_menu_link_active_background":"","ocean_menu_social_links_bg":"","ocean_menu_social_hover_links_bg":"","ocean_menu_social_links_color":"","ocean_menu_social_hover_links_color":"","ocean_disable_title":"default","ocean_disable_heading":"default","ocean_post_title":"","ocean_post_subheading":"","ocean_post_title_style":"","ocean_post_title_background_color":"","ocean_post_title_background":0,"ocean_post_title_bg_image_position":"","ocean_post_title_bg_image_attachment":"","ocean_post_title_bg_image_repeat":"","ocean_post_title_bg_image_size":"","ocean_post_title_height":0,"ocean_post_title_bg_overlay":0.5,"ocean_post_title_bg_overlay_color":"","ocean_disable_breadcrumbs":"default","ocean_breadcrumbs_color":"","ocean_breadcrumbs_separator_color":"","ocean_breadcrumbs_links_color":"","ocean_breadcrumbs_links_hover_color":"","ocean_display_footer_widgets":"default","ocean_display_footer_bottom":"default","ocean_custom_footer_template":"0","ocean_post_oembed":"","ocean_post_self_hosted_media":"","ocean_post_video_embed":"","ocean_link_format":"","ocean_link_format_target":"self","ocean_quote_format":"","ocean_quote_format_link":"post","ocean_gallery_link_images":"off","ocean_gallery_id":[],"footnotes":""},"categories":[9],"tags":[60,57,61],"class_list":["post-2868","post","type-post","status-publish","format-standard","has-post-thumbnail","hentry","category-blog","tag-optometria","tag-problemasdeaprendizaje","tag-terapiavisual","entry","has-media"],"yoast_head":"<!-- This site is optimized with the Yoast SEO plugin v28.4 - https:\/\/yoast.com\/product\/yoast-seo-wordpress\/ -->\n<title>EVALUACI\u00d3N DE LA OCULOMOTRICIDAD Y DE LA PERCEPCI\u00d3N VISUAL EN ESTUDIANTES CON DIFICULTADES ESPEC\u00cdFICAS DEL APRENDIZAJE - Asociaci\u00f3n Catalana de Optometr\u00eda y Terapia Visual<\/title>\n<meta name=\"robots\" content=\"index, follow, max-snippet:-1, max-image-preview:large, max-video-preview:-1\" \/>\n<link rel=\"canonical\" href=\"https:\/\/www.acotv.org\/es\/evaluacion-de-la-oculomotricidad-y-de-la-percepcion-visual-en-estudiantes-con-dificultades-especificas-del-aprendizaje\/\" \/>\n<meta property=\"og:locale\" content=\"es_ES\" \/>\n<meta property=\"og:type\" content=\"article\" \/>\n<meta property=\"og:title\" content=\"EVALUACI\u00d3N DE LA OCULOMOTRICIDAD Y DE LA PERCEPCI\u00d3N VISUAL EN ESTUDIANTES CON DIFICULTADES ESPEC\u00cdFICAS DEL APRENDIZAJE - Asociaci\u00f3n Catalana de Optometr\u00eda y Terapia Visual\" \/>\n<meta property=\"og:description\" content=\"L\u2019optometrista&nbsp;Anna Mestre,&nbsp;ja ens va presentar un TFG en el que va estudiar si la percepci\u00f3 visual pot estar correlacionada directament [&hellip;]\" \/>\n<meta property=\"og:url\" content=\"https:\/\/www.acotv.org\/es\/evaluacion-de-la-oculomotricidad-y-de-la-percepcion-visual-en-estudiantes-con-dificultades-especificas-del-aprendizaje\/\" \/>\n<meta property=\"og:site_name\" content=\"Asociaci\u00f3n Catalana de Optometr\u00eda y Terapia Visual\" \/>\n<meta property=\"article:published_time\" content=\"2017-05-31T07:56:00+00:00\" \/>\n<meta property=\"article:modified_time\" content=\"2022-03-31T09:06:06+00:00\" \/>\n<meta property=\"og:image\" content=\"https:\/\/www.acotv.org\/wp-content\/uploads\/Imatge1-1-1.jpg\" \/>\n\t<meta property=\"og:image:width\" content=\"700\" \/>\n\t<meta property=\"og:image:height\" content=\"494\" \/>\n\t<meta property=\"og:image:type\" content=\"image\/jpeg\" \/>\n<meta name=\"author\" content=\"ACOTV\" \/>\n<meta name=\"twitter:card\" content=\"summary_large_image\" \/>\n<meta name=\"twitter:label1\" content=\"Escrito por\" \/>\n\t<meta name=\"twitter:data1\" content=\"ACOTV\" \/>\n\t<meta name=\"twitter:label2\" content=\"Tiempo de lectura\" \/>\n\t<meta name=\"twitter:data2\" content=\"3 minutos\" \/>\n<script type=\"application\/ld+json\" class=\"yoast-schema-graph\">{\"@context\":\"https:\\\/\\\/schema.org\",\"@graph\":[{\"@type\":\"Article\",\"@id\":\"https:\\\/\\\/www.acotv.org\\\/es\\\/evaluacion-de-la-oculomotricidad-y-de-la-percepcion-visual-en-estudiantes-con-dificultades-especificas-del-aprendizaje\\\/#article\",\"isPartOf\":{\"@id\":\"https:\\\/\\\/www.acotv.org\\\/es\\\/evaluacion-de-la-oculomotricidad-y-de-la-percepcion-visual-en-estudiantes-con-dificultades-especificas-del-aprendizaje\\\/\"},\"author\":{\"name\":\"ACOTV\",\"@id\":\"https:\\\/\\\/www.acotv.org\\\/ca\\\/#\\\/schema\\\/person\\\/0de470fec1dbf9785a7343042d765744\"},\"headline\":\"EVALUACI\u00d3N DE LA OCULOMOTRICIDAD Y DE LA PERCEPCI\u00d3N VISUAL EN ESTUDIANTES CON DIFICULTADES ESPEC\u00cdFICAS DEL APRENDIZAJE\",\"datePublished\":\"2017-05-31T07:56:00+00:00\",\"dateModified\":\"2022-03-31T09:06:06+00:00\",\"mainEntityOfPage\":{\"@id\":\"https:\\\/\\\/www.acotv.org\\\/es\\\/evaluacion-de-la-oculomotricidad-y-de-la-percepcion-visual-en-estudiantes-con-dificultades-especificas-del-aprendizaje\\\/\"},\"wordCount\":519,\"commentCount\":0,\"image\":{\"@id\":\"https:\\\/\\\/www.acotv.org\\\/es\\\/evaluacion-de-la-oculomotricidad-y-de-la-percepcion-visual-en-estudiantes-con-dificultades-especificas-del-aprendizaje\\\/#primaryimage\"},\"thumbnailUrl\":\"https:\\\/\\\/www.acotv.org\\\/wp-content\\\/uploads\\\/Imatge1-1-1.jpg\",\"keywords\":[\"Optometria\",\"problemasdeaprendizaje\",\"TerapiaVisual\"],\"articleSection\":[\"Blog\"],\"inLanguage\":\"es\",\"potentialAction\":[{\"@type\":\"CommentAction\",\"name\":\"Comment\",\"target\":[\"https:\\\/\\\/www.acotv.org\\\/es\\\/evaluacion-de-la-oculomotricidad-y-de-la-percepcion-visual-en-estudiantes-con-dificultades-especificas-del-aprendizaje\\\/#respond\"]}]},{\"@type\":\"WebPage\",\"@id\":\"https:\\\/\\\/www.acotv.org\\\/es\\\/evaluacion-de-la-oculomotricidad-y-de-la-percepcion-visual-en-estudiantes-con-dificultades-especificas-del-aprendizaje\\\/\",\"url\":\"https:\\\/\\\/www.acotv.org\\\/es\\\/evaluacion-de-la-oculomotricidad-y-de-la-percepcion-visual-en-estudiantes-con-dificultades-especificas-del-aprendizaje\\\/\",\"name\":\"EVALUACI\u00d3N DE LA OCULOMOTRICIDAD Y DE LA PERCEPCI\u00d3N VISUAL EN ESTUDIANTES CON DIFICULTADES ESPEC\u00cdFICAS DEL APRENDIZAJE - Asociaci\u00f3n Catalana de Optometr\u00eda y Terapia Visual\",\"isPartOf\":{\"@id\":\"https:\\\/\\\/www.acotv.org\\\/ca\\\/#website\"},\"primaryImageOfPage\":{\"@id\":\"https:\\\/\\\/www.acotv.org\\\/es\\\/evaluacion-de-la-oculomotricidad-y-de-la-percepcion-visual-en-estudiantes-con-dificultades-especificas-del-aprendizaje\\\/#primaryimage\"},\"image\":{\"@id\":\"https:\\\/\\\/www.acotv.org\\\/es\\\/evaluacion-de-la-oculomotricidad-y-de-la-percepcion-visual-en-estudiantes-con-dificultades-especificas-del-aprendizaje\\\/#primaryimage\"},\"thumbnailUrl\":\"https:\\\/\\\/www.acotv.org\\\/wp-content\\\/uploads\\\/Imatge1-1-1.jpg\",\"datePublished\":\"2017-05-31T07:56:00+00:00\",\"dateModified\":\"2022-03-31T09:06:06+00:00\",\"author\":{\"@id\":\"https:\\\/\\\/www.acotv.org\\\/ca\\\/#\\\/schema\\\/person\\\/0de470fec1dbf9785a7343042d765744\"},\"breadcrumb\":{\"@id\":\"https:\\\/\\\/www.acotv.org\\\/es\\\/evaluacion-de-la-oculomotricidad-y-de-la-percepcion-visual-en-estudiantes-con-dificultades-especificas-del-aprendizaje\\\/#breadcrumb\"},\"inLanguage\":\"es\",\"potentialAction\":[{\"@type\":\"ReadAction\",\"target\":[\"https:\\\/\\\/www.acotv.org\\\/es\\\/evaluacion-de-la-oculomotricidad-y-de-la-percepcion-visual-en-estudiantes-con-dificultades-especificas-del-aprendizaje\\\/\"]}]},{\"@type\":\"ImageObject\",\"inLanguage\":\"es\",\"@id\":\"https:\\\/\\\/www.acotv.org\\\/es\\\/evaluacion-de-la-oculomotricidad-y-de-la-percepcion-visual-en-estudiantes-con-dificultades-especificas-del-aprendizaje\\\/#primaryimage\",\"url\":\"https:\\\/\\\/www.acotv.org\\\/wp-content\\\/uploads\\\/Imatge1-1-1.jpg\",\"contentUrl\":\"https:\\\/\\\/www.acotv.org\\\/wp-content\\\/uploads\\\/Imatge1-1-1.jpg\",\"width\":700,\"height\":494},{\"@type\":\"BreadcrumbList\",\"@id\":\"https:\\\/\\\/www.acotv.org\\\/es\\\/evaluacion-de-la-oculomotricidad-y-de-la-percepcion-visual-en-estudiantes-con-dificultades-especificas-del-aprendizaje\\\/#breadcrumb\",\"itemListElement\":[{\"@type\":\"ListItem\",\"position\":1,\"name\":\"Portada\",\"item\":\"https:\\\/\\\/www.acotv.org\\\/es\\\/\"},{\"@type\":\"ListItem\",\"position\":2,\"name\":\"EVALUACI\u00d3N DE LA OCULOMOTRICIDAD Y DE LA PERCEPCI\u00d3N VISUAL EN ESTUDIANTES CON DIFICULTADES ESPEC\u00cdFICAS DEL APRENDIZAJE\"}]},{\"@type\":\"WebSite\",\"@id\":\"https:\\\/\\\/www.acotv.org\\\/ca\\\/#website\",\"url\":\"https:\\\/\\\/www.acotv.org\\\/ca\\\/\",\"name\":\"Asociaci\u00f3n Catalana de Optometr\u00eda y Terapia Visual\",\"description\":\"\",\"potentialAction\":[{\"@type\":\"SearchAction\",\"target\":{\"@type\":\"EntryPoint\",\"urlTemplate\":\"https:\\\/\\\/www.acotv.org\\\/ca\\\/?s={search_term_string}\"},\"query-input\":{\"@type\":\"PropertyValueSpecification\",\"valueRequired\":true,\"valueName\":\"search_term_string\"}}],\"inLanguage\":\"es\"},{\"@type\":\"Person\",\"@id\":\"https:\\\/\\\/www.acotv.org\\\/ca\\\/#\\\/schema\\\/person\\\/0de470fec1dbf9785a7343042d765744\",\"name\":\"ACOTV\",\"image\":{\"@type\":\"ImageObject\",\"inLanguage\":\"es\",\"@id\":\"https:\\\/\\\/www.acotv.org\\\/wp-content\\\/uploads\\\/Logo-petit-150x150.jpg\",\"url\":\"https:\\\/\\\/www.acotv.org\\\/wp-content\\\/uploads\\\/Logo-petit-150x150.jpg\",\"contentUrl\":\"https:\\\/\\\/www.acotv.org\\\/wp-content\\\/uploads\\\/Logo-petit-150x150.jpg\",\"caption\":\"ACOTV\"},\"url\":\"https:\\\/\\\/www.acotv.org\\\/es\\\/author\\\/acotv\\\/\"}]}<\/script>\n<!-- \/ Yoast SEO plugin. -->","yoast_head_json":{"title":"EVALUACI\u00d3N DE LA OCULOMOTRICIDAD Y DE LA PERCEPCI\u00d3N VISUAL EN ESTUDIANTES CON DIFICULTADES ESPEC\u00cdFICAS DEL APRENDIZAJE - Asociaci\u00f3n Catalana de Optometr\u00eda y Terapia Visual","robots":{"index":"index","follow":"follow","max-snippet":"max-snippet:-1","max-image-preview":"max-image-preview:large","max-video-preview":"max-video-preview:-1"},"canonical":"https:\/\/www.acotv.org\/es\/evaluacion-de-la-oculomotricidad-y-de-la-percepcion-visual-en-estudiantes-con-dificultades-especificas-del-aprendizaje\/","og_locale":"es_ES","og_type":"article","og_title":"EVALUACI\u00d3N DE LA OCULOMOTRICIDAD Y DE LA PERCEPCI\u00d3N VISUAL EN ESTUDIANTES CON DIFICULTADES ESPEC\u00cdFICAS DEL APRENDIZAJE - Asociaci\u00f3n Catalana de Optometr\u00eda y Terapia Visual","og_description":"L\u2019optometrista&nbsp;Anna Mestre,&nbsp;ja ens va presentar un TFG en el que va estudiar si la percepci\u00f3 visual pot estar correlacionada directament [&hellip;]","og_url":"https:\/\/www.acotv.org\/es\/evaluacion-de-la-oculomotricidad-y-de-la-percepcion-visual-en-estudiantes-con-dificultades-especificas-del-aprendizaje\/","og_site_name":"Asociaci\u00f3n Catalana de Optometr\u00eda y Terapia Visual","article_published_time":"2017-05-31T07:56:00+00:00","article_modified_time":"2022-03-31T09:06:06+00:00","og_image":[{"width":700,"height":494,"url":"https:\/\/www.acotv.org\/wp-content\/uploads\/Imatge1-1-1.jpg","type":"image\/jpeg"}],"author":"ACOTV","twitter_card":"summary_large_image","twitter_misc":{"Escrito por":"ACOTV","Tiempo de lectura":"3 minutos"},"schema":{"@context":"https:\/\/schema.org","@graph":[{"@type":"Article","@id":"https:\/\/www.acotv.org\/es\/evaluacion-de-la-oculomotricidad-y-de-la-percepcion-visual-en-estudiantes-con-dificultades-especificas-del-aprendizaje\/#article","isPartOf":{"@id":"https:\/\/www.acotv.org\/es\/evaluacion-de-la-oculomotricidad-y-de-la-percepcion-visual-en-estudiantes-con-dificultades-especificas-del-aprendizaje\/"},"author":{"name":"ACOTV","@id":"https:\/\/www.acotv.org\/ca\/#\/schema\/person\/0de470fec1dbf9785a7343042d765744"},"headline":"EVALUACI\u00d3N DE LA OCULOMOTRICIDAD Y DE LA PERCEPCI\u00d3N VISUAL EN ESTUDIANTES CON DIFICULTADES ESPEC\u00cdFICAS DEL APRENDIZAJE","datePublished":"2017-05-31T07:56:00+00:00","dateModified":"2022-03-31T09:06:06+00:00","mainEntityOfPage":{"@id":"https:\/\/www.acotv.org\/es\/evaluacion-de-la-oculomotricidad-y-de-la-percepcion-visual-en-estudiantes-con-dificultades-especificas-del-aprendizaje\/"},"wordCount":519,"commentCount":0,"image":{"@id":"https:\/\/www.acotv.org\/es\/evaluacion-de-la-oculomotricidad-y-de-la-percepcion-visual-en-estudiantes-con-dificultades-especificas-del-aprendizaje\/#primaryimage"},"thumbnailUrl":"https:\/\/www.acotv.org\/wp-content\/uploads\/Imatge1-1-1.jpg","keywords":["Optometria","problemasdeaprendizaje","TerapiaVisual"],"articleSection":["Blog"],"inLanguage":"es","potentialAction":[{"@type":"CommentAction","name":"Comment","target":["https:\/\/www.acotv.org\/es\/evaluacion-de-la-oculomotricidad-y-de-la-percepcion-visual-en-estudiantes-con-dificultades-especificas-del-aprendizaje\/#respond"]}]},{"@type":"WebPage","@id":"https:\/\/www.acotv.org\/es\/evaluacion-de-la-oculomotricidad-y-de-la-percepcion-visual-en-estudiantes-con-dificultades-especificas-del-aprendizaje\/","url":"https:\/\/www.acotv.org\/es\/evaluacion-de-la-oculomotricidad-y-de-la-percepcion-visual-en-estudiantes-con-dificultades-especificas-del-aprendizaje\/","name":"EVALUACI\u00d3N DE LA OCULOMOTRICIDAD Y DE LA PERCEPCI\u00d3N VISUAL EN ESTUDIANTES CON DIFICULTADES ESPEC\u00cdFICAS DEL APRENDIZAJE - Asociaci\u00f3n Catalana de Optometr\u00eda y Terapia Visual","isPartOf":{"@id":"https:\/\/www.acotv.org\/ca\/#website"},"primaryImageOfPage":{"@id":"https:\/\/www.acotv.org\/es\/evaluacion-de-la-oculomotricidad-y-de-la-percepcion-visual-en-estudiantes-con-dificultades-especificas-del-aprendizaje\/#primaryimage"},"image":{"@id":"https:\/\/www.acotv.org\/es\/evaluacion-de-la-oculomotricidad-y-de-la-percepcion-visual-en-estudiantes-con-dificultades-especificas-del-aprendizaje\/#primaryimage"},"thumbnailUrl":"https:\/\/www.acotv.org\/wp-content\/uploads\/Imatge1-1-1.jpg","datePublished":"2017-05-31T07:56:00+00:00","dateModified":"2022-03-31T09:06:06+00:00","author":{"@id":"https:\/\/www.acotv.org\/ca\/#\/schema\/person\/0de470fec1dbf9785a7343042d765744"},"breadcrumb":{"@id":"https:\/\/www.acotv.org\/es\/evaluacion-de-la-oculomotricidad-y-de-la-percepcion-visual-en-estudiantes-con-dificultades-especificas-del-aprendizaje\/#breadcrumb"},"inLanguage":"es","potentialAction":[{"@type":"ReadAction","target":["https:\/\/www.acotv.org\/es\/evaluacion-de-la-oculomotricidad-y-de-la-percepcion-visual-en-estudiantes-con-dificultades-especificas-del-aprendizaje\/"]}]},{"@type":"ImageObject","inLanguage":"es","@id":"https:\/\/www.acotv.org\/es\/evaluacion-de-la-oculomotricidad-y-de-la-percepcion-visual-en-estudiantes-con-dificultades-especificas-del-aprendizaje\/#primaryimage","url":"https:\/\/www.acotv.org\/wp-content\/uploads\/Imatge1-1-1.jpg","contentUrl":"https:\/\/www.acotv.org\/wp-content\/uploads\/Imatge1-1-1.jpg","width":700,"height":494},{"@type":"BreadcrumbList","@id":"https:\/\/www.acotv.org\/es\/evaluacion-de-la-oculomotricidad-y-de-la-percepcion-visual-en-estudiantes-con-dificultades-especificas-del-aprendizaje\/#breadcrumb","itemListElement":[{"@type":"ListItem","position":1,"name":"Portada","item":"https:\/\/www.acotv.org\/es\/"},{"@type":"ListItem","position":2,"name":"EVALUACI\u00d3N DE LA OCULOMOTRICIDAD Y DE LA PERCEPCI\u00d3N VISUAL EN ESTUDIANTES CON DIFICULTADES ESPEC\u00cdFICAS DEL APRENDIZAJE"}]},{"@type":"WebSite","@id":"https:\/\/www.acotv.org\/ca\/#website","url":"https:\/\/www.acotv.org\/ca\/","name":"Asociaci\u00f3n Catalana de Optometr\u00eda y Terapia Visual","description":"","potentialAction":[{"@type":"SearchAction","target":{"@type":"EntryPoint","urlTemplate":"https:\/\/www.acotv.org\/ca\/?s={search_term_string}"},"query-input":{"@type":"PropertyValueSpecification","valueRequired":true,"valueName":"search_term_string"}}],"inLanguage":"es"},{"@type":"Person","@id":"https:\/\/www.acotv.org\/ca\/#\/schema\/person\/0de470fec1dbf9785a7343042d765744","name":"ACOTV","image":{"@type":"ImageObject","inLanguage":"es","@id":"https:\/\/www.acotv.org\/wp-content\/uploads\/Logo-petit-150x150.jpg","url":"https:\/\/www.acotv.org\/wp-content\/uploads\/Logo-petit-150x150.jpg","contentUrl":"https:\/\/www.acotv.org\/wp-content\/uploads\/Logo-petit-150x150.jpg","caption":"ACOTV"},"url":"https:\/\/www.acotv.org\/es\/author\/acotv\/"}]}},"_links":{"self":[{"href":"https:\/\/www.acotv.org\/es\/wp-json\/wp\/v2\/posts\/2868","targetHints":{"allow":["GET"]}}],"collection":[{"href":"https:\/\/www.acotv.org\/es\/wp-json\/wp\/v2\/posts"}],"about":[{"href":"https:\/\/www.acotv.org\/es\/wp-json\/wp\/v2\/types\/post"}],"author":[{"embeddable":true,"href":"https:\/\/www.acotv.org\/es\/wp-json\/wp\/v2\/users\/2"}],"replies":[{"embeddable":true,"href":"https:\/\/www.acotv.org\/es\/wp-json\/wp\/v2\/comments?post=2868"}],"version-history":[{"count":0,"href":"https:\/\/www.acotv.org\/es\/wp-json\/wp\/v2\/posts\/2868\/revisions"}],"wp:featuredmedia":[{"embeddable":true,"href":"https:\/\/www.acotv.org\/es\/wp-json\/wp\/v2\/media\/2162"}],"wp:attachment":[{"href":"https:\/\/www.acotv.org\/es\/wp-json\/wp\/v2\/media?parent=2868"}],"wp:term":[{"taxonomy":"category","embeddable":true,"href":"https:\/\/www.acotv.org\/es\/wp-json\/wp\/v2\/categories?post=2868"},{"taxonomy":"post_tag","embeddable":true,"href":"https:\/\/www.acotv.org\/es\/wp-json\/wp\/v2\/tags?post=2868"}],"curies":[{"name":"wp","href":"https:\/\/api.w.org\/{rel}","templated":true}]}}