{"id":2828,"date":"2024-08-06T14:22:41","date_gmt":"2024-08-06T12:22:41","guid":{"rendered":"https:\/\/www.acotv.org\/mejora-este-verano-tu-desarrollo-visual\/"},"modified":"2024-08-06T14:25:44","modified_gmt":"2024-08-06T12:25:44","slug":"mejora-este-verano-tu-desarrollo-visual","status":"publish","type":"post","link":"https:\/\/www.acotv.org\/es\/mejora-este-verano-tu-desarrollo-visual\/","title":{"rendered":"MEJORA TU DESARROLLO VISUAL ESTE VERANO"},"content":{"rendered":"\n<p class=\"wp-block-paragraph\">Este verano lleno de juegos, te proponemos cinco actividades para mejorar tu desarrollo visual. Son actividades \u00fatiles y entretenidas que no solo te distraer\u00e1n, sino que tambi\u00e9n reforzar\u00e1n algunas de tus habilidades visuales y psicomotrices de forma sencilla y divertida.<\/p>\n\n\n\n<p class=\"has-medium-font-size wp-block-paragraph\"><strong><mark style=\"background-color:rgba(0, 0, 0, 0)\" class=\"has-inline-color has-vivid-cyan-blue-color\">1. Boom, Snap, Clap<\/mark><\/strong><\/p>\n\n\n\n<p class=\"wp-block-paragraph\">Esta actividad es perfecta para desarrollar la l\u00ednea media, trabajar la coordinaci\u00f3n ojo-mano y el ritmo. Simplemente sigue la secuencia de sonidos y movimientos: Boom (golpea el suelo), Snap (chasquea los dedos), Clap (aplaude). \u00a1Es divertida y muy beneficiosa!<\/p>\n\n\n\n<ol class=\"wp-block-list\"><\/ol>\n\n\n\n<p class=\"wp-block-paragraph\">Ver este video:<\/p>\n\n\n\n<figure class=\"wp-block-embed is-type-video is-provider-youtube wp-block-embed-youtube wp-embed-aspect-16-9 wp-has-aspect-ratio\"><div class=\"wp-block-embed__wrapper\">\n<p class=\"responsive-video-wrap clr\"><iframe title=\"Boom, Snap, Clap | Klatschspiele Anleitung (Kinderlieder)\" width=\"1200\" height=\"675\" src=\"https:\/\/www.youtube.com\/embed\/UkFs5glUMjw?feature=oembed\" frameborder=\"0\" allow=\"accelerometer; autoplay; clipboard-write; encrypted-media; gyroscope; picture-in-picture; web-share\" referrerpolicy=\"strict-origin-when-cross-origin\" allowfullscreen><\/iframe><\/p>\n<\/div><\/figure>\n\n\n\n<h2 class=\"wp-block-heading has-text-color\" style=\"color:#008ad0\"><strong>2. Saltos<\/strong><\/h2>\n\n\n\n<p class=\"wp-block-paragraph\">Un ejercicio fant\u00e1stico para trabajar el desarrollo motor, la conciencia corporal y el equilibrio. Solo necesitas unas cuantas l\u00edneas en el suelo. <br>Comienza saltando hacia adelante y hacia atr\u00e1s. Para aumentar la dificultad, intenta saltar con un solo pie. <\/p>\n\n\n<div class=\"wp-block-image\">\n<figure class=\"alignleft size-full is-resized\"><img fetchpriority=\"high\" decoding=\"async\" width=\"332\" height=\"496\" src=\"https:\/\/www.acotv.org\/wp-content\/uploads\/imatge4-2.png\" alt=\"\" class=\"wp-image-2800\" style=\"width:263px;height:auto\" srcset=\"https:\/\/www.acotv.org\/wp-content\/uploads\/imatge4-2.png 332w, https:\/\/www.acotv.org\/wp-content\/uploads\/imatge4-2-201x300.png 201w\" sizes=\"(max-width: 332px) 100vw, 332px\" \/><\/figure>\n<\/div>\n\n\n<p class=\"has-text-align-left wp-block-paragraph\">Nos podemos plantear otras preguntas como:<\/p>\n\n\n<div class=\"wp-block-image\">\n<figure class=\"alignright size-full is-resized\"><img decoding=\"async\" width=\"700\" height=\"468\" src=\"https:\/\/www.acotv.org\/wp-content\/uploads\/imatge5-3.png\" alt=\"\" class=\"wp-image-2806\" style=\"width:267px;height:auto\" srcset=\"https:\/\/www.acotv.org\/wp-content\/uploads\/imatge5-3.png 700w, https:\/\/www.acotv.org\/wp-content\/uploads\/imatge5-3-300x201.png 300w\" sizes=\"(max-width: 700px) 100vw, 700px\" \/><\/figure>\n<\/div>\n\n\n<p class=\"has-text-align-left wp-block-paragraph\"><mark style=\"background-color:rgba(0, 0, 0, 0)\" class=\"has-inline-color has-black-color\">\u00bfCuanto puedes llegar a separar los pies?<\/mark><\/p>\n\n\n<div class=\"wp-block-image\">\n<figure class=\"alignleft size-full is-resized\"><img decoding=\"async\" width=\"700\" height=\"469\" src=\"https:\/\/www.acotv.org\/wp-content\/uploads\/imatge0.png\" alt=\"\" class=\"wp-image-2812\" style=\"width:334px;height:auto\" srcset=\"https:\/\/www.acotv.org\/wp-content\/uploads\/imatge0.png 700w, https:\/\/www.acotv.org\/wp-content\/uploads\/imatge0-300x201.png 300w\" sizes=\"(max-width: 700px) 100vw, 700px\" \/><\/figure>\n<\/div>\n\n\n<p class=\"has-text-align-left wp-block-paragraph\"><mark style=\"background-color:rgba(0, 0, 0, 0)\" class=\"has-inline-color has-black-color\">\u00bfCuanto puedes llegar a separar las extremidades de tu cuerpo?<\/mark><\/p>\n\n\n\n<p class=\"has-text-align-left wp-block-paragraph\"><mark style=\"background-color:rgba(0, 0, 0, 0)\" class=\"has-inline-color has-black-color\">\u00bfCuanto puedes llegar a separar las extremidades de tu cuerpo?<\/mark><\/p>\n\n\n\n<p class=\"has-text-align-right wp-block-paragraph\"><mark style=\"background-color:rgba(0, 0, 0, 0)\" class=\"has-inline-color has-black-color\">\u00bfHasta donde llega tu cuerpo?\u00a0\u00a0<\/mark><\/p>\n\n\n<div class=\"wp-block-image\">\n<figure class=\"alignright size-full is-resized\"><img loading=\"lazy\" decoding=\"async\" width=\"323\" height=\"483\" src=\"https:\/\/www.acotv.org\/wp-content\/uploads\/imatge6-2.png\" alt=\"\" class=\"wp-image-2809\" style=\"width:195px;height:auto\" srcset=\"https:\/\/www.acotv.org\/wp-content\/uploads\/imatge6-2.png 323w, https:\/\/www.acotv.org\/wp-content\/uploads\/imatge6-2-201x300.png 201w\" sizes=\"(max-width: 323px) 100vw, 323px\" \/><\/figure>\n<\/div>\n\n\n<p class=\"wp-block-paragraph\"><\/p>\n\n\n\n<p class=\"wp-block-paragraph\"><\/p>\n\n\n\n<p class=\"wp-block-paragraph\"><\/p>\n\n\n\n<h2 class=\"wp-block-heading has-text-color\" style=\"color:#008ad0\"><strong>3. Carreras de coches con vasos<\/strong><br><\/h2>\n\n\n<div class=\"wp-block-image\">\n<figure class=\"alignleft size-full is-resized\"><img loading=\"lazy\" decoding=\"async\" width=\"374\" height=\"660\" src=\"https:\/\/www.acotv.org\/wp-content\/uploads\/image-3.png\" alt=\"\" class=\"wp-image-11366\" style=\"width:328px;height:auto\" srcset=\"https:\/\/www.acotv.org\/wp-content\/uploads\/image-3.png 374w, https:\/\/www.acotv.org\/wp-content\/uploads\/image-3-170x300.png 170w\" sizes=\"(max-width: 374px) 100vw, 374px\" \/><\/figure>\n<\/div>\n\n\n<p class=\"wp-block-paragraph\">Este ejercicio trabaja <strong>la motricidad fina, la motilidad ocular y la coordinaci\u00f3n ojo-mano.<\/strong><\/p>\n\n\n\n<p class=\"wp-block-paragraph\">Dibuja una carretera en un vaso de pl\u00e1stico transparente. En otro vaso, dibuja un coche. Encaja el vaso del coche dentro del vaso de la carretera y haz girar el vaso del coche para que recorra todo el camino dibujado. \u00a1Es como una peque\u00f1a carrera en miniatura!<\/p>\n\n\n\n<h2 class=\"wp-block-heading\"><strong><mark style=\"background-color:rgba(0, 0, 0, 0)\" class=\"has-inline-color has-vivid-cyan-blue-color\">4. Laberintos de asfalto<\/mark><\/strong><\/h2>\n\n\n\n<p class=\"wp-block-paragraph\">Solo necesitas una tiza y ganas de divertirte. Dibuja una l\u00ednea en el suelo que se retuerza y haga bucles. La l\u00ednea puede ser tan larga como desees. El objetivo del juego es caminar sobre la l\u00ednea colocando el tal\u00f3n de un pie tocando la punta del otro pie.<\/p>\n\n\n\n<p class=\"wp-block-paragraph\">Para aumentar la dificultad, puedes intentar cruzar las piernas hacia adelante y hacia atr\u00e1s mientras sigues la l\u00ednea.<\/p>\n\n\n\n<figure class=\"wp-block-image size-full\"><img loading=\"lazy\" decoding=\"async\" width=\"240\" height=\"378\" src=\"https:\/\/www.acotv.org\/wp-content\/uploads\/imatge8.png\" alt=\"\" class=\"wp-image-2818\" srcset=\"https:\/\/www.acotv.org\/wp-content\/uploads\/imatge8.png 240w, https:\/\/www.acotv.org\/wp-content\/uploads\/imatge8-190x300.png 190w\" sizes=\"(max-width: 240px) 100vw, 240px\" \/><\/figure>\n\n\n\n<h2 class=\"wp-block-heading has-text-color\" style=\"color:#008ad0\"><strong>5. Lanzar la esponja<\/strong><\/h2>\n\n\n\n<p class=\"wp-block-paragraph\">Esta refrescante actividad nos ayudar\u00e1 a trabajar la<strong>&nbsp;sensaci\u00f3n de profundidad y la coordinaci\u00f3n ojo-mano<\/strong>. Coge unas cuantas esponjas, dibuja una diana en el suelo. Remojar las esponjas con agua y haz diana.<\/p>\n\n\n\n<p class=\"wp-block-paragraph\">\u00bfCu\u00e1ntos puntos eres capaz de conseguir?<\/p>\n\n\n\n<figure class=\"wp-block-image size-full\"><img loading=\"lazy\" decoding=\"async\" width=\"251\" height=\"375\" src=\"https:\/\/www.acotv.org\/wp-content\/uploads\/imatge9.png\" alt=\"\" class=\"wp-image-2821\" srcset=\"https:\/\/www.acotv.org\/wp-content\/uploads\/imatge9.png 251w, https:\/\/www.acotv.org\/wp-content\/uploads\/imatge9-201x300.png 201w\" sizes=\"(max-width: 251px) 100vw, 251px\" \/><\/figure>\n\n\n\n<p class=\"wp-block-paragraph\">\u00a1Disfruta de estas actividades y mejora tu desarrollo visual de manera divertida este verano!<br><br>F<strong>uente de Imagenes:<\/strong>\u00a0Pinterest<\/p>\n\n\n\n<p class=\"wp-block-paragraph\">Consejos por gentileza de\u00a0<strong>\u00a0N\u00faria Baldrich Roure<\/strong> Diplomada en \u00d3ptica y Optometria M\u00e1ster COI en Optometria y Ter\u00e0pia Visual Postgrau en Visi\u00f3n Deportiva por la UCM Miembro de la ACOTV<\/p>\n","protected":false},"excerpt":{"rendered":"<p>Este verano lleno de juegos, te proponemos cinco actividades para mejorar tu desarrollo visual. Son actividades \u00fatiles y entretenidas que [&hellip;]<\/p>\n","protected":false},"author":2,"featured_media":2826,"comment_status":"open","ping_status":"open","sticky":false,"template":"","format":"standard","meta":{"ocean_front_end_style_editor":"no","ocean_post_layout":"","ocean_both_sidebars_style":"","ocean_both_sidebars_content_width":0,"ocean_both_sidebars_sidebars_width":0,"ocean_sidebar":"0","ocean_second_sidebar":"0","ocean_disable_margins":"enable","ocean_add_body_class":"","ocean_shortcode_before_top_bar":"","ocean_shortcode_after_top_bar":"","ocean_shortcode_before_header":"","ocean_shortcode_after_header":"","ocean_has_shortcode":"","ocean_shortcode_after_title":"","ocean_shortcode_before_footer_widgets":"","ocean_shortcode_after_footer_widgets":"","ocean_shortcode_before_footer_bottom":"","ocean_shortcode_after_footer_bottom":"","ocean_display_top_bar":"default","ocean_display_header":"default","ocean_header_style":"","ocean_center_header_left_menu":"0","ocean_custom_header_template":"0","ocean_custom_logo":0,"ocean_custom_retina_logo":0,"ocean_custom_logo_max_width":0,"ocean_custom_logo_tablet_max_width":0,"ocean_custom_logo_mobile_max_width":0,"ocean_custom_logo_max_height":0,"ocean_custom_logo_tablet_max_height":0,"ocean_custom_logo_mobile_max_height":0,"ocean_header_custom_menu":"0","ocean_menu_typo_font_family":"0","ocean_menu_typo_font_subset":"","ocean_menu_typo_font_size":0,"ocean_menu_typo_font_size_tablet":0,"ocean_menu_typo_font_size_mobile":0,"ocean_menu_typo_font_size_unit":"px","ocean_menu_typo_font_weight":"","ocean_menu_typo_font_weight_tablet":"","ocean_menu_typo_font_weight_mobile":"","ocean_menu_typo_transform":"","ocean_menu_typo_transform_tablet":"","ocean_menu_typo_transform_mobile":"","ocean_menu_typo_line_height":0,"ocean_menu_typo_line_height_tablet":0,"ocean_menu_typo_line_height_mobile":0,"ocean_menu_typo_line_height_unit":"","ocean_menu_typo_spacing":0,"ocean_menu_typo_spacing_tablet":0,"ocean_menu_typo_spacing_mobile":0,"ocean_menu_typo_spacing_unit":"","ocean_menu_link_color":"","ocean_menu_link_color_hover":"","ocean_menu_link_color_active":"","ocean_menu_link_background":"","ocean_menu_link_hover_background":"","ocean_menu_link_active_background":"","ocean_menu_social_links_bg":"","ocean_menu_social_hover_links_bg":"","ocean_menu_social_links_color":"","ocean_menu_social_hover_links_color":"","ocean_disable_title":"default","ocean_disable_heading":"default","ocean_post_title":"","ocean_post_subheading":"","ocean_post_title_style":"","ocean_post_title_background_color":"","ocean_post_title_background":0,"ocean_post_title_bg_image_position":"","ocean_post_title_bg_image_attachment":"","ocean_post_title_bg_image_repeat":"","ocean_post_title_bg_image_size":"","ocean_post_title_height":0,"ocean_post_title_bg_overlay":0.5,"ocean_post_title_bg_overlay_color":"","ocean_disable_breadcrumbs":"default","ocean_breadcrumbs_color":"","ocean_breadcrumbs_separator_color":"","ocean_breadcrumbs_links_color":"","ocean_breadcrumbs_links_hover_color":"","ocean_display_footer_widgets":"default","ocean_display_footer_bottom":"default","ocean_custom_footer_template":"0","ocean_post_oembed":"","ocean_post_self_hosted_media":"","ocean_post_video_embed":"","ocean_link_format":"","ocean_link_format_target":"self","ocean_quote_format":"","ocean_quote_format_link":"post","ocean_gallery_link_images":"off","ocean_gallery_id":[],"footnotes":""},"categories":[9],"tags":[60,61],"class_list":["post-2828","post","type-post","status-publish","format-standard","has-post-thumbnail","hentry","category-blog","tag-optometria","tag-terapiavisual","entry","has-media"],"yoast_head":"<!-- This site is optimized with the Yoast SEO plugin v28.4 - https:\/\/yoast.com\/product\/yoast-seo-wordpress\/ -->\n<title>MEJORA TU DESARROLLO VISUAL ESTE VERANO - Asociaci\u00f3n Catalana de Optometr\u00eda y Terapia Visual<\/title>\n<meta name=\"robots\" content=\"index, follow, max-snippet:-1, max-image-preview:large, max-video-preview:-1\" \/>\n<link rel=\"canonical\" href=\"https:\/\/www.acotv.org\/es\/mejora-este-verano-tu-desarrollo-visual\/\" \/>\n<meta property=\"og:locale\" content=\"es_ES\" \/>\n<meta property=\"og:type\" content=\"article\" \/>\n<meta property=\"og:title\" content=\"MEJORA TU DESARROLLO VISUAL ESTE VERANO - Asociaci\u00f3n Catalana de Optometr\u00eda y Terapia Visual\" \/>\n<meta property=\"og:description\" content=\"Este verano lleno de juegos, te proponemos cinco actividades para mejorar tu desarrollo visual. Son actividades \u00fatiles y entretenidas que [&hellip;]\" \/>\n<meta property=\"og:url\" content=\"https:\/\/www.acotv.org\/es\/mejora-este-verano-tu-desarrollo-visual\/\" \/>\n<meta property=\"og:site_name\" content=\"Asociaci\u00f3n Catalana de Optometr\u00eda y Terapia Visual\" \/>\n<meta property=\"article:published_time\" content=\"2024-08-06T12:22:41+00:00\" \/>\n<meta property=\"article:modified_time\" content=\"2024-08-06T12:25:44+00:00\" \/>\n<meta property=\"og:image\" content=\"https:\/\/www.acotv.org\/wp-content\/uploads\/imatge00.jpg\" \/>\n\t<meta property=\"og:image:width\" content=\"700\" \/>\n\t<meta property=\"og:image:height\" content=\"466\" \/>\n\t<meta property=\"og:image:type\" content=\"image\/jpeg\" \/>\n<meta name=\"author\" content=\"ACOTV\" \/>\n<meta name=\"twitter:card\" content=\"summary_large_image\" \/>\n<meta name=\"twitter:label1\" content=\"Escrito por\" \/>\n\t<meta name=\"twitter:data1\" content=\"ACOTV\" \/>\n\t<meta name=\"twitter:label2\" content=\"Tiempo de lectura\" \/>\n\t<meta name=\"twitter:data2\" content=\"4 minutos\" \/>\n<script type=\"application\/ld+json\" class=\"yoast-schema-graph\">{\"@context\":\"https:\\\/\\\/schema.org\",\"@graph\":[{\"@type\":\"Article\",\"@id\":\"https:\\\/\\\/www.acotv.org\\\/es\\\/mejora-este-verano-tu-desarrollo-visual\\\/#article\",\"isPartOf\":{\"@id\":\"https:\\\/\\\/www.acotv.org\\\/es\\\/mejora-este-verano-tu-desarrollo-visual\\\/\"},\"author\":{\"name\":\"ACOTV\",\"@id\":\"https:\\\/\\\/www.acotv.org\\\/ca\\\/#\\\/schema\\\/person\\\/0de470fec1dbf9785a7343042d765744\"},\"headline\":\"MEJORA TU DESARROLLO VISUAL ESTE VERANO\",\"datePublished\":\"2024-08-06T12:22:41+00:00\",\"dateModified\":\"2024-08-06T12:25:44+00:00\",\"mainEntityOfPage\":{\"@id\":\"https:\\\/\\\/www.acotv.org\\\/es\\\/mejora-este-verano-tu-desarrollo-visual\\\/\"},\"wordCount\":424,\"commentCount\":0,\"image\":{\"@id\":\"https:\\\/\\\/www.acotv.org\\\/es\\\/mejora-este-verano-tu-desarrollo-visual\\\/#primaryimage\"},\"thumbnailUrl\":\"https:\\\/\\\/www.acotv.org\\\/wp-content\\\/uploads\\\/imatge00.jpg\",\"keywords\":[\"Optometria\",\"TerapiaVisual\"],\"articleSection\":[\"Blog\"],\"inLanguage\":\"es\",\"potentialAction\":[{\"@type\":\"CommentAction\",\"name\":\"Comment\",\"target\":[\"https:\\\/\\\/www.acotv.org\\\/es\\\/mejora-este-verano-tu-desarrollo-visual\\\/#respond\"]}]},{\"@type\":\"WebPage\",\"@id\":\"https:\\\/\\\/www.acotv.org\\\/es\\\/mejora-este-verano-tu-desarrollo-visual\\\/\",\"url\":\"https:\\\/\\\/www.acotv.org\\\/es\\\/mejora-este-verano-tu-desarrollo-visual\\\/\",\"name\":\"MEJORA TU DESARROLLO VISUAL ESTE VERANO - Asociaci\u00f3n Catalana de Optometr\u00eda y Terapia Visual\",\"isPartOf\":{\"@id\":\"https:\\\/\\\/www.acotv.org\\\/ca\\\/#website\"},\"primaryImageOfPage\":{\"@id\":\"https:\\\/\\\/www.acotv.org\\\/es\\\/mejora-este-verano-tu-desarrollo-visual\\\/#primaryimage\"},\"image\":{\"@id\":\"https:\\\/\\\/www.acotv.org\\\/es\\\/mejora-este-verano-tu-desarrollo-visual\\\/#primaryimage\"},\"thumbnailUrl\":\"https:\\\/\\\/www.acotv.org\\\/wp-content\\\/uploads\\\/imatge00.jpg\",\"datePublished\":\"2024-08-06T12:22:41+00:00\",\"dateModified\":\"2024-08-06T12:25:44+00:00\",\"author\":{\"@id\":\"https:\\\/\\\/www.acotv.org\\\/ca\\\/#\\\/schema\\\/person\\\/0de470fec1dbf9785a7343042d765744\"},\"breadcrumb\":{\"@id\":\"https:\\\/\\\/www.acotv.org\\\/es\\\/mejora-este-verano-tu-desarrollo-visual\\\/#breadcrumb\"},\"inLanguage\":\"es\",\"potentialAction\":[{\"@type\":\"ReadAction\",\"target\":[\"https:\\\/\\\/www.acotv.org\\\/es\\\/mejora-este-verano-tu-desarrollo-visual\\\/\"]}]},{\"@type\":\"ImageObject\",\"inLanguage\":\"es\",\"@id\":\"https:\\\/\\\/www.acotv.org\\\/es\\\/mejora-este-verano-tu-desarrollo-visual\\\/#primaryimage\",\"url\":\"https:\\\/\\\/www.acotv.org\\\/wp-content\\\/uploads\\\/imatge00.jpg\",\"contentUrl\":\"https:\\\/\\\/www.acotv.org\\\/wp-content\\\/uploads\\\/imatge00.jpg\",\"width\":700,\"height\":466},{\"@type\":\"BreadcrumbList\",\"@id\":\"https:\\\/\\\/www.acotv.org\\\/es\\\/mejora-este-verano-tu-desarrollo-visual\\\/#breadcrumb\",\"itemListElement\":[{\"@type\":\"ListItem\",\"position\":1,\"name\":\"Portada\",\"item\":\"https:\\\/\\\/www.acotv.org\\\/es\\\/\"},{\"@type\":\"ListItem\",\"position\":2,\"name\":\"MEJORA TU DESARROLLO VISUAL ESTE VERANO\"}]},{\"@type\":\"WebSite\",\"@id\":\"https:\\\/\\\/www.acotv.org\\\/ca\\\/#website\",\"url\":\"https:\\\/\\\/www.acotv.org\\\/ca\\\/\",\"name\":\"Asociaci\u00f3n Catalana de Optometr\u00eda y Terapia Visual\",\"description\":\"\",\"potentialAction\":[{\"@type\":\"SearchAction\",\"target\":{\"@type\":\"EntryPoint\",\"urlTemplate\":\"https:\\\/\\\/www.acotv.org\\\/ca\\\/?s={search_term_string}\"},\"query-input\":{\"@type\":\"PropertyValueSpecification\",\"valueRequired\":true,\"valueName\":\"search_term_string\"}}],\"inLanguage\":\"es\"},{\"@type\":\"Person\",\"@id\":\"https:\\\/\\\/www.acotv.org\\\/ca\\\/#\\\/schema\\\/person\\\/0de470fec1dbf9785a7343042d765744\",\"name\":\"ACOTV\",\"image\":{\"@type\":\"ImageObject\",\"inLanguage\":\"es\",\"@id\":\"https:\\\/\\\/www.acotv.org\\\/wp-content\\\/uploads\\\/Logo-petit-150x150.jpg\",\"url\":\"https:\\\/\\\/www.acotv.org\\\/wp-content\\\/uploads\\\/Logo-petit-150x150.jpg\",\"contentUrl\":\"https:\\\/\\\/www.acotv.org\\\/wp-content\\\/uploads\\\/Logo-petit-150x150.jpg\",\"caption\":\"ACOTV\"},\"url\":\"https:\\\/\\\/www.acotv.org\\\/es\\\/author\\\/acotv\\\/\"}]}<\/script>\n<!-- \/ Yoast SEO plugin. -->","yoast_head_json":{"title":"MEJORA TU DESARROLLO VISUAL ESTE VERANO - Asociaci\u00f3n Catalana de Optometr\u00eda y Terapia Visual","robots":{"index":"index","follow":"follow","max-snippet":"max-snippet:-1","max-image-preview":"max-image-preview:large","max-video-preview":"max-video-preview:-1"},"canonical":"https:\/\/www.acotv.org\/es\/mejora-este-verano-tu-desarrollo-visual\/","og_locale":"es_ES","og_type":"article","og_title":"MEJORA TU DESARROLLO VISUAL ESTE VERANO - Asociaci\u00f3n Catalana de Optometr\u00eda y Terapia Visual","og_description":"Este verano lleno de juegos, te proponemos cinco actividades para mejorar tu desarrollo visual. Son actividades \u00fatiles y entretenidas que [&hellip;]","og_url":"https:\/\/www.acotv.org\/es\/mejora-este-verano-tu-desarrollo-visual\/","og_site_name":"Asociaci\u00f3n Catalana de Optometr\u00eda y Terapia Visual","article_published_time":"2024-08-06T12:22:41+00:00","article_modified_time":"2024-08-06T12:25:44+00:00","og_image":[{"width":700,"height":466,"url":"https:\/\/www.acotv.org\/wp-content\/uploads\/imatge00.jpg","type":"image\/jpeg"}],"author":"ACOTV","twitter_card":"summary_large_image","twitter_misc":{"Escrito por":"ACOTV","Tiempo de lectura":"4 minutos"},"schema":{"@context":"https:\/\/schema.org","@graph":[{"@type":"Article","@id":"https:\/\/www.acotv.org\/es\/mejora-este-verano-tu-desarrollo-visual\/#article","isPartOf":{"@id":"https:\/\/www.acotv.org\/es\/mejora-este-verano-tu-desarrollo-visual\/"},"author":{"name":"ACOTV","@id":"https:\/\/www.acotv.org\/ca\/#\/schema\/person\/0de470fec1dbf9785a7343042d765744"},"headline":"MEJORA TU DESARROLLO VISUAL ESTE VERANO","datePublished":"2024-08-06T12:22:41+00:00","dateModified":"2024-08-06T12:25:44+00:00","mainEntityOfPage":{"@id":"https:\/\/www.acotv.org\/es\/mejora-este-verano-tu-desarrollo-visual\/"},"wordCount":424,"commentCount":0,"image":{"@id":"https:\/\/www.acotv.org\/es\/mejora-este-verano-tu-desarrollo-visual\/#primaryimage"},"thumbnailUrl":"https:\/\/www.acotv.org\/wp-content\/uploads\/imatge00.jpg","keywords":["Optometria","TerapiaVisual"],"articleSection":["Blog"],"inLanguage":"es","potentialAction":[{"@type":"CommentAction","name":"Comment","target":["https:\/\/www.acotv.org\/es\/mejora-este-verano-tu-desarrollo-visual\/#respond"]}]},{"@type":"WebPage","@id":"https:\/\/www.acotv.org\/es\/mejora-este-verano-tu-desarrollo-visual\/","url":"https:\/\/www.acotv.org\/es\/mejora-este-verano-tu-desarrollo-visual\/","name":"MEJORA TU DESARROLLO VISUAL ESTE VERANO - Asociaci\u00f3n Catalana de Optometr\u00eda y Terapia Visual","isPartOf":{"@id":"https:\/\/www.acotv.org\/ca\/#website"},"primaryImageOfPage":{"@id":"https:\/\/www.acotv.org\/es\/mejora-este-verano-tu-desarrollo-visual\/#primaryimage"},"image":{"@id":"https:\/\/www.acotv.org\/es\/mejora-este-verano-tu-desarrollo-visual\/#primaryimage"},"thumbnailUrl":"https:\/\/www.acotv.org\/wp-content\/uploads\/imatge00.jpg","datePublished":"2024-08-06T12:22:41+00:00","dateModified":"2024-08-06T12:25:44+00:00","author":{"@id":"https:\/\/www.acotv.org\/ca\/#\/schema\/person\/0de470fec1dbf9785a7343042d765744"},"breadcrumb":{"@id":"https:\/\/www.acotv.org\/es\/mejora-este-verano-tu-desarrollo-visual\/#breadcrumb"},"inLanguage":"es","potentialAction":[{"@type":"ReadAction","target":["https:\/\/www.acotv.org\/es\/mejora-este-verano-tu-desarrollo-visual\/"]}]},{"@type":"ImageObject","inLanguage":"es","@id":"https:\/\/www.acotv.org\/es\/mejora-este-verano-tu-desarrollo-visual\/#primaryimage","url":"https:\/\/www.acotv.org\/wp-content\/uploads\/imatge00.jpg","contentUrl":"https:\/\/www.acotv.org\/wp-content\/uploads\/imatge00.jpg","width":700,"height":466},{"@type":"BreadcrumbList","@id":"https:\/\/www.acotv.org\/es\/mejora-este-verano-tu-desarrollo-visual\/#breadcrumb","itemListElement":[{"@type":"ListItem","position":1,"name":"Portada","item":"https:\/\/www.acotv.org\/es\/"},{"@type":"ListItem","position":2,"name":"MEJORA TU DESARROLLO VISUAL ESTE VERANO"}]},{"@type":"WebSite","@id":"https:\/\/www.acotv.org\/ca\/#website","url":"https:\/\/www.acotv.org\/ca\/","name":"Asociaci\u00f3n Catalana de Optometr\u00eda y Terapia Visual","description":"","potentialAction":[{"@type":"SearchAction","target":{"@type":"EntryPoint","urlTemplate":"https:\/\/www.acotv.org\/ca\/?s={search_term_string}"},"query-input":{"@type":"PropertyValueSpecification","valueRequired":true,"valueName":"search_term_string"}}],"inLanguage":"es"},{"@type":"Person","@id":"https:\/\/www.acotv.org\/ca\/#\/schema\/person\/0de470fec1dbf9785a7343042d765744","name":"ACOTV","image":{"@type":"ImageObject","inLanguage":"es","@id":"https:\/\/www.acotv.org\/wp-content\/uploads\/Logo-petit-150x150.jpg","url":"https:\/\/www.acotv.org\/wp-content\/uploads\/Logo-petit-150x150.jpg","contentUrl":"https:\/\/www.acotv.org\/wp-content\/uploads\/Logo-petit-150x150.jpg","caption":"ACOTV"},"url":"https:\/\/www.acotv.org\/es\/author\/acotv\/"}]}},"_links":{"self":[{"href":"https:\/\/www.acotv.org\/es\/wp-json\/wp\/v2\/posts\/2828","targetHints":{"allow":["GET"]}}],"collection":[{"href":"https:\/\/www.acotv.org\/es\/wp-json\/wp\/v2\/posts"}],"about":[{"href":"https:\/\/www.acotv.org\/es\/wp-json\/wp\/v2\/types\/post"}],"author":[{"embeddable":true,"href":"https:\/\/www.acotv.org\/es\/wp-json\/wp\/v2\/users\/2"}],"replies":[{"embeddable":true,"href":"https:\/\/www.acotv.org\/es\/wp-json\/wp\/v2\/comments?post=2828"}],"version-history":[{"count":3,"href":"https:\/\/www.acotv.org\/es\/wp-json\/wp\/v2\/posts\/2828\/revisions"}],"predecessor-version":[{"id":11372,"href":"https:\/\/www.acotv.org\/es\/wp-json\/wp\/v2\/posts\/2828\/revisions\/11372"}],"wp:featuredmedia":[{"embeddable":true,"href":"https:\/\/www.acotv.org\/es\/wp-json\/wp\/v2\/media\/2826"}],"wp:attachment":[{"href":"https:\/\/www.acotv.org\/es\/wp-json\/wp\/v2\/media?parent=2828"}],"wp:term":[{"taxonomy":"category","embeddable":true,"href":"https:\/\/www.acotv.org\/es\/wp-json\/wp\/v2\/categories?post=2828"},{"taxonomy":"post_tag","embeddable":true,"href":"https:\/\/www.acotv.org\/es\/wp-json\/wp\/v2\/tags?post=2828"}],"curies":[{"name":"wp","href":"https:\/\/api.w.org\/{rel}","templated":true}]}}