{"id":2508,"date":"2017-10-30T19:11:00","date_gmt":"2017-10-30T18:11:00","guid":{"rendered":"https:\/\/www.acotv.orgtudio-de-la-influencia-de-la-fatiga-en-las-habilidades-visuales\/"},"modified":"2022-03-30T08:54:30","modified_gmt":"2022-03-30T06:54:30","slug":"estudio-de-la-influencia-de-la-fatiga-en-las-habilidades-visuales","status":"publish","type":"post","link":"https:\/\/www.acotv.org\/es\/estudio-de-la-influencia-de-la-fatiga-en-las-habilidades-visuales\/","title":{"rendered":"ESTUDIO DE LA INFLUENCIA DE LA FATIGA EN LAS HABILIDADES VISUALES"},"content":{"rendered":"\n<p class=\"has-medium-font-size wp-block-paragraph\"><strong>Rafael Castro Dominguez<\/strong>&nbsp;en su&nbsp;<strong>Trabajo Final de M\u00e1ster&nbsp;<\/strong>dirigido por los profesores<strong>&nbsp;Luisa Quevedo Junyent y Jes\u00fas Armengol Cebri\u00e1n,&nbsp;<\/strong>nos&nbsp; habla de como la realizaci\u00f3n de una activida f\u00edsica en condiciones extremas provoca variaciones fisiol\u00f3gicas en los deportistas.<\/p>\n\n\n\n<p class=\"has-medium-font-size wp-block-paragraph\">En este trabajo se parte de la hip\u00f3tesi de que el cansancio aer\u00f3bico ocasionado por la realizaci\u00f3n de un esfuerzo fisico produce modificaciones negativas de las habilidades visuales.<\/p>\n\n\n\n<p class=\"has-text-color wp-block-paragraph\" style=\"color:#008ad0\">Objetivo<\/p>\n\n\n\n<p class=\"wp-block-paragraph\">Estudiar el rendimiento visual del deportista analizando: sensibilidad al contraste, amplitud de acomodaci\u00f3n, punto cercano de convergencia, foria en visi\u00f3n cercana, estereoagudeza, flexibilidad acomodativa y movimientos sac\u00e1dicos de amplitud, agudeza visual din\u00e1mica, coordinaci\u00f3n ojo-mano \/ tiempo de reacci\u00f3n.<\/p>\n\n\n\n<p class=\"wp-block-paragraph\">Comparar los resultados de las pruebas visuales realizadas antes y despu\u00e9s de la actividad f\u00edsica para valorar el efecto de la fatiga y valorar la percepci\u00f3n subjetiva de los sujetos sobre la realizaci\u00f3n de las pruebas despu\u00e9s de la actividad f\u00edsica.<\/p>\n\n\n\n<p class=\"has-text-color wp-block-paragraph\" style=\"color:#008ad0\">M\u00e9todo<\/p>\n\n\n\n<p class=\"wp-block-paragraph\"> El estudio se realiz\u00f3 con un grupo de 18 individuos, todos hombres, deportistas del Centro de Alto Rendimiento de Sant Cugat del Vall\u00e8s. <\/p>\n\n\n\n<p class=\"wp-block-paragraph\">Los deportistas pertenec\u00edan a las modalidades de tenis de mesa, atletismo y waterpolo. Con edades comprendidas entre los 15 y 22 a\u00f1os. <\/p>\n\n\n\n<p class=\"wp-block-paragraph\">Primero se hab\u00eda realizado un pre-test donde se hab\u00edan evaluado los ex\u00e1menes visuales. <\/p>\n\n\n\n<p class=\"wp-block-paragraph\">En la sesi\u00f3n de trabajo el sujeto realizaba la prueba a la cinta continua seg\u00fan el protocolo establecido.<\/p>\n\n\n\n<p class=\"wp-block-paragraph\">Una vez finalizada la prueba en la c\u00e1mara, se repitieron todas las pruebas realizadas en el pre-test y adicionalmente los sujetos ten\u00edan que contestar un cuestionario sobre valoraci\u00f3n subjetiva del grado de fatiga.<\/p>\n\n\n\n<p class=\"has-text-color wp-block-paragraph\" style=\"color:#008ad0\">Resultados<\/p>\n\n\n\n<p class=\"wp-block-paragraph\">La fatiga ocasionada por la realizaci\u00f3n del esfuerzo f\u00edsico produce alteraciones en alguna de sus habilidades visuales. La amplitud de acomodaci\u00f3n, el punto cercano de convergencia y la estereopsis han empeorado pero la funci\u00f3n de sensibilidad al contraste en las frecuencias altas y la agudeza visual din\u00e1mica han mejorado.<\/p>\n\n\n\n<p class=\"wp-block-paragraph\">Se han mantenido la funci\u00f3n de sensibilidad al contraste en las frecuencias bajas, las forias, los movimientos sac\u00e1dicos y la respuesta oculomanual a est\u00edmulos visuales perif\u00e9ricos.<\/p>\n\n\n\n<p class=\"has-text-color wp-block-paragraph\" style=\"color:#008ad0\">Conclusiones<\/p>\n\n\n\n<p class=\"wp-block-paragraph\">Es necesario realizar m\u00e1s estudios con un mayor n\u00famero de sujetos para investigar la influencia de la fatiga en las habilidades visuales.<\/p>\n\n\n\n<p class=\"wp-block-paragraph\">Puedes descargar el&nbsp;<a href=\"http:\/\/upcommons.upc.edu\/handle\/2117\/89484\" rel=\"alternate\">Trabajo Completo en el siguiente enlace<\/a><\/p>\n\n\n\n<p class=\"wp-block-paragraph\">Presentaci\u00f3n elaborada por<strong>&nbsp;Rocio Villena Requena<\/strong>\nDiplomada en \u00d3ptica y Optometr\u00eda\nM\u00e1ster en Optometr\u00eda i Cienciass de la Visi\u00f3n\nMiembro de la ACOTV<\/p>\n","protected":false},"excerpt":{"rendered":"<p>Rafael Castro Dominguez&nbsp;en su&nbsp;Trabajo Final de M\u00e1ster&nbsp;dirigido por los profesores&nbsp;Luisa Quevedo Junyent y Jes\u00fas Armengol Cebri\u00e1n,&nbsp;nos&nbsp; habla de como la [&hellip;]<\/p>\n","protected":false},"author":2,"featured_media":2506,"comment_status":"open","ping_status":"open","sticky":false,"template":"","format":"standard","meta":{"ocean_front_end_style_editor":"no","ocean_post_layout":"","ocean_both_sidebars_style":"","ocean_both_sidebars_content_width":0,"ocean_both_sidebars_sidebars_width":0,"ocean_sidebar":"0","ocean_second_sidebar":"0","ocean_disable_margins":"enable","ocean_add_body_class":"","ocean_shortcode_before_top_bar":"","ocean_shortcode_after_top_bar":"","ocean_shortcode_before_header":"","ocean_shortcode_after_header":"","ocean_has_shortcode":"","ocean_shortcode_after_title":"","ocean_shortcode_before_footer_widgets":"","ocean_shortcode_after_footer_widgets":"","ocean_shortcode_before_footer_bottom":"","ocean_shortcode_after_footer_bottom":"","ocean_display_top_bar":"default","ocean_display_header":"default","ocean_header_style":"","ocean_center_header_left_menu":"0","ocean_custom_header_template":"0","ocean_custom_logo":0,"ocean_custom_retina_logo":0,"ocean_custom_logo_max_width":0,"ocean_custom_logo_tablet_max_width":0,"ocean_custom_logo_mobile_max_width":0,"ocean_custom_logo_max_height":0,"ocean_custom_logo_tablet_max_height":0,"ocean_custom_logo_mobile_max_height":0,"ocean_header_custom_menu":"0","ocean_menu_typo_font_family":"0","ocean_menu_typo_font_subset":"","ocean_menu_typo_font_size":0,"ocean_menu_typo_font_size_tablet":0,"ocean_menu_typo_font_size_mobile":0,"ocean_menu_typo_font_size_unit":"px","ocean_menu_typo_font_weight":"","ocean_menu_typo_font_weight_tablet":"","ocean_menu_typo_font_weight_mobile":"","ocean_menu_typo_transform":"","ocean_menu_typo_transform_tablet":"","ocean_menu_typo_transform_mobile":"","ocean_menu_typo_line_height":0,"ocean_menu_typo_line_height_tablet":0,"ocean_menu_typo_line_height_mobile":0,"ocean_menu_typo_line_height_unit":"","ocean_menu_typo_spacing":0,"ocean_menu_typo_spacing_tablet":0,"ocean_menu_typo_spacing_mobile":0,"ocean_menu_typo_spacing_unit":"","ocean_menu_link_color":"","ocean_menu_link_color_hover":"","ocean_menu_link_color_active":"","ocean_menu_link_background":"","ocean_menu_link_hover_background":"","ocean_menu_link_active_background":"","ocean_menu_social_links_bg":"","ocean_menu_social_hover_links_bg":"","ocean_menu_social_links_color":"","ocean_menu_social_hover_links_color":"","ocean_disable_title":"default","ocean_disable_heading":"default","ocean_post_title":"","ocean_post_subheading":"","ocean_post_title_style":"","ocean_post_title_background_color":"","ocean_post_title_background":0,"ocean_post_title_bg_image_position":"","ocean_post_title_bg_image_attachment":"","ocean_post_title_bg_image_repeat":"","ocean_post_title_bg_image_size":"","ocean_post_title_height":0,"ocean_post_title_bg_overlay":0.5,"ocean_post_title_bg_overlay_color":"","ocean_disable_breadcrumbs":"default","ocean_breadcrumbs_color":"","ocean_breadcrumbs_separator_color":"","ocean_breadcrumbs_links_color":"","ocean_breadcrumbs_links_hover_color":"","ocean_display_footer_widgets":"default","ocean_display_footer_bottom":"default","ocean_custom_footer_template":"0","ocean_post_oembed":"","ocean_post_self_hosted_media":"","ocean_post_video_embed":"","ocean_link_format":"","ocean_link_format_target":"self","ocean_quote_format":"","ocean_quote_format_link":"post","ocean_gallery_link_images":"off","ocean_gallery_id":[],"footnotes":""},"categories":[9],"tags":[90,60,61],"class_list":["post-2508","post","type-post","status-publish","format-standard","has-post-thumbnail","hentry","category-blog","tag-estudio-2","tag-optometria","tag-terapiavisual","entry","has-media"],"yoast_head":"<!-- This site is optimized with the Yoast SEO plugin v28.4 - https:\/\/yoast.com\/product\/yoast-seo-wordpress\/ -->\n<title>ESTUDIO DE LA INFLUENCIA DE LA FATIGA EN LAS HABILIDADES VISUALES - Asociaci\u00f3n Catalana de Optometr\u00eda y Terapia Visual<\/title>\n<meta name=\"robots\" content=\"index, follow, max-snippet:-1, max-image-preview:large, max-video-preview:-1\" \/>\n<link rel=\"canonical\" href=\"https:\/\/www.acotv.org\/es\/estudio-de-la-influencia-de-la-fatiga-en-las-habilidades-visuales\/\" \/>\n<meta property=\"og:locale\" content=\"es_ES\" \/>\n<meta property=\"og:type\" content=\"article\" \/>\n<meta property=\"og:title\" content=\"ESTUDIO DE LA INFLUENCIA DE LA FATIGA EN LAS HABILIDADES VISUALES - Asociaci\u00f3n Catalana de Optometr\u00eda y Terapia Visual\" \/>\n<meta property=\"og:description\" content=\"Rafael Castro Dominguez&nbsp;en su&nbsp;Trabajo Final de M\u00e1ster&nbsp;dirigido por los profesores&nbsp;Luisa Quevedo Junyent y Jes\u00fas Armengol Cebri\u00e1n,&nbsp;nos&nbsp; habla de como la [&hellip;]\" \/>\n<meta property=\"og:url\" content=\"https:\/\/www.acotv.org\/es\/estudio-de-la-influencia-de-la-fatiga-en-las-habilidades-visuales\/\" \/>\n<meta property=\"og:site_name\" content=\"Asociaci\u00f3n Catalana de Optometr\u00eda y Terapia Visual\" \/>\n<meta property=\"article:published_time\" content=\"2017-10-30T18:11:00+00:00\" \/>\n<meta property=\"article:modified_time\" content=\"2022-03-30T06:54:30+00:00\" \/>\n<meta property=\"og:image\" content=\"https:\/\/www.acotv.org\/wp-content\/uploads\/imatge2-8.jpg\" \/>\n\t<meta property=\"og:image:width\" content=\"700\" \/>\n\t<meta property=\"og:image:height\" content=\"525\" \/>\n\t<meta property=\"og:image:type\" content=\"image\/jpeg\" \/>\n<meta name=\"author\" content=\"ACOTV\" \/>\n<meta name=\"twitter:card\" content=\"summary_large_image\" \/>\n<meta name=\"twitter:label1\" content=\"Escrito por\" \/>\n\t<meta name=\"twitter:data1\" content=\"ACOTV\" \/>\n\t<meta name=\"twitter:label2\" content=\"Tiempo de lectura\" \/>\n\t<meta name=\"twitter:data2\" content=\"2 minutos\" \/>\n<script type=\"application\/ld+json\" class=\"yoast-schema-graph\">{\"@context\":\"https:\\\/\\\/schema.org\",\"@graph\":[{\"@type\":\"Article\",\"@id\":\"https:\\\/\\\/www.acotv.org\\\/es\\\/estudio-de-la-influencia-de-la-fatiga-en-las-habilidades-visuales\\\/#article\",\"isPartOf\":{\"@id\":\"https:\\\/\\\/www.acotv.org\\\/es\\\/estudio-de-la-influencia-de-la-fatiga-en-las-habilidades-visuales\\\/\"},\"author\":{\"name\":\"ACOTV\",\"@id\":\"https:\\\/\\\/www.acotv.org\\\/ca\\\/#\\\/schema\\\/person\\\/0de470fec1dbf9785a7343042d765744\"},\"headline\":\"ESTUDIO DE LA INFLUENCIA DE LA FATIGA EN LAS HABILIDADES VISUALES\",\"datePublished\":\"2017-10-30T18:11:00+00:00\",\"dateModified\":\"2022-03-30T06:54:30+00:00\",\"mainEntityOfPage\":{\"@id\":\"https:\\\/\\\/www.acotv.org\\\/es\\\/estudio-de-la-influencia-de-la-fatiga-en-las-habilidades-visuales\\\/\"},\"wordCount\":452,\"commentCount\":0,\"image\":{\"@id\":\"https:\\\/\\\/www.acotv.org\\\/es\\\/estudio-de-la-influencia-de-la-fatiga-en-las-habilidades-visuales\\\/#primaryimage\"},\"thumbnailUrl\":\"https:\\\/\\\/www.acotv.org\\\/wp-content\\\/uploads\\\/imatge2-8.jpg\",\"keywords\":[\"estudio\",\"Optometria\",\"TerapiaVisual\"],\"articleSection\":[\"Blog\"],\"inLanguage\":\"es\",\"potentialAction\":[{\"@type\":\"CommentAction\",\"name\":\"Comment\",\"target\":[\"https:\\\/\\\/www.acotv.org\\\/es\\\/estudio-de-la-influencia-de-la-fatiga-en-las-habilidades-visuales\\\/#respond\"]}]},{\"@type\":\"WebPage\",\"@id\":\"https:\\\/\\\/www.acotv.org\\\/es\\\/estudio-de-la-influencia-de-la-fatiga-en-las-habilidades-visuales\\\/\",\"url\":\"https:\\\/\\\/www.acotv.org\\\/es\\\/estudio-de-la-influencia-de-la-fatiga-en-las-habilidades-visuales\\\/\",\"name\":\"ESTUDIO DE LA INFLUENCIA DE LA FATIGA EN LAS HABILIDADES VISUALES - Asociaci\u00f3n Catalana de Optometr\u00eda y Terapia Visual\",\"isPartOf\":{\"@id\":\"https:\\\/\\\/www.acotv.org\\\/ca\\\/#website\"},\"primaryImageOfPage\":{\"@id\":\"https:\\\/\\\/www.acotv.org\\\/es\\\/estudio-de-la-influencia-de-la-fatiga-en-las-habilidades-visuales\\\/#primaryimage\"},\"image\":{\"@id\":\"https:\\\/\\\/www.acotv.org\\\/es\\\/estudio-de-la-influencia-de-la-fatiga-en-las-habilidades-visuales\\\/#primaryimage\"},\"thumbnailUrl\":\"https:\\\/\\\/www.acotv.org\\\/wp-content\\\/uploads\\\/imatge2-8.jpg\",\"datePublished\":\"2017-10-30T18:11:00+00:00\",\"dateModified\":\"2022-03-30T06:54:30+00:00\",\"author\":{\"@id\":\"https:\\\/\\\/www.acotv.org\\\/ca\\\/#\\\/schema\\\/person\\\/0de470fec1dbf9785a7343042d765744\"},\"breadcrumb\":{\"@id\":\"https:\\\/\\\/www.acotv.org\\\/es\\\/estudio-de-la-influencia-de-la-fatiga-en-las-habilidades-visuales\\\/#breadcrumb\"},\"inLanguage\":\"es\",\"potentialAction\":[{\"@type\":\"ReadAction\",\"target\":[\"https:\\\/\\\/www.acotv.org\\\/es\\\/estudio-de-la-influencia-de-la-fatiga-en-las-habilidades-visuales\\\/\"]}]},{\"@type\":\"ImageObject\",\"inLanguage\":\"es\",\"@id\":\"https:\\\/\\\/www.acotv.org\\\/es\\\/estudio-de-la-influencia-de-la-fatiga-en-las-habilidades-visuales\\\/#primaryimage\",\"url\":\"https:\\\/\\\/www.acotv.org\\\/wp-content\\\/uploads\\\/imatge2-8.jpg\",\"contentUrl\":\"https:\\\/\\\/www.acotv.org\\\/wp-content\\\/uploads\\\/imatge2-8.jpg\",\"width\":700,\"height\":525},{\"@type\":\"BreadcrumbList\",\"@id\":\"https:\\\/\\\/www.acotv.org\\\/es\\\/estudio-de-la-influencia-de-la-fatiga-en-las-habilidades-visuales\\\/#breadcrumb\",\"itemListElement\":[{\"@type\":\"ListItem\",\"position\":1,\"name\":\"Portada\",\"item\":\"https:\\\/\\\/www.acotv.org\\\/es\\\/\"},{\"@type\":\"ListItem\",\"position\":2,\"name\":\"ESTUDIO DE LA INFLUENCIA DE LA FATIGA EN LAS HABILIDADES VISUALES\"}]},{\"@type\":\"WebSite\",\"@id\":\"https:\\\/\\\/www.acotv.org\\\/ca\\\/#website\",\"url\":\"https:\\\/\\\/www.acotv.org\\\/ca\\\/\",\"name\":\"Asociaci\u00f3n Catalana de Optometr\u00eda y Terapia Visual\",\"description\":\"\",\"potentialAction\":[{\"@type\":\"SearchAction\",\"target\":{\"@type\":\"EntryPoint\",\"urlTemplate\":\"https:\\\/\\\/www.acotv.org\\\/ca\\\/?s={search_term_string}\"},\"query-input\":{\"@type\":\"PropertyValueSpecification\",\"valueRequired\":true,\"valueName\":\"search_term_string\"}}],\"inLanguage\":\"es\"},{\"@type\":\"Person\",\"@id\":\"https:\\\/\\\/www.acotv.org\\\/ca\\\/#\\\/schema\\\/person\\\/0de470fec1dbf9785a7343042d765744\",\"name\":\"ACOTV\",\"image\":{\"@type\":\"ImageObject\",\"inLanguage\":\"es\",\"@id\":\"https:\\\/\\\/www.acotv.org\\\/wp-content\\\/uploads\\\/Logo-petit-150x150.jpg\",\"url\":\"https:\\\/\\\/www.acotv.org\\\/wp-content\\\/uploads\\\/Logo-petit-150x150.jpg\",\"contentUrl\":\"https:\\\/\\\/www.acotv.org\\\/wp-content\\\/uploads\\\/Logo-petit-150x150.jpg\",\"caption\":\"ACOTV\"},\"url\":\"https:\\\/\\\/www.acotv.org\\\/es\\\/author\\\/acotv\\\/\"}]}<\/script>\n<!-- \/ Yoast SEO plugin. -->","yoast_head_json":{"title":"ESTUDIO DE LA INFLUENCIA DE LA FATIGA EN LAS HABILIDADES VISUALES - Asociaci\u00f3n Catalana de Optometr\u00eda y Terapia Visual","robots":{"index":"index","follow":"follow","max-snippet":"max-snippet:-1","max-image-preview":"max-image-preview:large","max-video-preview":"max-video-preview:-1"},"canonical":"https:\/\/www.acotv.org\/es\/estudio-de-la-influencia-de-la-fatiga-en-las-habilidades-visuales\/","og_locale":"es_ES","og_type":"article","og_title":"ESTUDIO DE LA INFLUENCIA DE LA FATIGA EN LAS HABILIDADES VISUALES - Asociaci\u00f3n Catalana de Optometr\u00eda y Terapia Visual","og_description":"Rafael Castro Dominguez&nbsp;en su&nbsp;Trabajo Final de M\u00e1ster&nbsp;dirigido por los profesores&nbsp;Luisa Quevedo Junyent y Jes\u00fas Armengol Cebri\u00e1n,&nbsp;nos&nbsp; habla de como la [&hellip;]","og_url":"https:\/\/www.acotv.org\/es\/estudio-de-la-influencia-de-la-fatiga-en-las-habilidades-visuales\/","og_site_name":"Asociaci\u00f3n Catalana de Optometr\u00eda y Terapia Visual","article_published_time":"2017-10-30T18:11:00+00:00","article_modified_time":"2022-03-30T06:54:30+00:00","og_image":[{"width":700,"height":525,"url":"https:\/\/www.acotv.org\/wp-content\/uploads\/imatge2-8.jpg","type":"image\/jpeg"}],"author":"ACOTV","twitter_card":"summary_large_image","twitter_misc":{"Escrito por":"ACOTV","Tiempo de lectura":"2 minutos"},"schema":{"@context":"https:\/\/schema.org","@graph":[{"@type":"Article","@id":"https:\/\/www.acotv.org\/es\/estudio-de-la-influencia-de-la-fatiga-en-las-habilidades-visuales\/#article","isPartOf":{"@id":"https:\/\/www.acotv.org\/es\/estudio-de-la-influencia-de-la-fatiga-en-las-habilidades-visuales\/"},"author":{"name":"ACOTV","@id":"https:\/\/www.acotv.org\/ca\/#\/schema\/person\/0de470fec1dbf9785a7343042d765744"},"headline":"ESTUDIO DE LA INFLUENCIA DE LA FATIGA EN LAS HABILIDADES VISUALES","datePublished":"2017-10-30T18:11:00+00:00","dateModified":"2022-03-30T06:54:30+00:00","mainEntityOfPage":{"@id":"https:\/\/www.acotv.org\/es\/estudio-de-la-influencia-de-la-fatiga-en-las-habilidades-visuales\/"},"wordCount":452,"commentCount":0,"image":{"@id":"https:\/\/www.acotv.org\/es\/estudio-de-la-influencia-de-la-fatiga-en-las-habilidades-visuales\/#primaryimage"},"thumbnailUrl":"https:\/\/www.acotv.org\/wp-content\/uploads\/imatge2-8.jpg","keywords":["estudio","Optometria","TerapiaVisual"],"articleSection":["Blog"],"inLanguage":"es","potentialAction":[{"@type":"CommentAction","name":"Comment","target":["https:\/\/www.acotv.org\/es\/estudio-de-la-influencia-de-la-fatiga-en-las-habilidades-visuales\/#respond"]}]},{"@type":"WebPage","@id":"https:\/\/www.acotv.org\/es\/estudio-de-la-influencia-de-la-fatiga-en-las-habilidades-visuales\/","url":"https:\/\/www.acotv.org\/es\/estudio-de-la-influencia-de-la-fatiga-en-las-habilidades-visuales\/","name":"ESTUDIO DE LA INFLUENCIA DE LA FATIGA EN LAS HABILIDADES VISUALES - Asociaci\u00f3n Catalana de Optometr\u00eda y Terapia Visual","isPartOf":{"@id":"https:\/\/www.acotv.org\/ca\/#website"},"primaryImageOfPage":{"@id":"https:\/\/www.acotv.org\/es\/estudio-de-la-influencia-de-la-fatiga-en-las-habilidades-visuales\/#primaryimage"},"image":{"@id":"https:\/\/www.acotv.org\/es\/estudio-de-la-influencia-de-la-fatiga-en-las-habilidades-visuales\/#primaryimage"},"thumbnailUrl":"https:\/\/www.acotv.org\/wp-content\/uploads\/imatge2-8.jpg","datePublished":"2017-10-30T18:11:00+00:00","dateModified":"2022-03-30T06:54:30+00:00","author":{"@id":"https:\/\/www.acotv.org\/ca\/#\/schema\/person\/0de470fec1dbf9785a7343042d765744"},"breadcrumb":{"@id":"https:\/\/www.acotv.org\/es\/estudio-de-la-influencia-de-la-fatiga-en-las-habilidades-visuales\/#breadcrumb"},"inLanguage":"es","potentialAction":[{"@type":"ReadAction","target":["https:\/\/www.acotv.org\/es\/estudio-de-la-influencia-de-la-fatiga-en-las-habilidades-visuales\/"]}]},{"@type":"ImageObject","inLanguage":"es","@id":"https:\/\/www.acotv.org\/es\/estudio-de-la-influencia-de-la-fatiga-en-las-habilidades-visuales\/#primaryimage","url":"https:\/\/www.acotv.org\/wp-content\/uploads\/imatge2-8.jpg","contentUrl":"https:\/\/www.acotv.org\/wp-content\/uploads\/imatge2-8.jpg","width":700,"height":525},{"@type":"BreadcrumbList","@id":"https:\/\/www.acotv.org\/es\/estudio-de-la-influencia-de-la-fatiga-en-las-habilidades-visuales\/#breadcrumb","itemListElement":[{"@type":"ListItem","position":1,"name":"Portada","item":"https:\/\/www.acotv.org\/es\/"},{"@type":"ListItem","position":2,"name":"ESTUDIO DE LA INFLUENCIA DE LA FATIGA EN LAS HABILIDADES VISUALES"}]},{"@type":"WebSite","@id":"https:\/\/www.acotv.org\/ca\/#website","url":"https:\/\/www.acotv.org\/ca\/","name":"Asociaci\u00f3n Catalana de Optometr\u00eda y Terapia Visual","description":"","potentialAction":[{"@type":"SearchAction","target":{"@type":"EntryPoint","urlTemplate":"https:\/\/www.acotv.org\/ca\/?s={search_term_string}"},"query-input":{"@type":"PropertyValueSpecification","valueRequired":true,"valueName":"search_term_string"}}],"inLanguage":"es"},{"@type":"Person","@id":"https:\/\/www.acotv.org\/ca\/#\/schema\/person\/0de470fec1dbf9785a7343042d765744","name":"ACOTV","image":{"@type":"ImageObject","inLanguage":"es","@id":"https:\/\/www.acotv.org\/wp-content\/uploads\/Logo-petit-150x150.jpg","url":"https:\/\/www.acotv.org\/wp-content\/uploads\/Logo-petit-150x150.jpg","contentUrl":"https:\/\/www.acotv.org\/wp-content\/uploads\/Logo-petit-150x150.jpg","caption":"ACOTV"},"url":"https:\/\/www.acotv.org\/es\/author\/acotv\/"}]}},"_links":{"self":[{"href":"https:\/\/www.acotv.org\/es\/wp-json\/wp\/v2\/posts\/2508","targetHints":{"allow":["GET"]}}],"collection":[{"href":"https:\/\/www.acotv.org\/es\/wp-json\/wp\/v2\/posts"}],"about":[{"href":"https:\/\/www.acotv.org\/es\/wp-json\/wp\/v2\/types\/post"}],"author":[{"embeddable":true,"href":"https:\/\/www.acotv.org\/es\/wp-json\/wp\/v2\/users\/2"}],"replies":[{"embeddable":true,"href":"https:\/\/www.acotv.org\/es\/wp-json\/wp\/v2\/comments?post=2508"}],"version-history":[{"count":0,"href":"https:\/\/www.acotv.org\/es\/wp-json\/wp\/v2\/posts\/2508\/revisions"}],"wp:featuredmedia":[{"embeddable":true,"href":"https:\/\/www.acotv.org\/es\/wp-json\/wp\/v2\/media\/2506"}],"wp:attachment":[{"href":"https:\/\/www.acotv.org\/es\/wp-json\/wp\/v2\/media?parent=2508"}],"wp:term":[{"taxonomy":"category","embeddable":true,"href":"https:\/\/www.acotv.org\/es\/wp-json\/wp\/v2\/categories?post=2508"},{"taxonomy":"post_tag","embeddable":true,"href":"https:\/\/www.acotv.org\/es\/wp-json\/wp\/v2\/tags?post=2508"}],"curies":[{"name":"wp","href":"https:\/\/api.w.org\/{rel}","templated":true}]}}