{"id":2478,"date":"2017-11-30T17:40:00","date_gmt":"2017-11-30T16:40:00","guid":{"rendered":"https:\/\/www.acotv.org\/revision-y-analisis-de-las-necesidades-formativas-de-los-profesionales-de-la-salud-visual\/"},"modified":"2022-03-31T23:04:37","modified_gmt":"2022-03-31T21:04:37","slug":"revision-y-analisis-de-las-necesidades-formativas-de-los-profesionales-de-la-salud-visual","status":"publish","type":"post","link":"https:\/\/www.acotv.org\/es\/revision-y-analisis-de-las-necesidades-formativas-de-los-profesionales-de-la-salud-visual\/","title":{"rendered":"REVISI\u00d3N Y AN\u00c1LISIS DE LAS NECESIDADES FORMATIVAS DE LOS PROFESIONALES DE LA SALUD VISUAL"},"content":{"rendered":"\n<p class=\"has-medium-font-size wp-block-paragraph\"><strong>Propuestas de acciones de formaci\u00f3n continuada<\/strong><\/p>\n\n\n\n<p class=\"has-medium-font-size wp-block-paragraph\">A partir de este mes de noviembre los optometristas podr\u00e1n obtener el certificado de VPC. La VPC es una certificaci\u00f3n VOLUNTARIA en la que el Consejo General de Colegios de \u00d3pticos y Optometristas eval\u00faa y reconoce la buena praxis profesional, la aceptaci\u00f3n del c\u00f3digo deontol\u00f3gico y el desarrollo profesional continuo de los \u00f3pticos optometristas colegiados para el ejercicio de la profesi\u00f3n.<\/p>\n\n\n\n<p class=\"wp-block-paragraph\">En este trabajo mediante un cuestionario dirigido a los profesionales de la visi\u00f3n se determinan las necesidades de formaci\u00f3n continuada de los profesionales de la salud visual para el desarrollo de su actividad cl\u00ednica diaria. Conocer la importancia que el profesional da a la formaci\u00f3n recibida en los estudios universitarios y como valora su importancia con el trabajo cl\u00ednico diario. Adem\u00e1s de su opini\u00f3n sobre la obligatoriedad de seguir programas de formaci\u00f3n continuada.<\/p>\n\n\n\n<p class=\"has-text-color wp-block-paragraph\" style=\"color:#008ad0\"><strong>Objetivo<\/strong><\/p>\n\n\n\n<p class=\"wp-block-paragraph\">Conocer los intereses en Formaci\u00f3n Continua y su posible relaci\u00f3n con el puesto de trabajo, al tiempo que observaron cambios en estos intereses, si la hay, entre las diferentes promociones de profesionales y el lugar del ejercicio profesional habitual (se diferencia entre los que ejercen en establecimiento de \u00f3ptica o en otros centros de salud visual). <\/p>\n\n\n\n<p class=\"has-text-color wp-block-paragraph\" style=\"color:#008ad0\"><strong>M\u00e9todo<\/strong><\/p>\n\n\n\n<p class=\"wp-block-paragraph\">Se dise\u00f1\u00f3 una encuesta que se hizo llegar aproximadamente a unos 5000 profesionales mediante un enlace en el correo electr\u00f3nico para llenar voluntariamente.<\/p>\n\n\n\n<p class=\"wp-block-paragraph\">Aparece un primer bloque donde se pregunta el sexo de la persona y el a\u00f1o de titulaci\u00f3n.<\/p>\n\n\n\n<p class=\"wp-block-paragraph\">El segundo bloque de preguntas se refiere a la formaci\u00f3n reglada recibida, lugar de ejercicio profesional y a\u00f1os en el mismo. Asignaturas cursadas en la carrera y su relaci\u00f3n con la actividad profesional diaria. Preguntas sobre la recertificaci\u00f3n, opini\u00f3n de los profesionales sobre la percepci\u00f3n que la sociedad tiene de nosotros y la percepci\u00f3n de la relaci\u00f3n con otros \u00f3pticos optometristas y con otros profesionales.<\/p>\n\n\n\n<p class=\"wp-block-paragraph\">El tercer bloque se refiere a la formaci\u00f3n continuada y valorar la satisfacci\u00f3n que los \u00f3pticos optometristas tienen de su propia actividad profesional.<\/p>\n\n\n\n<p class=\"has-text-color wp-block-paragraph\" style=\"color:#008ad0\"><strong>Resultados<\/strong><\/p>\n\n\n\n<p class=\"wp-block-paragraph\">La formaci\u00f3n reglada se ha seguido menos por parte de los profesionales que ejercen actualmente en establecimiento de \u00f3ptica, respecto a los que ejercen en otros \u00e1mbitos profesionales.<\/p>\n\n\n\n<p class=\"wp-block-paragraph\">La Contactolog\u00eda Avanzada y la Terapia Visual son las dos materias con mayor necesidad de especializaci\u00f3n y las de menos necesidad de especializaci\u00f3n: \u00d3ptica Oft\u00e1lmica y Gesti\u00f3n de Empresa de Salud Visual.<\/p>\n\n\n\n<p class=\"wp-block-paragraph\">En cuanto a la recertificaci\u00f3n obligatoria, un porcentaje superior al 85% se manifiesta en contra de este tr\u00e1mite.<\/p>\n\n\n\n<p class=\"wp-block-paragraph\">Un 80% de los profesionales encuestados han seguido la formaci\u00f3n continua acreditada siendo las promociones m\u00e1s recientes las que menos lo han seguido.<\/p>\n\n\n\n<p class=\"wp-block-paragraph\">Aproximadamente un 60% de la Formaci\u00f3n Continua Acreditada las han organizado las asociaciones colegiales y \/ o cient\u00edficas de la profesi\u00f3n, y el 40% restante, en su mayor\u00eda la han impartido, a partes iguales, laboratorios y universidad.<\/p>\n\n\n\n<p class=\"has-text-color wp-block-paragraph\" style=\"color:#008ad0\"><strong>Conclusiones<\/strong><\/p>\n\n\n\n<p class=\"wp-block-paragraph\">Se deber\u00e1n dise\u00f1ar los contenidos de las asignaturas b\u00e1sicas de modo que esta formaci\u00f3n sea aplicable a la pr\u00e1ctica cl\u00ednica.<\/p>\n\n\n\n<p class=\"wp-block-paragraph\">Los laboratorios que comercializan lentes oft\u00e1lmicas deber\u00e1n integrar programas de formaci\u00f3n para dar a conocer sus productos a los optometristas ya que la mayor\u00eda de defectos visuales se solucionan usando lentes oft\u00e1lmicas.<\/p>\n\n\n\n<p class=\"wp-block-paragraph\">Todos los agentes implicados en la salud visual deben trabajar para conseguir que la actividad del \u00f3ptico optometrista y su rol sanitario como profesional de atenci\u00f3n primaria sea conocido por la sociedad.<\/p>\n\n\n\n<p class=\"wp-block-paragraph\">Generar un proceso de recertificaci\u00f3n que haga cumplir la legislaci\u00f3n de obligatoriedad de la Formaci\u00f3n Continua.<\/p>\n\n\n\n<p class=\"wp-block-paragraph\">Optimizar al m\u00e1ximo los contenidos del modelo de Formaci\u00f3n Continua.<\/p>\n\n\n\n<p class=\"wp-block-paragraph\">La insatisfacci\u00f3n profesional influye en la actitud de los profesionales. Mejorar esta satisfacci\u00f3n mediante formaciones que no s\u00f3lo sean t\u00e9cnicas y influyan en una mejora de la actitud del profesional.<\/p>\n\n\n\n<p class=\"wp-block-paragraph\"><a href=\"http:\/\/upcommons.upc.edu\/handle\/2117\/104862\" target=\"_blank\" rel=\"noreferrer noopener\">Acceder al TFM completo en este enlace<\/a><\/p>\n\n\n\n<p class=\"wp-block-paragraph\">Presentaci\u00f3n elaborada por<strong>&nbsp;Rocio Villena Requena<\/strong>\nDiplomada en \u00d3ptica y Optometria\nM\u00e1ster en Optometr\u00eda y Ciencias de la Visi\u00f3n\nMiembro de la ACOTV<\/p>\n","protected":false},"excerpt":{"rendered":"<p>Propuestas de acciones de formaci\u00f3n continuada A partir de este mes de noviembre los optometristas podr\u00e1n obtener el certificado de [&hellip;]<\/p>\n","protected":false},"author":2,"featured_media":2475,"comment_status":"open","ping_status":"open","sticky":false,"template":"","format":"standard","meta":{"ocean_front_end_style_editor":"no","ocean_post_layout":"","ocean_both_sidebars_style":"","ocean_both_sidebars_content_width":0,"ocean_both_sidebars_sidebars_width":0,"ocean_sidebar":"0","ocean_second_sidebar":"0","ocean_disable_margins":"enable","ocean_add_body_class":"","ocean_shortcode_before_top_bar":"","ocean_shortcode_after_top_bar":"","ocean_shortcode_before_header":"","ocean_shortcode_after_header":"","ocean_has_shortcode":"","ocean_shortcode_after_title":"","ocean_shortcode_before_footer_widgets":"","ocean_shortcode_after_footer_widgets":"","ocean_shortcode_before_footer_bottom":"","ocean_shortcode_after_footer_bottom":"","ocean_display_top_bar":"default","ocean_display_header":"default","ocean_header_style":"","ocean_center_header_left_menu":"0","ocean_custom_header_template":"0","ocean_custom_logo":0,"ocean_custom_retina_logo":0,"ocean_custom_logo_max_width":0,"ocean_custom_logo_tablet_max_width":0,"ocean_custom_logo_mobile_max_width":0,"ocean_custom_logo_max_height":0,"ocean_custom_logo_tablet_max_height":0,"ocean_custom_logo_mobile_max_height":0,"ocean_header_custom_menu":"0","ocean_menu_typo_font_family":"0","ocean_menu_typo_font_subset":"","ocean_menu_typo_font_size":0,"ocean_menu_typo_font_size_tablet":0,"ocean_menu_typo_font_size_mobile":0,"ocean_menu_typo_font_size_unit":"px","ocean_menu_typo_font_weight":"","ocean_menu_typo_font_weight_tablet":"","ocean_menu_typo_font_weight_mobile":"","ocean_menu_typo_transform":"","ocean_menu_typo_transform_tablet":"","ocean_menu_typo_transform_mobile":"","ocean_menu_typo_line_height":0,"ocean_menu_typo_line_height_tablet":0,"ocean_menu_typo_line_height_mobile":0,"ocean_menu_typo_line_height_unit":"","ocean_menu_typo_spacing":0,"ocean_menu_typo_spacing_tablet":0,"ocean_menu_typo_spacing_mobile":0,"ocean_menu_typo_spacing_unit":"","ocean_menu_link_color":"","ocean_menu_link_color_hover":"","ocean_menu_link_color_active":"","ocean_menu_link_background":"","ocean_menu_link_hover_background":"","ocean_menu_link_active_background":"","ocean_menu_social_links_bg":"","ocean_menu_social_hover_links_bg":"","ocean_menu_social_links_color":"","ocean_menu_social_hover_links_color":"","ocean_disable_title":"default","ocean_disable_heading":"default","ocean_post_title":"","ocean_post_subheading":"","ocean_post_title_style":"","ocean_post_title_background_color":"","ocean_post_title_background":0,"ocean_post_title_bg_image_position":"","ocean_post_title_bg_image_attachment":"","ocean_post_title_bg_image_repeat":"","ocean_post_title_bg_image_size":"","ocean_post_title_height":0,"ocean_post_title_bg_overlay":0.5,"ocean_post_title_bg_overlay_color":"","ocean_disable_breadcrumbs":"default","ocean_breadcrumbs_color":"","ocean_breadcrumbs_separator_color":"","ocean_breadcrumbs_links_color":"","ocean_breadcrumbs_links_hover_color":"","ocean_display_footer_widgets":"default","ocean_display_footer_bottom":"default","ocean_custom_footer_template":"0","ocean_post_oembed":"","ocean_post_self_hosted_media":"","ocean_post_video_embed":"","ocean_link_format":"","ocean_link_format_target":"self","ocean_quote_format":"","ocean_quote_format_link":"post","ocean_gallery_link_images":"off","ocean_gallery_id":[],"footnotes":""},"categories":[24,9],"tags":[53,60,66,68],"class_list":["post-2478","post","type-post","status-publish","format-standard","has-post-thumbnail","hentry","category-bloc","category-blog","tag-saludvisual","tag-optometria","tag-optometria-ca","tag-salutvisual","entry","has-media"],"yoast_head":"<!-- This site is optimized with the Yoast SEO plugin v28.4 - https:\/\/yoast.com\/product\/yoast-seo-wordpress\/ -->\n<title>REVISI\u00d3N Y AN\u00c1LISIS DE LAS NECESIDADES FORMATIVAS DE LOS PROFESIONALES DE LA SALUD VISUAL - Asociaci\u00f3n Catalana de Optometr\u00eda y Terapia Visual<\/title>\n<meta name=\"robots\" content=\"index, follow, max-snippet:-1, max-image-preview:large, max-video-preview:-1\" \/>\n<link rel=\"canonical\" href=\"https:\/\/www.acotv.org\/es\/revision-y-analisis-de-las-necesidades-formativas-de-los-profesionales-de-la-salud-visual\/\" \/>\n<meta property=\"og:locale\" content=\"es_ES\" \/>\n<meta property=\"og:type\" content=\"article\" \/>\n<meta property=\"og:title\" content=\"REVISI\u00d3N Y AN\u00c1LISIS DE LAS NECESIDADES FORMATIVAS DE LOS PROFESIONALES DE LA SALUD VISUAL - Asociaci\u00f3n Catalana de Optometr\u00eda y Terapia Visual\" \/>\n<meta property=\"og:description\" content=\"Propuestas de acciones de formaci\u00f3n continuada A partir de este mes de noviembre los optometristas podr\u00e1n obtener el certificado de [&hellip;]\" \/>\n<meta property=\"og:url\" content=\"https:\/\/www.acotv.org\/es\/revision-y-analisis-de-las-necesidades-formativas-de-los-profesionales-de-la-salud-visual\/\" \/>\n<meta property=\"og:site_name\" content=\"Asociaci\u00f3n Catalana de Optometr\u00eda y Terapia Visual\" \/>\n<meta property=\"article:published_time\" content=\"2017-11-30T16:40:00+00:00\" \/>\n<meta property=\"article:modified_time\" content=\"2022-03-31T21:04:37+00:00\" \/>\n<meta property=\"og:image\" content=\"https:\/\/www.acotv.org\/wp-content\/uploads\/imatge8-3.jpg\" \/>\n\t<meta property=\"og:image:width\" content=\"700\" \/>\n\t<meta property=\"og:image:height\" content=\"525\" \/>\n\t<meta property=\"og:image:type\" content=\"image\/jpeg\" \/>\n<meta name=\"author\" content=\"ACOTV\" \/>\n<meta name=\"twitter:card\" content=\"summary_large_image\" \/>\n<meta name=\"twitter:label1\" content=\"Escrito por\" \/>\n\t<meta name=\"twitter:data1\" content=\"ACOTV\" \/>\n\t<meta name=\"twitter:label2\" content=\"Tiempo de lectura\" \/>\n\t<meta name=\"twitter:data2\" content=\"3 minutos\" \/>\n<script type=\"application\/ld+json\" class=\"yoast-schema-graph\">{\"@context\":\"https:\\\/\\\/schema.org\",\"@graph\":[{\"@type\":\"Article\",\"@id\":\"https:\\\/\\\/www.acotv.org\\\/es\\\/revision-y-analisis-de-las-necesidades-formativas-de-los-profesionales-de-la-salud-visual\\\/#article\",\"isPartOf\":{\"@id\":\"https:\\\/\\\/www.acotv.org\\\/es\\\/revision-y-analisis-de-las-necesidades-formativas-de-los-profesionales-de-la-salud-visual\\\/\"},\"author\":{\"name\":\"ACOTV\",\"@id\":\"https:\\\/\\\/www.acotv.org\\\/ca\\\/#\\\/schema\\\/person\\\/0de470fec1dbf9785a7343042d765744\"},\"headline\":\"REVISI\u00d3N Y AN\u00c1LISIS DE LAS NECESIDADES FORMATIVAS DE LOS PROFESIONALES DE LA SALUD VISUAL\",\"datePublished\":\"2017-11-30T16:40:00+00:00\",\"dateModified\":\"2022-03-31T21:04:37+00:00\",\"mainEntityOfPage\":{\"@id\":\"https:\\\/\\\/www.acotv.org\\\/es\\\/revision-y-analisis-de-las-necesidades-formativas-de-los-profesionales-de-la-salud-visual\\\/\"},\"wordCount\":718,\"commentCount\":0,\"image\":{\"@id\":\"https:\\\/\\\/www.acotv.org\\\/es\\\/revision-y-analisis-de-las-necesidades-formativas-de-los-profesionales-de-la-salud-visual\\\/#primaryimage\"},\"thumbnailUrl\":\"https:\\\/\\\/www.acotv.org\\\/wp-content\\\/uploads\\\/imatge8-3.jpg\",\"keywords\":[\"#saludvisual\",\"Optometria\",\"Optometria\",\"salutvisual\"],\"articleSection\":[\"Bloc\",\"Blog\"],\"inLanguage\":\"es\",\"potentialAction\":[{\"@type\":\"CommentAction\",\"name\":\"Comment\",\"target\":[\"https:\\\/\\\/www.acotv.org\\\/es\\\/revision-y-analisis-de-las-necesidades-formativas-de-los-profesionales-de-la-salud-visual\\\/#respond\"]}]},{\"@type\":\"WebPage\",\"@id\":\"https:\\\/\\\/www.acotv.org\\\/es\\\/revision-y-analisis-de-las-necesidades-formativas-de-los-profesionales-de-la-salud-visual\\\/\",\"url\":\"https:\\\/\\\/www.acotv.org\\\/es\\\/revision-y-analisis-de-las-necesidades-formativas-de-los-profesionales-de-la-salud-visual\\\/\",\"name\":\"REVISI\u00d3N Y AN\u00c1LISIS DE LAS NECESIDADES FORMATIVAS DE LOS PROFESIONALES DE LA SALUD VISUAL - Asociaci\u00f3n Catalana de Optometr\u00eda y Terapia Visual\",\"isPartOf\":{\"@id\":\"https:\\\/\\\/www.acotv.org\\\/ca\\\/#website\"},\"primaryImageOfPage\":{\"@id\":\"https:\\\/\\\/www.acotv.org\\\/es\\\/revision-y-analisis-de-las-necesidades-formativas-de-los-profesionales-de-la-salud-visual\\\/#primaryimage\"},\"image\":{\"@id\":\"https:\\\/\\\/www.acotv.org\\\/es\\\/revision-y-analisis-de-las-necesidades-formativas-de-los-profesionales-de-la-salud-visual\\\/#primaryimage\"},\"thumbnailUrl\":\"https:\\\/\\\/www.acotv.org\\\/wp-content\\\/uploads\\\/imatge8-3.jpg\",\"datePublished\":\"2017-11-30T16:40:00+00:00\",\"dateModified\":\"2022-03-31T21:04:37+00:00\",\"author\":{\"@id\":\"https:\\\/\\\/www.acotv.org\\\/ca\\\/#\\\/schema\\\/person\\\/0de470fec1dbf9785a7343042d765744\"},\"breadcrumb\":{\"@id\":\"https:\\\/\\\/www.acotv.org\\\/es\\\/revision-y-analisis-de-las-necesidades-formativas-de-los-profesionales-de-la-salud-visual\\\/#breadcrumb\"},\"inLanguage\":\"es\",\"potentialAction\":[{\"@type\":\"ReadAction\",\"target\":[\"https:\\\/\\\/www.acotv.org\\\/es\\\/revision-y-analisis-de-las-necesidades-formativas-de-los-profesionales-de-la-salud-visual\\\/\"]}]},{\"@type\":\"ImageObject\",\"inLanguage\":\"es\",\"@id\":\"https:\\\/\\\/www.acotv.org\\\/es\\\/revision-y-analisis-de-las-necesidades-formativas-de-los-profesionales-de-la-salud-visual\\\/#primaryimage\",\"url\":\"https:\\\/\\\/www.acotv.org\\\/wp-content\\\/uploads\\\/imatge8-3.jpg\",\"contentUrl\":\"https:\\\/\\\/www.acotv.org\\\/wp-content\\\/uploads\\\/imatge8-3.jpg\",\"width\":700,\"height\":525},{\"@type\":\"BreadcrumbList\",\"@id\":\"https:\\\/\\\/www.acotv.org\\\/es\\\/revision-y-analisis-de-las-necesidades-formativas-de-los-profesionales-de-la-salud-visual\\\/#breadcrumb\",\"itemListElement\":[{\"@type\":\"ListItem\",\"position\":1,\"name\":\"Portada\",\"item\":\"https:\\\/\\\/www.acotv.org\\\/es\\\/\"},{\"@type\":\"ListItem\",\"position\":2,\"name\":\"REVISI\u00d3N Y AN\u00c1LISIS DE LAS NECESIDADES FORMATIVAS DE LOS PROFESIONALES DE LA SALUD VISUAL\"}]},{\"@type\":\"WebSite\",\"@id\":\"https:\\\/\\\/www.acotv.org\\\/ca\\\/#website\",\"url\":\"https:\\\/\\\/www.acotv.org\\\/ca\\\/\",\"name\":\"Asociaci\u00f3n Catalana de Optometr\u00eda y Terapia Visual\",\"description\":\"\",\"potentialAction\":[{\"@type\":\"SearchAction\",\"target\":{\"@type\":\"EntryPoint\",\"urlTemplate\":\"https:\\\/\\\/www.acotv.org\\\/ca\\\/?s={search_term_string}\"},\"query-input\":{\"@type\":\"PropertyValueSpecification\",\"valueRequired\":true,\"valueName\":\"search_term_string\"}}],\"inLanguage\":\"es\"},{\"@type\":\"Person\",\"@id\":\"https:\\\/\\\/www.acotv.org\\\/ca\\\/#\\\/schema\\\/person\\\/0de470fec1dbf9785a7343042d765744\",\"name\":\"ACOTV\",\"image\":{\"@type\":\"ImageObject\",\"inLanguage\":\"es\",\"@id\":\"https:\\\/\\\/www.acotv.org\\\/wp-content\\\/uploads\\\/Logo-petit-150x150.jpg\",\"url\":\"https:\\\/\\\/www.acotv.org\\\/wp-content\\\/uploads\\\/Logo-petit-150x150.jpg\",\"contentUrl\":\"https:\\\/\\\/www.acotv.org\\\/wp-content\\\/uploads\\\/Logo-petit-150x150.jpg\",\"caption\":\"ACOTV\"},\"url\":\"https:\\\/\\\/www.acotv.org\\\/es\\\/author\\\/acotv\\\/\"}]}<\/script>\n<!-- \/ Yoast SEO plugin. -->","yoast_head_json":{"title":"REVISI\u00d3N Y AN\u00c1LISIS DE LAS NECESIDADES FORMATIVAS DE LOS PROFESIONALES DE LA SALUD VISUAL - Asociaci\u00f3n Catalana de Optometr\u00eda y Terapia Visual","robots":{"index":"index","follow":"follow","max-snippet":"max-snippet:-1","max-image-preview":"max-image-preview:large","max-video-preview":"max-video-preview:-1"},"canonical":"https:\/\/www.acotv.org\/es\/revision-y-analisis-de-las-necesidades-formativas-de-los-profesionales-de-la-salud-visual\/","og_locale":"es_ES","og_type":"article","og_title":"REVISI\u00d3N Y AN\u00c1LISIS DE LAS NECESIDADES FORMATIVAS DE LOS PROFESIONALES DE LA SALUD VISUAL - Asociaci\u00f3n Catalana de Optometr\u00eda y Terapia Visual","og_description":"Propuestas de acciones de formaci\u00f3n continuada A partir de este mes de noviembre los optometristas podr\u00e1n obtener el certificado de [&hellip;]","og_url":"https:\/\/www.acotv.org\/es\/revision-y-analisis-de-las-necesidades-formativas-de-los-profesionales-de-la-salud-visual\/","og_site_name":"Asociaci\u00f3n Catalana de Optometr\u00eda y Terapia Visual","article_published_time":"2017-11-30T16:40:00+00:00","article_modified_time":"2022-03-31T21:04:37+00:00","og_image":[{"width":700,"height":525,"url":"https:\/\/www.acotv.org\/wp-content\/uploads\/imatge8-3.jpg","type":"image\/jpeg"}],"author":"ACOTV","twitter_card":"summary_large_image","twitter_misc":{"Escrito por":"ACOTV","Tiempo de lectura":"3 minutos"},"schema":{"@context":"https:\/\/schema.org","@graph":[{"@type":"Article","@id":"https:\/\/www.acotv.org\/es\/revision-y-analisis-de-las-necesidades-formativas-de-los-profesionales-de-la-salud-visual\/#article","isPartOf":{"@id":"https:\/\/www.acotv.org\/es\/revision-y-analisis-de-las-necesidades-formativas-de-los-profesionales-de-la-salud-visual\/"},"author":{"name":"ACOTV","@id":"https:\/\/www.acotv.org\/ca\/#\/schema\/person\/0de470fec1dbf9785a7343042d765744"},"headline":"REVISI\u00d3N Y AN\u00c1LISIS DE LAS NECESIDADES FORMATIVAS DE LOS PROFESIONALES DE LA SALUD VISUAL","datePublished":"2017-11-30T16:40:00+00:00","dateModified":"2022-03-31T21:04:37+00:00","mainEntityOfPage":{"@id":"https:\/\/www.acotv.org\/es\/revision-y-analisis-de-las-necesidades-formativas-de-los-profesionales-de-la-salud-visual\/"},"wordCount":718,"commentCount":0,"image":{"@id":"https:\/\/www.acotv.org\/es\/revision-y-analisis-de-las-necesidades-formativas-de-los-profesionales-de-la-salud-visual\/#primaryimage"},"thumbnailUrl":"https:\/\/www.acotv.org\/wp-content\/uploads\/imatge8-3.jpg","keywords":["#saludvisual","Optometria","Optometria","salutvisual"],"articleSection":["Bloc","Blog"],"inLanguage":"es","potentialAction":[{"@type":"CommentAction","name":"Comment","target":["https:\/\/www.acotv.org\/es\/revision-y-analisis-de-las-necesidades-formativas-de-los-profesionales-de-la-salud-visual\/#respond"]}]},{"@type":"WebPage","@id":"https:\/\/www.acotv.org\/es\/revision-y-analisis-de-las-necesidades-formativas-de-los-profesionales-de-la-salud-visual\/","url":"https:\/\/www.acotv.org\/es\/revision-y-analisis-de-las-necesidades-formativas-de-los-profesionales-de-la-salud-visual\/","name":"REVISI\u00d3N Y AN\u00c1LISIS DE LAS NECESIDADES FORMATIVAS DE LOS PROFESIONALES DE LA SALUD VISUAL - Asociaci\u00f3n Catalana de Optometr\u00eda y Terapia Visual","isPartOf":{"@id":"https:\/\/www.acotv.org\/ca\/#website"},"primaryImageOfPage":{"@id":"https:\/\/www.acotv.org\/es\/revision-y-analisis-de-las-necesidades-formativas-de-los-profesionales-de-la-salud-visual\/#primaryimage"},"image":{"@id":"https:\/\/www.acotv.org\/es\/revision-y-analisis-de-las-necesidades-formativas-de-los-profesionales-de-la-salud-visual\/#primaryimage"},"thumbnailUrl":"https:\/\/www.acotv.org\/wp-content\/uploads\/imatge8-3.jpg","datePublished":"2017-11-30T16:40:00+00:00","dateModified":"2022-03-31T21:04:37+00:00","author":{"@id":"https:\/\/www.acotv.org\/ca\/#\/schema\/person\/0de470fec1dbf9785a7343042d765744"},"breadcrumb":{"@id":"https:\/\/www.acotv.org\/es\/revision-y-analisis-de-las-necesidades-formativas-de-los-profesionales-de-la-salud-visual\/#breadcrumb"},"inLanguage":"es","potentialAction":[{"@type":"ReadAction","target":["https:\/\/www.acotv.org\/es\/revision-y-analisis-de-las-necesidades-formativas-de-los-profesionales-de-la-salud-visual\/"]}]},{"@type":"ImageObject","inLanguage":"es","@id":"https:\/\/www.acotv.org\/es\/revision-y-analisis-de-las-necesidades-formativas-de-los-profesionales-de-la-salud-visual\/#primaryimage","url":"https:\/\/www.acotv.org\/wp-content\/uploads\/imatge8-3.jpg","contentUrl":"https:\/\/www.acotv.org\/wp-content\/uploads\/imatge8-3.jpg","width":700,"height":525},{"@type":"BreadcrumbList","@id":"https:\/\/www.acotv.org\/es\/revision-y-analisis-de-las-necesidades-formativas-de-los-profesionales-de-la-salud-visual\/#breadcrumb","itemListElement":[{"@type":"ListItem","position":1,"name":"Portada","item":"https:\/\/www.acotv.org\/es\/"},{"@type":"ListItem","position":2,"name":"REVISI\u00d3N Y AN\u00c1LISIS DE LAS NECESIDADES FORMATIVAS DE LOS PROFESIONALES DE LA SALUD VISUAL"}]},{"@type":"WebSite","@id":"https:\/\/www.acotv.org\/ca\/#website","url":"https:\/\/www.acotv.org\/ca\/","name":"Asociaci\u00f3n Catalana de Optometr\u00eda y Terapia Visual","description":"","potentialAction":[{"@type":"SearchAction","target":{"@type":"EntryPoint","urlTemplate":"https:\/\/www.acotv.org\/ca\/?s={search_term_string}"},"query-input":{"@type":"PropertyValueSpecification","valueRequired":true,"valueName":"search_term_string"}}],"inLanguage":"es"},{"@type":"Person","@id":"https:\/\/www.acotv.org\/ca\/#\/schema\/person\/0de470fec1dbf9785a7343042d765744","name":"ACOTV","image":{"@type":"ImageObject","inLanguage":"es","@id":"https:\/\/www.acotv.org\/wp-content\/uploads\/Logo-petit-150x150.jpg","url":"https:\/\/www.acotv.org\/wp-content\/uploads\/Logo-petit-150x150.jpg","contentUrl":"https:\/\/www.acotv.org\/wp-content\/uploads\/Logo-petit-150x150.jpg","caption":"ACOTV"},"url":"https:\/\/www.acotv.org\/es\/author\/acotv\/"}]}},"_links":{"self":[{"href":"https:\/\/www.acotv.org\/es\/wp-json\/wp\/v2\/posts\/2478","targetHints":{"allow":["GET"]}}],"collection":[{"href":"https:\/\/www.acotv.org\/es\/wp-json\/wp\/v2\/posts"}],"about":[{"href":"https:\/\/www.acotv.org\/es\/wp-json\/wp\/v2\/types\/post"}],"author":[{"embeddable":true,"href":"https:\/\/www.acotv.org\/es\/wp-json\/wp\/v2\/users\/2"}],"replies":[{"embeddable":true,"href":"https:\/\/www.acotv.org\/es\/wp-json\/wp\/v2\/comments?post=2478"}],"version-history":[{"count":0,"href":"https:\/\/www.acotv.org\/es\/wp-json\/wp\/v2\/posts\/2478\/revisions"}],"wp:featuredmedia":[{"embeddable":true,"href":"https:\/\/www.acotv.org\/es\/wp-json\/wp\/v2\/media\/2475"}],"wp:attachment":[{"href":"https:\/\/www.acotv.org\/es\/wp-json\/wp\/v2\/media?parent=2478"}],"wp:term":[{"taxonomy":"category","embeddable":true,"href":"https:\/\/www.acotv.org\/es\/wp-json\/wp\/v2\/categories?post=2478"},{"taxonomy":"post_tag","embeddable":true,"href":"https:\/\/www.acotv.org\/es\/wp-json\/wp\/v2\/tags?post=2478"}],"curies":[{"name":"wp","href":"https:\/\/api.w.org\/{rel}","templated":true}]}}