{"id":2467,"date":"2018-01-08T12:58:00","date_gmt":"2018-01-08T11:58:00","guid":{"rendered":"https:\/\/www.acotv.org\/eficacia-de-un-programa-de-terapia-visual\/"},"modified":"2022-03-31T23:03:14","modified_gmt":"2022-03-31T21:03:14","slug":"eficacia-de-un-programa-de-terapia-visual","status":"publish","type":"post","link":"https:\/\/www.acotv.org\/es\/eficacia-de-un-programa-de-terapia-visual\/","title":{"rendered":"EFICACIA DE UN PROGRAMA DE TERAPIA VISUAL"},"content":{"rendered":"\n<p class=\"has-medium-font-size wp-block-paragraph\"><strong>Se publica en la Gaceta de Optometr\u00eda y \u00d3ptica Oft\u00e1lmica el estudio realizado en diferentes escuelas de la ciudad de Rub\u00ed -Barcelona- con participaci\u00f3n de miembros de la ACOTV<\/strong><\/p>\n\n\n\n<p class=\"has-medium-font-size wp-block-paragraph\">Los resultados del estudio demuestran la eficacia de un programa de Terapia Visual aplicado en las escuelas sobre las disfunciones visuales y el rendimiento lector en alumnos de ciclo superior de primaria<\/p>\n\n\n\n<p class=\"wp-block-paragraph\">Evaluando la motilidad, binocularidad y la acomodaci\u00f3n, as\u00ed como la velocidad y precisi\u00f3n lectoras, en 148 alumnos de 5\u00ba de Primaria en cuatro escuelas de Rub\u00ed, Barcelona. Los 88 alumnos con disfunci\u00f3n en motilidad i\/o binocularidad i\/o acomodaci\u00f3n presentaron un rendimiento lector inferior al de los alumnos sin disfunciones visuales.<\/p>\n\n\n\n<figure class=\"wp-block-image size-full\"><img fetchpriority=\"high\" decoding=\"async\" width=\"700\" height=\"530\" src=\"https:\/\/www.acotv.org\/wp-content\/uploads\/Imatge5-3.jpg\" alt=\"\" class=\"wp-image-2455\" srcset=\"https:\/\/www.acotv.org\/wp-content\/uploads\/Imatge5-3.jpg 700w, https:\/\/www.acotv.org\/wp-content\/uploads\/Imatge5-3-300x227.jpg 300w\" sizes=\"(max-width: 700px) 100vw, 700px\" \/><\/figure>\n\n\n\n<p class=\"wp-block-paragraph\">Posteriormente, estos 88 alumnos recibieron en la escuela, en horario lectivo, durante el primer trimestre del 6\u00ba curso, un programa de Terapia Visual dise\u00f1ado para esta investigaci\u00f3n que corrigi\u00f3 al menos una de las disfunciones al 61% de los alumnos. Adem\u00e1s, los alumnos que corrigieron la motilidad mejoraron la velocidad lectora y los alumnos que corregieron la binocularidad aumentaron su precisi\u00f3n lectora. <\/p>\n\n\n\n<figure class=\"wp-block-image size-full\"><img decoding=\"async\" width=\"700\" height=\"526\" src=\"https:\/\/www.acotv.org\/wp-content\/uploads\/Imatge6-4.jpg\" alt=\"\" class=\"wp-image-2458\" srcset=\"https:\/\/www.acotv.org\/wp-content\/uploads\/Imatge6-4.jpg 700w, https:\/\/www.acotv.org\/wp-content\/uploads\/Imatge6-4-300x225.jpg 300w\" sizes=\"(max-width: 700px) 100vw, 700px\" \/><\/figure>\n\n\n\n<figure class=\"wp-block-image size-full\"><img decoding=\"async\" width=\"700\" height=\"526\" src=\"https:\/\/www.acotv.org\/wp-content\/uploads\/Imatge7-2.jpg\" alt=\"\" class=\"wp-image-2461\" srcset=\"https:\/\/www.acotv.org\/wp-content\/uploads\/Imatge7-2.jpg 700w, https:\/\/www.acotv.org\/wp-content\/uploads\/Imatge7-2-300x225.jpg 300w\" sizes=\"(max-width: 700px) 100vw, 700px\" \/><\/figure>\n\n\n\n<p class=\"wp-block-paragraph\">Merece destacarse que este beneficio lector e observ\u00f3 tambien en alumnos que no llegaban a corregir totalmente su disfunci\u00f3n visual.<\/p>\n\n\n\n<p class=\"wp-block-paragraph\">Adjuntamos el art\u00edculo completo publicado en la\u00a0<a href=\"https:\/\/www.cgcoo.es\/ediciones\/diciembre-2017\" target=\"_blank\" rel=\"noreferrer noopener\">Gaceta<\/a> de Diciembre 2017<\/p>\n\n\n\n<div class=\"wp-block-file\"><a id=\"wp-block-file--media-d2e77064-9f48-4c3c-b6cf-41ff4313ecc6\" href=\"https:\/\/www.acotv.org\/wp-content\/uploads\/0.-Eficacia-de-un-programa-de-terapia-visual.pdf\" target=\"_blank\" rel=\"noreferrer noopener\">Eficacia-de-un-programa-de-terapia-visual<\/a><a href=\"https:\/\/www.acotv.org\/wp-content\/uploads\/0.-Eficacia-de-un-programa-de-terapia-visual.pdf\" class=\"wp-block-file__button\" download aria-describedby=\"wp-block-file--media-d2e77064-9f48-4c3c-b6cf-41ff4313ecc6\">Descarga<\/a><\/div>\n","protected":false},"excerpt":{"rendered":"<p>Se publica en la Gaceta de Optometr\u00eda y \u00d3ptica Oft\u00e1lmica el estudio realizado en diferentes escuelas de la ciudad de [&hellip;]<\/p>\n","protected":false},"author":2,"featured_media":2451,"comment_status":"open","ping_status":"open","sticky":false,"template":"","format":"standard","meta":{"ocean_front_end_style_editor":"no","ocean_post_layout":"","ocean_both_sidebars_style":"","ocean_both_sidebars_content_width":0,"ocean_both_sidebars_sidebars_width":0,"ocean_sidebar":"0","ocean_second_sidebar":"0","ocean_disable_margins":"enable","ocean_add_body_class":"","ocean_shortcode_before_top_bar":"","ocean_shortcode_after_top_bar":"","ocean_shortcode_before_header":"","ocean_shortcode_after_header":"","ocean_has_shortcode":"","ocean_shortcode_after_title":"","ocean_shortcode_before_footer_widgets":"","ocean_shortcode_after_footer_widgets":"","ocean_shortcode_before_footer_bottom":"","ocean_shortcode_after_footer_bottom":"","ocean_display_top_bar":"default","ocean_display_header":"default","ocean_header_style":"","ocean_center_header_left_menu":"0","ocean_custom_header_template":"0","ocean_custom_logo":0,"ocean_custom_retina_logo":0,"ocean_custom_logo_max_width":0,"ocean_custom_logo_tablet_max_width":0,"ocean_custom_logo_mobile_max_width":0,"ocean_custom_logo_max_height":0,"ocean_custom_logo_tablet_max_height":0,"ocean_custom_logo_mobile_max_height":0,"ocean_header_custom_menu":"0","ocean_menu_typo_font_family":"0","ocean_menu_typo_font_subset":"","ocean_menu_typo_font_size":0,"ocean_menu_typo_font_size_tablet":0,"ocean_menu_typo_font_size_mobile":0,"ocean_menu_typo_font_size_unit":"px","ocean_menu_typo_font_weight":"","ocean_menu_typo_font_weight_tablet":"","ocean_menu_typo_font_weight_mobile":"","ocean_menu_typo_transform":"","ocean_menu_typo_transform_tablet":"","ocean_menu_typo_transform_mobile":"","ocean_menu_typo_line_height":0,"ocean_menu_typo_line_height_tablet":0,"ocean_menu_typo_line_height_mobile":0,"ocean_menu_typo_line_height_unit":"","ocean_menu_typo_spacing":0,"ocean_menu_typo_spacing_tablet":0,"ocean_menu_typo_spacing_mobile":0,"ocean_menu_typo_spacing_unit":"","ocean_menu_link_color":"","ocean_menu_link_color_hover":"","ocean_menu_link_color_active":"","ocean_menu_link_background":"","ocean_menu_link_hover_background":"","ocean_menu_link_active_background":"","ocean_menu_social_links_bg":"","ocean_menu_social_hover_links_bg":"","ocean_menu_social_links_color":"","ocean_menu_social_hover_links_color":"","ocean_disable_title":"default","ocean_disable_heading":"default","ocean_post_title":"","ocean_post_subheading":"","ocean_post_title_style":"","ocean_post_title_background_color":"","ocean_post_title_background":0,"ocean_post_title_bg_image_position":"","ocean_post_title_bg_image_attachment":"","ocean_post_title_bg_image_repeat":"","ocean_post_title_bg_image_size":"","ocean_post_title_height":0,"ocean_post_title_bg_overlay":0.5,"ocean_post_title_bg_overlay_color":"","ocean_disable_breadcrumbs":"default","ocean_breadcrumbs_color":"","ocean_breadcrumbs_separator_color":"","ocean_breadcrumbs_links_color":"","ocean_breadcrumbs_links_hover_color":"","ocean_display_footer_widgets":"default","ocean_display_footer_bottom":"default","ocean_custom_footer_template":"0","ocean_post_oembed":"","ocean_post_self_hosted_media":"","ocean_post_video_embed":"","ocean_link_format":"","ocean_link_format_target":"self","ocean_quote_format":"","ocean_quote_format_link":"post","ocean_gallery_link_images":"off","ocean_gallery_id":[],"footnotes":""},"categories":[9],"tags":[87,54,86,88,60,57,61],"class_list":["post-2467","post","type-post","status-publish","format-standard","has-post-thumbnail","hentry","category-blog","tag-escoles-2","tag-escuelas","tag-estudi","tag-estudio","tag-optometria","tag-problemasdeaprendizaje","tag-terapiavisual","entry","has-media"],"yoast_head":"<!-- This site is optimized with the Yoast SEO plugin v28.4 - https:\/\/yoast.com\/product\/yoast-seo-wordpress\/ -->\n<title>EFICACIA DE UN PROGRAMA DE TERAPIA VISUAL - Asociaci\u00f3n Catalana de Optometr\u00eda y Terapia Visual<\/title>\n<meta name=\"robots\" content=\"index, follow, max-snippet:-1, max-image-preview:large, max-video-preview:-1\" \/>\n<link rel=\"canonical\" href=\"https:\/\/www.acotv.org\/es\/eficacia-de-un-programa-de-terapia-visual\/\" \/>\n<meta property=\"og:locale\" content=\"es_ES\" \/>\n<meta property=\"og:type\" content=\"article\" \/>\n<meta property=\"og:title\" content=\"EFICACIA DE UN PROGRAMA DE TERAPIA VISUAL - Asociaci\u00f3n Catalana de Optometr\u00eda y Terapia Visual\" \/>\n<meta property=\"og:description\" content=\"Se publica en la Gaceta de Optometr\u00eda y \u00d3ptica Oft\u00e1lmica el estudio realizado en diferentes escuelas de la ciudad de [&hellip;]\" \/>\n<meta property=\"og:url\" content=\"https:\/\/www.acotv.org\/es\/eficacia-de-un-programa-de-terapia-visual\/\" \/>\n<meta property=\"og:site_name\" content=\"Asociaci\u00f3n Catalana de Optometr\u00eda y Terapia Visual\" \/>\n<meta property=\"article:published_time\" content=\"2018-01-08T11:58:00+00:00\" \/>\n<meta property=\"article:modified_time\" content=\"2022-03-31T21:03:14+00:00\" \/>\n<meta property=\"og:image\" content=\"https:\/\/www.acotv.org\/wp-content\/uploads\/Imatge4-2.jpg\" \/>\n\t<meta property=\"og:image:width\" content=\"700\" \/>\n\t<meta property=\"og:image:height\" content=\"526\" \/>\n\t<meta property=\"og:image:type\" content=\"image\/jpeg\" \/>\n<meta name=\"author\" content=\"ACOTV\" \/>\n<meta name=\"twitter:card\" content=\"summary_large_image\" \/>\n<meta name=\"twitter:label1\" content=\"Escrito por\" \/>\n\t<meta name=\"twitter:data1\" content=\"ACOTV\" \/>\n\t<meta name=\"twitter:label2\" content=\"Tiempo de lectura\" \/>\n\t<meta name=\"twitter:data2\" content=\"2 minutos\" \/>\n<script type=\"application\/ld+json\" class=\"yoast-schema-graph\">{\"@context\":\"https:\\\/\\\/schema.org\",\"@graph\":[{\"@type\":\"Article\",\"@id\":\"https:\\\/\\\/www.acotv.org\\\/es\\\/eficacia-de-un-programa-de-terapia-visual\\\/#article\",\"isPartOf\":{\"@id\":\"https:\\\/\\\/www.acotv.org\\\/es\\\/eficacia-de-un-programa-de-terapia-visual\\\/\"},\"author\":{\"name\":\"ACOTV\",\"@id\":\"https:\\\/\\\/www.acotv.org\\\/ca\\\/#\\\/schema\\\/person\\\/0de470fec1dbf9785a7343042d765744\"},\"headline\":\"EFICACIA DE UN PROGRAMA DE TERAPIA VISUAL\",\"datePublished\":\"2018-01-08T11:58:00+00:00\",\"dateModified\":\"2022-03-31T21:03:14+00:00\",\"mainEntityOfPage\":{\"@id\":\"https:\\\/\\\/www.acotv.org\\\/es\\\/eficacia-de-un-programa-de-terapia-visual\\\/\"},\"wordCount\":221,\"commentCount\":0,\"image\":{\"@id\":\"https:\\\/\\\/www.acotv.org\\\/es\\\/eficacia-de-un-programa-de-terapia-visual\\\/#primaryimage\"},\"thumbnailUrl\":\"https:\\\/\\\/www.acotv.org\\\/wp-content\\\/uploads\\\/Imatge4-2.jpg\",\"keywords\":[\"escoles\",\"escuelas\",\"estudi\",\"estudio\",\"Optometria\",\"problemasdeaprendizaje\",\"TerapiaVisual\"],\"articleSection\":[\"Blog\"],\"inLanguage\":\"es\",\"potentialAction\":[{\"@type\":\"CommentAction\",\"name\":\"Comment\",\"target\":[\"https:\\\/\\\/www.acotv.org\\\/es\\\/eficacia-de-un-programa-de-terapia-visual\\\/#respond\"]}]},{\"@type\":\"WebPage\",\"@id\":\"https:\\\/\\\/www.acotv.org\\\/es\\\/eficacia-de-un-programa-de-terapia-visual\\\/\",\"url\":\"https:\\\/\\\/www.acotv.org\\\/es\\\/eficacia-de-un-programa-de-terapia-visual\\\/\",\"name\":\"EFICACIA DE UN PROGRAMA DE TERAPIA VISUAL - Asociaci\u00f3n Catalana de Optometr\u00eda y Terapia Visual\",\"isPartOf\":{\"@id\":\"https:\\\/\\\/www.acotv.org\\\/ca\\\/#website\"},\"primaryImageOfPage\":{\"@id\":\"https:\\\/\\\/www.acotv.org\\\/es\\\/eficacia-de-un-programa-de-terapia-visual\\\/#primaryimage\"},\"image\":{\"@id\":\"https:\\\/\\\/www.acotv.org\\\/es\\\/eficacia-de-un-programa-de-terapia-visual\\\/#primaryimage\"},\"thumbnailUrl\":\"https:\\\/\\\/www.acotv.org\\\/wp-content\\\/uploads\\\/Imatge4-2.jpg\",\"datePublished\":\"2018-01-08T11:58:00+00:00\",\"dateModified\":\"2022-03-31T21:03:14+00:00\",\"author\":{\"@id\":\"https:\\\/\\\/www.acotv.org\\\/ca\\\/#\\\/schema\\\/person\\\/0de470fec1dbf9785a7343042d765744\"},\"breadcrumb\":{\"@id\":\"https:\\\/\\\/www.acotv.org\\\/es\\\/eficacia-de-un-programa-de-terapia-visual\\\/#breadcrumb\"},\"inLanguage\":\"es\",\"potentialAction\":[{\"@type\":\"ReadAction\",\"target\":[\"https:\\\/\\\/www.acotv.org\\\/es\\\/eficacia-de-un-programa-de-terapia-visual\\\/\"]}]},{\"@type\":\"ImageObject\",\"inLanguage\":\"es\",\"@id\":\"https:\\\/\\\/www.acotv.org\\\/es\\\/eficacia-de-un-programa-de-terapia-visual\\\/#primaryimage\",\"url\":\"https:\\\/\\\/www.acotv.org\\\/wp-content\\\/uploads\\\/Imatge4-2.jpg\",\"contentUrl\":\"https:\\\/\\\/www.acotv.org\\\/wp-content\\\/uploads\\\/Imatge4-2.jpg\",\"width\":700,\"height\":526},{\"@type\":\"BreadcrumbList\",\"@id\":\"https:\\\/\\\/www.acotv.org\\\/es\\\/eficacia-de-un-programa-de-terapia-visual\\\/#breadcrumb\",\"itemListElement\":[{\"@type\":\"ListItem\",\"position\":1,\"name\":\"Portada\",\"item\":\"https:\\\/\\\/www.acotv.org\\\/es\\\/\"},{\"@type\":\"ListItem\",\"position\":2,\"name\":\"EFICACIA DE UN PROGRAMA DE TERAPIA VISUAL\"}]},{\"@type\":\"WebSite\",\"@id\":\"https:\\\/\\\/www.acotv.org\\\/ca\\\/#website\",\"url\":\"https:\\\/\\\/www.acotv.org\\\/ca\\\/\",\"name\":\"Asociaci\u00f3n Catalana de Optometr\u00eda y Terapia Visual\",\"description\":\"\",\"potentialAction\":[{\"@type\":\"SearchAction\",\"target\":{\"@type\":\"EntryPoint\",\"urlTemplate\":\"https:\\\/\\\/www.acotv.org\\\/ca\\\/?s={search_term_string}\"},\"query-input\":{\"@type\":\"PropertyValueSpecification\",\"valueRequired\":true,\"valueName\":\"search_term_string\"}}],\"inLanguage\":\"es\"},{\"@type\":\"Person\",\"@id\":\"https:\\\/\\\/www.acotv.org\\\/ca\\\/#\\\/schema\\\/person\\\/0de470fec1dbf9785a7343042d765744\",\"name\":\"ACOTV\",\"image\":{\"@type\":\"ImageObject\",\"inLanguage\":\"es\",\"@id\":\"https:\\\/\\\/www.acotv.org\\\/wp-content\\\/uploads\\\/Logo-petit-150x150.jpg\",\"url\":\"https:\\\/\\\/www.acotv.org\\\/wp-content\\\/uploads\\\/Logo-petit-150x150.jpg\",\"contentUrl\":\"https:\\\/\\\/www.acotv.org\\\/wp-content\\\/uploads\\\/Logo-petit-150x150.jpg\",\"caption\":\"ACOTV\"},\"url\":\"https:\\\/\\\/www.acotv.org\\\/es\\\/author\\\/acotv\\\/\"}]}<\/script>\n<!-- \/ Yoast SEO plugin. -->","yoast_head_json":{"title":"EFICACIA DE UN PROGRAMA DE TERAPIA VISUAL - Asociaci\u00f3n Catalana de Optometr\u00eda y Terapia Visual","robots":{"index":"index","follow":"follow","max-snippet":"max-snippet:-1","max-image-preview":"max-image-preview:large","max-video-preview":"max-video-preview:-1"},"canonical":"https:\/\/www.acotv.org\/es\/eficacia-de-un-programa-de-terapia-visual\/","og_locale":"es_ES","og_type":"article","og_title":"EFICACIA DE UN PROGRAMA DE TERAPIA VISUAL - Asociaci\u00f3n Catalana de Optometr\u00eda y Terapia Visual","og_description":"Se publica en la Gaceta de Optometr\u00eda y \u00d3ptica Oft\u00e1lmica el estudio realizado en diferentes escuelas de la ciudad de [&hellip;]","og_url":"https:\/\/www.acotv.org\/es\/eficacia-de-un-programa-de-terapia-visual\/","og_site_name":"Asociaci\u00f3n Catalana de Optometr\u00eda y Terapia Visual","article_published_time":"2018-01-08T11:58:00+00:00","article_modified_time":"2022-03-31T21:03:14+00:00","og_image":[{"width":700,"height":526,"url":"https:\/\/www.acotv.org\/wp-content\/uploads\/Imatge4-2.jpg","type":"image\/jpeg"}],"author":"ACOTV","twitter_card":"summary_large_image","twitter_misc":{"Escrito por":"ACOTV","Tiempo de lectura":"2 minutos"},"schema":{"@context":"https:\/\/schema.org","@graph":[{"@type":"Article","@id":"https:\/\/www.acotv.org\/es\/eficacia-de-un-programa-de-terapia-visual\/#article","isPartOf":{"@id":"https:\/\/www.acotv.org\/es\/eficacia-de-un-programa-de-terapia-visual\/"},"author":{"name":"ACOTV","@id":"https:\/\/www.acotv.org\/ca\/#\/schema\/person\/0de470fec1dbf9785a7343042d765744"},"headline":"EFICACIA DE UN PROGRAMA DE TERAPIA VISUAL","datePublished":"2018-01-08T11:58:00+00:00","dateModified":"2022-03-31T21:03:14+00:00","mainEntityOfPage":{"@id":"https:\/\/www.acotv.org\/es\/eficacia-de-un-programa-de-terapia-visual\/"},"wordCount":221,"commentCount":0,"image":{"@id":"https:\/\/www.acotv.org\/es\/eficacia-de-un-programa-de-terapia-visual\/#primaryimage"},"thumbnailUrl":"https:\/\/www.acotv.org\/wp-content\/uploads\/Imatge4-2.jpg","keywords":["escoles","escuelas","estudi","estudio","Optometria","problemasdeaprendizaje","TerapiaVisual"],"articleSection":["Blog"],"inLanguage":"es","potentialAction":[{"@type":"CommentAction","name":"Comment","target":["https:\/\/www.acotv.org\/es\/eficacia-de-un-programa-de-terapia-visual\/#respond"]}]},{"@type":"WebPage","@id":"https:\/\/www.acotv.org\/es\/eficacia-de-un-programa-de-terapia-visual\/","url":"https:\/\/www.acotv.org\/es\/eficacia-de-un-programa-de-terapia-visual\/","name":"EFICACIA DE UN PROGRAMA DE TERAPIA VISUAL - Asociaci\u00f3n Catalana de Optometr\u00eda y Terapia Visual","isPartOf":{"@id":"https:\/\/www.acotv.org\/ca\/#website"},"primaryImageOfPage":{"@id":"https:\/\/www.acotv.org\/es\/eficacia-de-un-programa-de-terapia-visual\/#primaryimage"},"image":{"@id":"https:\/\/www.acotv.org\/es\/eficacia-de-un-programa-de-terapia-visual\/#primaryimage"},"thumbnailUrl":"https:\/\/www.acotv.org\/wp-content\/uploads\/Imatge4-2.jpg","datePublished":"2018-01-08T11:58:00+00:00","dateModified":"2022-03-31T21:03:14+00:00","author":{"@id":"https:\/\/www.acotv.org\/ca\/#\/schema\/person\/0de470fec1dbf9785a7343042d765744"},"breadcrumb":{"@id":"https:\/\/www.acotv.org\/es\/eficacia-de-un-programa-de-terapia-visual\/#breadcrumb"},"inLanguage":"es","potentialAction":[{"@type":"ReadAction","target":["https:\/\/www.acotv.org\/es\/eficacia-de-un-programa-de-terapia-visual\/"]}]},{"@type":"ImageObject","inLanguage":"es","@id":"https:\/\/www.acotv.org\/es\/eficacia-de-un-programa-de-terapia-visual\/#primaryimage","url":"https:\/\/www.acotv.org\/wp-content\/uploads\/Imatge4-2.jpg","contentUrl":"https:\/\/www.acotv.org\/wp-content\/uploads\/Imatge4-2.jpg","width":700,"height":526},{"@type":"BreadcrumbList","@id":"https:\/\/www.acotv.org\/es\/eficacia-de-un-programa-de-terapia-visual\/#breadcrumb","itemListElement":[{"@type":"ListItem","position":1,"name":"Portada","item":"https:\/\/www.acotv.org\/es\/"},{"@type":"ListItem","position":2,"name":"EFICACIA DE UN PROGRAMA DE TERAPIA VISUAL"}]},{"@type":"WebSite","@id":"https:\/\/www.acotv.org\/ca\/#website","url":"https:\/\/www.acotv.org\/ca\/","name":"Asociaci\u00f3n Catalana de Optometr\u00eda y Terapia Visual","description":"","potentialAction":[{"@type":"SearchAction","target":{"@type":"EntryPoint","urlTemplate":"https:\/\/www.acotv.org\/ca\/?s={search_term_string}"},"query-input":{"@type":"PropertyValueSpecification","valueRequired":true,"valueName":"search_term_string"}}],"inLanguage":"es"},{"@type":"Person","@id":"https:\/\/www.acotv.org\/ca\/#\/schema\/person\/0de470fec1dbf9785a7343042d765744","name":"ACOTV","image":{"@type":"ImageObject","inLanguage":"es","@id":"https:\/\/www.acotv.org\/wp-content\/uploads\/Logo-petit-150x150.jpg","url":"https:\/\/www.acotv.org\/wp-content\/uploads\/Logo-petit-150x150.jpg","contentUrl":"https:\/\/www.acotv.org\/wp-content\/uploads\/Logo-petit-150x150.jpg","caption":"ACOTV"},"url":"https:\/\/www.acotv.org\/es\/author\/acotv\/"}]}},"_links":{"self":[{"href":"https:\/\/www.acotv.org\/es\/wp-json\/wp\/v2\/posts\/2467","targetHints":{"allow":["GET"]}}],"collection":[{"href":"https:\/\/www.acotv.org\/es\/wp-json\/wp\/v2\/posts"}],"about":[{"href":"https:\/\/www.acotv.org\/es\/wp-json\/wp\/v2\/types\/post"}],"author":[{"embeddable":true,"href":"https:\/\/www.acotv.org\/es\/wp-json\/wp\/v2\/users\/2"}],"replies":[{"embeddable":true,"href":"https:\/\/www.acotv.org\/es\/wp-json\/wp\/v2\/comments?post=2467"}],"version-history":[{"count":0,"href":"https:\/\/www.acotv.org\/es\/wp-json\/wp\/v2\/posts\/2467\/revisions"}],"wp:featuredmedia":[{"embeddable":true,"href":"https:\/\/www.acotv.org\/es\/wp-json\/wp\/v2\/media\/2451"}],"wp:attachment":[{"href":"https:\/\/www.acotv.org\/es\/wp-json\/wp\/v2\/media?parent=2467"}],"wp:term":[{"taxonomy":"category","embeddable":true,"href":"https:\/\/www.acotv.org\/es\/wp-json\/wp\/v2\/categories?post=2467"},{"taxonomy":"post_tag","embeddable":true,"href":"https:\/\/www.acotv.org\/es\/wp-json\/wp\/v2\/tags?post=2467"}],"curies":[{"name":"wp","href":"https:\/\/api.w.org\/{rel}","templated":true}]}}