{"id":2343,"date":"2018-01-31T15:05:00","date_gmt":"2018-01-31T14:05:00","guid":{"rendered":"https:\/\/www.acotv.org\/la-inteligencia-visual-no-es-lo-mismo-que-el-coeficiente-intelectual\/"},"modified":"2022-03-31T22:59:16","modified_gmt":"2022-03-31T20:59:16","slug":"la-inteligencia-visual-no-es-lo-mismo-que-el-coeficiente-intelectual","status":"publish","type":"post","link":"https:\/\/www.acotv.org\/es\/la-inteligencia-visual-no-es-lo-mismo-que-el-coeficiente-intelectual\/","title":{"rendered":"LA INTELIGENCIA VISUAL NO ES LO MISMO QUE EL COEFICIENTE INTELECTUAL"},"content":{"rendered":"\n<p class=\"has-medium-font-size wp-block-paragraph\">El primer estudio sobre las variaciones individuales en habilidades visuales, ha mostrado que hay un amplio rango de diferencias en la capacidad de las personas para reconocer y recordar nuevos objetos; y ha determinado que esas variaciones no est\u00e1n asociadas con el coeficiente de inteligencia individual, o CI.<\/p>\n\n\n\n<p class=\"has-medium-font-size wp-block-paragraph\">Fuente: Vanderbilt University 8 de novembre de 2017<\/p>\n\n\n\n<figure class=\"wp-block-image size-full\"><img fetchpriority=\"high\" decoding=\"async\" width=\"348\" height=\"364\" src=\"https:\/\/www.acotv.org\/wp-content\/uploads\/imatge7-1.png\" alt=\"\" class=\"wp-image-2327\" srcset=\"https:\/\/www.acotv.org\/wp-content\/uploads\/imatge7-1.png 348w, https:\/\/www.acotv.org\/wp-content\/uploads\/imatge7-1-287x300.png 287w\" sizes=\"(max-width: 348px) 100vw, 348px\" \/><\/figure>\n\n\n\n<p class=\"wp-block-paragraph\">El Test de Memoria de Nuevos Objetos (The Novel Object Memory Test) est\u00e1 basado en las capacidades individuales para reconocer greebles, ziggerinsysheinbugs (de arriba a abajo) \u2013 nuevos objetos que la psic\u00f3loga<strong> Isabel Gauthier<\/strong> y sus colegas han inventado para estudiar la inteligencia visual.<\/p>\n\n\n\n<p class=\"wp-block-paragraph\">Solo porque alguien sea m\u00e1s inteligente y est\u00e9 m\u00e1s motivado, no significa que pueda adquirir las capacidades visuales necesarias para sobresalir en tareas como hacer coincidir las huellas dactilares, interpretar rayos X m\u00e9dicos, hacer un seguimiento de las aeronaves en las pantallas de radar o hacer b\u00fasquedas faciales en ciencia forense.<\/p>\n\n\n\n<p class=\"wp-block-paragraph\">Esa es la implicaci\u00f3n de un nuevo estudio que muestra por primera vez que existe un amplio rango de diferencias entre las habilidades visuales de las personas, y que estas variaciones no est\u00e1n relacionadas con la inteligencia general de cada individuo, o CI. <\/p>\n\n\n\n<p class=\"wp-block-paragraph\">El estudio se report\u00f3 en el art\u00edculo titulado \u00abDomain-specific and domain-general individual differences in visual objectrecognition\u00bb (\u00abDiferencias individuales de dominio espec\u00edfico y de dominio general en el reconocimiento de objetos visuales\u00bb publicado en el n\u00famero de Septiembre de \u201cThejournalCognition\u201d y cuyas implicaciones fueron discutidas en un art\u00edculo de revisi\u00f3n en prensa publicado en \u201cCurrentDirections in PsychologicalScience.\u201d<\/p>\n\n\n\n<p class=\"wp-block-paragraph\">\u00abLa gente puede pensar que son capaces de predecir su habilidad identificando objetos visualmente,\u00bb dijo Isabel Gauthier, David K. Wilson Profesor de Psicolog\u00eda en la Universidad de Vanderbilt, quien encabezaba el estudio. \u00abPero result\u00f3 que no eran muy buenos al evaluar sus propias capacidades en relaci\u00f3n con la de otros.\u00bb<\/p>\n\n\n\n<p class=\"wp-block-paragraph\">En el pasado, la investigaci\u00f3n sobre reconocimiento visual de objetos ha estado enfocada durante mucho tiempo en las coincidencias entre individuos, pero Gauthier empez\u00f3 a interesarse en cu\u00e1nto var\u00edan las habilidades visuales entre ellos.Para responder a esta cuesti\u00f3n, ella y sus colegas tuvieron que desarrollar un nuevo test, que llamaron \u201cNovel Object Memory Test (NOMT)\u201d, para medir la habilidad de las personas identificando objetos que no les eran familiares.<\/p>\n\n\n\n<figure class=\"wp-block-image size-full\"><img decoding=\"async\" width=\"650\" height=\"399\" src=\"https:\/\/www.acotv.org\/wp-content\/uploads\/imatge8-2.jpg\" alt=\"\" class=\"wp-image-2333\" srcset=\"https:\/\/www.acotv.org\/wp-content\/uploads\/imatge8-2.jpg 650w, https:\/\/www.acotv.org\/wp-content\/uploads\/imatge8-2-300x184.jpg 300w\" sizes=\"(max-width: 650px) 100vw, 650px\" \/><figcaption>Greebles son objetos nuevos que Gauthier cre\u00f3 para estudiar la memoria visual y el reconocimiento. (Anne Rayner \/ Vanderbilt)<\/figcaption><\/figure>\n\n\n\n<p class=\"wp-block-paragraph\">Gauthier quiso conocer primero la opini\u00f3n general sobre las habilidades visuales. Lo hizo encuestando a 100 personas laicas que utilizaban el servicio de crowdsourcing ( externalizaci\u00f3n abierta de tareas) de Amazon Mechanical Turk. Encontr\u00f3 que los encuestados generalmente consideran que las tareas visuales son bastante diferentes de otras tareas relacionadas con la inteligencia general. Tambi\u00e9n descubri\u00f3 que sienten que hay menos variaci\u00f3n en las habilidades visuales de las personas que en las habilidades no visuales, como la capacidad verbal y matem\u00e1tica.<\/p>\n\n\n\n<p class=\"wp-block-paragraph\">El principal problema que Gauthier y sus colegas tuvieron que abordar para evaluar la capacidad de reconocimiento visual innato de los individuos fue la familiaridad. Cuanto m\u00e1s tiempo pase una persona aprendiendo sobre tipos espec\u00edficos de objetos, como caras, autom\u00f3viles o p\u00e1jaros, mejor ser\u00e1 su identificaci\u00f3n. Como resultado, el rendimiento en las pruebas de reconocimiento visual que utilizan im\u00e1genes de objetos comunes es una mezcla compleja de la capacidad visual de las personas y su experiencia con estos objetos. Es importante destacar que han demostrado ser un mal predictor de c\u00f3mo alguien puede aprender a identificar objetos en un nuevo dominio.<\/p>\n\n\n\n<p class=\"wp-block-paragraph\"> \u00abEsto es bastante emocionante porque el rendimiento de las habilidades cognitivas casi siempre se asocia con la inteligencia general\u00bb, dijo Gauthier. \u00abSugiere que realmente podemos aprender algo nuevo sobre las personas usando estas pruebas, m\u00e1s all\u00e1 de todas las habilidades que ya sabemos c\u00f3mo medir\u00bb. Aunque el estudio confirma la intuici\u00f3n popular de que las habilidades visuales son diferentes de la inteligencia general, se descubri\u00f3 que las variaciones individuales en las capacidades visuales son mucho mayores de lo que la mayor\u00eda de la gente piensa. Por ejemplo, en una medida, llamada coeficiente de variaci\u00f3n, la dispersi\u00f3n de personas fue m\u00e1s amplia en la NOMT que en una prueba de inteligencia no verbal.<\/p>\n\n\n\n<p class=\"wp-block-paragraph\">\u00abMuchos trabajos y pasatiempos dependen de las habilidades visuales\u00bb, dijo Gauthier. \u00abDebido a que son independientes de la inteligencia general, el siguiente paso es explorar c\u00f3mo podemos utilizar estas pruebas en aplicaciones en el mundo real, donde el rendimiento no pod\u00eda predecirse adecuadamente hasta ahora\u00bb.om\u00e9s perqu\u00e8 alg\u00fa sigui m\u00e9s intel\u00b7ligent i estigui m\u00e9s motivat, no vol dir que pugui adquirir les capacitats visuals necess\u00e0ries per sobresortir en tasques com fer coincidir les empremtes dactilars, interpretar raigs X m\u00e8dics, fer un seguiment de les aeronaus en les pantalles de radar o fer cerques facials en ci\u00e8ncia forense.<\/p>\n\n\n\n<p class=\"wp-block-paragraph\"><strong>Todas las fuentes de este art\u00edculo han sido extraidas de:\n<\/strong><\/p>\n\n\n\n<p class=\"wp-block-paragraph\"><a href=\"https:\/\/news.vanderbilt.edu\/2017\/11\/07\/visual-intelligence-iq\/\" target=\"_blank\" rel=\"noreferrer noopener\">Materials<\/a>\u00a0provided by\u00a0<a href=\"http:\/\/vanderbilt.edu\/\" target=\"_blank\" rel=\"noreferrer noopener\"><strong>Vanderbilt University<\/strong><\/a>.\u00a0<strong>Original written by David F. Salisbury.<\/strong>\u00a0Note: Content may be edited for style and length.<\/p>\n\n\n\n<p class=\"wp-block-paragraph\"><strong>Rerefencia del Diario<\/strong><\/p>\n\n\n\n<p class=\"wp-block-paragraph\">Jennifer J. Richler, Jeremy B. Wilmer, Isabel Gauthier.\u00a0<strong>General object recognition is specific: Evidence from novel and familiar objects<\/strong>.\u00a0<em>Cognition<\/em>, 2017; 166: 42 DOI:\u00a0<a href=\"http:\/\/dx.doi.org\/10.1016\/j.cognition.2017.05.019\" target=\"_blank\" rel=\"noreferrer noopener\">1016\/j.cognition.2017.05.019<\/a><\/p>\n\n\n\n<p class=\"wp-block-paragraph\">Presentaci\u00f3n\u00a0 y traducciones elaborades por<strong>\u00a0Sonia Pizarro N\u00fa\u00f1ez<\/strong> <br>Diplomada en \u00d3ptica y Optometr\u00eda <br>Miembro de la ACOTV<\/p>\n","protected":false},"excerpt":{"rendered":"<p>El primer estudio sobre las variaciones individuales en habilidades visuales, ha mostrado que hay un amplio rango de diferencias en [&hellip;]<\/p>\n","protected":false},"author":2,"featured_media":2338,"comment_status":"open","ping_status":"open","sticky":false,"template":"","format":"standard","meta":{"ocean_front_end_style_editor":"no","ocean_post_layout":"","ocean_both_sidebars_style":"","ocean_both_sidebars_content_width":0,"ocean_both_sidebars_sidebars_width":0,"ocean_sidebar":"0","ocean_second_sidebar":"0","ocean_disable_margins":"enable","ocean_add_body_class":"","ocean_shortcode_before_top_bar":"","ocean_shortcode_after_top_bar":"","ocean_shortcode_before_header":"","ocean_shortcode_after_header":"","ocean_has_shortcode":"","ocean_shortcode_after_title":"","ocean_shortcode_before_footer_widgets":"","ocean_shortcode_after_footer_widgets":"","ocean_shortcode_before_footer_bottom":"","ocean_shortcode_after_footer_bottom":"","ocean_display_top_bar":"default","ocean_display_header":"default","ocean_header_style":"","ocean_center_header_left_menu":"0","ocean_custom_header_template":"0","ocean_custom_logo":0,"ocean_custom_retina_logo":0,"ocean_custom_logo_max_width":0,"ocean_custom_logo_tablet_max_width":0,"ocean_custom_logo_mobile_max_width":0,"ocean_custom_logo_max_height":0,"ocean_custom_logo_tablet_max_height":0,"ocean_custom_logo_mobile_max_height":0,"ocean_header_custom_menu":"0","ocean_menu_typo_font_family":"0","ocean_menu_typo_font_subset":"","ocean_menu_typo_font_size":0,"ocean_menu_typo_font_size_tablet":0,"ocean_menu_typo_font_size_mobile":0,"ocean_menu_typo_font_size_unit":"px","ocean_menu_typo_font_weight":"","ocean_menu_typo_font_weight_tablet":"","ocean_menu_typo_font_weight_mobile":"","ocean_menu_typo_transform":"","ocean_menu_typo_transform_tablet":"","ocean_menu_typo_transform_mobile":"","ocean_menu_typo_line_height":0,"ocean_menu_typo_line_height_tablet":0,"ocean_menu_typo_line_height_mobile":0,"ocean_menu_typo_line_height_unit":"","ocean_menu_typo_spacing":0,"ocean_menu_typo_spacing_tablet":0,"ocean_menu_typo_spacing_mobile":0,"ocean_menu_typo_spacing_unit":"","ocean_menu_link_color":"","ocean_menu_link_color_hover":"","ocean_menu_link_color_active":"","ocean_menu_link_background":"","ocean_menu_link_hover_background":"","ocean_menu_link_active_background":"","ocean_menu_social_links_bg":"","ocean_menu_social_hover_links_bg":"","ocean_menu_social_links_color":"","ocean_menu_social_hover_links_color":"","ocean_disable_title":"default","ocean_disable_heading":"default","ocean_post_title":"","ocean_post_subheading":"","ocean_post_title_style":"","ocean_post_title_background_color":"","ocean_post_title_background":0,"ocean_post_title_bg_image_position":"","ocean_post_title_bg_image_attachment":"","ocean_post_title_bg_image_repeat":"","ocean_post_title_bg_image_size":"","ocean_post_title_height":0,"ocean_post_title_bg_overlay":0.5,"ocean_post_title_bg_overlay_color":"","ocean_disable_breadcrumbs":"default","ocean_breadcrumbs_color":"","ocean_breadcrumbs_separator_color":"","ocean_breadcrumbs_links_color":"","ocean_breadcrumbs_links_hover_color":"","ocean_display_footer_widgets":"default","ocean_display_footer_bottom":"default","ocean_custom_footer_template":"0","ocean_post_oembed":"","ocean_post_self_hosted_media":"","ocean_post_video_embed":"","ocean_link_format":"","ocean_link_format_target":"self","ocean_quote_format":"","ocean_quote_format_link":"post","ocean_gallery_link_images":"off","ocean_gallery_id":[],"footnotes":""},"categories":[24,9],"tags":[60,66,57,72],"class_list":["post-2343","post","type-post","status-publish","format-standard","has-post-thumbnail","hentry","category-bloc","category-blog","tag-optometria","tag-optometria-ca","tag-problemasdeaprendizaje","tag-problemesdaprenentatge","entry","has-media"],"yoast_head":"<!-- This site is optimized with the Yoast SEO plugin v28.4 - https:\/\/yoast.com\/product\/yoast-seo-wordpress\/ -->\n<title>LA INTELIGENCIA VISUAL NO ES LO MISMO QUE EL COEFICIENTE INTELECTUAL - Asociaci\u00f3n Catalana de Optometr\u00eda y Terapia Visual<\/title>\n<meta name=\"robots\" content=\"index, follow, max-snippet:-1, max-image-preview:large, max-video-preview:-1\" \/>\n<link rel=\"canonical\" href=\"https:\/\/www.acotv.org\/es\/la-inteligencia-visual-no-es-lo-mismo-que-el-coeficiente-intelectual\/\" \/>\n<meta property=\"og:locale\" content=\"es_ES\" \/>\n<meta property=\"og:type\" content=\"article\" \/>\n<meta property=\"og:title\" content=\"LA INTELIGENCIA VISUAL NO ES LO MISMO QUE EL COEFICIENTE INTELECTUAL - Asociaci\u00f3n Catalana de Optometr\u00eda y Terapia Visual\" \/>\n<meta property=\"og:description\" content=\"El primer estudio sobre las variaciones individuales en habilidades visuales, ha mostrado que hay un amplio rango de diferencias en [&hellip;]\" \/>\n<meta property=\"og:url\" content=\"https:\/\/www.acotv.org\/es\/la-inteligencia-visual-no-es-lo-mismo-que-el-coeficiente-intelectual\/\" \/>\n<meta property=\"og:site_name\" content=\"Asociaci\u00f3n Catalana de Optometr\u00eda y Terapia Visual\" \/>\n<meta property=\"article:published_time\" content=\"2018-01-31T14:05:00+00:00\" \/>\n<meta property=\"article:modified_time\" content=\"2022-03-31T20:59:16+00:00\" \/>\n<meta property=\"og:image\" content=\"https:\/\/www.acotv.org\/wp-content\/uploads\/Imatge6-3.jpg\" \/>\n\t<meta property=\"og:image:width\" content=\"700\" \/>\n\t<meta property=\"og:image:height\" content=\"525\" \/>\n\t<meta property=\"og:image:type\" content=\"image\/jpeg\" \/>\n<meta name=\"author\" content=\"ACOTV\" \/>\n<meta name=\"twitter:card\" content=\"summary_large_image\" \/>\n<meta name=\"twitter:label1\" content=\"Escrito por\" \/>\n\t<meta name=\"twitter:data1\" content=\"ACOTV\" \/>\n\t<meta name=\"twitter:label2\" content=\"Tiempo de lectura\" \/>\n\t<meta name=\"twitter:data2\" content=\"5 minutos\" \/>\n<script type=\"application\/ld+json\" class=\"yoast-schema-graph\">{\"@context\":\"https:\\\/\\\/schema.org\",\"@graph\":[{\"@type\":\"Article\",\"@id\":\"https:\\\/\\\/www.acotv.org\\\/es\\\/la-inteligencia-visual-no-es-lo-mismo-que-el-coeficiente-intelectual\\\/#article\",\"isPartOf\":{\"@id\":\"https:\\\/\\\/www.acotv.org\\\/es\\\/la-inteligencia-visual-no-es-lo-mismo-que-el-coeficiente-intelectual\\\/\"},\"author\":{\"name\":\"ACOTV\",\"@id\":\"https:\\\/\\\/www.acotv.org\\\/ca\\\/#\\\/schema\\\/person\\\/0de470fec1dbf9785a7343042d765744\"},\"headline\":\"LA INTELIGENCIA VISUAL NO ES LO MISMO QUE EL COEFICIENTE INTELECTUAL\",\"datePublished\":\"2018-01-31T14:05:00+00:00\",\"dateModified\":\"2022-03-31T20:59:16+00:00\",\"mainEntityOfPage\":{\"@id\":\"https:\\\/\\\/www.acotv.org\\\/es\\\/la-inteligencia-visual-no-es-lo-mismo-que-el-coeficiente-intelectual\\\/\"},\"wordCount\":909,\"commentCount\":0,\"image\":{\"@id\":\"https:\\\/\\\/www.acotv.org\\\/es\\\/la-inteligencia-visual-no-es-lo-mismo-que-el-coeficiente-intelectual\\\/#primaryimage\"},\"thumbnailUrl\":\"https:\\\/\\\/www.acotv.org\\\/wp-content\\\/uploads\\\/Imatge6-3.jpg\",\"keywords\":[\"Optometria\",\"Optometria\",\"problemasdeaprendizaje\",\"problemesdaprenentatge\"],\"articleSection\":[\"Bloc\",\"Blog\"],\"inLanguage\":\"es\",\"potentialAction\":[{\"@type\":\"CommentAction\",\"name\":\"Comment\",\"target\":[\"https:\\\/\\\/www.acotv.org\\\/es\\\/la-inteligencia-visual-no-es-lo-mismo-que-el-coeficiente-intelectual\\\/#respond\"]}]},{\"@type\":\"WebPage\",\"@id\":\"https:\\\/\\\/www.acotv.org\\\/es\\\/la-inteligencia-visual-no-es-lo-mismo-que-el-coeficiente-intelectual\\\/\",\"url\":\"https:\\\/\\\/www.acotv.org\\\/es\\\/la-inteligencia-visual-no-es-lo-mismo-que-el-coeficiente-intelectual\\\/\",\"name\":\"LA INTELIGENCIA VISUAL NO ES LO MISMO QUE EL COEFICIENTE INTELECTUAL - Asociaci\u00f3n Catalana de Optometr\u00eda y Terapia Visual\",\"isPartOf\":{\"@id\":\"https:\\\/\\\/www.acotv.org\\\/ca\\\/#website\"},\"primaryImageOfPage\":{\"@id\":\"https:\\\/\\\/www.acotv.org\\\/es\\\/la-inteligencia-visual-no-es-lo-mismo-que-el-coeficiente-intelectual\\\/#primaryimage\"},\"image\":{\"@id\":\"https:\\\/\\\/www.acotv.org\\\/es\\\/la-inteligencia-visual-no-es-lo-mismo-que-el-coeficiente-intelectual\\\/#primaryimage\"},\"thumbnailUrl\":\"https:\\\/\\\/www.acotv.org\\\/wp-content\\\/uploads\\\/Imatge6-3.jpg\",\"datePublished\":\"2018-01-31T14:05:00+00:00\",\"dateModified\":\"2022-03-31T20:59:16+00:00\",\"author\":{\"@id\":\"https:\\\/\\\/www.acotv.org\\\/ca\\\/#\\\/schema\\\/person\\\/0de470fec1dbf9785a7343042d765744\"},\"breadcrumb\":{\"@id\":\"https:\\\/\\\/www.acotv.org\\\/es\\\/la-inteligencia-visual-no-es-lo-mismo-que-el-coeficiente-intelectual\\\/#breadcrumb\"},\"inLanguage\":\"es\",\"potentialAction\":[{\"@type\":\"ReadAction\",\"target\":[\"https:\\\/\\\/www.acotv.org\\\/es\\\/la-inteligencia-visual-no-es-lo-mismo-que-el-coeficiente-intelectual\\\/\"]}]},{\"@type\":\"ImageObject\",\"inLanguage\":\"es\",\"@id\":\"https:\\\/\\\/www.acotv.org\\\/es\\\/la-inteligencia-visual-no-es-lo-mismo-que-el-coeficiente-intelectual\\\/#primaryimage\",\"url\":\"https:\\\/\\\/www.acotv.org\\\/wp-content\\\/uploads\\\/Imatge6-3.jpg\",\"contentUrl\":\"https:\\\/\\\/www.acotv.org\\\/wp-content\\\/uploads\\\/Imatge6-3.jpg\",\"width\":700,\"height\":525},{\"@type\":\"BreadcrumbList\",\"@id\":\"https:\\\/\\\/www.acotv.org\\\/es\\\/la-inteligencia-visual-no-es-lo-mismo-que-el-coeficiente-intelectual\\\/#breadcrumb\",\"itemListElement\":[{\"@type\":\"ListItem\",\"position\":1,\"name\":\"Portada\",\"item\":\"https:\\\/\\\/www.acotv.org\\\/es\\\/\"},{\"@type\":\"ListItem\",\"position\":2,\"name\":\"LA INTELIGENCIA VISUAL NO ES LO MISMO QUE EL COEFICIENTE INTELECTUAL\"}]},{\"@type\":\"WebSite\",\"@id\":\"https:\\\/\\\/www.acotv.org\\\/ca\\\/#website\",\"url\":\"https:\\\/\\\/www.acotv.org\\\/ca\\\/\",\"name\":\"Asociaci\u00f3n Catalana de Optometr\u00eda y Terapia Visual\",\"description\":\"\",\"potentialAction\":[{\"@type\":\"SearchAction\",\"target\":{\"@type\":\"EntryPoint\",\"urlTemplate\":\"https:\\\/\\\/www.acotv.org\\\/ca\\\/?s={search_term_string}\"},\"query-input\":{\"@type\":\"PropertyValueSpecification\",\"valueRequired\":true,\"valueName\":\"search_term_string\"}}],\"inLanguage\":\"es\"},{\"@type\":\"Person\",\"@id\":\"https:\\\/\\\/www.acotv.org\\\/ca\\\/#\\\/schema\\\/person\\\/0de470fec1dbf9785a7343042d765744\",\"name\":\"ACOTV\",\"image\":{\"@type\":\"ImageObject\",\"inLanguage\":\"es\",\"@id\":\"https:\\\/\\\/www.acotv.org\\\/wp-content\\\/uploads\\\/Logo-petit-150x150.jpg\",\"url\":\"https:\\\/\\\/www.acotv.org\\\/wp-content\\\/uploads\\\/Logo-petit-150x150.jpg\",\"contentUrl\":\"https:\\\/\\\/www.acotv.org\\\/wp-content\\\/uploads\\\/Logo-petit-150x150.jpg\",\"caption\":\"ACOTV\"},\"url\":\"https:\\\/\\\/www.acotv.org\\\/es\\\/author\\\/acotv\\\/\"}]}<\/script>\n<!-- \/ Yoast SEO plugin. -->","yoast_head_json":{"title":"LA INTELIGENCIA VISUAL NO ES LO MISMO QUE EL COEFICIENTE INTELECTUAL - Asociaci\u00f3n Catalana de Optometr\u00eda y Terapia Visual","robots":{"index":"index","follow":"follow","max-snippet":"max-snippet:-1","max-image-preview":"max-image-preview:large","max-video-preview":"max-video-preview:-1"},"canonical":"https:\/\/www.acotv.org\/es\/la-inteligencia-visual-no-es-lo-mismo-que-el-coeficiente-intelectual\/","og_locale":"es_ES","og_type":"article","og_title":"LA INTELIGENCIA VISUAL NO ES LO MISMO QUE EL COEFICIENTE INTELECTUAL - Asociaci\u00f3n Catalana de Optometr\u00eda y Terapia Visual","og_description":"El primer estudio sobre las variaciones individuales en habilidades visuales, ha mostrado que hay un amplio rango de diferencias en [&hellip;]","og_url":"https:\/\/www.acotv.org\/es\/la-inteligencia-visual-no-es-lo-mismo-que-el-coeficiente-intelectual\/","og_site_name":"Asociaci\u00f3n Catalana de Optometr\u00eda y Terapia Visual","article_published_time":"2018-01-31T14:05:00+00:00","article_modified_time":"2022-03-31T20:59:16+00:00","og_image":[{"width":700,"height":525,"url":"https:\/\/www.acotv.org\/wp-content\/uploads\/Imatge6-3.jpg","type":"image\/jpeg"}],"author":"ACOTV","twitter_card":"summary_large_image","twitter_misc":{"Escrito por":"ACOTV","Tiempo de lectura":"5 minutos"},"schema":{"@context":"https:\/\/schema.org","@graph":[{"@type":"Article","@id":"https:\/\/www.acotv.org\/es\/la-inteligencia-visual-no-es-lo-mismo-que-el-coeficiente-intelectual\/#article","isPartOf":{"@id":"https:\/\/www.acotv.org\/es\/la-inteligencia-visual-no-es-lo-mismo-que-el-coeficiente-intelectual\/"},"author":{"name":"ACOTV","@id":"https:\/\/www.acotv.org\/ca\/#\/schema\/person\/0de470fec1dbf9785a7343042d765744"},"headline":"LA INTELIGENCIA VISUAL NO ES LO MISMO QUE EL COEFICIENTE INTELECTUAL","datePublished":"2018-01-31T14:05:00+00:00","dateModified":"2022-03-31T20:59:16+00:00","mainEntityOfPage":{"@id":"https:\/\/www.acotv.org\/es\/la-inteligencia-visual-no-es-lo-mismo-que-el-coeficiente-intelectual\/"},"wordCount":909,"commentCount":0,"image":{"@id":"https:\/\/www.acotv.org\/es\/la-inteligencia-visual-no-es-lo-mismo-que-el-coeficiente-intelectual\/#primaryimage"},"thumbnailUrl":"https:\/\/www.acotv.org\/wp-content\/uploads\/Imatge6-3.jpg","keywords":["Optometria","Optometria","problemasdeaprendizaje","problemesdaprenentatge"],"articleSection":["Bloc","Blog"],"inLanguage":"es","potentialAction":[{"@type":"CommentAction","name":"Comment","target":["https:\/\/www.acotv.org\/es\/la-inteligencia-visual-no-es-lo-mismo-que-el-coeficiente-intelectual\/#respond"]}]},{"@type":"WebPage","@id":"https:\/\/www.acotv.org\/es\/la-inteligencia-visual-no-es-lo-mismo-que-el-coeficiente-intelectual\/","url":"https:\/\/www.acotv.org\/es\/la-inteligencia-visual-no-es-lo-mismo-que-el-coeficiente-intelectual\/","name":"LA INTELIGENCIA VISUAL NO ES LO MISMO QUE EL COEFICIENTE INTELECTUAL - Asociaci\u00f3n Catalana de Optometr\u00eda y Terapia Visual","isPartOf":{"@id":"https:\/\/www.acotv.org\/ca\/#website"},"primaryImageOfPage":{"@id":"https:\/\/www.acotv.org\/es\/la-inteligencia-visual-no-es-lo-mismo-que-el-coeficiente-intelectual\/#primaryimage"},"image":{"@id":"https:\/\/www.acotv.org\/es\/la-inteligencia-visual-no-es-lo-mismo-que-el-coeficiente-intelectual\/#primaryimage"},"thumbnailUrl":"https:\/\/www.acotv.org\/wp-content\/uploads\/Imatge6-3.jpg","datePublished":"2018-01-31T14:05:00+00:00","dateModified":"2022-03-31T20:59:16+00:00","author":{"@id":"https:\/\/www.acotv.org\/ca\/#\/schema\/person\/0de470fec1dbf9785a7343042d765744"},"breadcrumb":{"@id":"https:\/\/www.acotv.org\/es\/la-inteligencia-visual-no-es-lo-mismo-que-el-coeficiente-intelectual\/#breadcrumb"},"inLanguage":"es","potentialAction":[{"@type":"ReadAction","target":["https:\/\/www.acotv.org\/es\/la-inteligencia-visual-no-es-lo-mismo-que-el-coeficiente-intelectual\/"]}]},{"@type":"ImageObject","inLanguage":"es","@id":"https:\/\/www.acotv.org\/es\/la-inteligencia-visual-no-es-lo-mismo-que-el-coeficiente-intelectual\/#primaryimage","url":"https:\/\/www.acotv.org\/wp-content\/uploads\/Imatge6-3.jpg","contentUrl":"https:\/\/www.acotv.org\/wp-content\/uploads\/Imatge6-3.jpg","width":700,"height":525},{"@type":"BreadcrumbList","@id":"https:\/\/www.acotv.org\/es\/la-inteligencia-visual-no-es-lo-mismo-que-el-coeficiente-intelectual\/#breadcrumb","itemListElement":[{"@type":"ListItem","position":1,"name":"Portada","item":"https:\/\/www.acotv.org\/es\/"},{"@type":"ListItem","position":2,"name":"LA INTELIGENCIA VISUAL NO ES LO MISMO QUE EL COEFICIENTE INTELECTUAL"}]},{"@type":"WebSite","@id":"https:\/\/www.acotv.org\/ca\/#website","url":"https:\/\/www.acotv.org\/ca\/","name":"Asociaci\u00f3n Catalana de Optometr\u00eda y Terapia Visual","description":"","potentialAction":[{"@type":"SearchAction","target":{"@type":"EntryPoint","urlTemplate":"https:\/\/www.acotv.org\/ca\/?s={search_term_string}"},"query-input":{"@type":"PropertyValueSpecification","valueRequired":true,"valueName":"search_term_string"}}],"inLanguage":"es"},{"@type":"Person","@id":"https:\/\/www.acotv.org\/ca\/#\/schema\/person\/0de470fec1dbf9785a7343042d765744","name":"ACOTV","image":{"@type":"ImageObject","inLanguage":"es","@id":"https:\/\/www.acotv.org\/wp-content\/uploads\/Logo-petit-150x150.jpg","url":"https:\/\/www.acotv.org\/wp-content\/uploads\/Logo-petit-150x150.jpg","contentUrl":"https:\/\/www.acotv.org\/wp-content\/uploads\/Logo-petit-150x150.jpg","caption":"ACOTV"},"url":"https:\/\/www.acotv.org\/es\/author\/acotv\/"}]}},"_links":{"self":[{"href":"https:\/\/www.acotv.org\/es\/wp-json\/wp\/v2\/posts\/2343","targetHints":{"allow":["GET"]}}],"collection":[{"href":"https:\/\/www.acotv.org\/es\/wp-json\/wp\/v2\/posts"}],"about":[{"href":"https:\/\/www.acotv.org\/es\/wp-json\/wp\/v2\/types\/post"}],"author":[{"embeddable":true,"href":"https:\/\/www.acotv.org\/es\/wp-json\/wp\/v2\/users\/2"}],"replies":[{"embeddable":true,"href":"https:\/\/www.acotv.org\/es\/wp-json\/wp\/v2\/comments?post=2343"}],"version-history":[{"count":0,"href":"https:\/\/www.acotv.org\/es\/wp-json\/wp\/v2\/posts\/2343\/revisions"}],"wp:featuredmedia":[{"embeddable":true,"href":"https:\/\/www.acotv.org\/es\/wp-json\/wp\/v2\/media\/2338"}],"wp:attachment":[{"href":"https:\/\/www.acotv.org\/es\/wp-json\/wp\/v2\/media?parent=2343"}],"wp:term":[{"taxonomy":"category","embeddable":true,"href":"https:\/\/www.acotv.org\/es\/wp-json\/wp\/v2\/categories?post=2343"},{"taxonomy":"post_tag","embeddable":true,"href":"https:\/\/www.acotv.org\/es\/wp-json\/wp\/v2\/tags?post=2343"}],"curies":[{"name":"wp","href":"https:\/\/api.w.org\/{rel}","templated":true}]}}