{"id":2315,"date":"2018-03-26T14:51:00","date_gmt":"2018-03-26T12:51:00","guid":{"rendered":"https:\/\/www.acotv.org\/caso-clinico-de-ambliopia-y-vision-binocular\/"},"modified":"2022-03-31T22:57:43","modified_gmt":"2022-03-31T20:57:43","slug":"caso-clinico-de-ambliopia-y-vision-binocular","status":"publish","type":"post","link":"https:\/\/www.acotv.org\/es\/caso-clinico-de-ambliopia-y-vision-binocular\/","title":{"rendered":"CASO CL\u00cdNICO DE AMBLIOPIA Y VISI\u00d3N BINOCULAR"},"content":{"rendered":"\n<p class=\"has-medium-font-size wp-block-paragraph\">En el siguiente art\u00edculo se expone el caso de una ni\u00f1a de 5 a\u00f1os derivada por el oftalm\u00f2logo que presenta hipermetropia y ambliop\u00eda.<\/p>\n\n\n\n<p class=\"wp-block-paragraph\">En la anamnesis los padres explican que durante el periodo del 2014 hasta el 2016 se le prescribieron unas gafas para corregir la hipermetropia, paralelamente segu\u00eda un programa de terapia de oclusi\u00f3n para el ojo derecho. En estos a\u00f1os lleg\u00f3 a la agudeza visual de la unidad un par a veces, pero despu\u00e9s de hacer unos meses de descanso de la oclusi\u00f3n, la agudeza se ve\u00eda disminuida hasta llegar al 70%. La derivaron para seguir un plan de terapia de estimulaci\u00f3n retiniana junto con un plan de terapia visual.<\/p>\n\n\n\n<figure class=\"wp-block-image size-full\"><img fetchpriority=\"high\" decoding=\"async\" width=\"400\" height=\"288\" src=\"https:\/\/www.acotv.org\/wp-content\/uploads\/imatge4-1.png\" alt=\"\" class=\"wp-image-2304\" srcset=\"https:\/\/www.acotv.org\/wp-content\/uploads\/imatge4-1.png 400w, https:\/\/www.acotv.org\/wp-content\/uploads\/imatge4-1-300x216.png 300w\" sizes=\"(max-width: 400px) 100vw, 400px\" \/><\/figure>\n\n\n\n<p class=\"wp-block-paragraph\">Despu\u00e9s de haber realizado un examen completo se encuentra una agudeza visual de 0,6 en el ojo ambliope, una aceptaci\u00f3n de positivo de +4,25, la flexibilidad de acomodaci\u00f3n estuvo imposible de medir puesto que no colaboraba, seguimientos y sac\u00e0dics alterados, sin correcci\u00f3n presentaba una Endof\u00f2ria de cerca que con la correcci\u00f3n desaparec\u00eda, seguramente secundaria a la hipermetropia; no presenta estereopsis.<\/p>\n\n\n\n<p class=\"wp-block-paragraph\">Los objetivos que se plantean despu\u00e9s de realizar el tratamiento son principalmente establecer una buena fijaci\u00f3n central, mantener una buena agudeza visual establecer y conseguir una visi\u00f3n estereosc\u00f2pica.<\/p>\n\n\n\n<p class=\"wp-block-paragraph\">El tratamiento a seguir se bas\u00f3 en 6 semanas de 10 minutos diarios de estimulaci\u00f3n retiniana, una vez establecida una agudeza visual de la unidad ya se empez\u00f3 con las sesiones de terapia visual, en las que se sigui\u00f3 trabajando la fijaci\u00f3n, la psicomotricidad, la lateralidad, la binocularitat y la percepci\u00f3n visual.<\/p>\n\n\n\n<p class=\"wp-block-paragraph\">Los resultados al acabar las sesiones de terapia visual fueron bastante satisfactorios, puesto que se consigui\u00f3 mantener una agudeza visual estable en ambos ojos, la flexibilidad acomodativa que en un principio no se pudo medir al acabar el tratamiento se obtuvo un buen resultado de este test, los seguimientos y los sac\u00e1dicos se encuentran normalizados, al conseguir una buena binocularidad la paciente ya puede percibir visi\u00f3n estereosc\u00f3pica. Debido al hecho que sus funciones visuales ya est\u00e1n estables, ha podido definir una dominancia ocular motora y sensorial.<\/p>\n\n\n\n<p class=\"wp-block-paragraph\">Se hacen controles cada 5 meses y los resultados siguen igual, por este motivo tanto la paciente, como los padres y el equipo que se hicieron cargo de este caso est\u00e1n muy satisfechos de la mejora que ha representado realizar el tratamiento adecuado.<\/p>\n\n\n\n<figure class=\"wp-block-image size-full\"><img decoding=\"async\" width=\"203\" height=\"171\" src=\"https:\/\/www.acotv.org\/wp-content\/uploads\/imatge5-1.png\" alt=\"\" class=\"wp-image-2307\"\/><\/figure>\n\n\n\n<p class=\"wp-block-paragraph\">Una vez m\u00e1s se ha demostrado que la terapia visual ha ayudado a una ni\u00f1a con problemas de ambliop\u00eda y binocularidad. No debe resultarnos extra\u00f1o a estas alturas ver el \u00e9xito que tiene un buen tratamiento de terapia. En cualquier caso si esta ni\u00f1a no hubiera realizado las sesiones para la estimulaci\u00f3n retiniana ni las sesiones para mejorar su sistema visual, por ahora llevar\u00eda gafas para neutralizar su estado refractivo, pero seguir\u00eda siendo ambliope del ojo derecho.<\/p>\n\n\n\n<p class=\"wp-block-paragraph\">Puedes acceder al Caso Completo<\/p>\n\n\n\n<div class=\"wp-block-file\"><a id=\"wp-block-file--media-908f284e-c8de-4671-a457-f8b2cbd72784\" href=\"https:\/\/www.acotv.org\/wp-content\/uploads\/Caso-Clnico-Especialista-Slvia-Trenchs.pdf\" target=\"_blank\" rel=\"noreferrer noopener\">Caso-Clnico-Especialista-Slvia-Trenchs<\/a><a href=\"https:\/\/www.acotv.org\/wp-content\/uploads\/Caso-Clnico-Especialista-Slvia-Trenchs.pdf\" class=\"wp-block-file__button\" download aria-describedby=\"wp-block-file--media-908f284e-c8de-4671-a457-f8b2cbd72784\">Descarga<\/a><\/div>\n\n\n\n<p class=\"wp-block-paragraph\"><br>Caso Cl\u00ednico per <a href=\"http:\/\/www.acotv.org\/ca\/especialistes\/per-centres\/details\/51\/230.html\" target=\"_blank\" rel=\"noreferrer noopener\">S\u00edlvia Trenchs Carrasquer<\/a> <br>Miembro de la<strong> Lista de Especialistas en Ter\u00e1pia Visual de la ACOTV<\/strong><\/p>\n","protected":false},"excerpt":{"rendered":"<p>En el siguiente art\u00edculo se expone el caso de una ni\u00f1a de 5 a\u00f1os derivada por el oftalm\u00f2logo que presenta [&hellip;]<\/p>\n","protected":false},"author":2,"featured_media":2312,"comment_status":"open","ping_status":"open","sticky":false,"template":"","format":"standard","meta":{"ocean_front_end_style_editor":"no","ocean_post_layout":"","ocean_both_sidebars_style":"","ocean_both_sidebars_content_width":0,"ocean_both_sidebars_sidebars_width":0,"ocean_sidebar":"0","ocean_second_sidebar":"0","ocean_disable_margins":"enable","ocean_add_body_class":"","ocean_shortcode_before_top_bar":"","ocean_shortcode_after_top_bar":"","ocean_shortcode_before_header":"","ocean_shortcode_after_header":"","ocean_has_shortcode":"","ocean_shortcode_after_title":"","ocean_shortcode_before_footer_widgets":"","ocean_shortcode_after_footer_widgets":"","ocean_shortcode_before_footer_bottom":"","ocean_shortcode_after_footer_bottom":"","ocean_display_top_bar":"default","ocean_display_header":"default","ocean_header_style":"","ocean_center_header_left_menu":"0","ocean_custom_header_template":"0","ocean_custom_logo":0,"ocean_custom_retina_logo":0,"ocean_custom_logo_max_width":0,"ocean_custom_logo_tablet_max_width":0,"ocean_custom_logo_mobile_max_width":0,"ocean_custom_logo_max_height":0,"ocean_custom_logo_tablet_max_height":0,"ocean_custom_logo_mobile_max_height":0,"ocean_header_custom_menu":"0","ocean_menu_typo_font_family":"0","ocean_menu_typo_font_subset":"","ocean_menu_typo_font_size":0,"ocean_menu_typo_font_size_tablet":0,"ocean_menu_typo_font_size_mobile":0,"ocean_menu_typo_font_size_unit":"px","ocean_menu_typo_font_weight":"","ocean_menu_typo_font_weight_tablet":"","ocean_menu_typo_font_weight_mobile":"","ocean_menu_typo_transform":"","ocean_menu_typo_transform_tablet":"","ocean_menu_typo_transform_mobile":"","ocean_menu_typo_line_height":0,"ocean_menu_typo_line_height_tablet":0,"ocean_menu_typo_line_height_mobile":0,"ocean_menu_typo_line_height_unit":"","ocean_menu_typo_spacing":0,"ocean_menu_typo_spacing_tablet":0,"ocean_menu_typo_spacing_mobile":0,"ocean_menu_typo_spacing_unit":"","ocean_menu_link_color":"","ocean_menu_link_color_hover":"","ocean_menu_link_color_active":"","ocean_menu_link_background":"","ocean_menu_link_hover_background":"","ocean_menu_link_active_background":"","ocean_menu_social_links_bg":"","ocean_menu_social_hover_links_bg":"","ocean_menu_social_links_color":"","ocean_menu_social_hover_links_color":"","ocean_disable_title":"default","ocean_disable_heading":"default","ocean_post_title":"","ocean_post_subheading":"","ocean_post_title_style":"","ocean_post_title_background_color":"","ocean_post_title_background":0,"ocean_post_title_bg_image_position":"","ocean_post_title_bg_image_attachment":"","ocean_post_title_bg_image_repeat":"","ocean_post_title_bg_image_size":"","ocean_post_title_height":0,"ocean_post_title_bg_overlay":0.5,"ocean_post_title_bg_overlay_color":"","ocean_disable_breadcrumbs":"default","ocean_breadcrumbs_color":"","ocean_breadcrumbs_separator_color":"","ocean_breadcrumbs_links_color":"","ocean_breadcrumbs_links_hover_color":"","ocean_display_footer_widgets":"default","ocean_display_footer_bottom":"default","ocean_custom_footer_template":"0","ocean_post_oembed":"","ocean_post_self_hosted_media":"","ocean_post_video_embed":"","ocean_link_format":"","ocean_link_format_target":"self","ocean_quote_format":"","ocean_quote_format_link":"post","ocean_gallery_link_images":"off","ocean_gallery_id":[],"footnotes":""},"categories":[9],"tags":[66,60,61],"class_list":["post-2315","post","type-post","status-publish","format-standard","has-post-thumbnail","hentry","category-blog","tag-optometria-ca","tag-optometria","tag-terapiavisual","entry","has-media"],"yoast_head":"<!-- This site is optimized with the Yoast SEO plugin v28.4 - https:\/\/yoast.com\/product\/yoast-seo-wordpress\/ -->\n<title>CASO CL\u00cdNICO DE AMBLIOPIA Y VISI\u00d3N BINOCULAR - Asociaci\u00f3n Catalana de Optometr\u00eda y Terapia Visual<\/title>\n<meta name=\"robots\" content=\"index, follow, max-snippet:-1, max-image-preview:large, max-video-preview:-1\" \/>\n<link rel=\"canonical\" href=\"https:\/\/www.acotv.org\/es\/caso-clinico-de-ambliopia-y-vision-binocular\/\" \/>\n<meta property=\"og:locale\" content=\"es_ES\" \/>\n<meta property=\"og:type\" content=\"article\" \/>\n<meta property=\"og:title\" content=\"CASO CL\u00cdNICO DE AMBLIOPIA Y VISI\u00d3N BINOCULAR - Asociaci\u00f3n Catalana de Optometr\u00eda y Terapia Visual\" \/>\n<meta property=\"og:description\" content=\"En el siguiente art\u00edculo se expone el caso de una ni\u00f1a de 5 a\u00f1os derivada por el oftalm\u00f2logo que presenta [&hellip;]\" \/>\n<meta property=\"og:url\" content=\"https:\/\/www.acotv.org\/es\/caso-clinico-de-ambliopia-y-vision-binocular\/\" \/>\n<meta property=\"og:site_name\" content=\"Asociaci\u00f3n Catalana de Optometr\u00eda y Terapia Visual\" \/>\n<meta property=\"article:published_time\" content=\"2018-03-26T12:51:00+00:00\" \/>\n<meta property=\"article:modified_time\" content=\"2022-03-31T20:57:43+00:00\" \/>\n<meta property=\"og:image\" content=\"https:\/\/www.acotv.org\/wp-content\/uploads\/imatge3-4.jpg\" \/>\n\t<meta property=\"og:image:width\" content=\"700\" \/>\n\t<meta property=\"og:image:height\" content=\"525\" \/>\n\t<meta property=\"og:image:type\" content=\"image\/jpeg\" \/>\n<meta name=\"author\" content=\"ACOTV\" \/>\n<meta name=\"twitter:card\" content=\"summary_large_image\" \/>\n<meta name=\"twitter:label1\" content=\"Escrito por\" \/>\n\t<meta name=\"twitter:data1\" content=\"ACOTV\" \/>\n\t<meta name=\"twitter:label2\" content=\"Tiempo de lectura\" \/>\n\t<meta name=\"twitter:data2\" content=\"3 minutos\" \/>\n<script type=\"application\/ld+json\" class=\"yoast-schema-graph\">{\"@context\":\"https:\\\/\\\/schema.org\",\"@graph\":[{\"@type\":\"Article\",\"@id\":\"https:\\\/\\\/www.acotv.org\\\/es\\\/caso-clinico-de-ambliopia-y-vision-binocular\\\/#article\",\"isPartOf\":{\"@id\":\"https:\\\/\\\/www.acotv.org\\\/es\\\/caso-clinico-de-ambliopia-y-vision-binocular\\\/\"},\"author\":{\"name\":\"ACOTV\",\"@id\":\"https:\\\/\\\/www.acotv.org\\\/ca\\\/#\\\/schema\\\/person\\\/0de470fec1dbf9785a7343042d765744\"},\"headline\":\"CASO CL\u00cdNICO DE AMBLIOPIA Y VISI\u00d3N BINOCULAR\",\"datePublished\":\"2018-03-26T12:51:00+00:00\",\"dateModified\":\"2022-03-31T20:57:43+00:00\",\"mainEntityOfPage\":{\"@id\":\"https:\\\/\\\/www.acotv.org\\\/es\\\/caso-clinico-de-ambliopia-y-vision-binocular\\\/\"},\"wordCount\":526,\"commentCount\":0,\"image\":{\"@id\":\"https:\\\/\\\/www.acotv.org\\\/es\\\/caso-clinico-de-ambliopia-y-vision-binocular\\\/#primaryimage\"},\"thumbnailUrl\":\"https:\\\/\\\/www.acotv.org\\\/wp-content\\\/uploads\\\/imatge3-4.jpg\",\"keywords\":[\"Optometria\",\"Optometria\",\"TerapiaVisual\"],\"articleSection\":[\"Blog\"],\"inLanguage\":\"es\",\"potentialAction\":[{\"@type\":\"CommentAction\",\"name\":\"Comment\",\"target\":[\"https:\\\/\\\/www.acotv.org\\\/es\\\/caso-clinico-de-ambliopia-y-vision-binocular\\\/#respond\"]}]},{\"@type\":\"WebPage\",\"@id\":\"https:\\\/\\\/www.acotv.org\\\/es\\\/caso-clinico-de-ambliopia-y-vision-binocular\\\/\",\"url\":\"https:\\\/\\\/www.acotv.org\\\/es\\\/caso-clinico-de-ambliopia-y-vision-binocular\\\/\",\"name\":\"CASO CL\u00cdNICO DE AMBLIOPIA Y VISI\u00d3N BINOCULAR - Asociaci\u00f3n Catalana de Optometr\u00eda y Terapia Visual\",\"isPartOf\":{\"@id\":\"https:\\\/\\\/www.acotv.org\\\/ca\\\/#website\"},\"primaryImageOfPage\":{\"@id\":\"https:\\\/\\\/www.acotv.org\\\/es\\\/caso-clinico-de-ambliopia-y-vision-binocular\\\/#primaryimage\"},\"image\":{\"@id\":\"https:\\\/\\\/www.acotv.org\\\/es\\\/caso-clinico-de-ambliopia-y-vision-binocular\\\/#primaryimage\"},\"thumbnailUrl\":\"https:\\\/\\\/www.acotv.org\\\/wp-content\\\/uploads\\\/imatge3-4.jpg\",\"datePublished\":\"2018-03-26T12:51:00+00:00\",\"dateModified\":\"2022-03-31T20:57:43+00:00\",\"author\":{\"@id\":\"https:\\\/\\\/www.acotv.org\\\/ca\\\/#\\\/schema\\\/person\\\/0de470fec1dbf9785a7343042d765744\"},\"breadcrumb\":{\"@id\":\"https:\\\/\\\/www.acotv.org\\\/es\\\/caso-clinico-de-ambliopia-y-vision-binocular\\\/#breadcrumb\"},\"inLanguage\":\"es\",\"potentialAction\":[{\"@type\":\"ReadAction\",\"target\":[\"https:\\\/\\\/www.acotv.org\\\/es\\\/caso-clinico-de-ambliopia-y-vision-binocular\\\/\"]}]},{\"@type\":\"ImageObject\",\"inLanguage\":\"es\",\"@id\":\"https:\\\/\\\/www.acotv.org\\\/es\\\/caso-clinico-de-ambliopia-y-vision-binocular\\\/#primaryimage\",\"url\":\"https:\\\/\\\/www.acotv.org\\\/wp-content\\\/uploads\\\/imatge3-4.jpg\",\"contentUrl\":\"https:\\\/\\\/www.acotv.org\\\/wp-content\\\/uploads\\\/imatge3-4.jpg\",\"width\":700,\"height\":525},{\"@type\":\"BreadcrumbList\",\"@id\":\"https:\\\/\\\/www.acotv.org\\\/es\\\/caso-clinico-de-ambliopia-y-vision-binocular\\\/#breadcrumb\",\"itemListElement\":[{\"@type\":\"ListItem\",\"position\":1,\"name\":\"Portada\",\"item\":\"https:\\\/\\\/www.acotv.org\\\/es\\\/\"},{\"@type\":\"ListItem\",\"position\":2,\"name\":\"CASO CL\u00cdNICO DE AMBLIOPIA Y VISI\u00d3N BINOCULAR\"}]},{\"@type\":\"WebSite\",\"@id\":\"https:\\\/\\\/www.acotv.org\\\/ca\\\/#website\",\"url\":\"https:\\\/\\\/www.acotv.org\\\/ca\\\/\",\"name\":\"Asociaci\u00f3n Catalana de Optometr\u00eda y Terapia Visual\",\"description\":\"\",\"potentialAction\":[{\"@type\":\"SearchAction\",\"target\":{\"@type\":\"EntryPoint\",\"urlTemplate\":\"https:\\\/\\\/www.acotv.org\\\/ca\\\/?s={search_term_string}\"},\"query-input\":{\"@type\":\"PropertyValueSpecification\",\"valueRequired\":true,\"valueName\":\"search_term_string\"}}],\"inLanguage\":\"es\"},{\"@type\":\"Person\",\"@id\":\"https:\\\/\\\/www.acotv.org\\\/ca\\\/#\\\/schema\\\/person\\\/0de470fec1dbf9785a7343042d765744\",\"name\":\"ACOTV\",\"image\":{\"@type\":\"ImageObject\",\"inLanguage\":\"es\",\"@id\":\"https:\\\/\\\/www.acotv.org\\\/wp-content\\\/uploads\\\/Logo-petit-150x150.jpg\",\"url\":\"https:\\\/\\\/www.acotv.org\\\/wp-content\\\/uploads\\\/Logo-petit-150x150.jpg\",\"contentUrl\":\"https:\\\/\\\/www.acotv.org\\\/wp-content\\\/uploads\\\/Logo-petit-150x150.jpg\",\"caption\":\"ACOTV\"},\"url\":\"https:\\\/\\\/www.acotv.org\\\/es\\\/author\\\/acotv\\\/\"}]}<\/script>\n<!-- \/ Yoast SEO plugin. -->","yoast_head_json":{"title":"CASO CL\u00cdNICO DE AMBLIOPIA Y VISI\u00d3N BINOCULAR - Asociaci\u00f3n Catalana de Optometr\u00eda y Terapia Visual","robots":{"index":"index","follow":"follow","max-snippet":"max-snippet:-1","max-image-preview":"max-image-preview:large","max-video-preview":"max-video-preview:-1"},"canonical":"https:\/\/www.acotv.org\/es\/caso-clinico-de-ambliopia-y-vision-binocular\/","og_locale":"es_ES","og_type":"article","og_title":"CASO CL\u00cdNICO DE AMBLIOPIA Y VISI\u00d3N BINOCULAR - Asociaci\u00f3n Catalana de Optometr\u00eda y Terapia Visual","og_description":"En el siguiente art\u00edculo se expone el caso de una ni\u00f1a de 5 a\u00f1os derivada por el oftalm\u00f2logo que presenta [&hellip;]","og_url":"https:\/\/www.acotv.org\/es\/caso-clinico-de-ambliopia-y-vision-binocular\/","og_site_name":"Asociaci\u00f3n Catalana de Optometr\u00eda y Terapia Visual","article_published_time":"2018-03-26T12:51:00+00:00","article_modified_time":"2022-03-31T20:57:43+00:00","og_image":[{"width":700,"height":525,"url":"https:\/\/www.acotv.org\/wp-content\/uploads\/imatge3-4.jpg","type":"image\/jpeg"}],"author":"ACOTV","twitter_card":"summary_large_image","twitter_misc":{"Escrito por":"ACOTV","Tiempo de lectura":"3 minutos"},"schema":{"@context":"https:\/\/schema.org","@graph":[{"@type":"Article","@id":"https:\/\/www.acotv.org\/es\/caso-clinico-de-ambliopia-y-vision-binocular\/#article","isPartOf":{"@id":"https:\/\/www.acotv.org\/es\/caso-clinico-de-ambliopia-y-vision-binocular\/"},"author":{"name":"ACOTV","@id":"https:\/\/www.acotv.org\/ca\/#\/schema\/person\/0de470fec1dbf9785a7343042d765744"},"headline":"CASO CL\u00cdNICO DE AMBLIOPIA Y VISI\u00d3N BINOCULAR","datePublished":"2018-03-26T12:51:00+00:00","dateModified":"2022-03-31T20:57:43+00:00","mainEntityOfPage":{"@id":"https:\/\/www.acotv.org\/es\/caso-clinico-de-ambliopia-y-vision-binocular\/"},"wordCount":526,"commentCount":0,"image":{"@id":"https:\/\/www.acotv.org\/es\/caso-clinico-de-ambliopia-y-vision-binocular\/#primaryimage"},"thumbnailUrl":"https:\/\/www.acotv.org\/wp-content\/uploads\/imatge3-4.jpg","keywords":["Optometria","Optometria","TerapiaVisual"],"articleSection":["Blog"],"inLanguage":"es","potentialAction":[{"@type":"CommentAction","name":"Comment","target":["https:\/\/www.acotv.org\/es\/caso-clinico-de-ambliopia-y-vision-binocular\/#respond"]}]},{"@type":"WebPage","@id":"https:\/\/www.acotv.org\/es\/caso-clinico-de-ambliopia-y-vision-binocular\/","url":"https:\/\/www.acotv.org\/es\/caso-clinico-de-ambliopia-y-vision-binocular\/","name":"CASO CL\u00cdNICO DE AMBLIOPIA Y VISI\u00d3N BINOCULAR - Asociaci\u00f3n Catalana de Optometr\u00eda y Terapia Visual","isPartOf":{"@id":"https:\/\/www.acotv.org\/ca\/#website"},"primaryImageOfPage":{"@id":"https:\/\/www.acotv.org\/es\/caso-clinico-de-ambliopia-y-vision-binocular\/#primaryimage"},"image":{"@id":"https:\/\/www.acotv.org\/es\/caso-clinico-de-ambliopia-y-vision-binocular\/#primaryimage"},"thumbnailUrl":"https:\/\/www.acotv.org\/wp-content\/uploads\/imatge3-4.jpg","datePublished":"2018-03-26T12:51:00+00:00","dateModified":"2022-03-31T20:57:43+00:00","author":{"@id":"https:\/\/www.acotv.org\/ca\/#\/schema\/person\/0de470fec1dbf9785a7343042d765744"},"breadcrumb":{"@id":"https:\/\/www.acotv.org\/es\/caso-clinico-de-ambliopia-y-vision-binocular\/#breadcrumb"},"inLanguage":"es","potentialAction":[{"@type":"ReadAction","target":["https:\/\/www.acotv.org\/es\/caso-clinico-de-ambliopia-y-vision-binocular\/"]}]},{"@type":"ImageObject","inLanguage":"es","@id":"https:\/\/www.acotv.org\/es\/caso-clinico-de-ambliopia-y-vision-binocular\/#primaryimage","url":"https:\/\/www.acotv.org\/wp-content\/uploads\/imatge3-4.jpg","contentUrl":"https:\/\/www.acotv.org\/wp-content\/uploads\/imatge3-4.jpg","width":700,"height":525},{"@type":"BreadcrumbList","@id":"https:\/\/www.acotv.org\/es\/caso-clinico-de-ambliopia-y-vision-binocular\/#breadcrumb","itemListElement":[{"@type":"ListItem","position":1,"name":"Portada","item":"https:\/\/www.acotv.org\/es\/"},{"@type":"ListItem","position":2,"name":"CASO CL\u00cdNICO DE AMBLIOPIA Y VISI\u00d3N BINOCULAR"}]},{"@type":"WebSite","@id":"https:\/\/www.acotv.org\/ca\/#website","url":"https:\/\/www.acotv.org\/ca\/","name":"Asociaci\u00f3n Catalana de Optometr\u00eda y Terapia Visual","description":"","potentialAction":[{"@type":"SearchAction","target":{"@type":"EntryPoint","urlTemplate":"https:\/\/www.acotv.org\/ca\/?s={search_term_string}"},"query-input":{"@type":"PropertyValueSpecification","valueRequired":true,"valueName":"search_term_string"}}],"inLanguage":"es"},{"@type":"Person","@id":"https:\/\/www.acotv.org\/ca\/#\/schema\/person\/0de470fec1dbf9785a7343042d765744","name":"ACOTV","image":{"@type":"ImageObject","inLanguage":"es","@id":"https:\/\/www.acotv.org\/wp-content\/uploads\/Logo-petit-150x150.jpg","url":"https:\/\/www.acotv.org\/wp-content\/uploads\/Logo-petit-150x150.jpg","contentUrl":"https:\/\/www.acotv.org\/wp-content\/uploads\/Logo-petit-150x150.jpg","caption":"ACOTV"},"url":"https:\/\/www.acotv.org\/es\/author\/acotv\/"}]}},"_links":{"self":[{"href":"https:\/\/www.acotv.org\/es\/wp-json\/wp\/v2\/posts\/2315","targetHints":{"allow":["GET"]}}],"collection":[{"href":"https:\/\/www.acotv.org\/es\/wp-json\/wp\/v2\/posts"}],"about":[{"href":"https:\/\/www.acotv.org\/es\/wp-json\/wp\/v2\/types\/post"}],"author":[{"embeddable":true,"href":"https:\/\/www.acotv.org\/es\/wp-json\/wp\/v2\/users\/2"}],"replies":[{"embeddable":true,"href":"https:\/\/www.acotv.org\/es\/wp-json\/wp\/v2\/comments?post=2315"}],"version-history":[{"count":0,"href":"https:\/\/www.acotv.org\/es\/wp-json\/wp\/v2\/posts\/2315\/revisions"}],"wp:featuredmedia":[{"embeddable":true,"href":"https:\/\/www.acotv.org\/es\/wp-json\/wp\/v2\/media\/2312"}],"wp:attachment":[{"href":"https:\/\/www.acotv.org\/es\/wp-json\/wp\/v2\/media?parent=2315"}],"wp:term":[{"taxonomy":"category","embeddable":true,"href":"https:\/\/www.acotv.org\/es\/wp-json\/wp\/v2\/categories?post=2315"},{"taxonomy":"post_tag","embeddable":true,"href":"https:\/\/www.acotv.org\/es\/wp-json\/wp\/v2\/tags?post=2315"}],"curies":[{"name":"wp","href":"https:\/\/api.w.org\/{rel}","templated":true}]}}