{"id":2121,"date":"2022-03-28T21:31:00","date_gmt":"2022-03-28T19:31:00","guid":{"rendered":"https:\/\/www.acotv.org\/?p=2121"},"modified":"2022-04-05T12:35:48","modified_gmt":"2022-04-05T10:35:48","slug":"nuevo-proyecto-accion-en-las-escuelas-2","status":"publish","type":"post","link":"https:\/\/www.acotv.org\/es\/nuevo-proyecto-accion-en-las-escuelas-2\/","title":{"rendered":"Acci\u00f3n en las escuelas: El nuevo proyecto de la ACOTV"},"content":{"rendered":"<p>La optometr\u00eda es un campo cada vez m\u00e1s conocido en el \u00e1mbito profesional de la educaci\u00f3n. Y es \u00e9ste el \u00e1mbito de actuaci\u00f3n de la nueva propuesta que se ha empezado a elaborar con la participaci\u00f3n de los grupos de trabajo de personas voluntarias de la asociaci\u00f3n.<\/p>\n<h4><strong><span style=\"color: #008ad0;\"><span style=\"color: #000000;\">Y VER\u00c1S!<\/span><\/span><\/strong><br \/><strong>Atenci\u00f3n de la salud visual en las escuelas<\/strong><\/h4>\n<p>Un proyecto que pretende llegar a la comunidad educativa, al alumnado y, como consecuencia, a la poblaci\u00f3n en general.<\/p>\n<p>La propuesta de atenci\u00f3n primaria en salud visual responde a la demanda de una especialidad, como es la optometr\u00eda, estrechamente ligada a profundizar en las dificultades escolares que est\u00e1n causadas directamente por la visi\u00f3n o en estrecha relaci\u00f3n con el sistema visual.<br \/>La iniciativa nace de la necesidad de atender a los ni\u00f1os en igualdad de diferencias desde la escuela, marco educativo que promueve las oportunidades de aprendizaje para todos.<\/p>\n<blockquote>\n<h4><strong><span style=\"color: #008ad0;\">La correcta prevenci\u00f3n es el mejor tratamiento accesible a la poblaci\u00f3n en edad escolar<\/span><\/strong><\/h4>\n<\/blockquote>\n<p>El proyecto se ha estructurado inicialmente en <strong>tres grupos o l\u00edneas de trabajo<\/strong> para ir construyendo m\u00e1s f\u00e1cilmente el marco general:<br \/>\u2022 Grupo Estrategia<br \/>\u2022 Grupo Recursos<br \/>\u2022 Grupo Acciones<\/p>\n<p>Partiendo de una adecuada definici\u00f3n estrat\u00e9gica que analice los distintos escenarios y organismos del contexto educativo actual (Grupo Estrategia), se pretende proporcionar a la comunidad educativa un conjunto de herramientas b\u00e1sicas relacionadas con la visi\u00f3n para el aula (Grupo Recursos ). Y mostrar mediante cribados visuales individuales c\u00f3mo detectar y diagnosticar los d\u00e9ficits de las habilidades visuales necesarias para la lectoescritura proponiendo los tratamientos \u00f3ptimos para establecer la funcionalidad correcta (Grupo Acciones).\u00a0<\/p>\n<p>El proyecto se centra en la etapa escolar (infantil y primaria), donde la optometr\u00eda puede actuar en ciertos niveles del proceso del aprendizaje del ni\u00f1o. Prev\u00e9 la etapa educativa en la que las demandas visuales son m\u00e1s complejas para alcanzar el proceso del aprendizaje. E incide en figuras activas en el desarrollo de los ni\u00f1os, como son las familias y profesionales de la ense\u00f1anza, la logopedia, la psicolog\u00eda, la pedagog\u00eda y la monitorizaci\u00f3n.\u00a0<\/p>\n<p>Uno de los objetivos de la ACOTV es trabajar un marco estrat\u00e9gico de actuaci\u00f3n de forma colectiva con la administraci\u00f3n, de forma transversal, para implementar los resultados y favorecer las oportunidades de todo el alumnado de los centros educativos del territorio.<\/p>\n<p>Si eres miembro de la ACOTV y quieres sumarte a esta nueva iniciativa que acabamos de empezar, puedes escribirnos en el email: <mark style=\"background-color: rgba(0, 0, 0, 0);\">socis@acotv.org<\/mark> y te pondremos en contacto con las personas responsables del proyecto.<code><\/code><\/p>\n\n\n<p class=\"wp-block-paragraph\"><\/p>\n","protected":false},"excerpt":{"rendered":"<p>La optometr\u00eda es un campo cada vez m\u00e1s conocido en el \u00e1mbito profesional de la educaci\u00f3n.<\/p>\n","protected":false},"author":2,"featured_media":2122,"comment_status":"open","ping_status":"open","sticky":false,"template":"","format":"standard","meta":{"ocean_front_end_style_editor":"no","ocean_post_layout":"","ocean_both_sidebars_style":"","ocean_both_sidebars_content_width":0,"ocean_both_sidebars_sidebars_width":0,"ocean_sidebar":"0","ocean_second_sidebar":"0","ocean_disable_margins":"enable","ocean_add_body_class":"","ocean_shortcode_before_top_bar":"","ocean_shortcode_after_top_bar":"","ocean_shortcode_before_header":"","ocean_shortcode_after_header":"","ocean_has_shortcode":"","ocean_shortcode_after_title":"","ocean_shortcode_before_footer_widgets":"","ocean_shortcode_after_footer_widgets":"","ocean_shortcode_before_footer_bottom":"","ocean_shortcode_after_footer_bottom":"","ocean_display_top_bar":"default","ocean_display_header":"default","ocean_header_style":"","ocean_center_header_left_menu":"0","ocean_custom_header_template":"0","ocean_custom_logo":0,"ocean_custom_retina_logo":0,"ocean_custom_logo_max_width":0,"ocean_custom_logo_tablet_max_width":0,"ocean_custom_logo_mobile_max_width":0,"ocean_custom_logo_max_height":0,"ocean_custom_logo_tablet_max_height":0,"ocean_custom_logo_mobile_max_height":0,"ocean_header_custom_menu":"0","ocean_menu_typo_font_family":"0","ocean_menu_typo_font_subset":"","ocean_menu_typo_font_size":0,"ocean_menu_typo_font_size_tablet":0,"ocean_menu_typo_font_size_mobile":0,"ocean_menu_typo_font_size_unit":"px","ocean_menu_typo_font_weight":"","ocean_menu_typo_font_weight_tablet":"","ocean_menu_typo_font_weight_mobile":"","ocean_menu_typo_transform":"","ocean_menu_typo_transform_tablet":"","ocean_menu_typo_transform_mobile":"","ocean_menu_typo_line_height":0,"ocean_menu_typo_line_height_tablet":0,"ocean_menu_typo_line_height_mobile":0,"ocean_menu_typo_line_height_unit":"","ocean_menu_typo_spacing":0,"ocean_menu_typo_spacing_tablet":0,"ocean_menu_typo_spacing_mobile":0,"ocean_menu_typo_spacing_unit":"","ocean_menu_link_color":"","ocean_menu_link_color_hover":"","ocean_menu_link_color_active":"","ocean_menu_link_background":"","ocean_menu_link_hover_background":"","ocean_menu_link_active_background":"","ocean_menu_social_links_bg":"","ocean_menu_social_hover_links_bg":"","ocean_menu_social_links_color":"","ocean_menu_social_hover_links_color":"","ocean_disable_title":"default","ocean_disable_heading":"default","ocean_post_title":"","ocean_post_subheading":"","ocean_post_title_style":"","ocean_post_title_background_color":"","ocean_post_title_background":0,"ocean_post_title_bg_image_position":"","ocean_post_title_bg_image_attachment":"","ocean_post_title_bg_image_repeat":"","ocean_post_title_bg_image_size":"","ocean_post_title_height":0,"ocean_post_title_bg_overlay":0.5,"ocean_post_title_bg_overlay_color":"","ocean_disable_breadcrumbs":"default","ocean_breadcrumbs_color":"","ocean_breadcrumbs_separator_color":"","ocean_breadcrumbs_links_color":"","ocean_breadcrumbs_links_hover_color":"","ocean_display_footer_widgets":"default","ocean_display_footer_bottom":"default","ocean_custom_footer_template":"0","ocean_post_oembed":"","ocean_post_self_hosted_media":"","ocean_post_video_embed":"","ocean_link_format":"","ocean_link_format_target":"self","ocean_quote_format":"","ocean_quote_format_link":"post","ocean_gallery_link_images":"off","ocean_gallery_id":[],"footnotes":""},"categories":[8],"tags":[54,55,57,73,56],"class_list":["post-2121","post","type-post","status-publish","format-standard","has-post-thumbnail","hentry","category-noticias","tag-escuelas","tag-prevencion","tag-problemasdeaprendizaje","tag-saludvisual-2","tag-trabajoengrupo","entry","has-media"],"yoast_head":"<!-- This site is optimized with the Yoast SEO plugin v28.4 - https:\/\/yoast.com\/product\/yoast-seo-wordpress\/ -->\n<title>Acci\u00f3n en las escuelas: El nuevo proyecto de la ACOTV - Asociaci\u00f3n Catalana de Optometr\u00eda y Terapia Visual<\/title>\n<meta name=\"robots\" content=\"index, follow, max-snippet:-1, max-image-preview:large, max-video-preview:-1\" \/>\n<link rel=\"canonical\" href=\"https:\/\/www.acotv.org\/es\/nuevo-proyecto-accion-en-las-escuelas-2\/\" \/>\n<meta property=\"og:locale\" content=\"es_ES\" \/>\n<meta property=\"og:type\" content=\"article\" \/>\n<meta property=\"og:title\" content=\"Acci\u00f3n en las escuelas: El nuevo proyecto de la ACOTV - Asociaci\u00f3n Catalana de Optometr\u00eda y Terapia Visual\" \/>\n<meta property=\"og:description\" content=\"La optometr\u00eda es un campo cada vez m\u00e1s conocido en el \u00e1mbito profesional de la educaci\u00f3n.\" \/>\n<meta property=\"og:url\" content=\"https:\/\/www.acotv.org\/es\/nuevo-proyecto-accion-en-las-escuelas-2\/\" \/>\n<meta property=\"og:site_name\" content=\"Asociaci\u00f3n Catalana de Optometr\u00eda y Terapia Visual\" \/>\n<meta property=\"article:published_time\" content=\"2022-03-28T19:31:00+00:00\" \/>\n<meta property=\"article:modified_time\" content=\"2022-04-05T10:35:48+00:00\" \/>\n<meta property=\"og:image\" content=\"https:\/\/www.acotv.org\/wp-content\/uploads\/Fotolia_68213795_XS.jpg\" \/>\n\t<meta property=\"og:image:width\" content=\"424\" \/>\n\t<meta property=\"og:image:height\" content=\"283\" \/>\n\t<meta property=\"og:image:type\" content=\"image\/jpeg\" \/>\n<meta name=\"author\" content=\"ACOTV\" \/>\n<meta name=\"twitter:card\" content=\"summary_large_image\" \/>\n<meta name=\"twitter:label1\" content=\"Escrito por\" \/>\n\t<meta name=\"twitter:data1\" content=\"ACOTV\" \/>\n\t<meta name=\"twitter:label2\" content=\"Tiempo de lectura\" \/>\n\t<meta name=\"twitter:data2\" content=\"2 minutos\" \/>\n<script type=\"application\/ld+json\" class=\"yoast-schema-graph\">{\"@context\":\"https:\\\/\\\/schema.org\",\"@graph\":[{\"@type\":\"Article\",\"@id\":\"https:\\\/\\\/www.acotv.org\\\/es\\\/nuevo-proyecto-accion-en-las-escuelas-2\\\/#article\",\"isPartOf\":{\"@id\":\"https:\\\/\\\/www.acotv.org\\\/es\\\/nuevo-proyecto-accion-en-las-escuelas-2\\\/\"},\"author\":{\"name\":\"ACOTV\",\"@id\":\"https:\\\/\\\/www.acotv.org\\\/ca\\\/#\\\/schema\\\/person\\\/0de470fec1dbf9785a7343042d765744\"},\"headline\":\"Acci\u00f3n en las escuelas: El nuevo proyecto de la ACOTV\",\"datePublished\":\"2022-03-28T19:31:00+00:00\",\"dateModified\":\"2022-04-05T10:35:48+00:00\",\"mainEntityOfPage\":{\"@id\":\"https:\\\/\\\/www.acotv.org\\\/es\\\/nuevo-proyecto-accion-en-las-escuelas-2\\\/\"},\"wordCount\":456,\"commentCount\":0,\"image\":{\"@id\":\"https:\\\/\\\/www.acotv.org\\\/es\\\/nuevo-proyecto-accion-en-las-escuelas-2\\\/#primaryimage\"},\"thumbnailUrl\":\"https:\\\/\\\/www.acotv.org\\\/wp-content\\\/uploads\\\/Fotolia_68213795_XS.jpg\",\"keywords\":[\"escuelas\",\"prevenci\u00f3n\",\"problemasdeaprendizaje\",\"saludvisual\",\"trabajoengrupo\"],\"articleSection\":[\"Noticias\"],\"inLanguage\":\"es\",\"potentialAction\":[{\"@type\":\"CommentAction\",\"name\":\"Comment\",\"target\":[\"https:\\\/\\\/www.acotv.org\\\/es\\\/nuevo-proyecto-accion-en-las-escuelas-2\\\/#respond\"]}]},{\"@type\":\"WebPage\",\"@id\":\"https:\\\/\\\/www.acotv.org\\\/es\\\/nuevo-proyecto-accion-en-las-escuelas-2\\\/\",\"url\":\"https:\\\/\\\/www.acotv.org\\\/es\\\/nuevo-proyecto-accion-en-las-escuelas-2\\\/\",\"name\":\"Acci\u00f3n en las escuelas: El nuevo proyecto de la ACOTV - Asociaci\u00f3n Catalana de Optometr\u00eda y Terapia Visual\",\"isPartOf\":{\"@id\":\"https:\\\/\\\/www.acotv.org\\\/ca\\\/#website\"},\"primaryImageOfPage\":{\"@id\":\"https:\\\/\\\/www.acotv.org\\\/es\\\/nuevo-proyecto-accion-en-las-escuelas-2\\\/#primaryimage\"},\"image\":{\"@id\":\"https:\\\/\\\/www.acotv.org\\\/es\\\/nuevo-proyecto-accion-en-las-escuelas-2\\\/#primaryimage\"},\"thumbnailUrl\":\"https:\\\/\\\/www.acotv.org\\\/wp-content\\\/uploads\\\/Fotolia_68213795_XS.jpg\",\"datePublished\":\"2022-03-28T19:31:00+00:00\",\"dateModified\":\"2022-04-05T10:35:48+00:00\",\"author\":{\"@id\":\"https:\\\/\\\/www.acotv.org\\\/ca\\\/#\\\/schema\\\/person\\\/0de470fec1dbf9785a7343042d765744\"},\"breadcrumb\":{\"@id\":\"https:\\\/\\\/www.acotv.org\\\/es\\\/nuevo-proyecto-accion-en-las-escuelas-2\\\/#breadcrumb\"},\"inLanguage\":\"es\",\"potentialAction\":[{\"@type\":\"ReadAction\",\"target\":[\"https:\\\/\\\/www.acotv.org\\\/es\\\/nuevo-proyecto-accion-en-las-escuelas-2\\\/\"]}]},{\"@type\":\"ImageObject\",\"inLanguage\":\"es\",\"@id\":\"https:\\\/\\\/www.acotv.org\\\/es\\\/nuevo-proyecto-accion-en-las-escuelas-2\\\/#primaryimage\",\"url\":\"https:\\\/\\\/www.acotv.org\\\/wp-content\\\/uploads\\\/Fotolia_68213795_XS.jpg\",\"contentUrl\":\"https:\\\/\\\/www.acotv.org\\\/wp-content\\\/uploads\\\/Fotolia_68213795_XS.jpg\",\"width\":424,\"height\":283,\"caption\":\"sch\u00fcler in der grundschule zeigen auf\"},{\"@type\":\"BreadcrumbList\",\"@id\":\"https:\\\/\\\/www.acotv.org\\\/es\\\/nuevo-proyecto-accion-en-las-escuelas-2\\\/#breadcrumb\",\"itemListElement\":[{\"@type\":\"ListItem\",\"position\":1,\"name\":\"Portada\",\"item\":\"https:\\\/\\\/www.acotv.org\\\/es\\\/\"},{\"@type\":\"ListItem\",\"position\":2,\"name\":\"Acci\u00f3n en las escuelas: El nuevo proyecto de la ACOTV\"}]},{\"@type\":\"WebSite\",\"@id\":\"https:\\\/\\\/www.acotv.org\\\/ca\\\/#website\",\"url\":\"https:\\\/\\\/www.acotv.org\\\/ca\\\/\",\"name\":\"Asociaci\u00f3n Catalana de Optometr\u00eda y Terapia Visual\",\"description\":\"\",\"potentialAction\":[{\"@type\":\"SearchAction\",\"target\":{\"@type\":\"EntryPoint\",\"urlTemplate\":\"https:\\\/\\\/www.acotv.org\\\/ca\\\/?s={search_term_string}\"},\"query-input\":{\"@type\":\"PropertyValueSpecification\",\"valueRequired\":true,\"valueName\":\"search_term_string\"}}],\"inLanguage\":\"es\"},{\"@type\":\"Person\",\"@id\":\"https:\\\/\\\/www.acotv.org\\\/ca\\\/#\\\/schema\\\/person\\\/0de470fec1dbf9785a7343042d765744\",\"name\":\"ACOTV\",\"image\":{\"@type\":\"ImageObject\",\"inLanguage\":\"es\",\"@id\":\"https:\\\/\\\/www.acotv.org\\\/wp-content\\\/uploads\\\/Logo-petit-150x150.jpg\",\"url\":\"https:\\\/\\\/www.acotv.org\\\/wp-content\\\/uploads\\\/Logo-petit-150x150.jpg\",\"contentUrl\":\"https:\\\/\\\/www.acotv.org\\\/wp-content\\\/uploads\\\/Logo-petit-150x150.jpg\",\"caption\":\"ACOTV\"},\"url\":\"https:\\\/\\\/www.acotv.org\\\/es\\\/author\\\/acotv\\\/\"}]}<\/script>\n<!-- \/ Yoast SEO plugin. -->","yoast_head_json":{"title":"Acci\u00f3n en las escuelas: El nuevo proyecto de la ACOTV - Asociaci\u00f3n Catalana de Optometr\u00eda y Terapia Visual","robots":{"index":"index","follow":"follow","max-snippet":"max-snippet:-1","max-image-preview":"max-image-preview:large","max-video-preview":"max-video-preview:-1"},"canonical":"https:\/\/www.acotv.org\/es\/nuevo-proyecto-accion-en-las-escuelas-2\/","og_locale":"es_ES","og_type":"article","og_title":"Acci\u00f3n en las escuelas: El nuevo proyecto de la ACOTV - Asociaci\u00f3n Catalana de Optometr\u00eda y Terapia Visual","og_description":"La optometr\u00eda es un campo cada vez m\u00e1s conocido en el \u00e1mbito profesional de la educaci\u00f3n.","og_url":"https:\/\/www.acotv.org\/es\/nuevo-proyecto-accion-en-las-escuelas-2\/","og_site_name":"Asociaci\u00f3n Catalana de Optometr\u00eda y Terapia Visual","article_published_time":"2022-03-28T19:31:00+00:00","article_modified_time":"2022-04-05T10:35:48+00:00","og_image":[{"width":424,"height":283,"url":"https:\/\/www.acotv.org\/wp-content\/uploads\/Fotolia_68213795_XS.jpg","type":"image\/jpeg"}],"author":"ACOTV","twitter_card":"summary_large_image","twitter_misc":{"Escrito por":"ACOTV","Tiempo de lectura":"2 minutos"},"schema":{"@context":"https:\/\/schema.org","@graph":[{"@type":"Article","@id":"https:\/\/www.acotv.org\/es\/nuevo-proyecto-accion-en-las-escuelas-2\/#article","isPartOf":{"@id":"https:\/\/www.acotv.org\/es\/nuevo-proyecto-accion-en-las-escuelas-2\/"},"author":{"name":"ACOTV","@id":"https:\/\/www.acotv.org\/ca\/#\/schema\/person\/0de470fec1dbf9785a7343042d765744"},"headline":"Acci\u00f3n en las escuelas: El nuevo proyecto de la ACOTV","datePublished":"2022-03-28T19:31:00+00:00","dateModified":"2022-04-05T10:35:48+00:00","mainEntityOfPage":{"@id":"https:\/\/www.acotv.org\/es\/nuevo-proyecto-accion-en-las-escuelas-2\/"},"wordCount":456,"commentCount":0,"image":{"@id":"https:\/\/www.acotv.org\/es\/nuevo-proyecto-accion-en-las-escuelas-2\/#primaryimage"},"thumbnailUrl":"https:\/\/www.acotv.org\/wp-content\/uploads\/Fotolia_68213795_XS.jpg","keywords":["escuelas","prevenci\u00f3n","problemasdeaprendizaje","saludvisual","trabajoengrupo"],"articleSection":["Noticias"],"inLanguage":"es","potentialAction":[{"@type":"CommentAction","name":"Comment","target":["https:\/\/www.acotv.org\/es\/nuevo-proyecto-accion-en-las-escuelas-2\/#respond"]}]},{"@type":"WebPage","@id":"https:\/\/www.acotv.org\/es\/nuevo-proyecto-accion-en-las-escuelas-2\/","url":"https:\/\/www.acotv.org\/es\/nuevo-proyecto-accion-en-las-escuelas-2\/","name":"Acci\u00f3n en las escuelas: El nuevo proyecto de la ACOTV - Asociaci\u00f3n Catalana de Optometr\u00eda y Terapia Visual","isPartOf":{"@id":"https:\/\/www.acotv.org\/ca\/#website"},"primaryImageOfPage":{"@id":"https:\/\/www.acotv.org\/es\/nuevo-proyecto-accion-en-las-escuelas-2\/#primaryimage"},"image":{"@id":"https:\/\/www.acotv.org\/es\/nuevo-proyecto-accion-en-las-escuelas-2\/#primaryimage"},"thumbnailUrl":"https:\/\/www.acotv.org\/wp-content\/uploads\/Fotolia_68213795_XS.jpg","datePublished":"2022-03-28T19:31:00+00:00","dateModified":"2022-04-05T10:35:48+00:00","author":{"@id":"https:\/\/www.acotv.org\/ca\/#\/schema\/person\/0de470fec1dbf9785a7343042d765744"},"breadcrumb":{"@id":"https:\/\/www.acotv.org\/es\/nuevo-proyecto-accion-en-las-escuelas-2\/#breadcrumb"},"inLanguage":"es","potentialAction":[{"@type":"ReadAction","target":["https:\/\/www.acotv.org\/es\/nuevo-proyecto-accion-en-las-escuelas-2\/"]}]},{"@type":"ImageObject","inLanguage":"es","@id":"https:\/\/www.acotv.org\/es\/nuevo-proyecto-accion-en-las-escuelas-2\/#primaryimage","url":"https:\/\/www.acotv.org\/wp-content\/uploads\/Fotolia_68213795_XS.jpg","contentUrl":"https:\/\/www.acotv.org\/wp-content\/uploads\/Fotolia_68213795_XS.jpg","width":424,"height":283,"caption":"sch\u00fcler in der grundschule zeigen auf"},{"@type":"BreadcrumbList","@id":"https:\/\/www.acotv.org\/es\/nuevo-proyecto-accion-en-las-escuelas-2\/#breadcrumb","itemListElement":[{"@type":"ListItem","position":1,"name":"Portada","item":"https:\/\/www.acotv.org\/es\/"},{"@type":"ListItem","position":2,"name":"Acci\u00f3n en las escuelas: El nuevo proyecto de la ACOTV"}]},{"@type":"WebSite","@id":"https:\/\/www.acotv.org\/ca\/#website","url":"https:\/\/www.acotv.org\/ca\/","name":"Asociaci\u00f3n Catalana de Optometr\u00eda y Terapia Visual","description":"","potentialAction":[{"@type":"SearchAction","target":{"@type":"EntryPoint","urlTemplate":"https:\/\/www.acotv.org\/ca\/?s={search_term_string}"},"query-input":{"@type":"PropertyValueSpecification","valueRequired":true,"valueName":"search_term_string"}}],"inLanguage":"es"},{"@type":"Person","@id":"https:\/\/www.acotv.org\/ca\/#\/schema\/person\/0de470fec1dbf9785a7343042d765744","name":"ACOTV","image":{"@type":"ImageObject","inLanguage":"es","@id":"https:\/\/www.acotv.org\/wp-content\/uploads\/Logo-petit-150x150.jpg","url":"https:\/\/www.acotv.org\/wp-content\/uploads\/Logo-petit-150x150.jpg","contentUrl":"https:\/\/www.acotv.org\/wp-content\/uploads\/Logo-petit-150x150.jpg","caption":"ACOTV"},"url":"https:\/\/www.acotv.org\/es\/author\/acotv\/"}]}},"_links":{"self":[{"href":"https:\/\/www.acotv.org\/es\/wp-json\/wp\/v2\/posts\/2121","targetHints":{"allow":["GET"]}}],"collection":[{"href":"https:\/\/www.acotv.org\/es\/wp-json\/wp\/v2\/posts"}],"about":[{"href":"https:\/\/www.acotv.org\/es\/wp-json\/wp\/v2\/types\/post"}],"author":[{"embeddable":true,"href":"https:\/\/www.acotv.org\/es\/wp-json\/wp\/v2\/users\/2"}],"replies":[{"embeddable":true,"href":"https:\/\/www.acotv.org\/es\/wp-json\/wp\/v2\/comments?post=2121"}],"version-history":[{"count":1,"href":"https:\/\/www.acotv.org\/es\/wp-json\/wp\/v2\/posts\/2121\/revisions"}],"predecessor-version":[{"id":3520,"href":"https:\/\/www.acotv.org\/es\/wp-json\/wp\/v2\/posts\/2121\/revisions\/3520"}],"wp:featuredmedia":[{"embeddable":true,"href":"https:\/\/www.acotv.org\/es\/wp-json\/wp\/v2\/media\/2122"}],"wp:attachment":[{"href":"https:\/\/www.acotv.org\/es\/wp-json\/wp\/v2\/media?parent=2121"}],"wp:term":[{"taxonomy":"category","embeddable":true,"href":"https:\/\/www.acotv.org\/es\/wp-json\/wp\/v2\/categories?post=2121"},{"taxonomy":"post_tag","embeddable":true,"href":"https:\/\/www.acotv.org\/es\/wp-json\/wp\/v2\/tags?post=2121"}],"curies":[{"name":"wp","href":"https:\/\/api.w.org\/{rel}","templated":true}]}}