{"id":2109,"date":"2022-03-28T18:36:35","date_gmt":"2022-03-28T16:36:35","guid":{"rendered":"https:\/\/www.acotv.org\/?p=2109"},"modified":"2022-03-30T19:18:53","modified_gmt":"2022-03-30T17:18:53","slug":"nuevas-sesiones-del-revision-con-nuevos-formatos","status":"publish","type":"post","link":"https:\/\/www.acotv.org\/es\/nuevas-sesiones-del-revision-con-nuevos-formatos\/","title":{"rendered":"\u00a1Nuevas sesiones del ReVisiOn con nuevos formatos!"},"content":{"rendered":"\n<p class=\"wp-block-paragraph\">La nueva iniciativa <strong><mark style=\"background-color:rgba(0, 0, 0, 0)\" class=\"has-inline-color has-vivid-red-color\">Re<\/mark><mark style=\"background-color:rgba(0, 0, 0, 0)\" class=\"has-inline-color has-vivid-cyan-blue-color\">U<\/mark>ni<mark style=\"background-color:rgba(0, 0, 0, 0)\" class=\"has-inline-color has-black-color\">On<\/mark> <\/strong>impulsada por las compa\u00f1eras que crearon el a\u00f1o pasado el ciclo <strong><mark style=\"background-color:rgba(0, 0, 0, 0)\" class=\"has-inline-color has-vivid-red-color\">Re<\/mark><mark style=\"background-color:rgba(0, 0, 0, 0)\" class=\"has-inline-color has-vivid-cyan-blue-color\">Vi<\/mark>si<mark style=\"background-color:rgba(0, 0, 0, 0)\" class=\"has-inline-color has-black-color\">On<\/mark><\/strong> se estren\u00f3 el 25 de enero con una sesi\u00f3n online sobre oculomotricidad.<\/p>\n\n\n\n<p class=\"wp-block-paragraph\">A diferencia del <strong><mark style=\"background-color:rgba(0, 0, 0, 0)\" class=\"has-inline-color has-vivid-red-color\">Re<\/mark><mark style=\"background-color:rgba(0, 0, 0, 0)\" class=\"has-inline-color has-vivid-cyan-blue-color\">Vi<\/mark>si<mark style=\"background-color:rgba(0, 0, 0, 0)\" class=\"has-inline-color has-black-color\">On<\/mark><\/strong>, ciclo de seminarios online sobre temas optom\u00e9tricos que diferentes optometristas de la asociaci\u00f3n van compartiendo mensualmente, el <strong><mark style=\"background-color:rgba(0, 0, 0, 0)\" class=\"has-inline-color has-vivid-red-color\">Re<\/mark><mark style=\"background-color:rgba(0, 0, 0, 0)\" class=\"has-inline-color has-vivid-cyan-blue-color\">U<\/mark>ni<mark style=\"background-color:rgba(0, 0, 0, 0)\" class=\"has-inline-color has-black-color\">On<\/mark><\/strong> pretende ser un encuentro m\u00e1s interactivo donde se compartan contenidos relacionados con la Terapia Visual desde un punto de vista m\u00e1s pr\u00e1ctico . Se hace en grupo, no individualmente, y los diferentes ponentes comparten exposici\u00f3n sobre un tema desde diferentes perspectivas o \u00e1mbitos de trabajo, abriendo paso posteriormente a una segunda parte de debate m\u00e1s colectiva en la que los asistentes colaboran activamente. El concepto es el de una reuni\u00f3n de trabajo participativa, para compartir y comparar diversas pr\u00e1cticas y experiencias profesionales.<\/p>\n\n\n\n<p class=\"wp-block-paragraph\">Estas sesiones se ir\u00e1n intercalando dentro del ciclo mensual del<strong> <mark style=\"background-color:rgba(0, 0, 0, 0)\" class=\"has-inline-color has-vivid-red-color\">Re<\/mark><mark style=\"background-color:rgba(0, 0, 0, 0)\" class=\"has-inline-color has-vivid-cyan-blue-color\">Vi<\/mark>si<mark style=\"background-color:rgba(0, 0, 0, 0)\" class=\"has-inline-color has-black-color\">On<\/mark><\/strong> peri\u00f3dicamente y se prev\u00e9 volver a realizar un nuevo ReUniOn el pr\u00f3ximo mes de septiembre.<\/p>\n\n\n\n<p class=\"wp-block-paragraph\">Por otra parte, las sesiones de <strong><mark style=\"background-color:rgba(0, 0, 0, 0)\" class=\"has-inline-color has-vivid-red-color\">Re<\/mark><mark style=\"background-color:rgba(0, 0, 0, 0)\" class=\"has-inline-color has-vivid-cyan-blue-color\">Vi<\/mark>si<mark style=\"background-color:rgba(0, 0, 0, 0)\" class=\"has-inline-color has-black-color\">On<\/mark><\/strong> de este primer trimestre, (febrero, marzo) han sido por gentileza de los optometristas <strong>Vicente Berbegal y Paula Pintor.<\/strong><\/p>\n\n\n\n<p class=\"wp-block-paragraph\">Vicente es especialista en contactolog\u00eda pedi\u00e1trica y comparti\u00f3 durante este tiempo dedicado a los nuevos conocimientos, su experiencia en contactolog\u00eda pedi\u00e1trica a trav\u00e9s del tema en relaci\u00f3n con <strong>las lentes de contacto y los ni\u00f1os,<\/strong> tema del que los participantes extrajeron buenas ideas para aplicar en sus consultas.<\/p>\n\n\n\n<p class=\"wp-block-paragraph\">El seminario del mes de marzo impartido por la optometrista Paula Pintor especialista en Terapia Visual abord\u00f3 el tema de<strong> la primera visita desde un enfoque multidisciplinar<\/strong>, un tema que tuvo una muy buena acogida por el colectivo como soporte para estructurar los primeros pasos del profesional que desarrollan su labor en un \u00e1mbito interdisciplinario.<\/p>\n\n\n\n<p class=\"wp-block-paragraph\">Las pr\u00f3ximas sesiones programadas por los optometristas de ACOTV son:<\/p>\n\n\n\n<p class=\"wp-block-paragraph\">\u2022<strong> <\/strong>El martes 26 de abril<strong>, Marta Codina <\/strong>nos hablar\u00e1 de los <strong>Estrabismos. \u00bfC\u00f3mo ven? Ejercicios por el entrenamiento visual<\/strong><\/p>\n\n\n\n<p class=\"wp-block-paragraph\">\u2022 El martes 24 de mayo, <strong>Raquel Ruiz<\/strong> explicar\u00e1 <strong>Juegos para trabajar la ambliop\u00eda<\/strong><\/p>\n\n\n\n<p class=\"wp-block-paragraph\">\u2022 El martes 28 de junio, <strong>\u00c1lvaro Garcia de la Cruz<\/strong> nos compartir\u00e1 el seminario sobre <strong>Detecci\u00f3n de da\u00f1o cerebral en la consulta optom\u00e9trica. Casos cl\u00ednicos.<\/strong><\/p>\n\n\n\n<p class=\"wp-block-paragraph\"><strong>\u00a1Toma nota de las fechas y res\u00e9rvalas en tu agenda!<\/strong><\/p>\n","protected":false},"excerpt":{"rendered":"<p>La nueva iniciativa ReUniOn impulsada por las compa\u00f1eras que crearon el a\u00f1o pasado el ciclo ReVisiOn se estren\u00f3 el 25 de enero con una sesi\u00f3n online sobre oculomotricidad.<\/p>\n","protected":false},"author":2,"featured_media":2111,"comment_status":"open","ping_status":"open","sticky":false,"template":"","format":"standard","meta":{"ocean_front_end_style_editor":"no","ocean_post_layout":"","ocean_both_sidebars_style":"","ocean_both_sidebars_content_width":0,"ocean_both_sidebars_sidebars_width":0,"ocean_sidebar":"0","ocean_second_sidebar":"0","ocean_disable_margins":"enable","ocean_add_body_class":"","ocean_shortcode_before_top_bar":"","ocean_shortcode_after_top_bar":"","ocean_shortcode_before_header":"","ocean_shortcode_after_header":"","ocean_has_shortcode":"","ocean_shortcode_after_title":"","ocean_shortcode_before_footer_widgets":"","ocean_shortcode_after_footer_widgets":"","ocean_shortcode_before_footer_bottom":"","ocean_shortcode_after_footer_bottom":"","ocean_display_top_bar":"default","ocean_display_header":"default","ocean_header_style":"","ocean_center_header_left_menu":"0","ocean_custom_header_template":"0","ocean_custom_logo":0,"ocean_custom_retina_logo":0,"ocean_custom_logo_max_width":0,"ocean_custom_logo_tablet_max_width":0,"ocean_custom_logo_mobile_max_width":0,"ocean_custom_logo_max_height":0,"ocean_custom_logo_tablet_max_height":0,"ocean_custom_logo_mobile_max_height":0,"ocean_header_custom_menu":"0","ocean_menu_typo_font_family":"0","ocean_menu_typo_font_subset":"","ocean_menu_typo_font_size":0,"ocean_menu_typo_font_size_tablet":0,"ocean_menu_typo_font_size_mobile":0,"ocean_menu_typo_font_size_unit":"px","ocean_menu_typo_font_weight":"","ocean_menu_typo_font_weight_tablet":"","ocean_menu_typo_font_weight_mobile":"","ocean_menu_typo_transform":"","ocean_menu_typo_transform_tablet":"","ocean_menu_typo_transform_mobile":"","ocean_menu_typo_line_height":0,"ocean_menu_typo_line_height_tablet":0,"ocean_menu_typo_line_height_mobile":0,"ocean_menu_typo_line_height_unit":"","ocean_menu_typo_spacing":0,"ocean_menu_typo_spacing_tablet":0,"ocean_menu_typo_spacing_mobile":0,"ocean_menu_typo_spacing_unit":"","ocean_menu_link_color":"","ocean_menu_link_color_hover":"","ocean_menu_link_color_active":"","ocean_menu_link_background":"","ocean_menu_link_hover_background":"","ocean_menu_link_active_background":"","ocean_menu_social_links_bg":"","ocean_menu_social_hover_links_bg":"","ocean_menu_social_links_color":"","ocean_menu_social_hover_links_color":"","ocean_disable_title":"default","ocean_disable_heading":"default","ocean_post_title":"","ocean_post_subheading":"","ocean_post_title_style":"","ocean_post_title_background_color":"","ocean_post_title_background":0,"ocean_post_title_bg_image_position":"","ocean_post_title_bg_image_attachment":"","ocean_post_title_bg_image_repeat":"","ocean_post_title_bg_image_size":"","ocean_post_title_height":0,"ocean_post_title_bg_overlay":0.5,"ocean_post_title_bg_overlay_color":"","ocean_disable_breadcrumbs":"default","ocean_breadcrumbs_color":"","ocean_breadcrumbs_separator_color":"","ocean_breadcrumbs_links_color":"","ocean_breadcrumbs_links_hover_color":"","ocean_display_footer_widgets":"default","ocean_display_footer_bottom":"default","ocean_custom_footer_template":"0","ocean_post_oembed":"","ocean_post_self_hosted_media":"","ocean_post_video_embed":"","ocean_link_format":"","ocean_link_format_target":"self","ocean_quote_format":"","ocean_quote_format_link":"post","ocean_gallery_link_images":"off","ocean_gallery_id":[],"footnotes":""},"categories":[8],"tags":[52,51],"class_list":["post-2109","post","type-post","status-publish","format-standard","has-post-thumbnail","hentry","category-noticias","tag-revision","tag-seminarios","entry","has-media"],"yoast_head":"<!-- This site is optimized with the Yoast SEO plugin v28.4 - https:\/\/yoast.com\/product\/yoast-seo-wordpress\/ -->\n<title>\u00a1Nuevas sesiones del ReVisiOn con nuevos formatos! - Asociaci\u00f3n Catalana de Optometr\u00eda y Terapia Visual<\/title>\n<meta name=\"robots\" content=\"index, follow, max-snippet:-1, max-image-preview:large, max-video-preview:-1\" \/>\n<link rel=\"canonical\" href=\"https:\/\/www.acotv.org\/es\/nuevas-sesiones-del-revision-con-nuevos-formatos\/\" \/>\n<meta property=\"og:locale\" content=\"es_ES\" \/>\n<meta property=\"og:type\" content=\"article\" \/>\n<meta property=\"og:title\" content=\"\u00a1Nuevas sesiones del ReVisiOn con nuevos formatos! - Asociaci\u00f3n Catalana de Optometr\u00eda y Terapia Visual\" \/>\n<meta property=\"og:description\" content=\"La nueva iniciativa ReUniOn impulsada por las compa\u00f1eras que crearon el a\u00f1o pasado el ciclo ReVisiOn se estren\u00f3 el 25 de enero con una sesi\u00f3n online sobre oculomotricidad.\" \/>\n<meta property=\"og:url\" content=\"https:\/\/www.acotv.org\/es\/nuevas-sesiones-del-revision-con-nuevos-formatos\/\" \/>\n<meta property=\"og:site_name\" content=\"Asociaci\u00f3n Catalana de Optometr\u00eda y Terapia Visual\" \/>\n<meta property=\"article:published_time\" content=\"2022-03-28T16:36:35+00:00\" \/>\n<meta property=\"article:modified_time\" content=\"2022-03-30T17:18:53+00:00\" \/>\n<meta property=\"og:image\" content=\"https:\/\/www.acotv.org\/wp-content\/uploads\/Post-1ReVisiOn_webCast-1.png\" \/>\n\t<meta property=\"og:image:width\" content=\"1080\" \/>\n\t<meta property=\"og:image:height\" content=\"1080\" \/>\n\t<meta property=\"og:image:type\" content=\"image\/png\" \/>\n<meta name=\"author\" content=\"ACOTV\" \/>\n<meta name=\"twitter:card\" content=\"summary_large_image\" \/>\n<meta name=\"twitter:label1\" content=\"Escrito por\" \/>\n\t<meta name=\"twitter:data1\" content=\"ACOTV\" \/>\n\t<meta name=\"twitter:label2\" content=\"Tiempo de lectura\" \/>\n\t<meta name=\"twitter:data2\" content=\"2 minutos\" \/>\n<script type=\"application\/ld+json\" class=\"yoast-schema-graph\">{\"@context\":\"https:\\\/\\\/schema.org\",\"@graph\":[{\"@type\":\"Article\",\"@id\":\"https:\\\/\\\/www.acotv.org\\\/es\\\/nuevas-sesiones-del-revision-con-nuevos-formatos\\\/#article\",\"isPartOf\":{\"@id\":\"https:\\\/\\\/www.acotv.org\\\/es\\\/nuevas-sesiones-del-revision-con-nuevos-formatos\\\/\"},\"author\":{\"name\":\"ACOTV\",\"@id\":\"https:\\\/\\\/www.acotv.org\\\/ca\\\/#\\\/schema\\\/person\\\/0de470fec1dbf9785a7343042d765744\"},\"headline\":\"\u00a1Nuevas sesiones del ReVisiOn con nuevos formatos!\",\"datePublished\":\"2022-03-28T16:36:35+00:00\",\"dateModified\":\"2022-03-30T17:18:53+00:00\",\"mainEntityOfPage\":{\"@id\":\"https:\\\/\\\/www.acotv.org\\\/es\\\/nuevas-sesiones-del-revision-con-nuevos-formatos\\\/\"},\"wordCount\":401,\"commentCount\":0,\"image\":{\"@id\":\"https:\\\/\\\/www.acotv.org\\\/es\\\/nuevas-sesiones-del-revision-con-nuevos-formatos\\\/#primaryimage\"},\"thumbnailUrl\":\"https:\\\/\\\/www.acotv.org\\\/wp-content\\\/uploads\\\/Post-1ReVisiOn_webCast-1.png\",\"keywords\":[\"#ReVisiOn\",\"#Seminarios\"],\"articleSection\":[\"Noticias\"],\"inLanguage\":\"es\",\"potentialAction\":[{\"@type\":\"CommentAction\",\"name\":\"Comment\",\"target\":[\"https:\\\/\\\/www.acotv.org\\\/es\\\/nuevas-sesiones-del-revision-con-nuevos-formatos\\\/#respond\"]}]},{\"@type\":\"WebPage\",\"@id\":\"https:\\\/\\\/www.acotv.org\\\/es\\\/nuevas-sesiones-del-revision-con-nuevos-formatos\\\/\",\"url\":\"https:\\\/\\\/www.acotv.org\\\/es\\\/nuevas-sesiones-del-revision-con-nuevos-formatos\\\/\",\"name\":\"\u00a1Nuevas sesiones del ReVisiOn con nuevos formatos! - Asociaci\u00f3n Catalana de Optometr\u00eda y Terapia Visual\",\"isPartOf\":{\"@id\":\"https:\\\/\\\/www.acotv.org\\\/ca\\\/#website\"},\"primaryImageOfPage\":{\"@id\":\"https:\\\/\\\/www.acotv.org\\\/es\\\/nuevas-sesiones-del-revision-con-nuevos-formatos\\\/#primaryimage\"},\"image\":{\"@id\":\"https:\\\/\\\/www.acotv.org\\\/es\\\/nuevas-sesiones-del-revision-con-nuevos-formatos\\\/#primaryimage\"},\"thumbnailUrl\":\"https:\\\/\\\/www.acotv.org\\\/wp-content\\\/uploads\\\/Post-1ReVisiOn_webCast-1.png\",\"datePublished\":\"2022-03-28T16:36:35+00:00\",\"dateModified\":\"2022-03-30T17:18:53+00:00\",\"author\":{\"@id\":\"https:\\\/\\\/www.acotv.org\\\/ca\\\/#\\\/schema\\\/person\\\/0de470fec1dbf9785a7343042d765744\"},\"breadcrumb\":{\"@id\":\"https:\\\/\\\/www.acotv.org\\\/es\\\/nuevas-sesiones-del-revision-con-nuevos-formatos\\\/#breadcrumb\"},\"inLanguage\":\"es\",\"potentialAction\":[{\"@type\":\"ReadAction\",\"target\":[\"https:\\\/\\\/www.acotv.org\\\/es\\\/nuevas-sesiones-del-revision-con-nuevos-formatos\\\/\"]}]},{\"@type\":\"ImageObject\",\"inLanguage\":\"es\",\"@id\":\"https:\\\/\\\/www.acotv.org\\\/es\\\/nuevas-sesiones-del-revision-con-nuevos-formatos\\\/#primaryimage\",\"url\":\"https:\\\/\\\/www.acotv.org\\\/wp-content\\\/uploads\\\/Post-1ReVisiOn_webCast-1.png\",\"contentUrl\":\"https:\\\/\\\/www.acotv.org\\\/wp-content\\\/uploads\\\/Post-1ReVisiOn_webCast-1.png\",\"width\":1080,\"height\":1080},{\"@type\":\"BreadcrumbList\",\"@id\":\"https:\\\/\\\/www.acotv.org\\\/es\\\/nuevas-sesiones-del-revision-con-nuevos-formatos\\\/#breadcrumb\",\"itemListElement\":[{\"@type\":\"ListItem\",\"position\":1,\"name\":\"Portada\",\"item\":\"https:\\\/\\\/www.acotv.org\\\/es\\\/\"},{\"@type\":\"ListItem\",\"position\":2,\"name\":\"\u00a1Nuevas sesiones del ReVisiOn con nuevos formatos!\"}]},{\"@type\":\"WebSite\",\"@id\":\"https:\\\/\\\/www.acotv.org\\\/ca\\\/#website\",\"url\":\"https:\\\/\\\/www.acotv.org\\\/ca\\\/\",\"name\":\"Asociaci\u00f3n Catalana de Optometr\u00eda y Terapia Visual\",\"description\":\"\",\"potentialAction\":[{\"@type\":\"SearchAction\",\"target\":{\"@type\":\"EntryPoint\",\"urlTemplate\":\"https:\\\/\\\/www.acotv.org\\\/ca\\\/?s={search_term_string}\"},\"query-input\":{\"@type\":\"PropertyValueSpecification\",\"valueRequired\":true,\"valueName\":\"search_term_string\"}}],\"inLanguage\":\"es\"},{\"@type\":\"Person\",\"@id\":\"https:\\\/\\\/www.acotv.org\\\/ca\\\/#\\\/schema\\\/person\\\/0de470fec1dbf9785a7343042d765744\",\"name\":\"ACOTV\",\"image\":{\"@type\":\"ImageObject\",\"inLanguage\":\"es\",\"@id\":\"https:\\\/\\\/www.acotv.org\\\/wp-content\\\/uploads\\\/Logo-petit-150x150.jpg\",\"url\":\"https:\\\/\\\/www.acotv.org\\\/wp-content\\\/uploads\\\/Logo-petit-150x150.jpg\",\"contentUrl\":\"https:\\\/\\\/www.acotv.org\\\/wp-content\\\/uploads\\\/Logo-petit-150x150.jpg\",\"caption\":\"ACOTV\"},\"url\":\"https:\\\/\\\/www.acotv.org\\\/es\\\/author\\\/acotv\\\/\"}]}<\/script>\n<!-- \/ Yoast SEO plugin. -->","yoast_head_json":{"title":"\u00a1Nuevas sesiones del ReVisiOn con nuevos formatos! - Asociaci\u00f3n Catalana de Optometr\u00eda y Terapia Visual","robots":{"index":"index","follow":"follow","max-snippet":"max-snippet:-1","max-image-preview":"max-image-preview:large","max-video-preview":"max-video-preview:-1"},"canonical":"https:\/\/www.acotv.org\/es\/nuevas-sesiones-del-revision-con-nuevos-formatos\/","og_locale":"es_ES","og_type":"article","og_title":"\u00a1Nuevas sesiones del ReVisiOn con nuevos formatos! - Asociaci\u00f3n Catalana de Optometr\u00eda y Terapia Visual","og_description":"La nueva iniciativa ReUniOn impulsada por las compa\u00f1eras que crearon el a\u00f1o pasado el ciclo ReVisiOn se estren\u00f3 el 25 de enero con una sesi\u00f3n online sobre oculomotricidad.","og_url":"https:\/\/www.acotv.org\/es\/nuevas-sesiones-del-revision-con-nuevos-formatos\/","og_site_name":"Asociaci\u00f3n Catalana de Optometr\u00eda y Terapia Visual","article_published_time":"2022-03-28T16:36:35+00:00","article_modified_time":"2022-03-30T17:18:53+00:00","og_image":[{"width":1080,"height":1080,"url":"https:\/\/www.acotv.org\/wp-content\/uploads\/Post-1ReVisiOn_webCast-1.png","type":"image\/png"}],"author":"ACOTV","twitter_card":"summary_large_image","twitter_misc":{"Escrito por":"ACOTV","Tiempo de lectura":"2 minutos"},"schema":{"@context":"https:\/\/schema.org","@graph":[{"@type":"Article","@id":"https:\/\/www.acotv.org\/es\/nuevas-sesiones-del-revision-con-nuevos-formatos\/#article","isPartOf":{"@id":"https:\/\/www.acotv.org\/es\/nuevas-sesiones-del-revision-con-nuevos-formatos\/"},"author":{"name":"ACOTV","@id":"https:\/\/www.acotv.org\/ca\/#\/schema\/person\/0de470fec1dbf9785a7343042d765744"},"headline":"\u00a1Nuevas sesiones del ReVisiOn con nuevos formatos!","datePublished":"2022-03-28T16:36:35+00:00","dateModified":"2022-03-30T17:18:53+00:00","mainEntityOfPage":{"@id":"https:\/\/www.acotv.org\/es\/nuevas-sesiones-del-revision-con-nuevos-formatos\/"},"wordCount":401,"commentCount":0,"image":{"@id":"https:\/\/www.acotv.org\/es\/nuevas-sesiones-del-revision-con-nuevos-formatos\/#primaryimage"},"thumbnailUrl":"https:\/\/www.acotv.org\/wp-content\/uploads\/Post-1ReVisiOn_webCast-1.png","keywords":["#ReVisiOn","#Seminarios"],"articleSection":["Noticias"],"inLanguage":"es","potentialAction":[{"@type":"CommentAction","name":"Comment","target":["https:\/\/www.acotv.org\/es\/nuevas-sesiones-del-revision-con-nuevos-formatos\/#respond"]}]},{"@type":"WebPage","@id":"https:\/\/www.acotv.org\/es\/nuevas-sesiones-del-revision-con-nuevos-formatos\/","url":"https:\/\/www.acotv.org\/es\/nuevas-sesiones-del-revision-con-nuevos-formatos\/","name":"\u00a1Nuevas sesiones del ReVisiOn con nuevos formatos! - Asociaci\u00f3n Catalana de Optometr\u00eda y Terapia Visual","isPartOf":{"@id":"https:\/\/www.acotv.org\/ca\/#website"},"primaryImageOfPage":{"@id":"https:\/\/www.acotv.org\/es\/nuevas-sesiones-del-revision-con-nuevos-formatos\/#primaryimage"},"image":{"@id":"https:\/\/www.acotv.org\/es\/nuevas-sesiones-del-revision-con-nuevos-formatos\/#primaryimage"},"thumbnailUrl":"https:\/\/www.acotv.org\/wp-content\/uploads\/Post-1ReVisiOn_webCast-1.png","datePublished":"2022-03-28T16:36:35+00:00","dateModified":"2022-03-30T17:18:53+00:00","author":{"@id":"https:\/\/www.acotv.org\/ca\/#\/schema\/person\/0de470fec1dbf9785a7343042d765744"},"breadcrumb":{"@id":"https:\/\/www.acotv.org\/es\/nuevas-sesiones-del-revision-con-nuevos-formatos\/#breadcrumb"},"inLanguage":"es","potentialAction":[{"@type":"ReadAction","target":["https:\/\/www.acotv.org\/es\/nuevas-sesiones-del-revision-con-nuevos-formatos\/"]}]},{"@type":"ImageObject","inLanguage":"es","@id":"https:\/\/www.acotv.org\/es\/nuevas-sesiones-del-revision-con-nuevos-formatos\/#primaryimage","url":"https:\/\/www.acotv.org\/wp-content\/uploads\/Post-1ReVisiOn_webCast-1.png","contentUrl":"https:\/\/www.acotv.org\/wp-content\/uploads\/Post-1ReVisiOn_webCast-1.png","width":1080,"height":1080},{"@type":"BreadcrumbList","@id":"https:\/\/www.acotv.org\/es\/nuevas-sesiones-del-revision-con-nuevos-formatos\/#breadcrumb","itemListElement":[{"@type":"ListItem","position":1,"name":"Portada","item":"https:\/\/www.acotv.org\/es\/"},{"@type":"ListItem","position":2,"name":"\u00a1Nuevas sesiones del ReVisiOn con nuevos formatos!"}]},{"@type":"WebSite","@id":"https:\/\/www.acotv.org\/ca\/#website","url":"https:\/\/www.acotv.org\/ca\/","name":"Asociaci\u00f3n Catalana de Optometr\u00eda y Terapia Visual","description":"","potentialAction":[{"@type":"SearchAction","target":{"@type":"EntryPoint","urlTemplate":"https:\/\/www.acotv.org\/ca\/?s={search_term_string}"},"query-input":{"@type":"PropertyValueSpecification","valueRequired":true,"valueName":"search_term_string"}}],"inLanguage":"es"},{"@type":"Person","@id":"https:\/\/www.acotv.org\/ca\/#\/schema\/person\/0de470fec1dbf9785a7343042d765744","name":"ACOTV","image":{"@type":"ImageObject","inLanguage":"es","@id":"https:\/\/www.acotv.org\/wp-content\/uploads\/Logo-petit-150x150.jpg","url":"https:\/\/www.acotv.org\/wp-content\/uploads\/Logo-petit-150x150.jpg","contentUrl":"https:\/\/www.acotv.org\/wp-content\/uploads\/Logo-petit-150x150.jpg","caption":"ACOTV"},"url":"https:\/\/www.acotv.org\/es\/author\/acotv\/"}]}},"_links":{"self":[{"href":"https:\/\/www.acotv.org\/es\/wp-json\/wp\/v2\/posts\/2109","targetHints":{"allow":["GET"]}}],"collection":[{"href":"https:\/\/www.acotv.org\/es\/wp-json\/wp\/v2\/posts"}],"about":[{"href":"https:\/\/www.acotv.org\/es\/wp-json\/wp\/v2\/types\/post"}],"author":[{"embeddable":true,"href":"https:\/\/www.acotv.org\/es\/wp-json\/wp\/v2\/users\/2"}],"replies":[{"embeddable":true,"href":"https:\/\/www.acotv.org\/es\/wp-json\/wp\/v2\/comments?post=2109"}],"version-history":[{"count":0,"href":"https:\/\/www.acotv.org\/es\/wp-json\/wp\/v2\/posts\/2109\/revisions"}],"wp:featuredmedia":[{"embeddable":true,"href":"https:\/\/www.acotv.org\/es\/wp-json\/wp\/v2\/media\/2111"}],"wp:attachment":[{"href":"https:\/\/www.acotv.org\/es\/wp-json\/wp\/v2\/media?parent=2109"}],"wp:term":[{"taxonomy":"category","embeddable":true,"href":"https:\/\/www.acotv.org\/es\/wp-json\/wp\/v2\/categories?post=2109"},{"taxonomy":"post_tag","embeddable":true,"href":"https:\/\/www.acotv.org\/es\/wp-json\/wp\/v2\/tags?post=2109"}],"curies":[{"name":"wp","href":"https:\/\/api.w.org\/{rel}","templated":true}]}}